{"id":6985,"date":"2023-01-30T22:22:38","date_gmt":"2023-01-30T22:22:38","guid":{"rendered":"https:\/\/www.latribunedufaso.net\/?p=6985"},"modified":"2023-01-31T17:32:02","modified_gmt":"2023-01-31T17:32:02","slug":"ministere-de-la-justice-lancement-des-travaux-de-construction-du-nouveau-siege-de-la-cour-dappel-de-ouagadougou","status":"publish","type":"post","link":"https:\/\/www.latribunedufaso.net\/?p=6985","title":{"rendered":"Minist\u00e8re de la Justice : Lancement des travaux de construction du nouveau si\u00e8ge de la Cour d\u2019appel de Ouagadougou\u00a0"},"content":{"rendered":"<p style=\"text-align: justify;\"><strong><span style=\"font-size: 1.0625rem;\">Ce 30 janvier 2023 \u00e0 Ouagadougou, la ministre de la Justice et des Droits humains, charg\u00e9e des Relations avec les institutions, Garde des sceaux, Bibata N\u00e9bi\u00e9\/Ou\u00e9draogo a proc\u00e9d\u00e9 \u00e0 la pose de la premi\u00e8re pri\u00e8re du nouveau si\u00e8ge de la Cour d\u2019appel de Ouagadougou.<\/span><\/strong><br \/><!--more--><\/p>\n<p style=\"text-align: justify;\"><a href=\"https:\/\/latribunedufaso.net\/wp-content\/uploads\/2023\/01\/IMG_20230130_115413.jpg\"><img loading=\"lazy\" decoding=\"async\" class=\"size-medium wp-image-6987 alignleft\" src=\"https:\/\/latribunedufaso.net\/wp-content\/uploads\/2023\/01\/IMG_20230130_115413-300x150.jpg\" alt=\"\" width=\"300\" height=\"150\" srcset=\"https:\/\/www.latribunedufaso.net\/wp-content\/uploads\/2023\/01\/IMG_20230130_115413-300x150.jpg 300w, https:\/\/www.latribunedufaso.net\/wp-content\/uploads\/2023\/01\/IMG_20230130_115413-1024x513.jpg 1024w, https:\/\/www.latribunedufaso.net\/wp-content\/uploads\/2023\/01\/IMG_20230130_115413-768x385.jpg 768w, https:\/\/www.latribunedufaso.net\/wp-content\/uploads\/2023\/01\/IMG_20230130_115413-840x420.jpg 840w, https:\/\/www.latribunedufaso.net\/wp-content\/uploads\/2023\/01\/IMG_20230130_115413.jpg 1080w\" sizes=\"auto, (max-width: 300px) 100vw, 300px\" \/><\/a>A terme, c\u2019est un b\u00e2timent de type R+5 qui sortira de terre. Il comprendra plus de 130 bureaux au profit des magistrats, greffiers et autres personnels de cette juridiction. Il y aura \u00e9galement 6 salles d\u2019audiences, 6 salles de d\u00e9lib\u00e9ration, 48 locaux techniques et d\u2019autres commodit\u00e9s et suj\u00e9tions modernes. Le co\u00fbt total des travaux s\u2019\u00e9l\u00e8ve \u00e0 6\u00a0865\u00a0976\u00a0649 FCFA TTC. Il est financ\u00e9 par le budget de l\u2019Etat, exercice 2022-2023. Pour la ministre Bibata N\u00e9bi\u00e9\/Ou\u00e9draogo, cet acte est une grande importance pour le monde judiciaire surtout pour les animateurs de la Cour d\u2019appel de Ouagadougou qui travaillent dans des conditions difficiles. En effet, ce chantier, une fois termin\u00e9, permettra au minist\u00e8re d\u2019am\u00e9liorer les conditions de travail de son personnel et de faciliter ainsi l\u2019acc\u00e8s de la justice aux justiciables. Par ailleurs, la ministre a invit\u00e9 les entreprises ex\u00e9cutantes \u00e0 effectuer un travail de qualit\u00e9 et dans les d\u00e9lais pr\u00e9vus.<\/p>\n<p style=\"text-align: justify;\">Les travaux d\u00e9buteront avec la phase 1 du projet pour un d\u00e9lai d\u2019ex\u00e9cution de 13 mois. Il va consister \u00e0 la r\u00e9alisation des travaux de gros \u0153uvres (ma\u00e7onnerie, b\u00e9ton, menuiserie m\u00e9tallique\u2026) et des travaux d\u2019\u00e9lectricit\u00e9.<\/p>\n<p style=\"text-align: justify;\">Le Charg\u00e9 du suivi-contr\u00f4le des travaux, Firmin Idani a rassur\u00e9 quant au respect des plans architecturaux. A l\u2019entendre, ce b\u00e2timent sera construit sur une superficie de 6\u00a0000 m\u00b2.<\/p>\n<p style=\"text-align: justify;\">En rappel, cette Cour d\u2019appel \u00e9tait log\u00e9e au palais de justice de Ouagadougou. C\u2019est en 2007 qu\u2019elle a \u00e9t\u00e9 transf\u00e9r\u00e9e \u00e0 son si\u00e8ge actuel sis au quartier Ouaga 2000. Depuis lors, les occupants et les justiciables ont souffert de l\u2019inadaptation, des d\u00e9faillances du b\u00e2timent et des difficult\u00e9s li\u00e9es \u00e0 l\u2019assainissement des lieux.<\/p>\n<p style=\"text-align: justify;\"><strong>Issouf Tapsoba\u00a0<\/strong><\/p>\n<p style=\"text-align: justify;\"><strong>Latribunedufaso.net<\/strong><\/p>\n","protected":false},"excerpt":{"rendered":"<p>Ce 30 janvier 2023 \u00e0 Ouagadougou, la ministre de la Justice et des Droits humains, charg\u00e9e des Relations avec les institutions, Garde des sceaux, Bibata N\u00e9bi\u00e9\/Ou\u00e9draogo a proc\u00e9d\u00e9 \u00e0 la pose de la premi\u00e8re pri\u00e8re du nouveau si\u00e8ge de la Cour d\u2019appel de Ouagadougou.<\/p>\n","protected":false},"author":2,"featured_media":6986,"comment_status":"open","ping_status":"open","sticky":false,"template":"","format":"standard","meta":{"footnotes":""},"categories":[13,1,8],"tags":[],"class_list":["post-6985","post","type-post","status-publish","format-standard","has-post-thumbnail","hentry","category-une","category-actu","category-societe"],"yoast_head":"<!-- This site is optimized with the Yoast SEO plugin v27.5 - https:\/\/yoast.com\/product\/yoast-seo-wordpress\/ -->\n<title>Minist\u00e8re de la Justice : Lancement des travaux de construction du nouveau si\u00e8ge de la Cour d\u2019appel de Ouagadougou\u00a0 - La Tribune du Faso<\/title>\n<meta name=\"robots\" content=\"index, follow, max-snippet:-1, max-image-preview:large, max-video-preview:-1\" \/>\n<link rel=\"canonical\" href=\"https:\/\/www.latribunedufaso.net\/?p=6985\" \/>\n<meta property=\"og:locale\" content=\"fr_FR\" \/>\n<meta property=\"og:type\" content=\"article\" \/>\n<meta property=\"og:title\" content=\"Minist\u00e8re de la Justice : Lancement des travaux de construction du nouveau si\u00e8ge de la Cour d\u2019appel de Ouagadougou\u00a0 - La Tribune du Faso\" \/>\n<meta property=\"og:description\" content=\"Ce 30 janvier 2023 \u00e0 Ouagadougou, la ministre de la Justice et des Droits humains, charg\u00e9e des Relations avec les institutions, Garde des sceaux, Bibata N\u00e9bi\u00e9\/Ou\u00e9draogo a proc\u00e9d\u00e9 \u00e0 la pose de la premi\u00e8re pri\u00e8re du nouveau si\u00e8ge de la Cour d\u2019appel de Ouagadougou.\" \/>\n<meta property=\"og:url\" content=\"https:\/\/www.latribunedufaso.net\/?p=6985\" \/>\n<meta property=\"og:site_name\" content=\"La Tribune du Faso\" \/>\n<meta property=\"article:publisher\" content=\"https:\/\/www.facebook.com\/LatribuneduFaso\/\" \/>\n<meta property=\"article:published_time\" content=\"2023-01-30T22:22:38+00:00\" \/>\n<meta property=\"article:modified_time\" content=\"2023-01-31T17:32:02+00:00\" \/>\n<meta property=\"og:image\" content=\"https:\/\/www.latribunedufaso.net\/wp-content\/uploads\/2023\/01\/IMG-20230130-WA0013.jpg\" \/>\n\t<meta property=\"og:image:width\" content=\"1040\" \/>\n\t<meta property=\"og:image:height\" content=\"780\" \/>\n\t<meta property=\"og:image:type\" content=\"image\/jpeg\" \/>\n<meta name=\"author\" content=\"Administrateur\" \/>\n<meta name=\"twitter:label1\" content=\"\u00c9crit par\" \/>\n\t<meta name=\"twitter:data1\" content=\"Administrateur\" \/>\n\t<meta name=\"twitter:label2\" content=\"Dur\u00e9e de lecture estim\u00e9e\" \/>\n\t<meta name=\"twitter:data2\" content=\"2 minutes\" \/>\n<script type=\"application\/ld+json\" class=\"yoast-schema-graph\">{\"@context\":\"https:\\\/\\\/schema.org\",\"@graph\":[{\"@type\":\"Article\",\"@id\":\"https:\\\/\\\/www.latribunedufaso.net\\\/?p=6985#article\",\"isPartOf\":{\"@id\":\"https:\\\/\\\/www.latribunedufaso.net\\\/?p=6985\"},\"author\":{\"name\":\"Administrateur\",\"@id\":\"https:\\\/\\\/www.latribunedufaso.net\\\/#\\\/schema\\\/person\\\/a380782d0605bb8aae27c40ea93b35b1\"},\"headline\":\"Minist\u00e8re de la Justice : Lancement des travaux de construction du nouveau si\u00e8ge de la Cour d\u2019appel de Ouagadougou\u00a0\",\"datePublished\":\"2023-01-30T22:22:38+00:00\",\"dateModified\":\"2023-01-31T17:32:02+00:00\",\"mainEntityOfPage\":{\"@id\":\"https:\\\/\\\/www.latribunedufaso.net\\\/?p=6985\"},\"wordCount\":371,\"commentCount\":0,\"publisher\":{\"@id\":\"https:\\\/\\\/www.latribunedufaso.net\\\/#organization\"},\"image\":{\"@id\":\"https:\\\/\\\/www.latribunedufaso.net\\\/?p=6985#primaryimage\"},\"thumbnailUrl\":\"https:\\\/\\\/www.latribunedufaso.net\\\/wp-content\\\/uploads\\\/2023\\\/01\\\/IMG-20230130-WA0013.jpg\",\"articleSection\":[\"A la une\",\"Actualit\u00e9\",\"Soci\u00e9t\u00e9\"],\"inLanguage\":\"fr-FR\",\"potentialAction\":[{\"@type\":\"CommentAction\",\"name\":\"Comment\",\"target\":[\"https:\\\/\\\/www.latribunedufaso.net\\\/?p=6985#respond\"]}]},{\"@type\":\"WebPage\",\"@id\":\"https:\\\/\\\/www.latribunedufaso.net\\\/?p=6985\",\"url\":\"https:\\\/\\\/www.latribunedufaso.net\\\/?p=6985\",\"name\":\"Minist\u00e8re de la Justice : Lancement des travaux de construction du nouveau si\u00e8ge de la Cour d\u2019appel de Ouagadougou\u00a0 - La Tribune du Faso\",\"isPartOf\":{\"@id\":\"https:\\\/\\\/www.latribunedufaso.net\\\/#website\"},\"primaryImageOfPage\":{\"@id\":\"https:\\\/\\\/www.latribunedufaso.net\\\/?p=6985#primaryimage\"},\"image\":{\"@id\":\"https:\\\/\\\/www.latribunedufaso.net\\\/?p=6985#primaryimage\"},\"thumbnailUrl\":\"https:\\\/\\\/www.latribunedufaso.net\\\/wp-content\\\/uploads\\\/2023\\\/01\\\/IMG-20230130-WA0013.jpg\",\"datePublished\":\"2023-01-30T22:22:38+00:00\",\"dateModified\":\"2023-01-31T17:32:02+00:00\",\"breadcrumb\":{\"@id\":\"https:\\\/\\\/www.latribunedufaso.net\\\/?p=6985#breadcrumb\"},\"inLanguage\":\"fr-FR\",\"potentialAction\":[{\"@type\":\"ReadAction\",\"target\":[\"https:\\\/\\\/www.latribunedufaso.net\\\/?p=6985\"]}]},{\"@type\":\"ImageObject\",\"inLanguage\":\"fr-FR\",\"@id\":\"https:\\\/\\\/www.latribunedufaso.net\\\/?p=6985#primaryimage\",\"url\":\"https:\\\/\\\/www.latribunedufaso.net\\\/wp-content\\\/uploads\\\/2023\\\/01\\\/IMG-20230130-WA0013.jpg\",\"contentUrl\":\"https:\\\/\\\/www.latribunedufaso.net\\\/wp-content\\\/uploads\\\/2023\\\/01\\\/IMG-20230130-WA0013.jpg\",\"width\":1040,\"height\":780},{\"@type\":\"BreadcrumbList\",\"@id\":\"https:\\\/\\\/www.latribunedufaso.net\\\/?p=6985#breadcrumb\",\"itemListElement\":[{\"@type\":\"ListItem\",\"position\":1,\"name\":\"Accueil\",\"item\":\"https:\\\/\\\/www.latribunedufaso.net\\\/\"},{\"@type\":\"ListItem\",\"position\":2,\"name\":\"Minist\u00e8re de la Justice : Lancement des travaux de construction du nouveau si\u00e8ge de la Cour d\u2019appel de Ouagadougou\u00a0\"}]},{\"@type\":\"WebSite\",\"@id\":\"https:\\\/\\\/www.latribunedufaso.net\\\/#website\",\"url\":\"https:\\\/\\\/www.latribunedufaso.net\\\/\",\"name\":\"La Tribune du Faso\",\"description\":\"L&#039;information du monde rural en un clic\",\"publisher\":{\"@id\":\"https:\\\/\\\/www.latribunedufaso.net\\\/#organization\"},\"potentialAction\":[{\"@type\":\"SearchAction\",\"target\":{\"@type\":\"EntryPoint\",\"urlTemplate\":\"https:\\\/\\\/www.latribunedufaso.net\\\/?s={search_term_string}\"},\"query-input\":{\"@type\":\"PropertyValueSpecification\",\"valueRequired\":true,\"valueName\":\"search_term_string\"}}],\"inLanguage\":\"fr-FR\"},{\"@type\":\"Organization\",\"@id\":\"https:\\\/\\\/www.latribunedufaso.net\\\/#organization\",\"name\":\"La Tribune du Faso\",\"url\":\"https:\\\/\\\/www.latribunedufaso.net\\\/\",\"logo\":{\"@type\":\"ImageObject\",\"inLanguage\":\"fr-FR\",\"@id\":\"https:\\\/\\\/www.latribunedufaso.net\\\/#\\\/schema\\\/logo\\\/image\\\/\",\"url\":\"https:\\\/\\\/www.latribunedufaso.net\\\/wp-content\\\/uploads\\\/2020\\\/08\\\/Logo-Tribune-du-Faso-final-scaled.jpg\",\"contentUrl\":\"https:\\\/\\\/www.latribunedufaso.net\\\/wp-content\\\/uploads\\\/2020\\\/08\\\/Logo-Tribune-du-Faso-final-scaled.jpg\",\"width\":2560,\"height\":1856,\"caption\":\"La Tribune du Faso\"},\"image\":{\"@id\":\"https:\\\/\\\/www.latribunedufaso.net\\\/#\\\/schema\\\/logo\\\/image\\\/\"},\"sameAs\":[\"https:\\\/\\\/www.facebook.com\\\/LatribuneduFaso\\\/\"]},{\"@type\":\"Person\",\"@id\":\"https:\\\/\\\/www.latribunedufaso.net\\\/#\\\/schema\\\/person\\\/a380782d0605bb8aae27c40ea93b35b1\",\"name\":\"Administrateur\",\"image\":{\"@type\":\"ImageObject\",\"inLanguage\":\"fr-FR\",\"@id\":\"https:\\\/\\\/secure.gravatar.com\\\/avatar\\\/e20266f97d741f0e80ba1f60283074a9b3317fd7bfb727e0d95b51dafbf854a1?s=96&d=mm&r=g\",\"url\":\"https:\\\/\\\/secure.gravatar.com\\\/avatar\\\/e20266f97d741f0e80ba1f60283074a9b3317fd7bfb727e0d95b51dafbf854a1?s=96&d=mm&r=g\",\"contentUrl\":\"https:\\\/\\\/secure.gravatar.com\\\/avatar\\\/e20266f97d741f0e80ba1f60283074a9b3317fd7bfb727e0d95b51dafbf854a1?s=96&d=mm&r=g\",\"caption\":\"Administrateur\"},\"url\":\"https:\\\/\\\/www.latribunedufaso.net\\\/?author=2\"}]}<\/script>\n<!-- \/ Yoast SEO plugin. -->","yoast_head_json":{"title":"Minist\u00e8re de la Justice : Lancement des travaux de construction du nouveau si\u00e8ge de la Cour d\u2019appel de Ouagadougou\u00a0 - La Tribune du Faso","robots":{"index":"index","follow":"follow","max-snippet":"max-snippet:-1","max-image-preview":"max-image-preview:large","max-video-preview":"max-video-preview:-1"},"canonical":"https:\/\/www.latribunedufaso.net\/?p=6985","og_locale":"fr_FR","og_type":"article","og_title":"Minist\u00e8re de la Justice : Lancement des travaux de construction du nouveau si\u00e8ge de la Cour d\u2019appel de Ouagadougou\u00a0 - La Tribune du Faso","og_description":"Ce 30 janvier 2023 \u00e0 Ouagadougou, la ministre de la Justice et des Droits humains, charg\u00e9e des Relations avec les institutions, Garde des sceaux, Bibata N\u00e9bi\u00e9\/Ou\u00e9draogo a proc\u00e9d\u00e9 \u00e0 la pose de la premi\u00e8re pri\u00e8re du nouveau si\u00e8ge de la Cour d\u2019appel de Ouagadougou.","og_url":"https:\/\/www.latribunedufaso.net\/?p=6985","og_site_name":"La Tribune du Faso","article_publisher":"https:\/\/www.facebook.com\/LatribuneduFaso\/","article_published_time":"2023-01-30T22:22:38+00:00","article_modified_time":"2023-01-31T17:32:02+00:00","og_image":[{"width":1040,"height":780,"url":"https:\/\/www.latribunedufaso.net\/wp-content\/uploads\/2023\/01\/IMG-20230130-WA0013.jpg","type":"image\/jpeg"}],"author":"Administrateur","twitter_misc":{"\u00c9crit par":"Administrateur","Dur\u00e9e de lecture estim\u00e9e":"2 minutes"},"schema":{"@context":"https:\/\/schema.org","@graph":[{"@type":"Article","@id":"https:\/\/www.latribunedufaso.net\/?p=6985#article","isPartOf":{"@id":"https:\/\/www.latribunedufaso.net\/?p=6985"},"author":{"name":"Administrateur","@id":"https:\/\/www.latribunedufaso.net\/#\/schema\/person\/a380782d0605bb8aae27c40ea93b35b1"},"headline":"Minist\u00e8re de la Justice : Lancement des travaux de construction du nouveau si\u00e8ge de la Cour d\u2019appel de Ouagadougou\u00a0","datePublished":"2023-01-30T22:22:38+00:00","dateModified":"2023-01-31T17:32:02+00:00","mainEntityOfPage":{"@id":"https:\/\/www.latribunedufaso.net\/?p=6985"},"wordCount":371,"commentCount":0,"publisher":{"@id":"https:\/\/www.latribunedufaso.net\/#organization"},"image":{"@id":"https:\/\/www.latribunedufaso.net\/?p=6985#primaryimage"},"thumbnailUrl":"https:\/\/www.latribunedufaso.net\/wp-content\/uploads\/2023\/01\/IMG-20230130-WA0013.jpg","articleSection":["A la une","Actualit\u00e9","Soci\u00e9t\u00e9"],"inLanguage":"fr-FR","potentialAction":[{"@type":"CommentAction","name":"Comment","target":["https:\/\/www.latribunedufaso.net\/?p=6985#respond"]}]},{"@type":"WebPage","@id":"https:\/\/www.latribunedufaso.net\/?p=6985","url":"https:\/\/www.latribunedufaso.net\/?p=6985","name":"Minist\u00e8re de la Justice : Lancement des travaux de construction du nouveau si\u00e8ge de la Cour d\u2019appel de Ouagadougou\u00a0 - La Tribune du Faso","isPartOf":{"@id":"https:\/\/www.latribunedufaso.net\/#website"},"primaryImageOfPage":{"@id":"https:\/\/www.latribunedufaso.net\/?p=6985#primaryimage"},"image":{"@id":"https:\/\/www.latribunedufaso.net\/?p=6985#primaryimage"},"thumbnailUrl":"https:\/\/www.latribunedufaso.net\/wp-content\/uploads\/2023\/01\/IMG-20230130-WA0013.jpg","datePublished":"2023-01-30T22:22:38+00:00","dateModified":"2023-01-31T17:32:02+00:00","breadcrumb":{"@id":"https:\/\/www.latribunedufaso.net\/?p=6985#breadcrumb"},"inLanguage":"fr-FR","potentialAction":[{"@type":"ReadAction","target":["https:\/\/www.latribunedufaso.net\/?p=6985"]}]},{"@type":"ImageObject","inLanguage":"fr-FR","@id":"https:\/\/www.latribunedufaso.net\/?p=6985#primaryimage","url":"https:\/\/www.latribunedufaso.net\/wp-content\/uploads\/2023\/01\/IMG-20230130-WA0013.jpg","contentUrl":"https:\/\/www.latribunedufaso.net\/wp-content\/uploads\/2023\/01\/IMG-20230130-WA0013.jpg","width":1040,"height":780},{"@type":"BreadcrumbList","@id":"https:\/\/www.latribunedufaso.net\/?p=6985#breadcrumb","itemListElement":[{"@type":"ListItem","position":1,"name":"Accueil","item":"https:\/\/www.latribunedufaso.net\/"},{"@type":"ListItem","position":2,"name":"Minist\u00e8re de la Justice : Lancement des travaux de construction du nouveau si\u00e8ge de la Cour d\u2019appel de Ouagadougou\u00a0"}]},{"@type":"WebSite","@id":"https:\/\/www.latribunedufaso.net\/#website","url":"https:\/\/www.latribunedufaso.net\/","name":"La Tribune du Faso","description":"L&#039;information du monde rural en un clic","publisher":{"@id":"https:\/\/www.latribunedufaso.net\/#organization"},"potentialAction":[{"@type":"SearchAction","target":{"@type":"EntryPoint","urlTemplate":"https:\/\/www.latribunedufaso.net\/?s={search_term_string}"},"query-input":{"@type":"PropertyValueSpecification","valueRequired":true,"valueName":"search_term_string"}}],"inLanguage":"fr-FR"},{"@type":"Organization","@id":"https:\/\/www.latribunedufaso.net\/#organization","name":"La Tribune du Faso","url":"https:\/\/www.latribunedufaso.net\/","logo":{"@type":"ImageObject","inLanguage":"fr-FR","@id":"https:\/\/www.latribunedufaso.net\/#\/schema\/logo\/image\/","url":"https:\/\/www.latribunedufaso.net\/wp-content\/uploads\/2020\/08\/Logo-Tribune-du-Faso-final-scaled.jpg","contentUrl":"https:\/\/www.latribunedufaso.net\/wp-content\/uploads\/2020\/08\/Logo-Tribune-du-Faso-final-scaled.jpg","width":2560,"height":1856,"caption":"La Tribune du Faso"},"image":{"@id":"https:\/\/www.latribunedufaso.net\/#\/schema\/logo\/image\/"},"sameAs":["https:\/\/www.facebook.com\/LatribuneduFaso\/"]},{"@type":"Person","@id":"https:\/\/www.latribunedufaso.net\/#\/schema\/person\/a380782d0605bb8aae27c40ea93b35b1","name":"Administrateur","image":{"@type":"ImageObject","inLanguage":"fr-FR","@id":"https:\/\/secure.gravatar.com\/avatar\/e20266f97d741f0e80ba1f60283074a9b3317fd7bfb727e0d95b51dafbf854a1?s=96&d=mm&r=g","url":"https:\/\/secure.gravatar.com\/avatar\/e20266f97d741f0e80ba1f60283074a9b3317fd7bfb727e0d95b51dafbf854a1?s=96&d=mm&r=g","contentUrl":"https:\/\/secure.gravatar.com\/avatar\/e20266f97d741f0e80ba1f60283074a9b3317fd7bfb727e0d95b51dafbf854a1?s=96&d=mm&r=g","caption":"Administrateur"},"url":"https:\/\/www.latribunedufaso.net\/?author=2"}]}},"_links":{"self":[{"href":"https:\/\/www.latribunedufaso.net\/index.php?rest_route=\/wp\/v2\/posts\/6985","targetHints":{"allow":["GET"]}}],"collection":[{"href":"https:\/\/www.latribunedufaso.net\/index.php?rest_route=\/wp\/v2\/posts"}],"about":[{"href":"https:\/\/www.latribunedufaso.net\/index.php?rest_route=\/wp\/v2\/types\/post"}],"author":[{"embeddable":true,"href":"https:\/\/www.latribunedufaso.net\/index.php?rest_route=\/wp\/v2\/users\/2"}],"replies":[{"embeddable":true,"href":"https:\/\/www.latribunedufaso.net\/index.php?rest_route=%2Fwp%2Fv2%2Fcomments&post=6985"}],"version-history":[{"count":1,"href":"https:\/\/www.latribunedufaso.net\/index.php?rest_route=\/wp\/v2\/posts\/6985\/revisions"}],"predecessor-version":[{"id":6988,"href":"https:\/\/www.latribunedufaso.net\/index.php?rest_route=\/wp\/v2\/posts\/6985\/revisions\/6988"}],"wp:featuredmedia":[{"embeddable":true,"href":"https:\/\/www.latribunedufaso.net\/index.php?rest_route=\/wp\/v2\/media\/6986"}],"wp:attachment":[{"href":"https:\/\/www.latribunedufaso.net\/index.php?rest_route=%2Fwp%2Fv2%2Fmedia&parent=6985"}],"wp:term":[{"taxonomy":"category","embeddable":true,"href":"https:\/\/www.latribunedufaso.net\/index.php?rest_route=%2Fwp%2Fv2%2Fcategories&post=6985"},{"taxonomy":"post_tag","embeddable":true,"href":"https:\/\/www.latribunedufaso.net\/index.php?rest_route=%2Fwp%2Fv2%2Ftags&post=6985"}],"curies":[{"name":"wp","href":"https:\/\/api.w.org\/{rel}","templated":true}]}}