{"id":6934,"date":"2023-01-12T23:54:17","date_gmt":"2023-01-12T23:54:17","guid":{"rendered":"https:\/\/www.latribunedufaso.net\/?p=6934"},"modified":"2023-01-20T07:01:04","modified_gmt":"2023-01-20T07:01:04","slug":"crise-securitaire-et-humanitaire-au-burkina-la-province-du-nayala-crie-au-secours","status":"publish","type":"post","link":"https:\/\/www.latribunedufaso.net\/?p=6934","title":{"rendered":"Crise s\u00e9curitaire et humanitaire au Burkina : La province du Nayala crie au secours\u00a0"},"content":{"rendered":"<p style=\"text-align: justify;\"><strong><span style=\"font-size: 1.0625rem;\">La coordination provinciale de soutien aux d\u00e9plac\u00e9s interne de la province du Nayala ( Dans la boucle du Mouhoun ) a tenu une conf\u00e9rence de presse ce jeudi 12 janvier 2023 \u00e0 Ouagadougou.\u00a0<\/span><\/strong><!--more--><\/p>\n<p style=\"text-align: justify;\">Selon Yacouba Par\u00e9, vice pr\u00e9sident de la coordination provinciale de soutien aux personnes d\u00e9plac\u00e9es internes, la situation s\u00e9curitaire au Nayala s\u2019est encore plus d\u00e9grad\u00e9e depuis le d\u00e9but de l\u2019ann\u00e9e 2023 et les cons\u00e9quences qu\u2019elle engendre sont \u00e9normes. Il s\u2019agit notamment des assassinats crapuleux dont celui de l\u2019Abb\u00e9 Jacques Yaro ZERBO le 02\u00a0Janvier 2023 \u00e0 Soro\u00a0; des incursions violentes les HANI dans la commune de Gassan dans la nuit du 04 janvier 2023, engendrant un d\u00e9part massif des populations vers les localit\u00e9s de Tougan, D\u00e9dougou et principalement Toma (chef lieu de la province).\u00a0<\/p>\n<p style=\"text-align: justify;\">Aujourd\u2019hui, cette province vit une crise humanitaire sans pr\u00e9c\u00e9dent. Le tableau se pr\u00e9sente comme suit\u00a0: Gassan (10600 habitants), Soro (1700 habitants), Doumbassa (1500 habitants)\u00a0: d\u00e9part total des populations et de l\u2019administration\u00a0; Kougny, Yaba, Y\u00e9\u00a0: d\u00e9part partiel des populations et de l\u2019administration\u00a0; Gossina\u00a0: d\u00e9part de l\u2019administration et fermeture des \u00e9coles ; Toma\u00a0: afflux massif des PDI qui se sont dispers\u00e9s dans plusieurs autres localit\u00e9s .<\/p>\n<p style=\"text-align: justify;\">Cette conf\u00e9rence de presse vise \u00e0 interpeller l\u2019opinion publique nationale et internationale sur ce que traverse cette localit\u00e9 et \u00e0 lancer la mobilisation de tous pour venir au secours des milliers de d\u00e9plac\u00e9s internes que cette situation entraine. A cet effet, la coordination a indiqu\u00e9 que des dispositifs ont d\u00e9j\u00e0 \u00e9t\u00e9 mis en place pour recevoir les diff\u00e9rentes contributions. En ce qui concerne les dons en esp\u00e8ces, ils sont recevables via ces compte mobile \u00a0: Orange money 67 10 13 44\/06 37 3679 ; Moov money : 03 03 82 00. Quant aux dons en nature, ils sont recevables chez le chef de canton \u00c9mile Par\u00e9 sis \u00e0 Gounghin.<\/p>\n<p style=\"text-align: justify;\"><strong>Astride Kiendrebeogo\u00a0<\/strong><\/p>\n<p style=\"text-align: justify;\"><strong>#Latribunedufaso.net<\/strong><\/p>\n","protected":false},"excerpt":{"rendered":"<p>La coordination provinciale de soutien aux d\u00e9plac\u00e9s interne de la province du Nayala ( Dans la boucle du Mouhoun ) a tenu une conf\u00e9rence de presse ce jeudi 12 janvier 2023 \u00e0 Ouagadougou.\u00a0<\/p>\n","protected":false},"author":2,"featured_media":6938,"comment_status":"open","ping_status":"open","sticky":false,"template":"","format":"standard","meta":{"footnotes":""},"categories":[13,1,8],"tags":[],"class_list":["post-6934","post","type-post","status-publish","format-standard","has-post-thumbnail","hentry","category-une","category-actu","category-societe"],"yoast_head":"<!-- This site is optimized with the Yoast SEO plugin v27.5 - https:\/\/yoast.com\/product\/yoast-seo-wordpress\/ -->\n<title>Crise s\u00e9curitaire et humanitaire au Burkina : La province du Nayala crie au secours\u00a0 - La Tribune du Faso<\/title>\n<meta name=\"robots\" content=\"index, follow, max-snippet:-1, max-image-preview:large, max-video-preview:-1\" \/>\n<link rel=\"canonical\" href=\"https:\/\/www.latribunedufaso.net\/?p=6934\" \/>\n<meta property=\"og:locale\" content=\"fr_FR\" \/>\n<meta property=\"og:type\" content=\"article\" \/>\n<meta property=\"og:title\" content=\"Crise s\u00e9curitaire et humanitaire au Burkina : La province du Nayala crie au secours\u00a0 - La Tribune du Faso\" \/>\n<meta property=\"og:description\" content=\"La coordination provinciale de soutien aux d\u00e9plac\u00e9s interne de la province du Nayala ( Dans la boucle du Mouhoun ) a tenu une conf\u00e9rence de presse ce jeudi 12 janvier 2023 \u00e0 Ouagadougou.\u00a0\" \/>\n<meta property=\"og:url\" content=\"https:\/\/www.latribunedufaso.net\/?p=6934\" \/>\n<meta property=\"og:site_name\" content=\"La Tribune du Faso\" \/>\n<meta property=\"article:publisher\" content=\"https:\/\/www.facebook.com\/LatribuneduFaso\/\" \/>\n<meta property=\"article:published_time\" content=\"2023-01-12T23:54:17+00:00\" \/>\n<meta property=\"article:modified_time\" content=\"2023-01-20T07:01:04+00:00\" \/>\n<meta property=\"og:image\" content=\"https:\/\/www.latribunedufaso.net\/wp-content\/uploads\/2023\/01\/IMG-20230112-WA0017.jpg\" \/>\n\t<meta property=\"og:image:width\" content=\"1080\" \/>\n\t<meta property=\"og:image:height\" content=\"485\" \/>\n\t<meta property=\"og:image:type\" content=\"image\/jpeg\" \/>\n<meta name=\"author\" content=\"Administrateur\" \/>\n<meta name=\"twitter:label1\" content=\"\u00c9crit par\" \/>\n\t<meta name=\"twitter:data1\" content=\"Administrateur\" \/>\n\t<meta name=\"twitter:label2\" content=\"Dur\u00e9e de lecture estim\u00e9e\" \/>\n\t<meta name=\"twitter:data2\" content=\"2 minutes\" \/>\n<script type=\"application\/ld+json\" class=\"yoast-schema-graph\">{\"@context\":\"https:\\\/\\\/schema.org\",\"@graph\":[{\"@type\":\"Article\",\"@id\":\"https:\\\/\\\/www.latribunedufaso.net\\\/?p=6934#article\",\"isPartOf\":{\"@id\":\"https:\\\/\\\/www.latribunedufaso.net\\\/?p=6934\"},\"author\":{\"name\":\"Administrateur\",\"@id\":\"https:\\\/\\\/www.latribunedufaso.net\\\/#\\\/schema\\\/person\\\/a380782d0605bb8aae27c40ea93b35b1\"},\"headline\":\"Crise s\u00e9curitaire et humanitaire au Burkina : La province du Nayala crie au secours\u00a0\",\"datePublished\":\"2023-01-12T23:54:17+00:00\",\"dateModified\":\"2023-01-20T07:01:04+00:00\",\"mainEntityOfPage\":{\"@id\":\"https:\\\/\\\/www.latribunedufaso.net\\\/?p=6934\"},\"wordCount\":324,\"commentCount\":0,\"publisher\":{\"@id\":\"https:\\\/\\\/www.latribunedufaso.net\\\/#organization\"},\"image\":{\"@id\":\"https:\\\/\\\/www.latribunedufaso.net\\\/?p=6934#primaryimage\"},\"thumbnailUrl\":\"https:\\\/\\\/www.latribunedufaso.net\\\/wp-content\\\/uploads\\\/2023\\\/01\\\/IMG-20230112-WA0017.jpg\",\"articleSection\":[\"A la une\",\"Actualit\u00e9\",\"Soci\u00e9t\u00e9\"],\"inLanguage\":\"fr-FR\",\"potentialAction\":[{\"@type\":\"CommentAction\",\"name\":\"Comment\",\"target\":[\"https:\\\/\\\/www.latribunedufaso.net\\\/?p=6934#respond\"]}]},{\"@type\":\"WebPage\",\"@id\":\"https:\\\/\\\/www.latribunedufaso.net\\\/?p=6934\",\"url\":\"https:\\\/\\\/www.latribunedufaso.net\\\/?p=6934\",\"name\":\"Crise s\u00e9curitaire et humanitaire au Burkina : La province du Nayala crie au secours\u00a0 - La Tribune du Faso\",\"isPartOf\":{\"@id\":\"https:\\\/\\\/www.latribunedufaso.net\\\/#website\"},\"primaryImageOfPage\":{\"@id\":\"https:\\\/\\\/www.latribunedufaso.net\\\/?p=6934#primaryimage\"},\"image\":{\"@id\":\"https:\\\/\\\/www.latribunedufaso.net\\\/?p=6934#primaryimage\"},\"thumbnailUrl\":\"https:\\\/\\\/www.latribunedufaso.net\\\/wp-content\\\/uploads\\\/2023\\\/01\\\/IMG-20230112-WA0017.jpg\",\"datePublished\":\"2023-01-12T23:54:17+00:00\",\"dateModified\":\"2023-01-20T07:01:04+00:00\",\"breadcrumb\":{\"@id\":\"https:\\\/\\\/www.latribunedufaso.net\\\/?p=6934#breadcrumb\"},\"inLanguage\":\"fr-FR\",\"potentialAction\":[{\"@type\":\"ReadAction\",\"target\":[\"https:\\\/\\\/www.latribunedufaso.net\\\/?p=6934\"]}]},{\"@type\":\"ImageObject\",\"inLanguage\":\"fr-FR\",\"@id\":\"https:\\\/\\\/www.latribunedufaso.net\\\/?p=6934#primaryimage\",\"url\":\"https:\\\/\\\/www.latribunedufaso.net\\\/wp-content\\\/uploads\\\/2023\\\/01\\\/IMG-20230112-WA0017.jpg\",\"contentUrl\":\"https:\\\/\\\/www.latribunedufaso.net\\\/wp-content\\\/uploads\\\/2023\\\/01\\\/IMG-20230112-WA0017.jpg\",\"width\":1080,\"height\":485},{\"@type\":\"BreadcrumbList\",\"@id\":\"https:\\\/\\\/www.latribunedufaso.net\\\/?p=6934#breadcrumb\",\"itemListElement\":[{\"@type\":\"ListItem\",\"position\":1,\"name\":\"Accueil\",\"item\":\"https:\\\/\\\/www.latribunedufaso.net\\\/\"},{\"@type\":\"ListItem\",\"position\":2,\"name\":\"Crise s\u00e9curitaire et humanitaire au Burkina : La province du Nayala crie au secours\u00a0\"}]},{\"@type\":\"WebSite\",\"@id\":\"https:\\\/\\\/www.latribunedufaso.net\\\/#website\",\"url\":\"https:\\\/\\\/www.latribunedufaso.net\\\/\",\"name\":\"La Tribune du Faso\",\"description\":\"L&#039;information du monde rural en un clic\",\"publisher\":{\"@id\":\"https:\\\/\\\/www.latribunedufaso.net\\\/#organization\"},\"potentialAction\":[{\"@type\":\"SearchAction\",\"target\":{\"@type\":\"EntryPoint\",\"urlTemplate\":\"https:\\\/\\\/www.latribunedufaso.net\\\/?s={search_term_string}\"},\"query-input\":{\"@type\":\"PropertyValueSpecification\",\"valueRequired\":true,\"valueName\":\"search_term_string\"}}],\"inLanguage\":\"fr-FR\"},{\"@type\":\"Organization\",\"@id\":\"https:\\\/\\\/www.latribunedufaso.net\\\/#organization\",\"name\":\"La Tribune du Faso\",\"url\":\"https:\\\/\\\/www.latribunedufaso.net\\\/\",\"logo\":{\"@type\":\"ImageObject\",\"inLanguage\":\"fr-FR\",\"@id\":\"https:\\\/\\\/www.latribunedufaso.net\\\/#\\\/schema\\\/logo\\\/image\\\/\",\"url\":\"https:\\\/\\\/www.latribunedufaso.net\\\/wp-content\\\/uploads\\\/2020\\\/08\\\/Logo-Tribune-du-Faso-final-scaled.jpg\",\"contentUrl\":\"https:\\\/\\\/www.latribunedufaso.net\\\/wp-content\\\/uploads\\\/2020\\\/08\\\/Logo-Tribune-du-Faso-final-scaled.jpg\",\"width\":2560,\"height\":1856,\"caption\":\"La Tribune du Faso\"},\"image\":{\"@id\":\"https:\\\/\\\/www.latribunedufaso.net\\\/#\\\/schema\\\/logo\\\/image\\\/\"},\"sameAs\":[\"https:\\\/\\\/www.facebook.com\\\/LatribuneduFaso\\\/\"]},{\"@type\":\"Person\",\"@id\":\"https:\\\/\\\/www.latribunedufaso.net\\\/#\\\/schema\\\/person\\\/a380782d0605bb8aae27c40ea93b35b1\",\"name\":\"Administrateur\",\"image\":{\"@type\":\"ImageObject\",\"inLanguage\":\"fr-FR\",\"@id\":\"https:\\\/\\\/secure.gravatar.com\\\/avatar\\\/e20266f97d741f0e80ba1f60283074a9b3317fd7bfb727e0d95b51dafbf854a1?s=96&d=mm&r=g\",\"url\":\"https:\\\/\\\/secure.gravatar.com\\\/avatar\\\/e20266f97d741f0e80ba1f60283074a9b3317fd7bfb727e0d95b51dafbf854a1?s=96&d=mm&r=g\",\"contentUrl\":\"https:\\\/\\\/secure.gravatar.com\\\/avatar\\\/e20266f97d741f0e80ba1f60283074a9b3317fd7bfb727e0d95b51dafbf854a1?s=96&d=mm&r=g\",\"caption\":\"Administrateur\"},\"url\":\"https:\\\/\\\/www.latribunedufaso.net\\\/?author=2\"}]}<\/script>\n<!-- \/ Yoast SEO plugin. -->","yoast_head_json":{"title":"Crise s\u00e9curitaire et humanitaire au Burkina : La province du Nayala crie au secours\u00a0 - La Tribune du Faso","robots":{"index":"index","follow":"follow","max-snippet":"max-snippet:-1","max-image-preview":"max-image-preview:large","max-video-preview":"max-video-preview:-1"},"canonical":"https:\/\/www.latribunedufaso.net\/?p=6934","og_locale":"fr_FR","og_type":"article","og_title":"Crise s\u00e9curitaire et humanitaire au Burkina : La province du Nayala crie au secours\u00a0 - La Tribune du Faso","og_description":"La coordination provinciale de soutien aux d\u00e9plac\u00e9s interne de la province du Nayala ( Dans la boucle du Mouhoun ) a tenu une conf\u00e9rence de presse ce jeudi 12 janvier 2023 \u00e0 Ouagadougou.\u00a0","og_url":"https:\/\/www.latribunedufaso.net\/?p=6934","og_site_name":"La Tribune du Faso","article_publisher":"https:\/\/www.facebook.com\/LatribuneduFaso\/","article_published_time":"2023-01-12T23:54:17+00:00","article_modified_time":"2023-01-20T07:01:04+00:00","og_image":[{"width":1080,"height":485,"url":"https:\/\/www.latribunedufaso.net\/wp-content\/uploads\/2023\/01\/IMG-20230112-WA0017.jpg","type":"image\/jpeg"}],"author":"Administrateur","twitter_misc":{"\u00c9crit par":"Administrateur","Dur\u00e9e de lecture estim\u00e9e":"2 minutes"},"schema":{"@context":"https:\/\/schema.org","@graph":[{"@type":"Article","@id":"https:\/\/www.latribunedufaso.net\/?p=6934#article","isPartOf":{"@id":"https:\/\/www.latribunedufaso.net\/?p=6934"},"author":{"name":"Administrateur","@id":"https:\/\/www.latribunedufaso.net\/#\/schema\/person\/a380782d0605bb8aae27c40ea93b35b1"},"headline":"Crise s\u00e9curitaire et humanitaire au Burkina : La province du Nayala crie au secours\u00a0","datePublished":"2023-01-12T23:54:17+00:00","dateModified":"2023-01-20T07:01:04+00:00","mainEntityOfPage":{"@id":"https:\/\/www.latribunedufaso.net\/?p=6934"},"wordCount":324,"commentCount":0,"publisher":{"@id":"https:\/\/www.latribunedufaso.net\/#organization"},"image":{"@id":"https:\/\/www.latribunedufaso.net\/?p=6934#primaryimage"},"thumbnailUrl":"https:\/\/www.latribunedufaso.net\/wp-content\/uploads\/2023\/01\/IMG-20230112-WA0017.jpg","articleSection":["A la une","Actualit\u00e9","Soci\u00e9t\u00e9"],"inLanguage":"fr-FR","potentialAction":[{"@type":"CommentAction","name":"Comment","target":["https:\/\/www.latribunedufaso.net\/?p=6934#respond"]}]},{"@type":"WebPage","@id":"https:\/\/www.latribunedufaso.net\/?p=6934","url":"https:\/\/www.latribunedufaso.net\/?p=6934","name":"Crise s\u00e9curitaire et humanitaire au Burkina : La province du Nayala crie au secours\u00a0 - La Tribune du Faso","isPartOf":{"@id":"https:\/\/www.latribunedufaso.net\/#website"},"primaryImageOfPage":{"@id":"https:\/\/www.latribunedufaso.net\/?p=6934#primaryimage"},"image":{"@id":"https:\/\/www.latribunedufaso.net\/?p=6934#primaryimage"},"thumbnailUrl":"https:\/\/www.latribunedufaso.net\/wp-content\/uploads\/2023\/01\/IMG-20230112-WA0017.jpg","datePublished":"2023-01-12T23:54:17+00:00","dateModified":"2023-01-20T07:01:04+00:00","breadcrumb":{"@id":"https:\/\/www.latribunedufaso.net\/?p=6934#breadcrumb"},"inLanguage":"fr-FR","potentialAction":[{"@type":"ReadAction","target":["https:\/\/www.latribunedufaso.net\/?p=6934"]}]},{"@type":"ImageObject","inLanguage":"fr-FR","@id":"https:\/\/www.latribunedufaso.net\/?p=6934#primaryimage","url":"https:\/\/www.latribunedufaso.net\/wp-content\/uploads\/2023\/01\/IMG-20230112-WA0017.jpg","contentUrl":"https:\/\/www.latribunedufaso.net\/wp-content\/uploads\/2023\/01\/IMG-20230112-WA0017.jpg","width":1080,"height":485},{"@type":"BreadcrumbList","@id":"https:\/\/www.latribunedufaso.net\/?p=6934#breadcrumb","itemListElement":[{"@type":"ListItem","position":1,"name":"Accueil","item":"https:\/\/www.latribunedufaso.net\/"},{"@type":"ListItem","position":2,"name":"Crise s\u00e9curitaire et humanitaire au Burkina : La province du Nayala crie au secours\u00a0"}]},{"@type":"WebSite","@id":"https:\/\/www.latribunedufaso.net\/#website","url":"https:\/\/www.latribunedufaso.net\/","name":"La Tribune du Faso","description":"L&#039;information du monde rural en un clic","publisher":{"@id":"https:\/\/www.latribunedufaso.net\/#organization"},"potentialAction":[{"@type":"SearchAction","target":{"@type":"EntryPoint","urlTemplate":"https:\/\/www.latribunedufaso.net\/?s={search_term_string}"},"query-input":{"@type":"PropertyValueSpecification","valueRequired":true,"valueName":"search_term_string"}}],"inLanguage":"fr-FR"},{"@type":"Organization","@id":"https:\/\/www.latribunedufaso.net\/#organization","name":"La Tribune du Faso","url":"https:\/\/www.latribunedufaso.net\/","logo":{"@type":"ImageObject","inLanguage":"fr-FR","@id":"https:\/\/www.latribunedufaso.net\/#\/schema\/logo\/image\/","url":"https:\/\/www.latribunedufaso.net\/wp-content\/uploads\/2020\/08\/Logo-Tribune-du-Faso-final-scaled.jpg","contentUrl":"https:\/\/www.latribunedufaso.net\/wp-content\/uploads\/2020\/08\/Logo-Tribune-du-Faso-final-scaled.jpg","width":2560,"height":1856,"caption":"La Tribune du Faso"},"image":{"@id":"https:\/\/www.latribunedufaso.net\/#\/schema\/logo\/image\/"},"sameAs":["https:\/\/www.facebook.com\/LatribuneduFaso\/"]},{"@type":"Person","@id":"https:\/\/www.latribunedufaso.net\/#\/schema\/person\/a380782d0605bb8aae27c40ea93b35b1","name":"Administrateur","image":{"@type":"ImageObject","inLanguage":"fr-FR","@id":"https:\/\/secure.gravatar.com\/avatar\/e20266f97d741f0e80ba1f60283074a9b3317fd7bfb727e0d95b51dafbf854a1?s=96&d=mm&r=g","url":"https:\/\/secure.gravatar.com\/avatar\/e20266f97d741f0e80ba1f60283074a9b3317fd7bfb727e0d95b51dafbf854a1?s=96&d=mm&r=g","contentUrl":"https:\/\/secure.gravatar.com\/avatar\/e20266f97d741f0e80ba1f60283074a9b3317fd7bfb727e0d95b51dafbf854a1?s=96&d=mm&r=g","caption":"Administrateur"},"url":"https:\/\/www.latribunedufaso.net\/?author=2"}]}},"_links":{"self":[{"href":"https:\/\/www.latribunedufaso.net\/index.php?rest_route=\/wp\/v2\/posts\/6934","targetHints":{"allow":["GET"]}}],"collection":[{"href":"https:\/\/www.latribunedufaso.net\/index.php?rest_route=\/wp\/v2\/posts"}],"about":[{"href":"https:\/\/www.latribunedufaso.net\/index.php?rest_route=\/wp\/v2\/types\/post"}],"author":[{"embeddable":true,"href":"https:\/\/www.latribunedufaso.net\/index.php?rest_route=\/wp\/v2\/users\/2"}],"replies":[{"embeddable":true,"href":"https:\/\/www.latribunedufaso.net\/index.php?rest_route=%2Fwp%2Fv2%2Fcomments&post=6934"}],"version-history":[{"count":1,"href":"https:\/\/www.latribunedufaso.net\/index.php?rest_route=\/wp\/v2\/posts\/6934\/revisions"}],"predecessor-version":[{"id":6940,"href":"https:\/\/www.latribunedufaso.net\/index.php?rest_route=\/wp\/v2\/posts\/6934\/revisions\/6940"}],"wp:featuredmedia":[{"embeddable":true,"href":"https:\/\/www.latribunedufaso.net\/index.php?rest_route=\/wp\/v2\/media\/6938"}],"wp:attachment":[{"href":"https:\/\/www.latribunedufaso.net\/index.php?rest_route=%2Fwp%2Fv2%2Fmedia&parent=6934"}],"wp:term":[{"taxonomy":"category","embeddable":true,"href":"https:\/\/www.latribunedufaso.net\/index.php?rest_route=%2Fwp%2Fv2%2Fcategories&post=6934"},{"taxonomy":"post_tag","embeddable":true,"href":"https:\/\/www.latribunedufaso.net\/index.php?rest_route=%2Fwp%2Fv2%2Ftags&post=6934"}],"curies":[{"name":"wp","href":"https:\/\/api.w.org\/{rel}","templated":true}]}}