{"id":6910,"date":"2023-01-11T23:39:21","date_gmt":"2023-01-11T23:39:21","guid":{"rendered":"https:\/\/www.latribunedufaso.net\/?p=6910"},"modified":"2023-01-12T10:48:15","modified_gmt":"2023-01-12T10:48:15","slug":"8e-rentree-fiscale-plus-de-1-300-milliards-fcfa-a-mobiliser-pour-lannee-2023","status":"publish","type":"post","link":"https:\/\/www.latribunedufaso.net\/?p=6910","title":{"rendered":"8e rentr\u00e9e fiscale : Plus de 1 300 milliards FCFA \u00e0 mobiliser pour l\u2019ann\u00e9e 2023"},"content":{"rendered":"<p style=\"text-align: justify;\"><strong><span style=\"font-size: 1.0625rem;\">Ce mercredi 11 janvier 2023 \u00e0 Ouagadougou, la Direction g\u00e9n\u00e9rale des imp\u00f4ts (DGI) a tenu sa 8\u00e8 rentr\u00e9e fiscale autour du th\u00e8me \u00ab Ensemble boostons le civisme fiscal \u00bb.\u00a0<\/span><\/strong><br \/><!--more--><\/p>\n<p style=\"text-align: justify;\"><a href=\"https:\/\/latribunedufaso.net\/wp-content\/uploads\/2023\/01\/IMG-20230111-WA0005.jpg\"><img loading=\"lazy\" decoding=\"async\" class=\"size-medium wp-image-6913 alignleft\" src=\"https:\/\/latribunedufaso.net\/wp-content\/uploads\/2023\/01\/IMG-20230111-WA0005-300x225.jpg\" alt=\"\" width=\"300\" height=\"225\" srcset=\"https:\/\/www.latribunedufaso.net\/wp-content\/uploads\/2023\/01\/IMG-20230111-WA0005-300x225.jpg 300w, https:\/\/www.latribunedufaso.net\/wp-content\/uploads\/2023\/01\/IMG-20230111-WA0005-1024x768.jpg 1024w, https:\/\/www.latribunedufaso.net\/wp-content\/uploads\/2023\/01\/IMG-20230111-WA0005-768x576.jpg 768w, https:\/\/www.latribunedufaso.net\/wp-content\/uploads\/2023\/01\/IMG-20230111-WA0005.jpg 1280w\" sizes=\"auto, (max-width: 300px) 100vw, 300px\" \/><\/a> Selon le Directeur g\u00e9n\u00e9ral des imp\u00f4ts, Daouda Kirakoya, l\u2019ann\u00e9e 2023 sera incontestablement celle d\u2019un plus grand d\u00e9fi pour la DGI car elle devra s\u2019atteler \u00e0 mobiliser plus de 1\u00a0300 milliards de FCFA dont 1\u00a0280 milliards au profit du budget de l\u2019Etat, soit environ 55% des pr\u00e9visions de ressources propres de l\u2019Etat exercice 2023. \u00ab\u00a0 Pour r\u00e9ussir ce challenge, une des cl\u00e9s r\u00e9side dans la prise de mesures fiscales nouvelles et dans la promotion du civisme fiscal.\u00a0\u00bb A-t-il expliqu\u00e9.<\/p>\n<p style=\"text-align: justify;\">Ainsi, cette rentr\u00e9e fiscale a \u00e9t\u00e9 le lieu d\u2019une part, de pr\u00e9sentation de ces mesures fiscales nouvelles et d\u2019autres part du lancement du mois de l\u2019exemplarit\u00e9 fiscale. Des mesures on retient l\u2019imposition des v\u00e9hicules \u00e0 deux ( 02) et trois (03) roues \u00e0 la taxe sur les v\u00e9hicules \u00e0 moteur (TVM). Selon cette mesure, pour compter de janvier 2023, les propri\u00e9taires des motos et tricycles, nouvellement acquis, paieront la TVM et ce, une seule fois lors de l\u2019immatriculation. Il faut \u00e9galement noter le rehaussement du taux de la taxe sur les boissons (bi\u00e8re titrant moins de 8 \u00b0 d\u2019alcool\u00a0: 30%\u00a0; bi\u00e8re titrant plus de 8\u00b0 d\u2019alcool\u00a0: 40%\u00a0; vins\u00a0: 70%\u00a0; autres boissons alcoolis\u00e9es titrant moins de 35\u00b0d\u2019alcool\u00a0: 50%\u00a0; autres boissons alcoolis\u00e9es titrant 35\u00b0 d\u2019alcool et plus\u00a0: 70%\u00a0; boissons non alcoolis\u00e9es \u00e9nergisantes\u00a0: 50%\u00a0; Sucreries et autres boissons non alcoolis\u00e9es\u00a0: 15%) et l&rsquo;instauration du quitus fiscal . Ce dernier est un document d\u00e9livr\u00e9 par l\u2019administration fiscale pour attester que les personnes physiques qui en sont d\u00e9tentrices sont \u00e0 jour de leurs obligations fiscales. Le quitus n\u2019est valable qu\u2019en son original rev\u00eatu d\u2019un timbre fiscal de 500 F CFA et portant le visa du directeur ou du chef de service des imp\u00f4ts du lieu de r\u00e9sidence du requ\u00e9rant. A ce niveau , la mesure stipule que le quitus doit \u00eatre exig\u00e9 pour les\u00a0 demandes de terrains \u00e0 usage autre que d\u2019habitation\u00a0; les demandes de documents d\u2019exon\u00e9ration et de domiciliation fiscale\u00a0; les mandats \u00e9lectifs publics et consulaires\u00a0; les nominations des membres du gouvernement, des pr\u00e9sidents d\u2019institutions et toute nomination en conseil des ministres\u00a0; les d\u00e9corations \u00e0 l\u2019exception de celles \u00e0 titre posthume ou li\u00e9es aux distinctions honorifiques \u00e0 caract\u00e8re militaire\u00a0; les inscriptions dans les ordres professionnels. La dur\u00e9e de validit\u00e9 de ce document est de six ( 06) mois.\u00a0<\/p>\n<p style=\"text-align: justify;\">En somme, l\u2019ensemble des mesures mettent l&rsquo;accent sur la justice fiscale; l&rsquo;\u00e9largissement de l&rsquo;assiette fiscale\u00a0; les ajustements techniques et des taux qui devraient am\u00e9liorer l&rsquo;administration et le rendement.<\/p>\n<p style=\"text-align: justify;\">Pour rappel, l\u2019ann\u00e9e fiscale 2022 a \u00e9t\u00e9 une ann\u00e9e bien r\u00e9ussie malgr\u00e9 le contexte difficile \u00e0 en croire Daouda Kirakoya. Sur une pr\u00e9vision initiale de 1 148, 30 milliards de FCFA qui leur a \u00e9t\u00e9 assign\u00e9e, la contribution des individus et des entreprises a pu \u00eatre canalis\u00e9e et mobilis\u00e9e \u00e0 hauteur de 1 244, 45 milliards soit une performance globale de 108,37%.\u00a0<\/p>\n<p style=\"text-align: justify;\"><strong>Astride Kiendrebeogo<\/strong><\/p>\n<p style=\"text-align: justify;\"><strong># Latribunedufaso.net<\/strong><\/p>\n<p style=\"text-align: justify;\">\u00a0<\/p>\n","protected":false},"excerpt":{"rendered":"<p>Ce mercredi 11 janvier 2023 \u00e0 Ouagadougou, la Direction g\u00e9n\u00e9rale des imp\u00f4ts (DGI) a tenu sa 8\u00e8 rentr\u00e9e fiscale autour du th\u00e8me \u00ab Ensemble boostons le civisme fiscal \u00bb.\u00a0<\/p>\n","protected":false},"author":2,"featured_media":6911,"comment_status":"open","ping_status":"open","sticky":false,"template":"","format":"standard","meta":{"footnotes":""},"categories":[13,1,10],"tags":[],"class_list":["post-6910","post","type-post","status-publish","format-standard","has-post-thumbnail","hentry","category-une","category-actu","category-eco"],"yoast_head":"<!-- This site is optimized with the Yoast SEO plugin v27.5 - https:\/\/yoast.com\/product\/yoast-seo-wordpress\/ -->\n<title>8e rentr\u00e9e fiscale : Plus de 1 300 milliards FCFA \u00e0 mobiliser pour l\u2019ann\u00e9e 2023 - La Tribune du Faso<\/title>\n<meta name=\"robots\" content=\"index, follow, max-snippet:-1, max-image-preview:large, max-video-preview:-1\" \/>\n<link rel=\"canonical\" href=\"https:\/\/www.latribunedufaso.net\/?p=6910\" \/>\n<meta property=\"og:locale\" content=\"fr_FR\" \/>\n<meta property=\"og:type\" content=\"article\" \/>\n<meta property=\"og:title\" content=\"8e rentr\u00e9e fiscale : Plus de 1 300 milliards FCFA \u00e0 mobiliser pour l\u2019ann\u00e9e 2023 - La Tribune du Faso\" \/>\n<meta property=\"og:description\" content=\"Ce mercredi 11 janvier 2023 \u00e0 Ouagadougou, la Direction g\u00e9n\u00e9rale des imp\u00f4ts (DGI) a tenu sa 8\u00e8 rentr\u00e9e fiscale autour du th\u00e8me \u00ab Ensemble boostons le civisme fiscal \u00bb.\u00a0\" \/>\n<meta property=\"og:url\" content=\"https:\/\/www.latribunedufaso.net\/?p=6910\" \/>\n<meta property=\"og:site_name\" content=\"La Tribune du Faso\" \/>\n<meta property=\"article:publisher\" content=\"https:\/\/www.facebook.com\/LatribuneduFaso\/\" \/>\n<meta property=\"article:published_time\" content=\"2023-01-11T23:39:21+00:00\" \/>\n<meta property=\"article:modified_time\" content=\"2023-01-12T10:48:15+00:00\" \/>\n<meta property=\"og:image\" content=\"https:\/\/www.latribunedufaso.net\/wp-content\/uploads\/2023\/01\/IMG-20230111-WA0007.jpg\" \/>\n\t<meta property=\"og:image:width\" content=\"1280\" \/>\n\t<meta property=\"og:image:height\" content=\"960\" \/>\n\t<meta property=\"og:image:type\" content=\"image\/jpeg\" \/>\n<meta name=\"author\" content=\"Administrateur\" \/>\n<meta name=\"twitter:label1\" content=\"\u00c9crit par\" \/>\n\t<meta name=\"twitter:data1\" content=\"Administrateur\" \/>\n\t<meta name=\"twitter:label2\" content=\"Dur\u00e9e de lecture estim\u00e9e\" \/>\n\t<meta name=\"twitter:data2\" content=\"3 minutes\" \/>\n<script type=\"application\/ld+json\" class=\"yoast-schema-graph\">{\"@context\":\"https:\\\/\\\/schema.org\",\"@graph\":[{\"@type\":\"Article\",\"@id\":\"https:\\\/\\\/www.latribunedufaso.net\\\/?p=6910#article\",\"isPartOf\":{\"@id\":\"https:\\\/\\\/www.latribunedufaso.net\\\/?p=6910\"},\"author\":{\"name\":\"Administrateur\",\"@id\":\"https:\\\/\\\/www.latribunedufaso.net\\\/#\\\/schema\\\/person\\\/a380782d0605bb8aae27c40ea93b35b1\"},\"headline\":\"8e rentr\u00e9e fiscale : Plus de 1 300 milliards FCFA \u00e0 mobiliser pour l\u2019ann\u00e9e 2023\",\"datePublished\":\"2023-01-11T23:39:21+00:00\",\"dateModified\":\"2023-01-12T10:48:15+00:00\",\"mainEntityOfPage\":{\"@id\":\"https:\\\/\\\/www.latribunedufaso.net\\\/?p=6910\"},\"wordCount\":531,\"commentCount\":0,\"publisher\":{\"@id\":\"https:\\\/\\\/www.latribunedufaso.net\\\/#organization\"},\"image\":{\"@id\":\"https:\\\/\\\/www.latribunedufaso.net\\\/?p=6910#primaryimage\"},\"thumbnailUrl\":\"https:\\\/\\\/www.latribunedufaso.net\\\/wp-content\\\/uploads\\\/2023\\\/01\\\/IMG-20230111-WA0007.jpg\",\"articleSection\":[\"A la une\",\"Actualit\u00e9\",\"Economie\"],\"inLanguage\":\"fr-FR\",\"potentialAction\":[{\"@type\":\"CommentAction\",\"name\":\"Comment\",\"target\":[\"https:\\\/\\\/www.latribunedufaso.net\\\/?p=6910#respond\"]}]},{\"@type\":\"WebPage\",\"@id\":\"https:\\\/\\\/www.latribunedufaso.net\\\/?p=6910\",\"url\":\"https:\\\/\\\/www.latribunedufaso.net\\\/?p=6910\",\"name\":\"8e rentr\u00e9e fiscale : Plus de 1 300 milliards FCFA \u00e0 mobiliser pour l\u2019ann\u00e9e 2023 - La Tribune du Faso\",\"isPartOf\":{\"@id\":\"https:\\\/\\\/www.latribunedufaso.net\\\/#website\"},\"primaryImageOfPage\":{\"@id\":\"https:\\\/\\\/www.latribunedufaso.net\\\/?p=6910#primaryimage\"},\"image\":{\"@id\":\"https:\\\/\\\/www.latribunedufaso.net\\\/?p=6910#primaryimage\"},\"thumbnailUrl\":\"https:\\\/\\\/www.latribunedufaso.net\\\/wp-content\\\/uploads\\\/2023\\\/01\\\/IMG-20230111-WA0007.jpg\",\"datePublished\":\"2023-01-11T23:39:21+00:00\",\"dateModified\":\"2023-01-12T10:48:15+00:00\",\"breadcrumb\":{\"@id\":\"https:\\\/\\\/www.latribunedufaso.net\\\/?p=6910#breadcrumb\"},\"inLanguage\":\"fr-FR\",\"potentialAction\":[{\"@type\":\"ReadAction\",\"target\":[\"https:\\\/\\\/www.latribunedufaso.net\\\/?p=6910\"]}]},{\"@type\":\"ImageObject\",\"inLanguage\":\"fr-FR\",\"@id\":\"https:\\\/\\\/www.latribunedufaso.net\\\/?p=6910#primaryimage\",\"url\":\"https:\\\/\\\/www.latribunedufaso.net\\\/wp-content\\\/uploads\\\/2023\\\/01\\\/IMG-20230111-WA0007.jpg\",\"contentUrl\":\"https:\\\/\\\/www.latribunedufaso.net\\\/wp-content\\\/uploads\\\/2023\\\/01\\\/IMG-20230111-WA0007.jpg\",\"width\":1280,\"height\":960},{\"@type\":\"BreadcrumbList\",\"@id\":\"https:\\\/\\\/www.latribunedufaso.net\\\/?p=6910#breadcrumb\",\"itemListElement\":[{\"@type\":\"ListItem\",\"position\":1,\"name\":\"Accueil\",\"item\":\"https:\\\/\\\/www.latribunedufaso.net\\\/\"},{\"@type\":\"ListItem\",\"position\":2,\"name\":\"8e rentr\u00e9e fiscale : Plus de 1 300 milliards FCFA \u00e0 mobiliser pour l\u2019ann\u00e9e 2023\"}]},{\"@type\":\"WebSite\",\"@id\":\"https:\\\/\\\/www.latribunedufaso.net\\\/#website\",\"url\":\"https:\\\/\\\/www.latribunedufaso.net\\\/\",\"name\":\"La Tribune du Faso\",\"description\":\"L&#039;information du monde rural en un clic\",\"publisher\":{\"@id\":\"https:\\\/\\\/www.latribunedufaso.net\\\/#organization\"},\"potentialAction\":[{\"@type\":\"SearchAction\",\"target\":{\"@type\":\"EntryPoint\",\"urlTemplate\":\"https:\\\/\\\/www.latribunedufaso.net\\\/?s={search_term_string}\"},\"query-input\":{\"@type\":\"PropertyValueSpecification\",\"valueRequired\":true,\"valueName\":\"search_term_string\"}}],\"inLanguage\":\"fr-FR\"},{\"@type\":\"Organization\",\"@id\":\"https:\\\/\\\/www.latribunedufaso.net\\\/#organization\",\"name\":\"La Tribune du Faso\",\"url\":\"https:\\\/\\\/www.latribunedufaso.net\\\/\",\"logo\":{\"@type\":\"ImageObject\",\"inLanguage\":\"fr-FR\",\"@id\":\"https:\\\/\\\/www.latribunedufaso.net\\\/#\\\/schema\\\/logo\\\/image\\\/\",\"url\":\"https:\\\/\\\/www.latribunedufaso.net\\\/wp-content\\\/uploads\\\/2020\\\/08\\\/Logo-Tribune-du-Faso-final-scaled.jpg\",\"contentUrl\":\"https:\\\/\\\/www.latribunedufaso.net\\\/wp-content\\\/uploads\\\/2020\\\/08\\\/Logo-Tribune-du-Faso-final-scaled.jpg\",\"width\":2560,\"height\":1856,\"caption\":\"La Tribune du Faso\"},\"image\":{\"@id\":\"https:\\\/\\\/www.latribunedufaso.net\\\/#\\\/schema\\\/logo\\\/image\\\/\"},\"sameAs\":[\"https:\\\/\\\/www.facebook.com\\\/LatribuneduFaso\\\/\"]},{\"@type\":\"Person\",\"@id\":\"https:\\\/\\\/www.latribunedufaso.net\\\/#\\\/schema\\\/person\\\/a380782d0605bb8aae27c40ea93b35b1\",\"name\":\"Administrateur\",\"image\":{\"@type\":\"ImageObject\",\"inLanguage\":\"fr-FR\",\"@id\":\"https:\\\/\\\/secure.gravatar.com\\\/avatar\\\/e20266f97d741f0e80ba1f60283074a9b3317fd7bfb727e0d95b51dafbf854a1?s=96&d=mm&r=g\",\"url\":\"https:\\\/\\\/secure.gravatar.com\\\/avatar\\\/e20266f97d741f0e80ba1f60283074a9b3317fd7bfb727e0d95b51dafbf854a1?s=96&d=mm&r=g\",\"contentUrl\":\"https:\\\/\\\/secure.gravatar.com\\\/avatar\\\/e20266f97d741f0e80ba1f60283074a9b3317fd7bfb727e0d95b51dafbf854a1?s=96&d=mm&r=g\",\"caption\":\"Administrateur\"},\"url\":\"https:\\\/\\\/www.latribunedufaso.net\\\/?author=2\"}]}<\/script>\n<!-- \/ Yoast SEO plugin. -->","yoast_head_json":{"title":"8e rentr\u00e9e fiscale : Plus de 1 300 milliards FCFA \u00e0 mobiliser pour l\u2019ann\u00e9e 2023 - La Tribune du Faso","robots":{"index":"index","follow":"follow","max-snippet":"max-snippet:-1","max-image-preview":"max-image-preview:large","max-video-preview":"max-video-preview:-1"},"canonical":"https:\/\/www.latribunedufaso.net\/?p=6910","og_locale":"fr_FR","og_type":"article","og_title":"8e rentr\u00e9e fiscale : Plus de 1 300 milliards FCFA \u00e0 mobiliser pour l\u2019ann\u00e9e 2023 - La Tribune du Faso","og_description":"Ce mercredi 11 janvier 2023 \u00e0 Ouagadougou, la Direction g\u00e9n\u00e9rale des imp\u00f4ts (DGI) a tenu sa 8\u00e8 rentr\u00e9e fiscale autour du th\u00e8me \u00ab Ensemble boostons le civisme fiscal \u00bb.\u00a0","og_url":"https:\/\/www.latribunedufaso.net\/?p=6910","og_site_name":"La Tribune du Faso","article_publisher":"https:\/\/www.facebook.com\/LatribuneduFaso\/","article_published_time":"2023-01-11T23:39:21+00:00","article_modified_time":"2023-01-12T10:48:15+00:00","og_image":[{"width":1280,"height":960,"url":"https:\/\/www.latribunedufaso.net\/wp-content\/uploads\/2023\/01\/IMG-20230111-WA0007.jpg","type":"image\/jpeg"}],"author":"Administrateur","twitter_misc":{"\u00c9crit par":"Administrateur","Dur\u00e9e de lecture estim\u00e9e":"3 minutes"},"schema":{"@context":"https:\/\/schema.org","@graph":[{"@type":"Article","@id":"https:\/\/www.latribunedufaso.net\/?p=6910#article","isPartOf":{"@id":"https:\/\/www.latribunedufaso.net\/?p=6910"},"author":{"name":"Administrateur","@id":"https:\/\/www.latribunedufaso.net\/#\/schema\/person\/a380782d0605bb8aae27c40ea93b35b1"},"headline":"8e rentr\u00e9e fiscale : Plus de 1 300 milliards FCFA \u00e0 mobiliser pour l\u2019ann\u00e9e 2023","datePublished":"2023-01-11T23:39:21+00:00","dateModified":"2023-01-12T10:48:15+00:00","mainEntityOfPage":{"@id":"https:\/\/www.latribunedufaso.net\/?p=6910"},"wordCount":531,"commentCount":0,"publisher":{"@id":"https:\/\/www.latribunedufaso.net\/#organization"},"image":{"@id":"https:\/\/www.latribunedufaso.net\/?p=6910#primaryimage"},"thumbnailUrl":"https:\/\/www.latribunedufaso.net\/wp-content\/uploads\/2023\/01\/IMG-20230111-WA0007.jpg","articleSection":["A la une","Actualit\u00e9","Economie"],"inLanguage":"fr-FR","potentialAction":[{"@type":"CommentAction","name":"Comment","target":["https:\/\/www.latribunedufaso.net\/?p=6910#respond"]}]},{"@type":"WebPage","@id":"https:\/\/www.latribunedufaso.net\/?p=6910","url":"https:\/\/www.latribunedufaso.net\/?p=6910","name":"8e rentr\u00e9e fiscale : Plus de 1 300 milliards FCFA \u00e0 mobiliser pour l\u2019ann\u00e9e 2023 - La Tribune du Faso","isPartOf":{"@id":"https:\/\/www.latribunedufaso.net\/#website"},"primaryImageOfPage":{"@id":"https:\/\/www.latribunedufaso.net\/?p=6910#primaryimage"},"image":{"@id":"https:\/\/www.latribunedufaso.net\/?p=6910#primaryimage"},"thumbnailUrl":"https:\/\/www.latribunedufaso.net\/wp-content\/uploads\/2023\/01\/IMG-20230111-WA0007.jpg","datePublished":"2023-01-11T23:39:21+00:00","dateModified":"2023-01-12T10:48:15+00:00","breadcrumb":{"@id":"https:\/\/www.latribunedufaso.net\/?p=6910#breadcrumb"},"inLanguage":"fr-FR","potentialAction":[{"@type":"ReadAction","target":["https:\/\/www.latribunedufaso.net\/?p=6910"]}]},{"@type":"ImageObject","inLanguage":"fr-FR","@id":"https:\/\/www.latribunedufaso.net\/?p=6910#primaryimage","url":"https:\/\/www.latribunedufaso.net\/wp-content\/uploads\/2023\/01\/IMG-20230111-WA0007.jpg","contentUrl":"https:\/\/www.latribunedufaso.net\/wp-content\/uploads\/2023\/01\/IMG-20230111-WA0007.jpg","width":1280,"height":960},{"@type":"BreadcrumbList","@id":"https:\/\/www.latribunedufaso.net\/?p=6910#breadcrumb","itemListElement":[{"@type":"ListItem","position":1,"name":"Accueil","item":"https:\/\/www.latribunedufaso.net\/"},{"@type":"ListItem","position":2,"name":"8e rentr\u00e9e fiscale : Plus de 1 300 milliards FCFA \u00e0 mobiliser pour l\u2019ann\u00e9e 2023"}]},{"@type":"WebSite","@id":"https:\/\/www.latribunedufaso.net\/#website","url":"https:\/\/www.latribunedufaso.net\/","name":"La Tribune du Faso","description":"L&#039;information du monde rural en un clic","publisher":{"@id":"https:\/\/www.latribunedufaso.net\/#organization"},"potentialAction":[{"@type":"SearchAction","target":{"@type":"EntryPoint","urlTemplate":"https:\/\/www.latribunedufaso.net\/?s={search_term_string}"},"query-input":{"@type":"PropertyValueSpecification","valueRequired":true,"valueName":"search_term_string"}}],"inLanguage":"fr-FR"},{"@type":"Organization","@id":"https:\/\/www.latribunedufaso.net\/#organization","name":"La Tribune du Faso","url":"https:\/\/www.latribunedufaso.net\/","logo":{"@type":"ImageObject","inLanguage":"fr-FR","@id":"https:\/\/www.latribunedufaso.net\/#\/schema\/logo\/image\/","url":"https:\/\/www.latribunedufaso.net\/wp-content\/uploads\/2020\/08\/Logo-Tribune-du-Faso-final-scaled.jpg","contentUrl":"https:\/\/www.latribunedufaso.net\/wp-content\/uploads\/2020\/08\/Logo-Tribune-du-Faso-final-scaled.jpg","width":2560,"height":1856,"caption":"La Tribune du Faso"},"image":{"@id":"https:\/\/www.latribunedufaso.net\/#\/schema\/logo\/image\/"},"sameAs":["https:\/\/www.facebook.com\/LatribuneduFaso\/"]},{"@type":"Person","@id":"https:\/\/www.latribunedufaso.net\/#\/schema\/person\/a380782d0605bb8aae27c40ea93b35b1","name":"Administrateur","image":{"@type":"ImageObject","inLanguage":"fr-FR","@id":"https:\/\/secure.gravatar.com\/avatar\/e20266f97d741f0e80ba1f60283074a9b3317fd7bfb727e0d95b51dafbf854a1?s=96&d=mm&r=g","url":"https:\/\/secure.gravatar.com\/avatar\/e20266f97d741f0e80ba1f60283074a9b3317fd7bfb727e0d95b51dafbf854a1?s=96&d=mm&r=g","contentUrl":"https:\/\/secure.gravatar.com\/avatar\/e20266f97d741f0e80ba1f60283074a9b3317fd7bfb727e0d95b51dafbf854a1?s=96&d=mm&r=g","caption":"Administrateur"},"url":"https:\/\/www.latribunedufaso.net\/?author=2"}]}},"_links":{"self":[{"href":"https:\/\/www.latribunedufaso.net\/index.php?rest_route=\/wp\/v2\/posts\/6910","targetHints":{"allow":["GET"]}}],"collection":[{"href":"https:\/\/www.latribunedufaso.net\/index.php?rest_route=\/wp\/v2\/posts"}],"about":[{"href":"https:\/\/www.latribunedufaso.net\/index.php?rest_route=\/wp\/v2\/types\/post"}],"author":[{"embeddable":true,"href":"https:\/\/www.latribunedufaso.net\/index.php?rest_route=\/wp\/v2\/users\/2"}],"replies":[{"embeddable":true,"href":"https:\/\/www.latribunedufaso.net\/index.php?rest_route=%2Fwp%2Fv2%2Fcomments&post=6910"}],"version-history":[{"count":1,"href":"https:\/\/www.latribunedufaso.net\/index.php?rest_route=\/wp\/v2\/posts\/6910\/revisions"}],"predecessor-version":[{"id":6915,"href":"https:\/\/www.latribunedufaso.net\/index.php?rest_route=\/wp\/v2\/posts\/6910\/revisions\/6915"}],"wp:featuredmedia":[{"embeddable":true,"href":"https:\/\/www.latribunedufaso.net\/index.php?rest_route=\/wp\/v2\/media\/6911"}],"wp:attachment":[{"href":"https:\/\/www.latribunedufaso.net\/index.php?rest_route=%2Fwp%2Fv2%2Fmedia&parent=6910"}],"wp:term":[{"taxonomy":"category","embeddable":true,"href":"https:\/\/www.latribunedufaso.net\/index.php?rest_route=%2Fwp%2Fv2%2Fcategories&post=6910"},{"taxonomy":"post_tag","embeddable":true,"href":"https:\/\/www.latribunedufaso.net\/index.php?rest_route=%2Fwp%2Fv2%2Ftags&post=6910"}],"curies":[{"name":"wp","href":"https:\/\/api.w.org\/{rel}","templated":true}]}}