{"id":6907,"date":"2023-01-10T21:18:10","date_gmt":"2023-01-10T21:18:10","guid":{"rendered":"https:\/\/www.latribunedufaso.net\/?p=6907"},"modified":"2023-01-10T21:18:10","modified_gmt":"2023-01-10T21:18:10","slug":"secteur-minier-le-permis-introuvable-de-wagner","status":"publish","type":"post","link":"https:\/\/www.latribunedufaso.net\/?p=6907","title":{"rendered":"Secteur minier : Le permis introuvable de Wagner"},"content":{"rendered":"<p style=\"text-align: justify;\"><strong>Le Burkina Faso a-t-il octroy\u00e9 un permis minier \u00e0 Wagner, un groupe priv\u00e9 de s\u00e9curit\u00e9 russe\u00a0? C\u2019est ce qu\u2019a affirm\u00e9 le pr\u00e9sident du Ghana Nana Akufo-Addo le 14 d\u00e9cembre 2022 en marge du sommet \u00c9tats-Unis-Afrique, lors d\u2019une rencontre avec Antony Blinken le chef de la diplomatie am\u00e9ricaine. Le pr\u00e9sident ghan\u00e9en est all\u00e9 plus loin. Il a donn\u00e9 des pr\u00e9cisions sur les raisons de l\u2019octroi du site minier et sa localisation. Sur les raisons, il estim\u00e9 que la mine a \u00e9t\u00e9 donn\u00e9e \u00e0 Wagner en contrepartie de sa participation \u00e0 la lutte contre le terrorisme. La mine serait localis\u00e9e au sud du Burkina Faso, vers la fronti\u00e8re avec le Ghana, ce qui pr\u00e9occupe Nana Akufo-Addo. Nous avons tent\u00e9 de v\u00e9rifier ces all\u00e9gations dans une d\u00e9marche en 3 volets.<\/strong><!--more--><\/p>\n<p style=\"text-align: justify;\">Le premier volet a consist\u00e9 \u00e0 analyser le cadre l\u00e9gal qui d\u00e9crit le processus d\u2019octroi des permis miniers au Burkina Faso. Selon le Code minier burkinab\u00e8 et le d\u00e9cret portant gestion des titres miniers au Burkina Faso, le pays applique la r\u00e8gle du \u00ab Premier venu, Premier servi \u00bb, c\u2019est-\u00e0-dire que le permis est octroy\u00e9 \u00e0 la premi\u00e8re personne qui le sollicite.<\/p>\n<p style=\"text-align: justify;\">Pour garantir la transparence, un registre est ouvert pour recevoir les demandes au Cadastre minier. La demande de permis est accompagn\u00e9e d\u2019un certain nombre de pi\u00e8ces dont l\u2019\u00e9tude de faisabilit\u00e9 et la certification environnementale. Les dossiers de demande de permis miniers sont examin\u00e9s par la commission nationale des mines qui donne un avis favorable ou d\u00e9favorable. Le permis d\u2019exploitation est octroy\u00e9 par d\u00e9cret pris en conseil des ministres si l\u2019avis est favorable.<\/p>\n<p style=\"text-align: justify;\">Selon nos recherches, ni le cadastre minier, ni la commission nationale des mines n\u2019ont re\u00e7u ou trait\u00e9 une demande d\u2019exploitation d\u2019or \u00e9manant de cette soci\u00e9t\u00e9. Dans ces deux structures, aucune demande n\u2019a \u00e9t\u00e9 re\u00e7ue pour un permis situ\u00e9 dans la partie sud du pays comme l\u2019a laiss\u00e9 entendre le pr\u00e9sident du Ghana.<\/p>\n<p style=\"text-align: center;\"><strong>\u00ab Aucun permis n\u2019a \u00e9t\u00e9 octroy\u00e9 \u00e0 Wagner \u00bb, selon le ministre burkinab\u00e8 des mines<\/strong><\/p>\n<p style=\"text-align: justify;\">Mais la d\u00e9claration du pr\u00e9sident du Ghana laisse croire que le permis a \u00e9t\u00e9 octroy\u00e9 sans suivre les proc\u00e9dures en la mati\u00e8re. Nous nous sommes int\u00e9ress\u00e9s \u00e0 la recherche des informations de la soci\u00e9t\u00e9 civile nationale qui si\u00e8ge au comit\u00e9 de pilotage de l\u2019Initiative pour la Transparence dans les Industries extractives (ITIE) sur le respect des proc\u00e9dures dans le cadre de cette octroi annonc\u00e9 par le pr\u00e9sident du Ghana. En effet, ce coll\u00e8ge a rencontr\u00e9 le ministre de l\u2019Energie, des Mines et des carri\u00e8res, Jean Pierre Boussim le 20 d\u00e9cembre 2022 sur la question. Au sortir de la rencontre, le ministre des mines a \u00e9t\u00e9 cat\u00e9gorique : \u00ab aucun permis n\u2019a \u00e9t\u00e9 octroy\u00e9 \u00e0 Wagner \u00bb.<\/p>\n<p style=\"text-align: justify;\">Malgr\u00e9 ces assurances, le troisi\u00e8me volet de notre recherche d\u2019information a conduit \u00e0 une consultation des registres du cadastre minier pour connaitre les propri\u00e9taires des sites miniers situ\u00e9s au sud du Burkina Faso.<\/p>\n<p style=\"text-align: justify;\">Au sud de Ouagadougou, six mines industrielles ont \u00e9t\u00e9 recens\u00e9es. La mine de Youga situ\u00e9e dans la province du Boulgou, appartenant \u00e0 la soci\u00e9t\u00e9 Avesoro. Elle a obtenu son permis depuis 2003. Le permis arrive \u00e0 expiration en fin 2023 et la soci\u00e9t\u00e9 a entam\u00e9 les proc\u00e9dures de renouvellement. La mine de N\u00e9tiama de la soci\u00e9t\u00e9 Avesoro situ\u00e9e dans le Nahouri. Elle a obtenu sa convention mini\u00e8re en f\u00e9vrier 2018. N\u00e9tiama a fini l\u2019exploitation \u00e0 ciel ouvert et a obtenu l\u2019autorisation pour passer en mine sous-terraine. La mine de Ouar\u00e9 (dans le Boulgou), toujours pour la soci\u00e9t\u00e9 la soci\u00e9t\u00e9 Avesoro a obtenu son permis en 2021. Elle \u00e9tait sur le point de passer \u00e0 l\u2019exploitation lorsqu\u2019elle a subi une attaque terroriste en fin janvier 2022. Ces trois mines font fronti\u00e8re avec le Ghana mais elles appartiennent au groupe Canadien Avesoro.<\/p>\n<p style=\"text-align: justify;\">Poussant les v\u00e9rifications plus loin, on s\u2019aper\u00e7oit qu\u2019au Sud de Ouagadougou toujours, on a la mine de Kiaka qui dispose d\u2019un permis depuis 2016 octroy\u00e9 \u00e0 la soci\u00e9t\u00e9 B2Gold. Cette soci\u00e9t\u00e9 a revendu le permis \u00e0 West African Ressources. Kiaka a boucl\u00e9 son financement et la construction de sa mine a d\u00e9but\u00e9 en fin d\u00e9cembre 2022.<\/p>\n<p style=\"text-align: justify;\">Un autre site minier a \u00e9t\u00e9 localis\u00e9 vers Bati\u00e9. Il s\u2019agit du permis de Konkera qui dispose d\u2019un permis depuis 2015. Elle a pour soci\u00e9t\u00e9 m\u00e8re, Centramin. Konkera a fait l\u2019objet de vandalisme en novembre dernier. Centramin a \u00e9crit au minist\u00e8re des mines pour renoncer au permis apr\u00e8s avoir tent\u00e9 en vain de le revendre. Aux termes de la renonciation, le permis tombera dans le domaine public. La derni\u00e8re soci\u00e9t\u00e9 Wahgnion Gold est localis\u00e9e vers Sindou. Le permis a \u00e9t\u00e9 octroy\u00e9 \u00e0 la soci\u00e9t\u00e9 Gryphon qui l\u2019a vendu \u00e0 Teranga Gold en 2016. Depuis f\u00e9vrier 2021, cette soci\u00e9t\u00e9 qui a d\u00e9but\u00e9 son exploitation d\u2019or en 2019 est exploit\u00e9e par Endeavour mining.<\/p>\n<p style=\"text-align: justify;\">Aucun nouveau permis n\u2019a \u00e9t\u00e9 donn\u00e9 \u00e0 une soci\u00e9t\u00e9 au sud du Burkina Faso en 2022. Toutes les soci\u00e9t\u00e9s qui op\u00e8rent dans cette partie du Burkina Faso ont obtenu leur permis depuis des ann\u00e9es.<\/p>\n<p style=\"text-align: center;\"><strong>Confusion avec la soci\u00e9t\u00e9 russe Nordgold ?<\/strong><\/p>\n<p style=\"text-align: justify;\">Les propos du pr\u00e9sident du Ghana sont intervenus une semaine apr\u00e8s l\u2019octroi \u00e0 la soci\u00e9t\u00e9 russe Nordgold du permis minier de Ymiougou au centre nord du Burkina Faso.<\/p>\n<p style=\"text-align: justify;\">Cette soci\u00e9t\u00e9 russe qui op\u00e8re au Burkina Faso depuis plus de 15 ans ne serait pas \u00e0 son premier permis. Elle exploite la mine de Taparko depuis 2007, celle de Bissa Gold depuis 2013 et celle de Samtenga suite \u00e0 une convention mini\u00e8re sign\u00e9e le 31 d\u00e9cembre 2019. En 2017, Nordgold a introduit une demande pour exploiter Ymiougou. La commission nationale des mines a examin\u00e9 le dossier en f\u00e9vrier 2022 mais avait remarqu\u00e9 l\u2019absence de la conformit\u00e9 environnementale. Ce document a \u00e9t\u00e9 compl\u00e9t\u00e9 en juin 2022 avant que le dossier ne soit introduit en conseil des ministres. C\u2019est ce long processus qui a abouti \u00e0 l\u2019octroi du permis le 7 d\u00e9cembre 2022 \u00e0 la soci\u00e9t\u00e9 Nordgold Ymiougou SA.<\/p>\n<p style=\"text-align: justify;\"><strong>Pierre Balma<\/strong><\/p>\n<p style=\"text-align: justify;\"><strong>#Mines_Actu_Burkina<\/strong><\/p>\n<p style=\"text-align: justify;\"><strong>Latribunedufaso.net<\/strong><\/p>\n","protected":false},"excerpt":{"rendered":"<p>Le Burkina Faso a-t-il octroy\u00e9 un permis minier \u00e0 Wagner, un groupe priv\u00e9 de s\u00e9curit\u00e9 russe\u00a0? C\u2019est ce qu\u2019a affirm\u00e9 le pr\u00e9sident du Ghana Nana Akufo-Addo le 14 d\u00e9cembre 2022 en marge du sommet \u00c9tats-Unis-Afrique, lors d\u2019une rencontre avec Antony Blinken le chef de la diplomatie am\u00e9ricaine. Le pr\u00e9sident ghan\u00e9en est all\u00e9 plus loin. Il a donn\u00e9 des pr\u00e9cisions sur les raisons de l\u2019octroi du site minier et sa localisation. Sur les raisons, il estim\u00e9 que la mine a \u00e9t\u00e9 donn\u00e9e \u00e0 Wagner en contrepartie de sa participation \u00e0 la lutte contre le terrorisme. La mine serait localis\u00e9e au sud du Burkina Faso, vers la fronti\u00e8re avec le Ghana, ce qui pr\u00e9occupe Nana Akufo-Addo. Nous avons tent\u00e9 de v\u00e9rifier ces all\u00e9gations dans une d\u00e9marche en 3 volets.<\/p>\n","protected":false},"author":2,"featured_media":6908,"comment_status":"open","ping_status":"open","sticky":false,"template":"","format":"standard","meta":{"footnotes":""},"categories":[13,1,19],"tags":[],"class_list":["post-6907","post","type-post","status-publish","format-standard","has-post-thumbnail","hentry","category-une","category-actu","category-mines-et-carrieres"],"yoast_head":"<!-- This site is optimized with the Yoast SEO plugin v27.5 - https:\/\/yoast.com\/product\/yoast-seo-wordpress\/ -->\n<title>Secteur minier : Le permis introuvable de Wagner - La Tribune du Faso<\/title>\n<meta name=\"robots\" content=\"index, follow, max-snippet:-1, max-image-preview:large, max-video-preview:-1\" \/>\n<link rel=\"canonical\" href=\"https:\/\/www.latribunedufaso.net\/?p=6907\" \/>\n<meta property=\"og:locale\" content=\"fr_FR\" \/>\n<meta property=\"og:type\" content=\"article\" \/>\n<meta property=\"og:title\" content=\"Secteur minier : Le permis introuvable de Wagner - La Tribune du Faso\" \/>\n<meta property=\"og:description\" content=\"Le Burkina Faso a-t-il octroy\u00e9 un permis minier \u00e0 Wagner, un groupe priv\u00e9 de s\u00e9curit\u00e9 russe\u00a0? C\u2019est ce qu\u2019a affirm\u00e9 le pr\u00e9sident du Ghana Nana Akufo-Addo le 14 d\u00e9cembre 2022 en marge du sommet \u00c9tats-Unis-Afrique, lors d\u2019une rencontre avec Antony Blinken le chef de la diplomatie am\u00e9ricaine. Le pr\u00e9sident ghan\u00e9en est all\u00e9 plus loin. Il a donn\u00e9 des pr\u00e9cisions sur les raisons de l\u2019octroi du site minier et sa localisation. Sur les raisons, il estim\u00e9 que la mine a \u00e9t\u00e9 donn\u00e9e \u00e0 Wagner en contrepartie de sa participation \u00e0 la lutte contre le terrorisme. La mine serait localis\u00e9e au sud du Burkina Faso, vers la fronti\u00e8re avec le Ghana, ce qui pr\u00e9occupe Nana Akufo-Addo. Nous avons tent\u00e9 de v\u00e9rifier ces all\u00e9gations dans une d\u00e9marche en 3 volets.\" \/>\n<meta property=\"og:url\" content=\"https:\/\/www.latribunedufaso.net\/?p=6907\" \/>\n<meta property=\"og:site_name\" content=\"La Tribune du Faso\" \/>\n<meta property=\"article:publisher\" content=\"https:\/\/www.facebook.com\/LatribuneduFaso\/\" \/>\n<meta property=\"article:published_time\" content=\"2023-01-10T21:18:10+00:00\" \/>\n<meta property=\"og:image\" content=\"https:\/\/www.latribunedufaso.net\/wp-content\/uploads\/2023\/01\/WhatsApp-Image-2023-01-08-at-15.03.55.jpeg\" \/>\n\t<meta property=\"og:image:width\" content=\"610\" \/>\n\t<meta property=\"og:image:height\" content=\"445\" \/>\n\t<meta property=\"og:image:type\" content=\"image\/jpeg\" \/>\n<meta name=\"author\" content=\"Administrateur\" \/>\n<meta name=\"twitter:label1\" content=\"\u00c9crit par\" \/>\n\t<meta name=\"twitter:data1\" content=\"Administrateur\" \/>\n\t<meta name=\"twitter:label2\" content=\"Dur\u00e9e de lecture estim\u00e9e\" \/>\n\t<meta name=\"twitter:data2\" content=\"5 minutes\" \/>\n<script type=\"application\/ld+json\" class=\"yoast-schema-graph\">{\"@context\":\"https:\\\/\\\/schema.org\",\"@graph\":[{\"@type\":\"Article\",\"@id\":\"https:\\\/\\\/www.latribunedufaso.net\\\/?p=6907#article\",\"isPartOf\":{\"@id\":\"https:\\\/\\\/www.latribunedufaso.net\\\/?p=6907\"},\"author\":{\"name\":\"Administrateur\",\"@id\":\"https:\\\/\\\/www.latribunedufaso.net\\\/#\\\/schema\\\/person\\\/a380782d0605bb8aae27c40ea93b35b1\"},\"headline\":\"Secteur minier : Le permis introuvable de Wagner\",\"datePublished\":\"2023-01-10T21:18:10+00:00\",\"mainEntityOfPage\":{\"@id\":\"https:\\\/\\\/www.latribunedufaso.net\\\/?p=6907\"},\"wordCount\":1061,\"commentCount\":0,\"publisher\":{\"@id\":\"https:\\\/\\\/www.latribunedufaso.net\\\/#organization\"},\"image\":{\"@id\":\"https:\\\/\\\/www.latribunedufaso.net\\\/?p=6907#primaryimage\"},\"thumbnailUrl\":\"https:\\\/\\\/www.latribunedufaso.net\\\/wp-content\\\/uploads\\\/2023\\\/01\\\/WhatsApp-Image-2023-01-08-at-15.03.55.jpeg\",\"articleSection\":[\"A la une\",\"Actualit\u00e9\",\"Mines et Carri\u00e8res\"],\"inLanguage\":\"fr-FR\",\"potentialAction\":[{\"@type\":\"CommentAction\",\"name\":\"Comment\",\"target\":[\"https:\\\/\\\/www.latribunedufaso.net\\\/?p=6907#respond\"]}]},{\"@type\":\"WebPage\",\"@id\":\"https:\\\/\\\/www.latribunedufaso.net\\\/?p=6907\",\"url\":\"https:\\\/\\\/www.latribunedufaso.net\\\/?p=6907\",\"name\":\"Secteur minier : Le permis introuvable de Wagner - La Tribune du Faso\",\"isPartOf\":{\"@id\":\"https:\\\/\\\/www.latribunedufaso.net\\\/#website\"},\"primaryImageOfPage\":{\"@id\":\"https:\\\/\\\/www.latribunedufaso.net\\\/?p=6907#primaryimage\"},\"image\":{\"@id\":\"https:\\\/\\\/www.latribunedufaso.net\\\/?p=6907#primaryimage\"},\"thumbnailUrl\":\"https:\\\/\\\/www.latribunedufaso.net\\\/wp-content\\\/uploads\\\/2023\\\/01\\\/WhatsApp-Image-2023-01-08-at-15.03.55.jpeg\",\"datePublished\":\"2023-01-10T21:18:10+00:00\",\"breadcrumb\":{\"@id\":\"https:\\\/\\\/www.latribunedufaso.net\\\/?p=6907#breadcrumb\"},\"inLanguage\":\"fr-FR\",\"potentialAction\":[{\"@type\":\"ReadAction\",\"target\":[\"https:\\\/\\\/www.latribunedufaso.net\\\/?p=6907\"]}]},{\"@type\":\"ImageObject\",\"inLanguage\":\"fr-FR\",\"@id\":\"https:\\\/\\\/www.latribunedufaso.net\\\/?p=6907#primaryimage\",\"url\":\"https:\\\/\\\/www.latribunedufaso.net\\\/wp-content\\\/uploads\\\/2023\\\/01\\\/WhatsApp-Image-2023-01-08-at-15.03.55.jpeg\",\"contentUrl\":\"https:\\\/\\\/www.latribunedufaso.net\\\/wp-content\\\/uploads\\\/2023\\\/01\\\/WhatsApp-Image-2023-01-08-at-15.03.55.jpeg\",\"width\":610,\"height\":445},{\"@type\":\"BreadcrumbList\",\"@id\":\"https:\\\/\\\/www.latribunedufaso.net\\\/?p=6907#breadcrumb\",\"itemListElement\":[{\"@type\":\"ListItem\",\"position\":1,\"name\":\"Accueil\",\"item\":\"https:\\\/\\\/www.latribunedufaso.net\\\/\"},{\"@type\":\"ListItem\",\"position\":2,\"name\":\"Secteur minier : Le permis introuvable de Wagner\"}]},{\"@type\":\"WebSite\",\"@id\":\"https:\\\/\\\/www.latribunedufaso.net\\\/#website\",\"url\":\"https:\\\/\\\/www.latribunedufaso.net\\\/\",\"name\":\"La Tribune du Faso\",\"description\":\"L&#039;information du monde rural en un clic\",\"publisher\":{\"@id\":\"https:\\\/\\\/www.latribunedufaso.net\\\/#organization\"},\"potentialAction\":[{\"@type\":\"SearchAction\",\"target\":{\"@type\":\"EntryPoint\",\"urlTemplate\":\"https:\\\/\\\/www.latribunedufaso.net\\\/?s={search_term_string}\"},\"query-input\":{\"@type\":\"PropertyValueSpecification\",\"valueRequired\":true,\"valueName\":\"search_term_string\"}}],\"inLanguage\":\"fr-FR\"},{\"@type\":\"Organization\",\"@id\":\"https:\\\/\\\/www.latribunedufaso.net\\\/#organization\",\"name\":\"La Tribune du Faso\",\"url\":\"https:\\\/\\\/www.latribunedufaso.net\\\/\",\"logo\":{\"@type\":\"ImageObject\",\"inLanguage\":\"fr-FR\",\"@id\":\"https:\\\/\\\/www.latribunedufaso.net\\\/#\\\/schema\\\/logo\\\/image\\\/\",\"url\":\"https:\\\/\\\/www.latribunedufaso.net\\\/wp-content\\\/uploads\\\/2020\\\/08\\\/Logo-Tribune-du-Faso-final-scaled.jpg\",\"contentUrl\":\"https:\\\/\\\/www.latribunedufaso.net\\\/wp-content\\\/uploads\\\/2020\\\/08\\\/Logo-Tribune-du-Faso-final-scaled.jpg\",\"width\":2560,\"height\":1856,\"caption\":\"La Tribune du Faso\"},\"image\":{\"@id\":\"https:\\\/\\\/www.latribunedufaso.net\\\/#\\\/schema\\\/logo\\\/image\\\/\"},\"sameAs\":[\"https:\\\/\\\/www.facebook.com\\\/LatribuneduFaso\\\/\"]},{\"@type\":\"Person\",\"@id\":\"https:\\\/\\\/www.latribunedufaso.net\\\/#\\\/schema\\\/person\\\/a380782d0605bb8aae27c40ea93b35b1\",\"name\":\"Administrateur\",\"image\":{\"@type\":\"ImageObject\",\"inLanguage\":\"fr-FR\",\"@id\":\"https:\\\/\\\/secure.gravatar.com\\\/avatar\\\/e20266f97d741f0e80ba1f60283074a9b3317fd7bfb727e0d95b51dafbf854a1?s=96&d=mm&r=g\",\"url\":\"https:\\\/\\\/secure.gravatar.com\\\/avatar\\\/e20266f97d741f0e80ba1f60283074a9b3317fd7bfb727e0d95b51dafbf854a1?s=96&d=mm&r=g\",\"contentUrl\":\"https:\\\/\\\/secure.gravatar.com\\\/avatar\\\/e20266f97d741f0e80ba1f60283074a9b3317fd7bfb727e0d95b51dafbf854a1?s=96&d=mm&r=g\",\"caption\":\"Administrateur\"},\"url\":\"https:\\\/\\\/www.latribunedufaso.net\\\/?author=2\"}]}<\/script>\n<!-- \/ Yoast SEO plugin. -->","yoast_head_json":{"title":"Secteur minier : Le permis introuvable de Wagner - La Tribune du Faso","robots":{"index":"index","follow":"follow","max-snippet":"max-snippet:-1","max-image-preview":"max-image-preview:large","max-video-preview":"max-video-preview:-1"},"canonical":"https:\/\/www.latribunedufaso.net\/?p=6907","og_locale":"fr_FR","og_type":"article","og_title":"Secteur minier : Le permis introuvable de Wagner - La Tribune du Faso","og_description":"Le Burkina Faso a-t-il octroy\u00e9 un permis minier \u00e0 Wagner, un groupe priv\u00e9 de s\u00e9curit\u00e9 russe\u00a0? C\u2019est ce qu\u2019a affirm\u00e9 le pr\u00e9sident du Ghana Nana Akufo-Addo le 14 d\u00e9cembre 2022 en marge du sommet \u00c9tats-Unis-Afrique, lors d\u2019une rencontre avec Antony Blinken le chef de la diplomatie am\u00e9ricaine. Le pr\u00e9sident ghan\u00e9en est all\u00e9 plus loin. Il a donn\u00e9 des pr\u00e9cisions sur les raisons de l\u2019octroi du site minier et sa localisation. Sur les raisons, il estim\u00e9 que la mine a \u00e9t\u00e9 donn\u00e9e \u00e0 Wagner en contrepartie de sa participation \u00e0 la lutte contre le terrorisme. La mine serait localis\u00e9e au sud du Burkina Faso, vers la fronti\u00e8re avec le Ghana, ce qui pr\u00e9occupe Nana Akufo-Addo. Nous avons tent\u00e9 de v\u00e9rifier ces all\u00e9gations dans une d\u00e9marche en 3 volets.","og_url":"https:\/\/www.latribunedufaso.net\/?p=6907","og_site_name":"La Tribune du Faso","article_publisher":"https:\/\/www.facebook.com\/LatribuneduFaso\/","article_published_time":"2023-01-10T21:18:10+00:00","og_image":[{"width":610,"height":445,"url":"https:\/\/www.latribunedufaso.net\/wp-content\/uploads\/2023\/01\/WhatsApp-Image-2023-01-08-at-15.03.55.jpeg","type":"image\/jpeg"}],"author":"Administrateur","twitter_misc":{"\u00c9crit par":"Administrateur","Dur\u00e9e de lecture estim\u00e9e":"5 minutes"},"schema":{"@context":"https:\/\/schema.org","@graph":[{"@type":"Article","@id":"https:\/\/www.latribunedufaso.net\/?p=6907#article","isPartOf":{"@id":"https:\/\/www.latribunedufaso.net\/?p=6907"},"author":{"name":"Administrateur","@id":"https:\/\/www.latribunedufaso.net\/#\/schema\/person\/a380782d0605bb8aae27c40ea93b35b1"},"headline":"Secteur minier : Le permis introuvable de Wagner","datePublished":"2023-01-10T21:18:10+00:00","mainEntityOfPage":{"@id":"https:\/\/www.latribunedufaso.net\/?p=6907"},"wordCount":1061,"commentCount":0,"publisher":{"@id":"https:\/\/www.latribunedufaso.net\/#organization"},"image":{"@id":"https:\/\/www.latribunedufaso.net\/?p=6907#primaryimage"},"thumbnailUrl":"https:\/\/www.latribunedufaso.net\/wp-content\/uploads\/2023\/01\/WhatsApp-Image-2023-01-08-at-15.03.55.jpeg","articleSection":["A la une","Actualit\u00e9","Mines et Carri\u00e8res"],"inLanguage":"fr-FR","potentialAction":[{"@type":"CommentAction","name":"Comment","target":["https:\/\/www.latribunedufaso.net\/?p=6907#respond"]}]},{"@type":"WebPage","@id":"https:\/\/www.latribunedufaso.net\/?p=6907","url":"https:\/\/www.latribunedufaso.net\/?p=6907","name":"Secteur minier : Le permis introuvable de Wagner - La Tribune du Faso","isPartOf":{"@id":"https:\/\/www.latribunedufaso.net\/#website"},"primaryImageOfPage":{"@id":"https:\/\/www.latribunedufaso.net\/?p=6907#primaryimage"},"image":{"@id":"https:\/\/www.latribunedufaso.net\/?p=6907#primaryimage"},"thumbnailUrl":"https:\/\/www.latribunedufaso.net\/wp-content\/uploads\/2023\/01\/WhatsApp-Image-2023-01-08-at-15.03.55.jpeg","datePublished":"2023-01-10T21:18:10+00:00","breadcrumb":{"@id":"https:\/\/www.latribunedufaso.net\/?p=6907#breadcrumb"},"inLanguage":"fr-FR","potentialAction":[{"@type":"ReadAction","target":["https:\/\/www.latribunedufaso.net\/?p=6907"]}]},{"@type":"ImageObject","inLanguage":"fr-FR","@id":"https:\/\/www.latribunedufaso.net\/?p=6907#primaryimage","url":"https:\/\/www.latribunedufaso.net\/wp-content\/uploads\/2023\/01\/WhatsApp-Image-2023-01-08-at-15.03.55.jpeg","contentUrl":"https:\/\/www.latribunedufaso.net\/wp-content\/uploads\/2023\/01\/WhatsApp-Image-2023-01-08-at-15.03.55.jpeg","width":610,"height":445},{"@type":"BreadcrumbList","@id":"https:\/\/www.latribunedufaso.net\/?p=6907#breadcrumb","itemListElement":[{"@type":"ListItem","position":1,"name":"Accueil","item":"https:\/\/www.latribunedufaso.net\/"},{"@type":"ListItem","position":2,"name":"Secteur minier : Le permis introuvable de Wagner"}]},{"@type":"WebSite","@id":"https:\/\/www.latribunedufaso.net\/#website","url":"https:\/\/www.latribunedufaso.net\/","name":"La Tribune du Faso","description":"L&#039;information du monde rural en un clic","publisher":{"@id":"https:\/\/www.latribunedufaso.net\/#organization"},"potentialAction":[{"@type":"SearchAction","target":{"@type":"EntryPoint","urlTemplate":"https:\/\/www.latribunedufaso.net\/?s={search_term_string}"},"query-input":{"@type":"PropertyValueSpecification","valueRequired":true,"valueName":"search_term_string"}}],"inLanguage":"fr-FR"},{"@type":"Organization","@id":"https:\/\/www.latribunedufaso.net\/#organization","name":"La Tribune du Faso","url":"https:\/\/www.latribunedufaso.net\/","logo":{"@type":"ImageObject","inLanguage":"fr-FR","@id":"https:\/\/www.latribunedufaso.net\/#\/schema\/logo\/image\/","url":"https:\/\/www.latribunedufaso.net\/wp-content\/uploads\/2020\/08\/Logo-Tribune-du-Faso-final-scaled.jpg","contentUrl":"https:\/\/www.latribunedufaso.net\/wp-content\/uploads\/2020\/08\/Logo-Tribune-du-Faso-final-scaled.jpg","width":2560,"height":1856,"caption":"La Tribune du Faso"},"image":{"@id":"https:\/\/www.latribunedufaso.net\/#\/schema\/logo\/image\/"},"sameAs":["https:\/\/www.facebook.com\/LatribuneduFaso\/"]},{"@type":"Person","@id":"https:\/\/www.latribunedufaso.net\/#\/schema\/person\/a380782d0605bb8aae27c40ea93b35b1","name":"Administrateur","image":{"@type":"ImageObject","inLanguage":"fr-FR","@id":"https:\/\/secure.gravatar.com\/avatar\/e20266f97d741f0e80ba1f60283074a9b3317fd7bfb727e0d95b51dafbf854a1?s=96&d=mm&r=g","url":"https:\/\/secure.gravatar.com\/avatar\/e20266f97d741f0e80ba1f60283074a9b3317fd7bfb727e0d95b51dafbf854a1?s=96&d=mm&r=g","contentUrl":"https:\/\/secure.gravatar.com\/avatar\/e20266f97d741f0e80ba1f60283074a9b3317fd7bfb727e0d95b51dafbf854a1?s=96&d=mm&r=g","caption":"Administrateur"},"url":"https:\/\/www.latribunedufaso.net\/?author=2"}]}},"_links":{"self":[{"href":"https:\/\/www.latribunedufaso.net\/index.php?rest_route=\/wp\/v2\/posts\/6907","targetHints":{"allow":["GET"]}}],"collection":[{"href":"https:\/\/www.latribunedufaso.net\/index.php?rest_route=\/wp\/v2\/posts"}],"about":[{"href":"https:\/\/www.latribunedufaso.net\/index.php?rest_route=\/wp\/v2\/types\/post"}],"author":[{"embeddable":true,"href":"https:\/\/www.latribunedufaso.net\/index.php?rest_route=\/wp\/v2\/users\/2"}],"replies":[{"embeddable":true,"href":"https:\/\/www.latribunedufaso.net\/index.php?rest_route=%2Fwp%2Fv2%2Fcomments&post=6907"}],"version-history":[{"count":1,"href":"https:\/\/www.latribunedufaso.net\/index.php?rest_route=\/wp\/v2\/posts\/6907\/revisions"}],"predecessor-version":[{"id":6909,"href":"https:\/\/www.latribunedufaso.net\/index.php?rest_route=\/wp\/v2\/posts\/6907\/revisions\/6909"}],"wp:featuredmedia":[{"embeddable":true,"href":"https:\/\/www.latribunedufaso.net\/index.php?rest_route=\/wp\/v2\/media\/6908"}],"wp:attachment":[{"href":"https:\/\/www.latribunedufaso.net\/index.php?rest_route=%2Fwp%2Fv2%2Fmedia&parent=6907"}],"wp:term":[{"taxonomy":"category","embeddable":true,"href":"https:\/\/www.latribunedufaso.net\/index.php?rest_route=%2Fwp%2Fv2%2Fcategories&post=6907"},{"taxonomy":"post_tag","embeddable":true,"href":"https:\/\/www.latribunedufaso.net\/index.php?rest_route=%2Fwp%2Fv2%2Ftags&post=6907"}],"curies":[{"name":"wp","href":"https:\/\/api.w.org\/{rel}","templated":true}]}}