{"id":689,"date":"2020-01-13T22:43:33","date_gmt":"2020-01-13T22:43:33","guid":{"rendered":"http:\/\/latribunedufaso.net\/?p=689"},"modified":"2020-02-10T15:00:44","modified_gmt":"2020-02-10T15:00:44","slug":"gestion-du-foncier-cinq-communes-a-lecole-de-gerddes-burkina","status":"publish","type":"post","link":"https:\/\/www.latribunedufaso.net\/?p=689","title":{"rendered":"Pr\u00e9vention des conflits fonciers\u00a0: Cinq communes \u00e0 l\u2019\u00e9cole de GERDDES Burkina"},"content":{"rendered":"<p><strong>Le Groupe d\u2019Etudes et de Recherche sur la D\u00e9mocratie et le D\u00e9veloppement Economique et Social (GERDDES &#8211; Burkina) a fait l\u2019\u00e9conomie des activit\u00e9s qu\u2019il a men\u00e9es dans le cadre du projet\u00a0<em>\u00ab\u00a0Promouvoir l\u2019esprit de coh\u00e9sion sociale dans cinq communes du Burkina Faso\u00a0\u00bb.<\/em> Apr\u00e8s six mois de couverture dans les communes de Hound\u00e9, B\u00e8kuy, Koumbia (province du Tuy), P\u00e9ni et Dand\u00e9 (province du Houet), ce projet s\u2019ach\u00e8ve avec un taux de r\u00e9ussite de 100%. C\u2019est du moins ce qui est ressorti lors du point de presse du GERDDES marquant la fin du projet ce lundi 13 janvier 2020 \u00e0 Ouagadougou.<\/strong><!--more--><\/p>\n<p><a href=\"http:\/\/latribunedufaso.net\/wp-content\/uploads\/2020\/01\/IMG_20200113_104056_8.jpg\"><img loading=\"lazy\" decoding=\"async\" class=\" wp-image-690 aligncenter\" src=\"http:\/\/latribunedufaso.net\/wp-content\/uploads\/2020\/01\/IMG_20200113_104056_8-300x169.jpg\" alt=\"\" width=\"481\" height=\"271\" srcset=\"https:\/\/www.latribunedufaso.net\/wp-content\/uploads\/2020\/01\/IMG_20200113_104056_8-300x169.jpg 300w, https:\/\/www.latribunedufaso.net\/wp-content\/uploads\/2020\/01\/IMG_20200113_104056_8-768x432.jpg 768w, https:\/\/www.latribunedufaso.net\/wp-content\/uploads\/2020\/01\/IMG_20200113_104056_8-1024x576.jpg 1024w, https:\/\/www.latribunedufaso.net\/wp-content\/uploads\/2020\/01\/IMG_20200113_104056_8-600x338.jpg 600w, https:\/\/www.latribunedufaso.net\/wp-content\/uploads\/2020\/01\/IMG_20200113_104056_8.jpg 1920w\" sizes=\"auto, (max-width: 481px) 100vw, 481px\" \/><\/a>Six mois ont suffi au Groupe d\u2019Etudes et de Recherche sur la D\u00e9mocratie et le D\u00e9veloppement Economique et Social (GERDDES &#8211; Burkina) pour asseoir, du moins consolider, l\u2019esprit de coh\u00e9sion sociale dans cinq communes de la zone de l\u2019Ouest. Cela a \u00e9t\u00e9 possible gr\u00e2ce au projet \u00ab\u00a0<em>Promouvoir l\u2019esprit de coh\u00e9sion sociale dans cinq communes du Burkina Faso\u00a0<\/em>\u00bb qui entre dans le cadre de l\u2019ex\u00e9cution du programme de promotion du civisme, de la pr\u00e9vention et de la gestion des conflits de l\u2019USAID. Financ\u00e9 \u00e0 hauteur de 30 millions par le National Democratic Institute (NDI) et de 5 millions par le GERDDES Burkina, le projet a n\u00e9cessit\u00e9, en tout, 35 millions pour r\u00e9tablir l\u2019esprit de coh\u00e9sion sociale dans les communes de Hound\u00e9, B\u00e8kuy, Koumbia, P\u00e9ni et Dand\u00e9.<\/p>\n<p>Pour L\u00e9opold Som\u00e9, pr\u00e9sident du GERDDES-Burkina, l\u2019objectif principal du projet \u00e9tait de \u00ab\u00a0<em>contribuer \u00e0 promouvoir les valeurs d\u2019une culture de paix, de dialogue et de coh\u00e9sion sociale au Burkina en vue de r\u00e9duire les conflits communautaires d\u2019une mani\u00e8re g\u00e9n\u00e9rale et les conflits fonciers en particuliers<\/em>\u00a0\u00bb. De juin \u00e0 d\u00e9cembre 2019, le GERDDES a r\u00e9ussi \u00e0 atteindre pleinement cet objectif. Cela dit, il a pu mener les dix activit\u00e9s inscrites dans son programme. Il s\u2019agit entre autres de la r\u00e9alisation de cinq sessions de formation du 15 juin au 31 d\u00e9cembre 2019 dans les chefs-lieux des cinq communes ci-dessus cit\u00e9es\u00a0; de l\u2019organisation de causeries-d\u00e9bats dans 58 villages\u00a0; des actions de plaidoyer aupr\u00e8s des autorit\u00e9s locales pour la p\u00e9rennisation des journ\u00e9es des communaut\u00e9s et la tenue d\u2019une rencontre annuelle sur le foncier.<\/p>\n<p>Toutes ces activit\u00e9s et bien d\u2019autres ont connu un succ\u00e8s quant \u00e0 leur r\u00e9alisation. Toute chose qui ne peut que satisfaire le partenaire technique et financier qu\u2019est le NDI qui a travers Awa Som\u00e9 a f\u00e9licit\u00e9 la bonne conduite du projet en un lapse de temps.\u00a0Pour elle, ce n\u2019est un secret pour personne que la coh\u00e9sion sociale est mise \u00e0 mal dans certaines zones du pays comme l\u2019ouest du fait des probl\u00e8mes li\u00e9 au foncier. Surtout dans les zones d\u2019intervention du projet ou il y a une forte migration.<\/p>\n<p><iframe loading=\"lazy\" title=\"Conf\u00e9rence de presse GERDDES Burkina\" width=\"840\" height=\"473\" src=\"https:\/\/www.youtube.com\/embed\/PQIcouyQ_zQ?feature=oembed\" frameborder=\"0\" allow=\"accelerometer; autoplay; encrypted-media; gyroscope; picture-in-picture\" allowfullscreen><\/iframe><\/p>\n<p>A l\u2019avenir, le GERDDES entend dynamiser les diff\u00e9rentes structures relatives au foncier ainsi que les structures de pr\u00e9vention et de gestion pacifique des conflits, \u0153uvrer \u00e0 l\u2019adoption de la charte fonci\u00e8re par tous les villages. Selon la charg\u00e9e de programmes du GERDDES Burkina, Mariam Liehoun, il est bien vrai que la mise en \u0153uvre du projet n\u2019a pas \u00e9t\u00e9 sans difficult\u00e9s (consid\u00e9ration de toutes les sensibilit\u00e9s), mais l\u2019essentiel \u00e0 retenir est que les diff\u00e9rentes communes dans lesquelles ledit projet a \u00e9t\u00e9 mis en \u0153uvre se sont engag\u00e9es \u00e0 capitaliser les r\u00e9sultats. Le plaidoyer mener aupr\u00e8s de ces communes pour la tenue annuelle des journ\u00e9es de communaut\u00e9 a \u00e9t\u00e9 bien accueilli, ainsi que l\u2019institution d\u2019une rencontre annuelle sur le foncier pour \u00e9viter les conflits communautaires. Un appel a \u00e9t\u00e9 lanc\u00e9 \u00e0 l\u2019endroit des pouvoir public pour la vulgarisation des textes sur le foncier car le \u00ab\u00a0nul n\u2019est cens\u00e9 ignorer la loi\u00a0\u00bb dans ce cas pr\u00e9cis peut constituer une bombe \u00e0 retardement pour le pays des Hommes int\u00e8gres.<\/p>\n<p><strong>Alexandre Moyenga (Stagiaire)<\/strong><\/p>\n<p><strong>Latribunedufaso.net<\/strong><\/p>\n","protected":false},"excerpt":{"rendered":"<p>Le Groupe d\u2019Etudes et de Recherche sur la D\u00e9mocratie et le D\u00e9veloppement Economique et Social (GERDDES &#8211; Burkina) a fait l\u2019\u00e9conomie des activit\u00e9s qu\u2019il a men\u00e9es dans le cadre du projet\u00a0\u00ab\u00a0Promouvoir l\u2019esprit de coh\u00e9sion sociale dans cinq communes du Burkina Faso\u00a0\u00bb. Apr\u00e8s six mois de couverture dans les communes de Hound\u00e9, B\u00e8kuy, Koumbia (province du Tuy), P\u00e9ni et Dand\u00e9 (province du Houet), ce projet s\u2019ach\u00e8ve avec un taux de r\u00e9ussite de 100%. C\u2019est du moins ce qui est ressorti lors du point de presse du GERDDES marquant la fin du projet ce lundi 13 janvier 2020 \u00e0 Ouagadougou.<\/p>\n","protected":false},"author":2,"featured_media":690,"comment_status":"open","ping_status":"open","sticky":false,"template":"","format":"standard","meta":{"footnotes":""},"categories":[1,8],"tags":[],"class_list":["post-689","post","type-post","status-publish","format-standard","has-post-thumbnail","hentry","category-actu","category-societe"],"yoast_head":"<!-- This site is optimized with the Yoast SEO plugin v27.5 - https:\/\/yoast.com\/product\/yoast-seo-wordpress\/ -->\n<title>Pr\u00e9vention des conflits fonciers\u00a0: Cinq communes \u00e0 l\u2019\u00e9cole de GERDDES Burkina - La Tribune du Faso<\/title>\n<meta name=\"robots\" content=\"index, follow, max-snippet:-1, max-image-preview:large, max-video-preview:-1\" \/>\n<link rel=\"canonical\" href=\"https:\/\/www.latribunedufaso.net\/?p=689\" \/>\n<meta property=\"og:locale\" content=\"fr_FR\" \/>\n<meta property=\"og:type\" content=\"article\" \/>\n<meta property=\"og:title\" content=\"Pr\u00e9vention des conflits fonciers\u00a0: Cinq communes \u00e0 l\u2019\u00e9cole de GERDDES Burkina - La Tribune du Faso\" \/>\n<meta property=\"og:description\" content=\"Le Groupe d\u2019Etudes et de Recherche sur la D\u00e9mocratie et le D\u00e9veloppement Economique et Social (GERDDES &#8211; Burkina) a fait l\u2019\u00e9conomie des activit\u00e9s qu\u2019il a men\u00e9es dans le cadre du projet\u00a0\u00ab\u00a0Promouvoir l\u2019esprit de coh\u00e9sion sociale dans cinq communes du Burkina Faso\u00a0\u00bb. Apr\u00e8s six mois de couverture dans les communes de Hound\u00e9, B\u00e8kuy, Koumbia (province du Tuy), P\u00e9ni et Dand\u00e9 (province du Houet), ce projet s\u2019ach\u00e8ve avec un taux de r\u00e9ussite de 100%. C\u2019est du moins ce qui est ressorti lors du point de presse du GERDDES marquant la fin du projet ce lundi 13 janvier 2020 \u00e0 Ouagadougou.\" \/>\n<meta property=\"og:url\" content=\"https:\/\/www.latribunedufaso.net\/?p=689\" \/>\n<meta property=\"og:site_name\" content=\"La Tribune du Faso\" \/>\n<meta property=\"article:publisher\" content=\"https:\/\/www.facebook.com\/LatribuneduFaso\/\" \/>\n<meta property=\"article:published_time\" content=\"2020-01-13T22:43:33+00:00\" \/>\n<meta property=\"article:modified_time\" content=\"2020-02-10T15:00:44+00:00\" \/>\n<meta property=\"og:image\" content=\"https:\/\/latribunedufaso.net\/wp-content\/uploads\/2020\/01\/IMG_20200113_104056_8.jpg\" \/>\n\t<meta property=\"og:image:width\" content=\"1920\" \/>\n\t<meta property=\"og:image:height\" content=\"1080\" \/>\n\t<meta property=\"og:image:type\" content=\"image\/jpeg\" \/>\n<meta name=\"author\" content=\"Administrateur\" \/>\n<meta name=\"twitter:label1\" content=\"\u00c9crit par\" \/>\n\t<meta name=\"twitter:data1\" content=\"Administrateur\" \/>\n\t<meta name=\"twitter:label2\" content=\"Dur\u00e9e de lecture estim\u00e9e\" \/>\n\t<meta name=\"twitter:data2\" content=\"3 minutes\" \/>\n<script type=\"application\/ld+json\" class=\"yoast-schema-graph\">{\"@context\":\"https:\\\/\\\/schema.org\",\"@graph\":[{\"@type\":\"Article\",\"@id\":\"https:\\\/\\\/www.latribunedufaso.net\\\/?p=689#article\",\"isPartOf\":{\"@id\":\"https:\\\/\\\/www.latribunedufaso.net\\\/?p=689\"},\"author\":{\"name\":\"Administrateur\",\"@id\":\"https:\\\/\\\/www.latribunedufaso.net\\\/#\\\/schema\\\/person\\\/a380782d0605bb8aae27c40ea93b35b1\"},\"headline\":\"Pr\u00e9vention des conflits fonciers\u00a0: Cinq communes \u00e0 l\u2019\u00e9cole de GERDDES Burkina\",\"datePublished\":\"2020-01-13T22:43:33+00:00\",\"dateModified\":\"2020-02-10T15:00:44+00:00\",\"mainEntityOfPage\":{\"@id\":\"https:\\\/\\\/www.latribunedufaso.net\\\/?p=689\"},\"wordCount\":702,\"commentCount\":0,\"publisher\":{\"@id\":\"https:\\\/\\\/www.latribunedufaso.net\\\/#organization\"},\"image\":{\"@id\":\"https:\\\/\\\/www.latribunedufaso.net\\\/?p=689#primaryimage\"},\"thumbnailUrl\":\"https:\\\/\\\/www.latribunedufaso.net\\\/wp-content\\\/uploads\\\/2020\\\/01\\\/IMG_20200113_104056_8.jpg\",\"articleSection\":[\"Actualit\u00e9\",\"Soci\u00e9t\u00e9\"],\"inLanguage\":\"fr-FR\",\"potentialAction\":[{\"@type\":\"CommentAction\",\"name\":\"Comment\",\"target\":[\"https:\\\/\\\/www.latribunedufaso.net\\\/?p=689#respond\"]}]},{\"@type\":\"WebPage\",\"@id\":\"https:\\\/\\\/www.latribunedufaso.net\\\/?p=689\",\"url\":\"https:\\\/\\\/www.latribunedufaso.net\\\/?p=689\",\"name\":\"Pr\u00e9vention des conflits fonciers\u00a0: Cinq communes \u00e0 l\u2019\u00e9cole de GERDDES Burkina - La Tribune du Faso\",\"isPartOf\":{\"@id\":\"https:\\\/\\\/www.latribunedufaso.net\\\/#website\"},\"primaryImageOfPage\":{\"@id\":\"https:\\\/\\\/www.latribunedufaso.net\\\/?p=689#primaryimage\"},\"image\":{\"@id\":\"https:\\\/\\\/www.latribunedufaso.net\\\/?p=689#primaryimage\"},\"thumbnailUrl\":\"https:\\\/\\\/www.latribunedufaso.net\\\/wp-content\\\/uploads\\\/2020\\\/01\\\/IMG_20200113_104056_8.jpg\",\"datePublished\":\"2020-01-13T22:43:33+00:00\",\"dateModified\":\"2020-02-10T15:00:44+00:00\",\"breadcrumb\":{\"@id\":\"https:\\\/\\\/www.latribunedufaso.net\\\/?p=689#breadcrumb\"},\"inLanguage\":\"fr-FR\",\"potentialAction\":[{\"@type\":\"ReadAction\",\"target\":[\"https:\\\/\\\/www.latribunedufaso.net\\\/?p=689\"]}]},{\"@type\":\"ImageObject\",\"inLanguage\":\"fr-FR\",\"@id\":\"https:\\\/\\\/www.latribunedufaso.net\\\/?p=689#primaryimage\",\"url\":\"https:\\\/\\\/www.latribunedufaso.net\\\/wp-content\\\/uploads\\\/2020\\\/01\\\/IMG_20200113_104056_8.jpg\",\"contentUrl\":\"https:\\\/\\\/www.latribunedufaso.net\\\/wp-content\\\/uploads\\\/2020\\\/01\\\/IMG_20200113_104056_8.jpg\",\"width\":1920,\"height\":1080},{\"@type\":\"BreadcrumbList\",\"@id\":\"https:\\\/\\\/www.latribunedufaso.net\\\/?p=689#breadcrumb\",\"itemListElement\":[{\"@type\":\"ListItem\",\"position\":1,\"name\":\"Accueil\",\"item\":\"https:\\\/\\\/www.latribunedufaso.net\\\/\"},{\"@type\":\"ListItem\",\"position\":2,\"name\":\"Pr\u00e9vention des conflits fonciers\u00a0: Cinq communes \u00e0 l\u2019\u00e9cole de GERDDES Burkina\"}]},{\"@type\":\"WebSite\",\"@id\":\"https:\\\/\\\/www.latribunedufaso.net\\\/#website\",\"url\":\"https:\\\/\\\/www.latribunedufaso.net\\\/\",\"name\":\"La Tribune du Faso\",\"description\":\"L&#039;information du monde rural en un clic\",\"publisher\":{\"@id\":\"https:\\\/\\\/www.latribunedufaso.net\\\/#organization\"},\"potentialAction\":[{\"@type\":\"SearchAction\",\"target\":{\"@type\":\"EntryPoint\",\"urlTemplate\":\"https:\\\/\\\/www.latribunedufaso.net\\\/?s={search_term_string}\"},\"query-input\":{\"@type\":\"PropertyValueSpecification\",\"valueRequired\":true,\"valueName\":\"search_term_string\"}}],\"inLanguage\":\"fr-FR\"},{\"@type\":\"Organization\",\"@id\":\"https:\\\/\\\/www.latribunedufaso.net\\\/#organization\",\"name\":\"La Tribune du Faso\",\"url\":\"https:\\\/\\\/www.latribunedufaso.net\\\/\",\"logo\":{\"@type\":\"ImageObject\",\"inLanguage\":\"fr-FR\",\"@id\":\"https:\\\/\\\/www.latribunedufaso.net\\\/#\\\/schema\\\/logo\\\/image\\\/\",\"url\":\"https:\\\/\\\/www.latribunedufaso.net\\\/wp-content\\\/uploads\\\/2020\\\/08\\\/Logo-Tribune-du-Faso-final-scaled.jpg\",\"contentUrl\":\"https:\\\/\\\/www.latribunedufaso.net\\\/wp-content\\\/uploads\\\/2020\\\/08\\\/Logo-Tribune-du-Faso-final-scaled.jpg\",\"width\":2560,\"height\":1856,\"caption\":\"La Tribune du Faso\"},\"image\":{\"@id\":\"https:\\\/\\\/www.latribunedufaso.net\\\/#\\\/schema\\\/logo\\\/image\\\/\"},\"sameAs\":[\"https:\\\/\\\/www.facebook.com\\\/LatribuneduFaso\\\/\"]},{\"@type\":\"Person\",\"@id\":\"https:\\\/\\\/www.latribunedufaso.net\\\/#\\\/schema\\\/person\\\/a380782d0605bb8aae27c40ea93b35b1\",\"name\":\"Administrateur\",\"image\":{\"@type\":\"ImageObject\",\"inLanguage\":\"fr-FR\",\"@id\":\"https:\\\/\\\/secure.gravatar.com\\\/avatar\\\/e20266f97d741f0e80ba1f60283074a9b3317fd7bfb727e0d95b51dafbf854a1?s=96&d=mm&r=g\",\"url\":\"https:\\\/\\\/secure.gravatar.com\\\/avatar\\\/e20266f97d741f0e80ba1f60283074a9b3317fd7bfb727e0d95b51dafbf854a1?s=96&d=mm&r=g\",\"contentUrl\":\"https:\\\/\\\/secure.gravatar.com\\\/avatar\\\/e20266f97d741f0e80ba1f60283074a9b3317fd7bfb727e0d95b51dafbf854a1?s=96&d=mm&r=g\",\"caption\":\"Administrateur\"},\"url\":\"https:\\\/\\\/www.latribunedufaso.net\\\/?author=2\"}]}<\/script>\n<!-- \/ Yoast SEO plugin. -->","yoast_head_json":{"title":"Pr\u00e9vention des conflits fonciers\u00a0: Cinq communes \u00e0 l\u2019\u00e9cole de GERDDES Burkina - La Tribune du Faso","robots":{"index":"index","follow":"follow","max-snippet":"max-snippet:-1","max-image-preview":"max-image-preview:large","max-video-preview":"max-video-preview:-1"},"canonical":"https:\/\/www.latribunedufaso.net\/?p=689","og_locale":"fr_FR","og_type":"article","og_title":"Pr\u00e9vention des conflits fonciers\u00a0: Cinq communes \u00e0 l\u2019\u00e9cole de GERDDES Burkina - La Tribune du Faso","og_description":"Le Groupe d\u2019Etudes et de Recherche sur la D\u00e9mocratie et le D\u00e9veloppement Economique et Social (GERDDES &#8211; Burkina) a fait l\u2019\u00e9conomie des activit\u00e9s qu\u2019il a men\u00e9es dans le cadre du projet\u00a0\u00ab\u00a0Promouvoir l\u2019esprit de coh\u00e9sion sociale dans cinq communes du Burkina Faso\u00a0\u00bb. Apr\u00e8s six mois de couverture dans les communes de Hound\u00e9, B\u00e8kuy, Koumbia (province du Tuy), P\u00e9ni et Dand\u00e9 (province du Houet), ce projet s\u2019ach\u00e8ve avec un taux de r\u00e9ussite de 100%. C\u2019est du moins ce qui est ressorti lors du point de presse du GERDDES marquant la fin du projet ce lundi 13 janvier 2020 \u00e0 Ouagadougou.","og_url":"https:\/\/www.latribunedufaso.net\/?p=689","og_site_name":"La Tribune du Faso","article_publisher":"https:\/\/www.facebook.com\/LatribuneduFaso\/","article_published_time":"2020-01-13T22:43:33+00:00","article_modified_time":"2020-02-10T15:00:44+00:00","og_image":[{"width":1920,"height":1080,"url":"https:\/\/latribunedufaso.net\/wp-content\/uploads\/2020\/01\/IMG_20200113_104056_8.jpg","type":"image\/jpeg"}],"author":"Administrateur","twitter_misc":{"\u00c9crit par":"Administrateur","Dur\u00e9e de lecture estim\u00e9e":"3 minutes"},"schema":{"@context":"https:\/\/schema.org","@graph":[{"@type":"Article","@id":"https:\/\/www.latribunedufaso.net\/?p=689#article","isPartOf":{"@id":"https:\/\/www.latribunedufaso.net\/?p=689"},"author":{"name":"Administrateur","@id":"https:\/\/www.latribunedufaso.net\/#\/schema\/person\/a380782d0605bb8aae27c40ea93b35b1"},"headline":"Pr\u00e9vention des conflits fonciers\u00a0: Cinq communes \u00e0 l\u2019\u00e9cole de GERDDES Burkina","datePublished":"2020-01-13T22:43:33+00:00","dateModified":"2020-02-10T15:00:44+00:00","mainEntityOfPage":{"@id":"https:\/\/www.latribunedufaso.net\/?p=689"},"wordCount":702,"commentCount":0,"publisher":{"@id":"https:\/\/www.latribunedufaso.net\/#organization"},"image":{"@id":"https:\/\/www.latribunedufaso.net\/?p=689#primaryimage"},"thumbnailUrl":"https:\/\/www.latribunedufaso.net\/wp-content\/uploads\/2020\/01\/IMG_20200113_104056_8.jpg","articleSection":["Actualit\u00e9","Soci\u00e9t\u00e9"],"inLanguage":"fr-FR","potentialAction":[{"@type":"CommentAction","name":"Comment","target":["https:\/\/www.latribunedufaso.net\/?p=689#respond"]}]},{"@type":"WebPage","@id":"https:\/\/www.latribunedufaso.net\/?p=689","url":"https:\/\/www.latribunedufaso.net\/?p=689","name":"Pr\u00e9vention des conflits fonciers\u00a0: Cinq communes \u00e0 l\u2019\u00e9cole de GERDDES Burkina - La Tribune du Faso","isPartOf":{"@id":"https:\/\/www.latribunedufaso.net\/#website"},"primaryImageOfPage":{"@id":"https:\/\/www.latribunedufaso.net\/?p=689#primaryimage"},"image":{"@id":"https:\/\/www.latribunedufaso.net\/?p=689#primaryimage"},"thumbnailUrl":"https:\/\/www.latribunedufaso.net\/wp-content\/uploads\/2020\/01\/IMG_20200113_104056_8.jpg","datePublished":"2020-01-13T22:43:33+00:00","dateModified":"2020-02-10T15:00:44+00:00","breadcrumb":{"@id":"https:\/\/www.latribunedufaso.net\/?p=689#breadcrumb"},"inLanguage":"fr-FR","potentialAction":[{"@type":"ReadAction","target":["https:\/\/www.latribunedufaso.net\/?p=689"]}]},{"@type":"ImageObject","inLanguage":"fr-FR","@id":"https:\/\/www.latribunedufaso.net\/?p=689#primaryimage","url":"https:\/\/www.latribunedufaso.net\/wp-content\/uploads\/2020\/01\/IMG_20200113_104056_8.jpg","contentUrl":"https:\/\/www.latribunedufaso.net\/wp-content\/uploads\/2020\/01\/IMG_20200113_104056_8.jpg","width":1920,"height":1080},{"@type":"BreadcrumbList","@id":"https:\/\/www.latribunedufaso.net\/?p=689#breadcrumb","itemListElement":[{"@type":"ListItem","position":1,"name":"Accueil","item":"https:\/\/www.latribunedufaso.net\/"},{"@type":"ListItem","position":2,"name":"Pr\u00e9vention des conflits fonciers\u00a0: Cinq communes \u00e0 l\u2019\u00e9cole de GERDDES Burkina"}]},{"@type":"WebSite","@id":"https:\/\/www.latribunedufaso.net\/#website","url":"https:\/\/www.latribunedufaso.net\/","name":"La Tribune du Faso","description":"L&#039;information du monde rural en un clic","publisher":{"@id":"https:\/\/www.latribunedufaso.net\/#organization"},"potentialAction":[{"@type":"SearchAction","target":{"@type":"EntryPoint","urlTemplate":"https:\/\/www.latribunedufaso.net\/?s={search_term_string}"},"query-input":{"@type":"PropertyValueSpecification","valueRequired":true,"valueName":"search_term_string"}}],"inLanguage":"fr-FR"},{"@type":"Organization","@id":"https:\/\/www.latribunedufaso.net\/#organization","name":"La Tribune du Faso","url":"https:\/\/www.latribunedufaso.net\/","logo":{"@type":"ImageObject","inLanguage":"fr-FR","@id":"https:\/\/www.latribunedufaso.net\/#\/schema\/logo\/image\/","url":"https:\/\/www.latribunedufaso.net\/wp-content\/uploads\/2020\/08\/Logo-Tribune-du-Faso-final-scaled.jpg","contentUrl":"https:\/\/www.latribunedufaso.net\/wp-content\/uploads\/2020\/08\/Logo-Tribune-du-Faso-final-scaled.jpg","width":2560,"height":1856,"caption":"La Tribune du Faso"},"image":{"@id":"https:\/\/www.latribunedufaso.net\/#\/schema\/logo\/image\/"},"sameAs":["https:\/\/www.facebook.com\/LatribuneduFaso\/"]},{"@type":"Person","@id":"https:\/\/www.latribunedufaso.net\/#\/schema\/person\/a380782d0605bb8aae27c40ea93b35b1","name":"Administrateur","image":{"@type":"ImageObject","inLanguage":"fr-FR","@id":"https:\/\/secure.gravatar.com\/avatar\/e20266f97d741f0e80ba1f60283074a9b3317fd7bfb727e0d95b51dafbf854a1?s=96&d=mm&r=g","url":"https:\/\/secure.gravatar.com\/avatar\/e20266f97d741f0e80ba1f60283074a9b3317fd7bfb727e0d95b51dafbf854a1?s=96&d=mm&r=g","contentUrl":"https:\/\/secure.gravatar.com\/avatar\/e20266f97d741f0e80ba1f60283074a9b3317fd7bfb727e0d95b51dafbf854a1?s=96&d=mm&r=g","caption":"Administrateur"},"url":"https:\/\/www.latribunedufaso.net\/?author=2"}]}},"_links":{"self":[{"href":"https:\/\/www.latribunedufaso.net\/index.php?rest_route=\/wp\/v2\/posts\/689","targetHints":{"allow":["GET"]}}],"collection":[{"href":"https:\/\/www.latribunedufaso.net\/index.php?rest_route=\/wp\/v2\/posts"}],"about":[{"href":"https:\/\/www.latribunedufaso.net\/index.php?rest_route=\/wp\/v2\/types\/post"}],"author":[{"embeddable":true,"href":"https:\/\/www.latribunedufaso.net\/index.php?rest_route=\/wp\/v2\/users\/2"}],"replies":[{"embeddable":true,"href":"https:\/\/www.latribunedufaso.net\/index.php?rest_route=%2Fwp%2Fv2%2Fcomments&post=689"}],"version-history":[{"count":5,"href":"https:\/\/www.latribunedufaso.net\/index.php?rest_route=\/wp\/v2\/posts\/689\/revisions"}],"predecessor-version":[{"id":696,"href":"https:\/\/www.latribunedufaso.net\/index.php?rest_route=\/wp\/v2\/posts\/689\/revisions\/696"}],"wp:featuredmedia":[{"embeddable":true,"href":"https:\/\/www.latribunedufaso.net\/index.php?rest_route=\/wp\/v2\/media\/690"}],"wp:attachment":[{"href":"https:\/\/www.latribunedufaso.net\/index.php?rest_route=%2Fwp%2Fv2%2Fmedia&parent=689"}],"wp:term":[{"taxonomy":"category","embeddable":true,"href":"https:\/\/www.latribunedufaso.net\/index.php?rest_route=%2Fwp%2Fv2%2Fcategories&post=689"},{"taxonomy":"post_tag","embeddable":true,"href":"https:\/\/www.latribunedufaso.net\/index.php?rest_route=%2Fwp%2Fv2%2Ftags&post=689"}],"curies":[{"name":"wp","href":"https:\/\/api.w.org\/{rel}","templated":true}]}}