{"id":6789,"date":"2022-12-18T10:12:26","date_gmt":"2022-12-18T10:12:26","guid":{"rendered":"https:\/\/www.latribunedufaso.net\/?p=6789"},"modified":"2022-12-18T10:12:26","modified_gmt":"2022-12-18T10:12:26","slug":"protection-and-rights-of-children-and-adolescents-the-ngo-educo-equips-journalists","status":"publish","type":"post","link":"https:\/\/www.latribunedufaso.net\/?p=6789","title":{"rendered":"Protection and rights of children and adolescents: The NGO Educo equips journalists"},"content":{"rendered":"<p style=\"text-align: justify;\"><strong><span>The NGO Educo organized this Friday, December 16, 2022 in Ouagadougou, a capacity building workshop for media personnel on issues related to the protection and right to education of children and adolescents.\u00a0This activity was also intended to present the areas of intervention and the safeguarding and child protection policy of the NGO to the participants in order to increase its visibility.<\/span><\/strong><br \/><span id=\"more-6774\"><\/span><!--more--><\/p>\n<p style=\"text-align: justify;\"><a href=\"https:\/\/latribunedufaso.net\/wp-content\/uploads\/2022\/12\/IMG-20221216-WA0015.jpg\"><img loading=\"lazy\" decoding=\"async\" class=\"size-medium wp-image-6778 alignleft\" src=\"https:\/\/latribunedufaso.net\/wp-content\/uploads\/2022\/12\/IMG-20221216-WA0015-300x225.jpg\" sizes=\"auto, (max-width: 300px) 100vw, 300px\" srcset=\"https:\/\/latribunedufaso.net\/wp-content\/uploads\/2022\/12\/IMG-20221216-WA0015-300x225.jpg 300w, https:\/\/latribunedufaso.net\/wp-content\/uploads\/2022\/12\/IMG-20221216-WA0015-768x576.jpg 768w, https:\/\/latribunedufaso.net\/wp-content\/uploads\/2022\/12\/IMG-20221216-WA0015.jpg 1000w\" alt=\"\" width=\"300\" height=\"225\" \/><\/a><span>For 24 hours, the work took place through communications followed by exchanges and sharing of experiences.\u00a0The participants, who came from several localities in the country, thus benefited from a presentation of Educo through the policies that frame its activities in the field, in particular the policy and the code of conduct for the good treatment of children and adolescents, the charter, the partnership policy and guide.<\/span><span>\u00ab\u00a0We have organized this framework to exchange with journalists on our mission, our positions, our values \u200b\u200bin order to make our actions visible through a certain number of themes or cross-cutting policies such as child protection and all that has related to harassment in the workplace\u00a0\u00bb recalled Tibo Kabr\u00e9, the objectives of the meeting.\u00a0He is the program quality coordinator for Educo Burkina\/Niger.<\/span><\/p>\n<p style=\"text-align: justify;\"><span>It should be noted that the participants were also equipped with an interview guide to support their production on issues involving children and adolescents.\u00a0This guide is intended as a consultation and orientation tool for the application of children&rsquo;s rights in interviews.<\/span><\/p>\n<p style=\"text-align: justify;\"><a href=\"https:\/\/latribunedufaso.net\/wp-content\/uploads\/2022\/12\/IMG-20221216-WA0002.jpg\"><img loading=\"lazy\" decoding=\"async\" class=\"size-medium wp-image-6780 alignleft\" src=\"https:\/\/latribunedufaso.net\/wp-content\/uploads\/2022\/12\/IMG-20221216-WA0002-300x225.jpg\" sizes=\"auto, (max-width: 300px) 100vw, 300px\" srcset=\"https:\/\/latribunedufaso.net\/wp-content\/uploads\/2022\/12\/IMG-20221216-WA0002-300x225.jpg 300w, https:\/\/latribunedufaso.net\/wp-content\/uploads\/2022\/12\/IMG-20221216-WA0002-768x576.jpg 768w, https:\/\/latribunedufaso.net\/wp-content\/uploads\/2022\/12\/IMG-20221216-WA0002.jpg 1000w\" alt=\"\" width=\"300\" height=\"225\" \/><\/a><span>At the end of the work, Coordinator Kabr\u00e9 urged journalists to support Educo in the visibility of its interventions in education, protection and capacity building for young people.\u00a0Also, he invited them to be ambassadors of the NGO to relay all that it does in terms of positioning relating to the protection and safeguarding of children.<\/span><\/p>\n<p style=\"text-align: justify;\"><a href=\"https:\/\/latribunedufaso.net\/wp-content\/uploads\/2022\/12\/IMG-20221217-WA0018.jpg\"><img loading=\"lazy\" decoding=\"async\" class=\"alignleft wp-image-6785 size-medium\" src=\"https:\/\/latribunedufaso.net\/wp-content\/uploads\/2022\/12\/IMG-20221217-WA0018-e1671357491956-300x208.jpg\" sizes=\"auto, (max-width: 300px) 100vw, 300px\" srcset=\"https:\/\/latribunedufaso.net\/wp-content\/uploads\/2022\/12\/IMG-20221217-WA0018-e1671357491956-300x208.jpg 300w, https:\/\/latribunedufaso.net\/wp-content\/uploads\/2022\/12\/IMG-20221217-WA0018-e1671357491956.jpg 540w\" width=\"300\" height=\"208\" \/><\/a><span>The participants positively appreciated the holding of this meeting.\u00a0For the Director of the radio station \u00ab\u00a0La voix du paysan\u00a0\u00bb in Ouahigouya, Adama Sougouri, this training will allow them to be in tune with the intervention policies of the NGO and the rights of protection and education of children.\u00a0Also, the participants will be able to share the knowledge acquired with their collaborators in order to be able to make good journalistic productions with the children in compliance with Educo&rsquo;s intervention policy.<\/span><\/p>\n<p style=\"text-align: justify;\"><span>As a reminder, Educo is a Spanish foundation for cooperation and education intervening in both development and emergency contexts.\u00a0It is present in 15 countries.\u00a0Existing in Burkina Faso since 2004, it operates mainly in three areas.\u00a0These are education, child protection against all forms of violence and exploitation and capacity building for young people through professional training.\u00a0In 2022, the NGO piloted 18 projects with a total budget of more than 3 billion FCFA.\u00a0These actions have made it possible to reach more than 500,000 children and young people.<\/span><\/p>\n<p style=\"text-align: justify;\"><strong><span>Issouf Tapsoba<\/span><\/strong><br \/><strong><span>Latribunedufaso.net<\/span><\/strong><\/p>\n<p style=\"text-align: justify;\"><a href=\"https:\/\/latribunedufaso.net\/wp-content\/uploads\/2022\/12\/IMG-20221216-WA0012.jpg\"><img loading=\"lazy\" decoding=\"async\" class=\"alignnone size-medium wp-image-6776\" src=\"https:\/\/latribunedufaso.net\/wp-content\/uploads\/2022\/12\/IMG-20221216-WA0012-300x225.jpg\" sizes=\"auto, (max-width: 300px) 100vw, 300px\" srcset=\"https:\/\/latribunedufaso.net\/wp-content\/uploads\/2022\/12\/IMG-20221216-WA0012-300x225.jpg 300w, https:\/\/latribunedufaso.net\/wp-content\/uploads\/2022\/12\/IMG-20221216-WA0012-768x576.jpg 768w, https:\/\/latribunedufaso.net\/wp-content\/uploads\/2022\/12\/IMG-20221216-WA0012.jpg 1000w\" alt=\"\" width=\"300\" height=\"225\" \/><\/a>\u00a0<a href=\"https:\/\/latribunedufaso.net\/wp-content\/uploads\/2022\/12\/IMG-20221216-WA0013.jpg\"><img loading=\"lazy\" decoding=\"async\" class=\"alignnone size-medium wp-image-6777\" src=\"https:\/\/latribunedufaso.net\/wp-content\/uploads\/2022\/12\/IMG-20221216-WA0013-300x225.jpg\" sizes=\"auto, (max-width: 300px) 100vw, 300px\" srcset=\"https:\/\/latribunedufaso.net\/wp-content\/uploads\/2022\/12\/IMG-20221216-WA0013-300x225.jpg 300w, https:\/\/latribunedufaso.net\/wp-content\/uploads\/2022\/12\/IMG-20221216-WA0013-768x576.jpg 768w, https:\/\/latribunedufaso.net\/wp-content\/uploads\/2022\/12\/IMG-20221216-WA0013.jpg 1000w\" alt=\"\" width=\"300\" height=\"225\" \/><\/a>\u00a0<a href=\"https:\/\/latribunedufaso.net\/wp-content\/uploads\/2022\/12\/IMG-20221216-WA0014.jpg\"><img loading=\"lazy\" decoding=\"async\" class=\"alignnone size-medium wp-image-6779\" src=\"https:\/\/latribunedufaso.net\/wp-content\/uploads\/2022\/12\/IMG-20221216-WA0014-300x225.jpg\" sizes=\"auto, (max-width: 300px) 100vw, 300px\" srcset=\"https:\/\/latribunedufaso.net\/wp-content\/uploads\/2022\/12\/IMG-20221216-WA0014-300x225.jpg 300w, https:\/\/latribunedufaso.net\/wp-content\/uploads\/2022\/12\/IMG-20221216-WA0014-768x576.jpg 768w, https:\/\/latribunedufaso.net\/wp-content\/uploads\/2022\/12\/IMG-20221216-WA0014.jpg 1000w\" alt=\"\" width=\"300\" height=\"225\" \/><\/a>\u00a0<a href=\"https:\/\/latribunedufaso.net\/wp-content\/uploads\/2022\/12\/IMG-20221216-WA0003.jpg\"><img loading=\"lazy\" decoding=\"async\" class=\"alignnone size-medium wp-image-6781\" src=\"https:\/\/latribunedufaso.net\/wp-content\/uploads\/2022\/12\/IMG-20221216-WA0003-300x225.jpg\" sizes=\"auto, (max-width: 300px) 100vw, 300px\" srcset=\"https:\/\/latribunedufaso.net\/wp-content\/uploads\/2022\/12\/IMG-20221216-WA0003-300x225.jpg 300w, https:\/\/latribunedufaso.net\/wp-content\/uploads\/2022\/12\/IMG-20221216-WA0003-768x576.jpg 768w, https:\/\/latribunedufaso.net\/wp-content\/uploads\/2022\/12\/IMG-20221216-WA0003.jpg 1000w\" alt=\"\" width=\"300\" height=\"225\" \/><\/a><a href=\"https:\/\/latribunedufaso.net\/wp-content\/uploads\/2022\/12\/IMG-20221216-WA0001.jpg\"><img loading=\"lazy\" decoding=\"async\" class=\"alignnone size-medium wp-image-6782\" src=\"https:\/\/latribunedufaso.net\/wp-content\/uploads\/2022\/12\/IMG-20221216-WA0001-300x225.jpg\" alt=\"\" width=\"300\" height=\"225\" srcset=\"https:\/\/www.latribunedufaso.net\/wp-content\/uploads\/2022\/12\/IMG-20221216-WA0001-300x225.jpg 300w, https:\/\/www.latribunedufaso.net\/wp-content\/uploads\/2022\/12\/IMG-20221216-WA0001-768x576.jpg 768w, https:\/\/www.latribunedufaso.net\/wp-content\/uploads\/2022\/12\/IMG-20221216-WA0001.jpg 1000w\" sizes=\"auto, (max-width: 300px) 100vw, 300px\" \/><\/a><a href=\"https:\/\/latribunedufaso.net\/wp-content\/uploads\/2022\/12\/IMG-20221216-WA0004.jpg\"><img loading=\"lazy\" decoding=\"async\" class=\"alignnone size-medium wp-image-6783\" src=\"https:\/\/latribunedufaso.net\/wp-content\/uploads\/2022\/12\/IMG-20221216-WA0004-300x225.jpg\" alt=\"\" width=\"300\" height=\"225\" srcset=\"https:\/\/www.latribunedufaso.net\/wp-content\/uploads\/2022\/12\/IMG-20221216-WA0004-300x225.jpg 300w, https:\/\/www.latribunedufaso.net\/wp-content\/uploads\/2022\/12\/IMG-20221216-WA0004-768x576.jpg 768w, https:\/\/www.latribunedufaso.net\/wp-content\/uploads\/2022\/12\/IMG-20221216-WA0004.jpg 1000w\" sizes=\"auto, (max-width: 300px) 100vw, 300px\" \/><\/a><\/p>\n","protected":false},"excerpt":{"rendered":"<p>The NGO Educo organized this Friday, December 16, 2022 in Ouagadougou, a capacity building workshop for media personnel on issues related to the protection and right to education of children and adolescents.\u00a0This activity was also intended to present the areas of intervention and the safeguarding and child protection policy of the NGO to the participants in order to increase its visibility.<\/p>\n","protected":false},"author":2,"featured_media":6784,"comment_status":"open","ping_status":"open","sticky":false,"template":"","format":"standard","meta":{"footnotes":""},"categories":[13,1,8],"tags":[],"class_list":["post-6789","post","type-post","status-publish","format-standard","has-post-thumbnail","hentry","category-une","category-actu","category-societe"],"yoast_head":"<!-- This site is optimized with the Yoast SEO plugin v27.4 - https:\/\/yoast.com\/product\/yoast-seo-wordpress\/ -->\n<title>Protection and rights of children and adolescents: The NGO Educo equips journalists - La Tribune du Faso<\/title>\n<meta name=\"robots\" content=\"index, follow, max-snippet:-1, max-image-preview:large, max-video-preview:-1\" \/>\n<link rel=\"canonical\" href=\"https:\/\/www.latribunedufaso.net\/?p=6789\" \/>\n<meta property=\"og:locale\" content=\"fr_FR\" \/>\n<meta property=\"og:type\" content=\"article\" \/>\n<meta property=\"og:title\" content=\"Protection and rights of children and adolescents: The NGO Educo equips journalists - La Tribune du Faso\" \/>\n<meta property=\"og:description\" content=\"The NGO Educo organized this Friday, December 16, 2022 in Ouagadougou, a capacity building workshop for media personnel on issues related to the protection and right to education of children and adolescents.\u00a0This activity was also intended to present the areas of intervention and the safeguarding and child protection policy of the NGO to the participants in order to increase its visibility.\" \/>\n<meta property=\"og:url\" content=\"https:\/\/www.latribunedufaso.net\/?p=6789\" \/>\n<meta property=\"og:site_name\" content=\"La Tribune du Faso\" \/>\n<meta property=\"article:publisher\" content=\"https:\/\/www.facebook.com\/LatribuneduFaso\/\" \/>\n<meta property=\"article:published_time\" content=\"2022-12-18T10:12:26+00:00\" \/>\n<meta property=\"og:image\" content=\"https:\/\/www.latribunedufaso.net\/wp-content\/uploads\/2022\/12\/IMG-20221217-WA0017.jpg\" \/>\n\t<meta property=\"og:image:width\" content=\"1000\" \/>\n\t<meta property=\"og:image:height\" content=\"750\" \/>\n\t<meta property=\"og:image:type\" content=\"image\/jpeg\" \/>\n<meta name=\"author\" content=\"Administrateur\" \/>\n<meta name=\"twitter:label1\" content=\"\u00c9crit par\" \/>\n\t<meta name=\"twitter:data1\" content=\"Administrateur\" \/>\n\t<meta name=\"twitter:label2\" content=\"Dur\u00e9e de lecture estim\u00e9e\" \/>\n\t<meta name=\"twitter:data2\" content=\"2 minutes\" \/>\n<script type=\"application\/ld+json\" class=\"yoast-schema-graph\">{\"@context\":\"https:\\\/\\\/schema.org\",\"@graph\":[{\"@type\":\"Article\",\"@id\":\"https:\\\/\\\/www.latribunedufaso.net\\\/?p=6789#article\",\"isPartOf\":{\"@id\":\"https:\\\/\\\/www.latribunedufaso.net\\\/?p=6789\"},\"author\":{\"name\":\"Administrateur\",\"@id\":\"https:\\\/\\\/www.latribunedufaso.net\\\/#\\\/schema\\\/person\\\/a380782d0605bb8aae27c40ea93b35b1\"},\"headline\":\"Protection and rights of children and adolescents: The NGO Educo equips journalists\",\"datePublished\":\"2022-12-18T10:12:26+00:00\",\"mainEntityOfPage\":{\"@id\":\"https:\\\/\\\/www.latribunedufaso.net\\\/?p=6789\"},\"wordCount\":472,\"commentCount\":0,\"publisher\":{\"@id\":\"https:\\\/\\\/www.latribunedufaso.net\\\/#organization\"},\"image\":{\"@id\":\"https:\\\/\\\/www.latribunedufaso.net\\\/?p=6789#primaryimage\"},\"thumbnailUrl\":\"https:\\\/\\\/www.latribunedufaso.net\\\/wp-content\\\/uploads\\\/2022\\\/12\\\/IMG-20221217-WA0017.jpg\",\"articleSection\":[\"A la une\",\"Actualit\u00e9\",\"Soci\u00e9t\u00e9\"],\"inLanguage\":\"fr-FR\",\"potentialAction\":[{\"@type\":\"CommentAction\",\"name\":\"Comment\",\"target\":[\"https:\\\/\\\/www.latribunedufaso.net\\\/?p=6789#respond\"]}]},{\"@type\":\"WebPage\",\"@id\":\"https:\\\/\\\/www.latribunedufaso.net\\\/?p=6789\",\"url\":\"https:\\\/\\\/www.latribunedufaso.net\\\/?p=6789\",\"name\":\"Protection and rights of children and adolescents: The NGO Educo equips journalists - La Tribune du Faso\",\"isPartOf\":{\"@id\":\"https:\\\/\\\/www.latribunedufaso.net\\\/#website\"},\"primaryImageOfPage\":{\"@id\":\"https:\\\/\\\/www.latribunedufaso.net\\\/?p=6789#primaryimage\"},\"image\":{\"@id\":\"https:\\\/\\\/www.latribunedufaso.net\\\/?p=6789#primaryimage\"},\"thumbnailUrl\":\"https:\\\/\\\/www.latribunedufaso.net\\\/wp-content\\\/uploads\\\/2022\\\/12\\\/IMG-20221217-WA0017.jpg\",\"datePublished\":\"2022-12-18T10:12:26+00:00\",\"breadcrumb\":{\"@id\":\"https:\\\/\\\/www.latribunedufaso.net\\\/?p=6789#breadcrumb\"},\"inLanguage\":\"fr-FR\",\"potentialAction\":[{\"@type\":\"ReadAction\",\"target\":[\"https:\\\/\\\/www.latribunedufaso.net\\\/?p=6789\"]}]},{\"@type\":\"ImageObject\",\"inLanguage\":\"fr-FR\",\"@id\":\"https:\\\/\\\/www.latribunedufaso.net\\\/?p=6789#primaryimage\",\"url\":\"https:\\\/\\\/www.latribunedufaso.net\\\/wp-content\\\/uploads\\\/2022\\\/12\\\/IMG-20221217-WA0017.jpg\",\"contentUrl\":\"https:\\\/\\\/www.latribunedufaso.net\\\/wp-content\\\/uploads\\\/2022\\\/12\\\/IMG-20221217-WA0017.jpg\",\"width\":1000,\"height\":750},{\"@type\":\"BreadcrumbList\",\"@id\":\"https:\\\/\\\/www.latribunedufaso.net\\\/?p=6789#breadcrumb\",\"itemListElement\":[{\"@type\":\"ListItem\",\"position\":1,\"name\":\"Accueil\",\"item\":\"https:\\\/\\\/www.latribunedufaso.net\\\/\"},{\"@type\":\"ListItem\",\"position\":2,\"name\":\"Protection and rights of children and adolescents: The NGO Educo equips journalists\"}]},{\"@type\":\"WebSite\",\"@id\":\"https:\\\/\\\/www.latribunedufaso.net\\\/#website\",\"url\":\"https:\\\/\\\/www.latribunedufaso.net\\\/\",\"name\":\"La Tribune du Faso\",\"description\":\"L&#039;information du monde rural en un clic\",\"publisher\":{\"@id\":\"https:\\\/\\\/www.latribunedufaso.net\\\/#organization\"},\"potentialAction\":[{\"@type\":\"SearchAction\",\"target\":{\"@type\":\"EntryPoint\",\"urlTemplate\":\"https:\\\/\\\/www.latribunedufaso.net\\\/?s={search_term_string}\"},\"query-input\":{\"@type\":\"PropertyValueSpecification\",\"valueRequired\":true,\"valueName\":\"search_term_string\"}}],\"inLanguage\":\"fr-FR\"},{\"@type\":\"Organization\",\"@id\":\"https:\\\/\\\/www.latribunedufaso.net\\\/#organization\",\"name\":\"La Tribune du Faso\",\"url\":\"https:\\\/\\\/www.latribunedufaso.net\\\/\",\"logo\":{\"@type\":\"ImageObject\",\"inLanguage\":\"fr-FR\",\"@id\":\"https:\\\/\\\/www.latribunedufaso.net\\\/#\\\/schema\\\/logo\\\/image\\\/\",\"url\":\"https:\\\/\\\/www.latribunedufaso.net\\\/wp-content\\\/uploads\\\/2020\\\/08\\\/Logo-Tribune-du-Faso-final-scaled.jpg\",\"contentUrl\":\"https:\\\/\\\/www.latribunedufaso.net\\\/wp-content\\\/uploads\\\/2020\\\/08\\\/Logo-Tribune-du-Faso-final-scaled.jpg\",\"width\":2560,\"height\":1856,\"caption\":\"La Tribune du Faso\"},\"image\":{\"@id\":\"https:\\\/\\\/www.latribunedufaso.net\\\/#\\\/schema\\\/logo\\\/image\\\/\"},\"sameAs\":[\"https:\\\/\\\/www.facebook.com\\\/LatribuneduFaso\\\/\"]},{\"@type\":\"Person\",\"@id\":\"https:\\\/\\\/www.latribunedufaso.net\\\/#\\\/schema\\\/person\\\/a380782d0605bb8aae27c40ea93b35b1\",\"name\":\"Administrateur\",\"image\":{\"@type\":\"ImageObject\",\"inLanguage\":\"fr-FR\",\"@id\":\"https:\\\/\\\/secure.gravatar.com\\\/avatar\\\/e20266f97d741f0e80ba1f60283074a9b3317fd7bfb727e0d95b51dafbf854a1?s=96&d=mm&r=g\",\"url\":\"https:\\\/\\\/secure.gravatar.com\\\/avatar\\\/e20266f97d741f0e80ba1f60283074a9b3317fd7bfb727e0d95b51dafbf854a1?s=96&d=mm&r=g\",\"contentUrl\":\"https:\\\/\\\/secure.gravatar.com\\\/avatar\\\/e20266f97d741f0e80ba1f60283074a9b3317fd7bfb727e0d95b51dafbf854a1?s=96&d=mm&r=g\",\"caption\":\"Administrateur\"},\"url\":\"https:\\\/\\\/www.latribunedufaso.net\\\/?author=2\"}]}<\/script>\n<!-- \/ Yoast SEO plugin. -->","yoast_head_json":{"title":"Protection and rights of children and adolescents: The NGO Educo equips journalists - La Tribune du Faso","robots":{"index":"index","follow":"follow","max-snippet":"max-snippet:-1","max-image-preview":"max-image-preview:large","max-video-preview":"max-video-preview:-1"},"canonical":"https:\/\/www.latribunedufaso.net\/?p=6789","og_locale":"fr_FR","og_type":"article","og_title":"Protection and rights of children and adolescents: The NGO Educo equips journalists - La Tribune du Faso","og_description":"The NGO Educo organized this Friday, December 16, 2022 in Ouagadougou, a capacity building workshop for media personnel on issues related to the protection and right to education of children and adolescents.\u00a0This activity was also intended to present the areas of intervention and the safeguarding and child protection policy of the NGO to the participants in order to increase its visibility.","og_url":"https:\/\/www.latribunedufaso.net\/?p=6789","og_site_name":"La Tribune du Faso","article_publisher":"https:\/\/www.facebook.com\/LatribuneduFaso\/","article_published_time":"2022-12-18T10:12:26+00:00","og_image":[{"width":1000,"height":750,"url":"https:\/\/www.latribunedufaso.net\/wp-content\/uploads\/2022\/12\/IMG-20221217-WA0017.jpg","type":"image\/jpeg"}],"author":"Administrateur","twitter_misc":{"\u00c9crit par":"Administrateur","Dur\u00e9e de lecture estim\u00e9e":"2 minutes"},"schema":{"@context":"https:\/\/schema.org","@graph":[{"@type":"Article","@id":"https:\/\/www.latribunedufaso.net\/?p=6789#article","isPartOf":{"@id":"https:\/\/www.latribunedufaso.net\/?p=6789"},"author":{"name":"Administrateur","@id":"https:\/\/www.latribunedufaso.net\/#\/schema\/person\/a380782d0605bb8aae27c40ea93b35b1"},"headline":"Protection and rights of children and adolescents: The NGO Educo equips journalists","datePublished":"2022-12-18T10:12:26+00:00","mainEntityOfPage":{"@id":"https:\/\/www.latribunedufaso.net\/?p=6789"},"wordCount":472,"commentCount":0,"publisher":{"@id":"https:\/\/www.latribunedufaso.net\/#organization"},"image":{"@id":"https:\/\/www.latribunedufaso.net\/?p=6789#primaryimage"},"thumbnailUrl":"https:\/\/www.latribunedufaso.net\/wp-content\/uploads\/2022\/12\/IMG-20221217-WA0017.jpg","articleSection":["A la une","Actualit\u00e9","Soci\u00e9t\u00e9"],"inLanguage":"fr-FR","potentialAction":[{"@type":"CommentAction","name":"Comment","target":["https:\/\/www.latribunedufaso.net\/?p=6789#respond"]}]},{"@type":"WebPage","@id":"https:\/\/www.latribunedufaso.net\/?p=6789","url":"https:\/\/www.latribunedufaso.net\/?p=6789","name":"Protection and rights of children and adolescents: The NGO Educo equips journalists - La Tribune du Faso","isPartOf":{"@id":"https:\/\/www.latribunedufaso.net\/#website"},"primaryImageOfPage":{"@id":"https:\/\/www.latribunedufaso.net\/?p=6789#primaryimage"},"image":{"@id":"https:\/\/www.latribunedufaso.net\/?p=6789#primaryimage"},"thumbnailUrl":"https:\/\/www.latribunedufaso.net\/wp-content\/uploads\/2022\/12\/IMG-20221217-WA0017.jpg","datePublished":"2022-12-18T10:12:26+00:00","breadcrumb":{"@id":"https:\/\/www.latribunedufaso.net\/?p=6789#breadcrumb"},"inLanguage":"fr-FR","potentialAction":[{"@type":"ReadAction","target":["https:\/\/www.latribunedufaso.net\/?p=6789"]}]},{"@type":"ImageObject","inLanguage":"fr-FR","@id":"https:\/\/www.latribunedufaso.net\/?p=6789#primaryimage","url":"https:\/\/www.latribunedufaso.net\/wp-content\/uploads\/2022\/12\/IMG-20221217-WA0017.jpg","contentUrl":"https:\/\/www.latribunedufaso.net\/wp-content\/uploads\/2022\/12\/IMG-20221217-WA0017.jpg","width":1000,"height":750},{"@type":"BreadcrumbList","@id":"https:\/\/www.latribunedufaso.net\/?p=6789#breadcrumb","itemListElement":[{"@type":"ListItem","position":1,"name":"Accueil","item":"https:\/\/www.latribunedufaso.net\/"},{"@type":"ListItem","position":2,"name":"Protection and rights of children and adolescents: The NGO Educo equips journalists"}]},{"@type":"WebSite","@id":"https:\/\/www.latribunedufaso.net\/#website","url":"https:\/\/www.latribunedufaso.net\/","name":"La Tribune du Faso","description":"L&#039;information du monde rural en un clic","publisher":{"@id":"https:\/\/www.latribunedufaso.net\/#organization"},"potentialAction":[{"@type":"SearchAction","target":{"@type":"EntryPoint","urlTemplate":"https:\/\/www.latribunedufaso.net\/?s={search_term_string}"},"query-input":{"@type":"PropertyValueSpecification","valueRequired":true,"valueName":"search_term_string"}}],"inLanguage":"fr-FR"},{"@type":"Organization","@id":"https:\/\/www.latribunedufaso.net\/#organization","name":"La Tribune du Faso","url":"https:\/\/www.latribunedufaso.net\/","logo":{"@type":"ImageObject","inLanguage":"fr-FR","@id":"https:\/\/www.latribunedufaso.net\/#\/schema\/logo\/image\/","url":"https:\/\/www.latribunedufaso.net\/wp-content\/uploads\/2020\/08\/Logo-Tribune-du-Faso-final-scaled.jpg","contentUrl":"https:\/\/www.latribunedufaso.net\/wp-content\/uploads\/2020\/08\/Logo-Tribune-du-Faso-final-scaled.jpg","width":2560,"height":1856,"caption":"La Tribune du Faso"},"image":{"@id":"https:\/\/www.latribunedufaso.net\/#\/schema\/logo\/image\/"},"sameAs":["https:\/\/www.facebook.com\/LatribuneduFaso\/"]},{"@type":"Person","@id":"https:\/\/www.latribunedufaso.net\/#\/schema\/person\/a380782d0605bb8aae27c40ea93b35b1","name":"Administrateur","image":{"@type":"ImageObject","inLanguage":"fr-FR","@id":"https:\/\/secure.gravatar.com\/avatar\/e20266f97d741f0e80ba1f60283074a9b3317fd7bfb727e0d95b51dafbf854a1?s=96&d=mm&r=g","url":"https:\/\/secure.gravatar.com\/avatar\/e20266f97d741f0e80ba1f60283074a9b3317fd7bfb727e0d95b51dafbf854a1?s=96&d=mm&r=g","contentUrl":"https:\/\/secure.gravatar.com\/avatar\/e20266f97d741f0e80ba1f60283074a9b3317fd7bfb727e0d95b51dafbf854a1?s=96&d=mm&r=g","caption":"Administrateur"},"url":"https:\/\/www.latribunedufaso.net\/?author=2"}]}},"_links":{"self":[{"href":"https:\/\/www.latribunedufaso.net\/index.php?rest_route=\/wp\/v2\/posts\/6789","targetHints":{"allow":["GET"]}}],"collection":[{"href":"https:\/\/www.latribunedufaso.net\/index.php?rest_route=\/wp\/v2\/posts"}],"about":[{"href":"https:\/\/www.latribunedufaso.net\/index.php?rest_route=\/wp\/v2\/types\/post"}],"author":[{"embeddable":true,"href":"https:\/\/www.latribunedufaso.net\/index.php?rest_route=\/wp\/v2\/users\/2"}],"replies":[{"embeddable":true,"href":"https:\/\/www.latribunedufaso.net\/index.php?rest_route=%2Fwp%2Fv2%2Fcomments&post=6789"}],"version-history":[{"count":1,"href":"https:\/\/www.latribunedufaso.net\/index.php?rest_route=\/wp\/v2\/posts\/6789\/revisions"}],"predecessor-version":[{"id":6790,"href":"https:\/\/www.latribunedufaso.net\/index.php?rest_route=\/wp\/v2\/posts\/6789\/revisions\/6790"}],"wp:featuredmedia":[{"embeddable":true,"href":"https:\/\/www.latribunedufaso.net\/index.php?rest_route=\/wp\/v2\/media\/6784"}],"wp:attachment":[{"href":"https:\/\/www.latribunedufaso.net\/index.php?rest_route=%2Fwp%2Fv2%2Fmedia&parent=6789"}],"wp:term":[{"taxonomy":"category","embeddable":true,"href":"https:\/\/www.latribunedufaso.net\/index.php?rest_route=%2Fwp%2Fv2%2Fcategories&post=6789"},{"taxonomy":"post_tag","embeddable":true,"href":"https:\/\/www.latribunedufaso.net\/index.php?rest_route=%2Fwp%2Fv2%2Ftags&post=6789"}],"curies":[{"name":"wp","href":"https:\/\/api.w.org\/{rel}","templated":true}]}}