{"id":6749,"date":"2022-12-13T23:41:20","date_gmt":"2022-12-13T23:41:20","guid":{"rendered":"https:\/\/www.latribunedufaso.net\/?p=6749"},"modified":"2022-12-14T13:57:08","modified_gmt":"2022-12-14T13:57:08","slug":"iamgold-essakane-sa-la-11e-edition-des-journees-sante-securite-environnement-placee-sous-le-signe-de-lengagement-individuel-et-collectif","status":"publish","type":"post","link":"https:\/\/www.latribunedufaso.net\/?p=6749","title":{"rendered":"IAMGOLD Essakane SA : La 11e \u00e9dition des Journ\u00e9es Sant\u00e9 S\u00e9curit\u00e9 Environnement plac\u00e9e sous le signe de l\u2019engagement individuel et collectif"},"content":{"rendered":"<p style=\"text-align: justify;\"><strong><span style=\"font-size: 1.0625rem;\">\u00ab La r\u00e9silience en sant\u00e9 s\u00e9curit\u00e9 environnement : Un engagement individuel et une culture collective \u00bb. C&rsquo;est sous ce th\u00e8me que se tient la 11e \u00e9dition des Journ\u00e9es Sant\u00e9 S\u00e9curit\u00e9 Environnement (JSSE) de IAMGOLD Essakane SA. La c\u00e9r\u00e9monie d\u2019ouverture a eu lieu ce mardi 13 d\u00e9cembre 2022 \u00e0 la salle de conf\u00e9rences de Ouaga 2000. Cette activit\u00e9 vise \u00e0 sensibiliser et \u00e0 promouvoir les meilleures pratiques en sant\u00e9 s\u00e9curit\u00e9 et en gestion de l\u2019environnement dans les mines.\u00a0<\/span><\/strong><br \/><!--more--><\/p>\n<p style=\"text-align: justify;\"><a href=\"https:\/\/latribunedufaso.net\/wp-content\/uploads\/2022\/12\/IMG-20221213-WA0010.jpg\"><img loading=\"lazy\" decoding=\"async\" class=\"size-medium wp-image-6755 alignleft\" src=\"https:\/\/latribunedufaso.net\/wp-content\/uploads\/2022\/12\/IMG-20221213-WA0010-300x225.jpg\" alt=\"\" width=\"300\" height=\"225\" srcset=\"https:\/\/www.latribunedufaso.net\/wp-content\/uploads\/2022\/12\/IMG-20221213-WA0010-300x225.jpg 300w, https:\/\/www.latribunedufaso.net\/wp-content\/uploads\/2022\/12\/IMG-20221213-WA0010-768x576.jpg 768w, https:\/\/www.latribunedufaso.net\/wp-content\/uploads\/2022\/12\/IMG-20221213-WA0010.jpg 1000w\" sizes=\"auto, (max-width: 300px) 100vw, 300px\" \/><\/a>La sant\u00e9 s\u00e9curit\u00e9 environnement est une culture d\u2019entreprise chez IAMGOLD Essakane SA. Cet engagement est mat\u00e9rialis\u00e9 par l\u2019application de politiques sant\u00e9 s\u00e9curit\u00e9, de d\u00e9veloppement durable et environnement. Ces politiques sont applicables aussi bien au travailleurs qu\u2019\u00e0 la soci\u00e9t\u00e9. \u00ab\u00a0Chez nous, nos employ\u00e9s sont notre premi\u00e8re ressource. Pour ce faire, nous nous sommes engag\u00e9s \u00e0 prendre toutes les dispositions afin qu\u2019ils viennent travailler et rejoignent leurs familles sains et saufs, d\u2019o\u00f9 l\u2019institutionnalisation chaque ann\u00e9e des Journ\u00e9es Sant\u00e9 S\u00e9curit\u00e9 et Environnement\u00a0\u00bb a indiqu\u00e9 le Directeur g\u00e9n\u00e9ral d\u2019IAMGOLD Essakane SA, Tidiane Barry.<\/p>\n<p style=\"text-align: justify;\"><a href=\"https:\/\/latribunedufaso.net\/wp-content\/uploads\/2022\/12\/IMG-20221213-WA0027.jpg\"><img loading=\"lazy\" decoding=\"async\" class=\"size-medium wp-image-6753 alignleft\" src=\"https:\/\/latribunedufaso.net\/wp-content\/uploads\/2022\/12\/IMG-20221213-WA0027-300x225.jpg\" alt=\"\" width=\"300\" height=\"225\" srcset=\"https:\/\/www.latribunedufaso.net\/wp-content\/uploads\/2022\/12\/IMG-20221213-WA0027-300x225.jpg 300w, https:\/\/www.latribunedufaso.net\/wp-content\/uploads\/2022\/12\/IMG-20221213-WA0027-768x576.jpg 768w, https:\/\/www.latribunedufaso.net\/wp-content\/uploads\/2022\/12\/IMG-20221213-WA0027.jpg 1000w\" sizes=\"auto, (max-width: 300px) 100vw, 300px\" \/><\/a>Ces journ\u00e9es visent \u00e0 faire un bilan des actions de pr\u00e9vention, de promotion et d\u2019innovations en sant\u00e9 s\u00e9curit\u00e9 de la soci\u00e9t\u00e9 afin d\u2019en tirer les meilleures perspectives qui mettront davantage en s\u00e9curit\u00e9 les employ\u00e9s. Elles conna\u00eetront la participation des employ\u00e9s de la soci\u00e9t\u00e9, ces sous-traitants, des \u00e9tudiants ainsi que tous les acteurs du secteur minier.<\/p>\n<p style=\"text-align: justify;\">Au programme, plusieurs activit\u00e9s sont pr\u00e9vues pendant ces 72 heures. Il y aura des visites de stands, un panel suivi des \u00e9changes, une campagne de d\u00e9pistage de l\u2019h\u00e9patite B et C, du VIH\/SIDA, une op\u00e9ration de don de sang, des sketches et s\u00e9ances de sensibilisation et des t\u00e9moignages de personnes victimes d\u2019accidents de travail. Aussi, il est pr\u00e9vu des programmes MBA qui feront la promotion de la sant\u00e9 s\u00e9curit\u00e9.<\/p>\n<p style=\"text-align: justify;\"><a href=\"https:\/\/latribunedufaso.net\/wp-content\/uploads\/2022\/12\/IMG-20221214-WA0007.jpg\"><img loading=\"lazy\" decoding=\"async\" class=\"size-medium wp-image-6766 alignleft\" src=\"https:\/\/latribunedufaso.net\/wp-content\/uploads\/2022\/12\/IMG-20221214-WA0007-300x225.jpg\" alt=\"\" width=\"300\" height=\"225\" srcset=\"https:\/\/www.latribunedufaso.net\/wp-content\/uploads\/2022\/12\/IMG-20221214-WA0007-300x225.jpg 300w, https:\/\/www.latribunedufaso.net\/wp-content\/uploads\/2022\/12\/IMG-20221214-WA0007-768x576.jpg 768w, https:\/\/www.latribunedufaso.net\/wp-content\/uploads\/2022\/12\/IMG-20221214-WA0007.jpg 1000w\" sizes=\"auto, (max-width: 300px) 100vw, 300px\" \/><\/a>La c\u00e9r\u00e9monie d\u2019ouverture \u00e9tait plac\u00e9e sous le parrainage du ministre de l\u2019Environnement, de l\u2019Eau et de l\u2019Assainissement, Dr Augustin Kabor\u00e9, repr\u00e9sentant son homologue des Mines et Carri\u00e8res. Pour lui, le th\u00e8me de cette \u00e9dition \u00ab\u00a0La r\u00e9silience en sant\u00e9 s\u00e9curit\u00e9 environnement\u00a0: un engagement individuel et une culture collective \u00bb, trouve toute sa pertinence dans un contexte d\u2019industries mini\u00e8res o\u00f9 les accidents de travail semblent \u00eatre l\u00e9gions. C\u2019est pourquoi, a-t-il poursuivi, le gouvernement fait de la protection sociale des travailleurs une priorit\u00e9. Il a exhort\u00e9 la soci\u00e9t\u00e9 \u00e0 continuer dans cette lanc\u00e9e en poursuivant ses efforts de promotion de la sant\u00e9, de la s\u00e9curit\u00e9 et de la protection de l\u2019environnement.<\/p>\n<p style=\"text-align: justify;\">La c\u00e9r\u00e9monie a pris fin avec la remise de prix aux meilleures d\u00e9partements de la soci\u00e9t\u00e9 qui se sont distingu\u00e9s \u00e0 la culture de la sant\u00e9, s\u00e9curit\u00e9, environnement. Ainsi qu&rsquo;une visite des stands.<\/p>\n<p style=\"text-align: justify;\"><strong>Issouf Tapsoba\u00a0<\/strong><\/p>\n<p style=\"text-align: justify;\"><strong>Latribunedufaso.net<\/strong><\/p>\n<p><a href=\"https:\/\/latribunedufaso.net\/wp-content\/uploads\/2022\/12\/IMG-20221213-WA0026.jpg\"><img loading=\"lazy\" decoding=\"async\" class=\"alignnone size-medium wp-image-6763\" src=\"https:\/\/latribunedufaso.net\/wp-content\/uploads\/2022\/12\/IMG-20221213-WA0026-300x225.jpg\" alt=\"\" width=\"300\" height=\"225\" srcset=\"https:\/\/www.latribunedufaso.net\/wp-content\/uploads\/2022\/12\/IMG-20221213-WA0026-300x225.jpg 300w, https:\/\/www.latribunedufaso.net\/wp-content\/uploads\/2022\/12\/IMG-20221213-WA0026-768x576.jpg 768w, https:\/\/www.latribunedufaso.net\/wp-content\/uploads\/2022\/12\/IMG-20221213-WA0026.jpg 1000w\" sizes=\"auto, (max-width: 300px) 100vw, 300px\" \/><\/a><a href=\"https:\/\/latribunedufaso.net\/wp-content\/uploads\/2022\/12\/IMG-20221213-WA0013.jpg\"><img loading=\"lazy\" decoding=\"async\" class=\"alignnone size-medium wp-image-6759\" src=\"https:\/\/latribunedufaso.net\/wp-content\/uploads\/2022\/12\/IMG-20221213-WA0013-300x225.jpg\" alt=\"\" width=\"300\" height=\"225\" srcset=\"https:\/\/www.latribunedufaso.net\/wp-content\/uploads\/2022\/12\/IMG-20221213-WA0013-300x225.jpg 300w, https:\/\/www.latribunedufaso.net\/wp-content\/uploads\/2022\/12\/IMG-20221213-WA0013-768x576.jpg 768w, https:\/\/www.latribunedufaso.net\/wp-content\/uploads\/2022\/12\/IMG-20221213-WA0013.jpg 1000w\" sizes=\"auto, (max-width: 300px) 100vw, 300px\" \/><\/a><a href=\"https:\/\/latribunedufaso.net\/wp-content\/uploads\/2022\/12\/IMG-20221213-WA0015.jpg\"><img loading=\"lazy\" decoding=\"async\" class=\"alignnone size-medium wp-image-6756\" src=\"https:\/\/latribunedufaso.net\/wp-content\/uploads\/2022\/12\/IMG-20221213-WA0015-300x225.jpg\" alt=\"\" width=\"300\" height=\"225\" srcset=\"https:\/\/www.latribunedufaso.net\/wp-content\/uploads\/2022\/12\/IMG-20221213-WA0015-300x225.jpg 300w, https:\/\/www.latribunedufaso.net\/wp-content\/uploads\/2022\/12\/IMG-20221213-WA0015-768x576.jpg 768w, https:\/\/www.latribunedufaso.net\/wp-content\/uploads\/2022\/12\/IMG-20221213-WA0015.jpg 1000w\" sizes=\"auto, (max-width: 300px) 100vw, 300px\" \/><\/a><a href=\"https:\/\/latribunedufaso.net\/wp-content\/uploads\/2022\/12\/IMG-20221213-WA0028.jpg\"><img loading=\"lazy\" decoding=\"async\" class=\"alignnone size-medium wp-image-6751\" src=\"https:\/\/latribunedufaso.net\/wp-content\/uploads\/2022\/12\/IMG-20221213-WA0028-300x225.jpg\" alt=\"\" width=\"300\" height=\"225\" srcset=\"https:\/\/www.latribunedufaso.net\/wp-content\/uploads\/2022\/12\/IMG-20221213-WA0028-300x225.jpg 300w, https:\/\/www.latribunedufaso.net\/wp-content\/uploads\/2022\/12\/IMG-20221213-WA0028-768x576.jpg 768w, https:\/\/www.latribunedufaso.net\/wp-content\/uploads\/2022\/12\/IMG-20221213-WA0028.jpg 1000w\" sizes=\"auto, (max-width: 300px) 100vw, 300px\" \/><\/a><a href=\"https:\/\/latribunedufaso.net\/wp-content\/uploads\/2022\/12\/IMG-20221213-WA0021.jpg\"><img loading=\"lazy\" decoding=\"async\" class=\"alignnone size-medium wp-image-6758\" src=\"https:\/\/latribunedufaso.net\/wp-content\/uploads\/2022\/12\/IMG-20221213-WA0021-300x225.jpg\" alt=\"\" width=\"300\" height=\"225\" srcset=\"https:\/\/www.latribunedufaso.net\/wp-content\/uploads\/2022\/12\/IMG-20221213-WA0021-300x225.jpg 300w, https:\/\/www.latribunedufaso.net\/wp-content\/uploads\/2022\/12\/IMG-20221213-WA0021-768x576.jpg 768w, https:\/\/www.latribunedufaso.net\/wp-content\/uploads\/2022\/12\/IMG-20221213-WA0021.jpg 1000w\" sizes=\"auto, (max-width: 300px) 100vw, 300px\" \/><\/a><a href=\"https:\/\/latribunedufaso.net\/wp-content\/uploads\/2022\/12\/IMG-20221213-WA0012.jpg\"><img loading=\"lazy\" decoding=\"async\" class=\"alignnone size-medium wp-image-6754\" src=\"https:\/\/latribunedufaso.net\/wp-content\/uploads\/2022\/12\/IMG-20221213-WA0012-300x225.jpg\" alt=\"\" width=\"300\" height=\"225\" srcset=\"https:\/\/www.latribunedufaso.net\/wp-content\/uploads\/2022\/12\/IMG-20221213-WA0012-300x225.jpg 300w, https:\/\/www.latribunedufaso.net\/wp-content\/uploads\/2022\/12\/IMG-20221213-WA0012-768x576.jpg 768w, https:\/\/www.latribunedufaso.net\/wp-content\/uploads\/2022\/12\/IMG-20221213-WA0012.jpg 1000w\" sizes=\"auto, (max-width: 300px) 100vw, 300px\" \/><\/a><a href=\"https:\/\/latribunedufaso.net\/wp-content\/uploads\/2022\/12\/IMG-20221213-WA0025.jpg\"><img loading=\"lazy\" decoding=\"async\" class=\"alignnone size-medium wp-image-6762\" src=\"https:\/\/latribunedufaso.net\/wp-content\/uploads\/2022\/12\/IMG-20221213-WA0025-300x225.jpg\" alt=\"\" width=\"300\" height=\"225\" srcset=\"https:\/\/www.latribunedufaso.net\/wp-content\/uploads\/2022\/12\/IMG-20221213-WA0025-300x225.jpg 300w, https:\/\/www.latribunedufaso.net\/wp-content\/uploads\/2022\/12\/IMG-20221213-WA0025-768x576.jpg 768w, https:\/\/www.latribunedufaso.net\/wp-content\/uploads\/2022\/12\/IMG-20221213-WA0025.jpg 1000w\" sizes=\"auto, (max-width: 300px) 100vw, 300px\" \/><\/a><a href=\"https:\/\/latribunedufaso.net\/wp-content\/uploads\/2022\/12\/IMG-20221213-WA0017.jpg\"><img loading=\"lazy\" decoding=\"async\" class=\"alignnone size-medium wp-image-6757\" src=\"https:\/\/latribunedufaso.net\/wp-content\/uploads\/2022\/12\/IMG-20221213-WA0017-300x225.jpg\" alt=\"\" width=\"300\" height=\"225\" srcset=\"https:\/\/www.latribunedufaso.net\/wp-content\/uploads\/2022\/12\/IMG-20221213-WA0017-300x225.jpg 300w, https:\/\/www.latribunedufaso.net\/wp-content\/uploads\/2022\/12\/IMG-20221213-WA0017-768x576.jpg 768w, https:\/\/www.latribunedufaso.net\/wp-content\/uploads\/2022\/12\/IMG-20221213-WA0017.jpg 1000w\" sizes=\"auto, (max-width: 300px) 100vw, 300px\" \/><\/a><a href=\"https:\/\/latribunedufaso.net\/wp-content\/uploads\/2022\/12\/IMG-20221213-WA0025.jpg\"><\/a><\/p>\n","protected":false},"excerpt":{"rendered":"<p>\u00ab La r\u00e9silience en sant\u00e9 s\u00e9curit\u00e9 environnement : Un engagement individuel et une culture collective \u00bb. C&rsquo;est sous ce th\u00e8me que se tient la 11e \u00e9dition des Journ\u00e9es Sant\u00e9 S\u00e9curit\u00e9 Environnement (JSSE) de IAMGOLD Essakane SA. La c\u00e9r\u00e9monie d\u2019ouverture a eu lieu ce mardi 13 d\u00e9cembre 2022 \u00e0 la salle de conf\u00e9rences de Ouaga 2000. Cette activit\u00e9 vise \u00e0 sensibiliser et \u00e0 promouvoir les meilleures pratiques en sant\u00e9 s\u00e9curit\u00e9 et en gestion de l\u2019environnement dans les mines.\u00a0<\/p>\n","protected":false},"author":2,"featured_media":6750,"comment_status":"open","ping_status":"open","sticky":false,"template":"","format":"standard","meta":{"footnotes":""},"categories":[13,1,5,19],"tags":[],"class_list":["post-6749","post","type-post","status-publish","format-standard","has-post-thumbnail","hentry","category-une","category-actu","category-envir","category-mines-et-carrieres"],"yoast_head":"<!-- This site is optimized with the Yoast SEO plugin v27.5 - https:\/\/yoast.com\/product\/yoast-seo-wordpress\/ -->\n<title>IAMGOLD Essakane SA : La 11e \u00e9dition des Journ\u00e9es Sant\u00e9 S\u00e9curit\u00e9 Environnement plac\u00e9e sous le signe de l\u2019engagement individuel et collectif - La Tribune du Faso<\/title>\n<meta name=\"robots\" content=\"index, follow, max-snippet:-1, max-image-preview:large, max-video-preview:-1\" \/>\n<link rel=\"canonical\" href=\"https:\/\/www.latribunedufaso.net\/?p=6749\" \/>\n<meta property=\"og:locale\" content=\"fr_FR\" \/>\n<meta property=\"og:type\" content=\"article\" \/>\n<meta property=\"og:title\" content=\"IAMGOLD Essakane SA : La 11e \u00e9dition des Journ\u00e9es Sant\u00e9 S\u00e9curit\u00e9 Environnement plac\u00e9e sous le signe de l\u2019engagement individuel et collectif - La Tribune du Faso\" \/>\n<meta property=\"og:description\" content=\"\u00ab La r\u00e9silience en sant\u00e9 s\u00e9curit\u00e9 environnement : Un engagement individuel et une culture collective \u00bb. C&rsquo;est sous ce th\u00e8me que se tient la 11e \u00e9dition des Journ\u00e9es Sant\u00e9 S\u00e9curit\u00e9 Environnement (JSSE) de IAMGOLD Essakane SA. La c\u00e9r\u00e9monie d\u2019ouverture a eu lieu ce mardi 13 d\u00e9cembre 2022 \u00e0 la salle de conf\u00e9rences de Ouaga 2000. Cette activit\u00e9 vise \u00e0 sensibiliser et \u00e0 promouvoir les meilleures pratiques en sant\u00e9 s\u00e9curit\u00e9 et en gestion de l\u2019environnement dans les mines.\u00a0\" \/>\n<meta property=\"og:url\" content=\"https:\/\/www.latribunedufaso.net\/?p=6749\" \/>\n<meta property=\"og:site_name\" content=\"La Tribune du Faso\" \/>\n<meta property=\"article:publisher\" content=\"https:\/\/www.facebook.com\/LatribuneduFaso\/\" \/>\n<meta property=\"article:published_time\" content=\"2022-12-13T23:41:20+00:00\" \/>\n<meta property=\"article:modified_time\" content=\"2022-12-14T13:57:08+00:00\" \/>\n<meta property=\"og:image\" content=\"https:\/\/www.latribunedufaso.net\/wp-content\/uploads\/2022\/12\/IMG-20221213-WA0029.jpg\" \/>\n\t<meta property=\"og:image:width\" content=\"1000\" \/>\n\t<meta property=\"og:image:height\" content=\"750\" \/>\n\t<meta property=\"og:image:type\" content=\"image\/jpeg\" \/>\n<meta name=\"author\" content=\"Administrateur\" \/>\n<meta name=\"twitter:label1\" content=\"\u00c9crit par\" \/>\n\t<meta name=\"twitter:data1\" content=\"Administrateur\" \/>\n\t<meta name=\"twitter:label2\" content=\"Dur\u00e9e de lecture estim\u00e9e\" \/>\n\t<meta name=\"twitter:data2\" content=\"3 minutes\" \/>\n<script type=\"application\/ld+json\" class=\"yoast-schema-graph\">{\"@context\":\"https:\\\/\\\/schema.org\",\"@graph\":[{\"@type\":\"Article\",\"@id\":\"https:\\\/\\\/www.latribunedufaso.net\\\/?p=6749#article\",\"isPartOf\":{\"@id\":\"https:\\\/\\\/www.latribunedufaso.net\\\/?p=6749\"},\"author\":{\"name\":\"Administrateur\",\"@id\":\"https:\\\/\\\/www.latribunedufaso.net\\\/#\\\/schema\\\/person\\\/a380782d0605bb8aae27c40ea93b35b1\"},\"headline\":\"IAMGOLD Essakane SA : La 11e \u00e9dition des Journ\u00e9es Sant\u00e9 S\u00e9curit\u00e9 Environnement plac\u00e9e sous le signe de l\u2019engagement individuel et collectif\",\"datePublished\":\"2022-12-13T23:41:20+00:00\",\"dateModified\":\"2022-12-14T13:57:08+00:00\",\"mainEntityOfPage\":{\"@id\":\"https:\\\/\\\/www.latribunedufaso.net\\\/?p=6749\"},\"wordCount\":526,\"commentCount\":0,\"publisher\":{\"@id\":\"https:\\\/\\\/www.latribunedufaso.net\\\/#organization\"},\"image\":{\"@id\":\"https:\\\/\\\/www.latribunedufaso.net\\\/?p=6749#primaryimage\"},\"thumbnailUrl\":\"https:\\\/\\\/www.latribunedufaso.net\\\/wp-content\\\/uploads\\\/2022\\\/12\\\/IMG-20221213-WA0029.jpg\",\"articleSection\":[\"A la une\",\"Actualit\u00e9\",\"Environnement\",\"Mines et Carri\u00e8res\"],\"inLanguage\":\"fr-FR\",\"potentialAction\":[{\"@type\":\"CommentAction\",\"name\":\"Comment\",\"target\":[\"https:\\\/\\\/www.latribunedufaso.net\\\/?p=6749#respond\"]}]},{\"@type\":\"WebPage\",\"@id\":\"https:\\\/\\\/www.latribunedufaso.net\\\/?p=6749\",\"url\":\"https:\\\/\\\/www.latribunedufaso.net\\\/?p=6749\",\"name\":\"IAMGOLD Essakane SA : La 11e \u00e9dition des Journ\u00e9es Sant\u00e9 S\u00e9curit\u00e9 Environnement plac\u00e9e sous le signe de l\u2019engagement individuel et collectif - La Tribune du Faso\",\"isPartOf\":{\"@id\":\"https:\\\/\\\/www.latribunedufaso.net\\\/#website\"},\"primaryImageOfPage\":{\"@id\":\"https:\\\/\\\/www.latribunedufaso.net\\\/?p=6749#primaryimage\"},\"image\":{\"@id\":\"https:\\\/\\\/www.latribunedufaso.net\\\/?p=6749#primaryimage\"},\"thumbnailUrl\":\"https:\\\/\\\/www.latribunedufaso.net\\\/wp-content\\\/uploads\\\/2022\\\/12\\\/IMG-20221213-WA0029.jpg\",\"datePublished\":\"2022-12-13T23:41:20+00:00\",\"dateModified\":\"2022-12-14T13:57:08+00:00\",\"breadcrumb\":{\"@id\":\"https:\\\/\\\/www.latribunedufaso.net\\\/?p=6749#breadcrumb\"},\"inLanguage\":\"fr-FR\",\"potentialAction\":[{\"@type\":\"ReadAction\",\"target\":[\"https:\\\/\\\/www.latribunedufaso.net\\\/?p=6749\"]}]},{\"@type\":\"ImageObject\",\"inLanguage\":\"fr-FR\",\"@id\":\"https:\\\/\\\/www.latribunedufaso.net\\\/?p=6749#primaryimage\",\"url\":\"https:\\\/\\\/www.latribunedufaso.net\\\/wp-content\\\/uploads\\\/2022\\\/12\\\/IMG-20221213-WA0029.jpg\",\"contentUrl\":\"https:\\\/\\\/www.latribunedufaso.net\\\/wp-content\\\/uploads\\\/2022\\\/12\\\/IMG-20221213-WA0029.jpg\",\"width\":1000,\"height\":750},{\"@type\":\"BreadcrumbList\",\"@id\":\"https:\\\/\\\/www.latribunedufaso.net\\\/?p=6749#breadcrumb\",\"itemListElement\":[{\"@type\":\"ListItem\",\"position\":1,\"name\":\"Accueil\",\"item\":\"https:\\\/\\\/www.latribunedufaso.net\\\/\"},{\"@type\":\"ListItem\",\"position\":2,\"name\":\"IAMGOLD Essakane SA : La 11e \u00e9dition des Journ\u00e9es Sant\u00e9 S\u00e9curit\u00e9 Environnement plac\u00e9e sous le signe de l\u2019engagement individuel et collectif\"}]},{\"@type\":\"WebSite\",\"@id\":\"https:\\\/\\\/www.latribunedufaso.net\\\/#website\",\"url\":\"https:\\\/\\\/www.latribunedufaso.net\\\/\",\"name\":\"La Tribune du Faso\",\"description\":\"L&#039;information du monde rural en un clic\",\"publisher\":{\"@id\":\"https:\\\/\\\/www.latribunedufaso.net\\\/#organization\"},\"potentialAction\":[{\"@type\":\"SearchAction\",\"target\":{\"@type\":\"EntryPoint\",\"urlTemplate\":\"https:\\\/\\\/www.latribunedufaso.net\\\/?s={search_term_string}\"},\"query-input\":{\"@type\":\"PropertyValueSpecification\",\"valueRequired\":true,\"valueName\":\"search_term_string\"}}],\"inLanguage\":\"fr-FR\"},{\"@type\":\"Organization\",\"@id\":\"https:\\\/\\\/www.latribunedufaso.net\\\/#organization\",\"name\":\"La Tribune du Faso\",\"url\":\"https:\\\/\\\/www.latribunedufaso.net\\\/\",\"logo\":{\"@type\":\"ImageObject\",\"inLanguage\":\"fr-FR\",\"@id\":\"https:\\\/\\\/www.latribunedufaso.net\\\/#\\\/schema\\\/logo\\\/image\\\/\",\"url\":\"https:\\\/\\\/www.latribunedufaso.net\\\/wp-content\\\/uploads\\\/2020\\\/08\\\/Logo-Tribune-du-Faso-final-scaled.jpg\",\"contentUrl\":\"https:\\\/\\\/www.latribunedufaso.net\\\/wp-content\\\/uploads\\\/2020\\\/08\\\/Logo-Tribune-du-Faso-final-scaled.jpg\",\"width\":2560,\"height\":1856,\"caption\":\"La Tribune du Faso\"},\"image\":{\"@id\":\"https:\\\/\\\/www.latribunedufaso.net\\\/#\\\/schema\\\/logo\\\/image\\\/\"},\"sameAs\":[\"https:\\\/\\\/www.facebook.com\\\/LatribuneduFaso\\\/\"]},{\"@type\":\"Person\",\"@id\":\"https:\\\/\\\/www.latribunedufaso.net\\\/#\\\/schema\\\/person\\\/a380782d0605bb8aae27c40ea93b35b1\",\"name\":\"Administrateur\",\"image\":{\"@type\":\"ImageObject\",\"inLanguage\":\"fr-FR\",\"@id\":\"https:\\\/\\\/secure.gravatar.com\\\/avatar\\\/e20266f97d741f0e80ba1f60283074a9b3317fd7bfb727e0d95b51dafbf854a1?s=96&d=mm&r=g\",\"url\":\"https:\\\/\\\/secure.gravatar.com\\\/avatar\\\/e20266f97d741f0e80ba1f60283074a9b3317fd7bfb727e0d95b51dafbf854a1?s=96&d=mm&r=g\",\"contentUrl\":\"https:\\\/\\\/secure.gravatar.com\\\/avatar\\\/e20266f97d741f0e80ba1f60283074a9b3317fd7bfb727e0d95b51dafbf854a1?s=96&d=mm&r=g\",\"caption\":\"Administrateur\"},\"url\":\"https:\\\/\\\/www.latribunedufaso.net\\\/?author=2\"}]}<\/script>\n<!-- \/ Yoast SEO plugin. -->","yoast_head_json":{"title":"IAMGOLD Essakane SA : La 11e \u00e9dition des Journ\u00e9es Sant\u00e9 S\u00e9curit\u00e9 Environnement plac\u00e9e sous le signe de l\u2019engagement individuel et collectif - La Tribune du Faso","robots":{"index":"index","follow":"follow","max-snippet":"max-snippet:-1","max-image-preview":"max-image-preview:large","max-video-preview":"max-video-preview:-1"},"canonical":"https:\/\/www.latribunedufaso.net\/?p=6749","og_locale":"fr_FR","og_type":"article","og_title":"IAMGOLD Essakane SA : La 11e \u00e9dition des Journ\u00e9es Sant\u00e9 S\u00e9curit\u00e9 Environnement plac\u00e9e sous le signe de l\u2019engagement individuel et collectif - La Tribune du Faso","og_description":"\u00ab La r\u00e9silience en sant\u00e9 s\u00e9curit\u00e9 environnement : Un engagement individuel et une culture collective \u00bb. C&rsquo;est sous ce th\u00e8me que se tient la 11e \u00e9dition des Journ\u00e9es Sant\u00e9 S\u00e9curit\u00e9 Environnement (JSSE) de IAMGOLD Essakane SA. La c\u00e9r\u00e9monie d\u2019ouverture a eu lieu ce mardi 13 d\u00e9cembre 2022 \u00e0 la salle de conf\u00e9rences de Ouaga 2000. Cette activit\u00e9 vise \u00e0 sensibiliser et \u00e0 promouvoir les meilleures pratiques en sant\u00e9 s\u00e9curit\u00e9 et en gestion de l\u2019environnement dans les mines.\u00a0","og_url":"https:\/\/www.latribunedufaso.net\/?p=6749","og_site_name":"La Tribune du Faso","article_publisher":"https:\/\/www.facebook.com\/LatribuneduFaso\/","article_published_time":"2022-12-13T23:41:20+00:00","article_modified_time":"2022-12-14T13:57:08+00:00","og_image":[{"width":1000,"height":750,"url":"https:\/\/www.latribunedufaso.net\/wp-content\/uploads\/2022\/12\/IMG-20221213-WA0029.jpg","type":"image\/jpeg"}],"author":"Administrateur","twitter_misc":{"\u00c9crit par":"Administrateur","Dur\u00e9e de lecture estim\u00e9e":"3 minutes"},"schema":{"@context":"https:\/\/schema.org","@graph":[{"@type":"Article","@id":"https:\/\/www.latribunedufaso.net\/?p=6749#article","isPartOf":{"@id":"https:\/\/www.latribunedufaso.net\/?p=6749"},"author":{"name":"Administrateur","@id":"https:\/\/www.latribunedufaso.net\/#\/schema\/person\/a380782d0605bb8aae27c40ea93b35b1"},"headline":"IAMGOLD Essakane SA : La 11e \u00e9dition des Journ\u00e9es Sant\u00e9 S\u00e9curit\u00e9 Environnement plac\u00e9e sous le signe de l\u2019engagement individuel et collectif","datePublished":"2022-12-13T23:41:20+00:00","dateModified":"2022-12-14T13:57:08+00:00","mainEntityOfPage":{"@id":"https:\/\/www.latribunedufaso.net\/?p=6749"},"wordCount":526,"commentCount":0,"publisher":{"@id":"https:\/\/www.latribunedufaso.net\/#organization"},"image":{"@id":"https:\/\/www.latribunedufaso.net\/?p=6749#primaryimage"},"thumbnailUrl":"https:\/\/www.latribunedufaso.net\/wp-content\/uploads\/2022\/12\/IMG-20221213-WA0029.jpg","articleSection":["A la une","Actualit\u00e9","Environnement","Mines et Carri\u00e8res"],"inLanguage":"fr-FR","potentialAction":[{"@type":"CommentAction","name":"Comment","target":["https:\/\/www.latribunedufaso.net\/?p=6749#respond"]}]},{"@type":"WebPage","@id":"https:\/\/www.latribunedufaso.net\/?p=6749","url":"https:\/\/www.latribunedufaso.net\/?p=6749","name":"IAMGOLD Essakane SA : La 11e \u00e9dition des Journ\u00e9es Sant\u00e9 S\u00e9curit\u00e9 Environnement plac\u00e9e sous le signe de l\u2019engagement individuel et collectif - La Tribune du Faso","isPartOf":{"@id":"https:\/\/www.latribunedufaso.net\/#website"},"primaryImageOfPage":{"@id":"https:\/\/www.latribunedufaso.net\/?p=6749#primaryimage"},"image":{"@id":"https:\/\/www.latribunedufaso.net\/?p=6749#primaryimage"},"thumbnailUrl":"https:\/\/www.latribunedufaso.net\/wp-content\/uploads\/2022\/12\/IMG-20221213-WA0029.jpg","datePublished":"2022-12-13T23:41:20+00:00","dateModified":"2022-12-14T13:57:08+00:00","breadcrumb":{"@id":"https:\/\/www.latribunedufaso.net\/?p=6749#breadcrumb"},"inLanguage":"fr-FR","potentialAction":[{"@type":"ReadAction","target":["https:\/\/www.latribunedufaso.net\/?p=6749"]}]},{"@type":"ImageObject","inLanguage":"fr-FR","@id":"https:\/\/www.latribunedufaso.net\/?p=6749#primaryimage","url":"https:\/\/www.latribunedufaso.net\/wp-content\/uploads\/2022\/12\/IMG-20221213-WA0029.jpg","contentUrl":"https:\/\/www.latribunedufaso.net\/wp-content\/uploads\/2022\/12\/IMG-20221213-WA0029.jpg","width":1000,"height":750},{"@type":"BreadcrumbList","@id":"https:\/\/www.latribunedufaso.net\/?p=6749#breadcrumb","itemListElement":[{"@type":"ListItem","position":1,"name":"Accueil","item":"https:\/\/www.latribunedufaso.net\/"},{"@type":"ListItem","position":2,"name":"IAMGOLD Essakane SA : La 11e \u00e9dition des Journ\u00e9es Sant\u00e9 S\u00e9curit\u00e9 Environnement plac\u00e9e sous le signe de l\u2019engagement individuel et collectif"}]},{"@type":"WebSite","@id":"https:\/\/www.latribunedufaso.net\/#website","url":"https:\/\/www.latribunedufaso.net\/","name":"La Tribune du Faso","description":"L&#039;information du monde rural en un clic","publisher":{"@id":"https:\/\/www.latribunedufaso.net\/#organization"},"potentialAction":[{"@type":"SearchAction","target":{"@type":"EntryPoint","urlTemplate":"https:\/\/www.latribunedufaso.net\/?s={search_term_string}"},"query-input":{"@type":"PropertyValueSpecification","valueRequired":true,"valueName":"search_term_string"}}],"inLanguage":"fr-FR"},{"@type":"Organization","@id":"https:\/\/www.latribunedufaso.net\/#organization","name":"La Tribune du Faso","url":"https:\/\/www.latribunedufaso.net\/","logo":{"@type":"ImageObject","inLanguage":"fr-FR","@id":"https:\/\/www.latribunedufaso.net\/#\/schema\/logo\/image\/","url":"https:\/\/www.latribunedufaso.net\/wp-content\/uploads\/2020\/08\/Logo-Tribune-du-Faso-final-scaled.jpg","contentUrl":"https:\/\/www.latribunedufaso.net\/wp-content\/uploads\/2020\/08\/Logo-Tribune-du-Faso-final-scaled.jpg","width":2560,"height":1856,"caption":"La Tribune du Faso"},"image":{"@id":"https:\/\/www.latribunedufaso.net\/#\/schema\/logo\/image\/"},"sameAs":["https:\/\/www.facebook.com\/LatribuneduFaso\/"]},{"@type":"Person","@id":"https:\/\/www.latribunedufaso.net\/#\/schema\/person\/a380782d0605bb8aae27c40ea93b35b1","name":"Administrateur","image":{"@type":"ImageObject","inLanguage":"fr-FR","@id":"https:\/\/secure.gravatar.com\/avatar\/e20266f97d741f0e80ba1f60283074a9b3317fd7bfb727e0d95b51dafbf854a1?s=96&d=mm&r=g","url":"https:\/\/secure.gravatar.com\/avatar\/e20266f97d741f0e80ba1f60283074a9b3317fd7bfb727e0d95b51dafbf854a1?s=96&d=mm&r=g","contentUrl":"https:\/\/secure.gravatar.com\/avatar\/e20266f97d741f0e80ba1f60283074a9b3317fd7bfb727e0d95b51dafbf854a1?s=96&d=mm&r=g","caption":"Administrateur"},"url":"https:\/\/www.latribunedufaso.net\/?author=2"}]}},"_links":{"self":[{"href":"https:\/\/www.latribunedufaso.net\/index.php?rest_route=\/wp\/v2\/posts\/6749","targetHints":{"allow":["GET"]}}],"collection":[{"href":"https:\/\/www.latribunedufaso.net\/index.php?rest_route=\/wp\/v2\/posts"}],"about":[{"href":"https:\/\/www.latribunedufaso.net\/index.php?rest_route=\/wp\/v2\/types\/post"}],"author":[{"embeddable":true,"href":"https:\/\/www.latribunedufaso.net\/index.php?rest_route=\/wp\/v2\/users\/2"}],"replies":[{"embeddable":true,"href":"https:\/\/www.latribunedufaso.net\/index.php?rest_route=%2Fwp%2Fv2%2Fcomments&post=6749"}],"version-history":[{"count":1,"href":"https:\/\/www.latribunedufaso.net\/index.php?rest_route=\/wp\/v2\/posts\/6749\/revisions"}],"predecessor-version":[{"id":6767,"href":"https:\/\/www.latribunedufaso.net\/index.php?rest_route=\/wp\/v2\/posts\/6749\/revisions\/6767"}],"wp:featuredmedia":[{"embeddable":true,"href":"https:\/\/www.latribunedufaso.net\/index.php?rest_route=\/wp\/v2\/media\/6750"}],"wp:attachment":[{"href":"https:\/\/www.latribunedufaso.net\/index.php?rest_route=%2Fwp%2Fv2%2Fmedia&parent=6749"}],"wp:term":[{"taxonomy":"category","embeddable":true,"href":"https:\/\/www.latribunedufaso.net\/index.php?rest_route=%2Fwp%2Fv2%2Fcategories&post=6749"},{"taxonomy":"post_tag","embeddable":true,"href":"https:\/\/www.latribunedufaso.net\/index.php?rest_route=%2Fwp%2Fv2%2Ftags&post=6749"}],"curies":[{"name":"wp","href":"https:\/\/api.w.org\/{rel}","templated":true}]}}