{"id":6746,"date":"2022-12-10T12:00:18","date_gmt":"2022-12-10T12:00:18","guid":{"rendered":"https:\/\/www.latribunedufaso.net\/?p=6746"},"modified":"2022-12-10T12:00:18","modified_gmt":"2022-12-10T12:00:18","slug":"crise-securitaire-en-afrique-subsaharienne-et-processus-electoral-des-recommandations-pour-la-consolidation-de-la-democratie-dans-la-sous-region","status":"publish","type":"post","link":"https:\/\/www.latribunedufaso.net\/?p=6746","title":{"rendered":"Crise s\u00e9curitaire en Afrique subsaharienne et processus \u00e9lectoral\u00a0: Des recommandations pour la consolidation de la d\u00e9mocratie dans la sous-r\u00e9gion"},"content":{"rendered":"<p style=\"text-align: justify;\"><strong><span style=\"font-size: 1.0625rem;\">Ce vendredi 9 d\u00e9cembre 2022, le s\u00e9minaire sous r\u00e9gional sur la probl\u00e9matique des \u00e9lections en Afrique subsaharienne dans un contexte de crise s\u00e9curitaire, a referm\u00e9 ses portes \u00e0 Ouagadougou. Il avait pour but de cr\u00e9er un cadre d\u2019\u00e9changes pour les organes de gestion des \u00e9lections de l\u2019Afrique de l\u2019Ouest dans le but de leur permettre de trouver des leviers de r\u00e9silience des processus \u00e9lectoraux qu\u2019ils conduisent dans ce contexte difficile.<\/span><\/strong><!--more--><\/p>\n<p style=\"text-align: justify;\"><a href=\"https:\/\/latribunedufaso.net\/wp-content\/uploads\/2022\/12\/IMG-20221210-WA0013.jpg\"><img loading=\"lazy\" decoding=\"async\" class=\"size-medium wp-image-6721 alignleft\" src=\"https:\/\/latribunedufaso.net\/wp-content\/uploads\/2022\/12\/IMG-20221210-WA0013-300x225.jpg\" alt=\"\" width=\"300\" height=\"225\" srcset=\"https:\/\/www.latribunedufaso.net\/wp-content\/uploads\/2022\/12\/IMG-20221210-WA0013-300x225.jpg 300w, https:\/\/www.latribunedufaso.net\/wp-content\/uploads\/2022\/12\/IMG-20221210-WA0013-768x576.jpg 768w, https:\/\/www.latribunedufaso.net\/wp-content\/uploads\/2022\/12\/IMG-20221210-WA0013.jpg 1000w\" sizes=\"auto, (max-width: 300px) 100vw, 300px\" \/><\/a>Cette rencontre a r\u00e9uni environ 150 participants notamment des experts en processus \u00e9lectoral et en s\u00e9curit\u00e9 venus de 11 pays africains (Burkina Faso, B\u00e9nin, Centrafrique, Ghana, Niger, Nig\u00e9ria, Mali, S\u00e9n\u00e9gal, Togo, Guin\u00e9e et R\u00e9publique d\u00e9mocratique du Congo). Au cours des 3 jours de travaux, 20 communications ont \u00e9t\u00e9 pr\u00e9sent\u00e9es et 4 ateliers ont \u00e9t\u00e9 organis\u00e9s. Ces sessions d\u2019une tr\u00e8s grande diversit\u00e9 et richesse ont fait l\u2019objet d\u2019\u00e9changes f\u00e9conds et ont permis d\u2019une part, de revisiter la situation s\u00e9curitaire de l\u2019espace r\u00e9gional et les cycles \u00e9lectoraux qui y ont \u00e9t\u00e9 conduits entre 2015 et 2021 et d\u2019autre part, de relever les d\u00e9fis et les leviers de r\u00e9silience pour les prochaines \u00e9ch\u00e9ances.<\/p>\n<p style=\"text-align: justify;\"><a href=\"https:\/\/latribunedufaso.net\/wp-content\/uploads\/2022\/12\/IMG-20221210-WA0007.jpg\"><img loading=\"lazy\" decoding=\"async\" class=\"size-medium wp-image-6719 alignleft\" src=\"https:\/\/latribunedufaso.net\/wp-content\/uploads\/2022\/12\/IMG-20221210-WA0007-300x225.jpg\" alt=\"\" width=\"300\" height=\"225\" srcset=\"https:\/\/www.latribunedufaso.net\/wp-content\/uploads\/2022\/12\/IMG-20221210-WA0007-300x225.jpg 300w, https:\/\/www.latribunedufaso.net\/wp-content\/uploads\/2022\/12\/IMG-20221210-WA0007-768x576.jpg 768w, https:\/\/www.latribunedufaso.net\/wp-content\/uploads\/2022\/12\/IMG-20221210-WA0007.jpg 1000w\" sizes=\"auto, (max-width: 300px) 100vw, 300px\" \/><\/a>Notons que l&rsquo;activit\u00e9 \u00e9tait plac\u00e9e sous le haut patronage du Pr\u00e9sident du Faso, Ibrahim Traor\u00e9. Il a \u00e9t\u00e9 repr\u00e9sent\u00e9 par le ministre de l\u2019Administration Territoriale, de la D\u00e9centralisation et de la S\u00e9curit\u00e9, le Colonel Boukar\u00e9 Zoungrana. A l\u2019issue des travaux, il a not\u00e9 la n\u00e9cessit\u00e9 d\u2019\u0153uvrer \u00e0 accro\u00eetre l\u2019adh\u00e9sion et la confiance des populations au processus \u00e9lectoral et \u00e0 r\u00e9ussir \u00e0 agr\u00e9ger un consensus des parties prenantes autour de ce processus. Par ailleurs, il a r\u00e9affirm\u00e9 la volont\u00e9 de la Transition au Burkina Faso \u00e0 tout mettre en \u0153uvre pour le retour \u00e0 un ordre constitutionnel normal.<\/p>\n<p style=\"text-align: justify;\"><a href=\"https:\/\/latribunedufaso.net\/wp-content\/uploads\/2022\/12\/IMG-20221210-WA0019.jpg\"><img loading=\"lazy\" decoding=\"async\" class=\"size-medium wp-image-6720 alignleft\" src=\"https:\/\/latribunedufaso.net\/wp-content\/uploads\/2022\/12\/IMG-20221210-WA0019-300x225.jpg\" alt=\"\" width=\"300\" height=\"225\" srcset=\"https:\/\/www.latribunedufaso.net\/wp-content\/uploads\/2022\/12\/IMG-20221210-WA0019-300x225.jpg 300w, https:\/\/www.latribunedufaso.net\/wp-content\/uploads\/2022\/12\/IMG-20221210-WA0019-768x576.jpg 768w, https:\/\/www.latribunedufaso.net\/wp-content\/uploads\/2022\/12\/IMG-20221210-WA0019.jpg 1000w\" sizes=\"auto, (max-width: 300px) 100vw, 300px\" \/><\/a>Les r\u00e9sultats des travaux de ce s\u00e9minaire ont permis de formuler des recommandations pour la consolidation de la d\u00e9mocratie en Afrique subsaharienne. Pour le Pr\u00e9sident de la Transition et son gouvernement, il s\u2019agit de travailler \u00e0 un retour progressif des personnes d\u00e9plac\u00e9es internes dans leur localit\u00e9 respective et le respect du calendrier commun\u00e9ment accept\u00e9 avec les instances communautaires pour un retour \u00e0 un ordre constitutionnel normal. Les partis politiques sont invit\u00e9s \u00e0 conjuguer leurs efforts dans une dynamique collective dans la lutte contre l\u2019ins\u00e9curit\u00e9 et dans la recherche des voies et moyens durables pour le retour \u00e0 un \u00e9tat de s\u00e9curit\u00e9 au profit des populations. <span style=\"font-size: 1.0625rem;\">En outre, les OSC sont appel\u00e9s \u00e0 contribuer par leurs initiatives et actions de sensibilisation, d\u2019\u00e9ducation \u00e0 la lutte contre le terrorisme, l\u2019extr\u00e9misme violent et la radicalisation. Quant aux chefs coutumiers et religieux, ils sont invit\u00e9s \u00e0 user de leur influence respective \u00e0 la sensibilisation des populations en vue de contrecarrer la mont\u00e9e de l\u2019extr\u00e9misme violent et la radicalisation.<\/span><\/p>\n<p style=\"text-align: justify;\"><a href=\"https:\/\/latribunedufaso.net\/wp-content\/uploads\/2022\/12\/IMG-20221210-WA0017.jpg\"><img loading=\"lazy\" decoding=\"async\" class=\"size-medium wp-image-6723 alignleft\" src=\"https:\/\/latribunedufaso.net\/wp-content\/uploads\/2022\/12\/IMG-20221210-WA0017-300x225.jpg\" alt=\"\" width=\"300\" height=\"225\" srcset=\"https:\/\/www.latribunedufaso.net\/wp-content\/uploads\/2022\/12\/IMG-20221210-WA0017-300x225.jpg 300w, https:\/\/www.latribunedufaso.net\/wp-content\/uploads\/2022\/12\/IMG-20221210-WA0017-768x576.jpg 768w, https:\/\/www.latribunedufaso.net\/wp-content\/uploads\/2022\/12\/IMG-20221210-WA0017.jpg 1000w\" sizes=\"auto, (max-width: 300px) 100vw, 300px\" \/><\/a>Au sortir des \u00e9changes, le pr\u00e9sident de la Commission \u00e9lectorale nationale ind\u00e9pendante (CENI) du Burkina, Elys\u00e9e Ou\u00e9draogo s\u2019est dit satisfait de l\u2019ensemble des recommandations. \u00ab\u00a0Elles ont \u00e9t\u00e9 faites sur la base des exp\u00e9riences des uns et des autres. Aussi, elles sont pratiques car elles ont trait au d\u00e9roulement des processus \u00e9lectoraux dans nos pays en partant notamment de la n\u00e9cessit\u00e9 de prendre en compte les personnes d\u00e9plac\u00e9es interne et le d\u00e9fi s\u00e9curitaire\u00a0\u00bb a-t-il poursuivi.<\/p>\n<p style=\"text-align: justify;\">En rappel, cette rencontre a \u00e9t\u00e9 organis\u00e9e par la CENI du Burkina Faso avec l\u2019accompagnement de l\u2019Agence am\u00e9ricaine de l\u2019aide au d\u00e9veloppement (USAID), la Fondation internationale pour les syst\u00e8mes \u00e9lectoraux (IFES) et le Programme des Nations Unis pour le d\u00e9veloppement (PNUD). Elle portait sur le th\u00e8me\u00a0: \u00ab Processus \u00e9lectoraux et crise s\u00e9curitaire en Afrique subsaharienne : r\u00e9silience des organes de gestion des \u00e9lections \u00bb.<\/p>\n<p style=\"text-align: justify;\"><strong>Issouf Tapsoba\u00a0<\/strong><\/p>\n<p style=\"text-align: justify;\"><strong>Latribunedufaso.net<\/strong><\/p>\n<p><a href=\"https:\/\/latribunedufaso.net\/wp-content\/uploads\/2022\/12\/IMG-20221210-WA0014.jpg\"><img loading=\"lazy\" decoding=\"async\" class=\"alignnone size-medium wp-image-6722\" src=\"https:\/\/latribunedufaso.net\/wp-content\/uploads\/2022\/12\/IMG-20221210-WA0014-300x225.jpg\" alt=\"\" width=\"300\" height=\"225\" srcset=\"https:\/\/www.latribunedufaso.net\/wp-content\/uploads\/2022\/12\/IMG-20221210-WA0014-300x225.jpg 300w, https:\/\/www.latribunedufaso.net\/wp-content\/uploads\/2022\/12\/IMG-20221210-WA0014-768x576.jpg 768w, https:\/\/www.latribunedufaso.net\/wp-content\/uploads\/2022\/12\/IMG-20221210-WA0014.jpg 1000w\" sizes=\"auto, (max-width: 300px) 100vw, 300px\" \/><\/a><a href=\"https:\/\/latribunedufaso.net\/wp-content\/uploads\/2022\/12\/IMG-20221210-WA0016.jpg\"><img loading=\"lazy\" decoding=\"async\" class=\"alignnone size-medium wp-image-6718\" src=\"https:\/\/latribunedufaso.net\/wp-content\/uploads\/2022\/12\/IMG-20221210-WA0016-300x225.jpg\" alt=\"\" width=\"300\" height=\"225\" srcset=\"https:\/\/www.latribunedufaso.net\/wp-content\/uploads\/2022\/12\/IMG-20221210-WA0016-300x225.jpg 300w, https:\/\/www.latribunedufaso.net\/wp-content\/uploads\/2022\/12\/IMG-20221210-WA0016-768x576.jpg 768w, https:\/\/www.latribunedufaso.net\/wp-content\/uploads\/2022\/12\/IMG-20221210-WA0016.jpg 1000w\" sizes=\"auto, (max-width: 300px) 100vw, 300px\" \/><\/a><\/p>\n","protected":false},"excerpt":{"rendered":"<p>Ce vendredi 9 d\u00e9cembre 2022, le s\u00e9minaire sous r\u00e9gional sur la probl\u00e9matique des \u00e9lections en Afrique subsaharienne dans un contexte de crise s\u00e9curitaire, a referm\u00e9 ses portes \u00e0 Ouagadougou. Il avait pour but de cr\u00e9er un cadre d\u2019\u00e9changes pour les organes de gestion des \u00e9lections de l\u2019Afrique de l\u2019Ouest dans le but de leur permettre de trouver des leviers de r\u00e9silience des processus \u00e9lectoraux qu\u2019ils conduisent dans ce contexte difficile.<\/p>\n","protected":false},"author":2,"featured_media":6717,"comment_status":"open","ping_status":"open","sticky":false,"template":"","format":"standard","meta":{"footnotes":""},"categories":[13,1,26,27,8],"tags":[],"class_list":["post-6746","post","type-post","status-publish","format-standard","has-post-thumbnail","hentry","category-une","category-actu","category-elections-couplees-novembre-2020","category-en-route-pour-les-municipales","category-societe"],"yoast_head":"<!-- This site is optimized with the Yoast SEO plugin v27.4 - https:\/\/yoast.com\/product\/yoast-seo-wordpress\/ -->\n<title>Crise s\u00e9curitaire en Afrique subsaharienne et processus \u00e9lectoral\u00a0: Des recommandations pour la consolidation de la d\u00e9mocratie dans la sous-r\u00e9gion - La Tribune du Faso<\/title>\n<meta name=\"robots\" content=\"index, follow, max-snippet:-1, max-image-preview:large, max-video-preview:-1\" \/>\n<link rel=\"canonical\" href=\"https:\/\/www.latribunedufaso.net\/?p=6746\" \/>\n<meta property=\"og:locale\" content=\"fr_FR\" \/>\n<meta property=\"og:type\" content=\"article\" \/>\n<meta property=\"og:title\" content=\"Crise s\u00e9curitaire en Afrique subsaharienne et processus \u00e9lectoral\u00a0: Des recommandations pour la consolidation de la d\u00e9mocratie dans la sous-r\u00e9gion - La Tribune du Faso\" \/>\n<meta property=\"og:description\" content=\"Ce vendredi 9 d\u00e9cembre 2022, le s\u00e9minaire sous r\u00e9gional sur la probl\u00e9matique des \u00e9lections en Afrique subsaharienne dans un contexte de crise s\u00e9curitaire, a referm\u00e9 ses portes \u00e0 Ouagadougou. Il avait pour but de cr\u00e9er un cadre d\u2019\u00e9changes pour les organes de gestion des \u00e9lections de l\u2019Afrique de l\u2019Ouest dans le but de leur permettre de trouver des leviers de r\u00e9silience des processus \u00e9lectoraux qu\u2019ils conduisent dans ce contexte difficile.\" \/>\n<meta property=\"og:url\" content=\"https:\/\/www.latribunedufaso.net\/?p=6746\" \/>\n<meta property=\"og:site_name\" content=\"La Tribune du Faso\" \/>\n<meta property=\"article:publisher\" content=\"https:\/\/www.facebook.com\/LatribuneduFaso\/\" \/>\n<meta property=\"article:published_time\" content=\"2022-12-10T12:00:18+00:00\" \/>\n<meta property=\"og:image\" content=\"https:\/\/www.latribunedufaso.net\/wp-content\/uploads\/2022\/12\/IMG-20221210-WA0009.jpg\" \/>\n\t<meta property=\"og:image:width\" content=\"1000\" \/>\n\t<meta property=\"og:image:height\" content=\"750\" \/>\n\t<meta property=\"og:image:type\" content=\"image\/jpeg\" \/>\n<meta name=\"author\" content=\"Administrateur\" \/>\n<meta name=\"twitter:label1\" content=\"\u00c9crit par\" \/>\n\t<meta name=\"twitter:data1\" content=\"Administrateur\" \/>\n\t<meta name=\"twitter:label2\" content=\"Dur\u00e9e de lecture estim\u00e9e\" \/>\n\t<meta name=\"twitter:data2\" content=\"3 minutes\" \/>\n<script type=\"application\/ld+json\" class=\"yoast-schema-graph\">{\"@context\":\"https:\\\/\\\/schema.org\",\"@graph\":[{\"@type\":\"Article\",\"@id\":\"https:\\\/\\\/www.latribunedufaso.net\\\/?p=6746#article\",\"isPartOf\":{\"@id\":\"https:\\\/\\\/www.latribunedufaso.net\\\/?p=6746\"},\"author\":{\"name\":\"Administrateur\",\"@id\":\"https:\\\/\\\/www.latribunedufaso.net\\\/#\\\/schema\\\/person\\\/a380782d0605bb8aae27c40ea93b35b1\"},\"headline\":\"Crise s\u00e9curitaire en Afrique subsaharienne et processus \u00e9lectoral\u00a0: Des recommandations pour la consolidation de la d\u00e9mocratie dans la sous-r\u00e9gion\",\"datePublished\":\"2022-12-10T12:00:18+00:00\",\"mainEntityOfPage\":{\"@id\":\"https:\\\/\\\/www.latribunedufaso.net\\\/?p=6746\"},\"wordCount\":675,\"commentCount\":0,\"publisher\":{\"@id\":\"https:\\\/\\\/www.latribunedufaso.net\\\/#organization\"},\"image\":{\"@id\":\"https:\\\/\\\/www.latribunedufaso.net\\\/?p=6746#primaryimage\"},\"thumbnailUrl\":\"https:\\\/\\\/www.latribunedufaso.net\\\/wp-content\\\/uploads\\\/2022\\\/12\\\/IMG-20221210-WA0009.jpg\",\"articleSection\":[\"A la une\",\"Actualit\u00e9\",\"Elections coupl\u00e9es novembre 2020\",\"En route pour les municipales\",\"Soci\u00e9t\u00e9\"],\"inLanguage\":\"fr-FR\",\"potentialAction\":[{\"@type\":\"CommentAction\",\"name\":\"Comment\",\"target\":[\"https:\\\/\\\/www.latribunedufaso.net\\\/?p=6746#respond\"]}]},{\"@type\":\"WebPage\",\"@id\":\"https:\\\/\\\/www.latribunedufaso.net\\\/?p=6746\",\"url\":\"https:\\\/\\\/www.latribunedufaso.net\\\/?p=6746\",\"name\":\"Crise s\u00e9curitaire en Afrique subsaharienne et processus \u00e9lectoral\u00a0: Des recommandations pour la consolidation de la d\u00e9mocratie dans la sous-r\u00e9gion - La Tribune du Faso\",\"isPartOf\":{\"@id\":\"https:\\\/\\\/www.latribunedufaso.net\\\/#website\"},\"primaryImageOfPage\":{\"@id\":\"https:\\\/\\\/www.latribunedufaso.net\\\/?p=6746#primaryimage\"},\"image\":{\"@id\":\"https:\\\/\\\/www.latribunedufaso.net\\\/?p=6746#primaryimage\"},\"thumbnailUrl\":\"https:\\\/\\\/www.latribunedufaso.net\\\/wp-content\\\/uploads\\\/2022\\\/12\\\/IMG-20221210-WA0009.jpg\",\"datePublished\":\"2022-12-10T12:00:18+00:00\",\"breadcrumb\":{\"@id\":\"https:\\\/\\\/www.latribunedufaso.net\\\/?p=6746#breadcrumb\"},\"inLanguage\":\"fr-FR\",\"potentialAction\":[{\"@type\":\"ReadAction\",\"target\":[\"https:\\\/\\\/www.latribunedufaso.net\\\/?p=6746\"]}]},{\"@type\":\"ImageObject\",\"inLanguage\":\"fr-FR\",\"@id\":\"https:\\\/\\\/www.latribunedufaso.net\\\/?p=6746#primaryimage\",\"url\":\"https:\\\/\\\/www.latribunedufaso.net\\\/wp-content\\\/uploads\\\/2022\\\/12\\\/IMG-20221210-WA0009.jpg\",\"contentUrl\":\"https:\\\/\\\/www.latribunedufaso.net\\\/wp-content\\\/uploads\\\/2022\\\/12\\\/IMG-20221210-WA0009.jpg\",\"width\":1000,\"height\":750},{\"@type\":\"BreadcrumbList\",\"@id\":\"https:\\\/\\\/www.latribunedufaso.net\\\/?p=6746#breadcrumb\",\"itemListElement\":[{\"@type\":\"ListItem\",\"position\":1,\"name\":\"Accueil\",\"item\":\"https:\\\/\\\/www.latribunedufaso.net\\\/\"},{\"@type\":\"ListItem\",\"position\":2,\"name\":\"Crise s\u00e9curitaire en Afrique subsaharienne et processus \u00e9lectoral\u00a0: Des recommandations pour la consolidation de la d\u00e9mocratie dans la sous-r\u00e9gion\"}]},{\"@type\":\"WebSite\",\"@id\":\"https:\\\/\\\/www.latribunedufaso.net\\\/#website\",\"url\":\"https:\\\/\\\/www.latribunedufaso.net\\\/\",\"name\":\"La Tribune du Faso\",\"description\":\"L&#039;information du monde rural en un clic\",\"publisher\":{\"@id\":\"https:\\\/\\\/www.latribunedufaso.net\\\/#organization\"},\"potentialAction\":[{\"@type\":\"SearchAction\",\"target\":{\"@type\":\"EntryPoint\",\"urlTemplate\":\"https:\\\/\\\/www.latribunedufaso.net\\\/?s={search_term_string}\"},\"query-input\":{\"@type\":\"PropertyValueSpecification\",\"valueRequired\":true,\"valueName\":\"search_term_string\"}}],\"inLanguage\":\"fr-FR\"},{\"@type\":\"Organization\",\"@id\":\"https:\\\/\\\/www.latribunedufaso.net\\\/#organization\",\"name\":\"La Tribune du Faso\",\"url\":\"https:\\\/\\\/www.latribunedufaso.net\\\/\",\"logo\":{\"@type\":\"ImageObject\",\"inLanguage\":\"fr-FR\",\"@id\":\"https:\\\/\\\/www.latribunedufaso.net\\\/#\\\/schema\\\/logo\\\/image\\\/\",\"url\":\"https:\\\/\\\/www.latribunedufaso.net\\\/wp-content\\\/uploads\\\/2020\\\/08\\\/Logo-Tribune-du-Faso-final-scaled.jpg\",\"contentUrl\":\"https:\\\/\\\/www.latribunedufaso.net\\\/wp-content\\\/uploads\\\/2020\\\/08\\\/Logo-Tribune-du-Faso-final-scaled.jpg\",\"width\":2560,\"height\":1856,\"caption\":\"La Tribune du Faso\"},\"image\":{\"@id\":\"https:\\\/\\\/www.latribunedufaso.net\\\/#\\\/schema\\\/logo\\\/image\\\/\"},\"sameAs\":[\"https:\\\/\\\/www.facebook.com\\\/LatribuneduFaso\\\/\"]},{\"@type\":\"Person\",\"@id\":\"https:\\\/\\\/www.latribunedufaso.net\\\/#\\\/schema\\\/person\\\/a380782d0605bb8aae27c40ea93b35b1\",\"name\":\"Administrateur\",\"image\":{\"@type\":\"ImageObject\",\"inLanguage\":\"fr-FR\",\"@id\":\"https:\\\/\\\/secure.gravatar.com\\\/avatar\\\/e20266f97d741f0e80ba1f60283074a9b3317fd7bfb727e0d95b51dafbf854a1?s=96&d=mm&r=g\",\"url\":\"https:\\\/\\\/secure.gravatar.com\\\/avatar\\\/e20266f97d741f0e80ba1f60283074a9b3317fd7bfb727e0d95b51dafbf854a1?s=96&d=mm&r=g\",\"contentUrl\":\"https:\\\/\\\/secure.gravatar.com\\\/avatar\\\/e20266f97d741f0e80ba1f60283074a9b3317fd7bfb727e0d95b51dafbf854a1?s=96&d=mm&r=g\",\"caption\":\"Administrateur\"},\"url\":\"https:\\\/\\\/www.latribunedufaso.net\\\/?author=2\"}]}<\/script>\n<!-- \/ Yoast SEO plugin. -->","yoast_head_json":{"title":"Crise s\u00e9curitaire en Afrique subsaharienne et processus \u00e9lectoral\u00a0: Des recommandations pour la consolidation de la d\u00e9mocratie dans la sous-r\u00e9gion - La Tribune du Faso","robots":{"index":"index","follow":"follow","max-snippet":"max-snippet:-1","max-image-preview":"max-image-preview:large","max-video-preview":"max-video-preview:-1"},"canonical":"https:\/\/www.latribunedufaso.net\/?p=6746","og_locale":"fr_FR","og_type":"article","og_title":"Crise s\u00e9curitaire en Afrique subsaharienne et processus \u00e9lectoral\u00a0: Des recommandations pour la consolidation de la d\u00e9mocratie dans la sous-r\u00e9gion - La Tribune du Faso","og_description":"Ce vendredi 9 d\u00e9cembre 2022, le s\u00e9minaire sous r\u00e9gional sur la probl\u00e9matique des \u00e9lections en Afrique subsaharienne dans un contexte de crise s\u00e9curitaire, a referm\u00e9 ses portes \u00e0 Ouagadougou. Il avait pour but de cr\u00e9er un cadre d\u2019\u00e9changes pour les organes de gestion des \u00e9lections de l\u2019Afrique de l\u2019Ouest dans le but de leur permettre de trouver des leviers de r\u00e9silience des processus \u00e9lectoraux qu\u2019ils conduisent dans ce contexte difficile.","og_url":"https:\/\/www.latribunedufaso.net\/?p=6746","og_site_name":"La Tribune du Faso","article_publisher":"https:\/\/www.facebook.com\/LatribuneduFaso\/","article_published_time":"2022-12-10T12:00:18+00:00","og_image":[{"width":1000,"height":750,"url":"https:\/\/www.latribunedufaso.net\/wp-content\/uploads\/2022\/12\/IMG-20221210-WA0009.jpg","type":"image\/jpeg"}],"author":"Administrateur","twitter_misc":{"\u00c9crit par":"Administrateur","Dur\u00e9e de lecture estim\u00e9e":"3 minutes"},"schema":{"@context":"https:\/\/schema.org","@graph":[{"@type":"Article","@id":"https:\/\/www.latribunedufaso.net\/?p=6746#article","isPartOf":{"@id":"https:\/\/www.latribunedufaso.net\/?p=6746"},"author":{"name":"Administrateur","@id":"https:\/\/www.latribunedufaso.net\/#\/schema\/person\/a380782d0605bb8aae27c40ea93b35b1"},"headline":"Crise s\u00e9curitaire en Afrique subsaharienne et processus \u00e9lectoral\u00a0: Des recommandations pour la consolidation de la d\u00e9mocratie dans la sous-r\u00e9gion","datePublished":"2022-12-10T12:00:18+00:00","mainEntityOfPage":{"@id":"https:\/\/www.latribunedufaso.net\/?p=6746"},"wordCount":675,"commentCount":0,"publisher":{"@id":"https:\/\/www.latribunedufaso.net\/#organization"},"image":{"@id":"https:\/\/www.latribunedufaso.net\/?p=6746#primaryimage"},"thumbnailUrl":"https:\/\/www.latribunedufaso.net\/wp-content\/uploads\/2022\/12\/IMG-20221210-WA0009.jpg","articleSection":["A la une","Actualit\u00e9","Elections coupl\u00e9es novembre 2020","En route pour les municipales","Soci\u00e9t\u00e9"],"inLanguage":"fr-FR","potentialAction":[{"@type":"CommentAction","name":"Comment","target":["https:\/\/www.latribunedufaso.net\/?p=6746#respond"]}]},{"@type":"WebPage","@id":"https:\/\/www.latribunedufaso.net\/?p=6746","url":"https:\/\/www.latribunedufaso.net\/?p=6746","name":"Crise s\u00e9curitaire en Afrique subsaharienne et processus \u00e9lectoral\u00a0: Des recommandations pour la consolidation de la d\u00e9mocratie dans la sous-r\u00e9gion - La Tribune du Faso","isPartOf":{"@id":"https:\/\/www.latribunedufaso.net\/#website"},"primaryImageOfPage":{"@id":"https:\/\/www.latribunedufaso.net\/?p=6746#primaryimage"},"image":{"@id":"https:\/\/www.latribunedufaso.net\/?p=6746#primaryimage"},"thumbnailUrl":"https:\/\/www.latribunedufaso.net\/wp-content\/uploads\/2022\/12\/IMG-20221210-WA0009.jpg","datePublished":"2022-12-10T12:00:18+00:00","breadcrumb":{"@id":"https:\/\/www.latribunedufaso.net\/?p=6746#breadcrumb"},"inLanguage":"fr-FR","potentialAction":[{"@type":"ReadAction","target":["https:\/\/www.latribunedufaso.net\/?p=6746"]}]},{"@type":"ImageObject","inLanguage":"fr-FR","@id":"https:\/\/www.latribunedufaso.net\/?p=6746#primaryimage","url":"https:\/\/www.latribunedufaso.net\/wp-content\/uploads\/2022\/12\/IMG-20221210-WA0009.jpg","contentUrl":"https:\/\/www.latribunedufaso.net\/wp-content\/uploads\/2022\/12\/IMG-20221210-WA0009.jpg","width":1000,"height":750},{"@type":"BreadcrumbList","@id":"https:\/\/www.latribunedufaso.net\/?p=6746#breadcrumb","itemListElement":[{"@type":"ListItem","position":1,"name":"Accueil","item":"https:\/\/www.latribunedufaso.net\/"},{"@type":"ListItem","position":2,"name":"Crise s\u00e9curitaire en Afrique subsaharienne et processus \u00e9lectoral\u00a0: Des recommandations pour la consolidation de la d\u00e9mocratie dans la sous-r\u00e9gion"}]},{"@type":"WebSite","@id":"https:\/\/www.latribunedufaso.net\/#website","url":"https:\/\/www.latribunedufaso.net\/","name":"La Tribune du Faso","description":"L&#039;information du monde rural en un clic","publisher":{"@id":"https:\/\/www.latribunedufaso.net\/#organization"},"potentialAction":[{"@type":"SearchAction","target":{"@type":"EntryPoint","urlTemplate":"https:\/\/www.latribunedufaso.net\/?s={search_term_string}"},"query-input":{"@type":"PropertyValueSpecification","valueRequired":true,"valueName":"search_term_string"}}],"inLanguage":"fr-FR"},{"@type":"Organization","@id":"https:\/\/www.latribunedufaso.net\/#organization","name":"La Tribune du Faso","url":"https:\/\/www.latribunedufaso.net\/","logo":{"@type":"ImageObject","inLanguage":"fr-FR","@id":"https:\/\/www.latribunedufaso.net\/#\/schema\/logo\/image\/","url":"https:\/\/www.latribunedufaso.net\/wp-content\/uploads\/2020\/08\/Logo-Tribune-du-Faso-final-scaled.jpg","contentUrl":"https:\/\/www.latribunedufaso.net\/wp-content\/uploads\/2020\/08\/Logo-Tribune-du-Faso-final-scaled.jpg","width":2560,"height":1856,"caption":"La Tribune du Faso"},"image":{"@id":"https:\/\/www.latribunedufaso.net\/#\/schema\/logo\/image\/"},"sameAs":["https:\/\/www.facebook.com\/LatribuneduFaso\/"]},{"@type":"Person","@id":"https:\/\/www.latribunedufaso.net\/#\/schema\/person\/a380782d0605bb8aae27c40ea93b35b1","name":"Administrateur","image":{"@type":"ImageObject","inLanguage":"fr-FR","@id":"https:\/\/secure.gravatar.com\/avatar\/e20266f97d741f0e80ba1f60283074a9b3317fd7bfb727e0d95b51dafbf854a1?s=96&d=mm&r=g","url":"https:\/\/secure.gravatar.com\/avatar\/e20266f97d741f0e80ba1f60283074a9b3317fd7bfb727e0d95b51dafbf854a1?s=96&d=mm&r=g","contentUrl":"https:\/\/secure.gravatar.com\/avatar\/e20266f97d741f0e80ba1f60283074a9b3317fd7bfb727e0d95b51dafbf854a1?s=96&d=mm&r=g","caption":"Administrateur"},"url":"https:\/\/www.latribunedufaso.net\/?author=2"}]}},"_links":{"self":[{"href":"https:\/\/www.latribunedufaso.net\/index.php?rest_route=\/wp\/v2\/posts\/6746","targetHints":{"allow":["GET"]}}],"collection":[{"href":"https:\/\/www.latribunedufaso.net\/index.php?rest_route=\/wp\/v2\/posts"}],"about":[{"href":"https:\/\/www.latribunedufaso.net\/index.php?rest_route=\/wp\/v2\/types\/post"}],"author":[{"embeddable":true,"href":"https:\/\/www.latribunedufaso.net\/index.php?rest_route=\/wp\/v2\/users\/2"}],"replies":[{"embeddable":true,"href":"https:\/\/www.latribunedufaso.net\/index.php?rest_route=%2Fwp%2Fv2%2Fcomments&post=6746"}],"version-history":[{"count":1,"href":"https:\/\/www.latribunedufaso.net\/index.php?rest_route=\/wp\/v2\/posts\/6746\/revisions"}],"predecessor-version":[{"id":6747,"href":"https:\/\/www.latribunedufaso.net\/index.php?rest_route=\/wp\/v2\/posts\/6746\/revisions\/6747"}],"wp:featuredmedia":[{"embeddable":true,"href":"https:\/\/www.latribunedufaso.net\/index.php?rest_route=\/wp\/v2\/media\/6717"}],"wp:attachment":[{"href":"https:\/\/www.latribunedufaso.net\/index.php?rest_route=%2Fwp%2Fv2%2Fmedia&parent=6746"}],"wp:term":[{"taxonomy":"category","embeddable":true,"href":"https:\/\/www.latribunedufaso.net\/index.php?rest_route=%2Fwp%2Fv2%2Fcategories&post=6746"},{"taxonomy":"post_tag","embeddable":true,"href":"https:\/\/www.latribunedufaso.net\/index.php?rest_route=%2Fwp%2Fv2%2Ftags&post=6746"}],"curies":[{"name":"wp","href":"https:\/\/api.w.org\/{rel}","templated":true}]}}