{"id":6744,"date":"2022-12-10T11:41:48","date_gmt":"2022-12-10T11:41:48","guid":{"rendered":"https:\/\/www.latribunedufaso.net\/?p=6744"},"modified":"2022-12-10T11:41:48","modified_gmt":"2022-12-10T11:41:48","slug":"promotion-de-lexpertise-au-burkina-lapen-sonne-la-mobilisation-des-experts-agrees","status":"publish","type":"post","link":"https:\/\/www.latribunedufaso.net\/?p=6744","title":{"rendered":"Promotion de l\u2019expertise au Burkina : l\u2019APEN sonne la mobilisation des experts agr\u00e9es"},"content":{"rendered":"<p style=\"text-align: justify;\"><strong><span style=\"font-size: 1.0625rem;\">L\u2019Agence de promotion de l\u2019expertise national (APEN), tient ce vendredi 9 d\u00e9cembre 2022 \u00e0 Ouagadougou la premi\u00e8re session ordinaire de l\u2019assembl\u00e9e g\u00e9n\u00e9rale des experts agr\u00e9es de l\u2019ann\u00e9e 2022. L\u2019objectif de cette rencontre est de permettre \u00e0 ces experts, une meilleure appropriation de l\u2019APEN afin de mieux la soutenir pour un plus grand rayonnement de l\u2019expertise nationale.<\/span><\/strong><br \/><!--more--><\/p>\n<p style=\"text-align: justify;\"><a href=\"https:\/\/latribunedufaso.net\/wp-content\/uploads\/2022\/12\/IMG-20221209-WA0004.jpg\"><img loading=\"lazy\" decoding=\"async\" class=\"size-medium wp-image-6728 alignleft\" src=\"https:\/\/latribunedufaso.net\/wp-content\/uploads\/2022\/12\/IMG-20221209-WA0004-300x224.jpg\" alt=\"\" width=\"300\" height=\"224\" srcset=\"https:\/\/www.latribunedufaso.net\/wp-content\/uploads\/2022\/12\/IMG-20221209-WA0004-300x224.jpg 300w, https:\/\/www.latribunedufaso.net\/wp-content\/uploads\/2022\/12\/IMG-20221209-WA0004-768x574.jpg 768w, https:\/\/www.latribunedufaso.net\/wp-content\/uploads\/2022\/12\/IMG-20221209-WA0004.jpg 1000w\" sizes=\"auto, (max-width: 300px) 100vw, 300px\" \/><\/a>L\u2019assembl\u00e9e g\u00e9n\u00e9rale des experts est l\u2019instance supr\u00eame d\u2019orientation et de d\u00e9cision en vue d\u2019une meilleure promotion de l\u2019expertise nationale. La particularit\u00e9 de celle de ce jour est qu\u2019elle regroupe uniquement les experts qui ont \u00e9t\u00e9 autoris\u00e9s apr\u00e8s examen de dossiers \u00e0 exercer dans ce m\u00e9tier de fa\u00e7on l\u00e9gale. Selon le pr\u00e9sident de l\u2019assembl\u00e9e g\u00e9n\u00e9rale de l\u2019APEN, Noufou Gnampa, la tenue de cette session ordinaire marque une \u00e9tape historique dans la vie de l\u2019APEN. \u00ab La tenue en ce jour de sa premi\u00e8re session ordinaire marque une \u00e9tape historique dans la vie de notre agence car c\u2019est la premi\u00e8re fois que les experts agr\u00e9es du Burkina se retrouvent pour \u00e9changer et convenir des grandes orientations pour le d\u00e9veloppement de l\u2019expertise nationale \u00bb. A-t-il indiqu\u00e9. Pour lui, la cha\u00eene expertise est l\u2019une des cha\u00eenes les plus cruciales dans le processus de d\u00e9veloppement. \u00ab Ce qu\u2019il faut savoir c\u2019est que le d\u00e9veloppement est un tout. Dans le processus de d\u00e9veloppement, la cha\u00eene expertise est une des cha\u00eenes les plus cruciales. Quand vous prenez ce qui se passe dans le monde, c\u2019est vraiment l\u2019expertise qui fait la diff\u00e9rence. Quand on vient prendre nos mati\u00e8res premi\u00e8res pour aller les transformer et revenir nous les vendre plus cher, ce qui se passe, c\u2019est seulement une question d\u2019expertise. On dit que 1kg de caf\u00e9 qui s\u2019ach\u00e8te par exemple \u00e0 2000 FCA, on l\u2019emm\u00e8ne pour le transformer et on revient le vendre \u00e0 1\u00a0000\u00a0000 FCA\u00a0; quand on prend le coton c\u2019est la m\u00eame chose. Tout se qui se passe en valeur ajout\u00e9 dans le d\u00e9veloppement, il y a une expertise derri\u00e8re. \u00bb A-t-il expliqu\u00e9.<\/p>\n<p style=\"text-align: justify;\">Ainsi, il y a un besoin que l\u2019expertise, l\u2019\u00e9chelon manquant au processus de d\u00e9veloppement du Burkina Faso se d\u00e9veloppe. Une mission qui est assign\u00e9e non seulement aux experts mais \u00e9galement \u00e0 l\u2019Etat. Aux experts de travailler \u00e0 d\u00e9velopper cette expertise afin de r\u00e9soudre les probl\u00e8mes nationaux en mati\u00e8re d\u2019expertise sans intervention \u00e9trang\u00e8re et m\u00eame exporter cette expertise burkinab\u00e9. A l\u2019Etat, d\u2019appliquer les textes en rapport avec ce domaine, faire de l\u2019agr\u00e9ment un outil n\u00e9cessaire dans les appels d\u2019offre et que les conditions d\u2019expertise qui ont \u00e9t\u00e9 d\u2019\u00e9crites dans la loi en terme d\u2019honoraires puissent \u00eatre respect\u00e9es. Au cours de cette rencontre, il s\u2018agira pour les experts d\u2019examiner le plan d\u2019action 2021-2023 et les rapports d\u2019activit\u00e9s de l\u2019APEN\u00a0; de d\u00e9finir les grandes orientations sur la politique de l\u2019agence\u00a0; d\u2019adopter des r\u00e9solutions propos\u00e9es par le conseil d\u2019administration de l\u2019agence.<\/p>\n<p style=\"text-align: justify;\">En rappel, la cr\u00e9ation de l\u2019Agence de promotion de l\u2019expertise nationale par la loi n\u00b0006-2011\/AN du 11 mai 2011 est n\u00e9e de la volont\u00e9 du gouvernement et des acteurs \u00e0 faire de l\u2019expertise nationale un outil acc\u00e9l\u00e9rateur du d\u00e9veloppement durable du Burkina Faso. Elle a \u00e9t\u00e9 en 2013 et a d\u00e9but\u00e9 ses activit\u00e9 en 2021. A ce jour, selon la secr\u00e9taire ex\u00e9cutive de l\u2019APEN, M\u00e9da\/Sonti\u00e9 Sylive le Burkina Faso compte 704 experts agr\u00e9es.<\/p>\n<p style=\"text-align: justify;\"><strong>Astride Kiendrebeogo<\/strong><\/p>\n<p style=\"text-align: justify;\"><strong>Latribunedufaso.net<\/strong><\/p>\n<p style=\"text-align: justify;\">\u00a0<\/p>\n","protected":false},"excerpt":{"rendered":"<p>L\u2019Agence de promotion de l\u2019expertise national (APEN), tient ce vendredi 9 d\u00e9cembre 2022 \u00e0 Ouagadougou la premi\u00e8re session ordinaire de l\u2019assembl\u00e9e g\u00e9n\u00e9rale des experts agr\u00e9es de l\u2019ann\u00e9e 2022. L\u2019objectif de cette rencontre est de permettre \u00e0 ces experts, une meilleure appropriation de l\u2019APEN afin de mieux la soutenir pour un plus grand rayonnement de l\u2019expertise nationale.<\/p>\n","protected":false},"author":2,"featured_media":6726,"comment_status":"open","ping_status":"open","sticky":false,"template":"","format":"standard","meta":{"footnotes":""},"categories":[13,1,8],"tags":[],"class_list":["post-6744","post","type-post","status-publish","format-standard","has-post-thumbnail","hentry","category-une","category-actu","category-societe"],"yoast_head":"<!-- This site is optimized with the Yoast SEO plugin v27.4 - https:\/\/yoast.com\/product\/yoast-seo-wordpress\/ -->\n<title>Promotion de l\u2019expertise au Burkina : l\u2019APEN sonne la mobilisation des experts agr\u00e9es - La Tribune du Faso<\/title>\n<meta name=\"robots\" content=\"index, follow, max-snippet:-1, max-image-preview:large, max-video-preview:-1\" \/>\n<link rel=\"canonical\" href=\"https:\/\/www.latribunedufaso.net\/?p=6744\" \/>\n<meta property=\"og:locale\" content=\"fr_FR\" \/>\n<meta property=\"og:type\" content=\"article\" \/>\n<meta property=\"og:title\" content=\"Promotion de l\u2019expertise au Burkina : l\u2019APEN sonne la mobilisation des experts agr\u00e9es - La Tribune du Faso\" \/>\n<meta property=\"og:description\" content=\"L\u2019Agence de promotion de l\u2019expertise national (APEN), tient ce vendredi 9 d\u00e9cembre 2022 \u00e0 Ouagadougou la premi\u00e8re session ordinaire de l\u2019assembl\u00e9e g\u00e9n\u00e9rale des experts agr\u00e9es de l\u2019ann\u00e9e 2022. L\u2019objectif de cette rencontre est de permettre \u00e0 ces experts, une meilleure appropriation de l\u2019APEN afin de mieux la soutenir pour un plus grand rayonnement de l\u2019expertise nationale.\" \/>\n<meta property=\"og:url\" content=\"https:\/\/www.latribunedufaso.net\/?p=6744\" \/>\n<meta property=\"og:site_name\" content=\"La Tribune du Faso\" \/>\n<meta property=\"article:publisher\" content=\"https:\/\/www.facebook.com\/LatribuneduFaso\/\" \/>\n<meta property=\"article:published_time\" content=\"2022-12-10T11:41:48+00:00\" \/>\n<meta property=\"og:image\" content=\"https:\/\/www.latribunedufaso.net\/wp-content\/uploads\/2022\/12\/IMG-20221209-WA0008.jpg\" \/>\n\t<meta property=\"og:image:width\" content=\"1280\" \/>\n\t<meta property=\"og:image:height\" content=\"960\" \/>\n\t<meta property=\"og:image:type\" content=\"image\/jpeg\" \/>\n<meta name=\"author\" content=\"Administrateur\" \/>\n<meta name=\"twitter:label1\" content=\"\u00c9crit par\" \/>\n\t<meta name=\"twitter:data1\" content=\"Administrateur\" \/>\n\t<meta name=\"twitter:label2\" content=\"Dur\u00e9e de lecture estim\u00e9e\" \/>\n\t<meta name=\"twitter:data2\" content=\"3 minutes\" \/>\n<script type=\"application\/ld+json\" class=\"yoast-schema-graph\">{\"@context\":\"https:\\\/\\\/schema.org\",\"@graph\":[{\"@type\":\"Article\",\"@id\":\"https:\\\/\\\/www.latribunedufaso.net\\\/?p=6744#article\",\"isPartOf\":{\"@id\":\"https:\\\/\\\/www.latribunedufaso.net\\\/?p=6744\"},\"author\":{\"name\":\"Administrateur\",\"@id\":\"https:\\\/\\\/www.latribunedufaso.net\\\/#\\\/schema\\\/person\\\/a380782d0605bb8aae27c40ea93b35b1\"},\"headline\":\"Promotion de l\u2019expertise au Burkina : l\u2019APEN sonne la mobilisation des experts agr\u00e9es\",\"datePublished\":\"2022-12-10T11:41:48+00:00\",\"mainEntityOfPage\":{\"@id\":\"https:\\\/\\\/www.latribunedufaso.net\\\/?p=6744\"},\"wordCount\":650,\"commentCount\":0,\"publisher\":{\"@id\":\"https:\\\/\\\/www.latribunedufaso.net\\\/#organization\"},\"image\":{\"@id\":\"https:\\\/\\\/www.latribunedufaso.net\\\/?p=6744#primaryimage\"},\"thumbnailUrl\":\"https:\\\/\\\/www.latribunedufaso.net\\\/wp-content\\\/uploads\\\/2022\\\/12\\\/IMG-20221209-WA0008.jpg\",\"articleSection\":[\"A la une\",\"Actualit\u00e9\",\"Soci\u00e9t\u00e9\"],\"inLanguage\":\"fr-FR\",\"potentialAction\":[{\"@type\":\"CommentAction\",\"name\":\"Comment\",\"target\":[\"https:\\\/\\\/www.latribunedufaso.net\\\/?p=6744#respond\"]}]},{\"@type\":\"WebPage\",\"@id\":\"https:\\\/\\\/www.latribunedufaso.net\\\/?p=6744\",\"url\":\"https:\\\/\\\/www.latribunedufaso.net\\\/?p=6744\",\"name\":\"Promotion de l\u2019expertise au Burkina : l\u2019APEN sonne la mobilisation des experts agr\u00e9es - La Tribune du Faso\",\"isPartOf\":{\"@id\":\"https:\\\/\\\/www.latribunedufaso.net\\\/#website\"},\"primaryImageOfPage\":{\"@id\":\"https:\\\/\\\/www.latribunedufaso.net\\\/?p=6744#primaryimage\"},\"image\":{\"@id\":\"https:\\\/\\\/www.latribunedufaso.net\\\/?p=6744#primaryimage\"},\"thumbnailUrl\":\"https:\\\/\\\/www.latribunedufaso.net\\\/wp-content\\\/uploads\\\/2022\\\/12\\\/IMG-20221209-WA0008.jpg\",\"datePublished\":\"2022-12-10T11:41:48+00:00\",\"breadcrumb\":{\"@id\":\"https:\\\/\\\/www.latribunedufaso.net\\\/?p=6744#breadcrumb\"},\"inLanguage\":\"fr-FR\",\"potentialAction\":[{\"@type\":\"ReadAction\",\"target\":[\"https:\\\/\\\/www.latribunedufaso.net\\\/?p=6744\"]}]},{\"@type\":\"ImageObject\",\"inLanguage\":\"fr-FR\",\"@id\":\"https:\\\/\\\/www.latribunedufaso.net\\\/?p=6744#primaryimage\",\"url\":\"https:\\\/\\\/www.latribunedufaso.net\\\/wp-content\\\/uploads\\\/2022\\\/12\\\/IMG-20221209-WA0008.jpg\",\"contentUrl\":\"https:\\\/\\\/www.latribunedufaso.net\\\/wp-content\\\/uploads\\\/2022\\\/12\\\/IMG-20221209-WA0008.jpg\",\"width\":1280,\"height\":960},{\"@type\":\"BreadcrumbList\",\"@id\":\"https:\\\/\\\/www.latribunedufaso.net\\\/?p=6744#breadcrumb\",\"itemListElement\":[{\"@type\":\"ListItem\",\"position\":1,\"name\":\"Accueil\",\"item\":\"https:\\\/\\\/www.latribunedufaso.net\\\/\"},{\"@type\":\"ListItem\",\"position\":2,\"name\":\"Promotion de l\u2019expertise au Burkina : l\u2019APEN sonne la mobilisation des experts agr\u00e9es\"}]},{\"@type\":\"WebSite\",\"@id\":\"https:\\\/\\\/www.latribunedufaso.net\\\/#website\",\"url\":\"https:\\\/\\\/www.latribunedufaso.net\\\/\",\"name\":\"La Tribune du Faso\",\"description\":\"L&#039;information du monde rural en un clic\",\"publisher\":{\"@id\":\"https:\\\/\\\/www.latribunedufaso.net\\\/#organization\"},\"potentialAction\":[{\"@type\":\"SearchAction\",\"target\":{\"@type\":\"EntryPoint\",\"urlTemplate\":\"https:\\\/\\\/www.latribunedufaso.net\\\/?s={search_term_string}\"},\"query-input\":{\"@type\":\"PropertyValueSpecification\",\"valueRequired\":true,\"valueName\":\"search_term_string\"}}],\"inLanguage\":\"fr-FR\"},{\"@type\":\"Organization\",\"@id\":\"https:\\\/\\\/www.latribunedufaso.net\\\/#organization\",\"name\":\"La Tribune du Faso\",\"url\":\"https:\\\/\\\/www.latribunedufaso.net\\\/\",\"logo\":{\"@type\":\"ImageObject\",\"inLanguage\":\"fr-FR\",\"@id\":\"https:\\\/\\\/www.latribunedufaso.net\\\/#\\\/schema\\\/logo\\\/image\\\/\",\"url\":\"https:\\\/\\\/www.latribunedufaso.net\\\/wp-content\\\/uploads\\\/2020\\\/08\\\/Logo-Tribune-du-Faso-final-scaled.jpg\",\"contentUrl\":\"https:\\\/\\\/www.latribunedufaso.net\\\/wp-content\\\/uploads\\\/2020\\\/08\\\/Logo-Tribune-du-Faso-final-scaled.jpg\",\"width\":2560,\"height\":1856,\"caption\":\"La Tribune du Faso\"},\"image\":{\"@id\":\"https:\\\/\\\/www.latribunedufaso.net\\\/#\\\/schema\\\/logo\\\/image\\\/\"},\"sameAs\":[\"https:\\\/\\\/www.facebook.com\\\/LatribuneduFaso\\\/\"]},{\"@type\":\"Person\",\"@id\":\"https:\\\/\\\/www.latribunedufaso.net\\\/#\\\/schema\\\/person\\\/a380782d0605bb8aae27c40ea93b35b1\",\"name\":\"Administrateur\",\"image\":{\"@type\":\"ImageObject\",\"inLanguage\":\"fr-FR\",\"@id\":\"https:\\\/\\\/secure.gravatar.com\\\/avatar\\\/e20266f97d741f0e80ba1f60283074a9b3317fd7bfb727e0d95b51dafbf854a1?s=96&d=mm&r=g\",\"url\":\"https:\\\/\\\/secure.gravatar.com\\\/avatar\\\/e20266f97d741f0e80ba1f60283074a9b3317fd7bfb727e0d95b51dafbf854a1?s=96&d=mm&r=g\",\"contentUrl\":\"https:\\\/\\\/secure.gravatar.com\\\/avatar\\\/e20266f97d741f0e80ba1f60283074a9b3317fd7bfb727e0d95b51dafbf854a1?s=96&d=mm&r=g\",\"caption\":\"Administrateur\"},\"url\":\"https:\\\/\\\/www.latribunedufaso.net\\\/?author=2\"}]}<\/script>\n<!-- \/ Yoast SEO plugin. -->","yoast_head_json":{"title":"Promotion de l\u2019expertise au Burkina : l\u2019APEN sonne la mobilisation des experts agr\u00e9es - La Tribune du Faso","robots":{"index":"index","follow":"follow","max-snippet":"max-snippet:-1","max-image-preview":"max-image-preview:large","max-video-preview":"max-video-preview:-1"},"canonical":"https:\/\/www.latribunedufaso.net\/?p=6744","og_locale":"fr_FR","og_type":"article","og_title":"Promotion de l\u2019expertise au Burkina : l\u2019APEN sonne la mobilisation des experts agr\u00e9es - La Tribune du Faso","og_description":"L\u2019Agence de promotion de l\u2019expertise national (APEN), tient ce vendredi 9 d\u00e9cembre 2022 \u00e0 Ouagadougou la premi\u00e8re session ordinaire de l\u2019assembl\u00e9e g\u00e9n\u00e9rale des experts agr\u00e9es de l\u2019ann\u00e9e 2022. L\u2019objectif de cette rencontre est de permettre \u00e0 ces experts, une meilleure appropriation de l\u2019APEN afin de mieux la soutenir pour un plus grand rayonnement de l\u2019expertise nationale.","og_url":"https:\/\/www.latribunedufaso.net\/?p=6744","og_site_name":"La Tribune du Faso","article_publisher":"https:\/\/www.facebook.com\/LatribuneduFaso\/","article_published_time":"2022-12-10T11:41:48+00:00","og_image":[{"width":1280,"height":960,"url":"https:\/\/www.latribunedufaso.net\/wp-content\/uploads\/2022\/12\/IMG-20221209-WA0008.jpg","type":"image\/jpeg"}],"author":"Administrateur","twitter_misc":{"\u00c9crit par":"Administrateur","Dur\u00e9e de lecture estim\u00e9e":"3 minutes"},"schema":{"@context":"https:\/\/schema.org","@graph":[{"@type":"Article","@id":"https:\/\/www.latribunedufaso.net\/?p=6744#article","isPartOf":{"@id":"https:\/\/www.latribunedufaso.net\/?p=6744"},"author":{"name":"Administrateur","@id":"https:\/\/www.latribunedufaso.net\/#\/schema\/person\/a380782d0605bb8aae27c40ea93b35b1"},"headline":"Promotion de l\u2019expertise au Burkina : l\u2019APEN sonne la mobilisation des experts agr\u00e9es","datePublished":"2022-12-10T11:41:48+00:00","mainEntityOfPage":{"@id":"https:\/\/www.latribunedufaso.net\/?p=6744"},"wordCount":650,"commentCount":0,"publisher":{"@id":"https:\/\/www.latribunedufaso.net\/#organization"},"image":{"@id":"https:\/\/www.latribunedufaso.net\/?p=6744#primaryimage"},"thumbnailUrl":"https:\/\/www.latribunedufaso.net\/wp-content\/uploads\/2022\/12\/IMG-20221209-WA0008.jpg","articleSection":["A la une","Actualit\u00e9","Soci\u00e9t\u00e9"],"inLanguage":"fr-FR","potentialAction":[{"@type":"CommentAction","name":"Comment","target":["https:\/\/www.latribunedufaso.net\/?p=6744#respond"]}]},{"@type":"WebPage","@id":"https:\/\/www.latribunedufaso.net\/?p=6744","url":"https:\/\/www.latribunedufaso.net\/?p=6744","name":"Promotion de l\u2019expertise au Burkina : l\u2019APEN sonne la mobilisation des experts agr\u00e9es - La Tribune du Faso","isPartOf":{"@id":"https:\/\/www.latribunedufaso.net\/#website"},"primaryImageOfPage":{"@id":"https:\/\/www.latribunedufaso.net\/?p=6744#primaryimage"},"image":{"@id":"https:\/\/www.latribunedufaso.net\/?p=6744#primaryimage"},"thumbnailUrl":"https:\/\/www.latribunedufaso.net\/wp-content\/uploads\/2022\/12\/IMG-20221209-WA0008.jpg","datePublished":"2022-12-10T11:41:48+00:00","breadcrumb":{"@id":"https:\/\/www.latribunedufaso.net\/?p=6744#breadcrumb"},"inLanguage":"fr-FR","potentialAction":[{"@type":"ReadAction","target":["https:\/\/www.latribunedufaso.net\/?p=6744"]}]},{"@type":"ImageObject","inLanguage":"fr-FR","@id":"https:\/\/www.latribunedufaso.net\/?p=6744#primaryimage","url":"https:\/\/www.latribunedufaso.net\/wp-content\/uploads\/2022\/12\/IMG-20221209-WA0008.jpg","contentUrl":"https:\/\/www.latribunedufaso.net\/wp-content\/uploads\/2022\/12\/IMG-20221209-WA0008.jpg","width":1280,"height":960},{"@type":"BreadcrumbList","@id":"https:\/\/www.latribunedufaso.net\/?p=6744#breadcrumb","itemListElement":[{"@type":"ListItem","position":1,"name":"Accueil","item":"https:\/\/www.latribunedufaso.net\/"},{"@type":"ListItem","position":2,"name":"Promotion de l\u2019expertise au Burkina : l\u2019APEN sonne la mobilisation des experts agr\u00e9es"}]},{"@type":"WebSite","@id":"https:\/\/www.latribunedufaso.net\/#website","url":"https:\/\/www.latribunedufaso.net\/","name":"La Tribune du Faso","description":"L&#039;information du monde rural en un clic","publisher":{"@id":"https:\/\/www.latribunedufaso.net\/#organization"},"potentialAction":[{"@type":"SearchAction","target":{"@type":"EntryPoint","urlTemplate":"https:\/\/www.latribunedufaso.net\/?s={search_term_string}"},"query-input":{"@type":"PropertyValueSpecification","valueRequired":true,"valueName":"search_term_string"}}],"inLanguage":"fr-FR"},{"@type":"Organization","@id":"https:\/\/www.latribunedufaso.net\/#organization","name":"La Tribune du Faso","url":"https:\/\/www.latribunedufaso.net\/","logo":{"@type":"ImageObject","inLanguage":"fr-FR","@id":"https:\/\/www.latribunedufaso.net\/#\/schema\/logo\/image\/","url":"https:\/\/www.latribunedufaso.net\/wp-content\/uploads\/2020\/08\/Logo-Tribune-du-Faso-final-scaled.jpg","contentUrl":"https:\/\/www.latribunedufaso.net\/wp-content\/uploads\/2020\/08\/Logo-Tribune-du-Faso-final-scaled.jpg","width":2560,"height":1856,"caption":"La Tribune du Faso"},"image":{"@id":"https:\/\/www.latribunedufaso.net\/#\/schema\/logo\/image\/"},"sameAs":["https:\/\/www.facebook.com\/LatribuneduFaso\/"]},{"@type":"Person","@id":"https:\/\/www.latribunedufaso.net\/#\/schema\/person\/a380782d0605bb8aae27c40ea93b35b1","name":"Administrateur","image":{"@type":"ImageObject","inLanguage":"fr-FR","@id":"https:\/\/secure.gravatar.com\/avatar\/e20266f97d741f0e80ba1f60283074a9b3317fd7bfb727e0d95b51dafbf854a1?s=96&d=mm&r=g","url":"https:\/\/secure.gravatar.com\/avatar\/e20266f97d741f0e80ba1f60283074a9b3317fd7bfb727e0d95b51dafbf854a1?s=96&d=mm&r=g","contentUrl":"https:\/\/secure.gravatar.com\/avatar\/e20266f97d741f0e80ba1f60283074a9b3317fd7bfb727e0d95b51dafbf854a1?s=96&d=mm&r=g","caption":"Administrateur"},"url":"https:\/\/www.latribunedufaso.net\/?author=2"}]}},"_links":{"self":[{"href":"https:\/\/www.latribunedufaso.net\/index.php?rest_route=\/wp\/v2\/posts\/6744","targetHints":{"allow":["GET"]}}],"collection":[{"href":"https:\/\/www.latribunedufaso.net\/index.php?rest_route=\/wp\/v2\/posts"}],"about":[{"href":"https:\/\/www.latribunedufaso.net\/index.php?rest_route=\/wp\/v2\/types\/post"}],"author":[{"embeddable":true,"href":"https:\/\/www.latribunedufaso.net\/index.php?rest_route=\/wp\/v2\/users\/2"}],"replies":[{"embeddable":true,"href":"https:\/\/www.latribunedufaso.net\/index.php?rest_route=%2Fwp%2Fv2%2Fcomments&post=6744"}],"version-history":[{"count":1,"href":"https:\/\/www.latribunedufaso.net\/index.php?rest_route=\/wp\/v2\/posts\/6744\/revisions"}],"predecessor-version":[{"id":6745,"href":"https:\/\/www.latribunedufaso.net\/index.php?rest_route=\/wp\/v2\/posts\/6744\/revisions\/6745"}],"wp:featuredmedia":[{"embeddable":true,"href":"https:\/\/www.latribunedufaso.net\/index.php?rest_route=\/wp\/v2\/media\/6726"}],"wp:attachment":[{"href":"https:\/\/www.latribunedufaso.net\/index.php?rest_route=%2Fwp%2Fv2%2Fmedia&parent=6744"}],"wp:term":[{"taxonomy":"category","embeddable":true,"href":"https:\/\/www.latribunedufaso.net\/index.php?rest_route=%2Fwp%2Fv2%2Fcategories&post=6744"},{"taxonomy":"post_tag","embeddable":true,"href":"https:\/\/www.latribunedufaso.net\/index.php?rest_route=%2Fwp%2Fv2%2Ftags&post=6744"}],"curies":[{"name":"wp","href":"https:\/\/api.w.org\/{rel}","templated":true}]}}