{"id":6680,"date":"2022-12-06T22:04:22","date_gmt":"2022-12-06T22:04:22","guid":{"rendered":"https:\/\/www.latribunedufaso.net\/?p=6680"},"modified":"2022-12-07T09:17:23","modified_gmt":"2022-12-07T09:17:23","slug":"industrie-touristique-les-membres-de-la-commission-de-classement-des-entreprises-touristiques-installes","status":"publish","type":"post","link":"https:\/\/www.latribunedufaso.net\/?p=6680","title":{"rendered":"Industrie touristique : Les membres de la commission de classement des entreprises touristiques install\u00e9s"},"content":{"rendered":"<p style=\"text-align: justify;\"><strong><span style=\"font-size: 1.0625rem;\">Ce mardi 6 d\u00e9cembre 2022 \u00e0 Ouagadougou, le minist\u00e8re de la Communication, de la culture, des arts et du tourisme (MCCAT) a organis\u00e9 la c\u00e9r\u00e9monie d\u2019installation des membres de la Commission nationale de classement des entreprises touristiques (les \u00e9tablissements touristiques d\u2019h\u00e9bergement et les restaurants de tourisme) suivie du lancement de l\u2019op\u00e9ration de classement de l\u2019ann\u00e9e 2022. Cette activit\u00e9 \u00e9tait pr\u00e9sid\u00e9e par la Secr\u00e9taire g\u00e9n\u00e9rale adjointe du minist\u00e8re, Adama Segda.<\/span><\/strong><br \/><!--more--><\/p>\n<p style=\"text-align: justify;\"><a href=\"https:\/\/latribunedufaso.net\/wp-content\/uploads\/2022\/12\/IMG-20221207-WA0006.jpg\"><img loading=\"lazy\" decoding=\"async\" class=\"size-medium wp-image-6686 alignleft\" src=\"https:\/\/latribunedufaso.net\/wp-content\/uploads\/2022\/12\/IMG-20221207-WA0006-300x225.jpg\" alt=\"\" width=\"300\" height=\"225\" srcset=\"https:\/\/www.latribunedufaso.net\/wp-content\/uploads\/2022\/12\/IMG-20221207-WA0006-300x225.jpg 300w, https:\/\/www.latribunedufaso.net\/wp-content\/uploads\/2022\/12\/IMG-20221207-WA0006-768x576.jpg 768w, https:\/\/www.latribunedufaso.net\/wp-content\/uploads\/2022\/12\/IMG-20221207-WA0006.jpg 1000w\" sizes=\"auto, (max-width: 300px) 100vw, 300px\" \/><\/a>Le parc h\u00f4telier du Burkina Faso quoique estim\u00e9 \u00e0 environ 1 000 \u00e9tablissements touristiques d\u2019h\u00e9bergement, compte aujourd\u2019hui moins d\u2019un dixi\u00e8me faisant l\u2019objet d\u2019un classement cat\u00e9goriel. Cette situation impacte n\u00e9gativement l\u2019image de ces unit\u00e9s d\u2019h\u00e9bergement et par cons\u00e9quent, l\u2019image du pays comme une destination concurrentielle \u00e0 l\u2019\u00e9chelle internationale.<\/p>\n<p style=\"text-align: justify;\"><a href=\"https:\/\/latribunedufaso.net\/wp-content\/uploads\/2022\/12\/IMG-20221207-WA0008.jpg\"><img loading=\"lazy\" decoding=\"async\" class=\"size-medium wp-image-6684 alignleft\" src=\"https:\/\/latribunedufaso.net\/wp-content\/uploads\/2022\/12\/IMG-20221207-WA0008-300x225.jpg\" alt=\"\" width=\"300\" height=\"225\" srcset=\"https:\/\/www.latribunedufaso.net\/wp-content\/uploads\/2022\/12\/IMG-20221207-WA0008-300x225.jpg 300w, https:\/\/www.latribunedufaso.net\/wp-content\/uploads\/2022\/12\/IMG-20221207-WA0008-768x576.jpg 768w, https:\/\/www.latribunedufaso.net\/wp-content\/uploads\/2022\/12\/IMG-20221207-WA0008.jpg 1000w\" sizes=\"auto, (max-width: 300px) 100vw, 300px\" \/><\/a>Pour la Secr\u00e9taire g\u00e9n\u00e9rale adjointe du MCCAT, Adama Segda, au regard de l\u2019importance de ce classement, son d\u00e9partement en a fait une priorit\u00e9 dans la Strat\u00e9gie nationale de la culture et du tourisme. C\u2019est un travail confi\u00e9 \u00e0 une entit\u00e9 pluridisciplinaire d\u00e9nomm\u00e9e \u00ab Commission nationale de classement des entreprises touristiques \u00bb. La pr\u00e9sente c\u00e9r\u00e9monie est donc consacr\u00e9e \u00e0 l\u2019installation des membres de ladite c\u00e9r\u00e9monie.<\/p>\n<p style=\"text-align: justify;\"><a href=\"https:\/\/latribunedufaso.net\/wp-content\/uploads\/2022\/12\/IMG-20221207-WA0010.jpg\"><img loading=\"lazy\" decoding=\"async\" class=\"size-medium wp-image-6685 alignleft\" src=\"https:\/\/latribunedufaso.net\/wp-content\/uploads\/2022\/12\/IMG-20221207-WA0010-300x225.jpg\" alt=\"\" width=\"300\" height=\"225\" srcset=\"https:\/\/www.latribunedufaso.net\/wp-content\/uploads\/2022\/12\/IMG-20221207-WA0010-300x225.jpg 300w, https:\/\/www.latribunedufaso.net\/wp-content\/uploads\/2022\/12\/IMG-20221207-WA0010-768x576.jpg 768w, https:\/\/www.latribunedufaso.net\/wp-content\/uploads\/2022\/12\/IMG-20221207-WA0010.jpg 1000w\" sizes=\"auto, (max-width: 300px) 100vw, 300px\" \/><\/a>Compos\u00e9e de 13 membres, cette commission aura entre autres pour mission de\u00a0l\u2019\u00e9laboration des fiches techniques de classement en tenant compte des normes et standards en mati\u00e8re d\u2019h\u00f4tellerie et de restauration de la CEDEAO, de l\u2019\u00e9valuation des entreprises touristiques sur la base des crit\u00e8res pr\u00e9\u00e9tablis, de l\u2019\u00e9laboration des projets d\u2019arr\u00eat\u00e9s de classement \u00e0 la signature du ministre\u00a0et d\u2019appui conseil aux entreprises touristiques.<\/p>\n<p style=\"text-align: justify;\">Le classement cat\u00e9goriel est d\u2019une importance capitale et constitue un v\u00e9ritable atout commercial pour les entreprises touristiques. Il leur permet d\u2019une part, d\u2019harmoniser leurs offres avec les pratiques et de se d\u00e9marquer de la concurrence locale et d\u2019autre part, d\u2019am\u00e9liorer leur attractivit\u00e9 et leur notori\u00e9t\u00e9. Par ailleurs, il leur permet \u00e9galement de p\u00e9n\u00e9trer le march\u00e9 mondial en proposant des offres sur les grands sites de r\u00e9servation en ligne.<\/p>\n<p style=\"text-align: justify;\"><a href=\"https:\/\/latribunedufaso.net\/wp-content\/uploads\/2022\/12\/IMG-20221207-WA0011.jpg\"><img loading=\"lazy\" decoding=\"async\" class=\"size-medium wp-image-6681 alignleft\" src=\"https:\/\/latribunedufaso.net\/wp-content\/uploads\/2022\/12\/IMG-20221207-WA0011-300x225.jpg\" alt=\"\" width=\"300\" height=\"225\" srcset=\"https:\/\/www.latribunedufaso.net\/wp-content\/uploads\/2022\/12\/IMG-20221207-WA0011-300x225.jpg 300w, https:\/\/www.latribunedufaso.net\/wp-content\/uploads\/2022\/12\/IMG-20221207-WA0011-768x576.jpg 768w, https:\/\/www.latribunedufaso.net\/wp-content\/uploads\/2022\/12\/IMG-20221207-WA0011.jpg 1000w\" sizes=\"auto, (max-width: 300px) 100vw, 300px\" \/><\/a> 150 entreprises touristiques (\u00e9tablissement touristique d\u2019h\u00e9bergement et restaurant) seront concern\u00e9es par cette op\u00e9ration. Elles seront \u00e9valu\u00e9es et class\u00e9es sur la base d\u2019un certain nombre de crit\u00e8res. \u00ab\u00a0En ce qui concerne les restaurants, il s\u2019agit de la cr\u00e9ativit\u00e9 des mets, les questions sanitaires, l\u2019accueil et la s\u00e9curit\u00e9 alimentaire. Ils seront class\u00e9s graduellement suivant 3 fourchettes. Une autre cat\u00e9gorie a \u00e9t\u00e9 mise en place pour les restaurants qui n\u2019ont pas encore les crit\u00e8res requis pour \u00eatre class\u00e9s selon les fourchettes. Il s\u2019agit de la \u00ab\u00a0cat\u00e9gorie utilitaire\u00a0\u00bb. Les int\u00e9ress\u00e9s b\u00e9n\u00e9ficieront d\u2019un appui conseil\u00a0\u00bb a expliqu\u00e9 la Directrice g\u00e9n\u00e9rale du tourisme et pr\u00e9sidente de la commission, Monique Ou\u00e9draogo.\u00a0<\/p>\n<p style=\"text-align: justify;\">Par ailleurs, pour les \u00e9tablissements touristiques d\u2019h\u00e9bergement, le classement sera graduel de la 1ere \u00e0 la 5e \u00e9toile. A ce niveau les crit\u00e8res sont l\u2019accueil et la r\u00e9ception, les locaux communs (toilettes, piscine\u2026), l\u2019organisation administrative, les dispositions des chambres et les aspects li\u00e9s \u00e0 la s\u00e9curit\u00e9, aux confort et \u00e0 la s\u00fbret\u00e9 du client.<\/p>\n<p style=\"text-align: justify;\"><strong>Issouf Tapsoba\u00a0<\/strong><\/p>\n<p style=\"text-align: justify;\"><strong>Latribunedufaso.net<\/strong><\/p>\n<p><a href=\"https:\/\/latribunedufaso.net\/wp-content\/uploads\/2022\/12\/IMG-20221207-WA0013.jpg\"><img loading=\"lazy\" decoding=\"async\" class=\"alignnone size-medium wp-image-6687\" src=\"https:\/\/latribunedufaso.net\/wp-content\/uploads\/2022\/12\/IMG-20221207-WA0013-300x225.jpg\" alt=\"\" width=\"300\" height=\"225\" srcset=\"https:\/\/www.latribunedufaso.net\/wp-content\/uploads\/2022\/12\/IMG-20221207-WA0013-300x225.jpg 300w, https:\/\/www.latribunedufaso.net\/wp-content\/uploads\/2022\/12\/IMG-20221207-WA0013-768x576.jpg 768w, https:\/\/www.latribunedufaso.net\/wp-content\/uploads\/2022\/12\/IMG-20221207-WA0013.jpg 1000w\" sizes=\"auto, (max-width: 300px) 100vw, 300px\" \/><\/a><\/p>\n","protected":false},"excerpt":{"rendered":"<p>Ce mardi 6 d\u00e9cembre 2022 \u00e0 Ouagadougou, le minist\u00e8re de la Communication, de la culture, des arts et du tourisme (MCCAT) a organis\u00e9 la c\u00e9r\u00e9monie d\u2019installation des membres de la Commission nationale de classement des entreprises touristiques (les \u00e9tablissements touristiques d\u2019h\u00e9bergement et les restaurants de tourisme) suivie du lancement de l\u2019op\u00e9ration de classement de l\u2019ann\u00e9e 2022. Cette activit\u00e9 \u00e9tait pr\u00e9sid\u00e9e par la Secr\u00e9taire g\u00e9n\u00e9rale adjointe du minist\u00e8re, Adama Segda.<\/p>\n","protected":false},"author":2,"featured_media":6688,"comment_status":"open","ping_status":"open","sticky":false,"template":"","format":"standard","meta":{"footnotes":""},"categories":[13,1,30,8],"tags":[],"class_list":["post-6680","post","type-post","status-publish","format-standard","has-post-thumbnail","hentry","category-une","category-actu","category-art-et-culture","category-societe"],"yoast_head":"<!-- This site is optimized with the Yoast SEO plugin v27.5 - https:\/\/yoast.com\/product\/yoast-seo-wordpress\/ -->\n<title>Industrie touristique : Les membres de la commission de classement des entreprises touristiques install\u00e9s - La Tribune du Faso<\/title>\n<meta name=\"robots\" content=\"index, follow, max-snippet:-1, max-image-preview:large, max-video-preview:-1\" \/>\n<link rel=\"canonical\" href=\"https:\/\/www.latribunedufaso.net\/?p=6680\" \/>\n<meta property=\"og:locale\" content=\"fr_FR\" \/>\n<meta property=\"og:type\" content=\"article\" \/>\n<meta property=\"og:title\" content=\"Industrie touristique : Les membres de la commission de classement des entreprises touristiques install\u00e9s - La Tribune du Faso\" \/>\n<meta property=\"og:description\" content=\"Ce mardi 6 d\u00e9cembre 2022 \u00e0 Ouagadougou, le minist\u00e8re de la Communication, de la culture, des arts et du tourisme (MCCAT) a organis\u00e9 la c\u00e9r\u00e9monie d\u2019installation des membres de la Commission nationale de classement des entreprises touristiques (les \u00e9tablissements touristiques d\u2019h\u00e9bergement et les restaurants de tourisme) suivie du lancement de l\u2019op\u00e9ration de classement de l\u2019ann\u00e9e 2022. Cette activit\u00e9 \u00e9tait pr\u00e9sid\u00e9e par la Secr\u00e9taire g\u00e9n\u00e9rale adjointe du minist\u00e8re, Adama Segda.\" \/>\n<meta property=\"og:url\" content=\"https:\/\/www.latribunedufaso.net\/?p=6680\" \/>\n<meta property=\"og:site_name\" content=\"La Tribune du Faso\" \/>\n<meta property=\"article:publisher\" content=\"https:\/\/www.facebook.com\/LatribuneduFaso\/\" \/>\n<meta property=\"article:published_time\" content=\"2022-12-06T22:04:22+00:00\" \/>\n<meta property=\"article:modified_time\" content=\"2022-12-07T09:17:23+00:00\" \/>\n<meta property=\"og:image\" content=\"https:\/\/www.latribunedufaso.net\/wp-content\/uploads\/2022\/12\/IMG-20221207-WA0014.jpg\" \/>\n\t<meta property=\"og:image:width\" content=\"1000\" \/>\n\t<meta property=\"og:image:height\" content=\"750\" \/>\n\t<meta property=\"og:image:type\" content=\"image\/jpeg\" \/>\n<meta name=\"author\" content=\"Administrateur\" \/>\n<meta name=\"twitter:label1\" content=\"\u00c9crit par\" \/>\n\t<meta name=\"twitter:data1\" content=\"Administrateur\" \/>\n\t<meta name=\"twitter:label2\" content=\"Dur\u00e9e de lecture estim\u00e9e\" \/>\n\t<meta name=\"twitter:data2\" content=\"3 minutes\" \/>\n<script type=\"application\/ld+json\" class=\"yoast-schema-graph\">{\"@context\":\"https:\\\/\\\/schema.org\",\"@graph\":[{\"@type\":\"Article\",\"@id\":\"https:\\\/\\\/www.latribunedufaso.net\\\/?p=6680#article\",\"isPartOf\":{\"@id\":\"https:\\\/\\\/www.latribunedufaso.net\\\/?p=6680\"},\"author\":{\"name\":\"Administrateur\",\"@id\":\"https:\\\/\\\/www.latribunedufaso.net\\\/#\\\/schema\\\/person\\\/a380782d0605bb8aae27c40ea93b35b1\"},\"headline\":\"Industrie touristique : Les membres de la commission de classement des entreprises touristiques install\u00e9s\",\"datePublished\":\"2022-12-06T22:04:22+00:00\",\"dateModified\":\"2022-12-07T09:17:23+00:00\",\"mainEntityOfPage\":{\"@id\":\"https:\\\/\\\/www.latribunedufaso.net\\\/?p=6680\"},\"wordCount\":581,\"commentCount\":0,\"publisher\":{\"@id\":\"https:\\\/\\\/www.latribunedufaso.net\\\/#organization\"},\"image\":{\"@id\":\"https:\\\/\\\/www.latribunedufaso.net\\\/?p=6680#primaryimage\"},\"thumbnailUrl\":\"https:\\\/\\\/www.latribunedufaso.net\\\/wp-content\\\/uploads\\\/2022\\\/12\\\/IMG-20221207-WA0014.jpg\",\"articleSection\":[\"A la une\",\"Actualit\u00e9\",\"Art et Culture\",\"Soci\u00e9t\u00e9\"],\"inLanguage\":\"fr-FR\",\"potentialAction\":[{\"@type\":\"CommentAction\",\"name\":\"Comment\",\"target\":[\"https:\\\/\\\/www.latribunedufaso.net\\\/?p=6680#respond\"]}]},{\"@type\":\"WebPage\",\"@id\":\"https:\\\/\\\/www.latribunedufaso.net\\\/?p=6680\",\"url\":\"https:\\\/\\\/www.latribunedufaso.net\\\/?p=6680\",\"name\":\"Industrie touristique : Les membres de la commission de classement des entreprises touristiques install\u00e9s - La Tribune du Faso\",\"isPartOf\":{\"@id\":\"https:\\\/\\\/www.latribunedufaso.net\\\/#website\"},\"primaryImageOfPage\":{\"@id\":\"https:\\\/\\\/www.latribunedufaso.net\\\/?p=6680#primaryimage\"},\"image\":{\"@id\":\"https:\\\/\\\/www.latribunedufaso.net\\\/?p=6680#primaryimage\"},\"thumbnailUrl\":\"https:\\\/\\\/www.latribunedufaso.net\\\/wp-content\\\/uploads\\\/2022\\\/12\\\/IMG-20221207-WA0014.jpg\",\"datePublished\":\"2022-12-06T22:04:22+00:00\",\"dateModified\":\"2022-12-07T09:17:23+00:00\",\"breadcrumb\":{\"@id\":\"https:\\\/\\\/www.latribunedufaso.net\\\/?p=6680#breadcrumb\"},\"inLanguage\":\"fr-FR\",\"potentialAction\":[{\"@type\":\"ReadAction\",\"target\":[\"https:\\\/\\\/www.latribunedufaso.net\\\/?p=6680\"]}]},{\"@type\":\"ImageObject\",\"inLanguage\":\"fr-FR\",\"@id\":\"https:\\\/\\\/www.latribunedufaso.net\\\/?p=6680#primaryimage\",\"url\":\"https:\\\/\\\/www.latribunedufaso.net\\\/wp-content\\\/uploads\\\/2022\\\/12\\\/IMG-20221207-WA0014.jpg\",\"contentUrl\":\"https:\\\/\\\/www.latribunedufaso.net\\\/wp-content\\\/uploads\\\/2022\\\/12\\\/IMG-20221207-WA0014.jpg\",\"width\":1000,\"height\":750},{\"@type\":\"BreadcrumbList\",\"@id\":\"https:\\\/\\\/www.latribunedufaso.net\\\/?p=6680#breadcrumb\",\"itemListElement\":[{\"@type\":\"ListItem\",\"position\":1,\"name\":\"Accueil\",\"item\":\"https:\\\/\\\/www.latribunedufaso.net\\\/\"},{\"@type\":\"ListItem\",\"position\":2,\"name\":\"Industrie touristique : Les membres de la commission de classement des entreprises touristiques install\u00e9s\"}]},{\"@type\":\"WebSite\",\"@id\":\"https:\\\/\\\/www.latribunedufaso.net\\\/#website\",\"url\":\"https:\\\/\\\/www.latribunedufaso.net\\\/\",\"name\":\"La Tribune du Faso\",\"description\":\"L&#039;information du monde rural en un clic\",\"publisher\":{\"@id\":\"https:\\\/\\\/www.latribunedufaso.net\\\/#organization\"},\"potentialAction\":[{\"@type\":\"SearchAction\",\"target\":{\"@type\":\"EntryPoint\",\"urlTemplate\":\"https:\\\/\\\/www.latribunedufaso.net\\\/?s={search_term_string}\"},\"query-input\":{\"@type\":\"PropertyValueSpecification\",\"valueRequired\":true,\"valueName\":\"search_term_string\"}}],\"inLanguage\":\"fr-FR\"},{\"@type\":\"Organization\",\"@id\":\"https:\\\/\\\/www.latribunedufaso.net\\\/#organization\",\"name\":\"La Tribune du Faso\",\"url\":\"https:\\\/\\\/www.latribunedufaso.net\\\/\",\"logo\":{\"@type\":\"ImageObject\",\"inLanguage\":\"fr-FR\",\"@id\":\"https:\\\/\\\/www.latribunedufaso.net\\\/#\\\/schema\\\/logo\\\/image\\\/\",\"url\":\"https:\\\/\\\/www.latribunedufaso.net\\\/wp-content\\\/uploads\\\/2020\\\/08\\\/Logo-Tribune-du-Faso-final-scaled.jpg\",\"contentUrl\":\"https:\\\/\\\/www.latribunedufaso.net\\\/wp-content\\\/uploads\\\/2020\\\/08\\\/Logo-Tribune-du-Faso-final-scaled.jpg\",\"width\":2560,\"height\":1856,\"caption\":\"La Tribune du Faso\"},\"image\":{\"@id\":\"https:\\\/\\\/www.latribunedufaso.net\\\/#\\\/schema\\\/logo\\\/image\\\/\"},\"sameAs\":[\"https:\\\/\\\/www.facebook.com\\\/LatribuneduFaso\\\/\"]},{\"@type\":\"Person\",\"@id\":\"https:\\\/\\\/www.latribunedufaso.net\\\/#\\\/schema\\\/person\\\/a380782d0605bb8aae27c40ea93b35b1\",\"name\":\"Administrateur\",\"image\":{\"@type\":\"ImageObject\",\"inLanguage\":\"fr-FR\",\"@id\":\"https:\\\/\\\/secure.gravatar.com\\\/avatar\\\/e20266f97d741f0e80ba1f60283074a9b3317fd7bfb727e0d95b51dafbf854a1?s=96&d=mm&r=g\",\"url\":\"https:\\\/\\\/secure.gravatar.com\\\/avatar\\\/e20266f97d741f0e80ba1f60283074a9b3317fd7bfb727e0d95b51dafbf854a1?s=96&d=mm&r=g\",\"contentUrl\":\"https:\\\/\\\/secure.gravatar.com\\\/avatar\\\/e20266f97d741f0e80ba1f60283074a9b3317fd7bfb727e0d95b51dafbf854a1?s=96&d=mm&r=g\",\"caption\":\"Administrateur\"},\"url\":\"https:\\\/\\\/www.latribunedufaso.net\\\/?author=2\"}]}<\/script>\n<!-- \/ Yoast SEO plugin. -->","yoast_head_json":{"title":"Industrie touristique : Les membres de la commission de classement des entreprises touristiques install\u00e9s - La Tribune du Faso","robots":{"index":"index","follow":"follow","max-snippet":"max-snippet:-1","max-image-preview":"max-image-preview:large","max-video-preview":"max-video-preview:-1"},"canonical":"https:\/\/www.latribunedufaso.net\/?p=6680","og_locale":"fr_FR","og_type":"article","og_title":"Industrie touristique : Les membres de la commission de classement des entreprises touristiques install\u00e9s - La Tribune du Faso","og_description":"Ce mardi 6 d\u00e9cembre 2022 \u00e0 Ouagadougou, le minist\u00e8re de la Communication, de la culture, des arts et du tourisme (MCCAT) a organis\u00e9 la c\u00e9r\u00e9monie d\u2019installation des membres de la Commission nationale de classement des entreprises touristiques (les \u00e9tablissements touristiques d\u2019h\u00e9bergement et les restaurants de tourisme) suivie du lancement de l\u2019op\u00e9ration de classement de l\u2019ann\u00e9e 2022. Cette activit\u00e9 \u00e9tait pr\u00e9sid\u00e9e par la Secr\u00e9taire g\u00e9n\u00e9rale adjointe du minist\u00e8re, Adama Segda.","og_url":"https:\/\/www.latribunedufaso.net\/?p=6680","og_site_name":"La Tribune du Faso","article_publisher":"https:\/\/www.facebook.com\/LatribuneduFaso\/","article_published_time":"2022-12-06T22:04:22+00:00","article_modified_time":"2022-12-07T09:17:23+00:00","og_image":[{"width":1000,"height":750,"url":"https:\/\/www.latribunedufaso.net\/wp-content\/uploads\/2022\/12\/IMG-20221207-WA0014.jpg","type":"image\/jpeg"}],"author":"Administrateur","twitter_misc":{"\u00c9crit par":"Administrateur","Dur\u00e9e de lecture estim\u00e9e":"3 minutes"},"schema":{"@context":"https:\/\/schema.org","@graph":[{"@type":"Article","@id":"https:\/\/www.latribunedufaso.net\/?p=6680#article","isPartOf":{"@id":"https:\/\/www.latribunedufaso.net\/?p=6680"},"author":{"name":"Administrateur","@id":"https:\/\/www.latribunedufaso.net\/#\/schema\/person\/a380782d0605bb8aae27c40ea93b35b1"},"headline":"Industrie touristique : Les membres de la commission de classement des entreprises touristiques install\u00e9s","datePublished":"2022-12-06T22:04:22+00:00","dateModified":"2022-12-07T09:17:23+00:00","mainEntityOfPage":{"@id":"https:\/\/www.latribunedufaso.net\/?p=6680"},"wordCount":581,"commentCount":0,"publisher":{"@id":"https:\/\/www.latribunedufaso.net\/#organization"},"image":{"@id":"https:\/\/www.latribunedufaso.net\/?p=6680#primaryimage"},"thumbnailUrl":"https:\/\/www.latribunedufaso.net\/wp-content\/uploads\/2022\/12\/IMG-20221207-WA0014.jpg","articleSection":["A la une","Actualit\u00e9","Art et Culture","Soci\u00e9t\u00e9"],"inLanguage":"fr-FR","potentialAction":[{"@type":"CommentAction","name":"Comment","target":["https:\/\/www.latribunedufaso.net\/?p=6680#respond"]}]},{"@type":"WebPage","@id":"https:\/\/www.latribunedufaso.net\/?p=6680","url":"https:\/\/www.latribunedufaso.net\/?p=6680","name":"Industrie touristique : Les membres de la commission de classement des entreprises touristiques install\u00e9s - La Tribune du Faso","isPartOf":{"@id":"https:\/\/www.latribunedufaso.net\/#website"},"primaryImageOfPage":{"@id":"https:\/\/www.latribunedufaso.net\/?p=6680#primaryimage"},"image":{"@id":"https:\/\/www.latribunedufaso.net\/?p=6680#primaryimage"},"thumbnailUrl":"https:\/\/www.latribunedufaso.net\/wp-content\/uploads\/2022\/12\/IMG-20221207-WA0014.jpg","datePublished":"2022-12-06T22:04:22+00:00","dateModified":"2022-12-07T09:17:23+00:00","breadcrumb":{"@id":"https:\/\/www.latribunedufaso.net\/?p=6680#breadcrumb"},"inLanguage":"fr-FR","potentialAction":[{"@type":"ReadAction","target":["https:\/\/www.latribunedufaso.net\/?p=6680"]}]},{"@type":"ImageObject","inLanguage":"fr-FR","@id":"https:\/\/www.latribunedufaso.net\/?p=6680#primaryimage","url":"https:\/\/www.latribunedufaso.net\/wp-content\/uploads\/2022\/12\/IMG-20221207-WA0014.jpg","contentUrl":"https:\/\/www.latribunedufaso.net\/wp-content\/uploads\/2022\/12\/IMG-20221207-WA0014.jpg","width":1000,"height":750},{"@type":"BreadcrumbList","@id":"https:\/\/www.latribunedufaso.net\/?p=6680#breadcrumb","itemListElement":[{"@type":"ListItem","position":1,"name":"Accueil","item":"https:\/\/www.latribunedufaso.net\/"},{"@type":"ListItem","position":2,"name":"Industrie touristique : Les membres de la commission de classement des entreprises touristiques install\u00e9s"}]},{"@type":"WebSite","@id":"https:\/\/www.latribunedufaso.net\/#website","url":"https:\/\/www.latribunedufaso.net\/","name":"La Tribune du Faso","description":"L&#039;information du monde rural en un clic","publisher":{"@id":"https:\/\/www.latribunedufaso.net\/#organization"},"potentialAction":[{"@type":"SearchAction","target":{"@type":"EntryPoint","urlTemplate":"https:\/\/www.latribunedufaso.net\/?s={search_term_string}"},"query-input":{"@type":"PropertyValueSpecification","valueRequired":true,"valueName":"search_term_string"}}],"inLanguage":"fr-FR"},{"@type":"Organization","@id":"https:\/\/www.latribunedufaso.net\/#organization","name":"La Tribune du Faso","url":"https:\/\/www.latribunedufaso.net\/","logo":{"@type":"ImageObject","inLanguage":"fr-FR","@id":"https:\/\/www.latribunedufaso.net\/#\/schema\/logo\/image\/","url":"https:\/\/www.latribunedufaso.net\/wp-content\/uploads\/2020\/08\/Logo-Tribune-du-Faso-final-scaled.jpg","contentUrl":"https:\/\/www.latribunedufaso.net\/wp-content\/uploads\/2020\/08\/Logo-Tribune-du-Faso-final-scaled.jpg","width":2560,"height":1856,"caption":"La Tribune du Faso"},"image":{"@id":"https:\/\/www.latribunedufaso.net\/#\/schema\/logo\/image\/"},"sameAs":["https:\/\/www.facebook.com\/LatribuneduFaso\/"]},{"@type":"Person","@id":"https:\/\/www.latribunedufaso.net\/#\/schema\/person\/a380782d0605bb8aae27c40ea93b35b1","name":"Administrateur","image":{"@type":"ImageObject","inLanguage":"fr-FR","@id":"https:\/\/secure.gravatar.com\/avatar\/e20266f97d741f0e80ba1f60283074a9b3317fd7bfb727e0d95b51dafbf854a1?s=96&d=mm&r=g","url":"https:\/\/secure.gravatar.com\/avatar\/e20266f97d741f0e80ba1f60283074a9b3317fd7bfb727e0d95b51dafbf854a1?s=96&d=mm&r=g","contentUrl":"https:\/\/secure.gravatar.com\/avatar\/e20266f97d741f0e80ba1f60283074a9b3317fd7bfb727e0d95b51dafbf854a1?s=96&d=mm&r=g","caption":"Administrateur"},"url":"https:\/\/www.latribunedufaso.net\/?author=2"}]}},"_links":{"self":[{"href":"https:\/\/www.latribunedufaso.net\/index.php?rest_route=\/wp\/v2\/posts\/6680","targetHints":{"allow":["GET"]}}],"collection":[{"href":"https:\/\/www.latribunedufaso.net\/index.php?rest_route=\/wp\/v2\/posts"}],"about":[{"href":"https:\/\/www.latribunedufaso.net\/index.php?rest_route=\/wp\/v2\/types\/post"}],"author":[{"embeddable":true,"href":"https:\/\/www.latribunedufaso.net\/index.php?rest_route=\/wp\/v2\/users\/2"}],"replies":[{"embeddable":true,"href":"https:\/\/www.latribunedufaso.net\/index.php?rest_route=%2Fwp%2Fv2%2Fcomments&post=6680"}],"version-history":[{"count":1,"href":"https:\/\/www.latribunedufaso.net\/index.php?rest_route=\/wp\/v2\/posts\/6680\/revisions"}],"predecessor-version":[{"id":6689,"href":"https:\/\/www.latribunedufaso.net\/index.php?rest_route=\/wp\/v2\/posts\/6680\/revisions\/6689"}],"wp:featuredmedia":[{"embeddable":true,"href":"https:\/\/www.latribunedufaso.net\/index.php?rest_route=\/wp\/v2\/media\/6688"}],"wp:attachment":[{"href":"https:\/\/www.latribunedufaso.net\/index.php?rest_route=%2Fwp%2Fv2%2Fmedia&parent=6680"}],"wp:term":[{"taxonomy":"category","embeddable":true,"href":"https:\/\/www.latribunedufaso.net\/index.php?rest_route=%2Fwp%2Fv2%2Fcategories&post=6680"},{"taxonomy":"post_tag","embeddable":true,"href":"https:\/\/www.latribunedufaso.net\/index.php?rest_route=%2Fwp%2Fv2%2Ftags&post=6680"}],"curies":[{"name":"wp","href":"https:\/\/api.w.org\/{rel}","templated":true}]}}