{"id":6500,"date":"2022-11-15T20:22:45","date_gmt":"2022-11-15T20:22:45","guid":{"rendered":"https:\/\/www.latribunedufaso.net\/?p=6500"},"modified":"2022-11-17T08:29:13","modified_gmt":"2022-11-17T08:29:13","slug":"histoire-du-burkina-faso-rendez-vous-du-23-au-25-novembre-pour-un-colloque-international","status":"publish","type":"post","link":"https:\/\/www.latribunedufaso.net\/?p=6500","title":{"rendered":"Histoire du Burkina Faso\u00a0: Rendez-vous du 23 au 25 novembre pour un colloque international"},"content":{"rendered":"<p style=\"text-align: justify;\"><strong><span style=\"font-size: 1.0625rem;\">Dans le cadre de leurs activit\u00e9s, et dans le but de mener une r\u00e9flexion collective sur comment le Burkina Faso peut se repositionner sur la sc\u00e8ne continentale et mondiale, le d\u00e9partement d\u2019Histoire et Arch\u00e9ologie de l\u2019Universit\u00e9 Joseph KI-ZERBO et l\u2019Association des Historiens du Burkina organisent du 23 au 25 novembre 2022 un colloque international sur le th\u00e8me \u00ab Le Burkina Faso en Afrique et dans le monde \u00bb. Le comit\u00e9 d&rsquo;organisation \u00e9tait face \u00e0 la presse ce mardi 15 novembre 2022 pour donner les grandes lignes.<\/span><\/strong><br \/><!--more--><\/p>\n<p style=\"text-align: justify;\"><a href=\"https:\/\/latribunedufaso.net\/wp-content\/uploads\/2022\/11\/IMG_20221115_091814_336-scaled.jpg\"><img loading=\"lazy\" decoding=\"async\" class=\"size-medium wp-image-6501 alignleft\" src=\"https:\/\/latribunedufaso.net\/wp-content\/uploads\/2022\/11\/IMG_20221115_091814_336-300x225.jpg\" alt=\"\" width=\"300\" height=\"225\" srcset=\"https:\/\/www.latribunedufaso.net\/wp-content\/uploads\/2022\/11\/IMG_20221115_091814_336-300x225.jpg 300w, https:\/\/www.latribunedufaso.net\/wp-content\/uploads\/2022\/11\/IMG_20221115_091814_336-1024x768.jpg 1024w, https:\/\/www.latribunedufaso.net\/wp-content\/uploads\/2022\/11\/IMG_20221115_091814_336-768x576.jpg 768w, https:\/\/www.latribunedufaso.net\/wp-content\/uploads\/2022\/11\/IMG_20221115_091814_336-1536x1152.jpg 1536w, https:\/\/www.latribunedufaso.net\/wp-content\/uploads\/2022\/11\/IMG_20221115_091814_336-2048x1536.jpg 2048w\" sizes=\"auto, (max-width: 300px) 100vw, 300px\" \/><\/a>Les travaux du colloque se tiendront \u00e0 l\u2019universit\u00e9 Joseph KI-ZERBO dans trois salles : l\u2019amphi Bakary Coulibaly, l\u2019amphi Claude Somda et la salle 401 en pr\u00e9sentiel et en visioconf\u00e9rence. Toutefois, la c\u00e9r\u00e9monie d\u2019ouverture se tiendra dans la salle de conf\u00e9rence du b\u00e2timent PSUT. Au total 98 communications sont attendus et des communicants venus de 07 pays \u00e0 savoir le Burkina Faso, la C\u00f4te d\u2019Ivoire, le Togo, le Cameroun, la Guin\u00e9e Conakry, la France et le Canada.<\/p>\n<p style=\"text-align: justify;\">Pour le Pr Moussa Willy Batenga, pr\u00e9sident du Comit\u00e9 d\u2019organisation du colloque international, les travaux du colloque s\u2019articuleront autour de 10 axes. Il s&rsquo;agit :<span style=\"font-size: 1.0625rem;\">\u00a0le Burkina Faso <\/span>pr\u00e9colonial\u00a0<span style=\"font-size: 1.0625rem;\">; le Burkina Faso colonial<\/span><span style=\"font-size: 1.0625rem;\">\u00a0; le Burkina Faso postcolonial<\/span><span style=\"font-size: 1.0625rem;\">\u00a0; le Burkina Faso dans les institutions continentales et internationales; les\u00a0<\/span><span style=\"font-size: 1.0625rem;\">Arts et cultures, les politiques culturelles; la m<\/span><span style=\"font-size: 1.0625rem;\">obilit\u00e9 humaine et l&rsquo;int\u00e9gration; les d<\/span><span style=\"font-size: 1.0625rem;\">ynamiques culturelles et religieuses; la d<\/span><span style=\"font-size: 1.0625rem;\">\u00e9mographie, les v<\/span><span style=\"font-size: 1.0625rem;\">illes et campagnes; la g<\/span><span style=\"font-size: 1.0625rem;\">ouvernance politique et \u00e9conomique au Burkina Faso.<\/span><\/p>\n<p style=\"text-align: justify;\">Selon le premier vice pr\u00e9sident du comit\u00e9 d\u2019organisation , le Pr Issa Ciss\u00e9, le pass\u00e9 du Burkina n\u2019est pas bien connu. Ce colloque va donc permettre au grand public burkinab\u00e8 de conna\u00eetre non seulement ce qui est fait au d\u00e9partement d\u2019histoire et arch\u00e9ologie de l\u2019universit\u00e9 Joseph ki Zerbo mais aussi de comprendre le pass\u00e9 du Burkina, mieux d\u00e9couvrir ses racines afin de pouvoir mieux s\u2019orienter.\u00a0<\/p>\n<p style=\"text-align: justify;\">En prenant la parole, le Pr\u00e9sident de l\u2019association des Historiens du Burkina Faso et par ailleurs deuxi\u00e8me vice pr\u00e9sident du comit\u00e9 d\u2019organisation du colloque, le professeur Yacouba Zerbo a donn\u00e9 un aper\u00e7u de plusieurs points qui pourront \u00eatre abord\u00e9s par les diff\u00e9rentes communications. Il s\u2019agit notamment du mode de vie des burkinab\u00e8 avant la colonisation en mati\u00e8re de d\u00e9fense, de s\u00e9curit\u00e9, d\u2019agriculture, de culture et d\u2019art\u00a0; de l\u2019impact de la colonisation sur la vie des burkinab\u00e8 et de l\u2019organisation des burkinab\u00e8 apr\u00e8s la colonisation . Pour lui conna\u00eetre l\u2019histoire permet une meilleure analyse des faits et donc aborder ces th\u00e8mes sera tr\u00e8s b\u00e9n\u00e9fique pour le public burkinab\u00e8, \u00ab\u00a0 l\u2019histoire est la lumi\u00e8re, la connaissance et le savoir. Quand on n\u2019a pas une connaissance approfondie des choses, on les analyses de fa\u00e7on superficielle et on tombe facilement dans l\u2019erreur. C\u2019est pourquoi il faut s\u2019inspirer du pass\u00e9 pour mieux pr\u00e9parer l\u2019avenir\u00a0\u00bb. A t- il fait savoir .<\/p>\n<p style=\"text-align: justify;\">Le Pr Moussa Willy Batenga, pr\u00e9sident du Comit\u00e9 d\u2019organisation du colloque, a mis en lumi\u00e8re l\u2019importance de ces types de rencontres. Selon lui, les r\u00e9sultats des \u00e9changes du colloque seront mises \u00e0 la disposition du grand public \u00e0 travers la production de livres. Aussi ces r\u00e9sultats contribuent \u00e0 la construction de \u00ab notre \u00bb nation et de \u00ab notre \u00bb Etat. Ils \u00e9clairent sur les questions de citoyennet\u00e9 et de d\u00e9veloppement, et aident \u00e0 la prise de d\u00e9cisions notamment celle des politiques. Ainsi \u00e0 l\u2019issue de ce colloque, les communications retenues feront l\u2019objet de la publication d\u2019un ouvrage qui sera intitul\u00e9 \u00ab\u00a0Les actes du colloque\u00a0\u00bb.\u00a0<\/p>\n<p style=\"text-align: justify;\">Par ailleurs, il faut noter que pour la r\u00e9ussite du colloque, un comit\u00e9 scientifique international a \u00e9t\u00e9 mis en place. Les membres de ce comit\u00e9 sont issus de dix (10) pays \u00e0 savoir le Burkina Faso, la C\u00f4te d\u2019Ivoire, le Mali, le Niger, le Benin, le Togo, l&rsquo;Allemagne, la France, les Etats-Unis et le Canada.<\/p>\n<p style=\"text-align: justify;\"><strong>Astride Kiendrebeogo<\/strong><\/p>\n<p style=\"text-align: justify;\"><strong>Latribunedufaso.net<\/strong><\/p>\n","protected":false},"excerpt":{"rendered":"<p>Dans le cadre de leurs activit\u00e9s, et dans le but de mener une r\u00e9flexion collective sur comment le Burkina Faso peut se repositionner sur la sc\u00e8ne continentale et mondiale, le d\u00e9partement d\u2019Histoire et Arch\u00e9ologie de l\u2019Universit\u00e9 Joseph KI-ZERBO et l\u2019Association des Historiens du Burkina organisent du 23 au 25 novembre 2022 un colloque international sur le th\u00e8me \u00ab Le Burkina Faso en Afrique et dans le monde \u00bb. Le comit\u00e9 d&rsquo;organisation \u00e9tait face \u00e0 la presse ce mardi 15 novembre 2022 pour donner les grandes lignes.<\/p>\n","protected":false},"author":2,"featured_media":6502,"comment_status":"open","ping_status":"open","sticky":false,"template":"","format":"standard","meta":{"footnotes":""},"categories":[13,1,8],"tags":[],"class_list":["post-6500","post","type-post","status-publish","format-standard","has-post-thumbnail","hentry","category-une","category-actu","category-societe"],"yoast_head":"<!-- This site is optimized with the Yoast SEO plugin v27.5 - https:\/\/yoast.com\/product\/yoast-seo-wordpress\/ -->\n<title>Histoire du Burkina Faso\u00a0: Rendez-vous du 23 au 25 novembre pour un colloque international - La Tribune du Faso<\/title>\n<meta name=\"robots\" content=\"index, follow, max-snippet:-1, max-image-preview:large, max-video-preview:-1\" \/>\n<link rel=\"canonical\" href=\"https:\/\/www.latribunedufaso.net\/?p=6500\" \/>\n<meta property=\"og:locale\" content=\"fr_FR\" \/>\n<meta property=\"og:type\" content=\"article\" \/>\n<meta property=\"og:title\" content=\"Histoire du Burkina Faso\u00a0: Rendez-vous du 23 au 25 novembre pour un colloque international - La Tribune du Faso\" \/>\n<meta property=\"og:description\" content=\"Dans le cadre de leurs activit\u00e9s, et dans le but de mener une r\u00e9flexion collective sur comment le Burkina Faso peut se repositionner sur la sc\u00e8ne continentale et mondiale, le d\u00e9partement d\u2019Histoire et Arch\u00e9ologie de l\u2019Universit\u00e9 Joseph KI-ZERBO et l\u2019Association des Historiens du Burkina organisent du 23 au 25 novembre 2022 un colloque international sur le th\u00e8me \u00ab Le Burkina Faso en Afrique et dans le monde \u00bb. Le comit\u00e9 d&rsquo;organisation \u00e9tait face \u00e0 la presse ce mardi 15 novembre 2022 pour donner les grandes lignes.\" \/>\n<meta property=\"og:url\" content=\"https:\/\/www.latribunedufaso.net\/?p=6500\" \/>\n<meta property=\"og:site_name\" content=\"La Tribune du Faso\" \/>\n<meta property=\"article:publisher\" content=\"https:\/\/www.facebook.com\/LatribuneduFaso\/\" \/>\n<meta property=\"article:published_time\" content=\"2022-11-15T20:22:45+00:00\" \/>\n<meta property=\"article:modified_time\" content=\"2022-11-17T08:29:13+00:00\" \/>\n<meta property=\"og:image\" content=\"https:\/\/www.latribunedufaso.net\/wp-content\/uploads\/2022\/11\/IMG-20221115-WA0027.jpg\" \/>\n\t<meta property=\"og:image:width\" content=\"992\" \/>\n\t<meta property=\"og:image:height\" content=\"744\" \/>\n\t<meta property=\"og:image:type\" content=\"image\/jpeg\" \/>\n<meta name=\"author\" content=\"Administrateur\" \/>\n<meta name=\"twitter:label1\" content=\"\u00c9crit par\" \/>\n\t<meta name=\"twitter:data1\" content=\"Administrateur\" \/>\n\t<meta name=\"twitter:label2\" content=\"Dur\u00e9e de lecture estim\u00e9e\" \/>\n\t<meta name=\"twitter:data2\" content=\"3 minutes\" \/>\n<script type=\"application\/ld+json\" class=\"yoast-schema-graph\">{\"@context\":\"https:\\\/\\\/schema.org\",\"@graph\":[{\"@type\":\"Article\",\"@id\":\"https:\\\/\\\/www.latribunedufaso.net\\\/?p=6500#article\",\"isPartOf\":{\"@id\":\"https:\\\/\\\/www.latribunedufaso.net\\\/?p=6500\"},\"author\":{\"name\":\"Administrateur\",\"@id\":\"https:\\\/\\\/www.latribunedufaso.net\\\/#\\\/schema\\\/person\\\/a380782d0605bb8aae27c40ea93b35b1\"},\"headline\":\"Histoire du Burkina Faso\u00a0: Rendez-vous du 23 au 25 novembre pour un colloque international\",\"datePublished\":\"2022-11-15T20:22:45+00:00\",\"dateModified\":\"2022-11-17T08:29:13+00:00\",\"mainEntityOfPage\":{\"@id\":\"https:\\\/\\\/www.latribunedufaso.net\\\/?p=6500\"},\"wordCount\":696,\"commentCount\":0,\"publisher\":{\"@id\":\"https:\\\/\\\/www.latribunedufaso.net\\\/#organization\"},\"image\":{\"@id\":\"https:\\\/\\\/www.latribunedufaso.net\\\/?p=6500#primaryimage\"},\"thumbnailUrl\":\"https:\\\/\\\/www.latribunedufaso.net\\\/wp-content\\\/uploads\\\/2022\\\/11\\\/IMG-20221115-WA0027.jpg\",\"articleSection\":[\"A la une\",\"Actualit\u00e9\",\"Soci\u00e9t\u00e9\"],\"inLanguage\":\"fr-FR\",\"potentialAction\":[{\"@type\":\"CommentAction\",\"name\":\"Comment\",\"target\":[\"https:\\\/\\\/www.latribunedufaso.net\\\/?p=6500#respond\"]}]},{\"@type\":\"WebPage\",\"@id\":\"https:\\\/\\\/www.latribunedufaso.net\\\/?p=6500\",\"url\":\"https:\\\/\\\/www.latribunedufaso.net\\\/?p=6500\",\"name\":\"Histoire du Burkina Faso\u00a0: Rendez-vous du 23 au 25 novembre pour un colloque international - La Tribune du Faso\",\"isPartOf\":{\"@id\":\"https:\\\/\\\/www.latribunedufaso.net\\\/#website\"},\"primaryImageOfPage\":{\"@id\":\"https:\\\/\\\/www.latribunedufaso.net\\\/?p=6500#primaryimage\"},\"image\":{\"@id\":\"https:\\\/\\\/www.latribunedufaso.net\\\/?p=6500#primaryimage\"},\"thumbnailUrl\":\"https:\\\/\\\/www.latribunedufaso.net\\\/wp-content\\\/uploads\\\/2022\\\/11\\\/IMG-20221115-WA0027.jpg\",\"datePublished\":\"2022-11-15T20:22:45+00:00\",\"dateModified\":\"2022-11-17T08:29:13+00:00\",\"breadcrumb\":{\"@id\":\"https:\\\/\\\/www.latribunedufaso.net\\\/?p=6500#breadcrumb\"},\"inLanguage\":\"fr-FR\",\"potentialAction\":[{\"@type\":\"ReadAction\",\"target\":[\"https:\\\/\\\/www.latribunedufaso.net\\\/?p=6500\"]}]},{\"@type\":\"ImageObject\",\"inLanguage\":\"fr-FR\",\"@id\":\"https:\\\/\\\/www.latribunedufaso.net\\\/?p=6500#primaryimage\",\"url\":\"https:\\\/\\\/www.latribunedufaso.net\\\/wp-content\\\/uploads\\\/2022\\\/11\\\/IMG-20221115-WA0027.jpg\",\"contentUrl\":\"https:\\\/\\\/www.latribunedufaso.net\\\/wp-content\\\/uploads\\\/2022\\\/11\\\/IMG-20221115-WA0027.jpg\",\"width\":992,\"height\":744},{\"@type\":\"BreadcrumbList\",\"@id\":\"https:\\\/\\\/www.latribunedufaso.net\\\/?p=6500#breadcrumb\",\"itemListElement\":[{\"@type\":\"ListItem\",\"position\":1,\"name\":\"Accueil\",\"item\":\"https:\\\/\\\/www.latribunedufaso.net\\\/\"},{\"@type\":\"ListItem\",\"position\":2,\"name\":\"Histoire du Burkina Faso\u00a0: Rendez-vous du 23 au 25 novembre pour un colloque international\"}]},{\"@type\":\"WebSite\",\"@id\":\"https:\\\/\\\/www.latribunedufaso.net\\\/#website\",\"url\":\"https:\\\/\\\/www.latribunedufaso.net\\\/\",\"name\":\"La Tribune du Faso\",\"description\":\"L&#039;information du monde rural en un clic\",\"publisher\":{\"@id\":\"https:\\\/\\\/www.latribunedufaso.net\\\/#organization\"},\"potentialAction\":[{\"@type\":\"SearchAction\",\"target\":{\"@type\":\"EntryPoint\",\"urlTemplate\":\"https:\\\/\\\/www.latribunedufaso.net\\\/?s={search_term_string}\"},\"query-input\":{\"@type\":\"PropertyValueSpecification\",\"valueRequired\":true,\"valueName\":\"search_term_string\"}}],\"inLanguage\":\"fr-FR\"},{\"@type\":\"Organization\",\"@id\":\"https:\\\/\\\/www.latribunedufaso.net\\\/#organization\",\"name\":\"La Tribune du Faso\",\"url\":\"https:\\\/\\\/www.latribunedufaso.net\\\/\",\"logo\":{\"@type\":\"ImageObject\",\"inLanguage\":\"fr-FR\",\"@id\":\"https:\\\/\\\/www.latribunedufaso.net\\\/#\\\/schema\\\/logo\\\/image\\\/\",\"url\":\"https:\\\/\\\/www.latribunedufaso.net\\\/wp-content\\\/uploads\\\/2020\\\/08\\\/Logo-Tribune-du-Faso-final-scaled.jpg\",\"contentUrl\":\"https:\\\/\\\/www.latribunedufaso.net\\\/wp-content\\\/uploads\\\/2020\\\/08\\\/Logo-Tribune-du-Faso-final-scaled.jpg\",\"width\":2560,\"height\":1856,\"caption\":\"La Tribune du Faso\"},\"image\":{\"@id\":\"https:\\\/\\\/www.latribunedufaso.net\\\/#\\\/schema\\\/logo\\\/image\\\/\"},\"sameAs\":[\"https:\\\/\\\/www.facebook.com\\\/LatribuneduFaso\\\/\"]},{\"@type\":\"Person\",\"@id\":\"https:\\\/\\\/www.latribunedufaso.net\\\/#\\\/schema\\\/person\\\/a380782d0605bb8aae27c40ea93b35b1\",\"name\":\"Administrateur\",\"image\":{\"@type\":\"ImageObject\",\"inLanguage\":\"fr-FR\",\"@id\":\"https:\\\/\\\/secure.gravatar.com\\\/avatar\\\/e20266f97d741f0e80ba1f60283074a9b3317fd7bfb727e0d95b51dafbf854a1?s=96&d=mm&r=g\",\"url\":\"https:\\\/\\\/secure.gravatar.com\\\/avatar\\\/e20266f97d741f0e80ba1f60283074a9b3317fd7bfb727e0d95b51dafbf854a1?s=96&d=mm&r=g\",\"contentUrl\":\"https:\\\/\\\/secure.gravatar.com\\\/avatar\\\/e20266f97d741f0e80ba1f60283074a9b3317fd7bfb727e0d95b51dafbf854a1?s=96&d=mm&r=g\",\"caption\":\"Administrateur\"},\"url\":\"https:\\\/\\\/www.latribunedufaso.net\\\/?author=2\"}]}<\/script>\n<!-- \/ Yoast SEO plugin. -->","yoast_head_json":{"title":"Histoire du Burkina Faso\u00a0: Rendez-vous du 23 au 25 novembre pour un colloque international - La Tribune du Faso","robots":{"index":"index","follow":"follow","max-snippet":"max-snippet:-1","max-image-preview":"max-image-preview:large","max-video-preview":"max-video-preview:-1"},"canonical":"https:\/\/www.latribunedufaso.net\/?p=6500","og_locale":"fr_FR","og_type":"article","og_title":"Histoire du Burkina Faso\u00a0: Rendez-vous du 23 au 25 novembre pour un colloque international - La Tribune du Faso","og_description":"Dans le cadre de leurs activit\u00e9s, et dans le but de mener une r\u00e9flexion collective sur comment le Burkina Faso peut se repositionner sur la sc\u00e8ne continentale et mondiale, le d\u00e9partement d\u2019Histoire et Arch\u00e9ologie de l\u2019Universit\u00e9 Joseph KI-ZERBO et l\u2019Association des Historiens du Burkina organisent du 23 au 25 novembre 2022 un colloque international sur le th\u00e8me \u00ab Le Burkina Faso en Afrique et dans le monde \u00bb. Le comit\u00e9 d&rsquo;organisation \u00e9tait face \u00e0 la presse ce mardi 15 novembre 2022 pour donner les grandes lignes.","og_url":"https:\/\/www.latribunedufaso.net\/?p=6500","og_site_name":"La Tribune du Faso","article_publisher":"https:\/\/www.facebook.com\/LatribuneduFaso\/","article_published_time":"2022-11-15T20:22:45+00:00","article_modified_time":"2022-11-17T08:29:13+00:00","og_image":[{"width":992,"height":744,"url":"https:\/\/www.latribunedufaso.net\/wp-content\/uploads\/2022\/11\/IMG-20221115-WA0027.jpg","type":"image\/jpeg"}],"author":"Administrateur","twitter_misc":{"\u00c9crit par":"Administrateur","Dur\u00e9e de lecture estim\u00e9e":"3 minutes"},"schema":{"@context":"https:\/\/schema.org","@graph":[{"@type":"Article","@id":"https:\/\/www.latribunedufaso.net\/?p=6500#article","isPartOf":{"@id":"https:\/\/www.latribunedufaso.net\/?p=6500"},"author":{"name":"Administrateur","@id":"https:\/\/www.latribunedufaso.net\/#\/schema\/person\/a380782d0605bb8aae27c40ea93b35b1"},"headline":"Histoire du Burkina Faso\u00a0: Rendez-vous du 23 au 25 novembre pour un colloque international","datePublished":"2022-11-15T20:22:45+00:00","dateModified":"2022-11-17T08:29:13+00:00","mainEntityOfPage":{"@id":"https:\/\/www.latribunedufaso.net\/?p=6500"},"wordCount":696,"commentCount":0,"publisher":{"@id":"https:\/\/www.latribunedufaso.net\/#organization"},"image":{"@id":"https:\/\/www.latribunedufaso.net\/?p=6500#primaryimage"},"thumbnailUrl":"https:\/\/www.latribunedufaso.net\/wp-content\/uploads\/2022\/11\/IMG-20221115-WA0027.jpg","articleSection":["A la une","Actualit\u00e9","Soci\u00e9t\u00e9"],"inLanguage":"fr-FR","potentialAction":[{"@type":"CommentAction","name":"Comment","target":["https:\/\/www.latribunedufaso.net\/?p=6500#respond"]}]},{"@type":"WebPage","@id":"https:\/\/www.latribunedufaso.net\/?p=6500","url":"https:\/\/www.latribunedufaso.net\/?p=6500","name":"Histoire du Burkina Faso\u00a0: Rendez-vous du 23 au 25 novembre pour un colloque international - La Tribune du Faso","isPartOf":{"@id":"https:\/\/www.latribunedufaso.net\/#website"},"primaryImageOfPage":{"@id":"https:\/\/www.latribunedufaso.net\/?p=6500#primaryimage"},"image":{"@id":"https:\/\/www.latribunedufaso.net\/?p=6500#primaryimage"},"thumbnailUrl":"https:\/\/www.latribunedufaso.net\/wp-content\/uploads\/2022\/11\/IMG-20221115-WA0027.jpg","datePublished":"2022-11-15T20:22:45+00:00","dateModified":"2022-11-17T08:29:13+00:00","breadcrumb":{"@id":"https:\/\/www.latribunedufaso.net\/?p=6500#breadcrumb"},"inLanguage":"fr-FR","potentialAction":[{"@type":"ReadAction","target":["https:\/\/www.latribunedufaso.net\/?p=6500"]}]},{"@type":"ImageObject","inLanguage":"fr-FR","@id":"https:\/\/www.latribunedufaso.net\/?p=6500#primaryimage","url":"https:\/\/www.latribunedufaso.net\/wp-content\/uploads\/2022\/11\/IMG-20221115-WA0027.jpg","contentUrl":"https:\/\/www.latribunedufaso.net\/wp-content\/uploads\/2022\/11\/IMG-20221115-WA0027.jpg","width":992,"height":744},{"@type":"BreadcrumbList","@id":"https:\/\/www.latribunedufaso.net\/?p=6500#breadcrumb","itemListElement":[{"@type":"ListItem","position":1,"name":"Accueil","item":"https:\/\/www.latribunedufaso.net\/"},{"@type":"ListItem","position":2,"name":"Histoire du Burkina Faso\u00a0: Rendez-vous du 23 au 25 novembre pour un colloque international"}]},{"@type":"WebSite","@id":"https:\/\/www.latribunedufaso.net\/#website","url":"https:\/\/www.latribunedufaso.net\/","name":"La Tribune du Faso","description":"L&#039;information du monde rural en un clic","publisher":{"@id":"https:\/\/www.latribunedufaso.net\/#organization"},"potentialAction":[{"@type":"SearchAction","target":{"@type":"EntryPoint","urlTemplate":"https:\/\/www.latribunedufaso.net\/?s={search_term_string}"},"query-input":{"@type":"PropertyValueSpecification","valueRequired":true,"valueName":"search_term_string"}}],"inLanguage":"fr-FR"},{"@type":"Organization","@id":"https:\/\/www.latribunedufaso.net\/#organization","name":"La Tribune du Faso","url":"https:\/\/www.latribunedufaso.net\/","logo":{"@type":"ImageObject","inLanguage":"fr-FR","@id":"https:\/\/www.latribunedufaso.net\/#\/schema\/logo\/image\/","url":"https:\/\/www.latribunedufaso.net\/wp-content\/uploads\/2020\/08\/Logo-Tribune-du-Faso-final-scaled.jpg","contentUrl":"https:\/\/www.latribunedufaso.net\/wp-content\/uploads\/2020\/08\/Logo-Tribune-du-Faso-final-scaled.jpg","width":2560,"height":1856,"caption":"La Tribune du Faso"},"image":{"@id":"https:\/\/www.latribunedufaso.net\/#\/schema\/logo\/image\/"},"sameAs":["https:\/\/www.facebook.com\/LatribuneduFaso\/"]},{"@type":"Person","@id":"https:\/\/www.latribunedufaso.net\/#\/schema\/person\/a380782d0605bb8aae27c40ea93b35b1","name":"Administrateur","image":{"@type":"ImageObject","inLanguage":"fr-FR","@id":"https:\/\/secure.gravatar.com\/avatar\/e20266f97d741f0e80ba1f60283074a9b3317fd7bfb727e0d95b51dafbf854a1?s=96&d=mm&r=g","url":"https:\/\/secure.gravatar.com\/avatar\/e20266f97d741f0e80ba1f60283074a9b3317fd7bfb727e0d95b51dafbf854a1?s=96&d=mm&r=g","contentUrl":"https:\/\/secure.gravatar.com\/avatar\/e20266f97d741f0e80ba1f60283074a9b3317fd7bfb727e0d95b51dafbf854a1?s=96&d=mm&r=g","caption":"Administrateur"},"url":"https:\/\/www.latribunedufaso.net\/?author=2"}]}},"_links":{"self":[{"href":"https:\/\/www.latribunedufaso.net\/index.php?rest_route=\/wp\/v2\/posts\/6500","targetHints":{"allow":["GET"]}}],"collection":[{"href":"https:\/\/www.latribunedufaso.net\/index.php?rest_route=\/wp\/v2\/posts"}],"about":[{"href":"https:\/\/www.latribunedufaso.net\/index.php?rest_route=\/wp\/v2\/types\/post"}],"author":[{"embeddable":true,"href":"https:\/\/www.latribunedufaso.net\/index.php?rest_route=\/wp\/v2\/users\/2"}],"replies":[{"embeddable":true,"href":"https:\/\/www.latribunedufaso.net\/index.php?rest_route=%2Fwp%2Fv2%2Fcomments&post=6500"}],"version-history":[{"count":2,"href":"https:\/\/www.latribunedufaso.net\/index.php?rest_route=\/wp\/v2\/posts\/6500\/revisions"}],"predecessor-version":[{"id":6513,"href":"https:\/\/www.latribunedufaso.net\/index.php?rest_route=\/wp\/v2\/posts\/6500\/revisions\/6513"}],"wp:featuredmedia":[{"embeddable":true,"href":"https:\/\/www.latribunedufaso.net\/index.php?rest_route=\/wp\/v2\/media\/6502"}],"wp:attachment":[{"href":"https:\/\/www.latribunedufaso.net\/index.php?rest_route=%2Fwp%2Fv2%2Fmedia&parent=6500"}],"wp:term":[{"taxonomy":"category","embeddable":true,"href":"https:\/\/www.latribunedufaso.net\/index.php?rest_route=%2Fwp%2Fv2%2Fcategories&post=6500"},{"taxonomy":"post_tag","embeddable":true,"href":"https:\/\/www.latribunedufaso.net\/index.php?rest_route=%2Fwp%2Fv2%2Ftags&post=6500"}],"curies":[{"name":"wp","href":"https:\/\/api.w.org\/{rel}","templated":true}]}}