{"id":6428,"date":"2022-10-26T18:42:43","date_gmt":"2022-10-26T18:42:43","guid":{"rendered":"https:\/\/www.latribunedufaso.net\/?p=6428"},"modified":"2022-10-27T19:12:29","modified_gmt":"2022-10-27T19:12:29","slug":"journees-de-valorisation-des-technologies-rendez-vous-du-27-au-29-octobre-a-bobo-dioulasso-pour-la-3e-edition","status":"publish","type":"post","link":"https:\/\/www.latribunedufaso.net\/?p=6428","title":{"rendered":"Journ\u00e9es de valorisation des Technologies : Rendez-vous du 27 au 29 octobre \u00e0 Bobo-Dioulasso pour la 3e \u00e9dition"},"content":{"rendered":"<p style=\"text-align: justify;\"><strong><span style=\"font-size: 1.0625rem;\">L&rsquo;Agence Nationale de la Valorisation des r\u00e9sultats de la recherche et des Innovations (ANVAR) organise les 27 , 28 et 29 octobre 2022, \u00e0<\/span><span style=\"font-size: 1.0625rem;\"> Bobo-Dioulasso,<\/span><span style=\"font-size: 1.0625rem;\"> la 3e \u00e9dition des Journ\u00e9es de Valorisation des Technologies, Inventions et Innovations au Burkina Faso, en abr\u00e9g\u00e9 (JVTII). Cela en collaboration avec l\u2019Institut Sup\u00e9rieur de Technologies (IST) et l\u2019Institut de Recherche pour le D\u00e9veloppement (IRD).<\/span><\/strong><br \/><!--more--><\/p>\n<p style=\"text-align: justify;\"><a href=\"https:\/\/latribunedufaso.net\/wp-content\/uploads\/2022\/10\/IMG-20221017-WA0012.jpg\"><img loading=\"lazy\" decoding=\"async\" class=\"size-medium wp-image-6433 alignleft\" src=\"https:\/\/latribunedufaso.net\/wp-content\/uploads\/2022\/10\/IMG-20221017-WA0012-253x300.jpg\" alt=\"\" width=\"253\" height=\"300\" srcset=\"https:\/\/www.latribunedufaso.net\/wp-content\/uploads\/2022\/10\/IMG-20221017-WA0012-253x300.jpg 253w, https:\/\/www.latribunedufaso.net\/wp-content\/uploads\/2022\/10\/IMG-20221017-WA0012-865x1024.jpg 865w, https:\/\/www.latribunedufaso.net\/wp-content\/uploads\/2022\/10\/IMG-20221017-WA0012-768x909.jpg 768w, https:\/\/www.latribunedufaso.net\/wp-content\/uploads\/2022\/10\/IMG-20221017-WA0012.jpg 912w\" sizes=\"auto, (max-width: 253px) 100vw, 253px\" \/><\/a>Le th\u00e8me de cette troisi\u00e8me \u00e9dition est \u00a0 \u00ab Adoption des r\u00e9sultats de la recherche, des innovations et inventions (RRII) au profit de l\u2019entreprenariat : quelles technologies innovantes pour la r\u00e9gion des Hauts Bassins ? \u00bb . Selon l\u2019ANVAR , les JVTII sont une manifestation incontournable pour d\u00e9couvrir et exploiter les potentialit\u00e9s en mati\u00e8re de r\u00e9sultats de la recherche, des innovations et des inventions (RRII) afin d\u2019apporter des solutions efficientes et durables aux d\u00e9fis majeurs qui se pr\u00e9sentent aux r\u00e9gions du Burkina Faso. Durant les trois jours, les amoureux du secteur de la recherche de la ville de Sya et d\u2019ailleurs prendront part \u00e0 des conf\u00e9rences, panels, formations, camp d\u2019id\u00e9ation, rencontres B to B , une foire d\u2019exposition et un podium artistique anim\u00e9 par l\u2019orchestre et la troupe th\u00e9\u00e2trale de l\u2019universit\u00e9 Nazi Boni autour du th\u00e8me de l\u2019\u00e9dition . Cette \u00e9dition des JVTII est Plac\u00e9e sous le parrainage du Directeur G\u00e9n\u00e9ral de la Sofitex et les co parrainages du Pr\u00e9sident de la d\u00e9l\u00e9gation consulaire r\u00e9gionale des hauts bassins et du pr\u00e9sident Directeur G\u00e9n\u00e9ral de l\u2019universit\u00e9 Aube Nouvelle.<\/p>\n<p style=\"text-align: justify;\">En rappel, les JVTII ont \u00e9t\u00e9 organis\u00e9es pour la premi\u00e8re fois en 2017 et en r\u00e9ponse aux diff\u00e9rentes pr\u00e9occupations soulev\u00e9es par l&rsquo;\u00e9tude r\u00e9alis\u00e9e sur \u00ab les perceptions des acteurs des effets et impacts socio\u00e9conomiques du FRSIT \u00bb lors de la 11 \u00e8me \u00e9dition du FRSIT en 2016 . Le FRSIT, Forum National de la Recherche Scientifique et de l\u2019Innovation est une manifestation scientifique biennale institu\u00e9e par l\u2019\u00c9tat burkinab\u00e9 dans le but de redynamiser le secteur de la recherche . Ainsi depuis 2017 ,les JVTII se tiennent de mani\u00e8re tournante dans les diff\u00e9rentes r\u00e9gions entre deux (02) \u00e9ditions du FRSIT.<\/p>\n<p style=\"text-align: justify;\">Astride Kiendreb\u00e9ogo ( stagiaire)<br \/>Latribunedufaso.net<\/p>\n","protected":false},"excerpt":{"rendered":"<p>L&rsquo;Agence Nationale de la Valorisation des r\u00e9sultats de la recherche et des Innovations (ANVAR) organise les 27 , 28 et 29 octobre 2022, \u00e0 Bobo-Dioulasso, la 3e \u00e9dition des Journ\u00e9es de Valorisation des Technologies, Inventions et Innovations au Burkina Faso, en abr\u00e9g\u00e9 (JVTII). Cela en collaboration avec l\u2019Institut Sup\u00e9rieur de Technologies (IST) et l\u2019Institut de Recherche pour le D\u00e9veloppement (IRD).<\/p>\n","protected":false},"author":2,"featured_media":6434,"comment_status":"open","ping_status":"open","sticky":false,"template":"","format":"standard","meta":{"footnotes":""},"categories":[13,1,8],"tags":[],"class_list":["post-6428","post","type-post","status-publish","format-standard","has-post-thumbnail","hentry","category-une","category-actu","category-societe"],"yoast_head":"<!-- This site is optimized with the Yoast SEO plugin v27.5 - https:\/\/yoast.com\/product\/yoast-seo-wordpress\/ -->\n<title>Journ\u00e9es de valorisation des Technologies : Rendez-vous du 27 au 29 octobre \u00e0 Bobo-Dioulasso pour la 3e \u00e9dition - La Tribune du Faso<\/title>\n<meta name=\"robots\" content=\"index, follow, max-snippet:-1, max-image-preview:large, max-video-preview:-1\" \/>\n<link rel=\"canonical\" href=\"https:\/\/www.latribunedufaso.net\/?p=6428\" \/>\n<meta property=\"og:locale\" content=\"fr_FR\" \/>\n<meta property=\"og:type\" content=\"article\" \/>\n<meta property=\"og:title\" content=\"Journ\u00e9es de valorisation des Technologies : Rendez-vous du 27 au 29 octobre \u00e0 Bobo-Dioulasso pour la 3e \u00e9dition - La Tribune du Faso\" \/>\n<meta property=\"og:description\" content=\"L&rsquo;Agence Nationale de la Valorisation des r\u00e9sultats de la recherche et des Innovations (ANVAR) organise les 27 , 28 et 29 octobre 2022, \u00e0 Bobo-Dioulasso, la 3e \u00e9dition des Journ\u00e9es de Valorisation des Technologies, Inventions et Innovations au Burkina Faso, en abr\u00e9g\u00e9 (JVTII). Cela en collaboration avec l\u2019Institut Sup\u00e9rieur de Technologies (IST) et l\u2019Institut de Recherche pour le D\u00e9veloppement (IRD).\" \/>\n<meta property=\"og:url\" content=\"https:\/\/www.latribunedufaso.net\/?p=6428\" \/>\n<meta property=\"og:site_name\" content=\"La Tribune du Faso\" \/>\n<meta property=\"article:publisher\" content=\"https:\/\/www.facebook.com\/LatribuneduFaso\/\" \/>\n<meta property=\"article:published_time\" content=\"2022-10-26T18:42:43+00:00\" \/>\n<meta property=\"article:modified_time\" content=\"2022-10-27T19:12:29+00:00\" \/>\n<meta property=\"og:image\" content=\"https:\/\/www.latribunedufaso.net\/wp-content\/uploads\/2022\/10\/50_autocuiseurs_remis_aux_beneficiaires_du_projet_bitatore.jpg\" \/>\n\t<meta property=\"og:image:width\" content=\"589\" \/>\n\t<meta property=\"og:image:height\" content=\"442\" \/>\n\t<meta property=\"og:image:type\" content=\"image\/jpeg\" \/>\n<meta name=\"author\" content=\"Administrateur\" \/>\n<meta name=\"twitter:label1\" content=\"\u00c9crit par\" \/>\n\t<meta name=\"twitter:data1\" content=\"Administrateur\" \/>\n\t<meta name=\"twitter:label2\" content=\"Dur\u00e9e de lecture estim\u00e9e\" \/>\n\t<meta name=\"twitter:data2\" content=\"2 minutes\" \/>\n<script type=\"application\/ld+json\" class=\"yoast-schema-graph\">{\"@context\":\"https:\\\/\\\/schema.org\",\"@graph\":[{\"@type\":\"Article\",\"@id\":\"https:\\\/\\\/www.latribunedufaso.net\\\/?p=6428#article\",\"isPartOf\":{\"@id\":\"https:\\\/\\\/www.latribunedufaso.net\\\/?p=6428\"},\"author\":{\"name\":\"Administrateur\",\"@id\":\"https:\\\/\\\/www.latribunedufaso.net\\\/#\\\/schema\\\/person\\\/a380782d0605bb8aae27c40ea93b35b1\"},\"headline\":\"Journ\u00e9es de valorisation des Technologies : Rendez-vous du 27 au 29 octobre \u00e0 Bobo-Dioulasso pour la 3e \u00e9dition\",\"datePublished\":\"2022-10-26T18:42:43+00:00\",\"dateModified\":\"2022-10-27T19:12:29+00:00\",\"mainEntityOfPage\":{\"@id\":\"https:\\\/\\\/www.latribunedufaso.net\\\/?p=6428\"},\"wordCount\":391,\"commentCount\":0,\"publisher\":{\"@id\":\"https:\\\/\\\/www.latribunedufaso.net\\\/#organization\"},\"image\":{\"@id\":\"https:\\\/\\\/www.latribunedufaso.net\\\/?p=6428#primaryimage\"},\"thumbnailUrl\":\"https:\\\/\\\/www.latribunedufaso.net\\\/wp-content\\\/uploads\\\/2022\\\/10\\\/50_autocuiseurs_remis_aux_beneficiaires_du_projet_bitatore.jpg\",\"articleSection\":[\"A la une\",\"Actualit\u00e9\",\"Soci\u00e9t\u00e9\"],\"inLanguage\":\"fr-FR\",\"potentialAction\":[{\"@type\":\"CommentAction\",\"name\":\"Comment\",\"target\":[\"https:\\\/\\\/www.latribunedufaso.net\\\/?p=6428#respond\"]}]},{\"@type\":\"WebPage\",\"@id\":\"https:\\\/\\\/www.latribunedufaso.net\\\/?p=6428\",\"url\":\"https:\\\/\\\/www.latribunedufaso.net\\\/?p=6428\",\"name\":\"Journ\u00e9es de valorisation des Technologies : Rendez-vous du 27 au 29 octobre \u00e0 Bobo-Dioulasso pour la 3e \u00e9dition - La Tribune du Faso\",\"isPartOf\":{\"@id\":\"https:\\\/\\\/www.latribunedufaso.net\\\/#website\"},\"primaryImageOfPage\":{\"@id\":\"https:\\\/\\\/www.latribunedufaso.net\\\/?p=6428#primaryimage\"},\"image\":{\"@id\":\"https:\\\/\\\/www.latribunedufaso.net\\\/?p=6428#primaryimage\"},\"thumbnailUrl\":\"https:\\\/\\\/www.latribunedufaso.net\\\/wp-content\\\/uploads\\\/2022\\\/10\\\/50_autocuiseurs_remis_aux_beneficiaires_du_projet_bitatore.jpg\",\"datePublished\":\"2022-10-26T18:42:43+00:00\",\"dateModified\":\"2022-10-27T19:12:29+00:00\",\"breadcrumb\":{\"@id\":\"https:\\\/\\\/www.latribunedufaso.net\\\/?p=6428#breadcrumb\"},\"inLanguage\":\"fr-FR\",\"potentialAction\":[{\"@type\":\"ReadAction\",\"target\":[\"https:\\\/\\\/www.latribunedufaso.net\\\/?p=6428\"]}]},{\"@type\":\"ImageObject\",\"inLanguage\":\"fr-FR\",\"@id\":\"https:\\\/\\\/www.latribunedufaso.net\\\/?p=6428#primaryimage\",\"url\":\"https:\\\/\\\/www.latribunedufaso.net\\\/wp-content\\\/uploads\\\/2022\\\/10\\\/50_autocuiseurs_remis_aux_beneficiaires_du_projet_bitatore.jpg\",\"contentUrl\":\"https:\\\/\\\/www.latribunedufaso.net\\\/wp-content\\\/uploads\\\/2022\\\/10\\\/50_autocuiseurs_remis_aux_beneficiaires_du_projet_bitatore.jpg\",\"width\":589,\"height\":442},{\"@type\":\"BreadcrumbList\",\"@id\":\"https:\\\/\\\/www.latribunedufaso.net\\\/?p=6428#breadcrumb\",\"itemListElement\":[{\"@type\":\"ListItem\",\"position\":1,\"name\":\"Accueil\",\"item\":\"https:\\\/\\\/www.latribunedufaso.net\\\/\"},{\"@type\":\"ListItem\",\"position\":2,\"name\":\"Journ\u00e9es de valorisation des Technologies : Rendez-vous du 27 au 29 octobre \u00e0 Bobo-Dioulasso pour la 3e \u00e9dition\"}]},{\"@type\":\"WebSite\",\"@id\":\"https:\\\/\\\/www.latribunedufaso.net\\\/#website\",\"url\":\"https:\\\/\\\/www.latribunedufaso.net\\\/\",\"name\":\"La Tribune du Faso\",\"description\":\"L&#039;information du monde rural en un clic\",\"publisher\":{\"@id\":\"https:\\\/\\\/www.latribunedufaso.net\\\/#organization\"},\"potentialAction\":[{\"@type\":\"SearchAction\",\"target\":{\"@type\":\"EntryPoint\",\"urlTemplate\":\"https:\\\/\\\/www.latribunedufaso.net\\\/?s={search_term_string}\"},\"query-input\":{\"@type\":\"PropertyValueSpecification\",\"valueRequired\":true,\"valueName\":\"search_term_string\"}}],\"inLanguage\":\"fr-FR\"},{\"@type\":\"Organization\",\"@id\":\"https:\\\/\\\/www.latribunedufaso.net\\\/#organization\",\"name\":\"La Tribune du Faso\",\"url\":\"https:\\\/\\\/www.latribunedufaso.net\\\/\",\"logo\":{\"@type\":\"ImageObject\",\"inLanguage\":\"fr-FR\",\"@id\":\"https:\\\/\\\/www.latribunedufaso.net\\\/#\\\/schema\\\/logo\\\/image\\\/\",\"url\":\"https:\\\/\\\/www.latribunedufaso.net\\\/wp-content\\\/uploads\\\/2020\\\/08\\\/Logo-Tribune-du-Faso-final-scaled.jpg\",\"contentUrl\":\"https:\\\/\\\/www.latribunedufaso.net\\\/wp-content\\\/uploads\\\/2020\\\/08\\\/Logo-Tribune-du-Faso-final-scaled.jpg\",\"width\":2560,\"height\":1856,\"caption\":\"La Tribune du Faso\"},\"image\":{\"@id\":\"https:\\\/\\\/www.latribunedufaso.net\\\/#\\\/schema\\\/logo\\\/image\\\/\"},\"sameAs\":[\"https:\\\/\\\/www.facebook.com\\\/LatribuneduFaso\\\/\"]},{\"@type\":\"Person\",\"@id\":\"https:\\\/\\\/www.latribunedufaso.net\\\/#\\\/schema\\\/person\\\/a380782d0605bb8aae27c40ea93b35b1\",\"name\":\"Administrateur\",\"image\":{\"@type\":\"ImageObject\",\"inLanguage\":\"fr-FR\",\"@id\":\"https:\\\/\\\/secure.gravatar.com\\\/avatar\\\/e20266f97d741f0e80ba1f60283074a9b3317fd7bfb727e0d95b51dafbf854a1?s=96&d=mm&r=g\",\"url\":\"https:\\\/\\\/secure.gravatar.com\\\/avatar\\\/e20266f97d741f0e80ba1f60283074a9b3317fd7bfb727e0d95b51dafbf854a1?s=96&d=mm&r=g\",\"contentUrl\":\"https:\\\/\\\/secure.gravatar.com\\\/avatar\\\/e20266f97d741f0e80ba1f60283074a9b3317fd7bfb727e0d95b51dafbf854a1?s=96&d=mm&r=g\",\"caption\":\"Administrateur\"},\"url\":\"https:\\\/\\\/www.latribunedufaso.net\\\/?author=2\"}]}<\/script>\n<!-- \/ Yoast SEO plugin. -->","yoast_head_json":{"title":"Journ\u00e9es de valorisation des Technologies : Rendez-vous du 27 au 29 octobre \u00e0 Bobo-Dioulasso pour la 3e \u00e9dition - La Tribune du Faso","robots":{"index":"index","follow":"follow","max-snippet":"max-snippet:-1","max-image-preview":"max-image-preview:large","max-video-preview":"max-video-preview:-1"},"canonical":"https:\/\/www.latribunedufaso.net\/?p=6428","og_locale":"fr_FR","og_type":"article","og_title":"Journ\u00e9es de valorisation des Technologies : Rendez-vous du 27 au 29 octobre \u00e0 Bobo-Dioulasso pour la 3e \u00e9dition - La Tribune du Faso","og_description":"L&rsquo;Agence Nationale de la Valorisation des r\u00e9sultats de la recherche et des Innovations (ANVAR) organise les 27 , 28 et 29 octobre 2022, \u00e0 Bobo-Dioulasso, la 3e \u00e9dition des Journ\u00e9es de Valorisation des Technologies, Inventions et Innovations au Burkina Faso, en abr\u00e9g\u00e9 (JVTII). Cela en collaboration avec l\u2019Institut Sup\u00e9rieur de Technologies (IST) et l\u2019Institut de Recherche pour le D\u00e9veloppement (IRD).","og_url":"https:\/\/www.latribunedufaso.net\/?p=6428","og_site_name":"La Tribune du Faso","article_publisher":"https:\/\/www.facebook.com\/LatribuneduFaso\/","article_published_time":"2022-10-26T18:42:43+00:00","article_modified_time":"2022-10-27T19:12:29+00:00","og_image":[{"width":589,"height":442,"url":"https:\/\/www.latribunedufaso.net\/wp-content\/uploads\/2022\/10\/50_autocuiseurs_remis_aux_beneficiaires_du_projet_bitatore.jpg","type":"image\/jpeg"}],"author":"Administrateur","twitter_misc":{"\u00c9crit par":"Administrateur","Dur\u00e9e de lecture estim\u00e9e":"2 minutes"},"schema":{"@context":"https:\/\/schema.org","@graph":[{"@type":"Article","@id":"https:\/\/www.latribunedufaso.net\/?p=6428#article","isPartOf":{"@id":"https:\/\/www.latribunedufaso.net\/?p=6428"},"author":{"name":"Administrateur","@id":"https:\/\/www.latribunedufaso.net\/#\/schema\/person\/a380782d0605bb8aae27c40ea93b35b1"},"headline":"Journ\u00e9es de valorisation des Technologies : Rendez-vous du 27 au 29 octobre \u00e0 Bobo-Dioulasso pour la 3e \u00e9dition","datePublished":"2022-10-26T18:42:43+00:00","dateModified":"2022-10-27T19:12:29+00:00","mainEntityOfPage":{"@id":"https:\/\/www.latribunedufaso.net\/?p=6428"},"wordCount":391,"commentCount":0,"publisher":{"@id":"https:\/\/www.latribunedufaso.net\/#organization"},"image":{"@id":"https:\/\/www.latribunedufaso.net\/?p=6428#primaryimage"},"thumbnailUrl":"https:\/\/www.latribunedufaso.net\/wp-content\/uploads\/2022\/10\/50_autocuiseurs_remis_aux_beneficiaires_du_projet_bitatore.jpg","articleSection":["A la une","Actualit\u00e9","Soci\u00e9t\u00e9"],"inLanguage":"fr-FR","potentialAction":[{"@type":"CommentAction","name":"Comment","target":["https:\/\/www.latribunedufaso.net\/?p=6428#respond"]}]},{"@type":"WebPage","@id":"https:\/\/www.latribunedufaso.net\/?p=6428","url":"https:\/\/www.latribunedufaso.net\/?p=6428","name":"Journ\u00e9es de valorisation des Technologies : Rendez-vous du 27 au 29 octobre \u00e0 Bobo-Dioulasso pour la 3e \u00e9dition - La Tribune du Faso","isPartOf":{"@id":"https:\/\/www.latribunedufaso.net\/#website"},"primaryImageOfPage":{"@id":"https:\/\/www.latribunedufaso.net\/?p=6428#primaryimage"},"image":{"@id":"https:\/\/www.latribunedufaso.net\/?p=6428#primaryimage"},"thumbnailUrl":"https:\/\/www.latribunedufaso.net\/wp-content\/uploads\/2022\/10\/50_autocuiseurs_remis_aux_beneficiaires_du_projet_bitatore.jpg","datePublished":"2022-10-26T18:42:43+00:00","dateModified":"2022-10-27T19:12:29+00:00","breadcrumb":{"@id":"https:\/\/www.latribunedufaso.net\/?p=6428#breadcrumb"},"inLanguage":"fr-FR","potentialAction":[{"@type":"ReadAction","target":["https:\/\/www.latribunedufaso.net\/?p=6428"]}]},{"@type":"ImageObject","inLanguage":"fr-FR","@id":"https:\/\/www.latribunedufaso.net\/?p=6428#primaryimage","url":"https:\/\/www.latribunedufaso.net\/wp-content\/uploads\/2022\/10\/50_autocuiseurs_remis_aux_beneficiaires_du_projet_bitatore.jpg","contentUrl":"https:\/\/www.latribunedufaso.net\/wp-content\/uploads\/2022\/10\/50_autocuiseurs_remis_aux_beneficiaires_du_projet_bitatore.jpg","width":589,"height":442},{"@type":"BreadcrumbList","@id":"https:\/\/www.latribunedufaso.net\/?p=6428#breadcrumb","itemListElement":[{"@type":"ListItem","position":1,"name":"Accueil","item":"https:\/\/www.latribunedufaso.net\/"},{"@type":"ListItem","position":2,"name":"Journ\u00e9es de valorisation des Technologies : Rendez-vous du 27 au 29 octobre \u00e0 Bobo-Dioulasso pour la 3e \u00e9dition"}]},{"@type":"WebSite","@id":"https:\/\/www.latribunedufaso.net\/#website","url":"https:\/\/www.latribunedufaso.net\/","name":"La Tribune du Faso","description":"L&#039;information du monde rural en un clic","publisher":{"@id":"https:\/\/www.latribunedufaso.net\/#organization"},"potentialAction":[{"@type":"SearchAction","target":{"@type":"EntryPoint","urlTemplate":"https:\/\/www.latribunedufaso.net\/?s={search_term_string}"},"query-input":{"@type":"PropertyValueSpecification","valueRequired":true,"valueName":"search_term_string"}}],"inLanguage":"fr-FR"},{"@type":"Organization","@id":"https:\/\/www.latribunedufaso.net\/#organization","name":"La Tribune du Faso","url":"https:\/\/www.latribunedufaso.net\/","logo":{"@type":"ImageObject","inLanguage":"fr-FR","@id":"https:\/\/www.latribunedufaso.net\/#\/schema\/logo\/image\/","url":"https:\/\/www.latribunedufaso.net\/wp-content\/uploads\/2020\/08\/Logo-Tribune-du-Faso-final-scaled.jpg","contentUrl":"https:\/\/www.latribunedufaso.net\/wp-content\/uploads\/2020\/08\/Logo-Tribune-du-Faso-final-scaled.jpg","width":2560,"height":1856,"caption":"La Tribune du Faso"},"image":{"@id":"https:\/\/www.latribunedufaso.net\/#\/schema\/logo\/image\/"},"sameAs":["https:\/\/www.facebook.com\/LatribuneduFaso\/"]},{"@type":"Person","@id":"https:\/\/www.latribunedufaso.net\/#\/schema\/person\/a380782d0605bb8aae27c40ea93b35b1","name":"Administrateur","image":{"@type":"ImageObject","inLanguage":"fr-FR","@id":"https:\/\/secure.gravatar.com\/avatar\/e20266f97d741f0e80ba1f60283074a9b3317fd7bfb727e0d95b51dafbf854a1?s=96&d=mm&r=g","url":"https:\/\/secure.gravatar.com\/avatar\/e20266f97d741f0e80ba1f60283074a9b3317fd7bfb727e0d95b51dafbf854a1?s=96&d=mm&r=g","contentUrl":"https:\/\/secure.gravatar.com\/avatar\/e20266f97d741f0e80ba1f60283074a9b3317fd7bfb727e0d95b51dafbf854a1?s=96&d=mm&r=g","caption":"Administrateur"},"url":"https:\/\/www.latribunedufaso.net\/?author=2"}]}},"_links":{"self":[{"href":"https:\/\/www.latribunedufaso.net\/index.php?rest_route=\/wp\/v2\/posts\/6428","targetHints":{"allow":["GET"]}}],"collection":[{"href":"https:\/\/www.latribunedufaso.net\/index.php?rest_route=\/wp\/v2\/posts"}],"about":[{"href":"https:\/\/www.latribunedufaso.net\/index.php?rest_route=\/wp\/v2\/types\/post"}],"author":[{"embeddable":true,"href":"https:\/\/www.latribunedufaso.net\/index.php?rest_route=\/wp\/v2\/users\/2"}],"replies":[{"embeddable":true,"href":"https:\/\/www.latribunedufaso.net\/index.php?rest_route=%2Fwp%2Fv2%2Fcomments&post=6428"}],"version-history":[{"count":1,"href":"https:\/\/www.latribunedufaso.net\/index.php?rest_route=\/wp\/v2\/posts\/6428\/revisions"}],"predecessor-version":[{"id":6435,"href":"https:\/\/www.latribunedufaso.net\/index.php?rest_route=\/wp\/v2\/posts\/6428\/revisions\/6435"}],"wp:featuredmedia":[{"embeddable":true,"href":"https:\/\/www.latribunedufaso.net\/index.php?rest_route=\/wp\/v2\/media\/6434"}],"wp:attachment":[{"href":"https:\/\/www.latribunedufaso.net\/index.php?rest_route=%2Fwp%2Fv2%2Fmedia&parent=6428"}],"wp:term":[{"taxonomy":"category","embeddable":true,"href":"https:\/\/www.latribunedufaso.net\/index.php?rest_route=%2Fwp%2Fv2%2Fcategories&post=6428"},{"taxonomy":"post_tag","embeddable":true,"href":"https:\/\/www.latribunedufaso.net\/index.php?rest_route=%2Fwp%2Fv2%2Ftags&post=6428"}],"curies":[{"name":"wp","href":"https:\/\/api.w.org\/{rel}","templated":true}]}}