{"id":63,"date":"2019-08-26T19:52:01","date_gmt":"2019-08-26T19:52:01","guid":{"rendered":"http:\/\/latribunedufaso.net\/?p=63"},"modified":"2019-09-01T21:43:46","modified_gmt":"2019-09-01T21:43:46","slug":"bureau-national-de-lordre-des-pharmaciens-du-burkina-faso-dr-alfred-sandouidi-reelu-president","status":"publish","type":"post","link":"https:\/\/www.latribunedufaso.net\/?p=63","title":{"rendered":"Bureau national de l\u2019Ordre des pharmaciens du Burkina Faso : Dr Alfred Sandouidi r\u00e9\u00e9lu pr\u00e9sident"},"content":{"rendered":"<p><strong>C\u2019est encore Dr Alfred Sandouidi, pr\u00e9sident sortant du bureau national de l\u2019Ordre des pharmaciens du Burkina Faso, qui pr\u00e9sidera aux destin\u00e9es de l\u2019Ordre durant les quatre prochaines ann\u00e9es. Sa r\u00e9installation officielle audit poste est intervenue au cours d\u2019une c\u00e9r\u00e9monie organis\u00e9e<\/strong> <strong>le mardi 13 ao\u00fbt 2018, au si\u00e8ge dudit conseil, \u00e0 Ouagadougou.<\/strong><\/p>\n<figure id=\"attachment_66\" aria-describedby=\"caption-attachment-66\" style=\"width: 312px\" class=\"wp-caption alignleft\"><a href=\"http:\/\/latribunedufaso.net\/wp-content\/uploads\/2019\/08\/IMG_20190813_103718_3.jpg\"><img loading=\"lazy\" decoding=\"async\" class=\"wp-image-66\" src=\"http:\/\/latribunedufaso.net\/wp-content\/uploads\/2019\/08\/IMG_20190813_103718_3-300x225.jpg\" alt=\"\" width=\"312\" height=\"234\" srcset=\"https:\/\/www.latribunedufaso.net\/wp-content\/uploads\/2019\/08\/IMG_20190813_103718_3-300x225.jpg 300w, https:\/\/www.latribunedufaso.net\/wp-content\/uploads\/2019\/08\/IMG_20190813_103718_3.jpg 750w\" sizes=\"auto, (max-width: 312px) 100vw, 312px\" \/><\/a><figcaption id=\"caption-attachment-66\" class=\"wp-caption-text\">Une vue du bureau du Conseil national de l&rsquo;Ordre des pharmaciens du Burkina Faso<\/figcaption><\/figure>\n<p>R\u00e9\u00e9lu \u00e0 la t\u00eate du bureau national de l\u2019Ordre national des pharmaciens du Burkina Faso \u00e0\u00a0 l\u2019occasion du 7<sup>e<\/sup> congr\u00e8s ordinaire de l\u2019Ordre, le 23 juillet 2019, Dr Alfred Sandouidi, officiellement r\u00e9install\u00e9 a fait savoir sa fiert\u00e9 et sa reconnaissance pour la confiance, une fois de plus plac\u00e9e en lui et son \u00e9quipe.\u00a0\u00ab\u00a0Je voudrais une fois de plus exprimer ma fiert\u00e9 et ma tr\u00e8s grande reconnaissance ainsi que celle des membres du nouveau bureau pour la confiance qui nous a \u00e9t\u00e9 accord\u00e9e pour gouverner notre institution\u00a0\u00bb, a-t-il affirm\u00e9.<\/p>\n<p>Aussi, se disant conscient des exigences et des obligations que comporte cette confiance en eux plac\u00e9e, il a assur\u00e9 de l\u2019\u00e9nergie et de l\u2019enthousiasme qui seront mis afin d\u2019\u00eatre \u00e0 la hauteur de cette confiance.\u00a0\u00ab\u00a0Nous avons conscience d\u2019une chose, cette confiance comporte des exigences et des obligations\u2026 Je puis vous assurer que tous les membres du bureau entrant mettront en commun leurs \u00e9nergies et leur enthousiasme pour \u00eatre \u00e0 la hauteur de cette confiance\u00a0\u00bb, a indiqu\u00e9 le pr\u00e9sident Sandouidi.<\/p>\n<p>C\u2019est ainsi qu\u2019il pr\u00e9sente la vision de son bureau pour ce mandat\u00a0; qui n\u2019est autre que \u00ab\u00a0de faire de l\u2019Ordre national des pharmaciens une institution dynamique, moderne, fid\u00e8le aux valeurs de notre profession, et r\u00e9solument tourn\u00e9e vers l\u2019avenir. \u00bb. Et reconnait du m\u00eame coup, les d\u00e9fis auxquels devra faire face son \u00e9quipe. Il s\u2019agit notamment de \u00ab\u00a0consolider les acquis li\u00e9s \u00e0 la mise en \u0153uvre de la mission premi\u00e8re de l\u2019ordre, qui est de contr\u00f4ler l\u2019acc\u00e8s et l\u2019exercice de la profession\u00a0; d\u2019\u00e9difier la maison du pharmacien, qui servira de si\u00e8ge de l\u2019Ordre et du syndicat des pharmaciens\u00a0; renforcer la qualit\u00e9 des actes pharmaceutiques, etc.\u00a0\u00bb, a cit\u00e9 Dr Sandouidi.<\/p>\n<p>Si la r\u00e9\u00e9lection du docteur Alfred a \u00e9t\u00e9 possible, c\u2019est comme il le dit si bien lui-m\u00eame au regard de la qualit\u00e9 du travail abattu par les membres de son ancien bureau ou du moins du bureau sortant. Ce faisant, il n\u2019a pas manqu\u00e9 de les remercier et cela, en d\u00e9cernant \u00e0 chacun des trois membres une r\u00e9compense.<\/p>\n<p>A l\u2019endroit des membres du bureau entrant dont certains sont issus du bureau sortant, il a invit\u00e9 \u00e0 une mobilisation\u00a0exceptionnelle\u00a0de tous les instants pour qu\u2019au soir de leur mandat, ils puissent regarder avec satisfaction leur bilan non seulement dans l\u2019int\u00e9r\u00eat de leur profession, mais aussi de la sant\u00e9 publique.<\/p>\n<p>Le bureau entrant est compos\u00e9 de sept (7) membres \u00e9lus pour un mandat de quatre (4) ans.<\/p>\n<p>&nbsp;<\/p>\n<p><strong>Tambi Serge Pac\u00f4me Zongo<\/strong><\/p>\n<p><strong>La Tribune du Faso<\/strong><\/p>\n<p>&nbsp;<\/p>\n<p><strong>Encadr\u00e9\u00a0: liste des membres du bureau du Conseil National de l\u2019Ordre des Pharmaciens du Burkina Faso<\/strong><\/p>\n<p>&nbsp;<\/p>\n<table style=\"height: 638px;\" width=\"738\">\n<tbody>\n<tr>\n<td width=\"32\">\n<p style=\"text-align: center;\"><strong>N\u00b0<\/strong><\/p>\n<\/td>\n<td style=\"text-align: center;\" width=\"175\"><strong>NOM<\/strong><\/td>\n<td style=\"text-align: center;\" width=\"132\"><strong>PRENOM<\/strong><\/td>\n<td width=\"281\">\n<p style=\"text-align: center;\"><strong>POSTE<\/strong><\/p>\n<\/td>\n<\/tr>\n<tr>\n<td width=\"32\"><strong>1<\/strong><\/td>\n<td width=\"175\"><strong>SANDOUIDI<\/strong><\/td>\n<td width=\"132\"><strong>Alfred <\/strong><\/td>\n<td width=\"281\">Pr\u00e9sident<\/td>\n<\/tr>\n<tr>\n<td width=\"32\"><strong>2<\/strong><\/td>\n<td width=\"175\"><strong>SOULAMA<\/strong><\/td>\n<td width=\"132\"><strong>Issiaka<\/strong><\/td>\n<td width=\"281\">Secr\u00e9taire G\u00e9n\u00e9ral<\/td>\n<\/tr>\n<tr>\n<td width=\"32\"><strong>3<\/strong><\/td>\n<td width=\"175\"><strong>DJIERRO<\/strong><\/td>\n<td width=\"132\"><strong>Kady<\/strong><\/td>\n<td width=\"281\">Tr\u00e9sori\u00e8re<\/td>\n<\/tr>\n<tr>\n<td width=\"32\"><strong>4<\/strong><\/td>\n<td width=\"175\"><strong>OUEDRAOGO<\/strong><\/td>\n<td width=\"132\"><strong>Sabine <\/strong><\/td>\n<td width=\"281\">Secr\u00e9taire charg\u00e9 de l&rsquo;information et de la communication<\/td>\n<\/tr>\n<tr>\n<td width=\"32\"><strong>5<\/strong><\/td>\n<td width=\"175\"><strong>OUEDRAOGO<\/strong><\/td>\n<td width=\"132\"><strong>Charles Didier <\/strong><\/td>\n<td width=\"281\">Secr\u00e9taire charg\u00e9 de l&rsquo;organisation et de la formation continue<\/td>\n<\/tr>\n<tr>\n<td width=\"32\"><strong>6<\/strong><\/td>\n<td width=\"175\"><strong>KAFANDO<\/strong><\/td>\n<td width=\"132\"><strong>Patrick Emery<\/strong><\/td>\n<td width=\"281\">Secr\u00e9taire charg\u00e9 de la r\u00e9glementation<\/td>\n<\/tr>\n<tr>\n<td width=\"32\"><strong>7<\/strong><\/td>\n<td width=\"175\"><strong>DOUAMBA<\/strong><\/td>\n<td width=\"132\"><strong>\u00a0Olivier <\/strong><\/td>\n<td width=\"281\">Secr\u00e9taire G\u00e9n\u00e9ral Adjoint<\/td>\n<\/tr>\n<tr>\n<td width=\"32\"><strong>8<\/strong><\/td>\n<td width=\"175\"><strong>BEREHOUDOUGOU<\/strong><\/td>\n<td width=\"132\"><strong>Aristide<\/strong><\/td>\n<td width=\"281\">Commissaire au compte<\/td>\n<\/tr>\n<tr>\n<td width=\"32\"><strong>9<\/strong><\/td>\n<td width=\"175\"><strong>MOYENGA<\/strong><\/td>\n<td width=\"132\"><strong>Alimata <\/strong><\/td>\n<td width=\"281\">Commissaire au compte<\/td>\n<\/tr>\n<\/tbody>\n<\/table>\n","protected":false},"excerpt":{"rendered":"<p>C\u2019est encore Dr Alfred Sandouidi, pr\u00e9sident sortant du bureau national de l\u2019Ordre des pharmaciens du Burkina Faso, qui pr\u00e9sidera aux destin\u00e9es de l\u2019Ordre durant les quatre prochaines ann\u00e9es. Sa r\u00e9installation officielle audit poste est intervenue au cours d\u2019une c\u00e9r\u00e9monie organis\u00e9e le mardi 13 ao\u00fbt 2018, au si\u00e8ge dudit conseil, \u00e0 Ouagadougou. R\u00e9\u00e9lu \u00e0 la t\u00eate du bureau national de l\u2019Ordre national des pharmaciens du Burkina Faso \u00e0\u00a0 l\u2019occasion du 7e congr\u00e8s ordinaire de l\u2019Ordre, le 23 juillet 2019, Dr Alfred Sandouidi, officiellement r\u00e9install\u00e9 a fait savoir sa fiert\u00e9 et sa reconnaissance pour la confiance, une fois de plus plac\u00e9e en lui et son \u00e9quipe.\u00a0\u00ab\u00a0Je voudrais une fois de plus exprimer ma fiert\u00e9 et ma tr\u00e8s grande reconnaissance ainsi que celle des membres du nouveau bureau pour la confiance qui nous a \u00e9t\u00e9 accord\u00e9e pour gouverner notre institution\u00a0\u00bb, a-t-il affirm\u00e9. Aussi, se disant conscient des exigences et des obligations que comporte cette confiance en eux plac\u00e9e, il a assur\u00e9 de l\u2019\u00e9nergie et de l\u2019enthousiasme qui seront mis afin d\u2019\u00eatre \u00e0 la hauteur de cette confiance.\u00a0\u00ab\u00a0Nous avons conscience d\u2019une chose, cette confiance comporte des exigences et des obligations\u2026 Je puis vous assurer que tous les membres du bureau entrant mettront en commun leurs \u00e9nergies et leur enthousiasme pour \u00eatre \u00e0 la hauteur de cette confiance\u00a0\u00bb, a indiqu\u00e9 le pr\u00e9sident Sandouidi. C\u2019est ainsi qu\u2019il pr\u00e9sente la vision de son bureau pour ce mandat\u00a0; qui n\u2019est autre que \u00ab\u00a0de faire de l\u2019Ordre national des pharmaciens une institution dynamique, moderne, fid\u00e8le aux valeurs de notre profession, et r\u00e9solument tourn\u00e9e vers l\u2019avenir. \u00bb. Et reconnait du m\u00eame coup, les d\u00e9fis auxquels devra faire face son \u00e9quipe. Il s\u2019agit notamment de \u00ab\u00a0consolider les acquis li\u00e9s \u00e0 la mise en \u0153uvre de la mission premi\u00e8re de l\u2019ordre, qui est de contr\u00f4ler l\u2019acc\u00e8s et l\u2019exercice de la profession\u00a0; d\u2019\u00e9difier la maison du pharmacien, qui servira de si\u00e8ge de l\u2019Ordre et du syndicat des pharmaciens\u00a0; renforcer la qualit\u00e9 des actes pharmaceutiques, etc.\u00a0\u00bb, a cit\u00e9 Dr Sandouidi. Si la r\u00e9\u00e9lection du docteur Alfred a \u00e9t\u00e9 possible, c\u2019est comme il le dit si bien lui-m\u00eame au regard de la qualit\u00e9 du travail abattu par les membres de son ancien bureau ou du moins du bureau sortant. Ce faisant, il n\u2019a pas manqu\u00e9 de les remercier et cela, en d\u00e9cernant \u00e0 chacun des trois membres une r\u00e9compense. A l\u2019endroit des membres du bureau entrant dont certains sont issus du bureau sortant, il a invit\u00e9 \u00e0 une mobilisation\u00a0exceptionnelle\u00a0de tous les instants pour qu\u2019au soir de leur mandat, ils puissent regarder avec satisfaction leur bilan non seulement dans l\u2019int\u00e9r\u00eat de leur profession, mais aussi de la sant\u00e9 publique. Le bureau entrant est compos\u00e9 de sept (7) membres \u00e9lus pour un mandat de quatre (4) ans. &nbsp; Tambi Serge Pac\u00f4me Zongo La Tribune du Faso &nbsp; Encadr\u00e9\u00a0: liste des membres du bureau du Conseil National de l\u2019Ordre des Pharmaciens du Burkina Faso &nbsp; N\u00b0 NOM PRENOM POSTE 1 SANDOUIDI Alfred Pr\u00e9sident 2 SOULAMA Issiaka Secr\u00e9taire G\u00e9n\u00e9ral 3 DJIERRO Kady Tr\u00e9sori\u00e8re 4 OUEDRAOGO Sabine Secr\u00e9taire charg\u00e9 de l&rsquo;information et de la communication 5 OUEDRAOGO Charles Didier Secr\u00e9taire charg\u00e9 de l&rsquo;organisation et de la formation continue 6 KAFANDO Patrick Emery Secr\u00e9taire charg\u00e9 de la r\u00e9glementation 7 DOUAMBA \u00a0Olivier Secr\u00e9taire G\u00e9n\u00e9ral Adjoint 8 BEREHOUDOUGOU Aristide Commissaire au compte 9 MOYENGA Alimata Commissaire au compte<\/p>\n","protected":false},"author":1,"featured_media":65,"comment_status":"open","ping_status":"open","sticky":false,"template":"","format":"standard","meta":{"footnotes":""},"categories":[7],"tags":[],"class_list":["post-63","post","type-post","status-publish","format-standard","has-post-thumbnail","hentry","category-sante"],"yoast_head":"<!-- This site is optimized with the Yoast SEO plugin v27.5 - https:\/\/yoast.com\/product\/yoast-seo-wordpress\/ -->\n<title>Bureau national de l\u2019Ordre des pharmaciens du Burkina Faso : Dr Alfred Sandouidi r\u00e9\u00e9lu pr\u00e9sident - La Tribune du Faso<\/title>\n<meta name=\"robots\" content=\"index, follow, max-snippet:-1, max-image-preview:large, max-video-preview:-1\" \/>\n<link rel=\"canonical\" href=\"https:\/\/www.latribunedufaso.net\/?p=63\" \/>\n<meta property=\"og:locale\" content=\"fr_FR\" \/>\n<meta property=\"og:type\" content=\"article\" \/>\n<meta property=\"og:title\" content=\"Bureau national de l\u2019Ordre des pharmaciens du Burkina Faso : Dr Alfred Sandouidi r\u00e9\u00e9lu pr\u00e9sident - La Tribune du Faso\" \/>\n<meta property=\"og:description\" content=\"C\u2019est encore Dr Alfred Sandouidi, pr\u00e9sident sortant du bureau national de l\u2019Ordre des pharmaciens du Burkina Faso, qui pr\u00e9sidera aux destin\u00e9es de l\u2019Ordre durant les quatre prochaines ann\u00e9es. Sa r\u00e9installation officielle audit poste est intervenue au cours d\u2019une c\u00e9r\u00e9monie organis\u00e9e le mardi 13 ao\u00fbt 2018, au si\u00e8ge dudit conseil, \u00e0 Ouagadougou. R\u00e9\u00e9lu \u00e0 la t\u00eate du bureau national de l\u2019Ordre national des pharmaciens du Burkina Faso \u00e0\u00a0 l\u2019occasion du 7e congr\u00e8s ordinaire de l\u2019Ordre, le 23 juillet 2019, Dr Alfred Sandouidi, officiellement r\u00e9install\u00e9 a fait savoir sa fiert\u00e9 et sa reconnaissance pour la confiance, une fois de plus plac\u00e9e en lui et son \u00e9quipe.\u00a0\u00ab\u00a0Je voudrais une fois de plus exprimer ma fiert\u00e9 et ma tr\u00e8s grande reconnaissance ainsi que celle des membres du nouveau bureau pour la confiance qui nous a \u00e9t\u00e9 accord\u00e9e pour gouverner notre institution\u00a0\u00bb, a-t-il affirm\u00e9. Aussi, se disant conscient des exigences et des obligations que comporte cette confiance en eux plac\u00e9e, il a assur\u00e9 de l\u2019\u00e9nergie et de l\u2019enthousiasme qui seront mis afin d\u2019\u00eatre \u00e0 la hauteur de cette confiance.\u00a0\u00ab\u00a0Nous avons conscience d\u2019une chose, cette confiance comporte des exigences et des obligations\u2026 Je puis vous assurer que tous les membres du bureau entrant mettront en commun leurs \u00e9nergies et leur enthousiasme pour \u00eatre \u00e0 la hauteur de cette confiance\u00a0\u00bb, a indiqu\u00e9 le pr\u00e9sident Sandouidi. C\u2019est ainsi qu\u2019il pr\u00e9sente la vision de son bureau pour ce mandat\u00a0; qui n\u2019est autre que \u00ab\u00a0de faire de l\u2019Ordre national des pharmaciens une institution dynamique, moderne, fid\u00e8le aux valeurs de notre profession, et r\u00e9solument tourn\u00e9e vers l\u2019avenir. \u00bb. Et reconnait du m\u00eame coup, les d\u00e9fis auxquels devra faire face son \u00e9quipe. Il s\u2019agit notamment de \u00ab\u00a0consolider les acquis li\u00e9s \u00e0 la mise en \u0153uvre de la mission premi\u00e8re de l\u2019ordre, qui est de contr\u00f4ler l\u2019acc\u00e8s et l\u2019exercice de la profession\u00a0; d\u2019\u00e9difier la maison du pharmacien, qui servira de si\u00e8ge de l\u2019Ordre et du syndicat des pharmaciens\u00a0; renforcer la qualit\u00e9 des actes pharmaceutiques, etc.\u00a0\u00bb, a cit\u00e9 Dr Sandouidi. Si la r\u00e9\u00e9lection du docteur Alfred a \u00e9t\u00e9 possible, c\u2019est comme il le dit si bien lui-m\u00eame au regard de la qualit\u00e9 du travail abattu par les membres de son ancien bureau ou du moins du bureau sortant. Ce faisant, il n\u2019a pas manqu\u00e9 de les remercier et cela, en d\u00e9cernant \u00e0 chacun des trois membres une r\u00e9compense. A l\u2019endroit des membres du bureau entrant dont certains sont issus du bureau sortant, il a invit\u00e9 \u00e0 une mobilisation\u00a0exceptionnelle\u00a0de tous les instants pour qu\u2019au soir de leur mandat, ils puissent regarder avec satisfaction leur bilan non seulement dans l\u2019int\u00e9r\u00eat de leur profession, mais aussi de la sant\u00e9 publique. Le bureau entrant est compos\u00e9 de sept (7) membres \u00e9lus pour un mandat de quatre (4) ans. &nbsp; Tambi Serge Pac\u00f4me Zongo La Tribune du Faso &nbsp; Encadr\u00e9\u00a0: liste des membres du bureau du Conseil National de l\u2019Ordre des Pharmaciens du Burkina Faso &nbsp; N\u00b0 NOM PRENOM POSTE 1 SANDOUIDI Alfred Pr\u00e9sident 2 SOULAMA Issiaka Secr\u00e9taire G\u00e9n\u00e9ral 3 DJIERRO Kady Tr\u00e9sori\u00e8re 4 OUEDRAOGO Sabine Secr\u00e9taire charg\u00e9 de l&rsquo;information et de la communication 5 OUEDRAOGO Charles Didier Secr\u00e9taire charg\u00e9 de l&rsquo;organisation et de la formation continue 6 KAFANDO Patrick Emery Secr\u00e9taire charg\u00e9 de la r\u00e9glementation 7 DOUAMBA \u00a0Olivier Secr\u00e9taire G\u00e9n\u00e9ral Adjoint 8 BEREHOUDOUGOU Aristide Commissaire au compte 9 MOYENGA Alimata Commissaire au compte\" \/>\n<meta property=\"og:url\" content=\"https:\/\/www.latribunedufaso.net\/?p=63\" \/>\n<meta property=\"og:site_name\" content=\"La Tribune du Faso\" \/>\n<meta property=\"article:publisher\" content=\"https:\/\/www.facebook.com\/LatribuneduFaso\/\" \/>\n<meta property=\"article:published_time\" content=\"2019-08-26T19:52:01+00:00\" \/>\n<meta property=\"article:modified_time\" content=\"2019-09-01T21:43:46+00:00\" \/>\n<meta property=\"og:image\" content=\"https:\/\/latribunedufaso.net\/wp-content\/uploads\/2019\/08\/IMG_20190813_103532_4.jpg\" \/>\n\t<meta property=\"og:image:width\" content=\"750\" \/>\n\t<meta property=\"og:image:height\" content=\"563\" \/>\n\t<meta property=\"og:image:type\" content=\"image\/jpeg\" \/>\n<meta name=\"author\" content=\"admin\" \/>\n<meta name=\"twitter:label1\" content=\"\u00c9crit par\" \/>\n\t<meta name=\"twitter:data1\" content=\"admin\" \/>\n\t<meta name=\"twitter:label2\" content=\"Dur\u00e9e de lecture estim\u00e9e\" \/>\n\t<meta name=\"twitter:data2\" content=\"3 minutes\" \/>\n<script type=\"application\/ld+json\" class=\"yoast-schema-graph\">{\"@context\":\"https:\\\/\\\/schema.org\",\"@graph\":[{\"@type\":\"Article\",\"@id\":\"https:\\\/\\\/www.latribunedufaso.net\\\/?p=63#article\",\"isPartOf\":{\"@id\":\"https:\\\/\\\/www.latribunedufaso.net\\\/?p=63\"},\"author\":{\"name\":\"admin\",\"@id\":\"https:\\\/\\\/www.latribunedufaso.net\\\/#\\\/schema\\\/person\\\/6c794fd9b7540d8c9ab42b5d3617be3d\"},\"headline\":\"Bureau national de l\u2019Ordre des pharmaciens du Burkina Faso : Dr Alfred Sandouidi r\u00e9\u00e9lu pr\u00e9sident\",\"datePublished\":\"2019-08-26T19:52:01+00:00\",\"dateModified\":\"2019-09-01T21:43:46+00:00\",\"mainEntityOfPage\":{\"@id\":\"https:\\\/\\\/www.latribunedufaso.net\\\/?p=63\"},\"wordCount\":644,\"commentCount\":0,\"publisher\":{\"@id\":\"https:\\\/\\\/www.latribunedufaso.net\\\/#organization\"},\"image\":{\"@id\":\"https:\\\/\\\/www.latribunedufaso.net\\\/?p=63#primaryimage\"},\"thumbnailUrl\":\"https:\\\/\\\/www.latribunedufaso.net\\\/wp-content\\\/uploads\\\/2019\\\/08\\\/IMG_20190813_103532_4.jpg\",\"articleSection\":[\"Sant\u00e9\"],\"inLanguage\":\"fr-FR\",\"potentialAction\":[{\"@type\":\"CommentAction\",\"name\":\"Comment\",\"target\":[\"https:\\\/\\\/www.latribunedufaso.net\\\/?p=63#respond\"]}]},{\"@type\":\"WebPage\",\"@id\":\"https:\\\/\\\/www.latribunedufaso.net\\\/?p=63\",\"url\":\"https:\\\/\\\/www.latribunedufaso.net\\\/?p=63\",\"name\":\"Bureau national de l\u2019Ordre des pharmaciens du Burkina Faso : Dr Alfred Sandouidi r\u00e9\u00e9lu pr\u00e9sident - La Tribune du Faso\",\"isPartOf\":{\"@id\":\"https:\\\/\\\/www.latribunedufaso.net\\\/#website\"},\"primaryImageOfPage\":{\"@id\":\"https:\\\/\\\/www.latribunedufaso.net\\\/?p=63#primaryimage\"},\"image\":{\"@id\":\"https:\\\/\\\/www.latribunedufaso.net\\\/?p=63#primaryimage\"},\"thumbnailUrl\":\"https:\\\/\\\/www.latribunedufaso.net\\\/wp-content\\\/uploads\\\/2019\\\/08\\\/IMG_20190813_103532_4.jpg\",\"datePublished\":\"2019-08-26T19:52:01+00:00\",\"dateModified\":\"2019-09-01T21:43:46+00:00\",\"breadcrumb\":{\"@id\":\"https:\\\/\\\/www.latribunedufaso.net\\\/?p=63#breadcrumb\"},\"inLanguage\":\"fr-FR\",\"potentialAction\":[{\"@type\":\"ReadAction\",\"target\":[\"https:\\\/\\\/www.latribunedufaso.net\\\/?p=63\"]}]},{\"@type\":\"ImageObject\",\"inLanguage\":\"fr-FR\",\"@id\":\"https:\\\/\\\/www.latribunedufaso.net\\\/?p=63#primaryimage\",\"url\":\"https:\\\/\\\/www.latribunedufaso.net\\\/wp-content\\\/uploads\\\/2019\\\/08\\\/IMG_20190813_103532_4.jpg\",\"contentUrl\":\"https:\\\/\\\/www.latribunedufaso.net\\\/wp-content\\\/uploads\\\/2019\\\/08\\\/IMG_20190813_103532_4.jpg\",\"width\":750,\"height\":563},{\"@type\":\"BreadcrumbList\",\"@id\":\"https:\\\/\\\/www.latribunedufaso.net\\\/?p=63#breadcrumb\",\"itemListElement\":[{\"@type\":\"ListItem\",\"position\":1,\"name\":\"Accueil\",\"item\":\"https:\\\/\\\/www.latribunedufaso.net\\\/\"},{\"@type\":\"ListItem\",\"position\":2,\"name\":\"Bureau national de l\u2019Ordre des pharmaciens du Burkina Faso : Dr Alfred Sandouidi r\u00e9\u00e9lu pr\u00e9sident\"}]},{\"@type\":\"WebSite\",\"@id\":\"https:\\\/\\\/www.latribunedufaso.net\\\/#website\",\"url\":\"https:\\\/\\\/www.latribunedufaso.net\\\/\",\"name\":\"La Tribune du Faso\",\"description\":\"L&#039;information du monde rural en un clic\",\"publisher\":{\"@id\":\"https:\\\/\\\/www.latribunedufaso.net\\\/#organization\"},\"potentialAction\":[{\"@type\":\"SearchAction\",\"target\":{\"@type\":\"EntryPoint\",\"urlTemplate\":\"https:\\\/\\\/www.latribunedufaso.net\\\/?s={search_term_string}\"},\"query-input\":{\"@type\":\"PropertyValueSpecification\",\"valueRequired\":true,\"valueName\":\"search_term_string\"}}],\"inLanguage\":\"fr-FR\"},{\"@type\":\"Organization\",\"@id\":\"https:\\\/\\\/www.latribunedufaso.net\\\/#organization\",\"name\":\"La Tribune du Faso\",\"url\":\"https:\\\/\\\/www.latribunedufaso.net\\\/\",\"logo\":{\"@type\":\"ImageObject\",\"inLanguage\":\"fr-FR\",\"@id\":\"https:\\\/\\\/www.latribunedufaso.net\\\/#\\\/schema\\\/logo\\\/image\\\/\",\"url\":\"https:\\\/\\\/www.latribunedufaso.net\\\/wp-content\\\/uploads\\\/2020\\\/08\\\/Logo-Tribune-du-Faso-final-scaled.jpg\",\"contentUrl\":\"https:\\\/\\\/www.latribunedufaso.net\\\/wp-content\\\/uploads\\\/2020\\\/08\\\/Logo-Tribune-du-Faso-final-scaled.jpg\",\"width\":2560,\"height\":1856,\"caption\":\"La Tribune du Faso\"},\"image\":{\"@id\":\"https:\\\/\\\/www.latribunedufaso.net\\\/#\\\/schema\\\/logo\\\/image\\\/\"},\"sameAs\":[\"https:\\\/\\\/www.facebook.com\\\/LatribuneduFaso\\\/\"]},{\"@type\":\"Person\",\"@id\":\"https:\\\/\\\/www.latribunedufaso.net\\\/#\\\/schema\\\/person\\\/6c794fd9b7540d8c9ab42b5d3617be3d\",\"name\":\"admin\",\"image\":{\"@type\":\"ImageObject\",\"inLanguage\":\"fr-FR\",\"@id\":\"https:\\\/\\\/secure.gravatar.com\\\/avatar\\\/e4ad5bb743c8b6cb174d9df6c7d30a8a16f6889731241345fc6444e6485f02af?s=96&d=mm&r=g\",\"url\":\"https:\\\/\\\/secure.gravatar.com\\\/avatar\\\/e4ad5bb743c8b6cb174d9df6c7d30a8a16f6889731241345fc6444e6485f02af?s=96&d=mm&r=g\",\"contentUrl\":\"https:\\\/\\\/secure.gravatar.com\\\/avatar\\\/e4ad5bb743c8b6cb174d9df6c7d30a8a16f6889731241345fc6444e6485f02af?s=96&d=mm&r=g\",\"caption\":\"admin\"},\"url\":\"https:\\\/\\\/www.latribunedufaso.net\\\/?author=1\"}]}<\/script>\n<!-- \/ Yoast SEO plugin. -->","yoast_head_json":{"title":"Bureau national de l\u2019Ordre des pharmaciens du Burkina Faso : Dr Alfred Sandouidi r\u00e9\u00e9lu pr\u00e9sident - La Tribune du Faso","robots":{"index":"index","follow":"follow","max-snippet":"max-snippet:-1","max-image-preview":"max-image-preview:large","max-video-preview":"max-video-preview:-1"},"canonical":"https:\/\/www.latribunedufaso.net\/?p=63","og_locale":"fr_FR","og_type":"article","og_title":"Bureau national de l\u2019Ordre des pharmaciens du Burkina Faso : Dr Alfred Sandouidi r\u00e9\u00e9lu pr\u00e9sident - La Tribune du Faso","og_description":"C\u2019est encore Dr Alfred Sandouidi, pr\u00e9sident sortant du bureau national de l\u2019Ordre des pharmaciens du Burkina Faso, qui pr\u00e9sidera aux destin\u00e9es de l\u2019Ordre durant les quatre prochaines ann\u00e9es. Sa r\u00e9installation officielle audit poste est intervenue au cours d\u2019une c\u00e9r\u00e9monie organis\u00e9e le mardi 13 ao\u00fbt 2018, au si\u00e8ge dudit conseil, \u00e0 Ouagadougou. R\u00e9\u00e9lu \u00e0 la t\u00eate du bureau national de l\u2019Ordre national des pharmaciens du Burkina Faso \u00e0\u00a0 l\u2019occasion du 7e congr\u00e8s ordinaire de l\u2019Ordre, le 23 juillet 2019, Dr Alfred Sandouidi, officiellement r\u00e9install\u00e9 a fait savoir sa fiert\u00e9 et sa reconnaissance pour la confiance, une fois de plus plac\u00e9e en lui et son \u00e9quipe.\u00a0\u00ab\u00a0Je voudrais une fois de plus exprimer ma fiert\u00e9 et ma tr\u00e8s grande reconnaissance ainsi que celle des membres du nouveau bureau pour la confiance qui nous a \u00e9t\u00e9 accord\u00e9e pour gouverner notre institution\u00a0\u00bb, a-t-il affirm\u00e9. Aussi, se disant conscient des exigences et des obligations que comporte cette confiance en eux plac\u00e9e, il a assur\u00e9 de l\u2019\u00e9nergie et de l\u2019enthousiasme qui seront mis afin d\u2019\u00eatre \u00e0 la hauteur de cette confiance.\u00a0\u00ab\u00a0Nous avons conscience d\u2019une chose, cette confiance comporte des exigences et des obligations\u2026 Je puis vous assurer que tous les membres du bureau entrant mettront en commun leurs \u00e9nergies et leur enthousiasme pour \u00eatre \u00e0 la hauteur de cette confiance\u00a0\u00bb, a indiqu\u00e9 le pr\u00e9sident Sandouidi. C\u2019est ainsi qu\u2019il pr\u00e9sente la vision de son bureau pour ce mandat\u00a0; qui n\u2019est autre que \u00ab\u00a0de faire de l\u2019Ordre national des pharmaciens une institution dynamique, moderne, fid\u00e8le aux valeurs de notre profession, et r\u00e9solument tourn\u00e9e vers l\u2019avenir. \u00bb. Et reconnait du m\u00eame coup, les d\u00e9fis auxquels devra faire face son \u00e9quipe. Il s\u2019agit notamment de \u00ab\u00a0consolider les acquis li\u00e9s \u00e0 la mise en \u0153uvre de la mission premi\u00e8re de l\u2019ordre, qui est de contr\u00f4ler l\u2019acc\u00e8s et l\u2019exercice de la profession\u00a0; d\u2019\u00e9difier la maison du pharmacien, qui servira de si\u00e8ge de l\u2019Ordre et du syndicat des pharmaciens\u00a0; renforcer la qualit\u00e9 des actes pharmaceutiques, etc.\u00a0\u00bb, a cit\u00e9 Dr Sandouidi. Si la r\u00e9\u00e9lection du docteur Alfred a \u00e9t\u00e9 possible, c\u2019est comme il le dit si bien lui-m\u00eame au regard de la qualit\u00e9 du travail abattu par les membres de son ancien bureau ou du moins du bureau sortant. Ce faisant, il n\u2019a pas manqu\u00e9 de les remercier et cela, en d\u00e9cernant \u00e0 chacun des trois membres une r\u00e9compense. A l\u2019endroit des membres du bureau entrant dont certains sont issus du bureau sortant, il a invit\u00e9 \u00e0 une mobilisation\u00a0exceptionnelle\u00a0de tous les instants pour qu\u2019au soir de leur mandat, ils puissent regarder avec satisfaction leur bilan non seulement dans l\u2019int\u00e9r\u00eat de leur profession, mais aussi de la sant\u00e9 publique. Le bureau entrant est compos\u00e9 de sept (7) membres \u00e9lus pour un mandat de quatre (4) ans. &nbsp; Tambi Serge Pac\u00f4me Zongo La Tribune du Faso &nbsp; Encadr\u00e9\u00a0: liste des membres du bureau du Conseil National de l\u2019Ordre des Pharmaciens du Burkina Faso &nbsp; N\u00b0 NOM PRENOM POSTE 1 SANDOUIDI Alfred Pr\u00e9sident 2 SOULAMA Issiaka Secr\u00e9taire G\u00e9n\u00e9ral 3 DJIERRO Kady Tr\u00e9sori\u00e8re 4 OUEDRAOGO Sabine Secr\u00e9taire charg\u00e9 de l&rsquo;information et de la communication 5 OUEDRAOGO Charles Didier Secr\u00e9taire charg\u00e9 de l&rsquo;organisation et de la formation continue 6 KAFANDO Patrick Emery Secr\u00e9taire charg\u00e9 de la r\u00e9glementation 7 DOUAMBA \u00a0Olivier Secr\u00e9taire G\u00e9n\u00e9ral Adjoint 8 BEREHOUDOUGOU Aristide Commissaire au compte 9 MOYENGA Alimata Commissaire au compte","og_url":"https:\/\/www.latribunedufaso.net\/?p=63","og_site_name":"La Tribune du Faso","article_publisher":"https:\/\/www.facebook.com\/LatribuneduFaso\/","article_published_time":"2019-08-26T19:52:01+00:00","article_modified_time":"2019-09-01T21:43:46+00:00","og_image":[{"width":750,"height":563,"url":"https:\/\/latribunedufaso.net\/wp-content\/uploads\/2019\/08\/IMG_20190813_103532_4.jpg","type":"image\/jpeg"}],"author":"admin","twitter_misc":{"\u00c9crit par":"admin","Dur\u00e9e de lecture estim\u00e9e":"3 minutes"},"schema":{"@context":"https:\/\/schema.org","@graph":[{"@type":"Article","@id":"https:\/\/www.latribunedufaso.net\/?p=63#article","isPartOf":{"@id":"https:\/\/www.latribunedufaso.net\/?p=63"},"author":{"name":"admin","@id":"https:\/\/www.latribunedufaso.net\/#\/schema\/person\/6c794fd9b7540d8c9ab42b5d3617be3d"},"headline":"Bureau national de l\u2019Ordre des pharmaciens du Burkina Faso : Dr Alfred Sandouidi r\u00e9\u00e9lu pr\u00e9sident","datePublished":"2019-08-26T19:52:01+00:00","dateModified":"2019-09-01T21:43:46+00:00","mainEntityOfPage":{"@id":"https:\/\/www.latribunedufaso.net\/?p=63"},"wordCount":644,"commentCount":0,"publisher":{"@id":"https:\/\/www.latribunedufaso.net\/#organization"},"image":{"@id":"https:\/\/www.latribunedufaso.net\/?p=63#primaryimage"},"thumbnailUrl":"https:\/\/www.latribunedufaso.net\/wp-content\/uploads\/2019\/08\/IMG_20190813_103532_4.jpg","articleSection":["Sant\u00e9"],"inLanguage":"fr-FR","potentialAction":[{"@type":"CommentAction","name":"Comment","target":["https:\/\/www.latribunedufaso.net\/?p=63#respond"]}]},{"@type":"WebPage","@id":"https:\/\/www.latribunedufaso.net\/?p=63","url":"https:\/\/www.latribunedufaso.net\/?p=63","name":"Bureau national de l\u2019Ordre des pharmaciens du Burkina Faso : Dr Alfred Sandouidi r\u00e9\u00e9lu pr\u00e9sident - La Tribune du Faso","isPartOf":{"@id":"https:\/\/www.latribunedufaso.net\/#website"},"primaryImageOfPage":{"@id":"https:\/\/www.latribunedufaso.net\/?p=63#primaryimage"},"image":{"@id":"https:\/\/www.latribunedufaso.net\/?p=63#primaryimage"},"thumbnailUrl":"https:\/\/www.latribunedufaso.net\/wp-content\/uploads\/2019\/08\/IMG_20190813_103532_4.jpg","datePublished":"2019-08-26T19:52:01+00:00","dateModified":"2019-09-01T21:43:46+00:00","breadcrumb":{"@id":"https:\/\/www.latribunedufaso.net\/?p=63#breadcrumb"},"inLanguage":"fr-FR","potentialAction":[{"@type":"ReadAction","target":["https:\/\/www.latribunedufaso.net\/?p=63"]}]},{"@type":"ImageObject","inLanguage":"fr-FR","@id":"https:\/\/www.latribunedufaso.net\/?p=63#primaryimage","url":"https:\/\/www.latribunedufaso.net\/wp-content\/uploads\/2019\/08\/IMG_20190813_103532_4.jpg","contentUrl":"https:\/\/www.latribunedufaso.net\/wp-content\/uploads\/2019\/08\/IMG_20190813_103532_4.jpg","width":750,"height":563},{"@type":"BreadcrumbList","@id":"https:\/\/www.latribunedufaso.net\/?p=63#breadcrumb","itemListElement":[{"@type":"ListItem","position":1,"name":"Accueil","item":"https:\/\/www.latribunedufaso.net\/"},{"@type":"ListItem","position":2,"name":"Bureau national de l\u2019Ordre des pharmaciens du Burkina Faso : Dr Alfred Sandouidi r\u00e9\u00e9lu pr\u00e9sident"}]},{"@type":"WebSite","@id":"https:\/\/www.latribunedufaso.net\/#website","url":"https:\/\/www.latribunedufaso.net\/","name":"La Tribune du Faso","description":"L&#039;information du monde rural en un clic","publisher":{"@id":"https:\/\/www.latribunedufaso.net\/#organization"},"potentialAction":[{"@type":"SearchAction","target":{"@type":"EntryPoint","urlTemplate":"https:\/\/www.latribunedufaso.net\/?s={search_term_string}"},"query-input":{"@type":"PropertyValueSpecification","valueRequired":true,"valueName":"search_term_string"}}],"inLanguage":"fr-FR"},{"@type":"Organization","@id":"https:\/\/www.latribunedufaso.net\/#organization","name":"La Tribune du Faso","url":"https:\/\/www.latribunedufaso.net\/","logo":{"@type":"ImageObject","inLanguage":"fr-FR","@id":"https:\/\/www.latribunedufaso.net\/#\/schema\/logo\/image\/","url":"https:\/\/www.latribunedufaso.net\/wp-content\/uploads\/2020\/08\/Logo-Tribune-du-Faso-final-scaled.jpg","contentUrl":"https:\/\/www.latribunedufaso.net\/wp-content\/uploads\/2020\/08\/Logo-Tribune-du-Faso-final-scaled.jpg","width":2560,"height":1856,"caption":"La Tribune du Faso"},"image":{"@id":"https:\/\/www.latribunedufaso.net\/#\/schema\/logo\/image\/"},"sameAs":["https:\/\/www.facebook.com\/LatribuneduFaso\/"]},{"@type":"Person","@id":"https:\/\/www.latribunedufaso.net\/#\/schema\/person\/6c794fd9b7540d8c9ab42b5d3617be3d","name":"admin","image":{"@type":"ImageObject","inLanguage":"fr-FR","@id":"https:\/\/secure.gravatar.com\/avatar\/e4ad5bb743c8b6cb174d9df6c7d30a8a16f6889731241345fc6444e6485f02af?s=96&d=mm&r=g","url":"https:\/\/secure.gravatar.com\/avatar\/e4ad5bb743c8b6cb174d9df6c7d30a8a16f6889731241345fc6444e6485f02af?s=96&d=mm&r=g","contentUrl":"https:\/\/secure.gravatar.com\/avatar\/e4ad5bb743c8b6cb174d9df6c7d30a8a16f6889731241345fc6444e6485f02af?s=96&d=mm&r=g","caption":"admin"},"url":"https:\/\/www.latribunedufaso.net\/?author=1"}]}},"_links":{"self":[{"href":"https:\/\/www.latribunedufaso.net\/index.php?rest_route=\/wp\/v2\/posts\/63","targetHints":{"allow":["GET"]}}],"collection":[{"href":"https:\/\/www.latribunedufaso.net\/index.php?rest_route=\/wp\/v2\/posts"}],"about":[{"href":"https:\/\/www.latribunedufaso.net\/index.php?rest_route=\/wp\/v2\/types\/post"}],"author":[{"embeddable":true,"href":"https:\/\/www.latribunedufaso.net\/index.php?rest_route=\/wp\/v2\/users\/1"}],"replies":[{"embeddable":true,"href":"https:\/\/www.latribunedufaso.net\/index.php?rest_route=%2Fwp%2Fv2%2Fcomments&post=63"}],"version-history":[{"count":3,"href":"https:\/\/www.latribunedufaso.net\/index.php?rest_route=\/wp\/v2\/posts\/63\/revisions"}],"predecessor-version":[{"id":111,"href":"https:\/\/www.latribunedufaso.net\/index.php?rest_route=\/wp\/v2\/posts\/63\/revisions\/111"}],"wp:featuredmedia":[{"embeddable":true,"href":"https:\/\/www.latribunedufaso.net\/index.php?rest_route=\/wp\/v2\/media\/65"}],"wp:attachment":[{"href":"https:\/\/www.latribunedufaso.net\/index.php?rest_route=%2Fwp%2Fv2%2Fmedia&parent=63"}],"wp:term":[{"taxonomy":"category","embeddable":true,"href":"https:\/\/www.latribunedufaso.net\/index.php?rest_route=%2Fwp%2Fv2%2Fcategories&post=63"},{"taxonomy":"post_tag","embeddable":true,"href":"https:\/\/www.latribunedufaso.net\/index.php?rest_route=%2Fwp%2Fv2%2Ftags&post=63"}],"curies":[{"name":"wp","href":"https:\/\/api.w.org\/{rel}","templated":true}]}}