{"id":6236,"date":"2022-09-26T22:45:59","date_gmt":"2022-09-26T22:45:59","guid":{"rendered":"https:\/\/www.latribunedufaso.net\/?p=6236"},"modified":"2022-10-19T14:01:14","modified_gmt":"2022-10-19T14:01:14","slug":"code-des-personnes-et-de-la-famille-les-acteurs-de-la-justice-et-des-structures-associatives-en-reflexion-sur-les-reformes","status":"publish","type":"post","link":"https:\/\/www.latribunedufaso.net\/?p=6236","title":{"rendered":"Code des personnes et de la famille : Les acteurs de la justice et des structures associatives en r\u00e9flexion sur les r\u00e9formes"},"content":{"rendered":"<p style=\"text-align: justify;\"><strong><span style=\"font-size: 1.0625rem;\">Ce 26 septembre 2022, l\u2019atelier de validation de l\u2019avant-projet de loi portant Code des personnes et de la famille au Burkina Faso a ouvert ses portes \u00e0 Ouagadougou. Il est organis\u00e9 par le minist\u00e8re de la Justice et des Droits Humains, charg\u00e9 des relations avec les institutions, Garde des Sceaux. Cette rencontre vise \u00e0 examiner et \u00e0 valider l\u2019avant-projet de loi portant code des personnes et de la famille (CPF) au Burkina Faso avant son introduction en Conseil des ministres et \u00e0 l\u2019Assembl\u00e9e nationale de la Transition (ALT) pour adoption.<\/span><\/strong><br \/><!--more--><\/p>\n<p style=\"text-align: justify;\"><a href=\"https:\/\/latribunedufaso.net\/wp-content\/uploads\/2022\/09\/IMG-20220926-WA0005.jpg\"><img loading=\"lazy\" decoding=\"async\" class=\"size-medium wp-image-6238 alignleft\" src=\"https:\/\/latribunedufaso.net\/wp-content\/uploads\/2022\/09\/IMG-20220926-WA0005-300x225.jpg\" alt=\"\" width=\"300\" height=\"225\" srcset=\"https:\/\/www.latribunedufaso.net\/wp-content\/uploads\/2022\/09\/IMG-20220926-WA0005-300x225.jpg 300w, https:\/\/www.latribunedufaso.net\/wp-content\/uploads\/2022\/09\/IMG-20220926-WA0005-768x576.jpg 768w, https:\/\/www.latribunedufaso.net\/wp-content\/uploads\/2022\/09\/IMG-20220926-WA0005.jpg 1000w\" sizes=\"auto, (max-width: 300px) 100vw, 300px\" \/><\/a>Le Code des personnes et de la famille (CPF) au Burkina Faso est institu\u00e9 par la Zatu n\u00b0 AN VII 0013\/FP\/PRESS du 16 novembre 1989 et entr\u00e9 en vigueur le 04 ao\u00fbt 1990. Depuis lors, la soci\u00e9t\u00e9 burkinab\u00e8 a connu une \u00e9volution multidimensionnelle touchant les questions relatives par exemple \u00e0 la famille, au statut des personnes et l\u2019\u00e9tat civil. En cons\u00e9quence, une r\u00e9forme l\u00e9gislative s\u2019impose.<\/p>\n<p style=\"text-align: justify;\">Pour le ministre de la Justice, Barth\u00e9l\u00e9my K\u00e9r\u00e9, les objectifs de cette r\u00e9forme du CPF sont multiples. D\u2019une part, elle vise \u00e0 combler les insuffisances et corriger les inad\u00e9quations de ce code avec les r\u00e9alit\u00e9s sociales actuelle du pays. D\u2019autre part, il y a la n\u00e9cessit\u00e9 de conformer le cadre juridique du Burkina Faso aux conventions auxquelles il est partie telles que la convention relative aux droits de l\u2019enfant et celle de la Haye.<\/p>\n<p style=\"text-align: justify;\">Le processus de relecture a impliqu\u00e9 diff\u00e9rentes couches socio-professionnelles du pays notamment les acteurs judiciaires, les d\u00e9partements minist\u00e9riels concern\u00e9s, les Organisations de la soci\u00e9t\u00e9 civile (OSC) et les partenaires techniques et financiers. <span style=\"font-size: 1.0625rem;\">Les travaux men\u00e9s en comit\u00e9s sectoriels et en ateliers de relecture avec ces acteurs ont permis de disposer d\u2019un draft d\u2019avant-projet de loi sur le CPF au Burkina Faso dont il faut valider. <\/span><span style=\"font-size: 1.0625rem;\">L\u2019organisation de ce pr\u00e9sent atelier rentre justement dans ce cadre. Pendant 48 heures (26-27 septembre 2022) les participants prendrons connaissance du contenu du document et discuterons des propositions de r\u00e9formes qui y sont introduites.<\/span><\/p>\n<p style=\"text-align: justify;\">Les principales innovations a adopt\u00e9 sont entre autres \u00ab l\u2019\u00e2ge du mariage, la forme du mariage, les droits successoraux des ascendants (p\u00e8re et m\u00e8re), les droits successoraux de la veuve, la transcription des mariages coutumiers et religieux, la nationalit\u00e9 et l\u2019apatridie \u00bb a inform\u00e9 le ministre.<\/p>\n<p style=\"text-align: justify;\"><strong>Issouf Tapsoba<\/strong><br \/><strong>Latribunedufaso.net<\/strong><\/p>\n","protected":false},"excerpt":{"rendered":"<p>Ce 26 septembre 2022, l\u2019atelier de validation de l\u2019avant-projet de loi portant Code des personnes et de la famille au Burkina Faso a ouvert ses portes \u00e0 Ouagadougou. Il est organis\u00e9 par le minist\u00e8re de la Justice et des Droits Humains, charg\u00e9 des relations avec les institutions, Garde des Sceaux. Cette rencontre vise \u00e0 examiner et \u00e0 valider l\u2019avant-projet de loi portant code des personnes et de la famille (CPF) au Burkina Faso avant son introduction en Conseil des ministres et \u00e0 l\u2019Assembl\u00e9e nationale de la Transition (ALT) pour adoption.<\/p>\n","protected":false},"author":2,"featured_media":6237,"comment_status":"open","ping_status":"open","sticky":false,"template":"","format":"standard","meta":{"footnotes":""},"categories":[13,1,8],"tags":[],"class_list":["post-6236","post","type-post","status-publish","format-standard","has-post-thumbnail","hentry","category-une","category-actu","category-societe"],"yoast_head":"<!-- This site is optimized with the Yoast SEO plugin v27.5 - https:\/\/yoast.com\/product\/yoast-seo-wordpress\/ -->\n<title>Code des personnes et de la famille : Les acteurs de la justice et des structures associatives en r\u00e9flexion sur les r\u00e9formes - La Tribune du Faso<\/title>\n<meta name=\"robots\" content=\"index, follow, max-snippet:-1, max-image-preview:large, max-video-preview:-1\" \/>\n<link rel=\"canonical\" href=\"https:\/\/www.latribunedufaso.net\/?p=6236\" \/>\n<meta property=\"og:locale\" content=\"fr_FR\" \/>\n<meta property=\"og:type\" content=\"article\" \/>\n<meta property=\"og:title\" content=\"Code des personnes et de la famille : Les acteurs de la justice et des structures associatives en r\u00e9flexion sur les r\u00e9formes - La Tribune du Faso\" \/>\n<meta property=\"og:description\" content=\"Ce 26 septembre 2022, l\u2019atelier de validation de l\u2019avant-projet de loi portant Code des personnes et de la famille au Burkina Faso a ouvert ses portes \u00e0 Ouagadougou. Il est organis\u00e9 par le minist\u00e8re de la Justice et des Droits Humains, charg\u00e9 des relations avec les institutions, Garde des Sceaux. Cette rencontre vise \u00e0 examiner et \u00e0 valider l\u2019avant-projet de loi portant code des personnes et de la famille (CPF) au Burkina Faso avant son introduction en Conseil des ministres et \u00e0 l\u2019Assembl\u00e9e nationale de la Transition (ALT) pour adoption.\" \/>\n<meta property=\"og:url\" content=\"https:\/\/www.latribunedufaso.net\/?p=6236\" \/>\n<meta property=\"og:site_name\" content=\"La Tribune du Faso\" \/>\n<meta property=\"article:publisher\" content=\"https:\/\/www.facebook.com\/LatribuneduFaso\/\" \/>\n<meta property=\"article:published_time\" content=\"2022-09-26T22:45:59+00:00\" \/>\n<meta property=\"article:modified_time\" content=\"2022-10-19T14:01:14+00:00\" \/>\n<meta property=\"og:image\" content=\"https:\/\/www.latribunedufaso.net\/wp-content\/uploads\/2022\/09\/IMG-20220926-WA0007.jpg\" \/>\n\t<meta property=\"og:image:width\" content=\"1000\" \/>\n\t<meta property=\"og:image:height\" content=\"750\" \/>\n\t<meta property=\"og:image:type\" content=\"image\/jpeg\" \/>\n<meta name=\"author\" content=\"Administrateur\" \/>\n<meta name=\"twitter:label1\" content=\"\u00c9crit par\" \/>\n\t<meta name=\"twitter:data1\" content=\"Administrateur\" \/>\n\t<meta name=\"twitter:label2\" content=\"Dur\u00e9e de lecture estim\u00e9e\" \/>\n\t<meta name=\"twitter:data2\" content=\"2 minutes\" \/>\n<script type=\"application\/ld+json\" class=\"yoast-schema-graph\">{\"@context\":\"https:\\\/\\\/schema.org\",\"@graph\":[{\"@type\":\"Article\",\"@id\":\"https:\\\/\\\/www.latribunedufaso.net\\\/?p=6236#article\",\"isPartOf\":{\"@id\":\"https:\\\/\\\/www.latribunedufaso.net\\\/?p=6236\"},\"author\":{\"name\":\"Administrateur\",\"@id\":\"https:\\\/\\\/www.latribunedufaso.net\\\/#\\\/schema\\\/person\\\/a380782d0605bb8aae27c40ea93b35b1\"},\"headline\":\"Code des personnes et de la famille : Les acteurs de la justice et des structures associatives en r\u00e9flexion sur les r\u00e9formes\",\"datePublished\":\"2022-09-26T22:45:59+00:00\",\"dateModified\":\"2022-10-19T14:01:14+00:00\",\"mainEntityOfPage\":{\"@id\":\"https:\\\/\\\/www.latribunedufaso.net\\\/?p=6236\"},\"wordCount\":426,\"commentCount\":0,\"publisher\":{\"@id\":\"https:\\\/\\\/www.latribunedufaso.net\\\/#organization\"},\"image\":{\"@id\":\"https:\\\/\\\/www.latribunedufaso.net\\\/?p=6236#primaryimage\"},\"thumbnailUrl\":\"https:\\\/\\\/www.latribunedufaso.net\\\/wp-content\\\/uploads\\\/2022\\\/09\\\/IMG-20220926-WA0007.jpg\",\"articleSection\":[\"A la une\",\"Actualit\u00e9\",\"Soci\u00e9t\u00e9\"],\"inLanguage\":\"fr-FR\",\"potentialAction\":[{\"@type\":\"CommentAction\",\"name\":\"Comment\",\"target\":[\"https:\\\/\\\/www.latribunedufaso.net\\\/?p=6236#respond\"]}]},{\"@type\":\"WebPage\",\"@id\":\"https:\\\/\\\/www.latribunedufaso.net\\\/?p=6236\",\"url\":\"https:\\\/\\\/www.latribunedufaso.net\\\/?p=6236\",\"name\":\"Code des personnes et de la famille : Les acteurs de la justice et des structures associatives en r\u00e9flexion sur les r\u00e9formes - La Tribune du Faso\",\"isPartOf\":{\"@id\":\"https:\\\/\\\/www.latribunedufaso.net\\\/#website\"},\"primaryImageOfPage\":{\"@id\":\"https:\\\/\\\/www.latribunedufaso.net\\\/?p=6236#primaryimage\"},\"image\":{\"@id\":\"https:\\\/\\\/www.latribunedufaso.net\\\/?p=6236#primaryimage\"},\"thumbnailUrl\":\"https:\\\/\\\/www.latribunedufaso.net\\\/wp-content\\\/uploads\\\/2022\\\/09\\\/IMG-20220926-WA0007.jpg\",\"datePublished\":\"2022-09-26T22:45:59+00:00\",\"dateModified\":\"2022-10-19T14:01:14+00:00\",\"breadcrumb\":{\"@id\":\"https:\\\/\\\/www.latribunedufaso.net\\\/?p=6236#breadcrumb\"},\"inLanguage\":\"fr-FR\",\"potentialAction\":[{\"@type\":\"ReadAction\",\"target\":[\"https:\\\/\\\/www.latribunedufaso.net\\\/?p=6236\"]}]},{\"@type\":\"ImageObject\",\"inLanguage\":\"fr-FR\",\"@id\":\"https:\\\/\\\/www.latribunedufaso.net\\\/?p=6236#primaryimage\",\"url\":\"https:\\\/\\\/www.latribunedufaso.net\\\/wp-content\\\/uploads\\\/2022\\\/09\\\/IMG-20220926-WA0007.jpg\",\"contentUrl\":\"https:\\\/\\\/www.latribunedufaso.net\\\/wp-content\\\/uploads\\\/2022\\\/09\\\/IMG-20220926-WA0007.jpg\",\"width\":1000,\"height\":750},{\"@type\":\"BreadcrumbList\",\"@id\":\"https:\\\/\\\/www.latribunedufaso.net\\\/?p=6236#breadcrumb\",\"itemListElement\":[{\"@type\":\"ListItem\",\"position\":1,\"name\":\"Accueil\",\"item\":\"https:\\\/\\\/www.latribunedufaso.net\\\/\"},{\"@type\":\"ListItem\",\"position\":2,\"name\":\"Code des personnes et de la famille : Les acteurs de la justice et des structures associatives en r\u00e9flexion sur les r\u00e9formes\"}]},{\"@type\":\"WebSite\",\"@id\":\"https:\\\/\\\/www.latribunedufaso.net\\\/#website\",\"url\":\"https:\\\/\\\/www.latribunedufaso.net\\\/\",\"name\":\"La Tribune du Faso\",\"description\":\"L&#039;information du monde rural en un clic\",\"publisher\":{\"@id\":\"https:\\\/\\\/www.latribunedufaso.net\\\/#organization\"},\"potentialAction\":[{\"@type\":\"SearchAction\",\"target\":{\"@type\":\"EntryPoint\",\"urlTemplate\":\"https:\\\/\\\/www.latribunedufaso.net\\\/?s={search_term_string}\"},\"query-input\":{\"@type\":\"PropertyValueSpecification\",\"valueRequired\":true,\"valueName\":\"search_term_string\"}}],\"inLanguage\":\"fr-FR\"},{\"@type\":\"Organization\",\"@id\":\"https:\\\/\\\/www.latribunedufaso.net\\\/#organization\",\"name\":\"La Tribune du Faso\",\"url\":\"https:\\\/\\\/www.latribunedufaso.net\\\/\",\"logo\":{\"@type\":\"ImageObject\",\"inLanguage\":\"fr-FR\",\"@id\":\"https:\\\/\\\/www.latribunedufaso.net\\\/#\\\/schema\\\/logo\\\/image\\\/\",\"url\":\"https:\\\/\\\/www.latribunedufaso.net\\\/wp-content\\\/uploads\\\/2020\\\/08\\\/Logo-Tribune-du-Faso-final-scaled.jpg\",\"contentUrl\":\"https:\\\/\\\/www.latribunedufaso.net\\\/wp-content\\\/uploads\\\/2020\\\/08\\\/Logo-Tribune-du-Faso-final-scaled.jpg\",\"width\":2560,\"height\":1856,\"caption\":\"La Tribune du Faso\"},\"image\":{\"@id\":\"https:\\\/\\\/www.latribunedufaso.net\\\/#\\\/schema\\\/logo\\\/image\\\/\"},\"sameAs\":[\"https:\\\/\\\/www.facebook.com\\\/LatribuneduFaso\\\/\"]},{\"@type\":\"Person\",\"@id\":\"https:\\\/\\\/www.latribunedufaso.net\\\/#\\\/schema\\\/person\\\/a380782d0605bb8aae27c40ea93b35b1\",\"name\":\"Administrateur\",\"image\":{\"@type\":\"ImageObject\",\"inLanguage\":\"fr-FR\",\"@id\":\"https:\\\/\\\/secure.gravatar.com\\\/avatar\\\/e20266f97d741f0e80ba1f60283074a9b3317fd7bfb727e0d95b51dafbf854a1?s=96&d=mm&r=g\",\"url\":\"https:\\\/\\\/secure.gravatar.com\\\/avatar\\\/e20266f97d741f0e80ba1f60283074a9b3317fd7bfb727e0d95b51dafbf854a1?s=96&d=mm&r=g\",\"contentUrl\":\"https:\\\/\\\/secure.gravatar.com\\\/avatar\\\/e20266f97d741f0e80ba1f60283074a9b3317fd7bfb727e0d95b51dafbf854a1?s=96&d=mm&r=g\",\"caption\":\"Administrateur\"},\"url\":\"https:\\\/\\\/www.latribunedufaso.net\\\/?author=2\"}]}<\/script>\n<!-- \/ Yoast SEO plugin. -->","yoast_head_json":{"title":"Code des personnes et de la famille : Les acteurs de la justice et des structures associatives en r\u00e9flexion sur les r\u00e9formes - La Tribune du Faso","robots":{"index":"index","follow":"follow","max-snippet":"max-snippet:-1","max-image-preview":"max-image-preview:large","max-video-preview":"max-video-preview:-1"},"canonical":"https:\/\/www.latribunedufaso.net\/?p=6236","og_locale":"fr_FR","og_type":"article","og_title":"Code des personnes et de la famille : Les acteurs de la justice et des structures associatives en r\u00e9flexion sur les r\u00e9formes - La Tribune du Faso","og_description":"Ce 26 septembre 2022, l\u2019atelier de validation de l\u2019avant-projet de loi portant Code des personnes et de la famille au Burkina Faso a ouvert ses portes \u00e0 Ouagadougou. Il est organis\u00e9 par le minist\u00e8re de la Justice et des Droits Humains, charg\u00e9 des relations avec les institutions, Garde des Sceaux. Cette rencontre vise \u00e0 examiner et \u00e0 valider l\u2019avant-projet de loi portant code des personnes et de la famille (CPF) au Burkina Faso avant son introduction en Conseil des ministres et \u00e0 l\u2019Assembl\u00e9e nationale de la Transition (ALT) pour adoption.","og_url":"https:\/\/www.latribunedufaso.net\/?p=6236","og_site_name":"La Tribune du Faso","article_publisher":"https:\/\/www.facebook.com\/LatribuneduFaso\/","article_published_time":"2022-09-26T22:45:59+00:00","article_modified_time":"2022-10-19T14:01:14+00:00","og_image":[{"width":1000,"height":750,"url":"https:\/\/www.latribunedufaso.net\/wp-content\/uploads\/2022\/09\/IMG-20220926-WA0007.jpg","type":"image\/jpeg"}],"author":"Administrateur","twitter_misc":{"\u00c9crit par":"Administrateur","Dur\u00e9e de lecture estim\u00e9e":"2 minutes"},"schema":{"@context":"https:\/\/schema.org","@graph":[{"@type":"Article","@id":"https:\/\/www.latribunedufaso.net\/?p=6236#article","isPartOf":{"@id":"https:\/\/www.latribunedufaso.net\/?p=6236"},"author":{"name":"Administrateur","@id":"https:\/\/www.latribunedufaso.net\/#\/schema\/person\/a380782d0605bb8aae27c40ea93b35b1"},"headline":"Code des personnes et de la famille : Les acteurs de la justice et des structures associatives en r\u00e9flexion sur les r\u00e9formes","datePublished":"2022-09-26T22:45:59+00:00","dateModified":"2022-10-19T14:01:14+00:00","mainEntityOfPage":{"@id":"https:\/\/www.latribunedufaso.net\/?p=6236"},"wordCount":426,"commentCount":0,"publisher":{"@id":"https:\/\/www.latribunedufaso.net\/#organization"},"image":{"@id":"https:\/\/www.latribunedufaso.net\/?p=6236#primaryimage"},"thumbnailUrl":"https:\/\/www.latribunedufaso.net\/wp-content\/uploads\/2022\/09\/IMG-20220926-WA0007.jpg","articleSection":["A la une","Actualit\u00e9","Soci\u00e9t\u00e9"],"inLanguage":"fr-FR","potentialAction":[{"@type":"CommentAction","name":"Comment","target":["https:\/\/www.latribunedufaso.net\/?p=6236#respond"]}]},{"@type":"WebPage","@id":"https:\/\/www.latribunedufaso.net\/?p=6236","url":"https:\/\/www.latribunedufaso.net\/?p=6236","name":"Code des personnes et de la famille : Les acteurs de la justice et des structures associatives en r\u00e9flexion sur les r\u00e9formes - La Tribune du Faso","isPartOf":{"@id":"https:\/\/www.latribunedufaso.net\/#website"},"primaryImageOfPage":{"@id":"https:\/\/www.latribunedufaso.net\/?p=6236#primaryimage"},"image":{"@id":"https:\/\/www.latribunedufaso.net\/?p=6236#primaryimage"},"thumbnailUrl":"https:\/\/www.latribunedufaso.net\/wp-content\/uploads\/2022\/09\/IMG-20220926-WA0007.jpg","datePublished":"2022-09-26T22:45:59+00:00","dateModified":"2022-10-19T14:01:14+00:00","breadcrumb":{"@id":"https:\/\/www.latribunedufaso.net\/?p=6236#breadcrumb"},"inLanguage":"fr-FR","potentialAction":[{"@type":"ReadAction","target":["https:\/\/www.latribunedufaso.net\/?p=6236"]}]},{"@type":"ImageObject","inLanguage":"fr-FR","@id":"https:\/\/www.latribunedufaso.net\/?p=6236#primaryimage","url":"https:\/\/www.latribunedufaso.net\/wp-content\/uploads\/2022\/09\/IMG-20220926-WA0007.jpg","contentUrl":"https:\/\/www.latribunedufaso.net\/wp-content\/uploads\/2022\/09\/IMG-20220926-WA0007.jpg","width":1000,"height":750},{"@type":"BreadcrumbList","@id":"https:\/\/www.latribunedufaso.net\/?p=6236#breadcrumb","itemListElement":[{"@type":"ListItem","position":1,"name":"Accueil","item":"https:\/\/www.latribunedufaso.net\/"},{"@type":"ListItem","position":2,"name":"Code des personnes et de la famille : Les acteurs de la justice et des structures associatives en r\u00e9flexion sur les r\u00e9formes"}]},{"@type":"WebSite","@id":"https:\/\/www.latribunedufaso.net\/#website","url":"https:\/\/www.latribunedufaso.net\/","name":"La Tribune du Faso","description":"L&#039;information du monde rural en un clic","publisher":{"@id":"https:\/\/www.latribunedufaso.net\/#organization"},"potentialAction":[{"@type":"SearchAction","target":{"@type":"EntryPoint","urlTemplate":"https:\/\/www.latribunedufaso.net\/?s={search_term_string}"},"query-input":{"@type":"PropertyValueSpecification","valueRequired":true,"valueName":"search_term_string"}}],"inLanguage":"fr-FR"},{"@type":"Organization","@id":"https:\/\/www.latribunedufaso.net\/#organization","name":"La Tribune du Faso","url":"https:\/\/www.latribunedufaso.net\/","logo":{"@type":"ImageObject","inLanguage":"fr-FR","@id":"https:\/\/www.latribunedufaso.net\/#\/schema\/logo\/image\/","url":"https:\/\/www.latribunedufaso.net\/wp-content\/uploads\/2020\/08\/Logo-Tribune-du-Faso-final-scaled.jpg","contentUrl":"https:\/\/www.latribunedufaso.net\/wp-content\/uploads\/2020\/08\/Logo-Tribune-du-Faso-final-scaled.jpg","width":2560,"height":1856,"caption":"La Tribune du Faso"},"image":{"@id":"https:\/\/www.latribunedufaso.net\/#\/schema\/logo\/image\/"},"sameAs":["https:\/\/www.facebook.com\/LatribuneduFaso\/"]},{"@type":"Person","@id":"https:\/\/www.latribunedufaso.net\/#\/schema\/person\/a380782d0605bb8aae27c40ea93b35b1","name":"Administrateur","image":{"@type":"ImageObject","inLanguage":"fr-FR","@id":"https:\/\/secure.gravatar.com\/avatar\/e20266f97d741f0e80ba1f60283074a9b3317fd7bfb727e0d95b51dafbf854a1?s=96&d=mm&r=g","url":"https:\/\/secure.gravatar.com\/avatar\/e20266f97d741f0e80ba1f60283074a9b3317fd7bfb727e0d95b51dafbf854a1?s=96&d=mm&r=g","contentUrl":"https:\/\/secure.gravatar.com\/avatar\/e20266f97d741f0e80ba1f60283074a9b3317fd7bfb727e0d95b51dafbf854a1?s=96&d=mm&r=g","caption":"Administrateur"},"url":"https:\/\/www.latribunedufaso.net\/?author=2"}]}},"_links":{"self":[{"href":"https:\/\/www.latribunedufaso.net\/index.php?rest_route=\/wp\/v2\/posts\/6236","targetHints":{"allow":["GET"]}}],"collection":[{"href":"https:\/\/www.latribunedufaso.net\/index.php?rest_route=\/wp\/v2\/posts"}],"about":[{"href":"https:\/\/www.latribunedufaso.net\/index.php?rest_route=\/wp\/v2\/types\/post"}],"author":[{"embeddable":true,"href":"https:\/\/www.latribunedufaso.net\/index.php?rest_route=\/wp\/v2\/users\/2"}],"replies":[{"embeddable":true,"href":"https:\/\/www.latribunedufaso.net\/index.php?rest_route=%2Fwp%2Fv2%2Fcomments&post=6236"}],"version-history":[{"count":1,"href":"https:\/\/www.latribunedufaso.net\/index.php?rest_route=\/wp\/v2\/posts\/6236\/revisions"}],"predecessor-version":[{"id":6239,"href":"https:\/\/www.latribunedufaso.net\/index.php?rest_route=\/wp\/v2\/posts\/6236\/revisions\/6239"}],"wp:featuredmedia":[{"embeddable":true,"href":"https:\/\/www.latribunedufaso.net\/index.php?rest_route=\/wp\/v2\/media\/6237"}],"wp:attachment":[{"href":"https:\/\/www.latribunedufaso.net\/index.php?rest_route=%2Fwp%2Fv2%2Fmedia&parent=6236"}],"wp:term":[{"taxonomy":"category","embeddable":true,"href":"https:\/\/www.latribunedufaso.net\/index.php?rest_route=%2Fwp%2Fv2%2Fcategories&post=6236"},{"taxonomy":"post_tag","embeddable":true,"href":"https:\/\/www.latribunedufaso.net\/index.php?rest_route=%2Fwp%2Fv2%2Ftags&post=6236"}],"curies":[{"name":"wp","href":"https:\/\/api.w.org\/{rel}","templated":true}]}}