{"id":6110,"date":"2022-08-02T18:22:06","date_gmt":"2022-08-02T18:22:06","guid":{"rendered":"https:\/\/www.latribunedufaso.net\/?p=6110"},"modified":"2022-08-03T13:32:18","modified_gmt":"2022-08-03T13:32:18","slug":"camp-basket-iamgold-essakane-contribue-a-lepanouissement-des-jeunes","status":"publish","type":"post","link":"https:\/\/www.latribunedufaso.net\/?p=6110","title":{"rendered":"Camp basket : IAMGOLD Essakane contribue \u00e0 l\u2019\u00e9panouissement des jeunes"},"content":{"rendered":"<p style=\"text-align: justify;\"><strong><span style=\"font-size: 1.0625rem;\">En partenariat avec la fondation Giants of Africa (GOA), IAMGOLD Essakane SA a fait le lancement d\u2019un camp de basketball le 02 ao\u00fbt 2022 dans la ville de Ouagadougou. Cette activit\u00e9 a pour but de contribuer \u00e0 l\u2019\u00e9ducation et \u00e0 l\u2019\u00e9panouissement de la jeunesse africaine \u00e0 travers la pratique du basketball.\u00a0<\/span><\/strong><br \/><!--more--><\/p>\n<p style=\"text-align: justify;\"><a href=\"https:\/\/latribunedufaso.net\/wp-content\/uploads\/2022\/08\/IMG_20220802_103053_554-scaled.jpg\"><img loading=\"lazy\" decoding=\"async\" class=\"size-medium wp-image-6115 alignleft\" src=\"https:\/\/latribunedufaso.net\/wp-content\/uploads\/2022\/08\/IMG_20220802_103053_554-300x225.jpg\" alt=\"\" width=\"300\" height=\"225\" srcset=\"https:\/\/www.latribunedufaso.net\/wp-content\/uploads\/2022\/08\/IMG_20220802_103053_554-300x225.jpg 300w, https:\/\/www.latribunedufaso.net\/wp-content\/uploads\/2022\/08\/IMG_20220802_103053_554-1024x768.jpg 1024w, https:\/\/www.latribunedufaso.net\/wp-content\/uploads\/2022\/08\/IMG_20220802_103053_554-768x576.jpg 768w, https:\/\/www.latribunedufaso.net\/wp-content\/uploads\/2022\/08\/IMG_20220802_103053_554-1536x1152.jpg 1536w, https:\/\/www.latribunedufaso.net\/wp-content\/uploads\/2022\/08\/IMG_20220802_103053_554-2048x1536.jpg 2048w\" sizes=\"auto, (max-width: 300px) 100vw, 300px\" \/><\/a>Ce partenariat entre IAMGOLD et GOA pr\u00e9voit faire une tradition l\u2019organisation de ce camp vacance de basketball au profit des jeunes du Burkina Faso. L\u2019\u00e9dition de 2022 est pr\u00e9vue se tenir du 02 au 03 ao\u00fbt 2022 sur le Plateau sportif de la maison des jeunes et de la culture de Ouagadougou (MJCO).\u00a0 <span style=\"font-size: 1.0625rem;\">Cent (100) jeunes seront concern\u00e9s par cette activit\u00e9. Il s\u2019agit de 50 jeunes de la ville et 50 jeunes s\u00e9lectionn\u00e9s par la F\u00e9d\u00e9ration burkinab\u00e8 de basketball.\u00a0\u00a0<\/span><\/p>\n<p style=\"text-align: justify;\"><a href=\"https:\/\/latribunedufaso.net\/wp-content\/uploads\/2022\/08\/IMG_20220802_103033_623-scaled.jpg\"><img loading=\"lazy\" decoding=\"async\" class=\"size-medium wp-image-6114 aligncenter\" src=\"https:\/\/latribunedufaso.net\/wp-content\/uploads\/2022\/08\/IMG_20220802_103033_623-300x225.jpg\" alt=\"\" width=\"300\" height=\"225\" srcset=\"https:\/\/www.latribunedufaso.net\/wp-content\/uploads\/2022\/08\/IMG_20220802_103033_623-300x225.jpg 300w, https:\/\/www.latribunedufaso.net\/wp-content\/uploads\/2022\/08\/IMG_20220802_103033_623-1024x768.jpg 1024w, https:\/\/www.latribunedufaso.net\/wp-content\/uploads\/2022\/08\/IMG_20220802_103033_623-768x576.jpg 768w, https:\/\/www.latribunedufaso.net\/wp-content\/uploads\/2022\/08\/IMG_20220802_103033_623-1536x1152.jpg 1536w, https:\/\/www.latribunedufaso.net\/wp-content\/uploads\/2022\/08\/IMG_20220802_103033_623-2048x1536.jpg 2048w\" sizes=\"auto, (max-width: 300px) 100vw, 300px\" \/><\/a>\u00ab\u00a0Durant deux (02) jours, les jeunes s\u00e9lectionn\u00e9s b\u00e9n\u00e9ficieront d\u2019un accompagnement des moniteurs et des entra\u00eeneurs de niveau international en collaboration avec les autorit\u00e9s et les entra\u00eeneurs locaux\u00a0\u00bb a expliqu\u00e9 le Directeur pays par int\u00e9rim de IMAGOLD Essakane SA, Souleymane Boly.\u00a0<\/p>\n<p style=\"text-align: justify;\">La particularit\u00e9 des camps de basketball initi\u00e9s par GOA est qu\u2019en plus du d\u00e9veloppement des comp\u00e9tences en basketball, les jeunes b\u00e9n\u00e9ficient d\u2019une formation en leadership et en comp\u00e9tences de vie.\u00a0<\/p>\n<p style=\"text-align: justify;\"><a href=\"https:\/\/latribunedufaso.net\/wp-content\/uploads\/2022\/08\/IMG_20220802_103314_227-scaled.jpg\"><img loading=\"lazy\" decoding=\"async\" class=\"size-medium wp-image-6112 aligncenter\" src=\"https:\/\/latribunedufaso.net\/wp-content\/uploads\/2022\/08\/IMG_20220802_103314_227-300x225.jpg\" alt=\"\" width=\"300\" height=\"225\" srcset=\"https:\/\/www.latribunedufaso.net\/wp-content\/uploads\/2022\/08\/IMG_20220802_103314_227-300x225.jpg 300w, https:\/\/www.latribunedufaso.net\/wp-content\/uploads\/2022\/08\/IMG_20220802_103314_227-1024x768.jpg 1024w, https:\/\/www.latribunedufaso.net\/wp-content\/uploads\/2022\/08\/IMG_20220802_103314_227-768x576.jpg 768w, https:\/\/www.latribunedufaso.net\/wp-content\/uploads\/2022\/08\/IMG_20220802_103314_227-1536x1152.jpg 1536w, https:\/\/www.latribunedufaso.net\/wp-content\/uploads\/2022\/08\/IMG_20220802_103314_227-2048x1536.jpg 2048w\" sizes=\"auto, (max-width: 300px) 100vw, 300px\" \/><\/a>\u00ab\u00a0On va apprendre aux jeunes l\u2019esprit de la vie en communaut\u00e9 et l\u2019esprit du vivre ensemble \u00e0 travers le basketball. Ils apprendront \u00e9galement des techniques de basketball. Aussi, Avec la pr\u00e9sence des coachs de plusieurs nationalit\u00e9s, les coachs locaux pourront renforcer leur capacit\u00e9s\u00a0\u00bb a indiqu\u00e9 le coach de GOT, Abel Nson, avant d\u2019ajouter que ces jeunes apprendrons aussi a concilier le sport et les \u00e9tudes et \u00e0 se fixer des objectifs dans la vie et \u00e0 \u00e9laborer un plan de vie pour l\u2019atteindre.<\/p>\n<p style=\"text-align: justify;\"><a href=\"https:\/\/latribunedufaso.net\/wp-content\/uploads\/2022\/08\/IMG_20220802_103534_155-scaled.jpg\"><img loading=\"lazy\" decoding=\"async\" class=\"size-medium wp-image-6113 aligncenter\" src=\"https:\/\/latribunedufaso.net\/wp-content\/uploads\/2022\/08\/IMG_20220802_103534_155-300x225.jpg\" alt=\"\" width=\"300\" height=\"225\" srcset=\"https:\/\/www.latribunedufaso.net\/wp-content\/uploads\/2022\/08\/IMG_20220802_103534_155-300x225.jpg 300w, https:\/\/www.latribunedufaso.net\/wp-content\/uploads\/2022\/08\/IMG_20220802_103534_155-1024x768.jpg 1024w, https:\/\/www.latribunedufaso.net\/wp-content\/uploads\/2022\/08\/IMG_20220802_103534_155-768x576.jpg 768w, https:\/\/www.latribunedufaso.net\/wp-content\/uploads\/2022\/08\/IMG_20220802_103534_155-1536x1152.jpg 1536w, https:\/\/www.latribunedufaso.net\/wp-content\/uploads\/2022\/08\/IMG_20220802_103534_155-2048x1536.jpg 2048w\" sizes=\"auto, (max-width: 300px) 100vw, 300px\" \/><\/a>Le repr\u00e9sentant de la d\u00e9l\u00e9gation sp\u00e9ciale de la commune de Ouagadougou, Victorien Yelyaor\u00e9, accueille \u00e0 bras ouverts l\u2019organisation de cette activit\u00e9 dans la capitale burkinab\u00e8. Lors de ce camp, a-t-il ajout\u00e9, il y aura une s\u00e9lection et ceux qui seront retenus pourront participer aux camps \u00e0 venir de la fondation.\u00a0<\/p>\n<p style=\"text-align: justify;\">En rappel, cette activit\u00e9 entre dans le cadre de la politique d\u00e9veloppement des actions et programmes \u00e0 impact positif et durable de IAMGOLD Corporation dans les pays o\u00f9 elle est implant\u00e9e. Pour se faire, elle a sign\u00e9 un accord de partenariat avec la fondation GOA pour la mise en place de cadres sportifs de basketball dans trois (03) pays h\u00f4tes d\u2019Afrique dont le Burkina Faso.<\/p>\n<p style=\"text-align: justify;\"><strong>Issouf Tapsoba<\/strong><\/p>\n<p style=\"text-align: justify;\"><strong>Latribunedufaso.net<\/strong><\/p>\n","protected":false},"excerpt":{"rendered":"<p>En partenariat avec la fondation Giants of Africa (GOA), IAMGOLD Essakane SA a fait le lancement d\u2019un camp de basketball le 02 ao\u00fbt 2022 dans la ville de Ouagadougou. Cette activit\u00e9 a pour but de contribuer \u00e0 l\u2019\u00e9ducation et \u00e0 l\u2019\u00e9panouissement de la jeunesse africaine \u00e0 travers la pratique du basketball.\u00a0<\/p>\n","protected":false},"author":2,"featured_media":6111,"comment_status":"open","ping_status":"open","sticky":false,"template":"","format":"standard","meta":{"footnotes":""},"categories":[13,1,19,17],"tags":[],"class_list":["post-6110","post","type-post","status-publish","format-standard","has-post-thumbnail","hentry","category-une","category-actu","category-mines-et-carrieres","category-sport"],"yoast_head":"<!-- This site is optimized with the Yoast SEO plugin v27.5 - https:\/\/yoast.com\/product\/yoast-seo-wordpress\/ -->\n<title>Camp basket : IAMGOLD Essakane contribue \u00e0 l\u2019\u00e9panouissement des jeunes - La Tribune du Faso<\/title>\n<meta name=\"robots\" content=\"index, follow, max-snippet:-1, max-image-preview:large, max-video-preview:-1\" \/>\n<link rel=\"canonical\" href=\"https:\/\/www.latribunedufaso.net\/?p=6110\" \/>\n<meta property=\"og:locale\" content=\"fr_FR\" \/>\n<meta property=\"og:type\" content=\"article\" \/>\n<meta property=\"og:title\" content=\"Camp basket : IAMGOLD Essakane contribue \u00e0 l\u2019\u00e9panouissement des jeunes - La Tribune du Faso\" \/>\n<meta property=\"og:description\" content=\"En partenariat avec la fondation Giants of Africa (GOA), IAMGOLD Essakane SA a fait le lancement d\u2019un camp de basketball le 02 ao\u00fbt 2022 dans la ville de Ouagadougou. Cette activit\u00e9 a pour but de contribuer \u00e0 l\u2019\u00e9ducation et \u00e0 l\u2019\u00e9panouissement de la jeunesse africaine \u00e0 travers la pratique du basketball.\u00a0\" \/>\n<meta property=\"og:url\" content=\"https:\/\/www.latribunedufaso.net\/?p=6110\" \/>\n<meta property=\"og:site_name\" content=\"La Tribune du Faso\" \/>\n<meta property=\"article:publisher\" content=\"https:\/\/www.facebook.com\/LatribuneduFaso\/\" \/>\n<meta property=\"article:published_time\" content=\"2022-08-02T18:22:06+00:00\" \/>\n<meta property=\"article:modified_time\" content=\"2022-08-03T13:32:18+00:00\" \/>\n<meta property=\"og:image\" content=\"https:\/\/www.latribunedufaso.net\/wp-content\/uploads\/2022\/08\/IMG_20220802_105923_8.jpg\" \/>\n\t<meta property=\"og:image:width\" content=\"1920\" \/>\n\t<meta property=\"og:image:height\" content=\"1080\" \/>\n\t<meta property=\"og:image:type\" content=\"image\/jpeg\" \/>\n<meta name=\"author\" content=\"Administrateur\" \/>\n<meta name=\"twitter:label1\" content=\"\u00c9crit par\" \/>\n\t<meta name=\"twitter:data1\" content=\"Administrateur\" \/>\n\t<meta name=\"twitter:label2\" content=\"Dur\u00e9e de lecture estim\u00e9e\" \/>\n\t<meta name=\"twitter:data2\" content=\"2 minutes\" \/>\n<script type=\"application\/ld+json\" class=\"yoast-schema-graph\">{\"@context\":\"https:\\\/\\\/schema.org\",\"@graph\":[{\"@type\":\"Article\",\"@id\":\"https:\\\/\\\/www.latribunedufaso.net\\\/?p=6110#article\",\"isPartOf\":{\"@id\":\"https:\\\/\\\/www.latribunedufaso.net\\\/?p=6110\"},\"author\":{\"name\":\"Administrateur\",\"@id\":\"https:\\\/\\\/www.latribunedufaso.net\\\/#\\\/schema\\\/person\\\/a380782d0605bb8aae27c40ea93b35b1\"},\"headline\":\"Camp basket : IAMGOLD Essakane contribue \u00e0 l\u2019\u00e9panouissement des jeunes\",\"datePublished\":\"2022-08-02T18:22:06+00:00\",\"dateModified\":\"2022-08-03T13:32:18+00:00\",\"mainEntityOfPage\":{\"@id\":\"https:\\\/\\\/www.latribunedufaso.net\\\/?p=6110\"},\"wordCount\":440,\"commentCount\":0,\"publisher\":{\"@id\":\"https:\\\/\\\/www.latribunedufaso.net\\\/#organization\"},\"image\":{\"@id\":\"https:\\\/\\\/www.latribunedufaso.net\\\/?p=6110#primaryimage\"},\"thumbnailUrl\":\"https:\\\/\\\/www.latribunedufaso.net\\\/wp-content\\\/uploads\\\/2022\\\/08\\\/IMG_20220802_105923_8.jpg\",\"articleSection\":[\"A la une\",\"Actualit\u00e9\",\"Mines et Carri\u00e8res\",\"Sport\"],\"inLanguage\":\"fr-FR\",\"potentialAction\":[{\"@type\":\"CommentAction\",\"name\":\"Comment\",\"target\":[\"https:\\\/\\\/www.latribunedufaso.net\\\/?p=6110#respond\"]}]},{\"@type\":\"WebPage\",\"@id\":\"https:\\\/\\\/www.latribunedufaso.net\\\/?p=6110\",\"url\":\"https:\\\/\\\/www.latribunedufaso.net\\\/?p=6110\",\"name\":\"Camp basket : IAMGOLD Essakane contribue \u00e0 l\u2019\u00e9panouissement des jeunes - La Tribune du Faso\",\"isPartOf\":{\"@id\":\"https:\\\/\\\/www.latribunedufaso.net\\\/#website\"},\"primaryImageOfPage\":{\"@id\":\"https:\\\/\\\/www.latribunedufaso.net\\\/?p=6110#primaryimage\"},\"image\":{\"@id\":\"https:\\\/\\\/www.latribunedufaso.net\\\/?p=6110#primaryimage\"},\"thumbnailUrl\":\"https:\\\/\\\/www.latribunedufaso.net\\\/wp-content\\\/uploads\\\/2022\\\/08\\\/IMG_20220802_105923_8.jpg\",\"datePublished\":\"2022-08-02T18:22:06+00:00\",\"dateModified\":\"2022-08-03T13:32:18+00:00\",\"breadcrumb\":{\"@id\":\"https:\\\/\\\/www.latribunedufaso.net\\\/?p=6110#breadcrumb\"},\"inLanguage\":\"fr-FR\",\"potentialAction\":[{\"@type\":\"ReadAction\",\"target\":[\"https:\\\/\\\/www.latribunedufaso.net\\\/?p=6110\"]}]},{\"@type\":\"ImageObject\",\"inLanguage\":\"fr-FR\",\"@id\":\"https:\\\/\\\/www.latribunedufaso.net\\\/?p=6110#primaryimage\",\"url\":\"https:\\\/\\\/www.latribunedufaso.net\\\/wp-content\\\/uploads\\\/2022\\\/08\\\/IMG_20220802_105923_8.jpg\",\"contentUrl\":\"https:\\\/\\\/www.latribunedufaso.net\\\/wp-content\\\/uploads\\\/2022\\\/08\\\/IMG_20220802_105923_8.jpg\",\"width\":1920,\"height\":1080},{\"@type\":\"BreadcrumbList\",\"@id\":\"https:\\\/\\\/www.latribunedufaso.net\\\/?p=6110#breadcrumb\",\"itemListElement\":[{\"@type\":\"ListItem\",\"position\":1,\"name\":\"Accueil\",\"item\":\"https:\\\/\\\/www.latribunedufaso.net\\\/\"},{\"@type\":\"ListItem\",\"position\":2,\"name\":\"Camp basket : IAMGOLD Essakane contribue \u00e0 l\u2019\u00e9panouissement des jeunes\"}]},{\"@type\":\"WebSite\",\"@id\":\"https:\\\/\\\/www.latribunedufaso.net\\\/#website\",\"url\":\"https:\\\/\\\/www.latribunedufaso.net\\\/\",\"name\":\"La Tribune du Faso\",\"description\":\"L&#039;information du monde rural en un clic\",\"publisher\":{\"@id\":\"https:\\\/\\\/www.latribunedufaso.net\\\/#organization\"},\"potentialAction\":[{\"@type\":\"SearchAction\",\"target\":{\"@type\":\"EntryPoint\",\"urlTemplate\":\"https:\\\/\\\/www.latribunedufaso.net\\\/?s={search_term_string}\"},\"query-input\":{\"@type\":\"PropertyValueSpecification\",\"valueRequired\":true,\"valueName\":\"search_term_string\"}}],\"inLanguage\":\"fr-FR\"},{\"@type\":\"Organization\",\"@id\":\"https:\\\/\\\/www.latribunedufaso.net\\\/#organization\",\"name\":\"La Tribune du Faso\",\"url\":\"https:\\\/\\\/www.latribunedufaso.net\\\/\",\"logo\":{\"@type\":\"ImageObject\",\"inLanguage\":\"fr-FR\",\"@id\":\"https:\\\/\\\/www.latribunedufaso.net\\\/#\\\/schema\\\/logo\\\/image\\\/\",\"url\":\"https:\\\/\\\/www.latribunedufaso.net\\\/wp-content\\\/uploads\\\/2020\\\/08\\\/Logo-Tribune-du-Faso-final-scaled.jpg\",\"contentUrl\":\"https:\\\/\\\/www.latribunedufaso.net\\\/wp-content\\\/uploads\\\/2020\\\/08\\\/Logo-Tribune-du-Faso-final-scaled.jpg\",\"width\":2560,\"height\":1856,\"caption\":\"La Tribune du Faso\"},\"image\":{\"@id\":\"https:\\\/\\\/www.latribunedufaso.net\\\/#\\\/schema\\\/logo\\\/image\\\/\"},\"sameAs\":[\"https:\\\/\\\/www.facebook.com\\\/LatribuneduFaso\\\/\"]},{\"@type\":\"Person\",\"@id\":\"https:\\\/\\\/www.latribunedufaso.net\\\/#\\\/schema\\\/person\\\/a380782d0605bb8aae27c40ea93b35b1\",\"name\":\"Administrateur\",\"image\":{\"@type\":\"ImageObject\",\"inLanguage\":\"fr-FR\",\"@id\":\"https:\\\/\\\/secure.gravatar.com\\\/avatar\\\/e20266f97d741f0e80ba1f60283074a9b3317fd7bfb727e0d95b51dafbf854a1?s=96&d=mm&r=g\",\"url\":\"https:\\\/\\\/secure.gravatar.com\\\/avatar\\\/e20266f97d741f0e80ba1f60283074a9b3317fd7bfb727e0d95b51dafbf854a1?s=96&d=mm&r=g\",\"contentUrl\":\"https:\\\/\\\/secure.gravatar.com\\\/avatar\\\/e20266f97d741f0e80ba1f60283074a9b3317fd7bfb727e0d95b51dafbf854a1?s=96&d=mm&r=g\",\"caption\":\"Administrateur\"},\"url\":\"https:\\\/\\\/www.latribunedufaso.net\\\/?author=2\"}]}<\/script>\n<!-- \/ Yoast SEO plugin. -->","yoast_head_json":{"title":"Camp basket : IAMGOLD Essakane contribue \u00e0 l\u2019\u00e9panouissement des jeunes - La Tribune du Faso","robots":{"index":"index","follow":"follow","max-snippet":"max-snippet:-1","max-image-preview":"max-image-preview:large","max-video-preview":"max-video-preview:-1"},"canonical":"https:\/\/www.latribunedufaso.net\/?p=6110","og_locale":"fr_FR","og_type":"article","og_title":"Camp basket : IAMGOLD Essakane contribue \u00e0 l\u2019\u00e9panouissement des jeunes - La Tribune du Faso","og_description":"En partenariat avec la fondation Giants of Africa (GOA), IAMGOLD Essakane SA a fait le lancement d\u2019un camp de basketball le 02 ao\u00fbt 2022 dans la ville de Ouagadougou. Cette activit\u00e9 a pour but de contribuer \u00e0 l\u2019\u00e9ducation et \u00e0 l\u2019\u00e9panouissement de la jeunesse africaine \u00e0 travers la pratique du basketball.\u00a0","og_url":"https:\/\/www.latribunedufaso.net\/?p=6110","og_site_name":"La Tribune du Faso","article_publisher":"https:\/\/www.facebook.com\/LatribuneduFaso\/","article_published_time":"2022-08-02T18:22:06+00:00","article_modified_time":"2022-08-03T13:32:18+00:00","og_image":[{"width":1920,"height":1080,"url":"https:\/\/www.latribunedufaso.net\/wp-content\/uploads\/2022\/08\/IMG_20220802_105923_8.jpg","type":"image\/jpeg"}],"author":"Administrateur","twitter_misc":{"\u00c9crit par":"Administrateur","Dur\u00e9e de lecture estim\u00e9e":"2 minutes"},"schema":{"@context":"https:\/\/schema.org","@graph":[{"@type":"Article","@id":"https:\/\/www.latribunedufaso.net\/?p=6110#article","isPartOf":{"@id":"https:\/\/www.latribunedufaso.net\/?p=6110"},"author":{"name":"Administrateur","@id":"https:\/\/www.latribunedufaso.net\/#\/schema\/person\/a380782d0605bb8aae27c40ea93b35b1"},"headline":"Camp basket : IAMGOLD Essakane contribue \u00e0 l\u2019\u00e9panouissement des jeunes","datePublished":"2022-08-02T18:22:06+00:00","dateModified":"2022-08-03T13:32:18+00:00","mainEntityOfPage":{"@id":"https:\/\/www.latribunedufaso.net\/?p=6110"},"wordCount":440,"commentCount":0,"publisher":{"@id":"https:\/\/www.latribunedufaso.net\/#organization"},"image":{"@id":"https:\/\/www.latribunedufaso.net\/?p=6110#primaryimage"},"thumbnailUrl":"https:\/\/www.latribunedufaso.net\/wp-content\/uploads\/2022\/08\/IMG_20220802_105923_8.jpg","articleSection":["A la une","Actualit\u00e9","Mines et Carri\u00e8res","Sport"],"inLanguage":"fr-FR","potentialAction":[{"@type":"CommentAction","name":"Comment","target":["https:\/\/www.latribunedufaso.net\/?p=6110#respond"]}]},{"@type":"WebPage","@id":"https:\/\/www.latribunedufaso.net\/?p=6110","url":"https:\/\/www.latribunedufaso.net\/?p=6110","name":"Camp basket : IAMGOLD Essakane contribue \u00e0 l\u2019\u00e9panouissement des jeunes - La Tribune du Faso","isPartOf":{"@id":"https:\/\/www.latribunedufaso.net\/#website"},"primaryImageOfPage":{"@id":"https:\/\/www.latribunedufaso.net\/?p=6110#primaryimage"},"image":{"@id":"https:\/\/www.latribunedufaso.net\/?p=6110#primaryimage"},"thumbnailUrl":"https:\/\/www.latribunedufaso.net\/wp-content\/uploads\/2022\/08\/IMG_20220802_105923_8.jpg","datePublished":"2022-08-02T18:22:06+00:00","dateModified":"2022-08-03T13:32:18+00:00","breadcrumb":{"@id":"https:\/\/www.latribunedufaso.net\/?p=6110#breadcrumb"},"inLanguage":"fr-FR","potentialAction":[{"@type":"ReadAction","target":["https:\/\/www.latribunedufaso.net\/?p=6110"]}]},{"@type":"ImageObject","inLanguage":"fr-FR","@id":"https:\/\/www.latribunedufaso.net\/?p=6110#primaryimage","url":"https:\/\/www.latribunedufaso.net\/wp-content\/uploads\/2022\/08\/IMG_20220802_105923_8.jpg","contentUrl":"https:\/\/www.latribunedufaso.net\/wp-content\/uploads\/2022\/08\/IMG_20220802_105923_8.jpg","width":1920,"height":1080},{"@type":"BreadcrumbList","@id":"https:\/\/www.latribunedufaso.net\/?p=6110#breadcrumb","itemListElement":[{"@type":"ListItem","position":1,"name":"Accueil","item":"https:\/\/www.latribunedufaso.net\/"},{"@type":"ListItem","position":2,"name":"Camp basket : IAMGOLD Essakane contribue \u00e0 l\u2019\u00e9panouissement des jeunes"}]},{"@type":"WebSite","@id":"https:\/\/www.latribunedufaso.net\/#website","url":"https:\/\/www.latribunedufaso.net\/","name":"La Tribune du Faso","description":"L&#039;information du monde rural en un clic","publisher":{"@id":"https:\/\/www.latribunedufaso.net\/#organization"},"potentialAction":[{"@type":"SearchAction","target":{"@type":"EntryPoint","urlTemplate":"https:\/\/www.latribunedufaso.net\/?s={search_term_string}"},"query-input":{"@type":"PropertyValueSpecification","valueRequired":true,"valueName":"search_term_string"}}],"inLanguage":"fr-FR"},{"@type":"Organization","@id":"https:\/\/www.latribunedufaso.net\/#organization","name":"La Tribune du Faso","url":"https:\/\/www.latribunedufaso.net\/","logo":{"@type":"ImageObject","inLanguage":"fr-FR","@id":"https:\/\/www.latribunedufaso.net\/#\/schema\/logo\/image\/","url":"https:\/\/www.latribunedufaso.net\/wp-content\/uploads\/2020\/08\/Logo-Tribune-du-Faso-final-scaled.jpg","contentUrl":"https:\/\/www.latribunedufaso.net\/wp-content\/uploads\/2020\/08\/Logo-Tribune-du-Faso-final-scaled.jpg","width":2560,"height":1856,"caption":"La Tribune du Faso"},"image":{"@id":"https:\/\/www.latribunedufaso.net\/#\/schema\/logo\/image\/"},"sameAs":["https:\/\/www.facebook.com\/LatribuneduFaso\/"]},{"@type":"Person","@id":"https:\/\/www.latribunedufaso.net\/#\/schema\/person\/a380782d0605bb8aae27c40ea93b35b1","name":"Administrateur","image":{"@type":"ImageObject","inLanguage":"fr-FR","@id":"https:\/\/secure.gravatar.com\/avatar\/e20266f97d741f0e80ba1f60283074a9b3317fd7bfb727e0d95b51dafbf854a1?s=96&d=mm&r=g","url":"https:\/\/secure.gravatar.com\/avatar\/e20266f97d741f0e80ba1f60283074a9b3317fd7bfb727e0d95b51dafbf854a1?s=96&d=mm&r=g","contentUrl":"https:\/\/secure.gravatar.com\/avatar\/e20266f97d741f0e80ba1f60283074a9b3317fd7bfb727e0d95b51dafbf854a1?s=96&d=mm&r=g","caption":"Administrateur"},"url":"https:\/\/www.latribunedufaso.net\/?author=2"}]}},"_links":{"self":[{"href":"https:\/\/www.latribunedufaso.net\/index.php?rest_route=\/wp\/v2\/posts\/6110","targetHints":{"allow":["GET"]}}],"collection":[{"href":"https:\/\/www.latribunedufaso.net\/index.php?rest_route=\/wp\/v2\/posts"}],"about":[{"href":"https:\/\/www.latribunedufaso.net\/index.php?rest_route=\/wp\/v2\/types\/post"}],"author":[{"embeddable":true,"href":"https:\/\/www.latribunedufaso.net\/index.php?rest_route=\/wp\/v2\/users\/2"}],"replies":[{"embeddable":true,"href":"https:\/\/www.latribunedufaso.net\/index.php?rest_route=%2Fwp%2Fv2%2Fcomments&post=6110"}],"version-history":[{"count":1,"href":"https:\/\/www.latribunedufaso.net\/index.php?rest_route=\/wp\/v2\/posts\/6110\/revisions"}],"predecessor-version":[{"id":6116,"href":"https:\/\/www.latribunedufaso.net\/index.php?rest_route=\/wp\/v2\/posts\/6110\/revisions\/6116"}],"wp:featuredmedia":[{"embeddable":true,"href":"https:\/\/www.latribunedufaso.net\/index.php?rest_route=\/wp\/v2\/media\/6111"}],"wp:attachment":[{"href":"https:\/\/www.latribunedufaso.net\/index.php?rest_route=%2Fwp%2Fv2%2Fmedia&parent=6110"}],"wp:term":[{"taxonomy":"category","embeddable":true,"href":"https:\/\/www.latribunedufaso.net\/index.php?rest_route=%2Fwp%2Fv2%2Fcategories&post=6110"},{"taxonomy":"post_tag","embeddable":true,"href":"https:\/\/www.latribunedufaso.net\/index.php?rest_route=%2Fwp%2Fv2%2Ftags&post=6110"}],"curies":[{"name":"wp","href":"https:\/\/api.w.org\/{rel}","templated":true}]}}