{"id":6084,"date":"2022-07-28T19:12:49","date_gmt":"2022-07-28T19:12:49","guid":{"rendered":"https:\/\/www.latribunedufaso.net\/?p=6084"},"modified":"2022-07-29T09:15:09","modified_gmt":"2022-07-29T09:15:09","slug":"promotion-du-leadership-feminin-vers-lelaboration-dun-document-de-base-pour-mieux-orienter-les-plaidoyers-dans-la-commune-de-bousse","status":"publish","type":"post","link":"https:\/\/www.latribunedufaso.net\/?p=6084","title":{"rendered":"Promotion du leadership f\u00e9minin : Vers l\u2019\u00e9laboration d\u2019un document de base pour  la commune de Bouss\u00e9"},"content":{"rendered":"<p style=\"text-align: justify;\"><strong>Ce mercredi 27 juillet 2022, est intervenu \u00e0 Bouss\u00e9, dans la province du Kourw\u00e9ogo, \u00a0\u00a0un atelier de restitution des r\u00e9sultats d\u2019une \u00e9tude de base sur le suivi des politiques publiques en faveur des femmes et des jeunes filles. Men\u00e9e par le Groupe d\u2019\u00e9tudes et de recherche sur la d\u00e9mocratie et le d\u00e9veloppement \u00e9conomique et social au Burkina Faso (GERDDES-Burkina), en consortium avec le Centre pour la gouvernance d\u00e9mocratique (CGD) et l\u2019Association d\u2019appui et d\u2019\u00e9veil pugsada (ADEP), cette activit\u00e9 s\u2019inscrit dans le cadre de la mise en \u0153uvre des activit\u00e9s de leur \u00ab projet de promotion du leadership f\u00e9minin dans sept (7) communes urbaines de 7 provinces du Burkina Faso \u00bb, lequel est financ\u00e9 par l\u2019Union europ\u00e9enne.<\/strong><\/p>\n<p style=\"text-align: justify;\">La participation citoyenne \u00e9tant un droit dans le r\u00e9gime d\u00e9mocratique, le consortium constitu\u00e9 du Groupe d\u2019\u00e9tudes et de recherche sur la d\u00e9mocratie et le d\u00e9veloppement \u00e9conomique et social au Burkina Faso (GERDDES-Burkina), du Centre pour la gouvernance d\u00e9mocratique (CGD) et de l\u2019Association d\u2019appui et d\u2019\u00e9veil pugsada (ADEP), donne l\u2019opportunit\u00e9 \u00e0 la population de Bouss\u00e9, en particulier les femmes et les jeunes filles, de prendre part \u00e0 la gestion des affaires publiques selon diff\u00e9rentes modalit\u00e9s, afin d\u2019influencer la mise en \u0153uvre des politiques publiques en faveur des femmes et des jeunes filles.<\/p>\n<p style=\"text-align: justify;\">En effet, la notion du genre se r\u00e9f\u00e8re aux diff\u00e9rences entre les hommes et les femmes dans leurs relations sociales. Et les r\u00e9sultats pr\u00e9sent\u00e9s ce jour font cas d\u2019une croissance du taux de scolarisation des jeunes filles au primaire. Le taux d\u2019ach\u00e8vement au primaire\u00a0chez les filles qui \u00e9tait inf\u00e9rieur \u00e0 celui des gar\u00e7ons entre 2008 et 2011, s\u2019est invers\u00e9 \u00e0 partir de 2012-2013. \u00ab\u00a0La croissance moyenne est de 6,5% par an chez les filles contre 2,8% chez les gar\u00e7ons\u00a0\u00bb, a indiqu\u00e9 Mme Fatima Zadi, charg\u00e9e de projet, animatrice de l\u2019atelier.<\/p>\n<p style=\"text-align: justify;\"><a href=\"https:\/\/latribunedufaso.net\/wp-content\/uploads\/2022\/07\/bousse1.jpeg\"><img loading=\"lazy\" decoding=\"async\" class=\"alignleft wp-image-6086 size-poseidon-thumbnail-large\" src=\"https:\/\/latribunedufaso.net\/wp-content\/uploads\/2022\/07\/bousse1-600x400.jpeg\" width=\"600\" height=\"400\" srcset=\"https:\/\/www.latribunedufaso.net\/wp-content\/uploads\/2022\/07\/bousse1-600x400.jpeg 600w, https:\/\/www.latribunedufaso.net\/wp-content\/uploads\/2022\/07\/bousse1-840x560.jpeg 840w, https:\/\/www.latribunedufaso.net\/wp-content\/uploads\/2022\/07\/bousse1-120x80.jpeg 120w, https:\/\/www.latribunedufaso.net\/wp-content\/uploads\/2022\/07\/bousse1-360x240.jpeg 360w\" sizes=\"auto, (max-width: 600px) 100vw, 600px\" \/><\/a>Quand bien m\u00eame les choses semblent avoir \u00e9volu\u00e9, les donn\u00e9es montrent \u00e9galement que moins de femmes et de jeunes filles sont impliqu\u00e9es dans les d\u00e9cisions, que ce soit sur le plan politique, socioculturel, religieux, ou professionnel, sans oublier que dans la commune de Bouss\u00e9, on note que les jeunes filles abandonnent de plus en plus les cours. Pour Naaba Saonn\u00e9 de Nabrabogo, repr\u00e9sentant le Pr\u00e9fet, cet abandon tire son origine de plusieurs faits, notamment les grossesses pr\u00e9coces, ce qui n\u2019encourage pas les parents \u00e0 investir davantage dans l\u2019\u00e9ducation de leurs filles. C\u2019est pourquoi, il estime que plusieurs mesures doivent \u00eatre prises en compte pour canaliser le probl\u00e8me et encourager les filles \u00e0 poursuivre les \u00e9tudes. Par exemple, il propose que les autorit\u00e9s certifient le copinage. \u00ab C\u2019est-\u00e0-dire que lorsqu\u2019un gar\u00e7on est en couple avec une fille, les parents doivent les amener \u00e0 la gendarmerie pour faire un certificat qui montre qu\u2019ils sortent ensemble. S\u2019ils ne sortent plus ensemble, ils repartent \u00e0 la gendarmerie pour rompre le certificat\u00a0\u00bb, a-t-il soutenu.<\/p>\n<p style=\"text-align: justify;\">Talato Guimd\u00e9, participante, elle pense que la faible repr\u00e9sentation des femmes dans les instances de d\u00e9cisions est d\u00fb au fait qu\u2019elles ne sont pas totalement libres dans leurs foyers. Selon elle, la plupart sont oblig\u00e9es de demander la permission \u00e0 leur mari pour toute activit\u00e9 et cette situation limite consid\u00e9rablement leur participation dans les t\u00e2ches communautaires. Elle propose donc que les hommes soient plus compr\u00e9hensifs et encouragent leurs femmes dans l\u2019exercice de certaines fonctions. \u00ab\u00a0Il serait bien que les hommes nous soutiennent dans tout ce que nous entreprenons, afin de favoriser le bon d\u00e9veloppement de notre commune\u00a0\u00bb, a-t-elle souhait\u00e9.<\/p>\n<p style=\"text-align: justify;\">Il faut dire que le pr\u00e9sent atelier de restitution a \u00e9t\u00e9 riche en \u00e9changes, et la participation des b\u00e9n\u00e9ficiaires a permis aux initiateurs de recueillir plusieurs suggestions. Ce qui leur permettra sans doute d\u2019am\u00e9liorer la qualit\u00e9 de leur document, pour permettre le bon d\u00e9roulement du projet en place.<\/p>\n<p style=\"text-align: justify;\"><strong>Haramy Son<\/strong><\/p>\n<p style=\"text-align: justify;\"><strong>Latribunedufaso.net<\/strong><\/p>\n","protected":false},"excerpt":{"rendered":"<p>Ce mercredi 27 juillet 2022, est intervenu \u00e0 Bouss\u00e9, dans la province du Kourw\u00e9ogo, \u00a0\u00a0un atelier de restitution des r\u00e9sultats d\u2019une \u00e9tude de base sur le suivi des politiques publiques en faveur des femmes et des jeunes filles. Men\u00e9e par le Groupe d\u2019\u00e9tudes et de recherche sur la d\u00e9mocratie et le d\u00e9veloppement \u00e9conomique et social au Burkina Faso (GERDDES-Burkina), en consortium avec le Centre pour la gouvernance d\u00e9mocratique (CGD) et l\u2019Association d\u2019appui et d\u2019\u00e9veil pugsada (ADEP), cette activit\u00e9 s\u2019inscrit dans le cadre de la mise en \u0153uvre des activit\u00e9s de leur \u00ab projet de promotion du leadership f\u00e9minin dans sept (7) communes urbaines de 7 provinces du Burkina Faso \u00bb, lequel est financ\u00e9 par l\u2019Union europ\u00e9enne. La participation citoyenne \u00e9tant un droit dans le r\u00e9gime d\u00e9mocratique, le consortium constitu\u00e9 du Groupe d\u2019\u00e9tudes et de recherche sur la d\u00e9mocratie et le d\u00e9veloppement \u00e9conomique et social au Burkina Faso (GERDDES-Burkina), du Centre pour la gouvernance d\u00e9mocratique (CGD) et de l\u2019Association d\u2019appui et d\u2019\u00e9veil pugsada (ADEP), donne l\u2019opportunit\u00e9 \u00e0 la population de Bouss\u00e9, en particulier les femmes et les jeunes filles, de prendre part \u00e0 la gestion des affaires publiques selon diff\u00e9rentes modalit\u00e9s, afin d\u2019influencer la mise en \u0153uvre des politiques publiques en faveur des femmes et des jeunes filles. En effet, la notion du genre se r\u00e9f\u00e8re aux diff\u00e9rences entre les hommes et les femmes dans leurs relations sociales. Et les r\u00e9sultats pr\u00e9sent\u00e9s ce jour font cas d\u2019une croissance du taux de scolarisation des jeunes filles au primaire. Le taux d\u2019ach\u00e8vement au primaire\u00a0chez les filles qui \u00e9tait inf\u00e9rieur \u00e0 celui des gar\u00e7ons entre 2008 et 2011, s\u2019est invers\u00e9 \u00e0 partir de 2012-2013. \u00ab\u00a0La croissance moyenne est de 6,5% par an chez les filles contre 2,8% chez les gar\u00e7ons\u00a0\u00bb, a indiqu\u00e9 Mme Fatima Zadi, charg\u00e9e de projet, animatrice de l\u2019atelier. Quand bien m\u00eame les choses semblent avoir \u00e9volu\u00e9, les donn\u00e9es montrent \u00e9galement que moins de femmes et de jeunes filles sont impliqu\u00e9es dans les d\u00e9cisions, que ce soit sur le plan politique, socioculturel, religieux, ou professionnel, sans oublier que dans la commune de Bouss\u00e9, on note que les jeunes filles abandonnent de plus en plus les cours. Pour Naaba Saonn\u00e9 de Nabrabogo, repr\u00e9sentant le Pr\u00e9fet, cet abandon tire son origine de plusieurs faits, notamment les grossesses pr\u00e9coces, ce qui n\u2019encourage pas les parents \u00e0 investir davantage dans l\u2019\u00e9ducation de leurs filles. C\u2019est pourquoi, il estime que plusieurs mesures doivent \u00eatre prises en compte pour canaliser le probl\u00e8me et encourager les filles \u00e0 poursuivre les \u00e9tudes. Par exemple, il propose que les autorit\u00e9s certifient le copinage. \u00ab C\u2019est-\u00e0-dire que lorsqu\u2019un gar\u00e7on est en couple avec une fille, les parents doivent les amener \u00e0 la gendarmerie pour faire un certificat qui montre qu\u2019ils sortent ensemble. S\u2019ils ne sortent plus ensemble, ils repartent \u00e0 la gendarmerie pour rompre le certificat\u00a0\u00bb, a-t-il soutenu. Talato Guimd\u00e9, participante, elle pense que la faible repr\u00e9sentation des femmes dans les instances de d\u00e9cisions est d\u00fb au fait qu\u2019elles ne sont pas totalement libres dans leurs foyers. Selon elle, la plupart sont oblig\u00e9es de demander la permission \u00e0 leur mari pour toute activit\u00e9 et cette situation limite consid\u00e9rablement leur participation dans les t\u00e2ches communautaires. Elle propose donc que les hommes soient plus compr\u00e9hensifs et encouragent leurs femmes dans l\u2019exercice de certaines fonctions. \u00ab\u00a0Il serait bien que les hommes nous soutiennent dans tout ce que nous entreprenons, afin de favoriser le bon d\u00e9veloppement de notre commune\u00a0\u00bb, a-t-elle souhait\u00e9. Il faut dire que le pr\u00e9sent atelier de restitution a \u00e9t\u00e9 riche en \u00e9changes, et la participation des b\u00e9n\u00e9ficiaires a permis aux initiateurs de recueillir plusieurs suggestions. Ce qui leur permettra sans doute d\u2019am\u00e9liorer la qualit\u00e9 de leur document, pour permettre le bon d\u00e9roulement du projet en place. Haramy Son Latribunedufaso.net<\/p>\n","protected":false},"author":1,"featured_media":6085,"comment_status":"open","ping_status":"open","sticky":false,"template":"","format":"standard","meta":{"footnotes":""},"categories":[13,8],"tags":[],"class_list":["post-6084","post","type-post","status-publish","format-standard","has-post-thumbnail","hentry","category-une","category-societe"],"yoast_head":"<!-- This site is optimized with the Yoast SEO plugin v27.5 - https:\/\/yoast.com\/product\/yoast-seo-wordpress\/ -->\n<title>Promotion du leadership f\u00e9minin : Vers l\u2019\u00e9laboration d\u2019un document de base pour la commune de Bouss\u00e9 - La Tribune du Faso<\/title>\n<meta name=\"robots\" content=\"index, follow, max-snippet:-1, max-image-preview:large, max-video-preview:-1\" \/>\n<link rel=\"canonical\" href=\"https:\/\/www.latribunedufaso.net\/?p=6084\" \/>\n<meta property=\"og:locale\" content=\"fr_FR\" \/>\n<meta property=\"og:type\" content=\"article\" \/>\n<meta property=\"og:title\" content=\"Promotion du leadership f\u00e9minin : Vers l\u2019\u00e9laboration d\u2019un document de base pour la commune de Bouss\u00e9 - La Tribune du Faso\" \/>\n<meta property=\"og:description\" content=\"Ce mercredi 27 juillet 2022, est intervenu \u00e0 Bouss\u00e9, dans la province du Kourw\u00e9ogo, \u00a0\u00a0un atelier de restitution des r\u00e9sultats d\u2019une \u00e9tude de base sur le suivi des politiques publiques en faveur des femmes et des jeunes filles. Men\u00e9e par le Groupe d\u2019\u00e9tudes et de recherche sur la d\u00e9mocratie et le d\u00e9veloppement \u00e9conomique et social au Burkina Faso (GERDDES-Burkina), en consortium avec le Centre pour la gouvernance d\u00e9mocratique (CGD) et l\u2019Association d\u2019appui et d\u2019\u00e9veil pugsada (ADEP), cette activit\u00e9 s\u2019inscrit dans le cadre de la mise en \u0153uvre des activit\u00e9s de leur \u00ab projet de promotion du leadership f\u00e9minin dans sept (7) communes urbaines de 7 provinces du Burkina Faso \u00bb, lequel est financ\u00e9 par l\u2019Union europ\u00e9enne. La participation citoyenne \u00e9tant un droit dans le r\u00e9gime d\u00e9mocratique, le consortium constitu\u00e9 du Groupe d\u2019\u00e9tudes et de recherche sur la d\u00e9mocratie et le d\u00e9veloppement \u00e9conomique et social au Burkina Faso (GERDDES-Burkina), du Centre pour la gouvernance d\u00e9mocratique (CGD) et de l\u2019Association d\u2019appui et d\u2019\u00e9veil pugsada (ADEP), donne l\u2019opportunit\u00e9 \u00e0 la population de Bouss\u00e9, en particulier les femmes et les jeunes filles, de prendre part \u00e0 la gestion des affaires publiques selon diff\u00e9rentes modalit\u00e9s, afin d\u2019influencer la mise en \u0153uvre des politiques publiques en faveur des femmes et des jeunes filles. En effet, la notion du genre se r\u00e9f\u00e8re aux diff\u00e9rences entre les hommes et les femmes dans leurs relations sociales. Et les r\u00e9sultats pr\u00e9sent\u00e9s ce jour font cas d\u2019une croissance du taux de scolarisation des jeunes filles au primaire. Le taux d\u2019ach\u00e8vement au primaire\u00a0chez les filles qui \u00e9tait inf\u00e9rieur \u00e0 celui des gar\u00e7ons entre 2008 et 2011, s\u2019est invers\u00e9 \u00e0 partir de 2012-2013. \u00ab\u00a0La croissance moyenne est de 6,5% par an chez les filles contre 2,8% chez les gar\u00e7ons\u00a0\u00bb, a indiqu\u00e9 Mme Fatima Zadi, charg\u00e9e de projet, animatrice de l\u2019atelier. Quand bien m\u00eame les choses semblent avoir \u00e9volu\u00e9, les donn\u00e9es montrent \u00e9galement que moins de femmes et de jeunes filles sont impliqu\u00e9es dans les d\u00e9cisions, que ce soit sur le plan politique, socioculturel, religieux, ou professionnel, sans oublier que dans la commune de Bouss\u00e9, on note que les jeunes filles abandonnent de plus en plus les cours. Pour Naaba Saonn\u00e9 de Nabrabogo, repr\u00e9sentant le Pr\u00e9fet, cet abandon tire son origine de plusieurs faits, notamment les grossesses pr\u00e9coces, ce qui n\u2019encourage pas les parents \u00e0 investir davantage dans l\u2019\u00e9ducation de leurs filles. C\u2019est pourquoi, il estime que plusieurs mesures doivent \u00eatre prises en compte pour canaliser le probl\u00e8me et encourager les filles \u00e0 poursuivre les \u00e9tudes. Par exemple, il propose que les autorit\u00e9s certifient le copinage. \u00ab C\u2019est-\u00e0-dire que lorsqu\u2019un gar\u00e7on est en couple avec une fille, les parents doivent les amener \u00e0 la gendarmerie pour faire un certificat qui montre qu\u2019ils sortent ensemble. S\u2019ils ne sortent plus ensemble, ils repartent \u00e0 la gendarmerie pour rompre le certificat\u00a0\u00bb, a-t-il soutenu. Talato Guimd\u00e9, participante, elle pense que la faible repr\u00e9sentation des femmes dans les instances de d\u00e9cisions est d\u00fb au fait qu\u2019elles ne sont pas totalement libres dans leurs foyers. Selon elle, la plupart sont oblig\u00e9es de demander la permission \u00e0 leur mari pour toute activit\u00e9 et cette situation limite consid\u00e9rablement leur participation dans les t\u00e2ches communautaires. Elle propose donc que les hommes soient plus compr\u00e9hensifs et encouragent leurs femmes dans l\u2019exercice de certaines fonctions. \u00ab\u00a0Il serait bien que les hommes nous soutiennent dans tout ce que nous entreprenons, afin de favoriser le bon d\u00e9veloppement de notre commune\u00a0\u00bb, a-t-elle souhait\u00e9. Il faut dire que le pr\u00e9sent atelier de restitution a \u00e9t\u00e9 riche en \u00e9changes, et la participation des b\u00e9n\u00e9ficiaires a permis aux initiateurs de recueillir plusieurs suggestions. Ce qui leur permettra sans doute d\u2019am\u00e9liorer la qualit\u00e9 de leur document, pour permettre le bon d\u00e9roulement du projet en place. Haramy Son Latribunedufaso.net\" \/>\n<meta property=\"og:url\" content=\"https:\/\/www.latribunedufaso.net\/?p=6084\" \/>\n<meta property=\"og:site_name\" content=\"La Tribune du Faso\" \/>\n<meta property=\"article:publisher\" content=\"https:\/\/www.facebook.com\/LatribuneduFaso\/\" \/>\n<meta property=\"article:published_time\" content=\"2022-07-28T19:12:49+00:00\" \/>\n<meta property=\"article:modified_time\" content=\"2022-07-29T09:15:09+00:00\" \/>\n<meta property=\"og:image\" content=\"https:\/\/www.latribunedufaso.net\/wp-content\/uploads\/2022\/07\/bousse.jpeg\" \/>\n\t<meta property=\"og:image:width\" content=\"1040\" \/>\n\t<meta property=\"og:image:height\" content=\"780\" \/>\n\t<meta property=\"og:image:type\" content=\"image\/jpeg\" \/>\n<meta name=\"author\" content=\"admin\" \/>\n<meta name=\"twitter:label1\" content=\"\u00c9crit par\" \/>\n\t<meta name=\"twitter:data1\" content=\"admin\" \/>\n\t<meta name=\"twitter:label2\" content=\"Dur\u00e9e de lecture estim\u00e9e\" \/>\n\t<meta name=\"twitter:data2\" content=\"3 minutes\" \/>\n<script type=\"application\/ld+json\" class=\"yoast-schema-graph\">{\"@context\":\"https:\\\/\\\/schema.org\",\"@graph\":[{\"@type\":\"Article\",\"@id\":\"https:\\\/\\\/www.latribunedufaso.net\\\/?p=6084#article\",\"isPartOf\":{\"@id\":\"https:\\\/\\\/www.latribunedufaso.net\\\/?p=6084\"},\"author\":{\"name\":\"admin\",\"@id\":\"https:\\\/\\\/www.latribunedufaso.net\\\/#\\\/schema\\\/person\\\/6c794fd9b7540d8c9ab42b5d3617be3d\"},\"headline\":\"Promotion du leadership f\u00e9minin : Vers l\u2019\u00e9laboration d\u2019un document de base pour la commune de Bouss\u00e9\",\"datePublished\":\"2022-07-28T19:12:49+00:00\",\"dateModified\":\"2022-07-29T09:15:09+00:00\",\"mainEntityOfPage\":{\"@id\":\"https:\\\/\\\/www.latribunedufaso.net\\\/?p=6084\"},\"wordCount\":692,\"commentCount\":0,\"publisher\":{\"@id\":\"https:\\\/\\\/www.latribunedufaso.net\\\/#organization\"},\"image\":{\"@id\":\"https:\\\/\\\/www.latribunedufaso.net\\\/?p=6084#primaryimage\"},\"thumbnailUrl\":\"https:\\\/\\\/www.latribunedufaso.net\\\/wp-content\\\/uploads\\\/2022\\\/07\\\/bousse.jpeg\",\"articleSection\":[\"A la une\",\"Soci\u00e9t\u00e9\"],\"inLanguage\":\"fr-FR\",\"potentialAction\":[{\"@type\":\"CommentAction\",\"name\":\"Comment\",\"target\":[\"https:\\\/\\\/www.latribunedufaso.net\\\/?p=6084#respond\"]}]},{\"@type\":\"WebPage\",\"@id\":\"https:\\\/\\\/www.latribunedufaso.net\\\/?p=6084\",\"url\":\"https:\\\/\\\/www.latribunedufaso.net\\\/?p=6084\",\"name\":\"Promotion du leadership f\u00e9minin : Vers l\u2019\u00e9laboration d\u2019un document de base pour la commune de Bouss\u00e9 - La Tribune du Faso\",\"isPartOf\":{\"@id\":\"https:\\\/\\\/www.latribunedufaso.net\\\/#website\"},\"primaryImageOfPage\":{\"@id\":\"https:\\\/\\\/www.latribunedufaso.net\\\/?p=6084#primaryimage\"},\"image\":{\"@id\":\"https:\\\/\\\/www.latribunedufaso.net\\\/?p=6084#primaryimage\"},\"thumbnailUrl\":\"https:\\\/\\\/www.latribunedufaso.net\\\/wp-content\\\/uploads\\\/2022\\\/07\\\/bousse.jpeg\",\"datePublished\":\"2022-07-28T19:12:49+00:00\",\"dateModified\":\"2022-07-29T09:15:09+00:00\",\"breadcrumb\":{\"@id\":\"https:\\\/\\\/www.latribunedufaso.net\\\/?p=6084#breadcrumb\"},\"inLanguage\":\"fr-FR\",\"potentialAction\":[{\"@type\":\"ReadAction\",\"target\":[\"https:\\\/\\\/www.latribunedufaso.net\\\/?p=6084\"]}]},{\"@type\":\"ImageObject\",\"inLanguage\":\"fr-FR\",\"@id\":\"https:\\\/\\\/www.latribunedufaso.net\\\/?p=6084#primaryimage\",\"url\":\"https:\\\/\\\/www.latribunedufaso.net\\\/wp-content\\\/uploads\\\/2022\\\/07\\\/bousse.jpeg\",\"contentUrl\":\"https:\\\/\\\/www.latribunedufaso.net\\\/wp-content\\\/uploads\\\/2022\\\/07\\\/bousse.jpeg\",\"width\":1040,\"height\":780},{\"@type\":\"BreadcrumbList\",\"@id\":\"https:\\\/\\\/www.latribunedufaso.net\\\/?p=6084#breadcrumb\",\"itemListElement\":[{\"@type\":\"ListItem\",\"position\":1,\"name\":\"Accueil\",\"item\":\"https:\\\/\\\/www.latribunedufaso.net\\\/\"},{\"@type\":\"ListItem\",\"position\":2,\"name\":\"Promotion du leadership f\u00e9minin : Vers l\u2019\u00e9laboration d\u2019un document de base pour la commune de Bouss\u00e9\"}]},{\"@type\":\"WebSite\",\"@id\":\"https:\\\/\\\/www.latribunedufaso.net\\\/#website\",\"url\":\"https:\\\/\\\/www.latribunedufaso.net\\\/\",\"name\":\"La Tribune du Faso\",\"description\":\"L&#039;information du monde rural en un clic\",\"publisher\":{\"@id\":\"https:\\\/\\\/www.latribunedufaso.net\\\/#organization\"},\"potentialAction\":[{\"@type\":\"SearchAction\",\"target\":{\"@type\":\"EntryPoint\",\"urlTemplate\":\"https:\\\/\\\/www.latribunedufaso.net\\\/?s={search_term_string}\"},\"query-input\":{\"@type\":\"PropertyValueSpecification\",\"valueRequired\":true,\"valueName\":\"search_term_string\"}}],\"inLanguage\":\"fr-FR\"},{\"@type\":\"Organization\",\"@id\":\"https:\\\/\\\/www.latribunedufaso.net\\\/#organization\",\"name\":\"La Tribune du Faso\",\"url\":\"https:\\\/\\\/www.latribunedufaso.net\\\/\",\"logo\":{\"@type\":\"ImageObject\",\"inLanguage\":\"fr-FR\",\"@id\":\"https:\\\/\\\/www.latribunedufaso.net\\\/#\\\/schema\\\/logo\\\/image\\\/\",\"url\":\"https:\\\/\\\/www.latribunedufaso.net\\\/wp-content\\\/uploads\\\/2020\\\/08\\\/Logo-Tribune-du-Faso-final-scaled.jpg\",\"contentUrl\":\"https:\\\/\\\/www.latribunedufaso.net\\\/wp-content\\\/uploads\\\/2020\\\/08\\\/Logo-Tribune-du-Faso-final-scaled.jpg\",\"width\":2560,\"height\":1856,\"caption\":\"La Tribune du Faso\"},\"image\":{\"@id\":\"https:\\\/\\\/www.latribunedufaso.net\\\/#\\\/schema\\\/logo\\\/image\\\/\"},\"sameAs\":[\"https:\\\/\\\/www.facebook.com\\\/LatribuneduFaso\\\/\"]},{\"@type\":\"Person\",\"@id\":\"https:\\\/\\\/www.latribunedufaso.net\\\/#\\\/schema\\\/person\\\/6c794fd9b7540d8c9ab42b5d3617be3d\",\"name\":\"admin\",\"image\":{\"@type\":\"ImageObject\",\"inLanguage\":\"fr-FR\",\"@id\":\"https:\\\/\\\/secure.gravatar.com\\\/avatar\\\/e4ad5bb743c8b6cb174d9df6c7d30a8a16f6889731241345fc6444e6485f02af?s=96&d=mm&r=g\",\"url\":\"https:\\\/\\\/secure.gravatar.com\\\/avatar\\\/e4ad5bb743c8b6cb174d9df6c7d30a8a16f6889731241345fc6444e6485f02af?s=96&d=mm&r=g\",\"contentUrl\":\"https:\\\/\\\/secure.gravatar.com\\\/avatar\\\/e4ad5bb743c8b6cb174d9df6c7d30a8a16f6889731241345fc6444e6485f02af?s=96&d=mm&r=g\",\"caption\":\"admin\"},\"url\":\"https:\\\/\\\/www.latribunedufaso.net\\\/?author=1\"}]}<\/script>\n<!-- \/ Yoast SEO plugin. -->","yoast_head_json":{"title":"Promotion du leadership f\u00e9minin : Vers l\u2019\u00e9laboration d\u2019un document de base pour la commune de Bouss\u00e9 - La Tribune du Faso","robots":{"index":"index","follow":"follow","max-snippet":"max-snippet:-1","max-image-preview":"max-image-preview:large","max-video-preview":"max-video-preview:-1"},"canonical":"https:\/\/www.latribunedufaso.net\/?p=6084","og_locale":"fr_FR","og_type":"article","og_title":"Promotion du leadership f\u00e9minin : Vers l\u2019\u00e9laboration d\u2019un document de base pour la commune de Bouss\u00e9 - La Tribune du Faso","og_description":"Ce mercredi 27 juillet 2022, est intervenu \u00e0 Bouss\u00e9, dans la province du Kourw\u00e9ogo, \u00a0\u00a0un atelier de restitution des r\u00e9sultats d\u2019une \u00e9tude de base sur le suivi des politiques publiques en faveur des femmes et des jeunes filles. Men\u00e9e par le Groupe d\u2019\u00e9tudes et de recherche sur la d\u00e9mocratie et le d\u00e9veloppement \u00e9conomique et social au Burkina Faso (GERDDES-Burkina), en consortium avec le Centre pour la gouvernance d\u00e9mocratique (CGD) et l\u2019Association d\u2019appui et d\u2019\u00e9veil pugsada (ADEP), cette activit\u00e9 s\u2019inscrit dans le cadre de la mise en \u0153uvre des activit\u00e9s de leur \u00ab projet de promotion du leadership f\u00e9minin dans sept (7) communes urbaines de 7 provinces du Burkina Faso \u00bb, lequel est financ\u00e9 par l\u2019Union europ\u00e9enne. La participation citoyenne \u00e9tant un droit dans le r\u00e9gime d\u00e9mocratique, le consortium constitu\u00e9 du Groupe d\u2019\u00e9tudes et de recherche sur la d\u00e9mocratie et le d\u00e9veloppement \u00e9conomique et social au Burkina Faso (GERDDES-Burkina), du Centre pour la gouvernance d\u00e9mocratique (CGD) et de l\u2019Association d\u2019appui et d\u2019\u00e9veil pugsada (ADEP), donne l\u2019opportunit\u00e9 \u00e0 la population de Bouss\u00e9, en particulier les femmes et les jeunes filles, de prendre part \u00e0 la gestion des affaires publiques selon diff\u00e9rentes modalit\u00e9s, afin d\u2019influencer la mise en \u0153uvre des politiques publiques en faveur des femmes et des jeunes filles. En effet, la notion du genre se r\u00e9f\u00e8re aux diff\u00e9rences entre les hommes et les femmes dans leurs relations sociales. Et les r\u00e9sultats pr\u00e9sent\u00e9s ce jour font cas d\u2019une croissance du taux de scolarisation des jeunes filles au primaire. Le taux d\u2019ach\u00e8vement au primaire\u00a0chez les filles qui \u00e9tait inf\u00e9rieur \u00e0 celui des gar\u00e7ons entre 2008 et 2011, s\u2019est invers\u00e9 \u00e0 partir de 2012-2013. \u00ab\u00a0La croissance moyenne est de 6,5% par an chez les filles contre 2,8% chez les gar\u00e7ons\u00a0\u00bb, a indiqu\u00e9 Mme Fatima Zadi, charg\u00e9e de projet, animatrice de l\u2019atelier. Quand bien m\u00eame les choses semblent avoir \u00e9volu\u00e9, les donn\u00e9es montrent \u00e9galement que moins de femmes et de jeunes filles sont impliqu\u00e9es dans les d\u00e9cisions, que ce soit sur le plan politique, socioculturel, religieux, ou professionnel, sans oublier que dans la commune de Bouss\u00e9, on note que les jeunes filles abandonnent de plus en plus les cours. Pour Naaba Saonn\u00e9 de Nabrabogo, repr\u00e9sentant le Pr\u00e9fet, cet abandon tire son origine de plusieurs faits, notamment les grossesses pr\u00e9coces, ce qui n\u2019encourage pas les parents \u00e0 investir davantage dans l\u2019\u00e9ducation de leurs filles. C\u2019est pourquoi, il estime que plusieurs mesures doivent \u00eatre prises en compte pour canaliser le probl\u00e8me et encourager les filles \u00e0 poursuivre les \u00e9tudes. Par exemple, il propose que les autorit\u00e9s certifient le copinage. \u00ab C\u2019est-\u00e0-dire que lorsqu\u2019un gar\u00e7on est en couple avec une fille, les parents doivent les amener \u00e0 la gendarmerie pour faire un certificat qui montre qu\u2019ils sortent ensemble. S\u2019ils ne sortent plus ensemble, ils repartent \u00e0 la gendarmerie pour rompre le certificat\u00a0\u00bb, a-t-il soutenu. Talato Guimd\u00e9, participante, elle pense que la faible repr\u00e9sentation des femmes dans les instances de d\u00e9cisions est d\u00fb au fait qu\u2019elles ne sont pas totalement libres dans leurs foyers. Selon elle, la plupart sont oblig\u00e9es de demander la permission \u00e0 leur mari pour toute activit\u00e9 et cette situation limite consid\u00e9rablement leur participation dans les t\u00e2ches communautaires. Elle propose donc que les hommes soient plus compr\u00e9hensifs et encouragent leurs femmes dans l\u2019exercice de certaines fonctions. \u00ab\u00a0Il serait bien que les hommes nous soutiennent dans tout ce que nous entreprenons, afin de favoriser le bon d\u00e9veloppement de notre commune\u00a0\u00bb, a-t-elle souhait\u00e9. Il faut dire que le pr\u00e9sent atelier de restitution a \u00e9t\u00e9 riche en \u00e9changes, et la participation des b\u00e9n\u00e9ficiaires a permis aux initiateurs de recueillir plusieurs suggestions. Ce qui leur permettra sans doute d\u2019am\u00e9liorer la qualit\u00e9 de leur document, pour permettre le bon d\u00e9roulement du projet en place. Haramy Son Latribunedufaso.net","og_url":"https:\/\/www.latribunedufaso.net\/?p=6084","og_site_name":"La Tribune du Faso","article_publisher":"https:\/\/www.facebook.com\/LatribuneduFaso\/","article_published_time":"2022-07-28T19:12:49+00:00","article_modified_time":"2022-07-29T09:15:09+00:00","og_image":[{"width":1040,"height":780,"url":"https:\/\/www.latribunedufaso.net\/wp-content\/uploads\/2022\/07\/bousse.jpeg","type":"image\/jpeg"}],"author":"admin","twitter_misc":{"\u00c9crit par":"admin","Dur\u00e9e de lecture estim\u00e9e":"3 minutes"},"schema":{"@context":"https:\/\/schema.org","@graph":[{"@type":"Article","@id":"https:\/\/www.latribunedufaso.net\/?p=6084#article","isPartOf":{"@id":"https:\/\/www.latribunedufaso.net\/?p=6084"},"author":{"name":"admin","@id":"https:\/\/www.latribunedufaso.net\/#\/schema\/person\/6c794fd9b7540d8c9ab42b5d3617be3d"},"headline":"Promotion du leadership f\u00e9minin : Vers l\u2019\u00e9laboration d\u2019un document de base pour la commune de Bouss\u00e9","datePublished":"2022-07-28T19:12:49+00:00","dateModified":"2022-07-29T09:15:09+00:00","mainEntityOfPage":{"@id":"https:\/\/www.latribunedufaso.net\/?p=6084"},"wordCount":692,"commentCount":0,"publisher":{"@id":"https:\/\/www.latribunedufaso.net\/#organization"},"image":{"@id":"https:\/\/www.latribunedufaso.net\/?p=6084#primaryimage"},"thumbnailUrl":"https:\/\/www.latribunedufaso.net\/wp-content\/uploads\/2022\/07\/bousse.jpeg","articleSection":["A la une","Soci\u00e9t\u00e9"],"inLanguage":"fr-FR","potentialAction":[{"@type":"CommentAction","name":"Comment","target":["https:\/\/www.latribunedufaso.net\/?p=6084#respond"]}]},{"@type":"WebPage","@id":"https:\/\/www.latribunedufaso.net\/?p=6084","url":"https:\/\/www.latribunedufaso.net\/?p=6084","name":"Promotion du leadership f\u00e9minin : Vers l\u2019\u00e9laboration d\u2019un document de base pour la commune de Bouss\u00e9 - La Tribune du Faso","isPartOf":{"@id":"https:\/\/www.latribunedufaso.net\/#website"},"primaryImageOfPage":{"@id":"https:\/\/www.latribunedufaso.net\/?p=6084#primaryimage"},"image":{"@id":"https:\/\/www.latribunedufaso.net\/?p=6084#primaryimage"},"thumbnailUrl":"https:\/\/www.latribunedufaso.net\/wp-content\/uploads\/2022\/07\/bousse.jpeg","datePublished":"2022-07-28T19:12:49+00:00","dateModified":"2022-07-29T09:15:09+00:00","breadcrumb":{"@id":"https:\/\/www.latribunedufaso.net\/?p=6084#breadcrumb"},"inLanguage":"fr-FR","potentialAction":[{"@type":"ReadAction","target":["https:\/\/www.latribunedufaso.net\/?p=6084"]}]},{"@type":"ImageObject","inLanguage":"fr-FR","@id":"https:\/\/www.latribunedufaso.net\/?p=6084#primaryimage","url":"https:\/\/www.latribunedufaso.net\/wp-content\/uploads\/2022\/07\/bousse.jpeg","contentUrl":"https:\/\/www.latribunedufaso.net\/wp-content\/uploads\/2022\/07\/bousse.jpeg","width":1040,"height":780},{"@type":"BreadcrumbList","@id":"https:\/\/www.latribunedufaso.net\/?p=6084#breadcrumb","itemListElement":[{"@type":"ListItem","position":1,"name":"Accueil","item":"https:\/\/www.latribunedufaso.net\/"},{"@type":"ListItem","position":2,"name":"Promotion du leadership f\u00e9minin : Vers l\u2019\u00e9laboration d\u2019un document de base pour la commune de Bouss\u00e9"}]},{"@type":"WebSite","@id":"https:\/\/www.latribunedufaso.net\/#website","url":"https:\/\/www.latribunedufaso.net\/","name":"La Tribune du Faso","description":"L&#039;information du monde rural en un clic","publisher":{"@id":"https:\/\/www.latribunedufaso.net\/#organization"},"potentialAction":[{"@type":"SearchAction","target":{"@type":"EntryPoint","urlTemplate":"https:\/\/www.latribunedufaso.net\/?s={search_term_string}"},"query-input":{"@type":"PropertyValueSpecification","valueRequired":true,"valueName":"search_term_string"}}],"inLanguage":"fr-FR"},{"@type":"Organization","@id":"https:\/\/www.latribunedufaso.net\/#organization","name":"La Tribune du Faso","url":"https:\/\/www.latribunedufaso.net\/","logo":{"@type":"ImageObject","inLanguage":"fr-FR","@id":"https:\/\/www.latribunedufaso.net\/#\/schema\/logo\/image\/","url":"https:\/\/www.latribunedufaso.net\/wp-content\/uploads\/2020\/08\/Logo-Tribune-du-Faso-final-scaled.jpg","contentUrl":"https:\/\/www.latribunedufaso.net\/wp-content\/uploads\/2020\/08\/Logo-Tribune-du-Faso-final-scaled.jpg","width":2560,"height":1856,"caption":"La Tribune du Faso"},"image":{"@id":"https:\/\/www.latribunedufaso.net\/#\/schema\/logo\/image\/"},"sameAs":["https:\/\/www.facebook.com\/LatribuneduFaso\/"]},{"@type":"Person","@id":"https:\/\/www.latribunedufaso.net\/#\/schema\/person\/6c794fd9b7540d8c9ab42b5d3617be3d","name":"admin","image":{"@type":"ImageObject","inLanguage":"fr-FR","@id":"https:\/\/secure.gravatar.com\/avatar\/e4ad5bb743c8b6cb174d9df6c7d30a8a16f6889731241345fc6444e6485f02af?s=96&d=mm&r=g","url":"https:\/\/secure.gravatar.com\/avatar\/e4ad5bb743c8b6cb174d9df6c7d30a8a16f6889731241345fc6444e6485f02af?s=96&d=mm&r=g","contentUrl":"https:\/\/secure.gravatar.com\/avatar\/e4ad5bb743c8b6cb174d9df6c7d30a8a16f6889731241345fc6444e6485f02af?s=96&d=mm&r=g","caption":"admin"},"url":"https:\/\/www.latribunedufaso.net\/?author=1"}]}},"_links":{"self":[{"href":"https:\/\/www.latribunedufaso.net\/index.php?rest_route=\/wp\/v2\/posts\/6084","targetHints":{"allow":["GET"]}}],"collection":[{"href":"https:\/\/www.latribunedufaso.net\/index.php?rest_route=\/wp\/v2\/posts"}],"about":[{"href":"https:\/\/www.latribunedufaso.net\/index.php?rest_route=\/wp\/v2\/types\/post"}],"author":[{"embeddable":true,"href":"https:\/\/www.latribunedufaso.net\/index.php?rest_route=\/wp\/v2\/users\/1"}],"replies":[{"embeddable":true,"href":"https:\/\/www.latribunedufaso.net\/index.php?rest_route=%2Fwp%2Fv2%2Fcomments&post=6084"}],"version-history":[{"count":2,"href":"https:\/\/www.latribunedufaso.net\/index.php?rest_route=\/wp\/v2\/posts\/6084\/revisions"}],"predecessor-version":[{"id":6088,"href":"https:\/\/www.latribunedufaso.net\/index.php?rest_route=\/wp\/v2\/posts\/6084\/revisions\/6088"}],"wp:featuredmedia":[{"embeddable":true,"href":"https:\/\/www.latribunedufaso.net\/index.php?rest_route=\/wp\/v2\/media\/6085"}],"wp:attachment":[{"href":"https:\/\/www.latribunedufaso.net\/index.php?rest_route=%2Fwp%2Fv2%2Fmedia&parent=6084"}],"wp:term":[{"taxonomy":"category","embeddable":true,"href":"https:\/\/www.latribunedufaso.net\/index.php?rest_route=%2Fwp%2Fv2%2Fcategories&post=6084"},{"taxonomy":"post_tag","embeddable":true,"href":"https:\/\/www.latribunedufaso.net\/index.php?rest_route=%2Fwp%2Fv2%2Ftags&post=6084"}],"curies":[{"name":"wp","href":"https:\/\/api.w.org\/{rel}","templated":true}]}}