{"id":6081,"date":"2022-07-26T17:55:36","date_gmt":"2022-07-26T17:55:36","guid":{"rendered":"https:\/\/www.latribunedufaso.net\/?p=6081"},"modified":"2022-07-29T09:18:17","modified_gmt":"2022-07-29T09:18:17","slug":"architecture-et-urbanisme-102-etudiants-burkinabe-recoivent-leurs-diplomes-de-leamau","status":"publish","type":"post","link":"https:\/\/www.latribunedufaso.net\/?p=6081","title":{"rendered":"Architecture et urbanisme : 102 \u00e9tudiants burkinab\u00e9 re\u00e7oivent leurs dipl\u00f4mes de l&rsquo;EAMAU"},"content":{"rendered":"<p style=\"text-align: justify;\"><strong>Le mardi 26 juillet 2022, le Ministre de l\u2019enseignement sup\u00e9rieur, de la recherche et de l\u2019innovation, Pr Fr\u00e9d\u00e9ric Ouattara, a pr\u00e9sid\u00e9 \u00e0 Ouagadougou, la c\u00e9r\u00e9monie de remise de dipl\u00f4mes de fin de formation aux \u00e9tudiants burkinab\u00e8 de l\u2019Ecole africaine des m\u00e9tiers de l\u2019architecture et de l\u2019urbanisme (EAMAU) de Lom\u00e9.<\/strong><!--more--><\/p>\n<p style=\"text-align: justify;\"><a href=\"https:\/\/latribunedufaso.net\/wp-content\/uploads\/2022\/07\/IMG-20220729-WA0004.jpg\"><img loading=\"lazy\" decoding=\"async\" class=\"size-medium wp-image-6091 alignleft\" src=\"https:\/\/latribunedufaso.net\/wp-content\/uploads\/2022\/07\/IMG-20220729-WA0004-300x200.jpg\" alt=\"\" width=\"300\" height=\"200\" srcset=\"https:\/\/www.latribunedufaso.net\/wp-content\/uploads\/2022\/07\/IMG-20220729-WA0004-300x200.jpg 300w, https:\/\/www.latribunedufaso.net\/wp-content\/uploads\/2022\/07\/IMG-20220729-WA0004-768x512.jpg 768w, https:\/\/www.latribunedufaso.net\/wp-content\/uploads\/2022\/07\/IMG-20220729-WA0004-840x560.jpg 840w, https:\/\/www.latribunedufaso.net\/wp-content\/uploads\/2022\/07\/IMG-20220729-WA0004-120x80.jpg 120w, https:\/\/www.latribunedufaso.net\/wp-content\/uploads\/2022\/07\/IMG-20220729-WA0004-360x240.jpg 360w, https:\/\/www.latribunedufaso.net\/wp-content\/uploads\/2022\/07\/IMG-20220729-WA0004-600x400.jpg 600w, https:\/\/www.latribunedufaso.net\/wp-content\/uploads\/2022\/07\/IMG-20220729-WA0004.jpg 870w\" sizes=\"auto, (max-width: 300px) 100vw, 300px\" \/><\/a>En effet, c\u2019est lors de la 39<sup>e<\/sup> session du Conseil d\u2019administration (CA) de l\u2019Ecole africaine des m\u00e9tiers de l\u2019architecture et de de l\u2019urbanisme (EAMAU), \u00a0qu\u2019il a \u00e9t\u00e9 d\u00e9cid\u00e9 par les ministres des pays membres de proc\u00e9der \u00e0 la remise de dipl\u00f4mes aux \u00e9tudiants burkinab\u00e8 ayant satisfaits aux conditions de certification de leur formation pour la p\u00e9riode de 2012 \u00e0 2021. Ce sont donc 102 \u00e9tudiants qui ont re\u00e7u leurs dipl\u00f4mes de Licence et Master au cours de la pr\u00e9sente c\u00e9r\u00e9monie qui a eu lieu dans la capitale burkinab\u00e8.<\/p>\n<p style=\"text-align: justify;\">Pour les \u00e9tudiants laur\u00e9ats, cette c\u00e9r\u00e9monie est riche d\u2019\u00e9motions et restera grav\u00e9e dans leurs m\u00e9moires. Ils estiment qu\u2019elle marque la fin d\u2019une \u00e9tape tr\u00e8s importante et le d\u00e9but d\u2019une carri\u00e8re socio-professionnelle qui demeurera tout au long de leur vie. \u00ab Les diff\u00e9rentes ann\u00e9es que nous avons pass\u00e9es au sein de notre \u00e9cole, l&rsquo;EAMAU, furent denses, voire tr\u00e8s denses, non seulement pour l\u2019apprentissage mais aussi et surtout en \u00e9motions tr\u00e8s fortes avec des rencontres, de l\u2019ambiance, du stress, des comp\u00e9titions, du travail et des efforts. Malgr\u00e9 les difficult\u00e9s, nous sommes rest\u00e9s solidaires et nous avons travaill\u00e9 dur pour au final recevoir ces dipl\u00f4mes qui nous serviront \u00e0 l\u2019avenir \u00bb, a d\u00e9clar\u00e9 leur repr\u00e9sentant, Maxime Savadogo, tout en remerciant, au nom de ses camarades et \u00e0 son propre compte, le Burkina Faso pour les efforts consentis, ainsi que le Directeur g\u00e9n\u00e9ral de l\u2019EAMAU, Moussa Demb\u00e9l\u00e9.<\/p>\n<p style=\"text-align: justify;\">\u00c0 entendre ce dernier, cette c\u00e9r\u00e9monie de remise de dipl\u00f4mes est une mani\u00e8re de t\u00e9moigner aux laur\u00e9ats le fait qu\u2019ils constituent aujourd\u2019hui des piliers sur lesquels doit reposer la construction de l\u2019Afrique. De plus, il a traduit la gratitude de l\u2019\u00e9cole au Gouvernement burkinab\u00e8, car dit-il, le Burkina Faso ne cesse d\u2019y envoyer des \u00e9tudiants pour se faire former au m\u00e9tier de l\u2019architecture et ce, depuis la cr\u00e9ation de l&rsquo;institution.<\/p>\n<p style=\"text-align: justify;\">Pour sa part, le Ministre de l\u2019enseignement sup\u00e9rieur, de la recherche et de l\u2019innovation, Fr\u00e9d\u00e9ric Ouattara, a souhait\u00e9 plein succ\u00e8s dans la carri\u00e8re professionnelle des nouveaux dipl\u00f4m\u00e9s, tout en les invitant \u00e0 faire preuve de s\u00e9rieux, d\u2019int\u00e9grit\u00e9 et de sens \u00e9lev\u00e9 du travail. \u00ab\u00a0Vous avez travaill\u00e9 assidument pour relever les d\u00e9fis li\u00e9s aux exigences de la formation. Les r\u00e9sultats du travail bien fait peuvent \u00eatre constat\u00e9s par vous-m\u00eames et par vos familles respectives \u00bb, a-t-il avanc\u00e9 \u00e0 leur \u00e9gard.<\/p>\n<p style=\"text-align: justify;\">Rappelons que l\u2019EAMAU de Lom\u00e9, au Togo, est une institution inter\u00e9tatique d\u2019enseignement sup\u00e9rieur et de recherche, fond\u00e9e en 1975. Elle regroupe 14 pays qui sont entre autres le B\u00e9nin, le Burkina Faso,\u00a0 la C\u00f4te d\u2019Ivoire, la Guin\u00e9e Bissau, le Mali, le Niger, le S\u00e9n\u00e9gal, le Togo, le Cam\u00e9roun, la Centrafrique, le Congo, le Gabon, la Guin\u00e9e \u00c9quatoriale et le Tchad. Et elle a pour mission d\u2019assurer la formation continue des professionnels de l\u2019architecture et de l\u2019urbanisme (Licence-Master-Doctorat), l\u2019expertise de haut niveau des projets de grande envergure et de r\u00e9flexions pour le devenir de la ville, ainsi que la recherche dans le domaine de l\u2019architecture et de la ville.<\/p>\n<p style=\"text-align: justify;\"><strong>Haramy Son<\/strong><\/p>\n<p style=\"text-align: justify;\"><strong>Latribunedufaso.net<\/strong><\/p>\n","protected":false},"excerpt":{"rendered":"<p>Le mardi 26 juillet 2022, le Ministre de l\u2019enseignement sup\u00e9rieur, de la recherche et de l\u2019innovation, Pr Fr\u00e9d\u00e9ric Ouattara, a pr\u00e9sid\u00e9 \u00e0 Ouagadougou, la c\u00e9r\u00e9monie de remise de dipl\u00f4mes de fin de formation aux \u00e9tudiants burkinab\u00e8 de l\u2019Ecole africaine des m\u00e9tiers de l\u2019architecture et de l\u2019urbanisme (EAMAU) de Lom\u00e9.<\/p>\n","protected":false},"author":1,"featured_media":6090,"comment_status":"open","ping_status":"open","sticky":false,"template":"","format":"standard","meta":{"footnotes":""},"categories":[13,8],"tags":[],"class_list":["post-6081","post","type-post","status-publish","format-standard","has-post-thumbnail","hentry","category-une","category-societe"],"yoast_head":"<!-- This site is optimized with the Yoast SEO plugin v27.5 - https:\/\/yoast.com\/product\/yoast-seo-wordpress\/ -->\n<title>Architecture et urbanisme : 102 \u00e9tudiants burkinab\u00e9 re\u00e7oivent leurs dipl\u00f4mes de l&#039;EAMAU - La Tribune du Faso<\/title>\n<meta name=\"robots\" content=\"index, follow, max-snippet:-1, max-image-preview:large, max-video-preview:-1\" \/>\n<link rel=\"canonical\" href=\"https:\/\/www.latribunedufaso.net\/?p=6081\" \/>\n<meta property=\"og:locale\" content=\"fr_FR\" \/>\n<meta property=\"og:type\" content=\"article\" \/>\n<meta property=\"og:title\" content=\"Architecture et urbanisme : 102 \u00e9tudiants burkinab\u00e9 re\u00e7oivent leurs dipl\u00f4mes de l&#039;EAMAU - La Tribune du Faso\" \/>\n<meta property=\"og:description\" content=\"Le mardi 26 juillet 2022, le Ministre de l\u2019enseignement sup\u00e9rieur, de la recherche et de l\u2019innovation, Pr Fr\u00e9d\u00e9ric Ouattara, a pr\u00e9sid\u00e9 \u00e0 Ouagadougou, la c\u00e9r\u00e9monie de remise de dipl\u00f4mes de fin de formation aux \u00e9tudiants burkinab\u00e8 de l\u2019Ecole africaine des m\u00e9tiers de l\u2019architecture et de l\u2019urbanisme (EAMAU) de Lom\u00e9.\" \/>\n<meta property=\"og:url\" content=\"https:\/\/www.latribunedufaso.net\/?p=6081\" \/>\n<meta property=\"og:site_name\" content=\"La Tribune du Faso\" \/>\n<meta property=\"article:publisher\" content=\"https:\/\/www.facebook.com\/LatribuneduFaso\/\" \/>\n<meta property=\"article:published_time\" content=\"2022-07-26T17:55:36+00:00\" \/>\n<meta property=\"article:modified_time\" content=\"2022-07-29T09:18:17+00:00\" \/>\n<meta property=\"og:image\" content=\"https:\/\/www.latribunedufaso.net\/wp-content\/uploads\/2022\/07\/IMG-20220729-WA0005.jpg\" \/>\n\t<meta property=\"og:image:width\" content=\"870\" \/>\n\t<meta property=\"og:image:height\" content=\"580\" \/>\n\t<meta property=\"og:image:type\" content=\"image\/jpeg\" \/>\n<meta name=\"author\" content=\"admin\" \/>\n<meta name=\"twitter:label1\" content=\"\u00c9crit par\" \/>\n\t<meta name=\"twitter:data1\" content=\"admin\" \/>\n\t<meta name=\"twitter:label2\" content=\"Dur\u00e9e de lecture estim\u00e9e\" \/>\n\t<meta name=\"twitter:data2\" content=\"3 minutes\" \/>\n<script type=\"application\/ld+json\" class=\"yoast-schema-graph\">{\"@context\":\"https:\\\/\\\/schema.org\",\"@graph\":[{\"@type\":\"Article\",\"@id\":\"https:\\\/\\\/www.latribunedufaso.net\\\/?p=6081#article\",\"isPartOf\":{\"@id\":\"https:\\\/\\\/www.latribunedufaso.net\\\/?p=6081\"},\"author\":{\"name\":\"admin\",\"@id\":\"https:\\\/\\\/www.latribunedufaso.net\\\/#\\\/schema\\\/person\\\/6c794fd9b7540d8c9ab42b5d3617be3d\"},\"headline\":\"Architecture et urbanisme : 102 \u00e9tudiants burkinab\u00e9 re\u00e7oivent leurs dipl\u00f4mes de l&rsquo;EAMAU\",\"datePublished\":\"2022-07-26T17:55:36+00:00\",\"dateModified\":\"2022-07-29T09:18:17+00:00\",\"mainEntityOfPage\":{\"@id\":\"https:\\\/\\\/www.latribunedufaso.net\\\/?p=6081\"},\"wordCount\":647,\"commentCount\":0,\"publisher\":{\"@id\":\"https:\\\/\\\/www.latribunedufaso.net\\\/#organization\"},\"image\":{\"@id\":\"https:\\\/\\\/www.latribunedufaso.net\\\/?p=6081#primaryimage\"},\"thumbnailUrl\":\"https:\\\/\\\/www.latribunedufaso.net\\\/wp-content\\\/uploads\\\/2022\\\/07\\\/IMG-20220729-WA0005.jpg\",\"articleSection\":[\"A la une\",\"Soci\u00e9t\u00e9\"],\"inLanguage\":\"fr-FR\",\"potentialAction\":[{\"@type\":\"CommentAction\",\"name\":\"Comment\",\"target\":[\"https:\\\/\\\/www.latribunedufaso.net\\\/?p=6081#respond\"]}]},{\"@type\":\"WebPage\",\"@id\":\"https:\\\/\\\/www.latribunedufaso.net\\\/?p=6081\",\"url\":\"https:\\\/\\\/www.latribunedufaso.net\\\/?p=6081\",\"name\":\"Architecture et urbanisme : 102 \u00e9tudiants burkinab\u00e9 re\u00e7oivent leurs dipl\u00f4mes de l'EAMAU - La Tribune du Faso\",\"isPartOf\":{\"@id\":\"https:\\\/\\\/www.latribunedufaso.net\\\/#website\"},\"primaryImageOfPage\":{\"@id\":\"https:\\\/\\\/www.latribunedufaso.net\\\/?p=6081#primaryimage\"},\"image\":{\"@id\":\"https:\\\/\\\/www.latribunedufaso.net\\\/?p=6081#primaryimage\"},\"thumbnailUrl\":\"https:\\\/\\\/www.latribunedufaso.net\\\/wp-content\\\/uploads\\\/2022\\\/07\\\/IMG-20220729-WA0005.jpg\",\"datePublished\":\"2022-07-26T17:55:36+00:00\",\"dateModified\":\"2022-07-29T09:18:17+00:00\",\"breadcrumb\":{\"@id\":\"https:\\\/\\\/www.latribunedufaso.net\\\/?p=6081#breadcrumb\"},\"inLanguage\":\"fr-FR\",\"potentialAction\":[{\"@type\":\"ReadAction\",\"target\":[\"https:\\\/\\\/www.latribunedufaso.net\\\/?p=6081\"]}]},{\"@type\":\"ImageObject\",\"inLanguage\":\"fr-FR\",\"@id\":\"https:\\\/\\\/www.latribunedufaso.net\\\/?p=6081#primaryimage\",\"url\":\"https:\\\/\\\/www.latribunedufaso.net\\\/wp-content\\\/uploads\\\/2022\\\/07\\\/IMG-20220729-WA0005.jpg\",\"contentUrl\":\"https:\\\/\\\/www.latribunedufaso.net\\\/wp-content\\\/uploads\\\/2022\\\/07\\\/IMG-20220729-WA0005.jpg\",\"width\":870,\"height\":580},{\"@type\":\"BreadcrumbList\",\"@id\":\"https:\\\/\\\/www.latribunedufaso.net\\\/?p=6081#breadcrumb\",\"itemListElement\":[{\"@type\":\"ListItem\",\"position\":1,\"name\":\"Accueil\",\"item\":\"https:\\\/\\\/www.latribunedufaso.net\\\/\"},{\"@type\":\"ListItem\",\"position\":2,\"name\":\"Architecture et urbanisme : 102 \u00e9tudiants burkinab\u00e9 re\u00e7oivent leurs dipl\u00f4mes de l&rsquo;EAMAU\"}]},{\"@type\":\"WebSite\",\"@id\":\"https:\\\/\\\/www.latribunedufaso.net\\\/#website\",\"url\":\"https:\\\/\\\/www.latribunedufaso.net\\\/\",\"name\":\"La Tribune du Faso\",\"description\":\"L&#039;information du monde rural en un clic\",\"publisher\":{\"@id\":\"https:\\\/\\\/www.latribunedufaso.net\\\/#organization\"},\"potentialAction\":[{\"@type\":\"SearchAction\",\"target\":{\"@type\":\"EntryPoint\",\"urlTemplate\":\"https:\\\/\\\/www.latribunedufaso.net\\\/?s={search_term_string}\"},\"query-input\":{\"@type\":\"PropertyValueSpecification\",\"valueRequired\":true,\"valueName\":\"search_term_string\"}}],\"inLanguage\":\"fr-FR\"},{\"@type\":\"Organization\",\"@id\":\"https:\\\/\\\/www.latribunedufaso.net\\\/#organization\",\"name\":\"La Tribune du Faso\",\"url\":\"https:\\\/\\\/www.latribunedufaso.net\\\/\",\"logo\":{\"@type\":\"ImageObject\",\"inLanguage\":\"fr-FR\",\"@id\":\"https:\\\/\\\/www.latribunedufaso.net\\\/#\\\/schema\\\/logo\\\/image\\\/\",\"url\":\"https:\\\/\\\/www.latribunedufaso.net\\\/wp-content\\\/uploads\\\/2020\\\/08\\\/Logo-Tribune-du-Faso-final-scaled.jpg\",\"contentUrl\":\"https:\\\/\\\/www.latribunedufaso.net\\\/wp-content\\\/uploads\\\/2020\\\/08\\\/Logo-Tribune-du-Faso-final-scaled.jpg\",\"width\":2560,\"height\":1856,\"caption\":\"La Tribune du Faso\"},\"image\":{\"@id\":\"https:\\\/\\\/www.latribunedufaso.net\\\/#\\\/schema\\\/logo\\\/image\\\/\"},\"sameAs\":[\"https:\\\/\\\/www.facebook.com\\\/LatribuneduFaso\\\/\"]},{\"@type\":\"Person\",\"@id\":\"https:\\\/\\\/www.latribunedufaso.net\\\/#\\\/schema\\\/person\\\/6c794fd9b7540d8c9ab42b5d3617be3d\",\"name\":\"admin\",\"image\":{\"@type\":\"ImageObject\",\"inLanguage\":\"fr-FR\",\"@id\":\"https:\\\/\\\/secure.gravatar.com\\\/avatar\\\/e4ad5bb743c8b6cb174d9df6c7d30a8a16f6889731241345fc6444e6485f02af?s=96&d=mm&r=g\",\"url\":\"https:\\\/\\\/secure.gravatar.com\\\/avatar\\\/e4ad5bb743c8b6cb174d9df6c7d30a8a16f6889731241345fc6444e6485f02af?s=96&d=mm&r=g\",\"contentUrl\":\"https:\\\/\\\/secure.gravatar.com\\\/avatar\\\/e4ad5bb743c8b6cb174d9df6c7d30a8a16f6889731241345fc6444e6485f02af?s=96&d=mm&r=g\",\"caption\":\"admin\"},\"url\":\"https:\\\/\\\/www.latribunedufaso.net\\\/?author=1\"}]}<\/script>\n<!-- \/ Yoast SEO plugin. -->","yoast_head_json":{"title":"Architecture et urbanisme : 102 \u00e9tudiants burkinab\u00e9 re\u00e7oivent leurs dipl\u00f4mes de l'EAMAU - La Tribune du Faso","robots":{"index":"index","follow":"follow","max-snippet":"max-snippet:-1","max-image-preview":"max-image-preview:large","max-video-preview":"max-video-preview:-1"},"canonical":"https:\/\/www.latribunedufaso.net\/?p=6081","og_locale":"fr_FR","og_type":"article","og_title":"Architecture et urbanisme : 102 \u00e9tudiants burkinab\u00e9 re\u00e7oivent leurs dipl\u00f4mes de l'EAMAU - La Tribune du Faso","og_description":"Le mardi 26 juillet 2022, le Ministre de l\u2019enseignement sup\u00e9rieur, de la recherche et de l\u2019innovation, Pr Fr\u00e9d\u00e9ric Ouattara, a pr\u00e9sid\u00e9 \u00e0 Ouagadougou, la c\u00e9r\u00e9monie de remise de dipl\u00f4mes de fin de formation aux \u00e9tudiants burkinab\u00e8 de l\u2019Ecole africaine des m\u00e9tiers de l\u2019architecture et de l\u2019urbanisme (EAMAU) de Lom\u00e9.","og_url":"https:\/\/www.latribunedufaso.net\/?p=6081","og_site_name":"La Tribune du Faso","article_publisher":"https:\/\/www.facebook.com\/LatribuneduFaso\/","article_published_time":"2022-07-26T17:55:36+00:00","article_modified_time":"2022-07-29T09:18:17+00:00","og_image":[{"width":870,"height":580,"url":"https:\/\/www.latribunedufaso.net\/wp-content\/uploads\/2022\/07\/IMG-20220729-WA0005.jpg","type":"image\/jpeg"}],"author":"admin","twitter_misc":{"\u00c9crit par":"admin","Dur\u00e9e de lecture estim\u00e9e":"3 minutes"},"schema":{"@context":"https:\/\/schema.org","@graph":[{"@type":"Article","@id":"https:\/\/www.latribunedufaso.net\/?p=6081#article","isPartOf":{"@id":"https:\/\/www.latribunedufaso.net\/?p=6081"},"author":{"name":"admin","@id":"https:\/\/www.latribunedufaso.net\/#\/schema\/person\/6c794fd9b7540d8c9ab42b5d3617be3d"},"headline":"Architecture et urbanisme : 102 \u00e9tudiants burkinab\u00e9 re\u00e7oivent leurs dipl\u00f4mes de l&rsquo;EAMAU","datePublished":"2022-07-26T17:55:36+00:00","dateModified":"2022-07-29T09:18:17+00:00","mainEntityOfPage":{"@id":"https:\/\/www.latribunedufaso.net\/?p=6081"},"wordCount":647,"commentCount":0,"publisher":{"@id":"https:\/\/www.latribunedufaso.net\/#organization"},"image":{"@id":"https:\/\/www.latribunedufaso.net\/?p=6081#primaryimage"},"thumbnailUrl":"https:\/\/www.latribunedufaso.net\/wp-content\/uploads\/2022\/07\/IMG-20220729-WA0005.jpg","articleSection":["A la une","Soci\u00e9t\u00e9"],"inLanguage":"fr-FR","potentialAction":[{"@type":"CommentAction","name":"Comment","target":["https:\/\/www.latribunedufaso.net\/?p=6081#respond"]}]},{"@type":"WebPage","@id":"https:\/\/www.latribunedufaso.net\/?p=6081","url":"https:\/\/www.latribunedufaso.net\/?p=6081","name":"Architecture et urbanisme : 102 \u00e9tudiants burkinab\u00e9 re\u00e7oivent leurs dipl\u00f4mes de l'EAMAU - La Tribune du Faso","isPartOf":{"@id":"https:\/\/www.latribunedufaso.net\/#website"},"primaryImageOfPage":{"@id":"https:\/\/www.latribunedufaso.net\/?p=6081#primaryimage"},"image":{"@id":"https:\/\/www.latribunedufaso.net\/?p=6081#primaryimage"},"thumbnailUrl":"https:\/\/www.latribunedufaso.net\/wp-content\/uploads\/2022\/07\/IMG-20220729-WA0005.jpg","datePublished":"2022-07-26T17:55:36+00:00","dateModified":"2022-07-29T09:18:17+00:00","breadcrumb":{"@id":"https:\/\/www.latribunedufaso.net\/?p=6081#breadcrumb"},"inLanguage":"fr-FR","potentialAction":[{"@type":"ReadAction","target":["https:\/\/www.latribunedufaso.net\/?p=6081"]}]},{"@type":"ImageObject","inLanguage":"fr-FR","@id":"https:\/\/www.latribunedufaso.net\/?p=6081#primaryimage","url":"https:\/\/www.latribunedufaso.net\/wp-content\/uploads\/2022\/07\/IMG-20220729-WA0005.jpg","contentUrl":"https:\/\/www.latribunedufaso.net\/wp-content\/uploads\/2022\/07\/IMG-20220729-WA0005.jpg","width":870,"height":580},{"@type":"BreadcrumbList","@id":"https:\/\/www.latribunedufaso.net\/?p=6081#breadcrumb","itemListElement":[{"@type":"ListItem","position":1,"name":"Accueil","item":"https:\/\/www.latribunedufaso.net\/"},{"@type":"ListItem","position":2,"name":"Architecture et urbanisme : 102 \u00e9tudiants burkinab\u00e9 re\u00e7oivent leurs dipl\u00f4mes de l&rsquo;EAMAU"}]},{"@type":"WebSite","@id":"https:\/\/www.latribunedufaso.net\/#website","url":"https:\/\/www.latribunedufaso.net\/","name":"La Tribune du Faso","description":"L&#039;information du monde rural en un clic","publisher":{"@id":"https:\/\/www.latribunedufaso.net\/#organization"},"potentialAction":[{"@type":"SearchAction","target":{"@type":"EntryPoint","urlTemplate":"https:\/\/www.latribunedufaso.net\/?s={search_term_string}"},"query-input":{"@type":"PropertyValueSpecification","valueRequired":true,"valueName":"search_term_string"}}],"inLanguage":"fr-FR"},{"@type":"Organization","@id":"https:\/\/www.latribunedufaso.net\/#organization","name":"La Tribune du Faso","url":"https:\/\/www.latribunedufaso.net\/","logo":{"@type":"ImageObject","inLanguage":"fr-FR","@id":"https:\/\/www.latribunedufaso.net\/#\/schema\/logo\/image\/","url":"https:\/\/www.latribunedufaso.net\/wp-content\/uploads\/2020\/08\/Logo-Tribune-du-Faso-final-scaled.jpg","contentUrl":"https:\/\/www.latribunedufaso.net\/wp-content\/uploads\/2020\/08\/Logo-Tribune-du-Faso-final-scaled.jpg","width":2560,"height":1856,"caption":"La Tribune du Faso"},"image":{"@id":"https:\/\/www.latribunedufaso.net\/#\/schema\/logo\/image\/"},"sameAs":["https:\/\/www.facebook.com\/LatribuneduFaso\/"]},{"@type":"Person","@id":"https:\/\/www.latribunedufaso.net\/#\/schema\/person\/6c794fd9b7540d8c9ab42b5d3617be3d","name":"admin","image":{"@type":"ImageObject","inLanguage":"fr-FR","@id":"https:\/\/secure.gravatar.com\/avatar\/e4ad5bb743c8b6cb174d9df6c7d30a8a16f6889731241345fc6444e6485f02af?s=96&d=mm&r=g","url":"https:\/\/secure.gravatar.com\/avatar\/e4ad5bb743c8b6cb174d9df6c7d30a8a16f6889731241345fc6444e6485f02af?s=96&d=mm&r=g","contentUrl":"https:\/\/secure.gravatar.com\/avatar\/e4ad5bb743c8b6cb174d9df6c7d30a8a16f6889731241345fc6444e6485f02af?s=96&d=mm&r=g","caption":"admin"},"url":"https:\/\/www.latribunedufaso.net\/?author=1"}]}},"_links":{"self":[{"href":"https:\/\/www.latribunedufaso.net\/index.php?rest_route=\/wp\/v2\/posts\/6081","targetHints":{"allow":["GET"]}}],"collection":[{"href":"https:\/\/www.latribunedufaso.net\/index.php?rest_route=\/wp\/v2\/posts"}],"about":[{"href":"https:\/\/www.latribunedufaso.net\/index.php?rest_route=\/wp\/v2\/types\/post"}],"author":[{"embeddable":true,"href":"https:\/\/www.latribunedufaso.net\/index.php?rest_route=\/wp\/v2\/users\/1"}],"replies":[{"embeddable":true,"href":"https:\/\/www.latribunedufaso.net\/index.php?rest_route=%2Fwp%2Fv2%2Fcomments&post=6081"}],"version-history":[{"count":3,"href":"https:\/\/www.latribunedufaso.net\/index.php?rest_route=\/wp\/v2\/posts\/6081\/revisions"}],"predecessor-version":[{"id":6093,"href":"https:\/\/www.latribunedufaso.net\/index.php?rest_route=\/wp\/v2\/posts\/6081\/revisions\/6093"}],"wp:featuredmedia":[{"embeddable":true,"href":"https:\/\/www.latribunedufaso.net\/index.php?rest_route=\/wp\/v2\/media\/6090"}],"wp:attachment":[{"href":"https:\/\/www.latribunedufaso.net\/index.php?rest_route=%2Fwp%2Fv2%2Fmedia&parent=6081"}],"wp:term":[{"taxonomy":"category","embeddable":true,"href":"https:\/\/www.latribunedufaso.net\/index.php?rest_route=%2Fwp%2Fv2%2Fcategories&post=6081"},{"taxonomy":"post_tag","embeddable":true,"href":"https:\/\/www.latribunedufaso.net\/index.php?rest_route=%2Fwp%2Fv2%2Ftags&post=6081"}],"curies":[{"name":"wp","href":"https:\/\/api.w.org\/{rel}","templated":true}]}}