{"id":6078,"date":"2022-07-22T17:49:11","date_gmt":"2022-07-22T17:49:11","guid":{"rendered":"https:\/\/www.latribunedufaso.net\/?p=6078"},"modified":"2022-07-29T09:34:50","modified_gmt":"2022-07-29T09:34:50","slug":"promotion-du-leadership-feminin-le-gerddes-b-restitue-les-resultats-dune-etude-sur-le-suivi-des-politiques-publiques-de-promotion-du-genre","status":"publish","type":"post","link":"https:\/\/www.latribunedufaso.net\/?p=6078","title":{"rendered":"Promotion du leadership f\u00e9minin : Sapouy s&rsquo;impr\u00e8gne  sur la politique Genre"},"content":{"rendered":"<p style=\"text-align: justify;\"><strong>Le Groupe d\u2019\u00e9tudes et de recherche sur la d\u00e9mocratie et le d\u00e9veloppement \u00e9conomique et social au Burkina Faso (GERDDES-B) a organis\u00e9 le<\/strong> 27<strong> juillet 2022 \u00e0 Sapouy un atelier de restitution des r\u00e9sultats de l\u2019\u00e9tude intitul\u00e9e \u00ab Analyse d\u2019une situation de base sur le\u00a0 suivi des politiques publiques en faveur des femmes et des jeunes filles \u00bb. Cette activit\u00e9 avait pour objectif de pr\u00e9senter aux populations des communes d\u2019intervention, les conclusions de l\u2019\u00e9tude et d\u2019enrichir le contenu \u00e0 travers des \u00e9changes afin de mieux orienter les plaidoyers pour une meilleure prise en compte du genre dans ces<\/strong> <strong>zones<\/strong>.<!--more--><\/p>\n<p style=\"text-align: justify;\">L&rsquo;\u00e9tude a \u00e9t\u00e9 r\u00e9alis\u00e9e dans le cadre de l\u2019ex\u00e9cution d\u2019un projet financ\u00e9 par l\u2019Union europ\u00e9enne (UE), intitul\u00e9\u00a0: \u00ab\u00a0Promotion du leadership f\u00e9minin dans sept (07) communes urbaines de sept (07) provinces du Burkina Faso\u00a0\u00bb. Elle a \u00e9t\u00e9 commandit\u00e9 par GERDDES-B, en consortium avec le Centre pour la gouvernance d\u00e9mocratique-Burkina Faso (CGD) et l\u2019Association d\u2019appui et d\u2019\u00e9veil Pugsada (ADEP).<\/p>\n<p style=\"text-align: justify;\">Les sept (07) localit\u00e9s ayant b\u00e9n\u00e9fici\u00e9 de l\u2019\u00e9tude sont notamment Bittou, Bouss\u00e9, Dano, Niangoloko, R\u00e9o, Sindou et Sapouy. C\u2019est une \u00e9tude qui a \u00e9t\u00e9 r\u00e9alis\u00e9e sur la base d\u2019une m\u00e9thodologie de recherche essentiellement documentaire.<\/p>\n<p style=\"text-align: justify;\">\u00ab\u00a0Il faut amener les femmes et les jeunes filles \u00e0 une plus grande contribution au d\u00e9veloppement de la nation en faisant la promotion du leadership f\u00e9minin. Au regard des statistiques, le pourcentage des femmes en mati\u00e8re de scolarisation, d\u2019alphab\u00e9tisation, d&rsquo;\u00e9conomie ou d&rsquo;entrepreneuriat, il est \u00e0 la baisse\u00a0\u00bb a constat\u00e9 le Secr\u00e9taire g\u00e9n\u00e9ral (SG) du GERDDES-B, Seydou Berth\u00e9. Il \u00e9tait par ailleurs le repr\u00e9sentant du consortium \u00e0 la rencontre.<\/p>\n<p style=\"text-align: justify;\">L\u2019\u00e9tude a fait le constat des in\u00e9galit\u00e9s et des iniquit\u00e9s \u00e0 l\u2019endroit des femmes et des jeunes filles dans tous les domaines de la soci\u00e9t\u00e9. Pour tenter d\u2019inverser la tendance, l\u2019Etat a mis en place des mesures en accordant la priorit\u00e9 aux femmes et aux jeunes notamment les jeunes filles dans les politiques publiques et leur mise en \u0153uvre.<\/p>\n<p style=\"text-align: justify;\">Cette mise en \u0153uvre fait face \u00e0 plusieurs difficult\u00e9s notamment la faible connaissance et\/ou la m\u00e9connaissance par les femmes de leurs droits, \u00a0l\u2019insuffisance de formation des femmes dans les m\u00e9tiers et l\u2019insuffisance de synergie d\u2019actions entre les acteurs de mise en \u0153uvre des politiques en faveur des jeunes.<\/p>\n<p style=\"text-align: justify;\">Le pr\u00e9fet et pr\u00e9sident de la d\u00e9l\u00e9gation sp\u00e9ciale de la commune de Sapouy, Siaka Ouattara, a invit\u00e9 tout un chacun a se sentir concern\u00e9 dans le d\u00e9veloppement de la localit\u00e9. \u00ab\u00a0Nous allons renforcer nos activit\u00e9s de sensibilisation \u00e0 l\u2019endroit de la population pour la promotion du leadership f\u00e9minin et l\u2019implication des femmes et des jeunes filles pour une contribution v\u00e9ritable au d\u00e9veloppement de notre localit\u00e9\u00a0\u00bb a-t-il poursuivi.<\/p>\n<p style=\"text-align: justify;\">L\u2019\u00e9tude a fait des propositions de solutions pour l\u2019atteinte des objectifs des politiques publiques sur le genre. Il s\u2019agit\u00a0 notamment du suivi des politiques publiques en faveur des femmes et des jeunes filles, de la poursuite de la politique de renforcement de l\u2019autonomisation financi\u00e8re des femmes, et de la mise en \u0153uvre des propositions par rapport au quota genre.<\/p>\n<p style=\"text-align: justify;\">Lors des \u00e9changes, les participants ont relev\u00e9 des insuffisances dans le document. Pour eux, l\u2019\u00e9tude ne touche pas du doigt les r\u00e9alit\u00e9s de Sapouy sur la promotion du genre dans les politiques publiques. Ils ont fait des recommandations pour am\u00e9liorer les r\u00e9sultats et ont demand\u00e9 la r\u00e9alisation d\u2019une enqu\u00eate terrain dans la localit\u00e9 afin de toucher r\u00e9ellement du doigt les r\u00e9alit\u00e9s dans la zone.<\/p>\n<p style=\"text-align: justify;\">Au sortir de la rencontre, le SG du GERDDES-B, Seydou Berth\u00e9, s\u2019est dit satisfait de la participation et du r\u00e9sultat des travaux.<\/p>\n<p style=\"text-align: justify;\"><strong>Issouf Tapsoba<\/strong><\/p>\n<p style=\"text-align: justify;\"><strong>Latribunedufaso.net<\/strong><\/p>\n","protected":false},"excerpt":{"rendered":"<p>Le Groupe d\u2019\u00e9tudes et de recherche sur la d\u00e9mocratie et le d\u00e9veloppement \u00e9conomique et social au Burkina Faso (GERDDES-B) a organis\u00e9 le 27 juillet 2022 \u00e0 Sapouy un atelier de restitution des r\u00e9sultats de l\u2019\u00e9tude intitul\u00e9e \u00ab Analyse d\u2019une situation de base sur le\u00a0 suivi des politiques publiques en faveur des femmes et des jeunes filles \u00bb. Cette activit\u00e9 avait pour objectif de pr\u00e9senter aux populations des communes d\u2019intervention, les conclusions de l\u2019\u00e9tude et d\u2019enrichir le contenu \u00e0 travers des \u00e9changes afin de mieux orienter les plaidoyers pour une meilleure prise en compte du genre dans ces zones.<\/p>\n","protected":false},"author":1,"featured_media":6079,"comment_status":"open","ping_status":"open","sticky":false,"template":"","format":"standard","meta":{"footnotes":""},"categories":[13,8],"tags":[],"class_list":["post-6078","post","type-post","status-publish","format-standard","has-post-thumbnail","hentry","category-une","category-societe"],"yoast_head":"<!-- This site is optimized with the Yoast SEO plugin v27.4 - https:\/\/yoast.com\/product\/yoast-seo-wordpress\/ -->\n<title>Promotion du leadership f\u00e9minin : Sapouy s&#039;impr\u00e8gne sur la politique Genre - La Tribune du Faso<\/title>\n<meta name=\"robots\" content=\"index, follow, max-snippet:-1, max-image-preview:large, max-video-preview:-1\" \/>\n<link rel=\"canonical\" href=\"https:\/\/www.latribunedufaso.net\/?p=6078\" \/>\n<meta property=\"og:locale\" content=\"fr_FR\" \/>\n<meta property=\"og:type\" content=\"article\" \/>\n<meta property=\"og:title\" content=\"Promotion du leadership f\u00e9minin : Sapouy s&#039;impr\u00e8gne sur la politique Genre - La Tribune du Faso\" \/>\n<meta property=\"og:description\" content=\"Le Groupe d\u2019\u00e9tudes et de recherche sur la d\u00e9mocratie et le d\u00e9veloppement \u00e9conomique et social au Burkina Faso (GERDDES-B) a organis\u00e9 le 27 juillet 2022 \u00e0 Sapouy un atelier de restitution des r\u00e9sultats de l\u2019\u00e9tude intitul\u00e9e \u00ab Analyse d\u2019une situation de base sur le\u00a0 suivi des politiques publiques en faveur des femmes et des jeunes filles \u00bb. Cette activit\u00e9 avait pour objectif de pr\u00e9senter aux populations des communes d\u2019intervention, les conclusions de l\u2019\u00e9tude et d\u2019enrichir le contenu \u00e0 travers des \u00e9changes afin de mieux orienter les plaidoyers pour une meilleure prise en compte du genre dans ces zones.\" \/>\n<meta property=\"og:url\" content=\"https:\/\/www.latribunedufaso.net\/?p=6078\" \/>\n<meta property=\"og:site_name\" content=\"La Tribune du Faso\" \/>\n<meta property=\"article:publisher\" content=\"https:\/\/www.facebook.com\/LatribuneduFaso\/\" \/>\n<meta property=\"article:published_time\" content=\"2022-07-22T17:49:11+00:00\" \/>\n<meta property=\"article:modified_time\" content=\"2022-07-29T09:34:50+00:00\" \/>\n<meta property=\"og:image\" content=\"https:\/\/www.latribunedufaso.net\/wp-content\/uploads\/2022\/07\/sapouy.jpeg\" \/>\n\t<meta property=\"og:image:width\" content=\"984\" \/>\n\t<meta property=\"og:image:height\" content=\"432\" \/>\n\t<meta property=\"og:image:type\" content=\"image\/jpeg\" \/>\n<meta name=\"author\" content=\"admin\" \/>\n<meta name=\"twitter:label1\" content=\"\u00c9crit par\" \/>\n\t<meta name=\"twitter:data1\" content=\"admin\" \/>\n\t<meta name=\"twitter:label2\" content=\"Dur\u00e9e de lecture estim\u00e9e\" \/>\n\t<meta name=\"twitter:data2\" content=\"3 minutes\" \/>\n<script type=\"application\/ld+json\" class=\"yoast-schema-graph\">{\"@context\":\"https:\\\/\\\/schema.org\",\"@graph\":[{\"@type\":\"Article\",\"@id\":\"https:\\\/\\\/www.latribunedufaso.net\\\/?p=6078#article\",\"isPartOf\":{\"@id\":\"https:\\\/\\\/www.latribunedufaso.net\\\/?p=6078\"},\"author\":{\"name\":\"admin\",\"@id\":\"https:\\\/\\\/www.latribunedufaso.net\\\/#\\\/schema\\\/person\\\/6c794fd9b7540d8c9ab42b5d3617be3d\"},\"headline\":\"Promotion du leadership f\u00e9minin : Sapouy s&rsquo;impr\u00e8gne sur la politique Genre\",\"datePublished\":\"2022-07-22T17:49:11+00:00\",\"dateModified\":\"2022-07-29T09:34:50+00:00\",\"mainEntityOfPage\":{\"@id\":\"https:\\\/\\\/www.latribunedufaso.net\\\/?p=6078\"},\"wordCount\":668,\"commentCount\":0,\"publisher\":{\"@id\":\"https:\\\/\\\/www.latribunedufaso.net\\\/#organization\"},\"image\":{\"@id\":\"https:\\\/\\\/www.latribunedufaso.net\\\/?p=6078#primaryimage\"},\"thumbnailUrl\":\"https:\\\/\\\/www.latribunedufaso.net\\\/wp-content\\\/uploads\\\/2022\\\/07\\\/sapouy.jpeg\",\"articleSection\":[\"A la une\",\"Soci\u00e9t\u00e9\"],\"inLanguage\":\"fr-FR\",\"potentialAction\":[{\"@type\":\"CommentAction\",\"name\":\"Comment\",\"target\":[\"https:\\\/\\\/www.latribunedufaso.net\\\/?p=6078#respond\"]}]},{\"@type\":\"WebPage\",\"@id\":\"https:\\\/\\\/www.latribunedufaso.net\\\/?p=6078\",\"url\":\"https:\\\/\\\/www.latribunedufaso.net\\\/?p=6078\",\"name\":\"Promotion du leadership f\u00e9minin : Sapouy s'impr\u00e8gne sur la politique Genre - La Tribune du Faso\",\"isPartOf\":{\"@id\":\"https:\\\/\\\/www.latribunedufaso.net\\\/#website\"},\"primaryImageOfPage\":{\"@id\":\"https:\\\/\\\/www.latribunedufaso.net\\\/?p=6078#primaryimage\"},\"image\":{\"@id\":\"https:\\\/\\\/www.latribunedufaso.net\\\/?p=6078#primaryimage\"},\"thumbnailUrl\":\"https:\\\/\\\/www.latribunedufaso.net\\\/wp-content\\\/uploads\\\/2022\\\/07\\\/sapouy.jpeg\",\"datePublished\":\"2022-07-22T17:49:11+00:00\",\"dateModified\":\"2022-07-29T09:34:50+00:00\",\"breadcrumb\":{\"@id\":\"https:\\\/\\\/www.latribunedufaso.net\\\/?p=6078#breadcrumb\"},\"inLanguage\":\"fr-FR\",\"potentialAction\":[{\"@type\":\"ReadAction\",\"target\":[\"https:\\\/\\\/www.latribunedufaso.net\\\/?p=6078\"]}]},{\"@type\":\"ImageObject\",\"inLanguage\":\"fr-FR\",\"@id\":\"https:\\\/\\\/www.latribunedufaso.net\\\/?p=6078#primaryimage\",\"url\":\"https:\\\/\\\/www.latribunedufaso.net\\\/wp-content\\\/uploads\\\/2022\\\/07\\\/sapouy.jpeg\",\"contentUrl\":\"https:\\\/\\\/www.latribunedufaso.net\\\/wp-content\\\/uploads\\\/2022\\\/07\\\/sapouy.jpeg\",\"width\":984,\"height\":432},{\"@type\":\"BreadcrumbList\",\"@id\":\"https:\\\/\\\/www.latribunedufaso.net\\\/?p=6078#breadcrumb\",\"itemListElement\":[{\"@type\":\"ListItem\",\"position\":1,\"name\":\"Accueil\",\"item\":\"https:\\\/\\\/www.latribunedufaso.net\\\/\"},{\"@type\":\"ListItem\",\"position\":2,\"name\":\"Promotion du leadership f\u00e9minin : Sapouy s&rsquo;impr\u00e8gne sur la politique Genre\"}]},{\"@type\":\"WebSite\",\"@id\":\"https:\\\/\\\/www.latribunedufaso.net\\\/#website\",\"url\":\"https:\\\/\\\/www.latribunedufaso.net\\\/\",\"name\":\"La Tribune du Faso\",\"description\":\"L&#039;information du monde rural en un clic\",\"publisher\":{\"@id\":\"https:\\\/\\\/www.latribunedufaso.net\\\/#organization\"},\"potentialAction\":[{\"@type\":\"SearchAction\",\"target\":{\"@type\":\"EntryPoint\",\"urlTemplate\":\"https:\\\/\\\/www.latribunedufaso.net\\\/?s={search_term_string}\"},\"query-input\":{\"@type\":\"PropertyValueSpecification\",\"valueRequired\":true,\"valueName\":\"search_term_string\"}}],\"inLanguage\":\"fr-FR\"},{\"@type\":\"Organization\",\"@id\":\"https:\\\/\\\/www.latribunedufaso.net\\\/#organization\",\"name\":\"La Tribune du Faso\",\"url\":\"https:\\\/\\\/www.latribunedufaso.net\\\/\",\"logo\":{\"@type\":\"ImageObject\",\"inLanguage\":\"fr-FR\",\"@id\":\"https:\\\/\\\/www.latribunedufaso.net\\\/#\\\/schema\\\/logo\\\/image\\\/\",\"url\":\"https:\\\/\\\/www.latribunedufaso.net\\\/wp-content\\\/uploads\\\/2020\\\/08\\\/Logo-Tribune-du-Faso-final-scaled.jpg\",\"contentUrl\":\"https:\\\/\\\/www.latribunedufaso.net\\\/wp-content\\\/uploads\\\/2020\\\/08\\\/Logo-Tribune-du-Faso-final-scaled.jpg\",\"width\":2560,\"height\":1856,\"caption\":\"La Tribune du Faso\"},\"image\":{\"@id\":\"https:\\\/\\\/www.latribunedufaso.net\\\/#\\\/schema\\\/logo\\\/image\\\/\"},\"sameAs\":[\"https:\\\/\\\/www.facebook.com\\\/LatribuneduFaso\\\/\"]},{\"@type\":\"Person\",\"@id\":\"https:\\\/\\\/www.latribunedufaso.net\\\/#\\\/schema\\\/person\\\/6c794fd9b7540d8c9ab42b5d3617be3d\",\"name\":\"admin\",\"image\":{\"@type\":\"ImageObject\",\"inLanguage\":\"fr-FR\",\"@id\":\"https:\\\/\\\/secure.gravatar.com\\\/avatar\\\/e4ad5bb743c8b6cb174d9df6c7d30a8a16f6889731241345fc6444e6485f02af?s=96&d=mm&r=g\",\"url\":\"https:\\\/\\\/secure.gravatar.com\\\/avatar\\\/e4ad5bb743c8b6cb174d9df6c7d30a8a16f6889731241345fc6444e6485f02af?s=96&d=mm&r=g\",\"contentUrl\":\"https:\\\/\\\/secure.gravatar.com\\\/avatar\\\/e4ad5bb743c8b6cb174d9df6c7d30a8a16f6889731241345fc6444e6485f02af?s=96&d=mm&r=g\",\"caption\":\"admin\"},\"url\":\"https:\\\/\\\/www.latribunedufaso.net\\\/?author=1\"}]}<\/script>\n<!-- \/ Yoast SEO plugin. -->","yoast_head_json":{"title":"Promotion du leadership f\u00e9minin : Sapouy s'impr\u00e8gne sur la politique Genre - La Tribune du Faso","robots":{"index":"index","follow":"follow","max-snippet":"max-snippet:-1","max-image-preview":"max-image-preview:large","max-video-preview":"max-video-preview:-1"},"canonical":"https:\/\/www.latribunedufaso.net\/?p=6078","og_locale":"fr_FR","og_type":"article","og_title":"Promotion du leadership f\u00e9minin : Sapouy s'impr\u00e8gne sur la politique Genre - La Tribune du Faso","og_description":"Le Groupe d\u2019\u00e9tudes et de recherche sur la d\u00e9mocratie et le d\u00e9veloppement \u00e9conomique et social au Burkina Faso (GERDDES-B) a organis\u00e9 le 27 juillet 2022 \u00e0 Sapouy un atelier de restitution des r\u00e9sultats de l\u2019\u00e9tude intitul\u00e9e \u00ab Analyse d\u2019une situation de base sur le\u00a0 suivi des politiques publiques en faveur des femmes et des jeunes filles \u00bb. Cette activit\u00e9 avait pour objectif de pr\u00e9senter aux populations des communes d\u2019intervention, les conclusions de l\u2019\u00e9tude et d\u2019enrichir le contenu \u00e0 travers des \u00e9changes afin de mieux orienter les plaidoyers pour une meilleure prise en compte du genre dans ces zones.","og_url":"https:\/\/www.latribunedufaso.net\/?p=6078","og_site_name":"La Tribune du Faso","article_publisher":"https:\/\/www.facebook.com\/LatribuneduFaso\/","article_published_time":"2022-07-22T17:49:11+00:00","article_modified_time":"2022-07-29T09:34:50+00:00","og_image":[{"width":984,"height":432,"url":"https:\/\/www.latribunedufaso.net\/wp-content\/uploads\/2022\/07\/sapouy.jpeg","type":"image\/jpeg"}],"author":"admin","twitter_misc":{"\u00c9crit par":"admin","Dur\u00e9e de lecture estim\u00e9e":"3 minutes"},"schema":{"@context":"https:\/\/schema.org","@graph":[{"@type":"Article","@id":"https:\/\/www.latribunedufaso.net\/?p=6078#article","isPartOf":{"@id":"https:\/\/www.latribunedufaso.net\/?p=6078"},"author":{"name":"admin","@id":"https:\/\/www.latribunedufaso.net\/#\/schema\/person\/6c794fd9b7540d8c9ab42b5d3617be3d"},"headline":"Promotion du leadership f\u00e9minin : Sapouy s&rsquo;impr\u00e8gne sur la politique Genre","datePublished":"2022-07-22T17:49:11+00:00","dateModified":"2022-07-29T09:34:50+00:00","mainEntityOfPage":{"@id":"https:\/\/www.latribunedufaso.net\/?p=6078"},"wordCount":668,"commentCount":0,"publisher":{"@id":"https:\/\/www.latribunedufaso.net\/#organization"},"image":{"@id":"https:\/\/www.latribunedufaso.net\/?p=6078#primaryimage"},"thumbnailUrl":"https:\/\/www.latribunedufaso.net\/wp-content\/uploads\/2022\/07\/sapouy.jpeg","articleSection":["A la une","Soci\u00e9t\u00e9"],"inLanguage":"fr-FR","potentialAction":[{"@type":"CommentAction","name":"Comment","target":["https:\/\/www.latribunedufaso.net\/?p=6078#respond"]}]},{"@type":"WebPage","@id":"https:\/\/www.latribunedufaso.net\/?p=6078","url":"https:\/\/www.latribunedufaso.net\/?p=6078","name":"Promotion du leadership f\u00e9minin : Sapouy s'impr\u00e8gne sur la politique Genre - La Tribune du Faso","isPartOf":{"@id":"https:\/\/www.latribunedufaso.net\/#website"},"primaryImageOfPage":{"@id":"https:\/\/www.latribunedufaso.net\/?p=6078#primaryimage"},"image":{"@id":"https:\/\/www.latribunedufaso.net\/?p=6078#primaryimage"},"thumbnailUrl":"https:\/\/www.latribunedufaso.net\/wp-content\/uploads\/2022\/07\/sapouy.jpeg","datePublished":"2022-07-22T17:49:11+00:00","dateModified":"2022-07-29T09:34:50+00:00","breadcrumb":{"@id":"https:\/\/www.latribunedufaso.net\/?p=6078#breadcrumb"},"inLanguage":"fr-FR","potentialAction":[{"@type":"ReadAction","target":["https:\/\/www.latribunedufaso.net\/?p=6078"]}]},{"@type":"ImageObject","inLanguage":"fr-FR","@id":"https:\/\/www.latribunedufaso.net\/?p=6078#primaryimage","url":"https:\/\/www.latribunedufaso.net\/wp-content\/uploads\/2022\/07\/sapouy.jpeg","contentUrl":"https:\/\/www.latribunedufaso.net\/wp-content\/uploads\/2022\/07\/sapouy.jpeg","width":984,"height":432},{"@type":"BreadcrumbList","@id":"https:\/\/www.latribunedufaso.net\/?p=6078#breadcrumb","itemListElement":[{"@type":"ListItem","position":1,"name":"Accueil","item":"https:\/\/www.latribunedufaso.net\/"},{"@type":"ListItem","position":2,"name":"Promotion du leadership f\u00e9minin : Sapouy s&rsquo;impr\u00e8gne sur la politique Genre"}]},{"@type":"WebSite","@id":"https:\/\/www.latribunedufaso.net\/#website","url":"https:\/\/www.latribunedufaso.net\/","name":"La Tribune du Faso","description":"L&#039;information du monde rural en un clic","publisher":{"@id":"https:\/\/www.latribunedufaso.net\/#organization"},"potentialAction":[{"@type":"SearchAction","target":{"@type":"EntryPoint","urlTemplate":"https:\/\/www.latribunedufaso.net\/?s={search_term_string}"},"query-input":{"@type":"PropertyValueSpecification","valueRequired":true,"valueName":"search_term_string"}}],"inLanguage":"fr-FR"},{"@type":"Organization","@id":"https:\/\/www.latribunedufaso.net\/#organization","name":"La Tribune du Faso","url":"https:\/\/www.latribunedufaso.net\/","logo":{"@type":"ImageObject","inLanguage":"fr-FR","@id":"https:\/\/www.latribunedufaso.net\/#\/schema\/logo\/image\/","url":"https:\/\/www.latribunedufaso.net\/wp-content\/uploads\/2020\/08\/Logo-Tribune-du-Faso-final-scaled.jpg","contentUrl":"https:\/\/www.latribunedufaso.net\/wp-content\/uploads\/2020\/08\/Logo-Tribune-du-Faso-final-scaled.jpg","width":2560,"height":1856,"caption":"La Tribune du Faso"},"image":{"@id":"https:\/\/www.latribunedufaso.net\/#\/schema\/logo\/image\/"},"sameAs":["https:\/\/www.facebook.com\/LatribuneduFaso\/"]},{"@type":"Person","@id":"https:\/\/www.latribunedufaso.net\/#\/schema\/person\/6c794fd9b7540d8c9ab42b5d3617be3d","name":"admin","image":{"@type":"ImageObject","inLanguage":"fr-FR","@id":"https:\/\/secure.gravatar.com\/avatar\/e4ad5bb743c8b6cb174d9df6c7d30a8a16f6889731241345fc6444e6485f02af?s=96&d=mm&r=g","url":"https:\/\/secure.gravatar.com\/avatar\/e4ad5bb743c8b6cb174d9df6c7d30a8a16f6889731241345fc6444e6485f02af?s=96&d=mm&r=g","contentUrl":"https:\/\/secure.gravatar.com\/avatar\/e4ad5bb743c8b6cb174d9df6c7d30a8a16f6889731241345fc6444e6485f02af?s=96&d=mm&r=g","caption":"admin"},"url":"https:\/\/www.latribunedufaso.net\/?author=1"}]}},"_links":{"self":[{"href":"https:\/\/www.latribunedufaso.net\/index.php?rest_route=\/wp\/v2\/posts\/6078","targetHints":{"allow":["GET"]}}],"collection":[{"href":"https:\/\/www.latribunedufaso.net\/index.php?rest_route=\/wp\/v2\/posts"}],"about":[{"href":"https:\/\/www.latribunedufaso.net\/index.php?rest_route=\/wp\/v2\/types\/post"}],"author":[{"embeddable":true,"href":"https:\/\/www.latribunedufaso.net\/index.php?rest_route=\/wp\/v2\/users\/1"}],"replies":[{"embeddable":true,"href":"https:\/\/www.latribunedufaso.net\/index.php?rest_route=%2Fwp%2Fv2%2Fcomments&post=6078"}],"version-history":[{"count":4,"href":"https:\/\/www.latribunedufaso.net\/index.php?rest_route=\/wp\/v2\/posts\/6078\/revisions"}],"predecessor-version":[{"id":6099,"href":"https:\/\/www.latribunedufaso.net\/index.php?rest_route=\/wp\/v2\/posts\/6078\/revisions\/6099"}],"wp:featuredmedia":[{"embeddable":true,"href":"https:\/\/www.latribunedufaso.net\/index.php?rest_route=\/wp\/v2\/media\/6079"}],"wp:attachment":[{"href":"https:\/\/www.latribunedufaso.net\/index.php?rest_route=%2Fwp%2Fv2%2Fmedia&parent=6078"}],"wp:term":[{"taxonomy":"category","embeddable":true,"href":"https:\/\/www.latribunedufaso.net\/index.php?rest_route=%2Fwp%2Fv2%2Fcategories&post=6078"},{"taxonomy":"post_tag","embeddable":true,"href":"https:\/\/www.latribunedufaso.net\/index.php?rest_route=%2Fwp%2Fv2%2Ftags&post=6078"}],"curies":[{"name":"wp","href":"https:\/\/api.w.org\/{rel}","templated":true}]}}