{"id":6055,"date":"2022-07-22T12:20:28","date_gmt":"2022-07-22T12:20:28","guid":{"rendered":"https:\/\/www.latribunedufaso.net\/?p=6055"},"modified":"2022-07-26T12:26:26","modified_gmt":"2022-07-26T12:26:26","slug":"fonds-minier-de-developpement-local-les-delegations-speciales-outillees","status":"publish","type":"post","link":"https:\/\/www.latribunedufaso.net\/?p=6055","title":{"rendered":"Fonds minier de d\u00e9veloppement local : les d\u00e9l\u00e9gations sp\u00e9ciales outill\u00e9es"},"content":{"rendered":"<p style=\"text-align: justify;\"><strong>Ce vendredi 22 juillet 2022 \u00e0 Ouagadougou, l\u2019Organisation pour le renforcement des capacit\u00e9s de d\u00e9veloppement (ORCADE), en collaboration avec l\u2019Association des femmes du secteur minier (AFEMIB), organise au profit des d\u00e9l\u00e9gations sp\u00e9ciales qui viennent d\u2019\u00eatre install\u00e9es pour poursuivre l\u2019\u0153uvre de d\u00e9veloppement des collectivit\u00e9s territoriales, un atelier d\u2019information, de formation et de plaidoyer sur le fonds minier de d\u00e9veloppement local.<\/strong><\/p>\n<p style=\"text-align: justify;\">En 2015 au Burkina Faso, la loi N 036-2015\/CNT du 26 juin proc\u00e9dait \u00e0 la cr\u00e9ation d\u2019un fonds minier de d\u00e9veloppement local pour booster le d\u00e9veloppement \u00e0 la base en vue d\u2019am\u00e9liorer les conditions de vie des populations, et de r\u00e9duire ainsi leur pauvret\u00e9 dans les zones mini\u00e8res et pr\u00e9parer de meilleures conditions de vie apr\u00e8s la fermeture des mines.<\/p>\n<p style=\"text-align: justify;\">Op\u00e9rationnalis\u00e9 en 2019, ce fonds est r\u00e9guli\u00e8rement reparti et les montants sont revers\u00e9s aux communes et aux conseils r\u00e9gionaux pour contribuer au financement des Plans communaux de d\u00e9veloppement (PCD) et des Plans r\u00e9gionaux de d\u00e9veloppement (PRD).<\/p>\n<p style=\"text-align: justify;\">Avec la dissolution des conseils municipaux et r\u00e9gionaux, suite au coup d\u2019Etat du Mouvement patriotique pour la sauvegarde et la restauration (MPSR) intervenu le 24 janvier 2022, ces ex\u00e9cutifs locaux ont \u00e9t\u00e9 remplac\u00e9s par des d\u00e9l\u00e9gations sp\u00e9ciales, lesquelles auront en charge la gestion des ressources du fonds minier de d\u00e9veloppement local pour poursuivre les \u0153uvres de d\u00e9veloppement local entreprises par leurs pr\u00e9d\u00e9cesseurs.<\/p>\n<p style=\"text-align: justify;\"><a href=\"https:\/\/latribunedufaso.net\/wp-content\/uploads\/2022\/07\/mine-1.jpeg\"><img loading=\"lazy\" decoding=\"async\" class=\" wp-image-6058 alignleft\" src=\"https:\/\/latribunedufaso.net\/wp-content\/uploads\/2022\/07\/mine-1-300x225.jpeg\" alt=\"\" width=\"420\" height=\"315\" srcset=\"https:\/\/www.latribunedufaso.net\/wp-content\/uploads\/2022\/07\/mine-1-300x225.jpeg 300w, https:\/\/www.latribunedufaso.net\/wp-content\/uploads\/2022\/07\/mine-1-1024x768.jpeg 1024w, https:\/\/www.latribunedufaso.net\/wp-content\/uploads\/2022\/07\/mine-1-768x576.jpeg 768w, https:\/\/www.latribunedufaso.net\/wp-content\/uploads\/2022\/07\/mine-1.jpeg 1040w\" sizes=\"auto, (max-width: 420px) 100vw, 420px\" \/><\/a>C\u2019est dans cette optique que l\u2019Organisation pour le renforcement des capacit\u00e9s de d\u00e9veloppement (ORCADE), en collaboration avec l\u2019Association des femmes du secteur minier (AFEMIB) tient cet atelier \u00e0 leur endroit. L\u2019objectif g\u00e9n\u00e9ral de l\u2019atelier, \u00e0 entendre Jonas Hien de l\u2019ORCADE, est de permettre \u00e0 ces d\u00e9l\u00e9gations sp\u00e9ciales de s\u2019approprier le fonds minier de d\u00e9veloppement local. \u00ab Sp\u00e9cifiquement, il s\u2019agit de fournir aux diff\u00e9rents acteurs les informations sur le fonds minier de d\u00e9veloppement local, les m\u00e9canismes et conditions d\u2019utilisation des ressources du fonds minier, les montants allou\u00e9s et d\u00e9j\u00e0 transf\u00e9r\u00e9s aux collectivit\u00e9s territoriales, ainsi que des informations sur le plaidoyer 30% du fonds minier au profit des femmes et des jeunes, et sur le r\u00f4le et la responsabilit\u00e9 des organes de suivi du fonds minier et des acteurs de gestion du fonds\u00a0\u00bb, a-t-il soutenu.<\/p>\n<p style=\"text-align: justify;\">Ainsi, plusieurs communications marqueront la journ\u00e9e. Une communication qui sera anim\u00e9e par l\u2019ORCADE sur \u00ab\u00a0 le fonds minier de d\u00e9veloppement local\u00a0: cr\u00e9ation, collecte, mode de r\u00e9partition, b\u00e9n\u00e9ficiaires, projets \u00e9ligibles, principes de gouvernance, organes de suivi, r\u00f4le des acteurs, transparence et redevabilit\u00e9\u00a0\u00bb\u00a0; une autre par l\u2019AFEMIB sur\u00a0:\u00a0\u00ab\u00a0le plaidoyer 30% du fonds minier pour financer les projets qui r\u00e9pondent aux besoins sp\u00e9cifiques des femmes et des jeunes\u00a0\u00bb. De plus, il y aura une communication qui sera pr\u00e9sent\u00e9e par le Minist\u00e8re des mines et des carri\u00e8res et qui portera sur\u00a0:\u00a0\u00ab\u00a0le cadre l\u00e9gislatif, r\u00e9glementaire et l\u2019utilisation des ressources du fonds minier\u00a0: modalit\u00e9s de perception des paiements au fonds, r\u00e9partitions du fonds d\u00e9j\u00e0 faites, la cl\u00e9 de r\u00e9partition, montants d\u00e9j\u00e0 r\u00e9partis, utilisation des ressources aux communes et aux conseils r\u00e9gionaux, situation et constats des ressources d\u00e9j\u00e0 utilis\u00e9es, d\u00e9penses non \u00e9ligibles avec les ressources du fonds minier\u00a0\u00bb. Et une intervention du Centre national de presse Norbert Zongo (CNP-NZ) sur l\u2019utilisation des ressources du fonds minier par les m\u00e9dias communautaires et la redevabilit\u00e9 dans l\u2019utilisation de ces ressources.<\/p>\n<p style=\"text-align: justify;\">Abordant la question du plaidoyer en faveur des femmes, Lucie Kabr\u00e9 de l\u2019AFEMIB a indiqu\u00e9 que ce plaidoyer entam\u00e9 depuis un certain temps a pour objectif d\u2019amener les premiers responsables des communes rurales \u00e0 prendre des dispositions non seulement pour int\u00e9grer les Activit\u00e9s g\u00e9n\u00e9ratrices de revenus (AGR) des femmes dans les plans communaux de d\u00e9veloppement, mais surtout \u00e0 rendre effectif leur financement \u00e0 partir de quota fix\u00e9. \u00ab\u00a0Le plaidoyer vise \u00e0 faire prendre en compte les femmes de fa\u00e7on explicite dans la r\u00e9glementation qui porte sur l\u2019utilisation des ressources du fonds minier de d\u00e9veloppement local, ainsi qu\u2019une application de fa\u00e7on syst\u00e9matique de 30% dans les allocations des ressources du fonds minier, \u00e0 des projets qui r\u00e9pondent aux besoins sp\u00e9cifiques des femmes et des jeunes\u00a0\u00bb, a-t-elle confi\u00e9, tout en donnant comme exemples de projets, la r\u00e9alisation de points d\u2019eau\u00a0; la construction de centres de m\u00e9tiers pour femmes et jeunes, d\u2019unit\u00e9s de transformation de produits locaux\u00a0; la formation des femmes et jeunes \u00e0 la r\u00e9paration de forages, etc.<\/p>\n<p style=\"text-align: justify;\"><strong>Aliz\u00e8ta Zour\u00e9<\/strong><\/p>\n<p style=\"text-align: justify;\"><strong>Latribunedufaso.net<\/strong><\/p>\n","protected":false},"excerpt":{"rendered":"<p>Ce vendredi 22 juillet 2022 \u00e0 Ouagadougou, l\u2019Organisation pour le renforcement des capacit\u00e9s de d\u00e9veloppement (ORCADE), en collaboration avec l\u2019Association des femmes du secteur minier (AFEMIB), organise au profit des d\u00e9l\u00e9gations sp\u00e9ciales qui viennent d\u2019\u00eatre install\u00e9es pour poursuivre l\u2019\u0153uvre de d\u00e9veloppement des collectivit\u00e9s territoriales, un atelier d\u2019information, de formation et de plaidoyer sur le fonds minier de d\u00e9veloppement local. En 2015 au Burkina Faso, la loi N 036-2015\/CNT du 26 juin proc\u00e9dait \u00e0 la cr\u00e9ation d\u2019un fonds minier de d\u00e9veloppement local pour booster le d\u00e9veloppement \u00e0 la base en vue d\u2019am\u00e9liorer les conditions de vie des populations, et de r\u00e9duire ainsi leur pauvret\u00e9 dans les zones mini\u00e8res et pr\u00e9parer de meilleures conditions de vie apr\u00e8s la fermeture des mines. Op\u00e9rationnalis\u00e9 en 2019, ce fonds est r\u00e9guli\u00e8rement reparti et les montants sont revers\u00e9s aux communes et aux conseils r\u00e9gionaux pour contribuer au financement des Plans communaux de d\u00e9veloppement (PCD) et des Plans r\u00e9gionaux de d\u00e9veloppement (PRD). Avec la dissolution des conseils municipaux et r\u00e9gionaux, suite au coup d\u2019Etat du Mouvement patriotique pour la sauvegarde et la restauration (MPSR) intervenu le 24 janvier 2022, ces ex\u00e9cutifs locaux ont \u00e9t\u00e9 remplac\u00e9s par des d\u00e9l\u00e9gations sp\u00e9ciales, lesquelles auront en charge la gestion des ressources du fonds minier de d\u00e9veloppement local pour poursuivre les \u0153uvres de d\u00e9veloppement local entreprises par leurs pr\u00e9d\u00e9cesseurs. C\u2019est dans cette optique que l\u2019Organisation pour le renforcement des capacit\u00e9s de d\u00e9veloppement (ORCADE), en collaboration avec l\u2019Association des femmes du secteur minier (AFEMIB) tient cet atelier \u00e0 leur endroit. L\u2019objectif g\u00e9n\u00e9ral de l\u2019atelier, \u00e0 entendre Jonas Hien de l\u2019ORCADE, est de permettre \u00e0 ces d\u00e9l\u00e9gations sp\u00e9ciales de s\u2019approprier le fonds minier de d\u00e9veloppement local. \u00ab Sp\u00e9cifiquement, il s\u2019agit de fournir aux diff\u00e9rents acteurs les informations sur le fonds minier de d\u00e9veloppement local, les m\u00e9canismes et conditions d\u2019utilisation des ressources du fonds minier, les montants allou\u00e9s et d\u00e9j\u00e0 transf\u00e9r\u00e9s aux collectivit\u00e9s territoriales, ainsi que des informations sur le plaidoyer 30% du fonds minier au profit des femmes et des jeunes, et sur le r\u00f4le et la responsabilit\u00e9 des organes de suivi du fonds minier et des acteurs de gestion du fonds\u00a0\u00bb, a-t-il soutenu. Ainsi, plusieurs communications marqueront la journ\u00e9e. Une communication qui sera anim\u00e9e par l\u2019ORCADE sur \u00ab\u00a0 le fonds minier de d\u00e9veloppement local\u00a0: cr\u00e9ation, collecte, mode de r\u00e9partition, b\u00e9n\u00e9ficiaires, projets \u00e9ligibles, principes de gouvernance, organes de suivi, r\u00f4le des acteurs, transparence et redevabilit\u00e9\u00a0\u00bb\u00a0; une autre par l\u2019AFEMIB sur\u00a0:\u00a0\u00ab\u00a0le plaidoyer 30% du fonds minier pour financer les projets qui r\u00e9pondent aux besoins sp\u00e9cifiques des femmes et des jeunes\u00a0\u00bb. De plus, il y aura une communication qui sera pr\u00e9sent\u00e9e par le Minist\u00e8re des mines et des carri\u00e8res et qui portera sur\u00a0:\u00a0\u00ab\u00a0le cadre l\u00e9gislatif, r\u00e9glementaire et l\u2019utilisation des ressources du fonds minier\u00a0: modalit\u00e9s de perception des paiements au fonds, r\u00e9partitions du fonds d\u00e9j\u00e0 faites, la cl\u00e9 de r\u00e9partition, montants d\u00e9j\u00e0 r\u00e9partis, utilisation des ressources aux communes et aux conseils r\u00e9gionaux, situation et constats des ressources d\u00e9j\u00e0 utilis\u00e9es, d\u00e9penses non \u00e9ligibles avec les ressources du fonds minier\u00a0\u00bb. Et une intervention du Centre national de presse Norbert Zongo (CNP-NZ) sur l\u2019utilisation des ressources du fonds minier par les m\u00e9dias communautaires et la redevabilit\u00e9 dans l\u2019utilisation de ces ressources. Abordant la question du plaidoyer en faveur des femmes, Lucie Kabr\u00e9 de l\u2019AFEMIB a indiqu\u00e9 que ce plaidoyer entam\u00e9 depuis un certain temps a pour objectif d\u2019amener les premiers responsables des communes rurales \u00e0 prendre des dispositions non seulement pour int\u00e9grer les Activit\u00e9s g\u00e9n\u00e9ratrices de revenus (AGR) des femmes dans les plans communaux de d\u00e9veloppement, mais surtout \u00e0 rendre effectif leur financement \u00e0 partir de quota fix\u00e9. \u00ab\u00a0Le plaidoyer vise \u00e0 faire prendre en compte les femmes de fa\u00e7on explicite dans la r\u00e9glementation qui porte sur l\u2019utilisation des ressources du fonds minier de d\u00e9veloppement local, ainsi qu\u2019une application de fa\u00e7on syst\u00e9matique de 30% dans les allocations des ressources du fonds minier, \u00e0 des projets qui r\u00e9pondent aux besoins sp\u00e9cifiques des femmes et des jeunes\u00a0\u00bb, a-t-elle confi\u00e9, tout en donnant comme exemples de projets, la r\u00e9alisation de points d\u2019eau\u00a0; la construction de centres de m\u00e9tiers pour femmes et jeunes, d\u2019unit\u00e9s de transformation de produits locaux\u00a0; la formation des femmes et jeunes \u00e0 la r\u00e9paration de forages, etc. Aliz\u00e8ta Zour\u00e9 Latribunedufaso.net<\/p>\n","protected":false},"author":1,"featured_media":6057,"comment_status":"open","ping_status":"open","sticky":false,"template":"","format":"standard","meta":{"footnotes":""},"categories":[13,19],"tags":[],"class_list":["post-6055","post","type-post","status-publish","format-standard","has-post-thumbnail","hentry","category-une","category-mines-et-carrieres"],"yoast_head":"<!-- This site is optimized with the Yoast SEO plugin v27.5 - https:\/\/yoast.com\/product\/yoast-seo-wordpress\/ -->\n<title>Fonds minier de d\u00e9veloppement local : les d\u00e9l\u00e9gations sp\u00e9ciales outill\u00e9es - La Tribune du Faso<\/title>\n<meta name=\"robots\" content=\"index, follow, max-snippet:-1, max-image-preview:large, max-video-preview:-1\" \/>\n<link rel=\"canonical\" href=\"https:\/\/www.latribunedufaso.net\/?p=6055\" \/>\n<meta property=\"og:locale\" content=\"fr_FR\" \/>\n<meta property=\"og:type\" content=\"article\" \/>\n<meta property=\"og:title\" content=\"Fonds minier de d\u00e9veloppement local : les d\u00e9l\u00e9gations sp\u00e9ciales outill\u00e9es - La Tribune du Faso\" \/>\n<meta property=\"og:description\" content=\"Ce vendredi 22 juillet 2022 \u00e0 Ouagadougou, l\u2019Organisation pour le renforcement des capacit\u00e9s de d\u00e9veloppement (ORCADE), en collaboration avec l\u2019Association des femmes du secteur minier (AFEMIB), organise au profit des d\u00e9l\u00e9gations sp\u00e9ciales qui viennent d\u2019\u00eatre install\u00e9es pour poursuivre l\u2019\u0153uvre de d\u00e9veloppement des collectivit\u00e9s territoriales, un atelier d\u2019information, de formation et de plaidoyer sur le fonds minier de d\u00e9veloppement local. En 2015 au Burkina Faso, la loi N 036-2015\/CNT du 26 juin proc\u00e9dait \u00e0 la cr\u00e9ation d\u2019un fonds minier de d\u00e9veloppement local pour booster le d\u00e9veloppement \u00e0 la base en vue d\u2019am\u00e9liorer les conditions de vie des populations, et de r\u00e9duire ainsi leur pauvret\u00e9 dans les zones mini\u00e8res et pr\u00e9parer de meilleures conditions de vie apr\u00e8s la fermeture des mines. Op\u00e9rationnalis\u00e9 en 2019, ce fonds est r\u00e9guli\u00e8rement reparti et les montants sont revers\u00e9s aux communes et aux conseils r\u00e9gionaux pour contribuer au financement des Plans communaux de d\u00e9veloppement (PCD) et des Plans r\u00e9gionaux de d\u00e9veloppement (PRD). Avec la dissolution des conseils municipaux et r\u00e9gionaux, suite au coup d\u2019Etat du Mouvement patriotique pour la sauvegarde et la restauration (MPSR) intervenu le 24 janvier 2022, ces ex\u00e9cutifs locaux ont \u00e9t\u00e9 remplac\u00e9s par des d\u00e9l\u00e9gations sp\u00e9ciales, lesquelles auront en charge la gestion des ressources du fonds minier de d\u00e9veloppement local pour poursuivre les \u0153uvres de d\u00e9veloppement local entreprises par leurs pr\u00e9d\u00e9cesseurs. C\u2019est dans cette optique que l\u2019Organisation pour le renforcement des capacit\u00e9s de d\u00e9veloppement (ORCADE), en collaboration avec l\u2019Association des femmes du secteur minier (AFEMIB) tient cet atelier \u00e0 leur endroit. L\u2019objectif g\u00e9n\u00e9ral de l\u2019atelier, \u00e0 entendre Jonas Hien de l\u2019ORCADE, est de permettre \u00e0 ces d\u00e9l\u00e9gations sp\u00e9ciales de s\u2019approprier le fonds minier de d\u00e9veloppement local. \u00ab Sp\u00e9cifiquement, il s\u2019agit de fournir aux diff\u00e9rents acteurs les informations sur le fonds minier de d\u00e9veloppement local, les m\u00e9canismes et conditions d\u2019utilisation des ressources du fonds minier, les montants allou\u00e9s et d\u00e9j\u00e0 transf\u00e9r\u00e9s aux collectivit\u00e9s territoriales, ainsi que des informations sur le plaidoyer 30% du fonds minier au profit des femmes et des jeunes, et sur le r\u00f4le et la responsabilit\u00e9 des organes de suivi du fonds minier et des acteurs de gestion du fonds\u00a0\u00bb, a-t-il soutenu. Ainsi, plusieurs communications marqueront la journ\u00e9e. Une communication qui sera anim\u00e9e par l\u2019ORCADE sur \u00ab\u00a0 le fonds minier de d\u00e9veloppement local\u00a0: cr\u00e9ation, collecte, mode de r\u00e9partition, b\u00e9n\u00e9ficiaires, projets \u00e9ligibles, principes de gouvernance, organes de suivi, r\u00f4le des acteurs, transparence et redevabilit\u00e9\u00a0\u00bb\u00a0; une autre par l\u2019AFEMIB sur\u00a0:\u00a0\u00ab\u00a0le plaidoyer 30% du fonds minier pour financer les projets qui r\u00e9pondent aux besoins sp\u00e9cifiques des femmes et des jeunes\u00a0\u00bb. De plus, il y aura une communication qui sera pr\u00e9sent\u00e9e par le Minist\u00e8re des mines et des carri\u00e8res et qui portera sur\u00a0:\u00a0\u00ab\u00a0le cadre l\u00e9gislatif, r\u00e9glementaire et l\u2019utilisation des ressources du fonds minier\u00a0: modalit\u00e9s de perception des paiements au fonds, r\u00e9partitions du fonds d\u00e9j\u00e0 faites, la cl\u00e9 de r\u00e9partition, montants d\u00e9j\u00e0 r\u00e9partis, utilisation des ressources aux communes et aux conseils r\u00e9gionaux, situation et constats des ressources d\u00e9j\u00e0 utilis\u00e9es, d\u00e9penses non \u00e9ligibles avec les ressources du fonds minier\u00a0\u00bb. Et une intervention du Centre national de presse Norbert Zongo (CNP-NZ) sur l\u2019utilisation des ressources du fonds minier par les m\u00e9dias communautaires et la redevabilit\u00e9 dans l\u2019utilisation de ces ressources. Abordant la question du plaidoyer en faveur des femmes, Lucie Kabr\u00e9 de l\u2019AFEMIB a indiqu\u00e9 que ce plaidoyer entam\u00e9 depuis un certain temps a pour objectif d\u2019amener les premiers responsables des communes rurales \u00e0 prendre des dispositions non seulement pour int\u00e9grer les Activit\u00e9s g\u00e9n\u00e9ratrices de revenus (AGR) des femmes dans les plans communaux de d\u00e9veloppement, mais surtout \u00e0 rendre effectif leur financement \u00e0 partir de quota fix\u00e9. \u00ab\u00a0Le plaidoyer vise \u00e0 faire prendre en compte les femmes de fa\u00e7on explicite dans la r\u00e9glementation qui porte sur l\u2019utilisation des ressources du fonds minier de d\u00e9veloppement local, ainsi qu\u2019une application de fa\u00e7on syst\u00e9matique de 30% dans les allocations des ressources du fonds minier, \u00e0 des projets qui r\u00e9pondent aux besoins sp\u00e9cifiques des femmes et des jeunes\u00a0\u00bb, a-t-elle confi\u00e9, tout en donnant comme exemples de projets, la r\u00e9alisation de points d\u2019eau\u00a0; la construction de centres de m\u00e9tiers pour femmes et jeunes, d\u2019unit\u00e9s de transformation de produits locaux\u00a0; la formation des femmes et jeunes \u00e0 la r\u00e9paration de forages, etc. Aliz\u00e8ta Zour\u00e9 Latribunedufaso.net\" \/>\n<meta property=\"og:url\" content=\"https:\/\/www.latribunedufaso.net\/?p=6055\" \/>\n<meta property=\"og:site_name\" content=\"La Tribune du Faso\" \/>\n<meta property=\"article:publisher\" content=\"https:\/\/www.facebook.com\/LatribuneduFaso\/\" \/>\n<meta property=\"article:published_time\" content=\"2022-07-22T12:20:28+00:00\" \/>\n<meta property=\"article:modified_time\" content=\"2022-07-26T12:26:26+00:00\" \/>\n<meta property=\"og:image\" content=\"https:\/\/www.latribunedufaso.net\/wp-content\/uploads\/2022\/07\/mine.jpeg\" \/>\n\t<meta property=\"og:image:width\" content=\"1040\" \/>\n\t<meta property=\"og:image:height\" content=\"780\" \/>\n\t<meta property=\"og:image:type\" content=\"image\/jpeg\" \/>\n<meta name=\"author\" content=\"admin\" \/>\n<meta name=\"twitter:label1\" content=\"\u00c9crit par\" \/>\n\t<meta name=\"twitter:data1\" content=\"admin\" \/>\n\t<meta name=\"twitter:label2\" content=\"Dur\u00e9e de lecture estim\u00e9e\" \/>\n\t<meta name=\"twitter:data2\" content=\"4 minutes\" \/>\n<script type=\"application\/ld+json\" class=\"yoast-schema-graph\">{\"@context\":\"https:\\\/\\\/schema.org\",\"@graph\":[{\"@type\":\"Article\",\"@id\":\"https:\\\/\\\/www.latribunedufaso.net\\\/?p=6055#article\",\"isPartOf\":{\"@id\":\"https:\\\/\\\/www.latribunedufaso.net\\\/?p=6055\"},\"author\":{\"name\":\"admin\",\"@id\":\"https:\\\/\\\/www.latribunedufaso.net\\\/#\\\/schema\\\/person\\\/6c794fd9b7540d8c9ab42b5d3617be3d\"},\"headline\":\"Fonds minier de d\u00e9veloppement local : les d\u00e9l\u00e9gations sp\u00e9ciales outill\u00e9es\",\"datePublished\":\"2022-07-22T12:20:28+00:00\",\"dateModified\":\"2022-07-26T12:26:26+00:00\",\"mainEntityOfPage\":{\"@id\":\"https:\\\/\\\/www.latribunedufaso.net\\\/?p=6055\"},\"wordCount\":810,\"commentCount\":0,\"publisher\":{\"@id\":\"https:\\\/\\\/www.latribunedufaso.net\\\/#organization\"},\"image\":{\"@id\":\"https:\\\/\\\/www.latribunedufaso.net\\\/?p=6055#primaryimage\"},\"thumbnailUrl\":\"https:\\\/\\\/www.latribunedufaso.net\\\/wp-content\\\/uploads\\\/2022\\\/07\\\/mine.jpeg\",\"articleSection\":[\"A la une\",\"Mines et Carri\u00e8res\"],\"inLanguage\":\"fr-FR\",\"potentialAction\":[{\"@type\":\"CommentAction\",\"name\":\"Comment\",\"target\":[\"https:\\\/\\\/www.latribunedufaso.net\\\/?p=6055#respond\"]}]},{\"@type\":\"WebPage\",\"@id\":\"https:\\\/\\\/www.latribunedufaso.net\\\/?p=6055\",\"url\":\"https:\\\/\\\/www.latribunedufaso.net\\\/?p=6055\",\"name\":\"Fonds minier de d\u00e9veloppement local : les d\u00e9l\u00e9gations sp\u00e9ciales outill\u00e9es - La Tribune du Faso\",\"isPartOf\":{\"@id\":\"https:\\\/\\\/www.latribunedufaso.net\\\/#website\"},\"primaryImageOfPage\":{\"@id\":\"https:\\\/\\\/www.latribunedufaso.net\\\/?p=6055#primaryimage\"},\"image\":{\"@id\":\"https:\\\/\\\/www.latribunedufaso.net\\\/?p=6055#primaryimage\"},\"thumbnailUrl\":\"https:\\\/\\\/www.latribunedufaso.net\\\/wp-content\\\/uploads\\\/2022\\\/07\\\/mine.jpeg\",\"datePublished\":\"2022-07-22T12:20:28+00:00\",\"dateModified\":\"2022-07-26T12:26:26+00:00\",\"breadcrumb\":{\"@id\":\"https:\\\/\\\/www.latribunedufaso.net\\\/?p=6055#breadcrumb\"},\"inLanguage\":\"fr-FR\",\"potentialAction\":[{\"@type\":\"ReadAction\",\"target\":[\"https:\\\/\\\/www.latribunedufaso.net\\\/?p=6055\"]}]},{\"@type\":\"ImageObject\",\"inLanguage\":\"fr-FR\",\"@id\":\"https:\\\/\\\/www.latribunedufaso.net\\\/?p=6055#primaryimage\",\"url\":\"https:\\\/\\\/www.latribunedufaso.net\\\/wp-content\\\/uploads\\\/2022\\\/07\\\/mine.jpeg\",\"contentUrl\":\"https:\\\/\\\/www.latribunedufaso.net\\\/wp-content\\\/uploads\\\/2022\\\/07\\\/mine.jpeg\",\"width\":1040,\"height\":780},{\"@type\":\"BreadcrumbList\",\"@id\":\"https:\\\/\\\/www.latribunedufaso.net\\\/?p=6055#breadcrumb\",\"itemListElement\":[{\"@type\":\"ListItem\",\"position\":1,\"name\":\"Accueil\",\"item\":\"https:\\\/\\\/www.latribunedufaso.net\\\/\"},{\"@type\":\"ListItem\",\"position\":2,\"name\":\"Fonds minier de d\u00e9veloppement local : les d\u00e9l\u00e9gations sp\u00e9ciales outill\u00e9es\"}]},{\"@type\":\"WebSite\",\"@id\":\"https:\\\/\\\/www.latribunedufaso.net\\\/#website\",\"url\":\"https:\\\/\\\/www.latribunedufaso.net\\\/\",\"name\":\"La Tribune du Faso\",\"description\":\"L&#039;information du monde rural en un clic\",\"publisher\":{\"@id\":\"https:\\\/\\\/www.latribunedufaso.net\\\/#organization\"},\"potentialAction\":[{\"@type\":\"SearchAction\",\"target\":{\"@type\":\"EntryPoint\",\"urlTemplate\":\"https:\\\/\\\/www.latribunedufaso.net\\\/?s={search_term_string}\"},\"query-input\":{\"@type\":\"PropertyValueSpecification\",\"valueRequired\":true,\"valueName\":\"search_term_string\"}}],\"inLanguage\":\"fr-FR\"},{\"@type\":\"Organization\",\"@id\":\"https:\\\/\\\/www.latribunedufaso.net\\\/#organization\",\"name\":\"La Tribune du Faso\",\"url\":\"https:\\\/\\\/www.latribunedufaso.net\\\/\",\"logo\":{\"@type\":\"ImageObject\",\"inLanguage\":\"fr-FR\",\"@id\":\"https:\\\/\\\/www.latribunedufaso.net\\\/#\\\/schema\\\/logo\\\/image\\\/\",\"url\":\"https:\\\/\\\/www.latribunedufaso.net\\\/wp-content\\\/uploads\\\/2020\\\/08\\\/Logo-Tribune-du-Faso-final-scaled.jpg\",\"contentUrl\":\"https:\\\/\\\/www.latribunedufaso.net\\\/wp-content\\\/uploads\\\/2020\\\/08\\\/Logo-Tribune-du-Faso-final-scaled.jpg\",\"width\":2560,\"height\":1856,\"caption\":\"La Tribune du Faso\"},\"image\":{\"@id\":\"https:\\\/\\\/www.latribunedufaso.net\\\/#\\\/schema\\\/logo\\\/image\\\/\"},\"sameAs\":[\"https:\\\/\\\/www.facebook.com\\\/LatribuneduFaso\\\/\"]},{\"@type\":\"Person\",\"@id\":\"https:\\\/\\\/www.latribunedufaso.net\\\/#\\\/schema\\\/person\\\/6c794fd9b7540d8c9ab42b5d3617be3d\",\"name\":\"admin\",\"image\":{\"@type\":\"ImageObject\",\"inLanguage\":\"fr-FR\",\"@id\":\"https:\\\/\\\/secure.gravatar.com\\\/avatar\\\/e4ad5bb743c8b6cb174d9df6c7d30a8a16f6889731241345fc6444e6485f02af?s=96&d=mm&r=g\",\"url\":\"https:\\\/\\\/secure.gravatar.com\\\/avatar\\\/e4ad5bb743c8b6cb174d9df6c7d30a8a16f6889731241345fc6444e6485f02af?s=96&d=mm&r=g\",\"contentUrl\":\"https:\\\/\\\/secure.gravatar.com\\\/avatar\\\/e4ad5bb743c8b6cb174d9df6c7d30a8a16f6889731241345fc6444e6485f02af?s=96&d=mm&r=g\",\"caption\":\"admin\"},\"url\":\"https:\\\/\\\/www.latribunedufaso.net\\\/?author=1\"}]}<\/script>\n<!-- \/ Yoast SEO plugin. -->","yoast_head_json":{"title":"Fonds minier de d\u00e9veloppement local : les d\u00e9l\u00e9gations sp\u00e9ciales outill\u00e9es - La Tribune du Faso","robots":{"index":"index","follow":"follow","max-snippet":"max-snippet:-1","max-image-preview":"max-image-preview:large","max-video-preview":"max-video-preview:-1"},"canonical":"https:\/\/www.latribunedufaso.net\/?p=6055","og_locale":"fr_FR","og_type":"article","og_title":"Fonds minier de d\u00e9veloppement local : les d\u00e9l\u00e9gations sp\u00e9ciales outill\u00e9es - La Tribune du Faso","og_description":"Ce vendredi 22 juillet 2022 \u00e0 Ouagadougou, l\u2019Organisation pour le renforcement des capacit\u00e9s de d\u00e9veloppement (ORCADE), en collaboration avec l\u2019Association des femmes du secteur minier (AFEMIB), organise au profit des d\u00e9l\u00e9gations sp\u00e9ciales qui viennent d\u2019\u00eatre install\u00e9es pour poursuivre l\u2019\u0153uvre de d\u00e9veloppement des collectivit\u00e9s territoriales, un atelier d\u2019information, de formation et de plaidoyer sur le fonds minier de d\u00e9veloppement local. En 2015 au Burkina Faso, la loi N 036-2015\/CNT du 26 juin proc\u00e9dait \u00e0 la cr\u00e9ation d\u2019un fonds minier de d\u00e9veloppement local pour booster le d\u00e9veloppement \u00e0 la base en vue d\u2019am\u00e9liorer les conditions de vie des populations, et de r\u00e9duire ainsi leur pauvret\u00e9 dans les zones mini\u00e8res et pr\u00e9parer de meilleures conditions de vie apr\u00e8s la fermeture des mines. Op\u00e9rationnalis\u00e9 en 2019, ce fonds est r\u00e9guli\u00e8rement reparti et les montants sont revers\u00e9s aux communes et aux conseils r\u00e9gionaux pour contribuer au financement des Plans communaux de d\u00e9veloppement (PCD) et des Plans r\u00e9gionaux de d\u00e9veloppement (PRD). Avec la dissolution des conseils municipaux et r\u00e9gionaux, suite au coup d\u2019Etat du Mouvement patriotique pour la sauvegarde et la restauration (MPSR) intervenu le 24 janvier 2022, ces ex\u00e9cutifs locaux ont \u00e9t\u00e9 remplac\u00e9s par des d\u00e9l\u00e9gations sp\u00e9ciales, lesquelles auront en charge la gestion des ressources du fonds minier de d\u00e9veloppement local pour poursuivre les \u0153uvres de d\u00e9veloppement local entreprises par leurs pr\u00e9d\u00e9cesseurs. C\u2019est dans cette optique que l\u2019Organisation pour le renforcement des capacit\u00e9s de d\u00e9veloppement (ORCADE), en collaboration avec l\u2019Association des femmes du secteur minier (AFEMIB) tient cet atelier \u00e0 leur endroit. L\u2019objectif g\u00e9n\u00e9ral de l\u2019atelier, \u00e0 entendre Jonas Hien de l\u2019ORCADE, est de permettre \u00e0 ces d\u00e9l\u00e9gations sp\u00e9ciales de s\u2019approprier le fonds minier de d\u00e9veloppement local. \u00ab Sp\u00e9cifiquement, il s\u2019agit de fournir aux diff\u00e9rents acteurs les informations sur le fonds minier de d\u00e9veloppement local, les m\u00e9canismes et conditions d\u2019utilisation des ressources du fonds minier, les montants allou\u00e9s et d\u00e9j\u00e0 transf\u00e9r\u00e9s aux collectivit\u00e9s territoriales, ainsi que des informations sur le plaidoyer 30% du fonds minier au profit des femmes et des jeunes, et sur le r\u00f4le et la responsabilit\u00e9 des organes de suivi du fonds minier et des acteurs de gestion du fonds\u00a0\u00bb, a-t-il soutenu. Ainsi, plusieurs communications marqueront la journ\u00e9e. Une communication qui sera anim\u00e9e par l\u2019ORCADE sur \u00ab\u00a0 le fonds minier de d\u00e9veloppement local\u00a0: cr\u00e9ation, collecte, mode de r\u00e9partition, b\u00e9n\u00e9ficiaires, projets \u00e9ligibles, principes de gouvernance, organes de suivi, r\u00f4le des acteurs, transparence et redevabilit\u00e9\u00a0\u00bb\u00a0; une autre par l\u2019AFEMIB sur\u00a0:\u00a0\u00ab\u00a0le plaidoyer 30% du fonds minier pour financer les projets qui r\u00e9pondent aux besoins sp\u00e9cifiques des femmes et des jeunes\u00a0\u00bb. De plus, il y aura une communication qui sera pr\u00e9sent\u00e9e par le Minist\u00e8re des mines et des carri\u00e8res et qui portera sur\u00a0:\u00a0\u00ab\u00a0le cadre l\u00e9gislatif, r\u00e9glementaire et l\u2019utilisation des ressources du fonds minier\u00a0: modalit\u00e9s de perception des paiements au fonds, r\u00e9partitions du fonds d\u00e9j\u00e0 faites, la cl\u00e9 de r\u00e9partition, montants d\u00e9j\u00e0 r\u00e9partis, utilisation des ressources aux communes et aux conseils r\u00e9gionaux, situation et constats des ressources d\u00e9j\u00e0 utilis\u00e9es, d\u00e9penses non \u00e9ligibles avec les ressources du fonds minier\u00a0\u00bb. Et une intervention du Centre national de presse Norbert Zongo (CNP-NZ) sur l\u2019utilisation des ressources du fonds minier par les m\u00e9dias communautaires et la redevabilit\u00e9 dans l\u2019utilisation de ces ressources. Abordant la question du plaidoyer en faveur des femmes, Lucie Kabr\u00e9 de l\u2019AFEMIB a indiqu\u00e9 que ce plaidoyer entam\u00e9 depuis un certain temps a pour objectif d\u2019amener les premiers responsables des communes rurales \u00e0 prendre des dispositions non seulement pour int\u00e9grer les Activit\u00e9s g\u00e9n\u00e9ratrices de revenus (AGR) des femmes dans les plans communaux de d\u00e9veloppement, mais surtout \u00e0 rendre effectif leur financement \u00e0 partir de quota fix\u00e9. \u00ab\u00a0Le plaidoyer vise \u00e0 faire prendre en compte les femmes de fa\u00e7on explicite dans la r\u00e9glementation qui porte sur l\u2019utilisation des ressources du fonds minier de d\u00e9veloppement local, ainsi qu\u2019une application de fa\u00e7on syst\u00e9matique de 30% dans les allocations des ressources du fonds minier, \u00e0 des projets qui r\u00e9pondent aux besoins sp\u00e9cifiques des femmes et des jeunes\u00a0\u00bb, a-t-elle confi\u00e9, tout en donnant comme exemples de projets, la r\u00e9alisation de points d\u2019eau\u00a0; la construction de centres de m\u00e9tiers pour femmes et jeunes, d\u2019unit\u00e9s de transformation de produits locaux\u00a0; la formation des femmes et jeunes \u00e0 la r\u00e9paration de forages, etc. Aliz\u00e8ta Zour\u00e9 Latribunedufaso.net","og_url":"https:\/\/www.latribunedufaso.net\/?p=6055","og_site_name":"La Tribune du Faso","article_publisher":"https:\/\/www.facebook.com\/LatribuneduFaso\/","article_published_time":"2022-07-22T12:20:28+00:00","article_modified_time":"2022-07-26T12:26:26+00:00","og_image":[{"width":1040,"height":780,"url":"https:\/\/www.latribunedufaso.net\/wp-content\/uploads\/2022\/07\/mine.jpeg","type":"image\/jpeg"}],"author":"admin","twitter_misc":{"\u00c9crit par":"admin","Dur\u00e9e de lecture estim\u00e9e":"4 minutes"},"schema":{"@context":"https:\/\/schema.org","@graph":[{"@type":"Article","@id":"https:\/\/www.latribunedufaso.net\/?p=6055#article","isPartOf":{"@id":"https:\/\/www.latribunedufaso.net\/?p=6055"},"author":{"name":"admin","@id":"https:\/\/www.latribunedufaso.net\/#\/schema\/person\/6c794fd9b7540d8c9ab42b5d3617be3d"},"headline":"Fonds minier de d\u00e9veloppement local : les d\u00e9l\u00e9gations sp\u00e9ciales outill\u00e9es","datePublished":"2022-07-22T12:20:28+00:00","dateModified":"2022-07-26T12:26:26+00:00","mainEntityOfPage":{"@id":"https:\/\/www.latribunedufaso.net\/?p=6055"},"wordCount":810,"commentCount":0,"publisher":{"@id":"https:\/\/www.latribunedufaso.net\/#organization"},"image":{"@id":"https:\/\/www.latribunedufaso.net\/?p=6055#primaryimage"},"thumbnailUrl":"https:\/\/www.latribunedufaso.net\/wp-content\/uploads\/2022\/07\/mine.jpeg","articleSection":["A la une","Mines et Carri\u00e8res"],"inLanguage":"fr-FR","potentialAction":[{"@type":"CommentAction","name":"Comment","target":["https:\/\/www.latribunedufaso.net\/?p=6055#respond"]}]},{"@type":"WebPage","@id":"https:\/\/www.latribunedufaso.net\/?p=6055","url":"https:\/\/www.latribunedufaso.net\/?p=6055","name":"Fonds minier de d\u00e9veloppement local : les d\u00e9l\u00e9gations sp\u00e9ciales outill\u00e9es - La Tribune du Faso","isPartOf":{"@id":"https:\/\/www.latribunedufaso.net\/#website"},"primaryImageOfPage":{"@id":"https:\/\/www.latribunedufaso.net\/?p=6055#primaryimage"},"image":{"@id":"https:\/\/www.latribunedufaso.net\/?p=6055#primaryimage"},"thumbnailUrl":"https:\/\/www.latribunedufaso.net\/wp-content\/uploads\/2022\/07\/mine.jpeg","datePublished":"2022-07-22T12:20:28+00:00","dateModified":"2022-07-26T12:26:26+00:00","breadcrumb":{"@id":"https:\/\/www.latribunedufaso.net\/?p=6055#breadcrumb"},"inLanguage":"fr-FR","potentialAction":[{"@type":"ReadAction","target":["https:\/\/www.latribunedufaso.net\/?p=6055"]}]},{"@type":"ImageObject","inLanguage":"fr-FR","@id":"https:\/\/www.latribunedufaso.net\/?p=6055#primaryimage","url":"https:\/\/www.latribunedufaso.net\/wp-content\/uploads\/2022\/07\/mine.jpeg","contentUrl":"https:\/\/www.latribunedufaso.net\/wp-content\/uploads\/2022\/07\/mine.jpeg","width":1040,"height":780},{"@type":"BreadcrumbList","@id":"https:\/\/www.latribunedufaso.net\/?p=6055#breadcrumb","itemListElement":[{"@type":"ListItem","position":1,"name":"Accueil","item":"https:\/\/www.latribunedufaso.net\/"},{"@type":"ListItem","position":2,"name":"Fonds minier de d\u00e9veloppement local : les d\u00e9l\u00e9gations sp\u00e9ciales outill\u00e9es"}]},{"@type":"WebSite","@id":"https:\/\/www.latribunedufaso.net\/#website","url":"https:\/\/www.latribunedufaso.net\/","name":"La Tribune du Faso","description":"L&#039;information du monde rural en un clic","publisher":{"@id":"https:\/\/www.latribunedufaso.net\/#organization"},"potentialAction":[{"@type":"SearchAction","target":{"@type":"EntryPoint","urlTemplate":"https:\/\/www.latribunedufaso.net\/?s={search_term_string}"},"query-input":{"@type":"PropertyValueSpecification","valueRequired":true,"valueName":"search_term_string"}}],"inLanguage":"fr-FR"},{"@type":"Organization","@id":"https:\/\/www.latribunedufaso.net\/#organization","name":"La Tribune du Faso","url":"https:\/\/www.latribunedufaso.net\/","logo":{"@type":"ImageObject","inLanguage":"fr-FR","@id":"https:\/\/www.latribunedufaso.net\/#\/schema\/logo\/image\/","url":"https:\/\/www.latribunedufaso.net\/wp-content\/uploads\/2020\/08\/Logo-Tribune-du-Faso-final-scaled.jpg","contentUrl":"https:\/\/www.latribunedufaso.net\/wp-content\/uploads\/2020\/08\/Logo-Tribune-du-Faso-final-scaled.jpg","width":2560,"height":1856,"caption":"La Tribune du Faso"},"image":{"@id":"https:\/\/www.latribunedufaso.net\/#\/schema\/logo\/image\/"},"sameAs":["https:\/\/www.facebook.com\/LatribuneduFaso\/"]},{"@type":"Person","@id":"https:\/\/www.latribunedufaso.net\/#\/schema\/person\/6c794fd9b7540d8c9ab42b5d3617be3d","name":"admin","image":{"@type":"ImageObject","inLanguage":"fr-FR","@id":"https:\/\/secure.gravatar.com\/avatar\/e4ad5bb743c8b6cb174d9df6c7d30a8a16f6889731241345fc6444e6485f02af?s=96&d=mm&r=g","url":"https:\/\/secure.gravatar.com\/avatar\/e4ad5bb743c8b6cb174d9df6c7d30a8a16f6889731241345fc6444e6485f02af?s=96&d=mm&r=g","contentUrl":"https:\/\/secure.gravatar.com\/avatar\/e4ad5bb743c8b6cb174d9df6c7d30a8a16f6889731241345fc6444e6485f02af?s=96&d=mm&r=g","caption":"admin"},"url":"https:\/\/www.latribunedufaso.net\/?author=1"}]}},"_links":{"self":[{"href":"https:\/\/www.latribunedufaso.net\/index.php?rest_route=\/wp\/v2\/posts\/6055","targetHints":{"allow":["GET"]}}],"collection":[{"href":"https:\/\/www.latribunedufaso.net\/index.php?rest_route=\/wp\/v2\/posts"}],"about":[{"href":"https:\/\/www.latribunedufaso.net\/index.php?rest_route=\/wp\/v2\/types\/post"}],"author":[{"embeddable":true,"href":"https:\/\/www.latribunedufaso.net\/index.php?rest_route=\/wp\/v2\/users\/1"}],"replies":[{"embeddable":true,"href":"https:\/\/www.latribunedufaso.net\/index.php?rest_route=%2Fwp%2Fv2%2Fcomments&post=6055"}],"version-history":[{"count":2,"href":"https:\/\/www.latribunedufaso.net\/index.php?rest_route=\/wp\/v2\/posts\/6055\/revisions"}],"predecessor-version":[{"id":6059,"href":"https:\/\/www.latribunedufaso.net\/index.php?rest_route=\/wp\/v2\/posts\/6055\/revisions\/6059"}],"wp:featuredmedia":[{"embeddable":true,"href":"https:\/\/www.latribunedufaso.net\/index.php?rest_route=\/wp\/v2\/media\/6057"}],"wp:attachment":[{"href":"https:\/\/www.latribunedufaso.net\/index.php?rest_route=%2Fwp%2Fv2%2Fmedia&parent=6055"}],"wp:term":[{"taxonomy":"category","embeddable":true,"href":"https:\/\/www.latribunedufaso.net\/index.php?rest_route=%2Fwp%2Fv2%2Fcategories&post=6055"},{"taxonomy":"post_tag","embeddable":true,"href":"https:\/\/www.latribunedufaso.net\/index.php?rest_route=%2Fwp%2Fv2%2Ftags&post=6055"}],"curies":[{"name":"wp","href":"https:\/\/api.w.org\/{rel}","templated":true}]}}