{"id":6048,"date":"2022-07-22T12:00:43","date_gmt":"2022-07-22T12:00:43","guid":{"rendered":"https:\/\/www.latribunedufaso.net\/?p=6048"},"modified":"2022-07-26T12:20:18","modified_gmt":"2022-07-26T12:20:18","slug":"solidarite-nationale-panel-sur-la-promotion-de-la-solidarite-au-burkina-faso","status":"publish","type":"post","link":"https:\/\/www.latribunedufaso.net\/?p=6048","title":{"rendered":"Solidarit\u00e9 nationale : panel sur la promotion de la solidarit\u00e9 au Burkina Faso"},"content":{"rendered":"<p style=\"text-align: justify;\"><strong>\u00ab\u00a0La solidarit\u00e9 nationale, un facteur de paix et de coh\u00e9sion sociale\u00a0: quelles perceptions, prescriptions et recommandations pour la promotion de la solidarit\u00e9 au Burkina Faso\u00a0?\u00a0\u00bb, c\u2019est sur ce th\u00e8me que s\u2019est tenue ce vendredi 22 juillet 2022 \u00e0 Ouagadougou, le panel sur la promotion de la solidarit\u00e9 organis\u00e9 par le Minist\u00e8re de la solidarit\u00e9 nationale et de l\u2019action humanitaire.<\/strong><\/p>\n<p style=\"text-align: justify;\"><strong>Il a \u00e9t\u00e9 pr\u00e9sid\u00e9 par Albert Ou\u00e9draogo, Premier ministre du Burkina Faso.<\/strong><\/p>\n<p style=\"text-align: justify;\"><strong>Selon le Premier ministre, l\u2019objectif vis\u00e9 \u00e0 travers ce panel est de susciter la r\u00e9flexion et les \u00e9changes entre les diff\u00e9rents acteurs sur la pratique et la promotion de la solidarit\u00e9 dans notre pays, dans l\u2019optique du renforcement de la paix et de la coh\u00e9sion sociale.<\/strong><\/p>\n<p style=\"text-align: justify;\">En effet, le panel se d\u00e9roulera autour de trois (3) communications \u00e0 savoir les concepts li\u00e9s \u00e0 la solidarit\u00e9 nationale, les facteurs de l\u2019effritement de la solidarit\u00e9 au sein de la soci\u00e9t\u00e9 burkinab\u00e8\u00a0et les solutions ou mesures de dynamisation des formes de solidarit\u00e9, des m\u00e9canismes endog\u00e8nes et p\u00e9rennes de promotion de la culture de la solidarit\u00e9.<\/p>\n<p style=\"text-align: justify;\"><a href=\"https:\/\/latribunedufaso.net\/wp-content\/uploads\/2022\/07\/panel1.jpeg\"><img loading=\"lazy\" decoding=\"async\" class=\"size-medium wp-image-6051 alignright\" src=\"https:\/\/latribunedufaso.net\/wp-content\/uploads\/2022\/07\/panel1-300x225.jpeg\" alt=\"\" width=\"300\" height=\"225\" srcset=\"https:\/\/www.latribunedufaso.net\/wp-content\/uploads\/2022\/07\/panel1-300x225.jpeg 300w, https:\/\/www.latribunedufaso.net\/wp-content\/uploads\/2022\/07\/panel1-1024x768.jpeg 1024w, https:\/\/www.latribunedufaso.net\/wp-content\/uploads\/2022\/07\/panel1-768x576.jpeg 768w, https:\/\/www.latribunedufaso.net\/wp-content\/uploads\/2022\/07\/panel1.jpeg 1040w\" sizes=\"auto, (max-width: 300px) 100vw, 300px\" \/><\/a>Pour le Ministre de la solidarit\u00e9 nationale et de l\u2019action humanitaire Lazare Windlassida Zoungrana, son minist\u00e8re \u0153uvre \u00e0 la recherche de solutions pour juguler les situations de crise s\u00e9curitaire, de mutations socio-\u00e9conomiques. C\u2019est pourquoi, il a organis\u00e9 ce panel qui vient \u00e0 la suite de tourn\u00e9es de prises de contact et de plaidoyers aupr\u00e8s des acteurs communautaires, religieux, politiques et de personnes ressources afin de b\u00e9n\u00e9ficier de leur accompagnement et de leur adh\u00e9sion.<\/p>\n<p style=\"text-align: justify;\">Pour lui, les recommandations issues de ce panel va permettre de d\u00e9velopper le syst\u00e8me de solidarit\u00e9 agissante et pratique qui pourrait servir de levier au d\u00e9veloppement du pays. Les \u00e9changes avec les participants permettront de disposer d\u2019informations pertinentes pour entre autre am\u00e9liorer les m\u00e9canismes institutionnels et communautaires et r\u00e9veiller des valeurs cardinales qui sommeillent en eux pouvant contribuer \u00e0 la promotion de la solidarit\u00e9 nationale qui est un facteur de coh\u00e9sion sociale et de paix.<\/p>\n<p style=\"text-align: justify;\">Avec la \u00a0crise humanitaire ajouter \u00e0 la situation s\u00e9curitaire plus de deux millions de Burkinab\u00e8 qui jadis vivaient paisiblement dans leurs diff\u00e9rentes localit\u00e9s respectives, ont d\u00fb fuir, pour sauver leur vie, face aux agressions et repr\u00e9sailles r\u00e9p\u00e9t\u00e9es des groupes arm\u00e9s terroristes. Cette situation met \u00e0 mal notre coh\u00e9sion sociale, augmentant ainsi le nombre de personnes pauvres et interpelle la conscience de tous, sur la n\u00e9cessit\u00e9 imp\u00e9rieuse de renforcer notre solidarit\u00e9 nationale l\u00e9gendaire. C\u2019est pourquoi, pour le Premier ministre Albert Ou\u00e9draogo, ce panel vient \u00e0 point nomm\u00e9 pour trouver des solutions afin de trouver des r\u00e9solutions pour r\u00e9soudre les in\u00e9galit\u00e9s par la promotion de la culture de la solidarit\u00e9.<\/p>\n<p style=\"text-align: justify;\"><a href=\"https:\/\/latribunedufaso.net\/wp-content\/uploads\/2022\/07\/panel.jpeg\"><img loading=\"lazy\" decoding=\"async\" class=\"size-medium wp-image-6052 alignleft\" src=\"https:\/\/latribunedufaso.net\/wp-content\/uploads\/2022\/07\/panel-300x225.jpeg\" alt=\"\" width=\"300\" height=\"225\" srcset=\"https:\/\/www.latribunedufaso.net\/wp-content\/uploads\/2022\/07\/panel-300x225.jpeg 300w, https:\/\/www.latribunedufaso.net\/wp-content\/uploads\/2022\/07\/panel-1024x768.jpeg 1024w, https:\/\/www.latribunedufaso.net\/wp-content\/uploads\/2022\/07\/panel-768x576.jpeg 768w, https:\/\/www.latribunedufaso.net\/wp-content\/uploads\/2022\/07\/panel.jpeg 1040w\" sizes=\"auto, (max-width: 300px) 100vw, 300px\" \/><\/a>L\u2019article premier de la Charte nationale de solidarit\u00e9 stipulant\u00a0que \u00ab la solidarit\u00e9 est un acte humaniste qui impose la participation de tous \u00e0 la construction d\u2019une soci\u00e9t\u00e9 de paix, d\u2019\u00e9quit\u00e9, de justice et de d\u00e9veloppement durable\u00a0\u00bb est l&rsquo;un des factures fondamentals de la coh\u00e9sion sociale au Burkina Faso. C\u2019est pourquoi, le Gouvernement de la Transition s\u2019est-il inscrit dans cette logique, \u00e0 travers la cr\u00e9ation d\u2019un minist\u00e8re en charge de la solidarit\u00e9 nationale. \u00ab\u00a0Nul n\u2019est assez d\u00e9muni pour ne pas \u00eatre solidaire et nul n\u2019est assez nanti pour se passer de la solidarit\u00e9 d\u2019autrui\u00a0\u00bb, a affirm\u00e9 le Premier ministre Albert Ou\u00e9draogo.<\/p>\n<p style=\"text-align: justify;\">Pour y parvenir, il invite les acteurs \u00e0 \u00a0\u00a0une participation active et productive aux \u00e9changes qui suivront chaque communication et \u00e0 formuler des recommandations pertinentes pour renforcer la solidarit\u00e9 au Burkina Faso.<\/p>\n<p style=\"text-align: justify;\">De ce fait, le Premier ministre f\u00e9licite le Ministre de la solidarit\u00e9 nationale et de l\u2019action humanitaire et ses collaborateurs, pour l\u2019initiative d\u2019organiser ce panel. Il remercie et f\u00e9licite \u00e9galement l\u2019ensemble des acteurs qui ont \u0153uvr\u00e9 pour la r\u00e9ussite de cette activit\u00e9.<\/p>\n<p style=\"text-align: justify;\"><strong>Haramy Son<\/strong><\/p>\n<p style=\"text-align: justify;\"><strong>Latribunedufaso.net<\/strong><\/p>\n","protected":false},"excerpt":{"rendered":"<p>\u00ab\u00a0La solidarit\u00e9 nationale, un facteur de paix et de coh\u00e9sion sociale\u00a0: quelles perceptions, prescriptions et recommandations pour la promotion de la solidarit\u00e9 au Burkina Faso\u00a0?\u00a0\u00bb, c\u2019est sur ce th\u00e8me que s\u2019est tenue ce vendredi 22 juillet 2022 \u00e0 Ouagadougou, le panel sur la promotion de la solidarit\u00e9 organis\u00e9 par le Minist\u00e8re de la solidarit\u00e9 nationale et de l\u2019action humanitaire. Il a \u00e9t\u00e9 pr\u00e9sid\u00e9 par Albert Ou\u00e9draogo, Premier ministre du Burkina Faso. Selon le Premier ministre, l\u2019objectif vis\u00e9 \u00e0 travers ce panel est de susciter la r\u00e9flexion et les \u00e9changes entre les diff\u00e9rents acteurs sur la pratique et la promotion de la solidarit\u00e9 dans notre pays, dans l\u2019optique du renforcement de la paix et de la coh\u00e9sion sociale. En effet, le panel se d\u00e9roulera autour de trois (3) communications \u00e0 savoir les concepts li\u00e9s \u00e0 la solidarit\u00e9 nationale, les facteurs de l\u2019effritement de la solidarit\u00e9 au sein de la soci\u00e9t\u00e9 burkinab\u00e8\u00a0et les solutions ou mesures de dynamisation des formes de solidarit\u00e9, des m\u00e9canismes endog\u00e8nes et p\u00e9rennes de promotion de la culture de la solidarit\u00e9. Pour le Ministre de la solidarit\u00e9 nationale et de l\u2019action humanitaire Lazare Windlassida Zoungrana, son minist\u00e8re \u0153uvre \u00e0 la recherche de solutions pour juguler les situations de crise s\u00e9curitaire, de mutations socio-\u00e9conomiques. C\u2019est pourquoi, il a organis\u00e9 ce panel qui vient \u00e0 la suite de tourn\u00e9es de prises de contact et de plaidoyers aupr\u00e8s des acteurs communautaires, religieux, politiques et de personnes ressources afin de b\u00e9n\u00e9ficier de leur accompagnement et de leur adh\u00e9sion. Pour lui, les recommandations issues de ce panel va permettre de d\u00e9velopper le syst\u00e8me de solidarit\u00e9 agissante et pratique qui pourrait servir de levier au d\u00e9veloppement du pays. Les \u00e9changes avec les participants permettront de disposer d\u2019informations pertinentes pour entre autre am\u00e9liorer les m\u00e9canismes institutionnels et communautaires et r\u00e9veiller des valeurs cardinales qui sommeillent en eux pouvant contribuer \u00e0 la promotion de la solidarit\u00e9 nationale qui est un facteur de coh\u00e9sion sociale et de paix. Avec la \u00a0crise humanitaire ajouter \u00e0 la situation s\u00e9curitaire plus de deux millions de Burkinab\u00e8 qui jadis vivaient paisiblement dans leurs diff\u00e9rentes localit\u00e9s respectives, ont d\u00fb fuir, pour sauver leur vie, face aux agressions et repr\u00e9sailles r\u00e9p\u00e9t\u00e9es des groupes arm\u00e9s terroristes. Cette situation met \u00e0 mal notre coh\u00e9sion sociale, augmentant ainsi le nombre de personnes pauvres et interpelle la conscience de tous, sur la n\u00e9cessit\u00e9 imp\u00e9rieuse de renforcer notre solidarit\u00e9 nationale l\u00e9gendaire. C\u2019est pourquoi, pour le Premier ministre Albert Ou\u00e9draogo, ce panel vient \u00e0 point nomm\u00e9 pour trouver des solutions afin de trouver des r\u00e9solutions pour r\u00e9soudre les in\u00e9galit\u00e9s par la promotion de la culture de la solidarit\u00e9. L\u2019article premier de la Charte nationale de solidarit\u00e9 stipulant\u00a0que \u00ab la solidarit\u00e9 est un acte humaniste qui impose la participation de tous \u00e0 la construction d\u2019une soci\u00e9t\u00e9 de paix, d\u2019\u00e9quit\u00e9, de justice et de d\u00e9veloppement durable\u00a0\u00bb est l&rsquo;un des factures fondamentals de la coh\u00e9sion sociale au Burkina Faso. C\u2019est pourquoi, le Gouvernement de la Transition s\u2019est-il inscrit dans cette logique, \u00e0 travers la cr\u00e9ation d\u2019un minist\u00e8re en charge de la solidarit\u00e9 nationale. \u00ab\u00a0Nul n\u2019est assez d\u00e9muni pour ne pas \u00eatre solidaire et nul n\u2019est assez nanti pour se passer de la solidarit\u00e9 d\u2019autrui\u00a0\u00bb, a affirm\u00e9 le Premier ministre Albert Ou\u00e9draogo. Pour y parvenir, il invite les acteurs \u00e0 \u00a0\u00a0une participation active et productive aux \u00e9changes qui suivront chaque communication et \u00e0 formuler des recommandations pertinentes pour renforcer la solidarit\u00e9 au Burkina Faso. De ce fait, le Premier ministre f\u00e9licite le Ministre de la solidarit\u00e9 nationale et de l\u2019action humanitaire et ses collaborateurs, pour l\u2019initiative d\u2019organiser ce panel. Il remercie et f\u00e9licite \u00e9galement l\u2019ensemble des acteurs qui ont \u0153uvr\u00e9 pour la r\u00e9ussite de cette activit\u00e9. Haramy Son Latribunedufaso.net<\/p>\n","protected":false},"author":1,"featured_media":6050,"comment_status":"open","ping_status":"open","sticky":false,"template":"","format":"standard","meta":{"footnotes":""},"categories":[8],"tags":[],"class_list":["post-6048","post","type-post","status-publish","format-standard","has-post-thumbnail","hentry","category-societe"],"yoast_head":"<!-- This site is optimized with the Yoast SEO plugin v27.5 - https:\/\/yoast.com\/product\/yoast-seo-wordpress\/ -->\n<title>Solidarit\u00e9 nationale : panel sur la promotion de la solidarit\u00e9 au Burkina Faso - La Tribune du Faso<\/title>\n<meta name=\"robots\" content=\"index, follow, max-snippet:-1, max-image-preview:large, max-video-preview:-1\" \/>\n<link rel=\"canonical\" href=\"https:\/\/www.latribunedufaso.net\/?p=6048\" \/>\n<meta property=\"og:locale\" content=\"fr_FR\" \/>\n<meta property=\"og:type\" content=\"article\" \/>\n<meta property=\"og:title\" content=\"Solidarit\u00e9 nationale : panel sur la promotion de la solidarit\u00e9 au Burkina Faso - La Tribune du Faso\" \/>\n<meta property=\"og:description\" content=\"\u00ab\u00a0La solidarit\u00e9 nationale, un facteur de paix et de coh\u00e9sion sociale\u00a0: quelles perceptions, prescriptions et recommandations pour la promotion de la solidarit\u00e9 au Burkina Faso\u00a0?\u00a0\u00bb, c\u2019est sur ce th\u00e8me que s\u2019est tenue ce vendredi 22 juillet 2022 \u00e0 Ouagadougou, le panel sur la promotion de la solidarit\u00e9 organis\u00e9 par le Minist\u00e8re de la solidarit\u00e9 nationale et de l\u2019action humanitaire. Il a \u00e9t\u00e9 pr\u00e9sid\u00e9 par Albert Ou\u00e9draogo, Premier ministre du Burkina Faso. Selon le Premier ministre, l\u2019objectif vis\u00e9 \u00e0 travers ce panel est de susciter la r\u00e9flexion et les \u00e9changes entre les diff\u00e9rents acteurs sur la pratique et la promotion de la solidarit\u00e9 dans notre pays, dans l\u2019optique du renforcement de la paix et de la coh\u00e9sion sociale. En effet, le panel se d\u00e9roulera autour de trois (3) communications \u00e0 savoir les concepts li\u00e9s \u00e0 la solidarit\u00e9 nationale, les facteurs de l\u2019effritement de la solidarit\u00e9 au sein de la soci\u00e9t\u00e9 burkinab\u00e8\u00a0et les solutions ou mesures de dynamisation des formes de solidarit\u00e9, des m\u00e9canismes endog\u00e8nes et p\u00e9rennes de promotion de la culture de la solidarit\u00e9. Pour le Ministre de la solidarit\u00e9 nationale et de l\u2019action humanitaire Lazare Windlassida Zoungrana, son minist\u00e8re \u0153uvre \u00e0 la recherche de solutions pour juguler les situations de crise s\u00e9curitaire, de mutations socio-\u00e9conomiques. C\u2019est pourquoi, il a organis\u00e9 ce panel qui vient \u00e0 la suite de tourn\u00e9es de prises de contact et de plaidoyers aupr\u00e8s des acteurs communautaires, religieux, politiques et de personnes ressources afin de b\u00e9n\u00e9ficier de leur accompagnement et de leur adh\u00e9sion. Pour lui, les recommandations issues de ce panel va permettre de d\u00e9velopper le syst\u00e8me de solidarit\u00e9 agissante et pratique qui pourrait servir de levier au d\u00e9veloppement du pays. Les \u00e9changes avec les participants permettront de disposer d\u2019informations pertinentes pour entre autre am\u00e9liorer les m\u00e9canismes institutionnels et communautaires et r\u00e9veiller des valeurs cardinales qui sommeillent en eux pouvant contribuer \u00e0 la promotion de la solidarit\u00e9 nationale qui est un facteur de coh\u00e9sion sociale et de paix. Avec la \u00a0crise humanitaire ajouter \u00e0 la situation s\u00e9curitaire plus de deux millions de Burkinab\u00e8 qui jadis vivaient paisiblement dans leurs diff\u00e9rentes localit\u00e9s respectives, ont d\u00fb fuir, pour sauver leur vie, face aux agressions et repr\u00e9sailles r\u00e9p\u00e9t\u00e9es des groupes arm\u00e9s terroristes. Cette situation met \u00e0 mal notre coh\u00e9sion sociale, augmentant ainsi le nombre de personnes pauvres et interpelle la conscience de tous, sur la n\u00e9cessit\u00e9 imp\u00e9rieuse de renforcer notre solidarit\u00e9 nationale l\u00e9gendaire. C\u2019est pourquoi, pour le Premier ministre Albert Ou\u00e9draogo, ce panel vient \u00e0 point nomm\u00e9 pour trouver des solutions afin de trouver des r\u00e9solutions pour r\u00e9soudre les in\u00e9galit\u00e9s par la promotion de la culture de la solidarit\u00e9. L\u2019article premier de la Charte nationale de solidarit\u00e9 stipulant\u00a0que \u00ab la solidarit\u00e9 est un acte humaniste qui impose la participation de tous \u00e0 la construction d\u2019une soci\u00e9t\u00e9 de paix, d\u2019\u00e9quit\u00e9, de justice et de d\u00e9veloppement durable\u00a0\u00bb est l&rsquo;un des factures fondamentals de la coh\u00e9sion sociale au Burkina Faso. C\u2019est pourquoi, le Gouvernement de la Transition s\u2019est-il inscrit dans cette logique, \u00e0 travers la cr\u00e9ation d\u2019un minist\u00e8re en charge de la solidarit\u00e9 nationale. \u00ab\u00a0Nul n\u2019est assez d\u00e9muni pour ne pas \u00eatre solidaire et nul n\u2019est assez nanti pour se passer de la solidarit\u00e9 d\u2019autrui\u00a0\u00bb, a affirm\u00e9 le Premier ministre Albert Ou\u00e9draogo. Pour y parvenir, il invite les acteurs \u00e0 \u00a0\u00a0une participation active et productive aux \u00e9changes qui suivront chaque communication et \u00e0 formuler des recommandations pertinentes pour renforcer la solidarit\u00e9 au Burkina Faso. De ce fait, le Premier ministre f\u00e9licite le Ministre de la solidarit\u00e9 nationale et de l\u2019action humanitaire et ses collaborateurs, pour l\u2019initiative d\u2019organiser ce panel. Il remercie et f\u00e9licite \u00e9galement l\u2019ensemble des acteurs qui ont \u0153uvr\u00e9 pour la r\u00e9ussite de cette activit\u00e9. Haramy Son Latribunedufaso.net\" \/>\n<meta property=\"og:url\" content=\"https:\/\/www.latribunedufaso.net\/?p=6048\" \/>\n<meta property=\"og:site_name\" content=\"La Tribune du Faso\" \/>\n<meta property=\"article:publisher\" content=\"https:\/\/www.facebook.com\/LatribuneduFaso\/\" \/>\n<meta property=\"article:published_time\" content=\"2022-07-22T12:00:43+00:00\" \/>\n<meta property=\"article:modified_time\" content=\"2022-07-26T12:20:18+00:00\" \/>\n<meta property=\"og:image\" content=\"https:\/\/www.latribunedufaso.net\/wp-content\/uploads\/2022\/07\/panel2.jpeg\" \/>\n\t<meta property=\"og:image:width\" content=\"1040\" \/>\n\t<meta property=\"og:image:height\" content=\"780\" \/>\n\t<meta property=\"og:image:type\" content=\"image\/jpeg\" \/>\n<meta name=\"author\" content=\"admin\" \/>\n<meta name=\"twitter:label1\" content=\"\u00c9crit par\" \/>\n\t<meta name=\"twitter:data1\" content=\"admin\" \/>\n\t<meta name=\"twitter:label2\" content=\"Dur\u00e9e de lecture estim\u00e9e\" \/>\n\t<meta name=\"twitter:data2\" content=\"3 minutes\" \/>\n<script type=\"application\/ld+json\" class=\"yoast-schema-graph\">{\"@context\":\"https:\\\/\\\/schema.org\",\"@graph\":[{\"@type\":\"Article\",\"@id\":\"https:\\\/\\\/www.latribunedufaso.net\\\/?p=6048#article\",\"isPartOf\":{\"@id\":\"https:\\\/\\\/www.latribunedufaso.net\\\/?p=6048\"},\"author\":{\"name\":\"admin\",\"@id\":\"https:\\\/\\\/www.latribunedufaso.net\\\/#\\\/schema\\\/person\\\/6c794fd9b7540d8c9ab42b5d3617be3d\"},\"headline\":\"Solidarit\u00e9 nationale : panel sur la promotion de la solidarit\u00e9 au Burkina Faso\",\"datePublished\":\"2022-07-22T12:00:43+00:00\",\"dateModified\":\"2022-07-26T12:20:18+00:00\",\"mainEntityOfPage\":{\"@id\":\"https:\\\/\\\/www.latribunedufaso.net\\\/?p=6048\"},\"wordCount\":683,\"commentCount\":0,\"publisher\":{\"@id\":\"https:\\\/\\\/www.latribunedufaso.net\\\/#organization\"},\"image\":{\"@id\":\"https:\\\/\\\/www.latribunedufaso.net\\\/?p=6048#primaryimage\"},\"thumbnailUrl\":\"https:\\\/\\\/www.latribunedufaso.net\\\/wp-content\\\/uploads\\\/2022\\\/07\\\/panel2.jpeg\",\"articleSection\":[\"Soci\u00e9t\u00e9\"],\"inLanguage\":\"fr-FR\",\"potentialAction\":[{\"@type\":\"CommentAction\",\"name\":\"Comment\",\"target\":[\"https:\\\/\\\/www.latribunedufaso.net\\\/?p=6048#respond\"]}]},{\"@type\":\"WebPage\",\"@id\":\"https:\\\/\\\/www.latribunedufaso.net\\\/?p=6048\",\"url\":\"https:\\\/\\\/www.latribunedufaso.net\\\/?p=6048\",\"name\":\"Solidarit\u00e9 nationale : panel sur la promotion de la solidarit\u00e9 au Burkina Faso - La Tribune du Faso\",\"isPartOf\":{\"@id\":\"https:\\\/\\\/www.latribunedufaso.net\\\/#website\"},\"primaryImageOfPage\":{\"@id\":\"https:\\\/\\\/www.latribunedufaso.net\\\/?p=6048#primaryimage\"},\"image\":{\"@id\":\"https:\\\/\\\/www.latribunedufaso.net\\\/?p=6048#primaryimage\"},\"thumbnailUrl\":\"https:\\\/\\\/www.latribunedufaso.net\\\/wp-content\\\/uploads\\\/2022\\\/07\\\/panel2.jpeg\",\"datePublished\":\"2022-07-22T12:00:43+00:00\",\"dateModified\":\"2022-07-26T12:20:18+00:00\",\"breadcrumb\":{\"@id\":\"https:\\\/\\\/www.latribunedufaso.net\\\/?p=6048#breadcrumb\"},\"inLanguage\":\"fr-FR\",\"potentialAction\":[{\"@type\":\"ReadAction\",\"target\":[\"https:\\\/\\\/www.latribunedufaso.net\\\/?p=6048\"]}]},{\"@type\":\"ImageObject\",\"inLanguage\":\"fr-FR\",\"@id\":\"https:\\\/\\\/www.latribunedufaso.net\\\/?p=6048#primaryimage\",\"url\":\"https:\\\/\\\/www.latribunedufaso.net\\\/wp-content\\\/uploads\\\/2022\\\/07\\\/panel2.jpeg\",\"contentUrl\":\"https:\\\/\\\/www.latribunedufaso.net\\\/wp-content\\\/uploads\\\/2022\\\/07\\\/panel2.jpeg\",\"width\":1040,\"height\":780},{\"@type\":\"BreadcrumbList\",\"@id\":\"https:\\\/\\\/www.latribunedufaso.net\\\/?p=6048#breadcrumb\",\"itemListElement\":[{\"@type\":\"ListItem\",\"position\":1,\"name\":\"Accueil\",\"item\":\"https:\\\/\\\/www.latribunedufaso.net\\\/\"},{\"@type\":\"ListItem\",\"position\":2,\"name\":\"Solidarit\u00e9 nationale : panel sur la promotion de la solidarit\u00e9 au Burkina Faso\"}]},{\"@type\":\"WebSite\",\"@id\":\"https:\\\/\\\/www.latribunedufaso.net\\\/#website\",\"url\":\"https:\\\/\\\/www.latribunedufaso.net\\\/\",\"name\":\"La Tribune du Faso\",\"description\":\"L&#039;information du monde rural en un clic\",\"publisher\":{\"@id\":\"https:\\\/\\\/www.latribunedufaso.net\\\/#organization\"},\"potentialAction\":[{\"@type\":\"SearchAction\",\"target\":{\"@type\":\"EntryPoint\",\"urlTemplate\":\"https:\\\/\\\/www.latribunedufaso.net\\\/?s={search_term_string}\"},\"query-input\":{\"@type\":\"PropertyValueSpecification\",\"valueRequired\":true,\"valueName\":\"search_term_string\"}}],\"inLanguage\":\"fr-FR\"},{\"@type\":\"Organization\",\"@id\":\"https:\\\/\\\/www.latribunedufaso.net\\\/#organization\",\"name\":\"La Tribune du Faso\",\"url\":\"https:\\\/\\\/www.latribunedufaso.net\\\/\",\"logo\":{\"@type\":\"ImageObject\",\"inLanguage\":\"fr-FR\",\"@id\":\"https:\\\/\\\/www.latribunedufaso.net\\\/#\\\/schema\\\/logo\\\/image\\\/\",\"url\":\"https:\\\/\\\/www.latribunedufaso.net\\\/wp-content\\\/uploads\\\/2020\\\/08\\\/Logo-Tribune-du-Faso-final-scaled.jpg\",\"contentUrl\":\"https:\\\/\\\/www.latribunedufaso.net\\\/wp-content\\\/uploads\\\/2020\\\/08\\\/Logo-Tribune-du-Faso-final-scaled.jpg\",\"width\":2560,\"height\":1856,\"caption\":\"La Tribune du Faso\"},\"image\":{\"@id\":\"https:\\\/\\\/www.latribunedufaso.net\\\/#\\\/schema\\\/logo\\\/image\\\/\"},\"sameAs\":[\"https:\\\/\\\/www.facebook.com\\\/LatribuneduFaso\\\/\"]},{\"@type\":\"Person\",\"@id\":\"https:\\\/\\\/www.latribunedufaso.net\\\/#\\\/schema\\\/person\\\/6c794fd9b7540d8c9ab42b5d3617be3d\",\"name\":\"admin\",\"image\":{\"@type\":\"ImageObject\",\"inLanguage\":\"fr-FR\",\"@id\":\"https:\\\/\\\/secure.gravatar.com\\\/avatar\\\/e4ad5bb743c8b6cb174d9df6c7d30a8a16f6889731241345fc6444e6485f02af?s=96&d=mm&r=g\",\"url\":\"https:\\\/\\\/secure.gravatar.com\\\/avatar\\\/e4ad5bb743c8b6cb174d9df6c7d30a8a16f6889731241345fc6444e6485f02af?s=96&d=mm&r=g\",\"contentUrl\":\"https:\\\/\\\/secure.gravatar.com\\\/avatar\\\/e4ad5bb743c8b6cb174d9df6c7d30a8a16f6889731241345fc6444e6485f02af?s=96&d=mm&r=g\",\"caption\":\"admin\"},\"url\":\"https:\\\/\\\/www.latribunedufaso.net\\\/?author=1\"}]}<\/script>\n<!-- \/ Yoast SEO plugin. -->","yoast_head_json":{"title":"Solidarit\u00e9 nationale : panel sur la promotion de la solidarit\u00e9 au Burkina Faso - La Tribune du Faso","robots":{"index":"index","follow":"follow","max-snippet":"max-snippet:-1","max-image-preview":"max-image-preview:large","max-video-preview":"max-video-preview:-1"},"canonical":"https:\/\/www.latribunedufaso.net\/?p=6048","og_locale":"fr_FR","og_type":"article","og_title":"Solidarit\u00e9 nationale : panel sur la promotion de la solidarit\u00e9 au Burkina Faso - La Tribune du Faso","og_description":"\u00ab\u00a0La solidarit\u00e9 nationale, un facteur de paix et de coh\u00e9sion sociale\u00a0: quelles perceptions, prescriptions et recommandations pour la promotion de la solidarit\u00e9 au Burkina Faso\u00a0?\u00a0\u00bb, c\u2019est sur ce th\u00e8me que s\u2019est tenue ce vendredi 22 juillet 2022 \u00e0 Ouagadougou, le panel sur la promotion de la solidarit\u00e9 organis\u00e9 par le Minist\u00e8re de la solidarit\u00e9 nationale et de l\u2019action humanitaire. Il a \u00e9t\u00e9 pr\u00e9sid\u00e9 par Albert Ou\u00e9draogo, Premier ministre du Burkina Faso. Selon le Premier ministre, l\u2019objectif vis\u00e9 \u00e0 travers ce panel est de susciter la r\u00e9flexion et les \u00e9changes entre les diff\u00e9rents acteurs sur la pratique et la promotion de la solidarit\u00e9 dans notre pays, dans l\u2019optique du renforcement de la paix et de la coh\u00e9sion sociale. En effet, le panel se d\u00e9roulera autour de trois (3) communications \u00e0 savoir les concepts li\u00e9s \u00e0 la solidarit\u00e9 nationale, les facteurs de l\u2019effritement de la solidarit\u00e9 au sein de la soci\u00e9t\u00e9 burkinab\u00e8\u00a0et les solutions ou mesures de dynamisation des formes de solidarit\u00e9, des m\u00e9canismes endog\u00e8nes et p\u00e9rennes de promotion de la culture de la solidarit\u00e9. Pour le Ministre de la solidarit\u00e9 nationale et de l\u2019action humanitaire Lazare Windlassida Zoungrana, son minist\u00e8re \u0153uvre \u00e0 la recherche de solutions pour juguler les situations de crise s\u00e9curitaire, de mutations socio-\u00e9conomiques. C\u2019est pourquoi, il a organis\u00e9 ce panel qui vient \u00e0 la suite de tourn\u00e9es de prises de contact et de plaidoyers aupr\u00e8s des acteurs communautaires, religieux, politiques et de personnes ressources afin de b\u00e9n\u00e9ficier de leur accompagnement et de leur adh\u00e9sion. Pour lui, les recommandations issues de ce panel va permettre de d\u00e9velopper le syst\u00e8me de solidarit\u00e9 agissante et pratique qui pourrait servir de levier au d\u00e9veloppement du pays. Les \u00e9changes avec les participants permettront de disposer d\u2019informations pertinentes pour entre autre am\u00e9liorer les m\u00e9canismes institutionnels et communautaires et r\u00e9veiller des valeurs cardinales qui sommeillent en eux pouvant contribuer \u00e0 la promotion de la solidarit\u00e9 nationale qui est un facteur de coh\u00e9sion sociale et de paix. Avec la \u00a0crise humanitaire ajouter \u00e0 la situation s\u00e9curitaire plus de deux millions de Burkinab\u00e8 qui jadis vivaient paisiblement dans leurs diff\u00e9rentes localit\u00e9s respectives, ont d\u00fb fuir, pour sauver leur vie, face aux agressions et repr\u00e9sailles r\u00e9p\u00e9t\u00e9es des groupes arm\u00e9s terroristes. Cette situation met \u00e0 mal notre coh\u00e9sion sociale, augmentant ainsi le nombre de personnes pauvres et interpelle la conscience de tous, sur la n\u00e9cessit\u00e9 imp\u00e9rieuse de renforcer notre solidarit\u00e9 nationale l\u00e9gendaire. C\u2019est pourquoi, pour le Premier ministre Albert Ou\u00e9draogo, ce panel vient \u00e0 point nomm\u00e9 pour trouver des solutions afin de trouver des r\u00e9solutions pour r\u00e9soudre les in\u00e9galit\u00e9s par la promotion de la culture de la solidarit\u00e9. L\u2019article premier de la Charte nationale de solidarit\u00e9 stipulant\u00a0que \u00ab la solidarit\u00e9 est un acte humaniste qui impose la participation de tous \u00e0 la construction d\u2019une soci\u00e9t\u00e9 de paix, d\u2019\u00e9quit\u00e9, de justice et de d\u00e9veloppement durable\u00a0\u00bb est l&rsquo;un des factures fondamentals de la coh\u00e9sion sociale au Burkina Faso. C\u2019est pourquoi, le Gouvernement de la Transition s\u2019est-il inscrit dans cette logique, \u00e0 travers la cr\u00e9ation d\u2019un minist\u00e8re en charge de la solidarit\u00e9 nationale. \u00ab\u00a0Nul n\u2019est assez d\u00e9muni pour ne pas \u00eatre solidaire et nul n\u2019est assez nanti pour se passer de la solidarit\u00e9 d\u2019autrui\u00a0\u00bb, a affirm\u00e9 le Premier ministre Albert Ou\u00e9draogo. Pour y parvenir, il invite les acteurs \u00e0 \u00a0\u00a0une participation active et productive aux \u00e9changes qui suivront chaque communication et \u00e0 formuler des recommandations pertinentes pour renforcer la solidarit\u00e9 au Burkina Faso. De ce fait, le Premier ministre f\u00e9licite le Ministre de la solidarit\u00e9 nationale et de l\u2019action humanitaire et ses collaborateurs, pour l\u2019initiative d\u2019organiser ce panel. Il remercie et f\u00e9licite \u00e9galement l\u2019ensemble des acteurs qui ont \u0153uvr\u00e9 pour la r\u00e9ussite de cette activit\u00e9. Haramy Son Latribunedufaso.net","og_url":"https:\/\/www.latribunedufaso.net\/?p=6048","og_site_name":"La Tribune du Faso","article_publisher":"https:\/\/www.facebook.com\/LatribuneduFaso\/","article_published_time":"2022-07-22T12:00:43+00:00","article_modified_time":"2022-07-26T12:20:18+00:00","og_image":[{"width":1040,"height":780,"url":"https:\/\/www.latribunedufaso.net\/wp-content\/uploads\/2022\/07\/panel2.jpeg","type":"image\/jpeg"}],"author":"admin","twitter_misc":{"\u00c9crit par":"admin","Dur\u00e9e de lecture estim\u00e9e":"3 minutes"},"schema":{"@context":"https:\/\/schema.org","@graph":[{"@type":"Article","@id":"https:\/\/www.latribunedufaso.net\/?p=6048#article","isPartOf":{"@id":"https:\/\/www.latribunedufaso.net\/?p=6048"},"author":{"name":"admin","@id":"https:\/\/www.latribunedufaso.net\/#\/schema\/person\/6c794fd9b7540d8c9ab42b5d3617be3d"},"headline":"Solidarit\u00e9 nationale : panel sur la promotion de la solidarit\u00e9 au Burkina Faso","datePublished":"2022-07-22T12:00:43+00:00","dateModified":"2022-07-26T12:20:18+00:00","mainEntityOfPage":{"@id":"https:\/\/www.latribunedufaso.net\/?p=6048"},"wordCount":683,"commentCount":0,"publisher":{"@id":"https:\/\/www.latribunedufaso.net\/#organization"},"image":{"@id":"https:\/\/www.latribunedufaso.net\/?p=6048#primaryimage"},"thumbnailUrl":"https:\/\/www.latribunedufaso.net\/wp-content\/uploads\/2022\/07\/panel2.jpeg","articleSection":["Soci\u00e9t\u00e9"],"inLanguage":"fr-FR","potentialAction":[{"@type":"CommentAction","name":"Comment","target":["https:\/\/www.latribunedufaso.net\/?p=6048#respond"]}]},{"@type":"WebPage","@id":"https:\/\/www.latribunedufaso.net\/?p=6048","url":"https:\/\/www.latribunedufaso.net\/?p=6048","name":"Solidarit\u00e9 nationale : panel sur la promotion de la solidarit\u00e9 au Burkina Faso - La Tribune du Faso","isPartOf":{"@id":"https:\/\/www.latribunedufaso.net\/#website"},"primaryImageOfPage":{"@id":"https:\/\/www.latribunedufaso.net\/?p=6048#primaryimage"},"image":{"@id":"https:\/\/www.latribunedufaso.net\/?p=6048#primaryimage"},"thumbnailUrl":"https:\/\/www.latribunedufaso.net\/wp-content\/uploads\/2022\/07\/panel2.jpeg","datePublished":"2022-07-22T12:00:43+00:00","dateModified":"2022-07-26T12:20:18+00:00","breadcrumb":{"@id":"https:\/\/www.latribunedufaso.net\/?p=6048#breadcrumb"},"inLanguage":"fr-FR","potentialAction":[{"@type":"ReadAction","target":["https:\/\/www.latribunedufaso.net\/?p=6048"]}]},{"@type":"ImageObject","inLanguage":"fr-FR","@id":"https:\/\/www.latribunedufaso.net\/?p=6048#primaryimage","url":"https:\/\/www.latribunedufaso.net\/wp-content\/uploads\/2022\/07\/panel2.jpeg","contentUrl":"https:\/\/www.latribunedufaso.net\/wp-content\/uploads\/2022\/07\/panel2.jpeg","width":1040,"height":780},{"@type":"BreadcrumbList","@id":"https:\/\/www.latribunedufaso.net\/?p=6048#breadcrumb","itemListElement":[{"@type":"ListItem","position":1,"name":"Accueil","item":"https:\/\/www.latribunedufaso.net\/"},{"@type":"ListItem","position":2,"name":"Solidarit\u00e9 nationale : panel sur la promotion de la solidarit\u00e9 au Burkina Faso"}]},{"@type":"WebSite","@id":"https:\/\/www.latribunedufaso.net\/#website","url":"https:\/\/www.latribunedufaso.net\/","name":"La Tribune du Faso","description":"L&#039;information du monde rural en un clic","publisher":{"@id":"https:\/\/www.latribunedufaso.net\/#organization"},"potentialAction":[{"@type":"SearchAction","target":{"@type":"EntryPoint","urlTemplate":"https:\/\/www.latribunedufaso.net\/?s={search_term_string}"},"query-input":{"@type":"PropertyValueSpecification","valueRequired":true,"valueName":"search_term_string"}}],"inLanguage":"fr-FR"},{"@type":"Organization","@id":"https:\/\/www.latribunedufaso.net\/#organization","name":"La Tribune du Faso","url":"https:\/\/www.latribunedufaso.net\/","logo":{"@type":"ImageObject","inLanguage":"fr-FR","@id":"https:\/\/www.latribunedufaso.net\/#\/schema\/logo\/image\/","url":"https:\/\/www.latribunedufaso.net\/wp-content\/uploads\/2020\/08\/Logo-Tribune-du-Faso-final-scaled.jpg","contentUrl":"https:\/\/www.latribunedufaso.net\/wp-content\/uploads\/2020\/08\/Logo-Tribune-du-Faso-final-scaled.jpg","width":2560,"height":1856,"caption":"La Tribune du Faso"},"image":{"@id":"https:\/\/www.latribunedufaso.net\/#\/schema\/logo\/image\/"},"sameAs":["https:\/\/www.facebook.com\/LatribuneduFaso\/"]},{"@type":"Person","@id":"https:\/\/www.latribunedufaso.net\/#\/schema\/person\/6c794fd9b7540d8c9ab42b5d3617be3d","name":"admin","image":{"@type":"ImageObject","inLanguage":"fr-FR","@id":"https:\/\/secure.gravatar.com\/avatar\/e4ad5bb743c8b6cb174d9df6c7d30a8a16f6889731241345fc6444e6485f02af?s=96&d=mm&r=g","url":"https:\/\/secure.gravatar.com\/avatar\/e4ad5bb743c8b6cb174d9df6c7d30a8a16f6889731241345fc6444e6485f02af?s=96&d=mm&r=g","contentUrl":"https:\/\/secure.gravatar.com\/avatar\/e4ad5bb743c8b6cb174d9df6c7d30a8a16f6889731241345fc6444e6485f02af?s=96&d=mm&r=g","caption":"admin"},"url":"https:\/\/www.latribunedufaso.net\/?author=1"}]}},"_links":{"self":[{"href":"https:\/\/www.latribunedufaso.net\/index.php?rest_route=\/wp\/v2\/posts\/6048","targetHints":{"allow":["GET"]}}],"collection":[{"href":"https:\/\/www.latribunedufaso.net\/index.php?rest_route=\/wp\/v2\/posts"}],"about":[{"href":"https:\/\/www.latribunedufaso.net\/index.php?rest_route=\/wp\/v2\/types\/post"}],"author":[{"embeddable":true,"href":"https:\/\/www.latribunedufaso.net\/index.php?rest_route=\/wp\/v2\/users\/1"}],"replies":[{"embeddable":true,"href":"https:\/\/www.latribunedufaso.net\/index.php?rest_route=%2Fwp%2Fv2%2Fcomments&post=6048"}],"version-history":[{"count":3,"href":"https:\/\/www.latribunedufaso.net\/index.php?rest_route=\/wp\/v2\/posts\/6048\/revisions"}],"predecessor-version":[{"id":6054,"href":"https:\/\/www.latribunedufaso.net\/index.php?rest_route=\/wp\/v2\/posts\/6048\/revisions\/6054"}],"wp:featuredmedia":[{"embeddable":true,"href":"https:\/\/www.latribunedufaso.net\/index.php?rest_route=\/wp\/v2\/media\/6050"}],"wp:attachment":[{"href":"https:\/\/www.latribunedufaso.net\/index.php?rest_route=%2Fwp%2Fv2%2Fmedia&parent=6048"}],"wp:term":[{"taxonomy":"category","embeddable":true,"href":"https:\/\/www.latribunedufaso.net\/index.php?rest_route=%2Fwp%2Fv2%2Fcategories&post=6048"},{"taxonomy":"post_tag","embeddable":true,"href":"https:\/\/www.latribunedufaso.net\/index.php?rest_route=%2Fwp%2Fv2%2Ftags&post=6048"}],"curies":[{"name":"wp","href":"https:\/\/api.w.org\/{rel}","templated":true}]}}