{"id":6010,"date":"2022-07-19T18:04:38","date_gmt":"2022-07-19T18:04:38","guid":{"rendered":"https:\/\/www.latribunedufaso.net\/?p=6010"},"modified":"2022-07-20T20:27:56","modified_gmt":"2022-07-20T20:27:56","slug":"burkina-faso-les-nations-unies-sont-pretes-a-travailler-avec-le-burkina-faso-dans-le-sens-des-priorites-de-la-transition","status":"publish","type":"post","link":"https:\/\/www.latribunedufaso.net\/?p=6010","title":{"rendered":"Burkina Faso : Les Nations Unies sont pr\u00eates \u00e0 travailler avec le Burkina Faso dans le sens des priorit\u00e9s de la transition"},"content":{"rendered":"<p style=\"text-align: justify;\"><strong>Ce mardi 19 juillet 2022 \u00e0 Ouagadougou, le Premier ministre burkinab\u00e8, Albert Ou\u00e9draogo, a accord\u00e9 une audience \u00e0 la coordinatrice du Syst\u00e8me des Nations Unies au Burkina Faso, Barbara Manzi. Au cours de la rencontre, le Chef du Gouvernement a r\u00e9affirm\u00e9 les priorit\u00e9s de la transition et a parl\u00e9 de la coop\u00e9ration entre le Burkina Faso et les Nations Unies dans ce sens.<\/strong><\/p>\n<p style=\"text-align: justify;\"><a href=\"https:\/\/latribunedufaso.net\/wp-content\/uploads\/2022\/07\/soc1.jpeg\"><img loading=\"lazy\" decoding=\"async\" class=\" wp-image-6012 alignright\" src=\"https:\/\/latribunedufaso.net\/wp-content\/uploads\/2022\/07\/soc1-300x132.jpeg\" alt=\"\" width=\"345\" height=\"152\" srcset=\"https:\/\/www.latribunedufaso.net\/wp-content\/uploads\/2022\/07\/soc1-300x132.jpeg 300w, https:\/\/www.latribunedufaso.net\/wp-content\/uploads\/2022\/07\/soc1-768x337.jpeg 768w, https:\/\/www.latribunedufaso.net\/wp-content\/uploads\/2022\/07\/soc1.jpeg 984w\" sizes=\"auto, (max-width: 345px) 100vw, 345px\" \/><\/a>\u00ab\u00a0Je suis venue f\u00e9liciter le premier ministre pour l\u2019engagement pour s&rsquo;assurer qu\u2019on puisse bien comprendre les priorit\u00e9s de la transition et comment les Nation unies peuvent servir la population du Burkina Faso dans cette p\u00e9riode. C\u2019\u00e9tait un \u00e9change ouvert, on a recueilli des recommandations qu\u2019il faudra mettre en \u0153uvre. Les Nations Unies sont pr\u00eates \u00e0 continuer \u00e0 travailler dans l\u2019humanitaire, la paix, la technologie et le d\u00e9veloppement avec les autorit\u00e9s Burkinab\u00e8\u00a0\u00bb a-t-elle d\u00e9clar\u00e9 au sortir de la rencontre.<\/p>\n<p style=\"text-align: justify;\"><strong>Issouf Tapsoba<\/strong><\/p>\n<p style=\"text-align: justify;\"><strong>Latribunedufaso.net<\/strong><\/p>\n","protected":false},"excerpt":{"rendered":"<p>Ce mardi 19 juillet 2022 \u00e0 Ouagadougou, le Premier ministre burkinab\u00e8, Albert Ou\u00e9draogo, a accord\u00e9 une audience \u00e0 la coordinatrice du Syst\u00e8me des Nations Unies au Burkina Faso, Barbara Manzi. Au cours de la rencontre, le Chef du Gouvernement a r\u00e9affirm\u00e9 les priorit\u00e9s de la transition et a parl\u00e9 de la coop\u00e9ration entre le Burkina Faso et les Nations Unies dans ce sens. \u00ab\u00a0Je suis venue f\u00e9liciter le premier ministre pour l\u2019engagement pour s&rsquo;assurer qu\u2019on puisse bien comprendre les priorit\u00e9s de la transition et comment les Nation unies peuvent servir la population du Burkina Faso dans cette p\u00e9riode. C\u2019\u00e9tait un \u00e9change ouvert, on a recueilli des recommandations qu\u2019il faudra mettre en \u0153uvre. Les Nations Unies sont pr\u00eates \u00e0 continuer \u00e0 travailler dans l\u2019humanitaire, la paix, la technologie et le d\u00e9veloppement avec les autorit\u00e9s Burkinab\u00e8\u00a0\u00bb a-t-elle d\u00e9clar\u00e9 au sortir de la rencontre. Issouf Tapsoba Latribunedufaso.net<\/p>\n","protected":false},"author":1,"featured_media":6013,"comment_status":"open","ping_status":"open","sticky":false,"template":"","format":"standard","meta":{"footnotes":""},"categories":[8],"tags":[],"class_list":["post-6010","post","type-post","status-publish","format-standard","has-post-thumbnail","hentry","category-societe"],"yoast_head":"<!-- This site is optimized with the Yoast SEO plugin v27.5 - https:\/\/yoast.com\/product\/yoast-seo-wordpress\/ -->\n<title>Burkina Faso : Les Nations Unies sont pr\u00eates \u00e0 travailler avec le Burkina Faso dans le sens des priorit\u00e9s de la transition - La Tribune du Faso<\/title>\n<meta name=\"robots\" content=\"index, follow, max-snippet:-1, max-image-preview:large, max-video-preview:-1\" \/>\n<link rel=\"canonical\" href=\"https:\/\/www.latribunedufaso.net\/?p=6010\" \/>\n<meta property=\"og:locale\" content=\"fr_FR\" \/>\n<meta property=\"og:type\" content=\"article\" \/>\n<meta property=\"og:title\" content=\"Burkina Faso : Les Nations Unies sont pr\u00eates \u00e0 travailler avec le Burkina Faso dans le sens des priorit\u00e9s de la transition - La Tribune du Faso\" \/>\n<meta property=\"og:description\" content=\"Ce mardi 19 juillet 2022 \u00e0 Ouagadougou, le Premier ministre burkinab\u00e8, Albert Ou\u00e9draogo, a accord\u00e9 une audience \u00e0 la coordinatrice du Syst\u00e8me des Nations Unies au Burkina Faso, Barbara Manzi. Au cours de la rencontre, le Chef du Gouvernement a r\u00e9affirm\u00e9 les priorit\u00e9s de la transition et a parl\u00e9 de la coop\u00e9ration entre le Burkina Faso et les Nations Unies dans ce sens. \u00ab\u00a0Je suis venue f\u00e9liciter le premier ministre pour l\u2019engagement pour s&rsquo;assurer qu\u2019on puisse bien comprendre les priorit\u00e9s de la transition et comment les Nation unies peuvent servir la population du Burkina Faso dans cette p\u00e9riode. C\u2019\u00e9tait un \u00e9change ouvert, on a recueilli des recommandations qu\u2019il faudra mettre en \u0153uvre. Les Nations Unies sont pr\u00eates \u00e0 continuer \u00e0 travailler dans l\u2019humanitaire, la paix, la technologie et le d\u00e9veloppement avec les autorit\u00e9s Burkinab\u00e8\u00a0\u00bb a-t-elle d\u00e9clar\u00e9 au sortir de la rencontre. Issouf Tapsoba Latribunedufaso.net\" \/>\n<meta property=\"og:url\" content=\"https:\/\/www.latribunedufaso.net\/?p=6010\" \/>\n<meta property=\"og:site_name\" content=\"La Tribune du Faso\" \/>\n<meta property=\"article:publisher\" content=\"https:\/\/www.facebook.com\/LatribuneduFaso\/\" \/>\n<meta property=\"article:published_time\" content=\"2022-07-19T18:04:38+00:00\" \/>\n<meta property=\"article:modified_time\" content=\"2022-07-20T20:27:56+00:00\" \/>\n<meta property=\"og:image\" content=\"https:\/\/www.latribunedufaso.net\/wp-content\/uploads\/2022\/07\/soc.jpeg\" \/>\n\t<meta property=\"og:image:width\" content=\"984\" \/>\n\t<meta property=\"og:image:height\" content=\"432\" \/>\n\t<meta property=\"og:image:type\" content=\"image\/jpeg\" \/>\n<meta name=\"author\" content=\"admin\" \/>\n<meta name=\"twitter:label1\" content=\"\u00c9crit par\" \/>\n\t<meta name=\"twitter:data1\" content=\"admin\" \/>\n\t<meta name=\"twitter:label2\" content=\"Dur\u00e9e de lecture estim\u00e9e\" \/>\n\t<meta name=\"twitter:data2\" content=\"1 minute\" \/>\n<script type=\"application\/ld+json\" class=\"yoast-schema-graph\">{\"@context\":\"https:\\\/\\\/schema.org\",\"@graph\":[{\"@type\":\"Article\",\"@id\":\"https:\\\/\\\/www.latribunedufaso.net\\\/?p=6010#article\",\"isPartOf\":{\"@id\":\"https:\\\/\\\/www.latribunedufaso.net\\\/?p=6010\"},\"author\":{\"name\":\"admin\",\"@id\":\"https:\\\/\\\/www.latribunedufaso.net\\\/#\\\/schema\\\/person\\\/6c794fd9b7540d8c9ab42b5d3617be3d\"},\"headline\":\"Burkina Faso : Les Nations Unies sont pr\u00eates \u00e0 travailler avec le Burkina Faso dans le sens des priorit\u00e9s de la transition\",\"datePublished\":\"2022-07-19T18:04:38+00:00\",\"dateModified\":\"2022-07-20T20:27:56+00:00\",\"mainEntityOfPage\":{\"@id\":\"https:\\\/\\\/www.latribunedufaso.net\\\/?p=6010\"},\"wordCount\":179,\"commentCount\":0,\"publisher\":{\"@id\":\"https:\\\/\\\/www.latribunedufaso.net\\\/#organization\"},\"image\":{\"@id\":\"https:\\\/\\\/www.latribunedufaso.net\\\/?p=6010#primaryimage\"},\"thumbnailUrl\":\"https:\\\/\\\/www.latribunedufaso.net\\\/wp-content\\\/uploads\\\/2022\\\/07\\\/soc.jpeg\",\"articleSection\":[\"Soci\u00e9t\u00e9\"],\"inLanguage\":\"fr-FR\",\"potentialAction\":[{\"@type\":\"CommentAction\",\"name\":\"Comment\",\"target\":[\"https:\\\/\\\/www.latribunedufaso.net\\\/?p=6010#respond\"]}]},{\"@type\":\"WebPage\",\"@id\":\"https:\\\/\\\/www.latribunedufaso.net\\\/?p=6010\",\"url\":\"https:\\\/\\\/www.latribunedufaso.net\\\/?p=6010\",\"name\":\"Burkina Faso : Les Nations Unies sont pr\u00eates \u00e0 travailler avec le Burkina Faso dans le sens des priorit\u00e9s de la transition - La Tribune du Faso\",\"isPartOf\":{\"@id\":\"https:\\\/\\\/www.latribunedufaso.net\\\/#website\"},\"primaryImageOfPage\":{\"@id\":\"https:\\\/\\\/www.latribunedufaso.net\\\/?p=6010#primaryimage\"},\"image\":{\"@id\":\"https:\\\/\\\/www.latribunedufaso.net\\\/?p=6010#primaryimage\"},\"thumbnailUrl\":\"https:\\\/\\\/www.latribunedufaso.net\\\/wp-content\\\/uploads\\\/2022\\\/07\\\/soc.jpeg\",\"datePublished\":\"2022-07-19T18:04:38+00:00\",\"dateModified\":\"2022-07-20T20:27:56+00:00\",\"breadcrumb\":{\"@id\":\"https:\\\/\\\/www.latribunedufaso.net\\\/?p=6010#breadcrumb\"},\"inLanguage\":\"fr-FR\",\"potentialAction\":[{\"@type\":\"ReadAction\",\"target\":[\"https:\\\/\\\/www.latribunedufaso.net\\\/?p=6010\"]}]},{\"@type\":\"ImageObject\",\"inLanguage\":\"fr-FR\",\"@id\":\"https:\\\/\\\/www.latribunedufaso.net\\\/?p=6010#primaryimage\",\"url\":\"https:\\\/\\\/www.latribunedufaso.net\\\/wp-content\\\/uploads\\\/2022\\\/07\\\/soc.jpeg\",\"contentUrl\":\"https:\\\/\\\/www.latribunedufaso.net\\\/wp-content\\\/uploads\\\/2022\\\/07\\\/soc.jpeg\",\"width\":984,\"height\":432},{\"@type\":\"BreadcrumbList\",\"@id\":\"https:\\\/\\\/www.latribunedufaso.net\\\/?p=6010#breadcrumb\",\"itemListElement\":[{\"@type\":\"ListItem\",\"position\":1,\"name\":\"Accueil\",\"item\":\"https:\\\/\\\/www.latribunedufaso.net\\\/\"},{\"@type\":\"ListItem\",\"position\":2,\"name\":\"Burkina Faso : Les Nations Unies sont pr\u00eates \u00e0 travailler avec le Burkina Faso dans le sens des priorit\u00e9s de la transition\"}]},{\"@type\":\"WebSite\",\"@id\":\"https:\\\/\\\/www.latribunedufaso.net\\\/#website\",\"url\":\"https:\\\/\\\/www.latribunedufaso.net\\\/\",\"name\":\"La Tribune du Faso\",\"description\":\"L&#039;information du monde rural en un clic\",\"publisher\":{\"@id\":\"https:\\\/\\\/www.latribunedufaso.net\\\/#organization\"},\"potentialAction\":[{\"@type\":\"SearchAction\",\"target\":{\"@type\":\"EntryPoint\",\"urlTemplate\":\"https:\\\/\\\/www.latribunedufaso.net\\\/?s={search_term_string}\"},\"query-input\":{\"@type\":\"PropertyValueSpecification\",\"valueRequired\":true,\"valueName\":\"search_term_string\"}}],\"inLanguage\":\"fr-FR\"},{\"@type\":\"Organization\",\"@id\":\"https:\\\/\\\/www.latribunedufaso.net\\\/#organization\",\"name\":\"La Tribune du Faso\",\"url\":\"https:\\\/\\\/www.latribunedufaso.net\\\/\",\"logo\":{\"@type\":\"ImageObject\",\"inLanguage\":\"fr-FR\",\"@id\":\"https:\\\/\\\/www.latribunedufaso.net\\\/#\\\/schema\\\/logo\\\/image\\\/\",\"url\":\"https:\\\/\\\/www.latribunedufaso.net\\\/wp-content\\\/uploads\\\/2020\\\/08\\\/Logo-Tribune-du-Faso-final-scaled.jpg\",\"contentUrl\":\"https:\\\/\\\/www.latribunedufaso.net\\\/wp-content\\\/uploads\\\/2020\\\/08\\\/Logo-Tribune-du-Faso-final-scaled.jpg\",\"width\":2560,\"height\":1856,\"caption\":\"La Tribune du Faso\"},\"image\":{\"@id\":\"https:\\\/\\\/www.latribunedufaso.net\\\/#\\\/schema\\\/logo\\\/image\\\/\"},\"sameAs\":[\"https:\\\/\\\/www.facebook.com\\\/LatribuneduFaso\\\/\"]},{\"@type\":\"Person\",\"@id\":\"https:\\\/\\\/www.latribunedufaso.net\\\/#\\\/schema\\\/person\\\/6c794fd9b7540d8c9ab42b5d3617be3d\",\"name\":\"admin\",\"image\":{\"@type\":\"ImageObject\",\"inLanguage\":\"fr-FR\",\"@id\":\"https:\\\/\\\/secure.gravatar.com\\\/avatar\\\/e4ad5bb743c8b6cb174d9df6c7d30a8a16f6889731241345fc6444e6485f02af?s=96&d=mm&r=g\",\"url\":\"https:\\\/\\\/secure.gravatar.com\\\/avatar\\\/e4ad5bb743c8b6cb174d9df6c7d30a8a16f6889731241345fc6444e6485f02af?s=96&d=mm&r=g\",\"contentUrl\":\"https:\\\/\\\/secure.gravatar.com\\\/avatar\\\/e4ad5bb743c8b6cb174d9df6c7d30a8a16f6889731241345fc6444e6485f02af?s=96&d=mm&r=g\",\"caption\":\"admin\"},\"url\":\"https:\\\/\\\/www.latribunedufaso.net\\\/?author=1\"}]}<\/script>\n<!-- \/ Yoast SEO plugin. -->","yoast_head_json":{"title":"Burkina Faso : Les Nations Unies sont pr\u00eates \u00e0 travailler avec le Burkina Faso dans le sens des priorit\u00e9s de la transition - La Tribune du Faso","robots":{"index":"index","follow":"follow","max-snippet":"max-snippet:-1","max-image-preview":"max-image-preview:large","max-video-preview":"max-video-preview:-1"},"canonical":"https:\/\/www.latribunedufaso.net\/?p=6010","og_locale":"fr_FR","og_type":"article","og_title":"Burkina Faso : Les Nations Unies sont pr\u00eates \u00e0 travailler avec le Burkina Faso dans le sens des priorit\u00e9s de la transition - La Tribune du Faso","og_description":"Ce mardi 19 juillet 2022 \u00e0 Ouagadougou, le Premier ministre burkinab\u00e8, Albert Ou\u00e9draogo, a accord\u00e9 une audience \u00e0 la coordinatrice du Syst\u00e8me des Nations Unies au Burkina Faso, Barbara Manzi. Au cours de la rencontre, le Chef du Gouvernement a r\u00e9affirm\u00e9 les priorit\u00e9s de la transition et a parl\u00e9 de la coop\u00e9ration entre le Burkina Faso et les Nations Unies dans ce sens. \u00ab\u00a0Je suis venue f\u00e9liciter le premier ministre pour l\u2019engagement pour s&rsquo;assurer qu\u2019on puisse bien comprendre les priorit\u00e9s de la transition et comment les Nation unies peuvent servir la population du Burkina Faso dans cette p\u00e9riode. C\u2019\u00e9tait un \u00e9change ouvert, on a recueilli des recommandations qu\u2019il faudra mettre en \u0153uvre. Les Nations Unies sont pr\u00eates \u00e0 continuer \u00e0 travailler dans l\u2019humanitaire, la paix, la technologie et le d\u00e9veloppement avec les autorit\u00e9s Burkinab\u00e8\u00a0\u00bb a-t-elle d\u00e9clar\u00e9 au sortir de la rencontre. Issouf Tapsoba Latribunedufaso.net","og_url":"https:\/\/www.latribunedufaso.net\/?p=6010","og_site_name":"La Tribune du Faso","article_publisher":"https:\/\/www.facebook.com\/LatribuneduFaso\/","article_published_time":"2022-07-19T18:04:38+00:00","article_modified_time":"2022-07-20T20:27:56+00:00","og_image":[{"width":984,"height":432,"url":"https:\/\/www.latribunedufaso.net\/wp-content\/uploads\/2022\/07\/soc.jpeg","type":"image\/jpeg"}],"author":"admin","twitter_misc":{"\u00c9crit par":"admin","Dur\u00e9e de lecture estim\u00e9e":"1 minute"},"schema":{"@context":"https:\/\/schema.org","@graph":[{"@type":"Article","@id":"https:\/\/www.latribunedufaso.net\/?p=6010#article","isPartOf":{"@id":"https:\/\/www.latribunedufaso.net\/?p=6010"},"author":{"name":"admin","@id":"https:\/\/www.latribunedufaso.net\/#\/schema\/person\/6c794fd9b7540d8c9ab42b5d3617be3d"},"headline":"Burkina Faso : Les Nations Unies sont pr\u00eates \u00e0 travailler avec le Burkina Faso dans le sens des priorit\u00e9s de la transition","datePublished":"2022-07-19T18:04:38+00:00","dateModified":"2022-07-20T20:27:56+00:00","mainEntityOfPage":{"@id":"https:\/\/www.latribunedufaso.net\/?p=6010"},"wordCount":179,"commentCount":0,"publisher":{"@id":"https:\/\/www.latribunedufaso.net\/#organization"},"image":{"@id":"https:\/\/www.latribunedufaso.net\/?p=6010#primaryimage"},"thumbnailUrl":"https:\/\/www.latribunedufaso.net\/wp-content\/uploads\/2022\/07\/soc.jpeg","articleSection":["Soci\u00e9t\u00e9"],"inLanguage":"fr-FR","potentialAction":[{"@type":"CommentAction","name":"Comment","target":["https:\/\/www.latribunedufaso.net\/?p=6010#respond"]}]},{"@type":"WebPage","@id":"https:\/\/www.latribunedufaso.net\/?p=6010","url":"https:\/\/www.latribunedufaso.net\/?p=6010","name":"Burkina Faso : Les Nations Unies sont pr\u00eates \u00e0 travailler avec le Burkina Faso dans le sens des priorit\u00e9s de la transition - La Tribune du Faso","isPartOf":{"@id":"https:\/\/www.latribunedufaso.net\/#website"},"primaryImageOfPage":{"@id":"https:\/\/www.latribunedufaso.net\/?p=6010#primaryimage"},"image":{"@id":"https:\/\/www.latribunedufaso.net\/?p=6010#primaryimage"},"thumbnailUrl":"https:\/\/www.latribunedufaso.net\/wp-content\/uploads\/2022\/07\/soc.jpeg","datePublished":"2022-07-19T18:04:38+00:00","dateModified":"2022-07-20T20:27:56+00:00","breadcrumb":{"@id":"https:\/\/www.latribunedufaso.net\/?p=6010#breadcrumb"},"inLanguage":"fr-FR","potentialAction":[{"@type":"ReadAction","target":["https:\/\/www.latribunedufaso.net\/?p=6010"]}]},{"@type":"ImageObject","inLanguage":"fr-FR","@id":"https:\/\/www.latribunedufaso.net\/?p=6010#primaryimage","url":"https:\/\/www.latribunedufaso.net\/wp-content\/uploads\/2022\/07\/soc.jpeg","contentUrl":"https:\/\/www.latribunedufaso.net\/wp-content\/uploads\/2022\/07\/soc.jpeg","width":984,"height":432},{"@type":"BreadcrumbList","@id":"https:\/\/www.latribunedufaso.net\/?p=6010#breadcrumb","itemListElement":[{"@type":"ListItem","position":1,"name":"Accueil","item":"https:\/\/www.latribunedufaso.net\/"},{"@type":"ListItem","position":2,"name":"Burkina Faso : Les Nations Unies sont pr\u00eates \u00e0 travailler avec le Burkina Faso dans le sens des priorit\u00e9s de la transition"}]},{"@type":"WebSite","@id":"https:\/\/www.latribunedufaso.net\/#website","url":"https:\/\/www.latribunedufaso.net\/","name":"La Tribune du Faso","description":"L&#039;information du monde rural en un clic","publisher":{"@id":"https:\/\/www.latribunedufaso.net\/#organization"},"potentialAction":[{"@type":"SearchAction","target":{"@type":"EntryPoint","urlTemplate":"https:\/\/www.latribunedufaso.net\/?s={search_term_string}"},"query-input":{"@type":"PropertyValueSpecification","valueRequired":true,"valueName":"search_term_string"}}],"inLanguage":"fr-FR"},{"@type":"Organization","@id":"https:\/\/www.latribunedufaso.net\/#organization","name":"La Tribune du Faso","url":"https:\/\/www.latribunedufaso.net\/","logo":{"@type":"ImageObject","inLanguage":"fr-FR","@id":"https:\/\/www.latribunedufaso.net\/#\/schema\/logo\/image\/","url":"https:\/\/www.latribunedufaso.net\/wp-content\/uploads\/2020\/08\/Logo-Tribune-du-Faso-final-scaled.jpg","contentUrl":"https:\/\/www.latribunedufaso.net\/wp-content\/uploads\/2020\/08\/Logo-Tribune-du-Faso-final-scaled.jpg","width":2560,"height":1856,"caption":"La Tribune du Faso"},"image":{"@id":"https:\/\/www.latribunedufaso.net\/#\/schema\/logo\/image\/"},"sameAs":["https:\/\/www.facebook.com\/LatribuneduFaso\/"]},{"@type":"Person","@id":"https:\/\/www.latribunedufaso.net\/#\/schema\/person\/6c794fd9b7540d8c9ab42b5d3617be3d","name":"admin","image":{"@type":"ImageObject","inLanguage":"fr-FR","@id":"https:\/\/secure.gravatar.com\/avatar\/e4ad5bb743c8b6cb174d9df6c7d30a8a16f6889731241345fc6444e6485f02af?s=96&d=mm&r=g","url":"https:\/\/secure.gravatar.com\/avatar\/e4ad5bb743c8b6cb174d9df6c7d30a8a16f6889731241345fc6444e6485f02af?s=96&d=mm&r=g","contentUrl":"https:\/\/secure.gravatar.com\/avatar\/e4ad5bb743c8b6cb174d9df6c7d30a8a16f6889731241345fc6444e6485f02af?s=96&d=mm&r=g","caption":"admin"},"url":"https:\/\/www.latribunedufaso.net\/?author=1"}]}},"_links":{"self":[{"href":"https:\/\/www.latribunedufaso.net\/index.php?rest_route=\/wp\/v2\/posts\/6010","targetHints":{"allow":["GET"]}}],"collection":[{"href":"https:\/\/www.latribunedufaso.net\/index.php?rest_route=\/wp\/v2\/posts"}],"about":[{"href":"https:\/\/www.latribunedufaso.net\/index.php?rest_route=\/wp\/v2\/types\/post"}],"author":[{"embeddable":true,"href":"https:\/\/www.latribunedufaso.net\/index.php?rest_route=\/wp\/v2\/users\/1"}],"replies":[{"embeddable":true,"href":"https:\/\/www.latribunedufaso.net\/index.php?rest_route=%2Fwp%2Fv2%2Fcomments&post=6010"}],"version-history":[{"count":3,"href":"https:\/\/www.latribunedufaso.net\/index.php?rest_route=\/wp\/v2\/posts\/6010\/revisions"}],"predecessor-version":[{"id":6015,"href":"https:\/\/www.latribunedufaso.net\/index.php?rest_route=\/wp\/v2\/posts\/6010\/revisions\/6015"}],"wp:featuredmedia":[{"embeddable":true,"href":"https:\/\/www.latribunedufaso.net\/index.php?rest_route=\/wp\/v2\/media\/6013"}],"wp:attachment":[{"href":"https:\/\/www.latribunedufaso.net\/index.php?rest_route=%2Fwp%2Fv2%2Fmedia&parent=6010"}],"wp:term":[{"taxonomy":"category","embeddable":true,"href":"https:\/\/www.latribunedufaso.net\/index.php?rest_route=%2Fwp%2Fv2%2Fcategories&post=6010"},{"taxonomy":"post_tag","embeddable":true,"href":"https:\/\/www.latribunedufaso.net\/index.php?rest_route=%2Fwp%2Fv2%2Ftags&post=6010"}],"curies":[{"name":"wp","href":"https:\/\/api.w.org\/{rel}","templated":true}]}}