{"id":595,"date":"2019-11-30T21:55:30","date_gmt":"2019-11-30T21:55:30","guid":{"rendered":"http:\/\/latribunedufaso.net\/?p=595"},"modified":"2019-12-20T09:23:18","modified_gmt":"2019-12-20T09:23:18","slug":"barrage-de-samendeni-au-moins-100-000-emplois-attendus","status":"publish","type":"post","link":"https:\/\/www.latribunedufaso.net\/?p=595","title":{"rendered":"Barrage de samend\u00e9ni : Au moins 100 000 emplois attendus"},"content":{"rendered":"<p><strong>Le pr\u00e9sident du Faso Roch Marc Christian Kabor\u00e9 a proc\u00e9d\u00e9 ce samedi 30 novembre \u00e0 l&rsquo;inauguration du barrage de Samendeni dans la commune de Bama. Lanc\u00e9s en janvier 2008, les travaux de construction du barrage se sont achev\u00e9s le 7 juillet 2017 avec la mat\u00e9rialisation de la mise en eau par le ministre de l&rsquo;Eau et de l&rsquo;Assainissement, Niouga Ambroise Ou\u00e9draogo.<\/strong><!--more--><\/p>\n<div class=\"text_exposed_show\">\n<p><a href=\"http:\/\/latribunedufaso.net\/wp-content\/uploads\/2019\/11\/1.jpg\"><img loading=\"lazy\" decoding=\"async\" class=\" wp-image-596 aligncenter\" src=\"http:\/\/latribunedufaso.net\/wp-content\/uploads\/2019\/11\/1-300x200.jpg\" alt=\"\" width=\"469\" height=\"312\" srcset=\"https:\/\/www.latribunedufaso.net\/wp-content\/uploads\/2019\/11\/1-300x200.jpg 300w, https:\/\/www.latribunedufaso.net\/wp-content\/uploads\/2019\/11\/1-600x400.jpg 600w, https:\/\/www.latribunedufaso.net\/wp-content\/uploads\/2019\/11\/1.jpg 720w, https:\/\/www.latribunedufaso.net\/wp-content\/uploads\/2019\/11\/1-120x80.jpg 120w, https:\/\/www.latribunedufaso.net\/wp-content\/uploads\/2019\/11\/1-360x240.jpg 360w\" sizes=\"auto, (max-width: 469px) 100vw, 469px\" \/><\/a>Construit sur le fleuve Mouhoun dans la commune de Bama, province du Houet dans la r\u00e9gion des Hauts-Bassins, cet ouvrage hydraulique qui est le plus grand dans la zone de l&rsquo;Ouest, est le 3e barrage le plus grand du Burkina Faso apr\u00e8s ceux de la Kompienga et de Bagr\u00e9. Il a une capacit\u00e9 de 1 milliard 50 millions de m3 d&rsquo;eau avec une hauteur maximale de 23,9m et une longueur de 2900m2.<\/p>\n<p>Apr\u00e8s sa mise en eau en 2017, le barrage de Samendeni a atteint le 2 septembre 2018 son taux de remplissage de 100% avec 38 esp\u00e8ces de poissons dont le capitaine, la carpe, la sardine, le poisson docteur, h\u00e9licopt\u00e8re, concorde, silure, machoiron, nanani\u2026 Le barrage devrait contribuer \u00e0 l&rsquo;atteinte de la s\u00e9curit\u00e9 alimentaire, la croissance du Produit int\u00e9rieur brut (PIB) de pr\u00e8s de 2%, l&rsquo;augmentation de la production nationale de c\u00e9r\u00e9ales de pr\u00e8s de 3% et la cr\u00e9ation d&rsquo;au moins 100 000 emplois. Il pr\u00e9sente \u00e9galement des opportunit\u00e9s d&rsquo;affaires dans divers activit\u00e9s telles que l&rsquo;agriculture, la p\u00eache et la pisciculture, l\u2019\u00e9levage, l&rsquo;industrie, l&rsquo;h\u00f4tellerie et le tourisme.<\/p>\n<p>Le barrage est pilot\u00e9 par le Programme de D\u00e9veloppement Int\u00e9gr\u00e9 de la vall\u00e9e de Samendeni (PDIS), qui constitue l&rsquo;un des plus grands projets de d\u00e9veloppement initi\u00e9 par le gouvernement. Le projet s&rsquo;\u00e9tend sur les Hauts-Bassins et la Boucle du Mouhoun deux r\u00e9gions reconnues comme \u00e9tant les greniers du pays et int\u00e8gre la mobilisation des ressources en eau, \u00e9nergie, agriculture, \u00e9levage, \u00e9cologie, industrie et tourisme.<\/p>\n<p>D&rsquo;un co\u00fbt global de 200 milliards, le Programme de D\u00e9veloppement Int\u00e9gr\u00e9 de la vall\u00e9e de Samendeni est financ\u00e9 par huit bailleurs de fonds ( BID, FSD), BADEA, FKDEA, FADD, OFID, BIDC, BOAD) et l\u00a0\u00bbEtat burkinab\u00e9.<\/p>\n<p>Source : DCPM\/MEA<\/p>\n<p><a href=\"http:\/\/latribunedufaso.net\/wp-content\/uploads\/2019\/11\/3-1.jpg\"><img loading=\"lazy\" decoding=\"async\" class=\"alignnone  wp-image-598\" src=\"http:\/\/latribunedufaso.net\/wp-content\/uploads\/2019\/11\/3-1-300x225.jpg\" alt=\"\" width=\"195\" height=\"146\" srcset=\"https:\/\/www.latribunedufaso.net\/wp-content\/uploads\/2019\/11\/3-1-300x225.jpg 300w, https:\/\/www.latribunedufaso.net\/wp-content\/uploads\/2019\/11\/3-1-600x450.jpg 600w, https:\/\/www.latribunedufaso.net\/wp-content\/uploads\/2019\/11\/3-1.jpg 720w\" sizes=\"auto, (max-width: 195px) 100vw, 195px\" \/><\/a> <a href=\"http:\/\/latribunedufaso.net\/wp-content\/uploads\/2019\/11\/4-1.jpg\"><img loading=\"lazy\" decoding=\"async\" class=\"alignnone  wp-image-599\" src=\"http:\/\/latribunedufaso.net\/wp-content\/uploads\/2019\/11\/4-1-300x165.jpg\" alt=\"\" width=\"264\" height=\"145\" srcset=\"https:\/\/www.latribunedufaso.net\/wp-content\/uploads\/2019\/11\/4-1-300x165.jpg 300w, https:\/\/www.latribunedufaso.net\/wp-content\/uploads\/2019\/11\/4-1-600x329.jpg 600w, https:\/\/www.latribunedufaso.net\/wp-content\/uploads\/2019\/11\/4-1.jpg 720w\" sizes=\"auto, (max-width: 264px) 100vw, 264px\" \/><\/a><\/p>\n<\/div>\n","protected":false},"excerpt":{"rendered":"<p>Le pr\u00e9sident du Faso Roch Marc Christian Kabor\u00e9 a proc\u00e9d\u00e9 ce samedi 30 novembre \u00e0 l&rsquo;inauguration du barrage de Samendeni dans la commune de Bama. Lanc\u00e9s en janvier 2008, les travaux de construction du barrage se sont achev\u00e9s le 7 juillet 2017 avec la mat\u00e9rialisation de la mise en eau par le ministre de l&rsquo;Eau et de l&rsquo;Assainissement, Niouga Ambroise Ou\u00e9draogo.<\/p>\n","protected":false},"author":2,"featured_media":597,"comment_status":"open","ping_status":"open","sticky":false,"template":"","format":"standard","meta":{"footnotes":""},"categories":[1,23],"tags":[],"class_list":["post-595","post","type-post","status-publish","format-standard","has-post-thumbnail","hentry","category-actu","category-eau-et-assainissement"],"yoast_head":"<!-- This site is optimized with the Yoast SEO plugin v27.5 - https:\/\/yoast.com\/product\/yoast-seo-wordpress\/ -->\n<title>Barrage de samend\u00e9ni : Au moins 100 000 emplois attendus - La Tribune du Faso<\/title>\n<meta name=\"robots\" content=\"index, follow, max-snippet:-1, max-image-preview:large, max-video-preview:-1\" \/>\n<link rel=\"canonical\" href=\"https:\/\/www.latribunedufaso.net\/?p=595\" \/>\n<meta property=\"og:locale\" content=\"fr_FR\" \/>\n<meta property=\"og:type\" content=\"article\" \/>\n<meta property=\"og:title\" content=\"Barrage de samend\u00e9ni : Au moins 100 000 emplois attendus - La Tribune du Faso\" \/>\n<meta property=\"og:description\" content=\"Le pr\u00e9sident du Faso Roch Marc Christian Kabor\u00e9 a proc\u00e9d\u00e9 ce samedi 30 novembre \u00e0 l&rsquo;inauguration du barrage de Samendeni dans la commune de Bama. Lanc\u00e9s en janvier 2008, les travaux de construction du barrage se sont achev\u00e9s le 7 juillet 2017 avec la mat\u00e9rialisation de la mise en eau par le ministre de l&rsquo;Eau et de l&rsquo;Assainissement, Niouga Ambroise Ou\u00e9draogo.\" \/>\n<meta property=\"og:url\" content=\"https:\/\/www.latribunedufaso.net\/?p=595\" \/>\n<meta property=\"og:site_name\" content=\"La Tribune du Faso\" \/>\n<meta property=\"article:publisher\" content=\"https:\/\/www.facebook.com\/LatribuneduFaso\/\" \/>\n<meta property=\"article:published_time\" content=\"2019-11-30T21:55:30+00:00\" \/>\n<meta property=\"article:modified_time\" content=\"2019-12-20T09:23:18+00:00\" \/>\n<meta property=\"og:image\" content=\"https:\/\/latribunedufaso.net\/wp-content\/uploads\/2019\/11\/2.jpg\" \/>\n\t<meta property=\"og:image:width\" content=\"960\" \/>\n\t<meta property=\"og:image:height\" content=\"432\" \/>\n\t<meta property=\"og:image:type\" content=\"image\/jpeg\" \/>\n<meta name=\"author\" content=\"Administrateur\" \/>\n<meta name=\"twitter:label1\" content=\"\u00c9crit par\" \/>\n\t<meta name=\"twitter:data1\" content=\"Administrateur\" \/>\n\t<meta name=\"twitter:label2\" content=\"Dur\u00e9e de lecture estim\u00e9e\" \/>\n\t<meta name=\"twitter:data2\" content=\"2 minutes\" \/>\n<script type=\"application\/ld+json\" class=\"yoast-schema-graph\">{\"@context\":\"https:\\\/\\\/schema.org\",\"@graph\":[{\"@type\":\"Article\",\"@id\":\"https:\\\/\\\/www.latribunedufaso.net\\\/?p=595#article\",\"isPartOf\":{\"@id\":\"https:\\\/\\\/www.latribunedufaso.net\\\/?p=595\"},\"author\":{\"name\":\"Administrateur\",\"@id\":\"https:\\\/\\\/www.latribunedufaso.net\\\/#\\\/schema\\\/person\\\/a380782d0605bb8aae27c40ea93b35b1\"},\"headline\":\"Barrage de samend\u00e9ni : Au moins 100 000 emplois attendus\",\"datePublished\":\"2019-11-30T21:55:30+00:00\",\"dateModified\":\"2019-12-20T09:23:18+00:00\",\"mainEntityOfPage\":{\"@id\":\"https:\\\/\\\/www.latribunedufaso.net\\\/?p=595\"},\"wordCount\":381,\"commentCount\":0,\"publisher\":{\"@id\":\"https:\\\/\\\/www.latribunedufaso.net\\\/#organization\"},\"image\":{\"@id\":\"https:\\\/\\\/www.latribunedufaso.net\\\/?p=595#primaryimage\"},\"thumbnailUrl\":\"https:\\\/\\\/www.latribunedufaso.net\\\/wp-content\\\/uploads\\\/2019\\\/11\\\/2.jpg\",\"articleSection\":[\"Actualit\u00e9\",\"Eau et assainissement\"],\"inLanguage\":\"fr-FR\",\"potentialAction\":[{\"@type\":\"CommentAction\",\"name\":\"Comment\",\"target\":[\"https:\\\/\\\/www.latribunedufaso.net\\\/?p=595#respond\"]}]},{\"@type\":\"WebPage\",\"@id\":\"https:\\\/\\\/www.latribunedufaso.net\\\/?p=595\",\"url\":\"https:\\\/\\\/www.latribunedufaso.net\\\/?p=595\",\"name\":\"Barrage de samend\u00e9ni : Au moins 100 000 emplois attendus - La Tribune du Faso\",\"isPartOf\":{\"@id\":\"https:\\\/\\\/www.latribunedufaso.net\\\/#website\"},\"primaryImageOfPage\":{\"@id\":\"https:\\\/\\\/www.latribunedufaso.net\\\/?p=595#primaryimage\"},\"image\":{\"@id\":\"https:\\\/\\\/www.latribunedufaso.net\\\/?p=595#primaryimage\"},\"thumbnailUrl\":\"https:\\\/\\\/www.latribunedufaso.net\\\/wp-content\\\/uploads\\\/2019\\\/11\\\/2.jpg\",\"datePublished\":\"2019-11-30T21:55:30+00:00\",\"dateModified\":\"2019-12-20T09:23:18+00:00\",\"breadcrumb\":{\"@id\":\"https:\\\/\\\/www.latribunedufaso.net\\\/?p=595#breadcrumb\"},\"inLanguage\":\"fr-FR\",\"potentialAction\":[{\"@type\":\"ReadAction\",\"target\":[\"https:\\\/\\\/www.latribunedufaso.net\\\/?p=595\"]}]},{\"@type\":\"ImageObject\",\"inLanguage\":\"fr-FR\",\"@id\":\"https:\\\/\\\/www.latribunedufaso.net\\\/?p=595#primaryimage\",\"url\":\"https:\\\/\\\/www.latribunedufaso.net\\\/wp-content\\\/uploads\\\/2019\\\/11\\\/2.jpg\",\"contentUrl\":\"https:\\\/\\\/www.latribunedufaso.net\\\/wp-content\\\/uploads\\\/2019\\\/11\\\/2.jpg\",\"width\":960,\"height\":432},{\"@type\":\"BreadcrumbList\",\"@id\":\"https:\\\/\\\/www.latribunedufaso.net\\\/?p=595#breadcrumb\",\"itemListElement\":[{\"@type\":\"ListItem\",\"position\":1,\"name\":\"Accueil\",\"item\":\"https:\\\/\\\/www.latribunedufaso.net\\\/\"},{\"@type\":\"ListItem\",\"position\":2,\"name\":\"Barrage de samend\u00e9ni : Au moins 100 000 emplois attendus\"}]},{\"@type\":\"WebSite\",\"@id\":\"https:\\\/\\\/www.latribunedufaso.net\\\/#website\",\"url\":\"https:\\\/\\\/www.latribunedufaso.net\\\/\",\"name\":\"La Tribune du Faso\",\"description\":\"L&#039;information du monde rural en un clic\",\"publisher\":{\"@id\":\"https:\\\/\\\/www.latribunedufaso.net\\\/#organization\"},\"potentialAction\":[{\"@type\":\"SearchAction\",\"target\":{\"@type\":\"EntryPoint\",\"urlTemplate\":\"https:\\\/\\\/www.latribunedufaso.net\\\/?s={search_term_string}\"},\"query-input\":{\"@type\":\"PropertyValueSpecification\",\"valueRequired\":true,\"valueName\":\"search_term_string\"}}],\"inLanguage\":\"fr-FR\"},{\"@type\":\"Organization\",\"@id\":\"https:\\\/\\\/www.latribunedufaso.net\\\/#organization\",\"name\":\"La Tribune du Faso\",\"url\":\"https:\\\/\\\/www.latribunedufaso.net\\\/\",\"logo\":{\"@type\":\"ImageObject\",\"inLanguage\":\"fr-FR\",\"@id\":\"https:\\\/\\\/www.latribunedufaso.net\\\/#\\\/schema\\\/logo\\\/image\\\/\",\"url\":\"https:\\\/\\\/www.latribunedufaso.net\\\/wp-content\\\/uploads\\\/2020\\\/08\\\/Logo-Tribune-du-Faso-final-scaled.jpg\",\"contentUrl\":\"https:\\\/\\\/www.latribunedufaso.net\\\/wp-content\\\/uploads\\\/2020\\\/08\\\/Logo-Tribune-du-Faso-final-scaled.jpg\",\"width\":2560,\"height\":1856,\"caption\":\"La Tribune du Faso\"},\"image\":{\"@id\":\"https:\\\/\\\/www.latribunedufaso.net\\\/#\\\/schema\\\/logo\\\/image\\\/\"},\"sameAs\":[\"https:\\\/\\\/www.facebook.com\\\/LatribuneduFaso\\\/\"]},{\"@type\":\"Person\",\"@id\":\"https:\\\/\\\/www.latribunedufaso.net\\\/#\\\/schema\\\/person\\\/a380782d0605bb8aae27c40ea93b35b1\",\"name\":\"Administrateur\",\"image\":{\"@type\":\"ImageObject\",\"inLanguage\":\"fr-FR\",\"@id\":\"https:\\\/\\\/secure.gravatar.com\\\/avatar\\\/e20266f97d741f0e80ba1f60283074a9b3317fd7bfb727e0d95b51dafbf854a1?s=96&d=mm&r=g\",\"url\":\"https:\\\/\\\/secure.gravatar.com\\\/avatar\\\/e20266f97d741f0e80ba1f60283074a9b3317fd7bfb727e0d95b51dafbf854a1?s=96&d=mm&r=g\",\"contentUrl\":\"https:\\\/\\\/secure.gravatar.com\\\/avatar\\\/e20266f97d741f0e80ba1f60283074a9b3317fd7bfb727e0d95b51dafbf854a1?s=96&d=mm&r=g\",\"caption\":\"Administrateur\"},\"url\":\"https:\\\/\\\/www.latribunedufaso.net\\\/?author=2\"}]}<\/script>\n<!-- \/ Yoast SEO plugin. -->","yoast_head_json":{"title":"Barrage de samend\u00e9ni : Au moins 100 000 emplois attendus - La Tribune du Faso","robots":{"index":"index","follow":"follow","max-snippet":"max-snippet:-1","max-image-preview":"max-image-preview:large","max-video-preview":"max-video-preview:-1"},"canonical":"https:\/\/www.latribunedufaso.net\/?p=595","og_locale":"fr_FR","og_type":"article","og_title":"Barrage de samend\u00e9ni : Au moins 100 000 emplois attendus - La Tribune du Faso","og_description":"Le pr\u00e9sident du Faso Roch Marc Christian Kabor\u00e9 a proc\u00e9d\u00e9 ce samedi 30 novembre \u00e0 l&rsquo;inauguration du barrage de Samendeni dans la commune de Bama. Lanc\u00e9s en janvier 2008, les travaux de construction du barrage se sont achev\u00e9s le 7 juillet 2017 avec la mat\u00e9rialisation de la mise en eau par le ministre de l&rsquo;Eau et de l&rsquo;Assainissement, Niouga Ambroise Ou\u00e9draogo.","og_url":"https:\/\/www.latribunedufaso.net\/?p=595","og_site_name":"La Tribune du Faso","article_publisher":"https:\/\/www.facebook.com\/LatribuneduFaso\/","article_published_time":"2019-11-30T21:55:30+00:00","article_modified_time":"2019-12-20T09:23:18+00:00","og_image":[{"width":960,"height":432,"url":"https:\/\/latribunedufaso.net\/wp-content\/uploads\/2019\/11\/2.jpg","type":"image\/jpeg"}],"author":"Administrateur","twitter_misc":{"\u00c9crit par":"Administrateur","Dur\u00e9e de lecture estim\u00e9e":"2 minutes"},"schema":{"@context":"https:\/\/schema.org","@graph":[{"@type":"Article","@id":"https:\/\/www.latribunedufaso.net\/?p=595#article","isPartOf":{"@id":"https:\/\/www.latribunedufaso.net\/?p=595"},"author":{"name":"Administrateur","@id":"https:\/\/www.latribunedufaso.net\/#\/schema\/person\/a380782d0605bb8aae27c40ea93b35b1"},"headline":"Barrage de samend\u00e9ni : Au moins 100 000 emplois attendus","datePublished":"2019-11-30T21:55:30+00:00","dateModified":"2019-12-20T09:23:18+00:00","mainEntityOfPage":{"@id":"https:\/\/www.latribunedufaso.net\/?p=595"},"wordCount":381,"commentCount":0,"publisher":{"@id":"https:\/\/www.latribunedufaso.net\/#organization"},"image":{"@id":"https:\/\/www.latribunedufaso.net\/?p=595#primaryimage"},"thumbnailUrl":"https:\/\/www.latribunedufaso.net\/wp-content\/uploads\/2019\/11\/2.jpg","articleSection":["Actualit\u00e9","Eau et assainissement"],"inLanguage":"fr-FR","potentialAction":[{"@type":"CommentAction","name":"Comment","target":["https:\/\/www.latribunedufaso.net\/?p=595#respond"]}]},{"@type":"WebPage","@id":"https:\/\/www.latribunedufaso.net\/?p=595","url":"https:\/\/www.latribunedufaso.net\/?p=595","name":"Barrage de samend\u00e9ni : Au moins 100 000 emplois attendus - La Tribune du Faso","isPartOf":{"@id":"https:\/\/www.latribunedufaso.net\/#website"},"primaryImageOfPage":{"@id":"https:\/\/www.latribunedufaso.net\/?p=595#primaryimage"},"image":{"@id":"https:\/\/www.latribunedufaso.net\/?p=595#primaryimage"},"thumbnailUrl":"https:\/\/www.latribunedufaso.net\/wp-content\/uploads\/2019\/11\/2.jpg","datePublished":"2019-11-30T21:55:30+00:00","dateModified":"2019-12-20T09:23:18+00:00","breadcrumb":{"@id":"https:\/\/www.latribunedufaso.net\/?p=595#breadcrumb"},"inLanguage":"fr-FR","potentialAction":[{"@type":"ReadAction","target":["https:\/\/www.latribunedufaso.net\/?p=595"]}]},{"@type":"ImageObject","inLanguage":"fr-FR","@id":"https:\/\/www.latribunedufaso.net\/?p=595#primaryimage","url":"https:\/\/www.latribunedufaso.net\/wp-content\/uploads\/2019\/11\/2.jpg","contentUrl":"https:\/\/www.latribunedufaso.net\/wp-content\/uploads\/2019\/11\/2.jpg","width":960,"height":432},{"@type":"BreadcrumbList","@id":"https:\/\/www.latribunedufaso.net\/?p=595#breadcrumb","itemListElement":[{"@type":"ListItem","position":1,"name":"Accueil","item":"https:\/\/www.latribunedufaso.net\/"},{"@type":"ListItem","position":2,"name":"Barrage de samend\u00e9ni : Au moins 100 000 emplois attendus"}]},{"@type":"WebSite","@id":"https:\/\/www.latribunedufaso.net\/#website","url":"https:\/\/www.latribunedufaso.net\/","name":"La Tribune du Faso","description":"L&#039;information du monde rural en un clic","publisher":{"@id":"https:\/\/www.latribunedufaso.net\/#organization"},"potentialAction":[{"@type":"SearchAction","target":{"@type":"EntryPoint","urlTemplate":"https:\/\/www.latribunedufaso.net\/?s={search_term_string}"},"query-input":{"@type":"PropertyValueSpecification","valueRequired":true,"valueName":"search_term_string"}}],"inLanguage":"fr-FR"},{"@type":"Organization","@id":"https:\/\/www.latribunedufaso.net\/#organization","name":"La Tribune du Faso","url":"https:\/\/www.latribunedufaso.net\/","logo":{"@type":"ImageObject","inLanguage":"fr-FR","@id":"https:\/\/www.latribunedufaso.net\/#\/schema\/logo\/image\/","url":"https:\/\/www.latribunedufaso.net\/wp-content\/uploads\/2020\/08\/Logo-Tribune-du-Faso-final-scaled.jpg","contentUrl":"https:\/\/www.latribunedufaso.net\/wp-content\/uploads\/2020\/08\/Logo-Tribune-du-Faso-final-scaled.jpg","width":2560,"height":1856,"caption":"La Tribune du Faso"},"image":{"@id":"https:\/\/www.latribunedufaso.net\/#\/schema\/logo\/image\/"},"sameAs":["https:\/\/www.facebook.com\/LatribuneduFaso\/"]},{"@type":"Person","@id":"https:\/\/www.latribunedufaso.net\/#\/schema\/person\/a380782d0605bb8aae27c40ea93b35b1","name":"Administrateur","image":{"@type":"ImageObject","inLanguage":"fr-FR","@id":"https:\/\/secure.gravatar.com\/avatar\/e20266f97d741f0e80ba1f60283074a9b3317fd7bfb727e0d95b51dafbf854a1?s=96&d=mm&r=g","url":"https:\/\/secure.gravatar.com\/avatar\/e20266f97d741f0e80ba1f60283074a9b3317fd7bfb727e0d95b51dafbf854a1?s=96&d=mm&r=g","contentUrl":"https:\/\/secure.gravatar.com\/avatar\/e20266f97d741f0e80ba1f60283074a9b3317fd7bfb727e0d95b51dafbf854a1?s=96&d=mm&r=g","caption":"Administrateur"},"url":"https:\/\/www.latribunedufaso.net\/?author=2"}]}},"_links":{"self":[{"href":"https:\/\/www.latribunedufaso.net\/index.php?rest_route=\/wp\/v2\/posts\/595","targetHints":{"allow":["GET"]}}],"collection":[{"href":"https:\/\/www.latribunedufaso.net\/index.php?rest_route=\/wp\/v2\/posts"}],"about":[{"href":"https:\/\/www.latribunedufaso.net\/index.php?rest_route=\/wp\/v2\/types\/post"}],"author":[{"embeddable":true,"href":"https:\/\/www.latribunedufaso.net\/index.php?rest_route=\/wp\/v2\/users\/2"}],"replies":[{"embeddable":true,"href":"https:\/\/www.latribunedufaso.net\/index.php?rest_route=%2Fwp%2Fv2%2Fcomments&post=595"}],"version-history":[{"count":1,"href":"https:\/\/www.latribunedufaso.net\/index.php?rest_route=\/wp\/v2\/posts\/595\/revisions"}],"predecessor-version":[{"id":600,"href":"https:\/\/www.latribunedufaso.net\/index.php?rest_route=\/wp\/v2\/posts\/595\/revisions\/600"}],"wp:featuredmedia":[{"embeddable":true,"href":"https:\/\/www.latribunedufaso.net\/index.php?rest_route=\/wp\/v2\/media\/597"}],"wp:attachment":[{"href":"https:\/\/www.latribunedufaso.net\/index.php?rest_route=%2Fwp%2Fv2%2Fmedia&parent=595"}],"wp:term":[{"taxonomy":"category","embeddable":true,"href":"https:\/\/www.latribunedufaso.net\/index.php?rest_route=%2Fwp%2Fv2%2Fcategories&post=595"},{"taxonomy":"post_tag","embeddable":true,"href":"https:\/\/www.latribunedufaso.net\/index.php?rest_route=%2Fwp%2Fv2%2Ftags&post=595"}],"curies":[{"name":"wp","href":"https:\/\/api.w.org\/{rel}","templated":true}]}}