{"id":5935,"date":"2022-07-08T00:26:10","date_gmt":"2022-07-08T00:26:10","guid":{"rendered":"https:\/\/www.latribunedufaso.net\/?p=5935"},"modified":"2022-07-08T15:31:04","modified_gmt":"2022-07-08T15:31:04","slug":"lutte-contre-le-terrorisme-vers-la-creation-dun-mecanisme-facilitant-le-retour-des-combattants-enroles","status":"publish","type":"post","link":"https:\/\/www.latribunedufaso.net\/?p=5935","title":{"rendered":"Lutte contre le terrorisme : Vers la cr\u00e9ation d\u2019un m\u00e9canisme facilitant le retour des combattants enr\u00f4l\u00e9s"},"content":{"rendered":"<p style=\"text-align: justify;\"><strong>Du jeudi 07 au vendredi 08 juillet 2022 se tient \u00e0 Ouagadougou, un s\u00e9minaire sur le Statut des repentis dans la lutte contre le terrorisme. Organis\u00e9 par le Centre national d\u2019\u00e9tudes strat\u00e9giques du Burkina Faso (CNES), en collaboration avec le Groupe de recherche-action sur la s\u00e9curit\u00e9 humaine (GRASH), la c\u00e9r\u00e9monie d\u2019ouverture de ce s\u00e9minaire est intervenue ce jeudi 07 juillet 2022 sous la pr\u00e9sidence de Kalifa Namoano, Pr\u00e9sident de la Commission nationale des droits humains<\/strong> (CNDH).<!--more--><\/p>\n<p style=\"text-align: justify;\"><a href=\"https:\/\/latribunedufaso.net\/wp-content\/uploads\/2022\/07\/IMG-20220708-WA0013.jpg\"><img loading=\"lazy\" decoding=\"async\" class=\"size-medium wp-image-5939 alignleft\" src=\"https:\/\/latribunedufaso.net\/wp-content\/uploads\/2022\/07\/IMG-20220708-WA0013-300x225.jpg\" alt=\"\" width=\"300\" height=\"225\" srcset=\"https:\/\/www.latribunedufaso.net\/wp-content\/uploads\/2022\/07\/IMG-20220708-WA0013-300x225.jpg 300w, https:\/\/www.latribunedufaso.net\/wp-content\/uploads\/2022\/07\/IMG-20220708-WA0013-1024x768.jpg 1024w, https:\/\/www.latribunedufaso.net\/wp-content\/uploads\/2022\/07\/IMG-20220708-WA0013-768x576.jpg 768w, https:\/\/www.latribunedufaso.net\/wp-content\/uploads\/2022\/07\/IMG-20220708-WA0013.jpg 1040w\" sizes=\"auto, (max-width: 300px) 100vw, 300px\" \/><\/a> Depuis plusieurs ann\u00e9es, la situation s\u00e9curitaire li\u00e9e notamment au terrorisme prend de plus en plus de l\u2019ampleur au Burkina Faso, avec ses multiples cons\u00e9quences d\u00e9sastreuses. Si jadis, on pensait que les attaques terroristes \u00e9taient perp\u00e9tr\u00e9es par des \u00e9trangers, les experts de la s\u00e9curit\u00e9 eux, s\u2019accordent \u00e0 dire de nos jours que ce sont des Burkinab\u00e8 en majorit\u00e9 qui en sont \u00e0 l\u2019origine. C\u2019est pourquoi, en plus des diff\u00e9rentes actions men\u00e9es par les Forces arm\u00e9es nationales (FAN), le gouvernement pr\u00e9conise le dialogue, en offrant une opportunit\u00e9 de retour de ces personnes, par des appels publics avec la mise en place d\u2019une coordination nationale des comit\u00e9s locaux de dialogue pour la restauration de la paix. Cependant, l\u2019on remarque que l\u2019Etat burkinab\u00e8 n\u2019a pas encore \u00e9labor\u00e9 un statut, notamment juridique, qui encouragerait et encadrerait ce retour.<\/p>\n<p style=\"text-align: justify;\">C\u2019est donc dans l\u2019optique d\u2019apporter sa contribution \u00e0 la r\u00e9flexion pour l\u2019adoption d\u2019un statut des personnes repenties, que le Centre national d\u2019\u00e9tudes strat\u00e9giques du Burkina Faso (CNES) organise, en collaboration avec le Groupe de recherche-action sur la s\u00e9curit\u00e9 humaine (GRASH), ce s\u00e9minaire sur le statut des repentis, du jeudi 07 au vendredi 08 juillet 2022.<\/p>\n<p style=\"text-align: justify;\">L\u2019objectif g\u00e9n\u00e9ral de ce s\u00e9minaire, \u00e0 entendre les organisateurs, est de permettre la cr\u00e9ation d\u2019un m\u00e9canisme facilitant le retour des combattants enr\u00f4l\u00e9s dans les groupes arm\u00e9s terroristes. De fa\u00e7on sp\u00e9cifique, il vise \u00e0 faire un \u00e9tat des lieux des initiatives nationales et locales ayant favoris\u00e9 le retour des burkinab\u00e8 jadis enr\u00f4l\u00e9s dans les groupes arm\u00e9s terroristes, \u00e0 b\u00e9n\u00e9ficier des exp\u00e9riences des pays comme le Niger et le Cameroun en mati\u00e8re de d\u00e9radicalisation et de r\u00e9insertion des ex-combattants terroristes, et \u00e0 formuler des recommandations qui puissent permettre d\u2019\u00e9laborer un statut juridique efficace favorable au retour des repentis au Burkina Faso. Ce qui est noble selon le Repr\u00e9sentant du Secr\u00e9taire g\u00e9n\u00e9ral de la d\u00e9fense nationale (SGDN), Mahamoudou Sawadogo. \u00ab\u00a0Le pr\u00e9sent s\u00e9minaire est une noble initiative en ce sens qu\u2019il contribuera in\u00e9luctablement \u00e0 pacifier notre pays \u00e9prouv\u00e9 depuis sept (7) ans, par une resocialisation coh\u00e9rente de nos fr\u00e8res qui se sont mis en marge des communaut\u00e9s\u00a0\u00bb, s\u2019est-il r\u00e9joui.<br \/>Pour y parvenir, les participants devront \u00e9changer sur divers th\u00e8mes durant ces deux (2) jours, notamment l\u2019\u00e9tat des lieux des initiatives nationales et locales ayant favoris\u00e9 le retour des Burkinab\u00e8 jadis enr\u00f4l\u00e9s dans les groupes arm\u00e9s terroristes ; le processus de d\u00e9radicalisation et de r\u00e9insertion des ex-combattants terroristes, assistance et place des communaut\u00e9s ; les exp\u00e9riences d\u2019ailleurs (Niger, Cameroun, etc) ; ainsi que les m\u00e9canismes socio-politiques et le statut juridique des repentis au Burkina Faso. Ce qui aboutira \u00e0 l\u2019\u00e9laboration d\u2019un rapport final.<\/p>\n<p style=\"text-align: justify;\">Il faut noter que la situation actuelle des droits humains au Burkina Faso constitue pour l\u2019ensemble des d\u00e9fenseurs des droits humains du pays, une pr\u00e9occupation majeure quotidienne au regard de l\u2019ampleur et de la gravit\u00e9 de la crise s\u00e9curitaire. C\u2019est pourquoi, l\u2019Institut national d\u00e9mocrate pour les affaires internationales (NDI), partenaire financier de ce s\u00e9minaire, et la Commission nationale des droits humains (CNDH) ont souhait\u00e9 une profonde r\u00e9flexion sur ce qui les r\u00e9unit. \u00ab Je nourris le v\u0153u que les recommandations issues de ces 48 heures d\u2019\u00e9changes servent utilement de base \u00e0 l\u2019adoption d\u2019un statut des personnes repenties dans le cadre de la lutte contre le terrorisme au Burkina Faso \u00bb, a d\u00e9clar\u00e9 le Pr\u00e9sident de la CNDH, Kalifa Namoano.<\/p>\n<p style=\"text-align: justify;\">Pour finir, le SGDN repr\u00e9sent\u00e9 par Mahamoudou Sawadogo a, au regard de son r\u00f4le d\u2019assistance au Chef du gouvernement dans l\u2019exercice de ses fonctions en mati\u00e8re de d\u00e9fense et de s\u00e9curit\u00e9 nationale, rassur\u00e9 que la structure pour sa part, ne m\u00e9nagera aucun effort pour accompagner et d\u00e9velopper les initiatives en collaboration avec les diff\u00e9rents acteurs pour le retour \u00e0 la paix.<\/p>\n<p style=\"text-align: justify;\"><strong>Aliz\u00e8ta Zour\u00e9<\/strong><br \/><strong>Latribunedufaso.net<\/strong><\/p>\n","protected":false},"excerpt":{"rendered":"<p>Du jeudi 07 au vendredi 08 juillet 2022 se tient \u00e0 Ouagadougou, un s\u00e9minaire sur le Statut des repentis dans la lutte contre le terrorisme. Organis\u00e9 par le Centre national d\u2019\u00e9tudes strat\u00e9giques du Burkina Faso (CNES), en collaboration avec le Groupe de recherche-action sur la s\u00e9curit\u00e9 humaine (GRASH), la c\u00e9r\u00e9monie d\u2019ouverture de ce s\u00e9minaire est intervenue ce jeudi 07 juillet 2022 sous la pr\u00e9sidence de Kalifa Namoano, Pr\u00e9sident de la Commission nationale des droits humains (CNDH).<\/p>\n","protected":false},"author":2,"featured_media":5938,"comment_status":"open","ping_status":"open","sticky":false,"template":"","format":"standard","meta":{"footnotes":""},"categories":[13,1,8],"tags":[],"class_list":["post-5935","post","type-post","status-publish","format-standard","has-post-thumbnail","hentry","category-une","category-actu","category-societe"],"yoast_head":"<!-- This site is optimized with the Yoast SEO plugin v27.5 - https:\/\/yoast.com\/product\/yoast-seo-wordpress\/ -->\n<title>Lutte contre le terrorisme : Vers la cr\u00e9ation d\u2019un m\u00e9canisme facilitant le retour des combattants enr\u00f4l\u00e9s - La Tribune du Faso<\/title>\n<meta name=\"robots\" content=\"index, follow, max-snippet:-1, max-image-preview:large, max-video-preview:-1\" \/>\n<link rel=\"canonical\" href=\"https:\/\/www.latribunedufaso.net\/?p=5935\" \/>\n<meta property=\"og:locale\" content=\"fr_FR\" \/>\n<meta property=\"og:type\" content=\"article\" \/>\n<meta property=\"og:title\" content=\"Lutte contre le terrorisme : Vers la cr\u00e9ation d\u2019un m\u00e9canisme facilitant le retour des combattants enr\u00f4l\u00e9s - La Tribune du Faso\" \/>\n<meta property=\"og:description\" content=\"Du jeudi 07 au vendredi 08 juillet 2022 se tient \u00e0 Ouagadougou, un s\u00e9minaire sur le Statut des repentis dans la lutte contre le terrorisme. Organis\u00e9 par le Centre national d\u2019\u00e9tudes strat\u00e9giques du Burkina Faso (CNES), en collaboration avec le Groupe de recherche-action sur la s\u00e9curit\u00e9 humaine (GRASH), la c\u00e9r\u00e9monie d\u2019ouverture de ce s\u00e9minaire est intervenue ce jeudi 07 juillet 2022 sous la pr\u00e9sidence de Kalifa Namoano, Pr\u00e9sident de la Commission nationale des droits humains (CNDH).\" \/>\n<meta property=\"og:url\" content=\"https:\/\/www.latribunedufaso.net\/?p=5935\" \/>\n<meta property=\"og:site_name\" content=\"La Tribune du Faso\" \/>\n<meta property=\"article:publisher\" content=\"https:\/\/www.facebook.com\/LatribuneduFaso\/\" \/>\n<meta property=\"article:published_time\" content=\"2022-07-08T00:26:10+00:00\" \/>\n<meta property=\"article:modified_time\" content=\"2022-07-08T15:31:04+00:00\" \/>\n<meta property=\"og:image\" content=\"https:\/\/latribunedufaso.net\/wp-content\/uploads\/2022\/07\/IMG-20220708-WA0014.jpg\" \/>\n\t<meta property=\"og:image:width\" content=\"1040\" \/>\n\t<meta property=\"og:image:height\" content=\"780\" \/>\n\t<meta property=\"og:image:type\" content=\"image\/jpeg\" \/>\n<meta name=\"author\" content=\"Administrateur\" \/>\n<meta name=\"twitter:label1\" content=\"\u00c9crit par\" \/>\n\t<meta name=\"twitter:data1\" content=\"Administrateur\" \/>\n\t<meta name=\"twitter:label2\" content=\"Dur\u00e9e de lecture estim\u00e9e\" \/>\n\t<meta name=\"twitter:data2\" content=\"4 minutes\" \/>\n<script type=\"application\/ld+json\" class=\"yoast-schema-graph\">{\"@context\":\"https:\\\/\\\/schema.org\",\"@graph\":[{\"@type\":\"Article\",\"@id\":\"https:\\\/\\\/www.latribunedufaso.net\\\/?p=5935#article\",\"isPartOf\":{\"@id\":\"https:\\\/\\\/www.latribunedufaso.net\\\/?p=5935\"},\"author\":{\"name\":\"Administrateur\",\"@id\":\"https:\\\/\\\/www.latribunedufaso.net\\\/#\\\/schema\\\/person\\\/a380782d0605bb8aae27c40ea93b35b1\"},\"headline\":\"Lutte contre le terrorisme : Vers la cr\u00e9ation d\u2019un m\u00e9canisme facilitant le retour des combattants enr\u00f4l\u00e9s\",\"datePublished\":\"2022-07-08T00:26:10+00:00\",\"dateModified\":\"2022-07-08T15:31:04+00:00\",\"mainEntityOfPage\":{\"@id\":\"https:\\\/\\\/www.latribunedufaso.net\\\/?p=5935\"},\"wordCount\":796,\"commentCount\":0,\"publisher\":{\"@id\":\"https:\\\/\\\/www.latribunedufaso.net\\\/#organization\"},\"image\":{\"@id\":\"https:\\\/\\\/www.latribunedufaso.net\\\/?p=5935#primaryimage\"},\"thumbnailUrl\":\"https:\\\/\\\/www.latribunedufaso.net\\\/wp-content\\\/uploads\\\/2022\\\/07\\\/IMG-20220708-WA0014.jpg\",\"articleSection\":[\"A la une\",\"Actualit\u00e9\",\"Soci\u00e9t\u00e9\"],\"inLanguage\":\"fr-FR\",\"potentialAction\":[{\"@type\":\"CommentAction\",\"name\":\"Comment\",\"target\":[\"https:\\\/\\\/www.latribunedufaso.net\\\/?p=5935#respond\"]}]},{\"@type\":\"WebPage\",\"@id\":\"https:\\\/\\\/www.latribunedufaso.net\\\/?p=5935\",\"url\":\"https:\\\/\\\/www.latribunedufaso.net\\\/?p=5935\",\"name\":\"Lutte contre le terrorisme : Vers la cr\u00e9ation d\u2019un m\u00e9canisme facilitant le retour des combattants enr\u00f4l\u00e9s - La Tribune du Faso\",\"isPartOf\":{\"@id\":\"https:\\\/\\\/www.latribunedufaso.net\\\/#website\"},\"primaryImageOfPage\":{\"@id\":\"https:\\\/\\\/www.latribunedufaso.net\\\/?p=5935#primaryimage\"},\"image\":{\"@id\":\"https:\\\/\\\/www.latribunedufaso.net\\\/?p=5935#primaryimage\"},\"thumbnailUrl\":\"https:\\\/\\\/www.latribunedufaso.net\\\/wp-content\\\/uploads\\\/2022\\\/07\\\/IMG-20220708-WA0014.jpg\",\"datePublished\":\"2022-07-08T00:26:10+00:00\",\"dateModified\":\"2022-07-08T15:31:04+00:00\",\"breadcrumb\":{\"@id\":\"https:\\\/\\\/www.latribunedufaso.net\\\/?p=5935#breadcrumb\"},\"inLanguage\":\"fr-FR\",\"potentialAction\":[{\"@type\":\"ReadAction\",\"target\":[\"https:\\\/\\\/www.latribunedufaso.net\\\/?p=5935\"]}]},{\"@type\":\"ImageObject\",\"inLanguage\":\"fr-FR\",\"@id\":\"https:\\\/\\\/www.latribunedufaso.net\\\/?p=5935#primaryimage\",\"url\":\"https:\\\/\\\/www.latribunedufaso.net\\\/wp-content\\\/uploads\\\/2022\\\/07\\\/IMG-20220708-WA0014.jpg\",\"contentUrl\":\"https:\\\/\\\/www.latribunedufaso.net\\\/wp-content\\\/uploads\\\/2022\\\/07\\\/IMG-20220708-WA0014.jpg\",\"width\":1040,\"height\":780},{\"@type\":\"BreadcrumbList\",\"@id\":\"https:\\\/\\\/www.latribunedufaso.net\\\/?p=5935#breadcrumb\",\"itemListElement\":[{\"@type\":\"ListItem\",\"position\":1,\"name\":\"Accueil\",\"item\":\"https:\\\/\\\/www.latribunedufaso.net\\\/\"},{\"@type\":\"ListItem\",\"position\":2,\"name\":\"Lutte contre le terrorisme : Vers la cr\u00e9ation d\u2019un m\u00e9canisme facilitant le retour des combattants enr\u00f4l\u00e9s\"}]},{\"@type\":\"WebSite\",\"@id\":\"https:\\\/\\\/www.latribunedufaso.net\\\/#website\",\"url\":\"https:\\\/\\\/www.latribunedufaso.net\\\/\",\"name\":\"La Tribune du Faso\",\"description\":\"L&#039;information du monde rural en un clic\",\"publisher\":{\"@id\":\"https:\\\/\\\/www.latribunedufaso.net\\\/#organization\"},\"potentialAction\":[{\"@type\":\"SearchAction\",\"target\":{\"@type\":\"EntryPoint\",\"urlTemplate\":\"https:\\\/\\\/www.latribunedufaso.net\\\/?s={search_term_string}\"},\"query-input\":{\"@type\":\"PropertyValueSpecification\",\"valueRequired\":true,\"valueName\":\"search_term_string\"}}],\"inLanguage\":\"fr-FR\"},{\"@type\":\"Organization\",\"@id\":\"https:\\\/\\\/www.latribunedufaso.net\\\/#organization\",\"name\":\"La Tribune du Faso\",\"url\":\"https:\\\/\\\/www.latribunedufaso.net\\\/\",\"logo\":{\"@type\":\"ImageObject\",\"inLanguage\":\"fr-FR\",\"@id\":\"https:\\\/\\\/www.latribunedufaso.net\\\/#\\\/schema\\\/logo\\\/image\\\/\",\"url\":\"https:\\\/\\\/www.latribunedufaso.net\\\/wp-content\\\/uploads\\\/2020\\\/08\\\/Logo-Tribune-du-Faso-final-scaled.jpg\",\"contentUrl\":\"https:\\\/\\\/www.latribunedufaso.net\\\/wp-content\\\/uploads\\\/2020\\\/08\\\/Logo-Tribune-du-Faso-final-scaled.jpg\",\"width\":2560,\"height\":1856,\"caption\":\"La Tribune du Faso\"},\"image\":{\"@id\":\"https:\\\/\\\/www.latribunedufaso.net\\\/#\\\/schema\\\/logo\\\/image\\\/\"},\"sameAs\":[\"https:\\\/\\\/www.facebook.com\\\/LatribuneduFaso\\\/\"]},{\"@type\":\"Person\",\"@id\":\"https:\\\/\\\/www.latribunedufaso.net\\\/#\\\/schema\\\/person\\\/a380782d0605bb8aae27c40ea93b35b1\",\"name\":\"Administrateur\",\"image\":{\"@type\":\"ImageObject\",\"inLanguage\":\"fr-FR\",\"@id\":\"https:\\\/\\\/secure.gravatar.com\\\/avatar\\\/e20266f97d741f0e80ba1f60283074a9b3317fd7bfb727e0d95b51dafbf854a1?s=96&d=mm&r=g\",\"url\":\"https:\\\/\\\/secure.gravatar.com\\\/avatar\\\/e20266f97d741f0e80ba1f60283074a9b3317fd7bfb727e0d95b51dafbf854a1?s=96&d=mm&r=g\",\"contentUrl\":\"https:\\\/\\\/secure.gravatar.com\\\/avatar\\\/e20266f97d741f0e80ba1f60283074a9b3317fd7bfb727e0d95b51dafbf854a1?s=96&d=mm&r=g\",\"caption\":\"Administrateur\"},\"url\":\"https:\\\/\\\/www.latribunedufaso.net\\\/?author=2\"}]}<\/script>\n<!-- \/ Yoast SEO plugin. -->","yoast_head_json":{"title":"Lutte contre le terrorisme : Vers la cr\u00e9ation d\u2019un m\u00e9canisme facilitant le retour des combattants enr\u00f4l\u00e9s - La Tribune du Faso","robots":{"index":"index","follow":"follow","max-snippet":"max-snippet:-1","max-image-preview":"max-image-preview:large","max-video-preview":"max-video-preview:-1"},"canonical":"https:\/\/www.latribunedufaso.net\/?p=5935","og_locale":"fr_FR","og_type":"article","og_title":"Lutte contre le terrorisme : Vers la cr\u00e9ation d\u2019un m\u00e9canisme facilitant le retour des combattants enr\u00f4l\u00e9s - La Tribune du Faso","og_description":"Du jeudi 07 au vendredi 08 juillet 2022 se tient \u00e0 Ouagadougou, un s\u00e9minaire sur le Statut des repentis dans la lutte contre le terrorisme. Organis\u00e9 par le Centre national d\u2019\u00e9tudes strat\u00e9giques du Burkina Faso (CNES), en collaboration avec le Groupe de recherche-action sur la s\u00e9curit\u00e9 humaine (GRASH), la c\u00e9r\u00e9monie d\u2019ouverture de ce s\u00e9minaire est intervenue ce jeudi 07 juillet 2022 sous la pr\u00e9sidence de Kalifa Namoano, Pr\u00e9sident de la Commission nationale des droits humains (CNDH).","og_url":"https:\/\/www.latribunedufaso.net\/?p=5935","og_site_name":"La Tribune du Faso","article_publisher":"https:\/\/www.facebook.com\/LatribuneduFaso\/","article_published_time":"2022-07-08T00:26:10+00:00","article_modified_time":"2022-07-08T15:31:04+00:00","og_image":[{"width":1040,"height":780,"url":"https:\/\/latribunedufaso.net\/wp-content\/uploads\/2022\/07\/IMG-20220708-WA0014.jpg","type":"image\/jpeg"}],"author":"Administrateur","twitter_misc":{"\u00c9crit par":"Administrateur","Dur\u00e9e de lecture estim\u00e9e":"4 minutes"},"schema":{"@context":"https:\/\/schema.org","@graph":[{"@type":"Article","@id":"https:\/\/www.latribunedufaso.net\/?p=5935#article","isPartOf":{"@id":"https:\/\/www.latribunedufaso.net\/?p=5935"},"author":{"name":"Administrateur","@id":"https:\/\/www.latribunedufaso.net\/#\/schema\/person\/a380782d0605bb8aae27c40ea93b35b1"},"headline":"Lutte contre le terrorisme : Vers la cr\u00e9ation d\u2019un m\u00e9canisme facilitant le retour des combattants enr\u00f4l\u00e9s","datePublished":"2022-07-08T00:26:10+00:00","dateModified":"2022-07-08T15:31:04+00:00","mainEntityOfPage":{"@id":"https:\/\/www.latribunedufaso.net\/?p=5935"},"wordCount":796,"commentCount":0,"publisher":{"@id":"https:\/\/www.latribunedufaso.net\/#organization"},"image":{"@id":"https:\/\/www.latribunedufaso.net\/?p=5935#primaryimage"},"thumbnailUrl":"https:\/\/www.latribunedufaso.net\/wp-content\/uploads\/2022\/07\/IMG-20220708-WA0014.jpg","articleSection":["A la une","Actualit\u00e9","Soci\u00e9t\u00e9"],"inLanguage":"fr-FR","potentialAction":[{"@type":"CommentAction","name":"Comment","target":["https:\/\/www.latribunedufaso.net\/?p=5935#respond"]}]},{"@type":"WebPage","@id":"https:\/\/www.latribunedufaso.net\/?p=5935","url":"https:\/\/www.latribunedufaso.net\/?p=5935","name":"Lutte contre le terrorisme : Vers la cr\u00e9ation d\u2019un m\u00e9canisme facilitant le retour des combattants enr\u00f4l\u00e9s - La Tribune du Faso","isPartOf":{"@id":"https:\/\/www.latribunedufaso.net\/#website"},"primaryImageOfPage":{"@id":"https:\/\/www.latribunedufaso.net\/?p=5935#primaryimage"},"image":{"@id":"https:\/\/www.latribunedufaso.net\/?p=5935#primaryimage"},"thumbnailUrl":"https:\/\/www.latribunedufaso.net\/wp-content\/uploads\/2022\/07\/IMG-20220708-WA0014.jpg","datePublished":"2022-07-08T00:26:10+00:00","dateModified":"2022-07-08T15:31:04+00:00","breadcrumb":{"@id":"https:\/\/www.latribunedufaso.net\/?p=5935#breadcrumb"},"inLanguage":"fr-FR","potentialAction":[{"@type":"ReadAction","target":["https:\/\/www.latribunedufaso.net\/?p=5935"]}]},{"@type":"ImageObject","inLanguage":"fr-FR","@id":"https:\/\/www.latribunedufaso.net\/?p=5935#primaryimage","url":"https:\/\/www.latribunedufaso.net\/wp-content\/uploads\/2022\/07\/IMG-20220708-WA0014.jpg","contentUrl":"https:\/\/www.latribunedufaso.net\/wp-content\/uploads\/2022\/07\/IMG-20220708-WA0014.jpg","width":1040,"height":780},{"@type":"BreadcrumbList","@id":"https:\/\/www.latribunedufaso.net\/?p=5935#breadcrumb","itemListElement":[{"@type":"ListItem","position":1,"name":"Accueil","item":"https:\/\/www.latribunedufaso.net\/"},{"@type":"ListItem","position":2,"name":"Lutte contre le terrorisme : Vers la cr\u00e9ation d\u2019un m\u00e9canisme facilitant le retour des combattants enr\u00f4l\u00e9s"}]},{"@type":"WebSite","@id":"https:\/\/www.latribunedufaso.net\/#website","url":"https:\/\/www.latribunedufaso.net\/","name":"La Tribune du Faso","description":"L&#039;information du monde rural en un clic","publisher":{"@id":"https:\/\/www.latribunedufaso.net\/#organization"},"potentialAction":[{"@type":"SearchAction","target":{"@type":"EntryPoint","urlTemplate":"https:\/\/www.latribunedufaso.net\/?s={search_term_string}"},"query-input":{"@type":"PropertyValueSpecification","valueRequired":true,"valueName":"search_term_string"}}],"inLanguage":"fr-FR"},{"@type":"Organization","@id":"https:\/\/www.latribunedufaso.net\/#organization","name":"La Tribune du Faso","url":"https:\/\/www.latribunedufaso.net\/","logo":{"@type":"ImageObject","inLanguage":"fr-FR","@id":"https:\/\/www.latribunedufaso.net\/#\/schema\/logo\/image\/","url":"https:\/\/www.latribunedufaso.net\/wp-content\/uploads\/2020\/08\/Logo-Tribune-du-Faso-final-scaled.jpg","contentUrl":"https:\/\/www.latribunedufaso.net\/wp-content\/uploads\/2020\/08\/Logo-Tribune-du-Faso-final-scaled.jpg","width":2560,"height":1856,"caption":"La Tribune du Faso"},"image":{"@id":"https:\/\/www.latribunedufaso.net\/#\/schema\/logo\/image\/"},"sameAs":["https:\/\/www.facebook.com\/LatribuneduFaso\/"]},{"@type":"Person","@id":"https:\/\/www.latribunedufaso.net\/#\/schema\/person\/a380782d0605bb8aae27c40ea93b35b1","name":"Administrateur","image":{"@type":"ImageObject","inLanguage":"fr-FR","@id":"https:\/\/secure.gravatar.com\/avatar\/e20266f97d741f0e80ba1f60283074a9b3317fd7bfb727e0d95b51dafbf854a1?s=96&d=mm&r=g","url":"https:\/\/secure.gravatar.com\/avatar\/e20266f97d741f0e80ba1f60283074a9b3317fd7bfb727e0d95b51dafbf854a1?s=96&d=mm&r=g","contentUrl":"https:\/\/secure.gravatar.com\/avatar\/e20266f97d741f0e80ba1f60283074a9b3317fd7bfb727e0d95b51dafbf854a1?s=96&d=mm&r=g","caption":"Administrateur"},"url":"https:\/\/www.latribunedufaso.net\/?author=2"}]}},"_links":{"self":[{"href":"https:\/\/www.latribunedufaso.net\/index.php?rest_route=\/wp\/v2\/posts\/5935","targetHints":{"allow":["GET"]}}],"collection":[{"href":"https:\/\/www.latribunedufaso.net\/index.php?rest_route=\/wp\/v2\/posts"}],"about":[{"href":"https:\/\/www.latribunedufaso.net\/index.php?rest_route=\/wp\/v2\/types\/post"}],"author":[{"embeddable":true,"href":"https:\/\/www.latribunedufaso.net\/index.php?rest_route=\/wp\/v2\/users\/2"}],"replies":[{"embeddable":true,"href":"https:\/\/www.latribunedufaso.net\/index.php?rest_route=%2Fwp%2Fv2%2Fcomments&post=5935"}],"version-history":[{"count":1,"href":"https:\/\/www.latribunedufaso.net\/index.php?rest_route=\/wp\/v2\/posts\/5935\/revisions"}],"predecessor-version":[{"id":5941,"href":"https:\/\/www.latribunedufaso.net\/index.php?rest_route=\/wp\/v2\/posts\/5935\/revisions\/5941"}],"wp:featuredmedia":[{"embeddable":true,"href":"https:\/\/www.latribunedufaso.net\/index.php?rest_route=\/wp\/v2\/media\/5938"}],"wp:attachment":[{"href":"https:\/\/www.latribunedufaso.net\/index.php?rest_route=%2Fwp%2Fv2%2Fmedia&parent=5935"}],"wp:term":[{"taxonomy":"category","embeddable":true,"href":"https:\/\/www.latribunedufaso.net\/index.php?rest_route=%2Fwp%2Fv2%2Fcategories&post=5935"},{"taxonomy":"post_tag","embeddable":true,"href":"https:\/\/www.latribunedufaso.net\/index.php?rest_route=%2Fwp%2Fv2%2Ftags&post=5935"}],"curies":[{"name":"wp","href":"https:\/\/api.w.org\/{rel}","templated":true}]}}