{"id":5925,"date":"2022-07-06T00:42:40","date_gmt":"2022-07-06T00:42:40","guid":{"rendered":"https:\/\/www.latribunedufaso.net\/?p=5925"},"modified":"2022-07-06T10:50:06","modified_gmt":"2022-07-06T10:50:06","slug":"prime-minister-the-2022-2026-information-system-master-plan-launched","status":"publish","type":"post","link":"https:\/\/www.latribunedufaso.net\/?p=5925","title":{"rendered":"Prime Minister: The 2022-2026 information system master plan launched"},"content":{"rendered":"<p style=\"text-align: justify;\"><strong><span><span class=\"goog-text-highlight\">This Tuesday, July 5, 2022 in Ouagadougou, the Secretary General of the Primature, Abdou-Salam Gamp\u00e9n\u00e9, on behalf of Prime Minister Albert Ou\u00e9draogo, chaired the ceremony to launch the master plan for the 2022-2026 information system and hand over the system of the Prime Minister&rsquo;s videoconference, by the United Nations Development Program (UNDP).<\/span><\/span><\/strong><br \/><span id=\"more-5909\"><\/span><!--more--><\/p>\n<p style=\"text-align: justify;\"><a href=\"https:\/\/latribunedufaso.net\/wp-content\/uploads\/2022\/07\/IMG-20220705-WA0028.jpg\"><img loading=\"lazy\" decoding=\"async\" class=\"size-medium wp-image-5916 alignleft\" src=\"https:\/\/latribunedufaso.net\/wp-content\/uploads\/2022\/07\/IMG-20220705-WA0028-300x225.jpg\" sizes=\"auto, (max-width: 300px) 100vw, 300px\" srcset=\"https:\/\/latribunedufaso.net\/wp-content\/uploads\/2022\/07\/IMG-20220705-WA0028-300x225.jpg 300w, https:\/\/latribunedufaso.net\/wp-content\/uploads\/2022\/07\/IMG-20220705-WA0028-1024x768.jpg 1024w, https:\/\/latribunedufaso.net\/wp-content\/uploads\/2022\/07\/IMG-20220705-WA0028-768x576.jpg 768w, https:\/\/latribunedufaso.net\/wp-content\/uploads\/2022\/07\/IMG-20220705-WA0028.jpg 1040w\" alt=\"\" width=\"300\" height=\"225\" \/><\/a><span>Increasingly, digital transformation appears to be an accelerator for the development of countries, and the achievement of the Sustainable Development Goals (SDGs).\u00a0To this end, inclusive digital transformation is part of the 3rd pillar of the Transition Action Plan (PAT 2022-2025), more particularly with the objective of modernizing public administration.\u00a0This is where the partnership between the Primature of Burkina Faso and the United Nations Development Program (UNDP) comes in.\u00a0Hence the present launch ceremony of the Prime Minister&rsquo;s 2022-2026 information system master plan, placed under the theme: \u00ab\u00a0Inclusive digital transformation to accelerate progress towards the achievement of Burkina Faso&rsquo;s SDGs\u00a0\u00bb.<\/span><\/p>\n<p style=\"text-align: justify;\"><span>According to Lucie Ou\u00e9draogo, Director of IT Services at the Prime Minister&rsquo;s Office, this Master Plan will make it possible to ensure the consistency and performance of its entire information system to meet its missions, in the coordination of government action. .\u00a0To this end, it revolves around four (4) strategic objectives.\u00a0Among other things, it is the provision of an information system aligned with the strategy and supporting the missions of the Prime Minister;\u00a0modernization of the information system to ensure efficient management of resources and relevant management of activities;\u00a0the urbanization and securing of the information system to offer quality services supported by reliable and efficient infrastructures;<\/span><\/p>\n<p style=\"text-align: justify;\"><a href=\"https:\/\/latribunedufaso.net\/wp-content\/uploads\/2022\/07\/IMG-20220705-WA0032.jpg\"><img loading=\"lazy\" decoding=\"async\" class=\"size-medium wp-image-5915 alignleft\" src=\"https:\/\/latribunedufaso.net\/wp-content\/uploads\/2022\/07\/IMG-20220705-WA0032-300x225.jpg\" sizes=\"auto, (max-width: 300px) 100vw, 300px\" srcset=\"https:\/\/latribunedufaso.net\/wp-content\/uploads\/2022\/07\/IMG-20220705-WA0032-300x225.jpg 300w, https:\/\/latribunedufaso.net\/wp-content\/uploads\/2022\/07\/IMG-20220705-WA0032-1024x768.jpg 1024w, https:\/\/latribunedufaso.net\/wp-content\/uploads\/2022\/07\/IMG-20220705-WA0032-768x576.jpg 768w, https:\/\/latribunedufaso.net\/wp-content\/uploads\/2022\/07\/IMG-20220705-WA0032.jpg 1040w\" alt=\"\" width=\"300\" height=\"225\" \/><\/a><span>For this, she confided that a total of 74 projects are planned for a maximum budget of approximately 4 billion to be mobilized.\u00a0There is thus a Strategy and business program with 5 projects;\u00a0a governance and organization program with 11 projects;\u00a0a features, applications and data program with 27 projects;\u00a0an infrastructure program with 15 projects;\u00a0a safety program also with 15 projects;\u00a0and an interoperability and pooling program with a project.<\/span><\/p>\n<p style=\"text-align: justify;\"><a href=\"https:\/\/latribunedufaso.net\/wp-content\/uploads\/2022\/07\/IMG-20220705-WA0025.jpg\"><img loading=\"lazy\" decoding=\"async\" class=\"size-medium wp-image-5921 alignleft\" src=\"https:\/\/latribunedufaso.net\/wp-content\/uploads\/2022\/07\/IMG-20220705-WA0025-300x225.jpg\" sizes=\"auto, (max-width: 300px) 100vw, 300px\" srcset=\"https:\/\/latribunedufaso.net\/wp-content\/uploads\/2022\/07\/IMG-20220705-WA0025-300x225.jpg 300w, https:\/\/latribunedufaso.net\/wp-content\/uploads\/2022\/07\/IMG-20220705-WA0025-1024x768.jpg 1024w, https:\/\/latribunedufaso.net\/wp-content\/uploads\/2022\/07\/IMG-20220705-WA0025-768x576.jpg 768w, https:\/\/latribunedufaso.net\/wp-content\/uploads\/2022\/07\/IMG-20220705-WA0025.jpg 1040w\" alt=\"\" width=\"300\" height=\"225\" \/><\/a><span>Speaking on behalf of the Minister in charge of digital, the Secretary General of the said department, Kizito Traor\u00e9, praised the efforts that have been made to draw up this Master Plan, which according to him consists of a very important element, because indicating the paths to follow.\u00a0However, he hoped that its implementation could be effective, because he said \u00ab\u00a0the biggest challenge remains the mobilization of resources\u00a0\u00bb.<\/span><\/p>\n<p style=\"text-align: justify;\"><a href=\"https:\/\/latribunedufaso.net\/wp-content\/uploads\/2022\/07\/IMG-20220705-WA0033.jpg\"><img loading=\"lazy\" decoding=\"async\" class=\"size-medium wp-image-5922 alignleft\" src=\"https:\/\/latribunedufaso.net\/wp-content\/uploads\/2022\/07\/IMG-20220705-WA0033-300x225.jpg\" sizes=\"auto, (max-width: 300px) 100vw, 300px\" srcset=\"https:\/\/latribunedufaso.net\/wp-content\/uploads\/2022\/07\/IMG-20220705-WA0033-300x225.jpg 300w, https:\/\/latribunedufaso.net\/wp-content\/uploads\/2022\/07\/IMG-20220705-WA0033-1024x768.jpg 1024w, https:\/\/latribunedufaso.net\/wp-content\/uploads\/2022\/07\/IMG-20220705-WA0033-768x576.jpg 768w, https:\/\/latribunedufaso.net\/wp-content\/uploads\/2022\/07\/IMG-20220705-WA0033.jpg 1040w\" alt=\"\" width=\"300\" height=\"225\" \/><\/a>And to the Secretary General of the Primature, Abdou-Salam Gamp\u00e9n\u00e9 to express his satisfaction with the methodology used to draft the document. \u201cI appreciate the methodological approach that was adopted for the development of the Master Plan which was presented, in particular the diagnostic analysis which made it possible to highlight the strengths, weaknesses, opportunities<span class=\"goog-text-highlight\" style=\"font-size: 1.0625rem;\">a nd threats. <\/span><span style=\"font-size: 1.0625rem;\">I also notice that this project is very ambitious with 74 projects for 5 years of implementation.\u00a0<\/span><span style=\"font-size: 1.0625rem;\">This is also my fear, but I dare to hope that their implementation can be effective\u00a0\u00bb, he said, while thanking all the partners who supported the development of this document, in particular the UNDP, whose the Resident Representative in Burkina Faso, Isabelle Tschan, reaffirmed her commitment to supporting the government in terms of digital transformation.<\/span><\/p>\n<p style=\"text-align: justify;\"><span>In addition to the launch of the master plan of the Prime Minister&rsquo;s information system, this ceremony was also the place for the UNDP to provide the actors of the Prime Minister with videoconferencing equipment.<\/span><\/p>\n<p style=\"text-align: justify;\"><strong><span>Alizeta Zoure<\/span><\/strong><\/p>\n<p style=\"text-align: justify;\"><strong><span>latribunedufaso.net<\/span><\/strong><\/p>\n<p style=\"text-align: justify;\"><a href=\"https:\/\/latribunedufaso.net\/wp-content\/uploads\/2022\/07\/IMG-20220705-WA0035.jpg\"><img loading=\"lazy\" decoding=\"async\" class=\"alignnone size-medium wp-image-5913\" src=\"https:\/\/latribunedufaso.net\/wp-content\/uploads\/2022\/07\/IMG-20220705-WA0035-300x225.jpg\" sizes=\"auto, (max-width: 300px) 100vw, 300px\" srcset=\"https:\/\/latribunedufaso.net\/wp-content\/uploads\/2022\/07\/IMG-20220705-WA0035-300x225.jpg 300w, https:\/\/latribunedufaso.net\/wp-content\/uploads\/2022\/07\/IMG-20220705-WA0035-1024x768.jpg 1024w, https:\/\/latribunedufaso.net\/wp-content\/uploads\/2022\/07\/IMG-20220705-WA0035-768x576.jpg 768w, https:\/\/latribunedufaso.net\/wp-content\/uploads\/2022\/07\/IMG-20220705-WA0035.jpg 1040w\" alt=\"\" width=\"300\" height=\"225\" \/><\/a><\/p>\n<p style=\"text-align: justify;\"><a href=\"https:\/\/latribunedufaso.net\/wp-content\/uploads\/2022\/07\/IMG-20220705-WA0026.jpg\"><img loading=\"lazy\" decoding=\"async\" class=\"alignnone size-medium wp-image-5919\" src=\"https:\/\/latribunedufaso.net\/wp-content\/uploads\/2022\/07\/IMG-20220705-WA0026-300x225.jpg\" sizes=\"auto, (max-width: 300px) 100vw, 300px\" srcset=\"https:\/\/latribunedufaso.net\/wp-content\/uploads\/2022\/07\/IMG-20220705-WA0026-300x225.jpg 300w, https:\/\/latribunedufaso.net\/wp-content\/uploads\/2022\/07\/IMG-20220705-WA0026-1024x768.jpg 1024w, https:\/\/latribunedufaso.net\/wp-content\/uploads\/2022\/07\/IMG-20220705-WA0026-768x576.jpg 768w, https:\/\/latribunedufaso.net\/wp-content\/uploads\/2022\/07\/IMG-20220705-WA0026.jpg 1040w\" alt=\"\" width=\"300\" height=\"225\" \/><\/a><\/p>\n<p style=\"text-align: justify;\"><strong><a href=\"https:\/\/latribunedufaso.net\/wp-content\/uploads\/2022\/07\/IMG-20220705-WA0027.jpg\"><img loading=\"lazy\" decoding=\"async\" class=\"alignnone size-medium wp-image-5920\" src=\"https:\/\/latribunedufaso.net\/wp-content\/uploads\/2022\/07\/IMG-20220705-WA0027-300x225.jpg\" sizes=\"auto, (max-width: 300px) 100vw, 300px\" srcset=\"https:\/\/latribunedufaso.net\/wp-content\/uploads\/2022\/07\/IMG-20220705-WA0027-300x225.jpg 300w, https:\/\/latribunedufaso.net\/wp-content\/uploads\/2022\/07\/IMG-20220705-WA0027-1024x768.jpg 1024w, https:\/\/latribunedufaso.net\/wp-content\/uploads\/2022\/07\/IMG-20220705-WA0027-768x576.jpg 768w, https:\/\/latribunedufaso.net\/wp-content\/uploads\/2022\/07\/IMG-20220705-WA0027.jpg 1040w\" alt=\"\" width=\"300\" height=\"225\" \/><\/a><\/strong><\/p>\n<p style=\"text-align: justify;\"><a href=\"https:\/\/latribunedufaso.net\/wp-content\/uploads\/2022\/07\/IMG-20220705-WA0024.jpg\"><img loading=\"lazy\" decoding=\"async\" class=\"alignnone size-medium wp-image-5918\" src=\"https:\/\/latribunedufaso.net\/wp-content\/uploads\/2022\/07\/IMG-20220705-WA0024-300x225.jpg\" sizes=\"auto, (max-width: 300px) 100vw, 300px\" srcset=\"https:\/\/latribunedufaso.net\/wp-content\/uploads\/2022\/07\/IMG-20220705-WA0024-300x225.jpg 300w, https:\/\/latribunedufaso.net\/wp-content\/uploads\/2022\/07\/IMG-20220705-WA0024-1024x768.jpg 1024w, https:\/\/latribunedufaso.net\/wp-content\/uploads\/2022\/07\/IMG-20220705-WA0024-768x576.jpg 768w, https:\/\/latribunedufaso.net\/wp-content\/uploads\/2022\/07\/IMG-20220705-WA0024.jpg 1040w\" alt=\"\" width=\"300\" height=\"225\" \/><\/a><a href=\"https:\/\/latribunedufaso.net\/wp-content\/uploads\/2022\/07\/IMG-20220705-WA0022.jpg\"><img loading=\"lazy\" decoding=\"async\" class=\"alignnone size-medium wp-image-5917\" src=\"https:\/\/latribunedufaso.net\/wp-content\/uploads\/2022\/07\/IMG-20220705-WA0022-300x225.jpg\" sizes=\"auto, (max-width: 300px) 100vw, 300px\" srcset=\"https:\/\/latribunedufaso.net\/wp-content\/uploads\/2022\/07\/IMG-20220705-WA0022-300x225.jpg 300w, https:\/\/latribunedufaso.net\/wp-content\/uploads\/2022\/07\/IMG-20220705-WA0022-1024x768.jpg 1024w, https:\/\/latribunedufaso.net\/wp-content\/uploads\/2022\/07\/IMG-20220705-WA0022-768x576.jpg 768w, https:\/\/latribunedufaso.net\/wp-content\/uploads\/2022\/07\/IMG-20220705-WA0022.jpg 1040w\" alt=\"\" width=\"300\" height=\"225\" \/><\/a><a href=\"https:\/\/latribunedufaso.net\/wp-content\/uploads\/2022\/07\/IMG-20220705-WA0037.jpg\"><img loading=\"lazy\" decoding=\"async\" class=\"alignnone size-medium wp-image-5914\" src=\"https:\/\/latribunedufaso.net\/wp-content\/uploads\/2022\/07\/IMG-20220705-WA0037-300x225.jpg\" sizes=\"auto, (max-width: 300px) 100vw, 300px\" srcset=\"https:\/\/latribunedufaso.net\/wp-content\/uploads\/2022\/07\/IMG-20220705-WA0037-300x225.jpg 300w, https:\/\/latribunedufaso.net\/wp-content\/uploads\/2022\/07\/IMG-20220705-WA0037-1024x768.jpg 1024w, https:\/\/latribunedufaso.net\/wp-content\/uploads\/2022\/07\/IMG-20220705-WA0037-768x576.jpg 768w, https:\/\/latribunedufaso.net\/wp-content\/uploads\/2022\/07\/IMG-20220705-WA0037.jpg 1040w\" alt=\"\" width=\"300\" height=\"225\" \/><\/a><\/p>\n","protected":false},"excerpt":{"rendered":"<p>This Tuesday, July 5, 2022 in Ouagadougou, the Secretary General of the Primature, Abdou-Salam Gamp\u00e9n\u00e9, on behalf of Prime Minister Albert Ou\u00e9draogo, chaired the ceremony to launch the master plan for the 2022-2026 information system and hand over the system of the Prime Minister&rsquo;s videoconference, by the United Nations Development Program (UNDP).<\/p>\n","protected":false},"author":2,"featured_media":5912,"comment_status":"open","ping_status":"open","sticky":false,"template":"","format":"standard","meta":{"footnotes":""},"categories":[13,1,8],"tags":[],"class_list":["post-5925","post","type-post","status-publish","format-standard","has-post-thumbnail","hentry","category-une","category-actu","category-societe"],"yoast_head":"<!-- This site is optimized with the Yoast SEO plugin v27.5 - https:\/\/yoast.com\/product\/yoast-seo-wordpress\/ -->\n<title>Prime Minister: The 2022-2026 information system master plan launched - La Tribune du Faso<\/title>\n<meta name=\"robots\" content=\"index, follow, max-snippet:-1, max-image-preview:large, max-video-preview:-1\" \/>\n<link rel=\"canonical\" href=\"https:\/\/www.latribunedufaso.net\/?p=5925\" \/>\n<meta property=\"og:locale\" content=\"fr_FR\" \/>\n<meta property=\"og:type\" content=\"article\" \/>\n<meta property=\"og:title\" content=\"Prime Minister: The 2022-2026 information system master plan launched - La Tribune du Faso\" \/>\n<meta property=\"og:description\" content=\"This Tuesday, July 5, 2022 in Ouagadougou, the Secretary General of the Primature, Abdou-Salam Gamp\u00e9n\u00e9, on behalf of Prime Minister Albert Ou\u00e9draogo, chaired the ceremony to launch the master plan for the 2022-2026 information system and hand over the system of the Prime Minister&rsquo;s videoconference, by the United Nations Development Program (UNDP).\" \/>\n<meta property=\"og:url\" content=\"https:\/\/www.latribunedufaso.net\/?p=5925\" \/>\n<meta property=\"og:site_name\" content=\"La Tribune du Faso\" \/>\n<meta property=\"article:publisher\" content=\"https:\/\/www.facebook.com\/LatribuneduFaso\/\" \/>\n<meta property=\"article:published_time\" content=\"2022-07-06T00:42:40+00:00\" \/>\n<meta property=\"article:modified_time\" content=\"2022-07-06T10:50:06+00:00\" \/>\n<meta property=\"og:image\" content=\"https:\/\/latribunedufaso.net\/wp-content\/uploads\/2022\/07\/IMG-20220705-WA0036.jpg\" \/>\n\t<meta property=\"og:image:width\" content=\"1040\" \/>\n\t<meta property=\"og:image:height\" content=\"780\" \/>\n\t<meta property=\"og:image:type\" content=\"image\/jpeg\" \/>\n<meta name=\"author\" content=\"Administrateur\" \/>\n<meta name=\"twitter:label1\" content=\"\u00c9crit par\" \/>\n\t<meta name=\"twitter:data1\" content=\"Administrateur\" \/>\n\t<meta name=\"twitter:label2\" content=\"Dur\u00e9e de lecture estim\u00e9e\" \/>\n\t<meta name=\"twitter:data2\" content=\"5 minutes\" \/>\n<script type=\"application\/ld+json\" class=\"yoast-schema-graph\">{\"@context\":\"https:\\\/\\\/schema.org\",\"@graph\":[{\"@type\":\"Article\",\"@id\":\"https:\\\/\\\/www.latribunedufaso.net\\\/?p=5925#article\",\"isPartOf\":{\"@id\":\"https:\\\/\\\/www.latribunedufaso.net\\\/?p=5925\"},\"author\":{\"name\":\"Administrateur\",\"@id\":\"https:\\\/\\\/www.latribunedufaso.net\\\/#\\\/schema\\\/person\\\/a380782d0605bb8aae27c40ea93b35b1\"},\"headline\":\"Prime Minister: The 2022-2026 information system master plan launched\",\"datePublished\":\"2022-07-06T00:42:40+00:00\",\"dateModified\":\"2022-07-06T10:50:06+00:00\",\"mainEntityOfPage\":{\"@id\":\"https:\\\/\\\/www.latribunedufaso.net\\\/?p=5925\"},\"wordCount\":576,\"commentCount\":0,\"publisher\":{\"@id\":\"https:\\\/\\\/www.latribunedufaso.net\\\/#organization\"},\"image\":{\"@id\":\"https:\\\/\\\/www.latribunedufaso.net\\\/?p=5925#primaryimage\"},\"thumbnailUrl\":\"https:\\\/\\\/www.latribunedufaso.net\\\/wp-content\\\/uploads\\\/2022\\\/07\\\/IMG-20220705-WA0036.jpg\",\"articleSection\":[\"A la une\",\"Actualit\u00e9\",\"Soci\u00e9t\u00e9\"],\"inLanguage\":\"fr-FR\",\"potentialAction\":[{\"@type\":\"CommentAction\",\"name\":\"Comment\",\"target\":[\"https:\\\/\\\/www.latribunedufaso.net\\\/?p=5925#respond\"]}]},{\"@type\":\"WebPage\",\"@id\":\"https:\\\/\\\/www.latribunedufaso.net\\\/?p=5925\",\"url\":\"https:\\\/\\\/www.latribunedufaso.net\\\/?p=5925\",\"name\":\"Prime Minister: The 2022-2026 information system master plan launched - La Tribune du Faso\",\"isPartOf\":{\"@id\":\"https:\\\/\\\/www.latribunedufaso.net\\\/#website\"},\"primaryImageOfPage\":{\"@id\":\"https:\\\/\\\/www.latribunedufaso.net\\\/?p=5925#primaryimage\"},\"image\":{\"@id\":\"https:\\\/\\\/www.latribunedufaso.net\\\/?p=5925#primaryimage\"},\"thumbnailUrl\":\"https:\\\/\\\/www.latribunedufaso.net\\\/wp-content\\\/uploads\\\/2022\\\/07\\\/IMG-20220705-WA0036.jpg\",\"datePublished\":\"2022-07-06T00:42:40+00:00\",\"dateModified\":\"2022-07-06T10:50:06+00:00\",\"breadcrumb\":{\"@id\":\"https:\\\/\\\/www.latribunedufaso.net\\\/?p=5925#breadcrumb\"},\"inLanguage\":\"fr-FR\",\"potentialAction\":[{\"@type\":\"ReadAction\",\"target\":[\"https:\\\/\\\/www.latribunedufaso.net\\\/?p=5925\"]}]},{\"@type\":\"ImageObject\",\"inLanguage\":\"fr-FR\",\"@id\":\"https:\\\/\\\/www.latribunedufaso.net\\\/?p=5925#primaryimage\",\"url\":\"https:\\\/\\\/www.latribunedufaso.net\\\/wp-content\\\/uploads\\\/2022\\\/07\\\/IMG-20220705-WA0036.jpg\",\"contentUrl\":\"https:\\\/\\\/www.latribunedufaso.net\\\/wp-content\\\/uploads\\\/2022\\\/07\\\/IMG-20220705-WA0036.jpg\",\"width\":1040,\"height\":780},{\"@type\":\"BreadcrumbList\",\"@id\":\"https:\\\/\\\/www.latribunedufaso.net\\\/?p=5925#breadcrumb\",\"itemListElement\":[{\"@type\":\"ListItem\",\"position\":1,\"name\":\"Accueil\",\"item\":\"https:\\\/\\\/www.latribunedufaso.net\\\/\"},{\"@type\":\"ListItem\",\"position\":2,\"name\":\"Prime Minister: The 2022-2026 information system master plan launched\"}]},{\"@type\":\"WebSite\",\"@id\":\"https:\\\/\\\/www.latribunedufaso.net\\\/#website\",\"url\":\"https:\\\/\\\/www.latribunedufaso.net\\\/\",\"name\":\"La Tribune du Faso\",\"description\":\"L&#039;information du monde rural en un clic\",\"publisher\":{\"@id\":\"https:\\\/\\\/www.latribunedufaso.net\\\/#organization\"},\"potentialAction\":[{\"@type\":\"SearchAction\",\"target\":{\"@type\":\"EntryPoint\",\"urlTemplate\":\"https:\\\/\\\/www.latribunedufaso.net\\\/?s={search_term_string}\"},\"query-input\":{\"@type\":\"PropertyValueSpecification\",\"valueRequired\":true,\"valueName\":\"search_term_string\"}}],\"inLanguage\":\"fr-FR\"},{\"@type\":\"Organization\",\"@id\":\"https:\\\/\\\/www.latribunedufaso.net\\\/#organization\",\"name\":\"La Tribune du Faso\",\"url\":\"https:\\\/\\\/www.latribunedufaso.net\\\/\",\"logo\":{\"@type\":\"ImageObject\",\"inLanguage\":\"fr-FR\",\"@id\":\"https:\\\/\\\/www.latribunedufaso.net\\\/#\\\/schema\\\/logo\\\/image\\\/\",\"url\":\"https:\\\/\\\/www.latribunedufaso.net\\\/wp-content\\\/uploads\\\/2020\\\/08\\\/Logo-Tribune-du-Faso-final-scaled.jpg\",\"contentUrl\":\"https:\\\/\\\/www.latribunedufaso.net\\\/wp-content\\\/uploads\\\/2020\\\/08\\\/Logo-Tribune-du-Faso-final-scaled.jpg\",\"width\":2560,\"height\":1856,\"caption\":\"La Tribune du Faso\"},\"image\":{\"@id\":\"https:\\\/\\\/www.latribunedufaso.net\\\/#\\\/schema\\\/logo\\\/image\\\/\"},\"sameAs\":[\"https:\\\/\\\/www.facebook.com\\\/LatribuneduFaso\\\/\"]},{\"@type\":\"Person\",\"@id\":\"https:\\\/\\\/www.latribunedufaso.net\\\/#\\\/schema\\\/person\\\/a380782d0605bb8aae27c40ea93b35b1\",\"name\":\"Administrateur\",\"image\":{\"@type\":\"ImageObject\",\"inLanguage\":\"fr-FR\",\"@id\":\"https:\\\/\\\/secure.gravatar.com\\\/avatar\\\/e20266f97d741f0e80ba1f60283074a9b3317fd7bfb727e0d95b51dafbf854a1?s=96&d=mm&r=g\",\"url\":\"https:\\\/\\\/secure.gravatar.com\\\/avatar\\\/e20266f97d741f0e80ba1f60283074a9b3317fd7bfb727e0d95b51dafbf854a1?s=96&d=mm&r=g\",\"contentUrl\":\"https:\\\/\\\/secure.gravatar.com\\\/avatar\\\/e20266f97d741f0e80ba1f60283074a9b3317fd7bfb727e0d95b51dafbf854a1?s=96&d=mm&r=g\",\"caption\":\"Administrateur\"},\"url\":\"https:\\\/\\\/www.latribunedufaso.net\\\/?author=2\"}]}<\/script>\n<!-- \/ Yoast SEO plugin. -->","yoast_head_json":{"title":"Prime Minister: The 2022-2026 information system master plan launched - La Tribune du Faso","robots":{"index":"index","follow":"follow","max-snippet":"max-snippet:-1","max-image-preview":"max-image-preview:large","max-video-preview":"max-video-preview:-1"},"canonical":"https:\/\/www.latribunedufaso.net\/?p=5925","og_locale":"fr_FR","og_type":"article","og_title":"Prime Minister: The 2022-2026 information system master plan launched - La Tribune du Faso","og_description":"This Tuesday, July 5, 2022 in Ouagadougou, the Secretary General of the Primature, Abdou-Salam Gamp\u00e9n\u00e9, on behalf of Prime Minister Albert Ou\u00e9draogo, chaired the ceremony to launch the master plan for the 2022-2026 information system and hand over the system of the Prime Minister&rsquo;s videoconference, by the United Nations Development Program (UNDP).","og_url":"https:\/\/www.latribunedufaso.net\/?p=5925","og_site_name":"La Tribune du Faso","article_publisher":"https:\/\/www.facebook.com\/LatribuneduFaso\/","article_published_time":"2022-07-06T00:42:40+00:00","article_modified_time":"2022-07-06T10:50:06+00:00","og_image":[{"width":1040,"height":780,"url":"https:\/\/latribunedufaso.net\/wp-content\/uploads\/2022\/07\/IMG-20220705-WA0036.jpg","type":"image\/jpeg"}],"author":"Administrateur","twitter_misc":{"\u00c9crit par":"Administrateur","Dur\u00e9e de lecture estim\u00e9e":"5 minutes"},"schema":{"@context":"https:\/\/schema.org","@graph":[{"@type":"Article","@id":"https:\/\/www.latribunedufaso.net\/?p=5925#article","isPartOf":{"@id":"https:\/\/www.latribunedufaso.net\/?p=5925"},"author":{"name":"Administrateur","@id":"https:\/\/www.latribunedufaso.net\/#\/schema\/person\/a380782d0605bb8aae27c40ea93b35b1"},"headline":"Prime Minister: The 2022-2026 information system master plan launched","datePublished":"2022-07-06T00:42:40+00:00","dateModified":"2022-07-06T10:50:06+00:00","mainEntityOfPage":{"@id":"https:\/\/www.latribunedufaso.net\/?p=5925"},"wordCount":576,"commentCount":0,"publisher":{"@id":"https:\/\/www.latribunedufaso.net\/#organization"},"image":{"@id":"https:\/\/www.latribunedufaso.net\/?p=5925#primaryimage"},"thumbnailUrl":"https:\/\/www.latribunedufaso.net\/wp-content\/uploads\/2022\/07\/IMG-20220705-WA0036.jpg","articleSection":["A la une","Actualit\u00e9","Soci\u00e9t\u00e9"],"inLanguage":"fr-FR","potentialAction":[{"@type":"CommentAction","name":"Comment","target":["https:\/\/www.latribunedufaso.net\/?p=5925#respond"]}]},{"@type":"WebPage","@id":"https:\/\/www.latribunedufaso.net\/?p=5925","url":"https:\/\/www.latribunedufaso.net\/?p=5925","name":"Prime Minister: The 2022-2026 information system master plan launched - La Tribune du Faso","isPartOf":{"@id":"https:\/\/www.latribunedufaso.net\/#website"},"primaryImageOfPage":{"@id":"https:\/\/www.latribunedufaso.net\/?p=5925#primaryimage"},"image":{"@id":"https:\/\/www.latribunedufaso.net\/?p=5925#primaryimage"},"thumbnailUrl":"https:\/\/www.latribunedufaso.net\/wp-content\/uploads\/2022\/07\/IMG-20220705-WA0036.jpg","datePublished":"2022-07-06T00:42:40+00:00","dateModified":"2022-07-06T10:50:06+00:00","breadcrumb":{"@id":"https:\/\/www.latribunedufaso.net\/?p=5925#breadcrumb"},"inLanguage":"fr-FR","potentialAction":[{"@type":"ReadAction","target":["https:\/\/www.latribunedufaso.net\/?p=5925"]}]},{"@type":"ImageObject","inLanguage":"fr-FR","@id":"https:\/\/www.latribunedufaso.net\/?p=5925#primaryimage","url":"https:\/\/www.latribunedufaso.net\/wp-content\/uploads\/2022\/07\/IMG-20220705-WA0036.jpg","contentUrl":"https:\/\/www.latribunedufaso.net\/wp-content\/uploads\/2022\/07\/IMG-20220705-WA0036.jpg","width":1040,"height":780},{"@type":"BreadcrumbList","@id":"https:\/\/www.latribunedufaso.net\/?p=5925#breadcrumb","itemListElement":[{"@type":"ListItem","position":1,"name":"Accueil","item":"https:\/\/www.latribunedufaso.net\/"},{"@type":"ListItem","position":2,"name":"Prime Minister: The 2022-2026 information system master plan launched"}]},{"@type":"WebSite","@id":"https:\/\/www.latribunedufaso.net\/#website","url":"https:\/\/www.latribunedufaso.net\/","name":"La Tribune du Faso","description":"L&#039;information du monde rural en un clic","publisher":{"@id":"https:\/\/www.latribunedufaso.net\/#organization"},"potentialAction":[{"@type":"SearchAction","target":{"@type":"EntryPoint","urlTemplate":"https:\/\/www.latribunedufaso.net\/?s={search_term_string}"},"query-input":{"@type":"PropertyValueSpecification","valueRequired":true,"valueName":"search_term_string"}}],"inLanguage":"fr-FR"},{"@type":"Organization","@id":"https:\/\/www.latribunedufaso.net\/#organization","name":"La Tribune du Faso","url":"https:\/\/www.latribunedufaso.net\/","logo":{"@type":"ImageObject","inLanguage":"fr-FR","@id":"https:\/\/www.latribunedufaso.net\/#\/schema\/logo\/image\/","url":"https:\/\/www.latribunedufaso.net\/wp-content\/uploads\/2020\/08\/Logo-Tribune-du-Faso-final-scaled.jpg","contentUrl":"https:\/\/www.latribunedufaso.net\/wp-content\/uploads\/2020\/08\/Logo-Tribune-du-Faso-final-scaled.jpg","width":2560,"height":1856,"caption":"La Tribune du Faso"},"image":{"@id":"https:\/\/www.latribunedufaso.net\/#\/schema\/logo\/image\/"},"sameAs":["https:\/\/www.facebook.com\/LatribuneduFaso\/"]},{"@type":"Person","@id":"https:\/\/www.latribunedufaso.net\/#\/schema\/person\/a380782d0605bb8aae27c40ea93b35b1","name":"Administrateur","image":{"@type":"ImageObject","inLanguage":"fr-FR","@id":"https:\/\/secure.gravatar.com\/avatar\/e20266f97d741f0e80ba1f60283074a9b3317fd7bfb727e0d95b51dafbf854a1?s=96&d=mm&r=g","url":"https:\/\/secure.gravatar.com\/avatar\/e20266f97d741f0e80ba1f60283074a9b3317fd7bfb727e0d95b51dafbf854a1?s=96&d=mm&r=g","contentUrl":"https:\/\/secure.gravatar.com\/avatar\/e20266f97d741f0e80ba1f60283074a9b3317fd7bfb727e0d95b51dafbf854a1?s=96&d=mm&r=g","caption":"Administrateur"},"url":"https:\/\/www.latribunedufaso.net\/?author=2"}]}},"_links":{"self":[{"href":"https:\/\/www.latribunedufaso.net\/index.php?rest_route=\/wp\/v2\/posts\/5925","targetHints":{"allow":["GET"]}}],"collection":[{"href":"https:\/\/www.latribunedufaso.net\/index.php?rest_route=\/wp\/v2\/posts"}],"about":[{"href":"https:\/\/www.latribunedufaso.net\/index.php?rest_route=\/wp\/v2\/types\/post"}],"author":[{"embeddable":true,"href":"https:\/\/www.latribunedufaso.net\/index.php?rest_route=\/wp\/v2\/users\/2"}],"replies":[{"embeddable":true,"href":"https:\/\/www.latribunedufaso.net\/index.php?rest_route=%2Fwp%2Fv2%2Fcomments&post=5925"}],"version-history":[{"count":1,"href":"https:\/\/www.latribunedufaso.net\/index.php?rest_route=\/wp\/v2\/posts\/5925\/revisions"}],"predecessor-version":[{"id":5926,"href":"https:\/\/www.latribunedufaso.net\/index.php?rest_route=\/wp\/v2\/posts\/5925\/revisions\/5926"}],"wp:featuredmedia":[{"embeddable":true,"href":"https:\/\/www.latribunedufaso.net\/index.php?rest_route=\/wp\/v2\/media\/5912"}],"wp:attachment":[{"href":"https:\/\/www.latribunedufaso.net\/index.php?rest_route=%2Fwp%2Fv2%2Fmedia&parent=5925"}],"wp:term":[{"taxonomy":"category","embeddable":true,"href":"https:\/\/www.latribunedufaso.net\/index.php?rest_route=%2Fwp%2Fv2%2Fcategories&post=5925"},{"taxonomy":"post_tag","embeddable":true,"href":"https:\/\/www.latribunedufaso.net\/index.php?rest_route=%2Fwp%2Fv2%2Ftags&post=5925"}],"curies":[{"name":"wp","href":"https:\/\/api.w.org\/{rel}","templated":true}]}}