{"id":5742,"date":"2022-06-10T18:25:56","date_gmt":"2022-06-10T18:25:56","guid":{"rendered":"https:\/\/www.latribunedufaso.net\/?p=5742"},"modified":"2022-06-13T10:31:55","modified_gmt":"2022-06-13T10:31:55","slug":"burkina-faso-le-mpap-annonce-la-2e-edition-des-ambassadeurs-de-paix-awards","status":"publish","type":"post","link":"https:\/\/www.latribunedufaso.net\/?p=5742","title":{"rendered":"Burkina Faso : Le MPAP annonce la 2e \u00e9dition des Ambassadeurs de Paix Awards"},"content":{"rendered":"<p style=\"text-align: justify;\"><strong>Ce jeudi 9 juin 2022, \u00e0 Ouagadougou, le Mouvement pour la culture de la paix et l\u2019amour de la patrie (MPAP) \u00e9tait face \u00e0 la presse. Il a annonc\u00e9 la tenue de la 2e \u00e9dition des APA, le 8 juillet prochain, dans la salle des banquets de Ouaga 2000. Cette activit\u00e9 vise \u00e0 r\u00e9compenser les hommes et les femmes qui \u0153uvrent \u00e0 l\u2019ombre et \u00e0 l\u2019abri des regards, au retour de la paix au Burkina Faso.\u00a0<\/strong><br \/><!--more--><\/p>\n<p style=\"text-align: justify;\"><a href=\"https:\/\/latribunedufaso.net\/wp-content\/uploads\/2022\/06\/IMG-20220613-WA0006.jpg\"><img loading=\"lazy\" decoding=\"async\" class=\"size-medium wp-image-5744 alignleft\" src=\"https:\/\/latribunedufaso.net\/wp-content\/uploads\/2022\/06\/IMG-20220613-WA0006-300x132.jpg\" alt=\"\" width=\"300\" height=\"132\" srcset=\"https:\/\/www.latribunedufaso.net\/wp-content\/uploads\/2022\/06\/IMG-20220613-WA0006-300x132.jpg 300w, https:\/\/www.latribunedufaso.net\/wp-content\/uploads\/2022\/06\/IMG-20220613-WA0006-768x337.jpg 768w, https:\/\/www.latribunedufaso.net\/wp-content\/uploads\/2022\/06\/IMG-20220613-WA0006.jpg 984w\" sizes=\"auto, (max-width: 300px) 100vw, 300px\" \/><\/a>Depuis plusieurs ann\u00e9es, le contexte socio-politique et \u00e9conomique est fortement marqu\u00e9 par la crise s\u00e9curitaire avec pour corollaires l\u2019ins\u00e9curit\u00e9 g\u00e9n\u00e9ralis\u00e9e et la mont\u00e9e de l\u2019extr\u00e9misme violent. Face \u00e0 cette situation, des hommes, des femmes, des organismes et organisations travaillent au quotidien pour promouvoir la paix, la coh\u00e9sion sociale et le vivre ensemble.\u00a0<\/p>\n<p style=\"text-align: justify;\">Le MPAP, s\u2019inscrivant dans cette m\u00eame logique de recherche et de promotion de la paix, veut marquer un arr\u00eat pour reconna\u00eetre et distinguer le m\u00e9rite de \u00ab\u00a0ces artisans de paix\u00a0\u00bb. Pour cela, il a initi\u00e9 une activit\u00e9 d\u00e9nomm\u00e9e les Ambassadeurs de Paix Awards (APA). La 2e \u00e9dition est pr\u00e9vue se tenir le 8 juillet 2022 dans la salle des banquets de Ouaga 2000. Elle sera c\u00e9l\u00e9br\u00e9e sous le th\u00e8me\u00a0: \u00ab\u00a0Quel plaidoyer pour la r\u00e9insertion sociale et \u00e9ducative des enfants d\u00e9plac\u00e9s internes\u00a0? Le r\u00f4le des pouvoirs publics, des organisations de la soci\u00e9t\u00e9 civile et des organismes de d\u00e9fense des droits de l\u2019enfant\u00a0\u00bb. Il s\u2019agira pour le MPAP de mener la r\u00e9flexion sur la r\u00e9solution du probl\u00e8me de l\u2019ins\u00e9curit\u00e9. Pour ce faire, il est pr\u00e9vu un panel dans la journ\u00e9e du 8 juillet 2022 au Centre Cardinal Paul Zoungrana.\u00a0<\/p>\n<p style=\"text-align: justify;\">Selon le pr\u00e9sident du MPAP, Samuel Kalkoumdo, \u00e0 l\u2019occasion de cette activit\u00e9, huit (08) cat\u00e9gories de troph\u00e9es seront remis aux personnes (physique et morale) qui seront distingu\u00e9es comme ambassadeurs de paix. Il y a le troph\u00e9e du patriotisme qui sera d\u00e9cern\u00e9 \u00e0 ceux qui combattent sur le terrain, le Grand APA pour distinguer la personne qui a fait une action forte pour la paix dans l\u2019ann\u00e9e et le troph\u00e9e de l\u2019engagement f\u00e9minin pour distinguer les femmes. Aussi, il y a le troph\u00e9e de l\u2019int\u00e9gration pour les expatri\u00e9s, le troph\u00e9e de l\u2019engagement de la jeunesse et les troph\u00e9es de leadership f\u00e9minin, des OSC et de la jeunesse.<\/p>\n<p style=\"text-align: justify;\">Le MPAP est une organisation qui a pour mission de promouvoir la tol\u00e9rance et le civisme, de cultiver la paix et l\u2019amour de la patrie. Il a \u00e9t\u00e9 cr\u00e9\u00e9 le 29 octobre 2017.<\/p>\n<p style=\"text-align: justify;\"><strong>Issouf Tapsoba<\/strong><\/p>\n<p style=\"text-align: justify;\"><strong>Latribunedufaso.net<\/strong><\/p>\n","protected":false},"excerpt":{"rendered":"<p>Ce jeudi 9 juin 2022, \u00e0 Ouagadougou, le Mouvement pour la culture de la paix et l\u2019amour de la patrie (MPAP) \u00e9tait face \u00e0 la presse. Il a annonc\u00e9 la tenue de la 2e \u00e9dition des APA, le 8 juillet prochain, dans la salle des banquets de Ouaga 2000. Cette activit\u00e9 vise \u00e0 r\u00e9compenser les hommes et les femmes qui \u0153uvrent \u00e0 l\u2019ombre et \u00e0 l\u2019abri des regards, au retour de la paix au Burkina Faso.\u00a0<\/p>\n","protected":false},"author":2,"featured_media":5743,"comment_status":"open","ping_status":"open","sticky":false,"template":"","format":"standard","meta":{"footnotes":""},"categories":[13,1,8],"tags":[],"class_list":["post-5742","post","type-post","status-publish","format-standard","has-post-thumbnail","hentry","category-une","category-actu","category-societe"],"yoast_head":"<!-- This site is optimized with the Yoast SEO plugin v27.5 - https:\/\/yoast.com\/product\/yoast-seo-wordpress\/ -->\n<title>Burkina Faso : Le MPAP annonce la 2e \u00e9dition des Ambassadeurs de Paix Awards - La Tribune du Faso<\/title>\n<meta name=\"robots\" content=\"index, follow, max-snippet:-1, max-image-preview:large, max-video-preview:-1\" \/>\n<link rel=\"canonical\" href=\"https:\/\/www.latribunedufaso.net\/?p=5742\" \/>\n<meta property=\"og:locale\" content=\"fr_FR\" \/>\n<meta property=\"og:type\" content=\"article\" \/>\n<meta property=\"og:title\" content=\"Burkina Faso : Le MPAP annonce la 2e \u00e9dition des Ambassadeurs de Paix Awards - La Tribune du Faso\" \/>\n<meta property=\"og:description\" content=\"Ce jeudi 9 juin 2022, \u00e0 Ouagadougou, le Mouvement pour la culture de la paix et l\u2019amour de la patrie (MPAP) \u00e9tait face \u00e0 la presse. Il a annonc\u00e9 la tenue de la 2e \u00e9dition des APA, le 8 juillet prochain, dans la salle des banquets de Ouaga 2000. Cette activit\u00e9 vise \u00e0 r\u00e9compenser les hommes et les femmes qui \u0153uvrent \u00e0 l\u2019ombre et \u00e0 l\u2019abri des regards, au retour de la paix au Burkina Faso.\u00a0\" \/>\n<meta property=\"og:url\" content=\"https:\/\/www.latribunedufaso.net\/?p=5742\" \/>\n<meta property=\"og:site_name\" content=\"La Tribune du Faso\" \/>\n<meta property=\"article:publisher\" content=\"https:\/\/www.facebook.com\/LatribuneduFaso\/\" \/>\n<meta property=\"article:published_time\" content=\"2022-06-10T18:25:56+00:00\" \/>\n<meta property=\"article:modified_time\" content=\"2022-06-13T10:31:55+00:00\" \/>\n<meta property=\"og:image\" content=\"https:\/\/latribunedufaso.net\/wp-content\/uploads\/2022\/06\/IMG-20220613-WA0009.jpg\" \/>\n\t<meta property=\"og:image:width\" content=\"984\" \/>\n\t<meta property=\"og:image:height\" content=\"432\" \/>\n\t<meta property=\"og:image:type\" content=\"image\/jpeg\" \/>\n<meta name=\"author\" content=\"Administrateur\" \/>\n<meta name=\"twitter:label1\" content=\"\u00c9crit par\" \/>\n\t<meta name=\"twitter:data1\" content=\"Administrateur\" \/>\n\t<meta name=\"twitter:label2\" content=\"Dur\u00e9e de lecture estim\u00e9e\" \/>\n\t<meta name=\"twitter:data2\" content=\"3 minutes\" \/>\n<script type=\"application\/ld+json\" class=\"yoast-schema-graph\">{\"@context\":\"https:\\\/\\\/schema.org\",\"@graph\":[{\"@type\":\"Article\",\"@id\":\"https:\\\/\\\/www.latribunedufaso.net\\\/?p=5742#article\",\"isPartOf\":{\"@id\":\"https:\\\/\\\/www.latribunedufaso.net\\\/?p=5742\"},\"author\":{\"name\":\"Administrateur\",\"@id\":\"https:\\\/\\\/www.latribunedufaso.net\\\/#\\\/schema\\\/person\\\/a380782d0605bb8aae27c40ea93b35b1\"},\"headline\":\"Burkina Faso : Le MPAP annonce la 2e \u00e9dition des Ambassadeurs de Paix Awards\",\"datePublished\":\"2022-06-10T18:25:56+00:00\",\"dateModified\":\"2022-06-13T10:31:55+00:00\",\"mainEntityOfPage\":{\"@id\":\"https:\\\/\\\/www.latribunedufaso.net\\\/?p=5742\"},\"wordCount\":465,\"commentCount\":0,\"publisher\":{\"@id\":\"https:\\\/\\\/www.latribunedufaso.net\\\/#organization\"},\"image\":{\"@id\":\"https:\\\/\\\/www.latribunedufaso.net\\\/?p=5742#primaryimage\"},\"thumbnailUrl\":\"https:\\\/\\\/www.latribunedufaso.net\\\/wp-content\\\/uploads\\\/2022\\\/06\\\/IMG-20220613-WA0009.jpg\",\"articleSection\":[\"A la une\",\"Actualit\u00e9\",\"Soci\u00e9t\u00e9\"],\"inLanguage\":\"fr-FR\",\"potentialAction\":[{\"@type\":\"CommentAction\",\"name\":\"Comment\",\"target\":[\"https:\\\/\\\/www.latribunedufaso.net\\\/?p=5742#respond\"]}]},{\"@type\":\"WebPage\",\"@id\":\"https:\\\/\\\/www.latribunedufaso.net\\\/?p=5742\",\"url\":\"https:\\\/\\\/www.latribunedufaso.net\\\/?p=5742\",\"name\":\"Burkina Faso : Le MPAP annonce la 2e \u00e9dition des Ambassadeurs de Paix Awards - La Tribune du Faso\",\"isPartOf\":{\"@id\":\"https:\\\/\\\/www.latribunedufaso.net\\\/#website\"},\"primaryImageOfPage\":{\"@id\":\"https:\\\/\\\/www.latribunedufaso.net\\\/?p=5742#primaryimage\"},\"image\":{\"@id\":\"https:\\\/\\\/www.latribunedufaso.net\\\/?p=5742#primaryimage\"},\"thumbnailUrl\":\"https:\\\/\\\/www.latribunedufaso.net\\\/wp-content\\\/uploads\\\/2022\\\/06\\\/IMG-20220613-WA0009.jpg\",\"datePublished\":\"2022-06-10T18:25:56+00:00\",\"dateModified\":\"2022-06-13T10:31:55+00:00\",\"breadcrumb\":{\"@id\":\"https:\\\/\\\/www.latribunedufaso.net\\\/?p=5742#breadcrumb\"},\"inLanguage\":\"fr-FR\",\"potentialAction\":[{\"@type\":\"ReadAction\",\"target\":[\"https:\\\/\\\/www.latribunedufaso.net\\\/?p=5742\"]}]},{\"@type\":\"ImageObject\",\"inLanguage\":\"fr-FR\",\"@id\":\"https:\\\/\\\/www.latribunedufaso.net\\\/?p=5742#primaryimage\",\"url\":\"https:\\\/\\\/www.latribunedufaso.net\\\/wp-content\\\/uploads\\\/2022\\\/06\\\/IMG-20220613-WA0009.jpg\",\"contentUrl\":\"https:\\\/\\\/www.latribunedufaso.net\\\/wp-content\\\/uploads\\\/2022\\\/06\\\/IMG-20220613-WA0009.jpg\",\"width\":984,\"height\":432},{\"@type\":\"BreadcrumbList\",\"@id\":\"https:\\\/\\\/www.latribunedufaso.net\\\/?p=5742#breadcrumb\",\"itemListElement\":[{\"@type\":\"ListItem\",\"position\":1,\"name\":\"Accueil\",\"item\":\"https:\\\/\\\/www.latribunedufaso.net\\\/\"},{\"@type\":\"ListItem\",\"position\":2,\"name\":\"Burkina Faso : Le MPAP annonce la 2e \u00e9dition des Ambassadeurs de Paix Awards\"}]},{\"@type\":\"WebSite\",\"@id\":\"https:\\\/\\\/www.latribunedufaso.net\\\/#website\",\"url\":\"https:\\\/\\\/www.latribunedufaso.net\\\/\",\"name\":\"La Tribune du Faso\",\"description\":\"L&#039;information du monde rural en un clic\",\"publisher\":{\"@id\":\"https:\\\/\\\/www.latribunedufaso.net\\\/#organization\"},\"potentialAction\":[{\"@type\":\"SearchAction\",\"target\":{\"@type\":\"EntryPoint\",\"urlTemplate\":\"https:\\\/\\\/www.latribunedufaso.net\\\/?s={search_term_string}\"},\"query-input\":{\"@type\":\"PropertyValueSpecification\",\"valueRequired\":true,\"valueName\":\"search_term_string\"}}],\"inLanguage\":\"fr-FR\"},{\"@type\":\"Organization\",\"@id\":\"https:\\\/\\\/www.latribunedufaso.net\\\/#organization\",\"name\":\"La Tribune du Faso\",\"url\":\"https:\\\/\\\/www.latribunedufaso.net\\\/\",\"logo\":{\"@type\":\"ImageObject\",\"inLanguage\":\"fr-FR\",\"@id\":\"https:\\\/\\\/www.latribunedufaso.net\\\/#\\\/schema\\\/logo\\\/image\\\/\",\"url\":\"https:\\\/\\\/www.latribunedufaso.net\\\/wp-content\\\/uploads\\\/2020\\\/08\\\/Logo-Tribune-du-Faso-final-scaled.jpg\",\"contentUrl\":\"https:\\\/\\\/www.latribunedufaso.net\\\/wp-content\\\/uploads\\\/2020\\\/08\\\/Logo-Tribune-du-Faso-final-scaled.jpg\",\"width\":2560,\"height\":1856,\"caption\":\"La Tribune du Faso\"},\"image\":{\"@id\":\"https:\\\/\\\/www.latribunedufaso.net\\\/#\\\/schema\\\/logo\\\/image\\\/\"},\"sameAs\":[\"https:\\\/\\\/www.facebook.com\\\/LatribuneduFaso\\\/\"]},{\"@type\":\"Person\",\"@id\":\"https:\\\/\\\/www.latribunedufaso.net\\\/#\\\/schema\\\/person\\\/a380782d0605bb8aae27c40ea93b35b1\",\"name\":\"Administrateur\",\"image\":{\"@type\":\"ImageObject\",\"inLanguage\":\"fr-FR\",\"@id\":\"https:\\\/\\\/secure.gravatar.com\\\/avatar\\\/e20266f97d741f0e80ba1f60283074a9b3317fd7bfb727e0d95b51dafbf854a1?s=96&d=mm&r=g\",\"url\":\"https:\\\/\\\/secure.gravatar.com\\\/avatar\\\/e20266f97d741f0e80ba1f60283074a9b3317fd7bfb727e0d95b51dafbf854a1?s=96&d=mm&r=g\",\"contentUrl\":\"https:\\\/\\\/secure.gravatar.com\\\/avatar\\\/e20266f97d741f0e80ba1f60283074a9b3317fd7bfb727e0d95b51dafbf854a1?s=96&d=mm&r=g\",\"caption\":\"Administrateur\"},\"url\":\"https:\\\/\\\/www.latribunedufaso.net\\\/?author=2\"}]}<\/script>\n<!-- \/ Yoast SEO plugin. -->","yoast_head_json":{"title":"Burkina Faso : Le MPAP annonce la 2e \u00e9dition des Ambassadeurs de Paix Awards - La Tribune du Faso","robots":{"index":"index","follow":"follow","max-snippet":"max-snippet:-1","max-image-preview":"max-image-preview:large","max-video-preview":"max-video-preview:-1"},"canonical":"https:\/\/www.latribunedufaso.net\/?p=5742","og_locale":"fr_FR","og_type":"article","og_title":"Burkina Faso : Le MPAP annonce la 2e \u00e9dition des Ambassadeurs de Paix Awards - La Tribune du Faso","og_description":"Ce jeudi 9 juin 2022, \u00e0 Ouagadougou, le Mouvement pour la culture de la paix et l\u2019amour de la patrie (MPAP) \u00e9tait face \u00e0 la presse. Il a annonc\u00e9 la tenue de la 2e \u00e9dition des APA, le 8 juillet prochain, dans la salle des banquets de Ouaga 2000. Cette activit\u00e9 vise \u00e0 r\u00e9compenser les hommes et les femmes qui \u0153uvrent \u00e0 l\u2019ombre et \u00e0 l\u2019abri des regards, au retour de la paix au Burkina Faso.\u00a0","og_url":"https:\/\/www.latribunedufaso.net\/?p=5742","og_site_name":"La Tribune du Faso","article_publisher":"https:\/\/www.facebook.com\/LatribuneduFaso\/","article_published_time":"2022-06-10T18:25:56+00:00","article_modified_time":"2022-06-13T10:31:55+00:00","og_image":[{"width":984,"height":432,"url":"https:\/\/latribunedufaso.net\/wp-content\/uploads\/2022\/06\/IMG-20220613-WA0009.jpg","type":"image\/jpeg"}],"author":"Administrateur","twitter_misc":{"\u00c9crit par":"Administrateur","Dur\u00e9e de lecture estim\u00e9e":"3 minutes"},"schema":{"@context":"https:\/\/schema.org","@graph":[{"@type":"Article","@id":"https:\/\/www.latribunedufaso.net\/?p=5742#article","isPartOf":{"@id":"https:\/\/www.latribunedufaso.net\/?p=5742"},"author":{"name":"Administrateur","@id":"https:\/\/www.latribunedufaso.net\/#\/schema\/person\/a380782d0605bb8aae27c40ea93b35b1"},"headline":"Burkina Faso : Le MPAP annonce la 2e \u00e9dition des Ambassadeurs de Paix Awards","datePublished":"2022-06-10T18:25:56+00:00","dateModified":"2022-06-13T10:31:55+00:00","mainEntityOfPage":{"@id":"https:\/\/www.latribunedufaso.net\/?p=5742"},"wordCount":465,"commentCount":0,"publisher":{"@id":"https:\/\/www.latribunedufaso.net\/#organization"},"image":{"@id":"https:\/\/www.latribunedufaso.net\/?p=5742#primaryimage"},"thumbnailUrl":"https:\/\/www.latribunedufaso.net\/wp-content\/uploads\/2022\/06\/IMG-20220613-WA0009.jpg","articleSection":["A la une","Actualit\u00e9","Soci\u00e9t\u00e9"],"inLanguage":"fr-FR","potentialAction":[{"@type":"CommentAction","name":"Comment","target":["https:\/\/www.latribunedufaso.net\/?p=5742#respond"]}]},{"@type":"WebPage","@id":"https:\/\/www.latribunedufaso.net\/?p=5742","url":"https:\/\/www.latribunedufaso.net\/?p=5742","name":"Burkina Faso : Le MPAP annonce la 2e \u00e9dition des Ambassadeurs de Paix Awards - La Tribune du Faso","isPartOf":{"@id":"https:\/\/www.latribunedufaso.net\/#website"},"primaryImageOfPage":{"@id":"https:\/\/www.latribunedufaso.net\/?p=5742#primaryimage"},"image":{"@id":"https:\/\/www.latribunedufaso.net\/?p=5742#primaryimage"},"thumbnailUrl":"https:\/\/www.latribunedufaso.net\/wp-content\/uploads\/2022\/06\/IMG-20220613-WA0009.jpg","datePublished":"2022-06-10T18:25:56+00:00","dateModified":"2022-06-13T10:31:55+00:00","breadcrumb":{"@id":"https:\/\/www.latribunedufaso.net\/?p=5742#breadcrumb"},"inLanguage":"fr-FR","potentialAction":[{"@type":"ReadAction","target":["https:\/\/www.latribunedufaso.net\/?p=5742"]}]},{"@type":"ImageObject","inLanguage":"fr-FR","@id":"https:\/\/www.latribunedufaso.net\/?p=5742#primaryimage","url":"https:\/\/www.latribunedufaso.net\/wp-content\/uploads\/2022\/06\/IMG-20220613-WA0009.jpg","contentUrl":"https:\/\/www.latribunedufaso.net\/wp-content\/uploads\/2022\/06\/IMG-20220613-WA0009.jpg","width":984,"height":432},{"@type":"BreadcrumbList","@id":"https:\/\/www.latribunedufaso.net\/?p=5742#breadcrumb","itemListElement":[{"@type":"ListItem","position":1,"name":"Accueil","item":"https:\/\/www.latribunedufaso.net\/"},{"@type":"ListItem","position":2,"name":"Burkina Faso : Le MPAP annonce la 2e \u00e9dition des Ambassadeurs de Paix Awards"}]},{"@type":"WebSite","@id":"https:\/\/www.latribunedufaso.net\/#website","url":"https:\/\/www.latribunedufaso.net\/","name":"La Tribune du Faso","description":"L&#039;information du monde rural en un clic","publisher":{"@id":"https:\/\/www.latribunedufaso.net\/#organization"},"potentialAction":[{"@type":"SearchAction","target":{"@type":"EntryPoint","urlTemplate":"https:\/\/www.latribunedufaso.net\/?s={search_term_string}"},"query-input":{"@type":"PropertyValueSpecification","valueRequired":true,"valueName":"search_term_string"}}],"inLanguage":"fr-FR"},{"@type":"Organization","@id":"https:\/\/www.latribunedufaso.net\/#organization","name":"La Tribune du Faso","url":"https:\/\/www.latribunedufaso.net\/","logo":{"@type":"ImageObject","inLanguage":"fr-FR","@id":"https:\/\/www.latribunedufaso.net\/#\/schema\/logo\/image\/","url":"https:\/\/www.latribunedufaso.net\/wp-content\/uploads\/2020\/08\/Logo-Tribune-du-Faso-final-scaled.jpg","contentUrl":"https:\/\/www.latribunedufaso.net\/wp-content\/uploads\/2020\/08\/Logo-Tribune-du-Faso-final-scaled.jpg","width":2560,"height":1856,"caption":"La Tribune du Faso"},"image":{"@id":"https:\/\/www.latribunedufaso.net\/#\/schema\/logo\/image\/"},"sameAs":["https:\/\/www.facebook.com\/LatribuneduFaso\/"]},{"@type":"Person","@id":"https:\/\/www.latribunedufaso.net\/#\/schema\/person\/a380782d0605bb8aae27c40ea93b35b1","name":"Administrateur","image":{"@type":"ImageObject","inLanguage":"fr-FR","@id":"https:\/\/secure.gravatar.com\/avatar\/e20266f97d741f0e80ba1f60283074a9b3317fd7bfb727e0d95b51dafbf854a1?s=96&d=mm&r=g","url":"https:\/\/secure.gravatar.com\/avatar\/e20266f97d741f0e80ba1f60283074a9b3317fd7bfb727e0d95b51dafbf854a1?s=96&d=mm&r=g","contentUrl":"https:\/\/secure.gravatar.com\/avatar\/e20266f97d741f0e80ba1f60283074a9b3317fd7bfb727e0d95b51dafbf854a1?s=96&d=mm&r=g","caption":"Administrateur"},"url":"https:\/\/www.latribunedufaso.net\/?author=2"}]}},"_links":{"self":[{"href":"https:\/\/www.latribunedufaso.net\/index.php?rest_route=\/wp\/v2\/posts\/5742","targetHints":{"allow":["GET"]}}],"collection":[{"href":"https:\/\/www.latribunedufaso.net\/index.php?rest_route=\/wp\/v2\/posts"}],"about":[{"href":"https:\/\/www.latribunedufaso.net\/index.php?rest_route=\/wp\/v2\/types\/post"}],"author":[{"embeddable":true,"href":"https:\/\/www.latribunedufaso.net\/index.php?rest_route=\/wp\/v2\/users\/2"}],"replies":[{"embeddable":true,"href":"https:\/\/www.latribunedufaso.net\/index.php?rest_route=%2Fwp%2Fv2%2Fcomments&post=5742"}],"version-history":[{"count":1,"href":"https:\/\/www.latribunedufaso.net\/index.php?rest_route=\/wp\/v2\/posts\/5742\/revisions"}],"predecessor-version":[{"id":5745,"href":"https:\/\/www.latribunedufaso.net\/index.php?rest_route=\/wp\/v2\/posts\/5742\/revisions\/5745"}],"wp:featuredmedia":[{"embeddable":true,"href":"https:\/\/www.latribunedufaso.net\/index.php?rest_route=\/wp\/v2\/media\/5743"}],"wp:attachment":[{"href":"https:\/\/www.latribunedufaso.net\/index.php?rest_route=%2Fwp%2Fv2%2Fmedia&parent=5742"}],"wp:term":[{"taxonomy":"category","embeddable":true,"href":"https:\/\/www.latribunedufaso.net\/index.php?rest_route=%2Fwp%2Fv2%2Fcategories&post=5742"},{"taxonomy":"post_tag","embeddable":true,"href":"https:\/\/www.latribunedufaso.net\/index.php?rest_route=%2Fwp%2Fv2%2Ftags&post=5742"}],"curies":[{"name":"wp","href":"https:\/\/api.w.org\/{rel}","templated":true}]}}