{"id":5518,"date":"2022-05-19T13:39:50","date_gmt":"2022-05-19T13:39:50","guid":{"rendered":"https:\/\/www.latribunedufaso.net\/?p=5518"},"modified":"2022-05-19T13:39:50","modified_gmt":"2022-05-19T13:39:50","slug":"campagne-agricole-2021-2022-un-deficit-brut-de-539-364-tonnes-de-cereales","status":"publish","type":"post","link":"https:\/\/www.latribunedufaso.net\/?p=5518","title":{"rendered":"Campagne agricole 2021-2022 : Un d\u00e9ficit brut de 539 364 tonnes de c\u00e9r\u00e9ales"},"content":{"rendered":"<p style=\"text-align: justify;\"><strong><span style=\"font-size: 1.0625rem;\">Ce jeudi 19 mai 2022, s\u2019est tenue \u00e0 Ouagadougou, la 1re session ordinaire de l&rsquo;ann\u00e9e 2022 du Conseil d&rsquo;administration du secteur minist\u00e9riel (CASEM) de l&rsquo;agriculture, des ressources animales et halieutiques sous le th\u00e8me : \u00ab Secteur agropastoral et halieutique face aux d\u00e9fis s\u00e9curitaires, alimentaires et pastoraux dans un contexte d\u2019\u00e9volution institutionnelle : r\u00e9ponses et perspectives de d\u00e9veloppement \u00bb. Une rencontre dont la c\u00e9r\u00e9monie d\u2019ouverture a \u00e9t\u00e9 pr\u00e9sid\u00e9e par le ministre de l&rsquo;Agriculture, des ressources animales et halieutiques, Dr Delwend\u00e9 Innocent Kiba.<\/span><\/strong><br \/><!--more--><\/p>\n<p style=\"text-align: justify;\"><a href=\"https:\/\/latribunedufaso.net\/wp-content\/uploads\/2022\/05\/IMG-20220519-WA0061.jpg\"><img loading=\"lazy\" decoding=\"async\" class=\"size-medium wp-image-5526 alignleft\" src=\"https:\/\/latribunedufaso.net\/wp-content\/uploads\/2022\/05\/IMG-20220519-WA0061-300x146.jpg\" alt=\"\" width=\"300\" height=\"146\" srcset=\"https:\/\/www.latribunedufaso.net\/wp-content\/uploads\/2022\/05\/IMG-20220519-WA0061-300x146.jpg 300w, https:\/\/www.latribunedufaso.net\/wp-content\/uploads\/2022\/05\/IMG-20220519-WA0061-1024x498.jpg 1024w, https:\/\/www.latribunedufaso.net\/wp-content\/uploads\/2022\/05\/IMG-20220519-WA0061-768x373.jpg 768w, https:\/\/www.latribunedufaso.net\/wp-content\/uploads\/2022\/05\/IMG-20220519-WA0061.jpg 1080w\" sizes=\"auto, (max-width: 300px) 100vw, 300px\" \/><\/a>Ce sont les diff\u00e9rents acteurs du secteur agropastoral qui se sont r\u00e9unis en cette 1re session ordinaire de l&rsquo;ann\u00e9e 2022 du Conseil d&rsquo;administration du secteur minist\u00e9riel (CASEM) pour \u00e9changer afin de d\u00e9gager des voies et moyens d&rsquo;apporter des solutions structurelles aux diff\u00e9rents d\u00e9fis (surtout s\u00e9curitaires), qui sapent les efforts de production des acteurs du secteur. <span style=\"font-size: 1.0625rem;\">D&rsquo;apr\u00e8s les chiffres donn\u00e9s par le Ministre de l&rsquo;agriculture, des ressources animales et halieutiques, Dr Delwend\u00e9 Innocent Kiba, le bilan c\u00e9r\u00e9alier et alimentaire d\u00e9finitif r\u00e9sultant de la campagne agricole 2021-2022 fait ressortir un d\u00e9ficit brut de 539 364 tonnes de c\u00e9r\u00e9ales repr\u00e9sentant 12% des besoins. En effet, il a indiqu\u00e9 que la production c\u00e9r\u00e9ali\u00e8re totale d\u00e9finitive enregistr\u00e9e au cours de la campagne agricole 2021-2022 est \u00e9valu\u00e9e \u00e0 4 661 140 tonnes, soit une baisse de 10% par rapport \u00e0 la campagne pr\u00e9c\u00e9dente et de 2,61% par rapport \u00e0 la moyenne des cinq (5) derni\u00e8res ann\u00e9es. Pour les autres cultures vivri\u00e8res, la production d\u00e9finitive est estim\u00e9e \u00e0 693 458 tonnes, soit une baisse de 28,36% comparativement \u00e0 la campagne pr\u00e9c\u00e9dente et de 16,24% en rapport avec la moyenne quinquennale\u00a0; et les cultures de rente sont \u00e9valu\u00e9es \u00e0 1 451 144 tonnes, soit une baisse de 19,54% et de 0,73%. \u00ab La situation pastorale au cours de la campagne 2021-2022 a \u00e9t\u00e9 particuli\u00e8rement marqu\u00e9e par un d\u00e9ficit prononc\u00e9 d\u2019aliments pour le b\u00e9tail dans plusieurs provinces et des pertes de volailles du fait de la maladie de la grippe aviaire\u00a0\u00bb, a ajout\u00e9 le Ministre Kiba.<\/span><\/p>\n<p style=\"text-align: justify;\"><a href=\"https:\/\/latribunedufaso.net\/wp-content\/uploads\/2022\/05\/IMG-20220519-WA0040.jpg\"><img loading=\"lazy\" decoding=\"async\" class=\"size-medium wp-image-5521 alignright\" src=\"https:\/\/latribunedufaso.net\/wp-content\/uploads\/2022\/05\/IMG-20220519-WA0040-300x146.jpg\" alt=\"\" width=\"300\" height=\"146\" srcset=\"https:\/\/www.latribunedufaso.net\/wp-content\/uploads\/2022\/05\/IMG-20220519-WA0040-300x146.jpg 300w, https:\/\/www.latribunedufaso.net\/wp-content\/uploads\/2022\/05\/IMG-20220519-WA0040-1024x498.jpg 1024w, https:\/\/www.latribunedufaso.net\/wp-content\/uploads\/2022\/05\/IMG-20220519-WA0040-768x373.jpg 768w, https:\/\/www.latribunedufaso.net\/wp-content\/uploads\/2022\/05\/IMG-20220519-WA0040.jpg 1080w\" sizes=\"auto, (max-width: 300px) 100vw, 300px\" \/><\/a>Le th\u00e8me du jour para\u00eet donc pertinent pour lui, en raison fait qu\u2019il estime que ce CASEM est le lieu pour les acteurs de s&rsquo;interroger sur les m\u00e9canismes de riposte afin de trouver les r\u00e9ponses ad\u00e9quates, pouvant permettre de limiter la vuln\u00e9rabilit\u00e9 des populations dans un contexte national et international marqu\u00e9 par les d\u00e9fis s\u00e9curitaires et les perturbations des circuits d\u2019approvisionnement des denr\u00e9es et des mati\u00e8res premi\u00e8res.\u00a0\u00ab Les \u00e9changes sur ce th\u00e8me devraient nous permettre de d\u00e9gager des options innovantes pour l\u2019accroissement des productions et le renforcement de la r\u00e9silience des m\u00e9nages agro-pastoraux, y compris les personnes d\u00e9plac\u00e9es internes\u00a0\u00bb, a-t-il soutenu.<\/p>\n<p style=\"text-align: justify;\"><a href=\"https:\/\/latribunedufaso.net\/wp-content\/uploads\/2022\/05\/IMG-20220519-WA0039.jpg\"><img loading=\"lazy\" decoding=\"async\" class=\"size-medium wp-image-5523 alignleft\" src=\"https:\/\/latribunedufaso.net\/wp-content\/uploads\/2022\/05\/IMG-20220519-WA0039-300x179.jpg\" alt=\"\" width=\"300\" height=\"179\" srcset=\"https:\/\/www.latribunedufaso.net\/wp-content\/uploads\/2022\/05\/IMG-20220519-WA0039-300x179.jpg 300w, https:\/\/www.latribunedufaso.net\/wp-content\/uploads\/2022\/05\/IMG-20220519-WA0039-1024x610.jpg 1024w, https:\/\/www.latribunedufaso.net\/wp-content\/uploads\/2022\/05\/IMG-20220519-WA0039-768x457.jpg 768w, https:\/\/www.latribunedufaso.net\/wp-content\/uploads\/2022\/05\/IMG-20220519-WA0039.jpg 1080w\" sizes=\"auto, (max-width: 300px) 100vw, 300px\" \/><\/a>Aussi, a-t-il fait savoir que les travaux consisteront \u00e9galement \u00e0 examiner et valider le bilan de la mise en \u0153uvre des activit\u00e9s de l\u2019ann\u00e9e 2021 et la programmation des activit\u00e9s 2022. Tout en remerciant l\u2019ensemble des partenaires techniques et financiers et les acteurs du monde rural engag\u00e9s pour la qu\u00eate d\u2019une s\u00e9curit\u00e9 alimentaire et nutritionnelle durable, il a donc invit\u00e9 les uns et les autres\u00a0\u00ab \u00e0 participer activement aux travaux dans un esprit constructif et coll\u00e9gial, en faisant preuve de rigueur et de pertinence dans l\u2019analyse des documents de travail\u00a0\u00bb.<\/p>\n<p style=\"text-align: justify;\"><a href=\"https:\/\/latribunedufaso.net\/wp-content\/uploads\/2022\/05\/IMG-20220519-WA0033.jpg\"><img loading=\"lazy\" decoding=\"async\" class=\"size-medium wp-image-5520 alignright\" src=\"https:\/\/latribunedufaso.net\/wp-content\/uploads\/2022\/05\/IMG-20220519-WA0033-300x146.jpg\" alt=\"\" width=\"300\" height=\"146\" srcset=\"https:\/\/www.latribunedufaso.net\/wp-content\/uploads\/2022\/05\/IMG-20220519-WA0033-300x146.jpg 300w, https:\/\/www.latribunedufaso.net\/wp-content\/uploads\/2022\/05\/IMG-20220519-WA0033-1024x498.jpg 1024w, https:\/\/www.latribunedufaso.net\/wp-content\/uploads\/2022\/05\/IMG-20220519-WA0033-768x373.jpg 768w, https:\/\/www.latribunedufaso.net\/wp-content\/uploads\/2022\/05\/IMG-20220519-WA0033.jpg 1080w\" sizes=\"auto, (max-width: 300px) 100vw, 300px\" \/><\/a>D\u00e9j\u00e0, notons que pour la mise en \u0153uvre effective des actions en vue de soulager les populations et d\u2019am\u00e9liorer leur capacit\u00e9 de r\u00e9silience, le Conseil des ministres du mercredi 18 mai 2022 a adopt\u00e9 un rapport relatif au Plan de r\u00e9ponse et de soutien aux populations vuln\u00e9rables \u00e0 l\u2019ins\u00e9curit\u00e9 alimentaire et \u00e0 la malnutrition de 2022 (PRSPV-2022). L&rsquo;objectif \u00e9tant de soutenir les populations vuln\u00e9rables \u00e0 travers des actions harmonis\u00e9es d\u2019assistance alimentaire, de protection des moyens d\u2019existence, de pr\u00e9vention et de prise en charge de la malnutrition.<\/p>\n<p style=\"text-align: justify;\"><strong>Aliz\u00e8ta Zour\u00e9\u00a0<\/strong><\/p>\n<p style=\"text-align: justify;\"><strong>Latribunedufaso.net<\/strong><\/p>\n","protected":false},"excerpt":{"rendered":"<p>Ce jeudi 19 mai 2022, s\u2019est tenue \u00e0 Ouagadougou, la 1re session ordinaire de l&rsquo;ann\u00e9e 2022 du Conseil d&rsquo;administration du secteur minist\u00e9riel (CASEM) de l&rsquo;agriculture, des ressources animales et halieutiques sous le th\u00e8me : \u00ab Secteur agropastoral et halieutique face aux d\u00e9fis s\u00e9curitaires, alimentaires et pastoraux dans un contexte d\u2019\u00e9volution institutionnelle : r\u00e9ponses et perspectives de d\u00e9veloppement \u00bb. Une rencontre dont la c\u00e9r\u00e9monie d\u2019ouverture a \u00e9t\u00e9 pr\u00e9sid\u00e9e par le ministre de l&rsquo;Agriculture, des ressources animales et halieutiques, Dr Delwend\u00e9 Innocent Kiba.<\/p>\n","protected":false},"author":2,"featured_media":5519,"comment_status":"open","ping_status":"open","sticky":false,"template":"","format":"standard","meta":{"footnotes":""},"categories":[13,1,3],"tags":[],"class_list":["post-5518","post","type-post","status-publish","format-standard","has-post-thumbnail","hentry","category-une","category-actu","category-agri"],"yoast_head":"<!-- This site is optimized with the Yoast SEO plugin v27.5 - https:\/\/yoast.com\/product\/yoast-seo-wordpress\/ -->\n<title>Campagne agricole 2021-2022 : Un d\u00e9ficit brut de 539 364 tonnes de c\u00e9r\u00e9ales - La Tribune du Faso<\/title>\n<meta name=\"robots\" content=\"index, follow, max-snippet:-1, max-image-preview:large, max-video-preview:-1\" \/>\n<link rel=\"canonical\" href=\"https:\/\/www.latribunedufaso.net\/?p=5518\" \/>\n<meta property=\"og:locale\" content=\"fr_FR\" \/>\n<meta property=\"og:type\" content=\"article\" \/>\n<meta property=\"og:title\" content=\"Campagne agricole 2021-2022 : Un d\u00e9ficit brut de 539 364 tonnes de c\u00e9r\u00e9ales - La Tribune du Faso\" \/>\n<meta property=\"og:description\" content=\"Ce jeudi 19 mai 2022, s\u2019est tenue \u00e0 Ouagadougou, la 1re session ordinaire de l&rsquo;ann\u00e9e 2022 du Conseil d&rsquo;administration du secteur minist\u00e9riel (CASEM) de l&rsquo;agriculture, des ressources animales et halieutiques sous le th\u00e8me : \u00ab Secteur agropastoral et halieutique face aux d\u00e9fis s\u00e9curitaires, alimentaires et pastoraux dans un contexte d\u2019\u00e9volution institutionnelle : r\u00e9ponses et perspectives de d\u00e9veloppement \u00bb. Une rencontre dont la c\u00e9r\u00e9monie d\u2019ouverture a \u00e9t\u00e9 pr\u00e9sid\u00e9e par le ministre de l&rsquo;Agriculture, des ressources animales et halieutiques, Dr Delwend\u00e9 Innocent Kiba.\" \/>\n<meta property=\"og:url\" content=\"https:\/\/www.latribunedufaso.net\/?p=5518\" \/>\n<meta property=\"og:site_name\" content=\"La Tribune du Faso\" \/>\n<meta property=\"article:publisher\" content=\"https:\/\/www.facebook.com\/LatribuneduFaso\/\" \/>\n<meta property=\"article:published_time\" content=\"2022-05-19T13:39:50+00:00\" \/>\n<meta property=\"og:image\" content=\"https:\/\/latribunedufaso.net\/wp-content\/uploads\/2022\/05\/Femmes-portant-les-recoltes.jpg\" \/>\n\t<meta property=\"og:image:width\" content=\"508\" \/>\n\t<meta property=\"og:image:height\" content=\"390\" \/>\n\t<meta property=\"og:image:type\" content=\"image\/jpeg\" \/>\n<meta name=\"author\" content=\"Administrateur\" \/>\n<meta name=\"twitter:label1\" content=\"\u00c9crit par\" \/>\n\t<meta name=\"twitter:data1\" content=\"Administrateur\" \/>\n\t<meta name=\"twitter:label2\" content=\"Dur\u00e9e de lecture estim\u00e9e\" \/>\n\t<meta name=\"twitter:data2\" content=\"4 minutes\" \/>\n<script type=\"application\/ld+json\" class=\"yoast-schema-graph\">{\"@context\":\"https:\\\/\\\/schema.org\",\"@graph\":[{\"@type\":\"Article\",\"@id\":\"https:\\\/\\\/www.latribunedufaso.net\\\/?p=5518#article\",\"isPartOf\":{\"@id\":\"https:\\\/\\\/www.latribunedufaso.net\\\/?p=5518\"},\"author\":{\"name\":\"Administrateur\",\"@id\":\"https:\\\/\\\/www.latribunedufaso.net\\\/#\\\/schema\\\/person\\\/a380782d0605bb8aae27c40ea93b35b1\"},\"headline\":\"Campagne agricole 2021-2022 : Un d\u00e9ficit brut de 539 364 tonnes de c\u00e9r\u00e9ales\",\"datePublished\":\"2022-05-19T13:39:50+00:00\",\"mainEntityOfPage\":{\"@id\":\"https:\\\/\\\/www.latribunedufaso.net\\\/?p=5518\"},\"wordCount\":687,\"commentCount\":0,\"publisher\":{\"@id\":\"https:\\\/\\\/www.latribunedufaso.net\\\/#organization\"},\"image\":{\"@id\":\"https:\\\/\\\/www.latribunedufaso.net\\\/?p=5518#primaryimage\"},\"thumbnailUrl\":\"https:\\\/\\\/www.latribunedufaso.net\\\/wp-content\\\/uploads\\\/2022\\\/05\\\/Femmes-portant-les-recoltes.jpg\",\"articleSection\":[\"A la une\",\"Actualit\u00e9\",\"Agriculture\"],\"inLanguage\":\"fr-FR\",\"potentialAction\":[{\"@type\":\"CommentAction\",\"name\":\"Comment\",\"target\":[\"https:\\\/\\\/www.latribunedufaso.net\\\/?p=5518#respond\"]}]},{\"@type\":\"WebPage\",\"@id\":\"https:\\\/\\\/www.latribunedufaso.net\\\/?p=5518\",\"url\":\"https:\\\/\\\/www.latribunedufaso.net\\\/?p=5518\",\"name\":\"Campagne agricole 2021-2022 : Un d\u00e9ficit brut de 539 364 tonnes de c\u00e9r\u00e9ales - La Tribune du Faso\",\"isPartOf\":{\"@id\":\"https:\\\/\\\/www.latribunedufaso.net\\\/#website\"},\"primaryImageOfPage\":{\"@id\":\"https:\\\/\\\/www.latribunedufaso.net\\\/?p=5518#primaryimage\"},\"image\":{\"@id\":\"https:\\\/\\\/www.latribunedufaso.net\\\/?p=5518#primaryimage\"},\"thumbnailUrl\":\"https:\\\/\\\/www.latribunedufaso.net\\\/wp-content\\\/uploads\\\/2022\\\/05\\\/Femmes-portant-les-recoltes.jpg\",\"datePublished\":\"2022-05-19T13:39:50+00:00\",\"breadcrumb\":{\"@id\":\"https:\\\/\\\/www.latribunedufaso.net\\\/?p=5518#breadcrumb\"},\"inLanguage\":\"fr-FR\",\"potentialAction\":[{\"@type\":\"ReadAction\",\"target\":[\"https:\\\/\\\/www.latribunedufaso.net\\\/?p=5518\"]}]},{\"@type\":\"ImageObject\",\"inLanguage\":\"fr-FR\",\"@id\":\"https:\\\/\\\/www.latribunedufaso.net\\\/?p=5518#primaryimage\",\"url\":\"https:\\\/\\\/www.latribunedufaso.net\\\/wp-content\\\/uploads\\\/2022\\\/05\\\/Femmes-portant-les-recoltes.jpg\",\"contentUrl\":\"https:\\\/\\\/www.latribunedufaso.net\\\/wp-content\\\/uploads\\\/2022\\\/05\\\/Femmes-portant-les-recoltes.jpg\",\"width\":508,\"height\":390},{\"@type\":\"BreadcrumbList\",\"@id\":\"https:\\\/\\\/www.latribunedufaso.net\\\/?p=5518#breadcrumb\",\"itemListElement\":[{\"@type\":\"ListItem\",\"position\":1,\"name\":\"Accueil\",\"item\":\"https:\\\/\\\/www.latribunedufaso.net\\\/\"},{\"@type\":\"ListItem\",\"position\":2,\"name\":\"Campagne agricole 2021-2022 : Un d\u00e9ficit brut de 539 364 tonnes de c\u00e9r\u00e9ales\"}]},{\"@type\":\"WebSite\",\"@id\":\"https:\\\/\\\/www.latribunedufaso.net\\\/#website\",\"url\":\"https:\\\/\\\/www.latribunedufaso.net\\\/\",\"name\":\"La Tribune du Faso\",\"description\":\"L&#039;information du monde rural en un clic\",\"publisher\":{\"@id\":\"https:\\\/\\\/www.latribunedufaso.net\\\/#organization\"},\"potentialAction\":[{\"@type\":\"SearchAction\",\"target\":{\"@type\":\"EntryPoint\",\"urlTemplate\":\"https:\\\/\\\/www.latribunedufaso.net\\\/?s={search_term_string}\"},\"query-input\":{\"@type\":\"PropertyValueSpecification\",\"valueRequired\":true,\"valueName\":\"search_term_string\"}}],\"inLanguage\":\"fr-FR\"},{\"@type\":\"Organization\",\"@id\":\"https:\\\/\\\/www.latribunedufaso.net\\\/#organization\",\"name\":\"La Tribune du Faso\",\"url\":\"https:\\\/\\\/www.latribunedufaso.net\\\/\",\"logo\":{\"@type\":\"ImageObject\",\"inLanguage\":\"fr-FR\",\"@id\":\"https:\\\/\\\/www.latribunedufaso.net\\\/#\\\/schema\\\/logo\\\/image\\\/\",\"url\":\"https:\\\/\\\/www.latribunedufaso.net\\\/wp-content\\\/uploads\\\/2020\\\/08\\\/Logo-Tribune-du-Faso-final-scaled.jpg\",\"contentUrl\":\"https:\\\/\\\/www.latribunedufaso.net\\\/wp-content\\\/uploads\\\/2020\\\/08\\\/Logo-Tribune-du-Faso-final-scaled.jpg\",\"width\":2560,\"height\":1856,\"caption\":\"La Tribune du Faso\"},\"image\":{\"@id\":\"https:\\\/\\\/www.latribunedufaso.net\\\/#\\\/schema\\\/logo\\\/image\\\/\"},\"sameAs\":[\"https:\\\/\\\/www.facebook.com\\\/LatribuneduFaso\\\/\"]},{\"@type\":\"Person\",\"@id\":\"https:\\\/\\\/www.latribunedufaso.net\\\/#\\\/schema\\\/person\\\/a380782d0605bb8aae27c40ea93b35b1\",\"name\":\"Administrateur\",\"image\":{\"@type\":\"ImageObject\",\"inLanguage\":\"fr-FR\",\"@id\":\"https:\\\/\\\/secure.gravatar.com\\\/avatar\\\/e20266f97d741f0e80ba1f60283074a9b3317fd7bfb727e0d95b51dafbf854a1?s=96&d=mm&r=g\",\"url\":\"https:\\\/\\\/secure.gravatar.com\\\/avatar\\\/e20266f97d741f0e80ba1f60283074a9b3317fd7bfb727e0d95b51dafbf854a1?s=96&d=mm&r=g\",\"contentUrl\":\"https:\\\/\\\/secure.gravatar.com\\\/avatar\\\/e20266f97d741f0e80ba1f60283074a9b3317fd7bfb727e0d95b51dafbf854a1?s=96&d=mm&r=g\",\"caption\":\"Administrateur\"},\"url\":\"https:\\\/\\\/www.latribunedufaso.net\\\/?author=2\"}]}<\/script>\n<!-- \/ Yoast SEO plugin. -->","yoast_head_json":{"title":"Campagne agricole 2021-2022 : Un d\u00e9ficit brut de 539 364 tonnes de c\u00e9r\u00e9ales - La Tribune du Faso","robots":{"index":"index","follow":"follow","max-snippet":"max-snippet:-1","max-image-preview":"max-image-preview:large","max-video-preview":"max-video-preview:-1"},"canonical":"https:\/\/www.latribunedufaso.net\/?p=5518","og_locale":"fr_FR","og_type":"article","og_title":"Campagne agricole 2021-2022 : Un d\u00e9ficit brut de 539 364 tonnes de c\u00e9r\u00e9ales - La Tribune du Faso","og_description":"Ce jeudi 19 mai 2022, s\u2019est tenue \u00e0 Ouagadougou, la 1re session ordinaire de l&rsquo;ann\u00e9e 2022 du Conseil d&rsquo;administration du secteur minist\u00e9riel (CASEM) de l&rsquo;agriculture, des ressources animales et halieutiques sous le th\u00e8me : \u00ab Secteur agropastoral et halieutique face aux d\u00e9fis s\u00e9curitaires, alimentaires et pastoraux dans un contexte d\u2019\u00e9volution institutionnelle : r\u00e9ponses et perspectives de d\u00e9veloppement \u00bb. Une rencontre dont la c\u00e9r\u00e9monie d\u2019ouverture a \u00e9t\u00e9 pr\u00e9sid\u00e9e par le ministre de l&rsquo;Agriculture, des ressources animales et halieutiques, Dr Delwend\u00e9 Innocent Kiba.","og_url":"https:\/\/www.latribunedufaso.net\/?p=5518","og_site_name":"La Tribune du Faso","article_publisher":"https:\/\/www.facebook.com\/LatribuneduFaso\/","article_published_time":"2022-05-19T13:39:50+00:00","og_image":[{"width":508,"height":390,"url":"https:\/\/latribunedufaso.net\/wp-content\/uploads\/2022\/05\/Femmes-portant-les-recoltes.jpg","type":"image\/jpeg"}],"author":"Administrateur","twitter_misc":{"\u00c9crit par":"Administrateur","Dur\u00e9e de lecture estim\u00e9e":"4 minutes"},"schema":{"@context":"https:\/\/schema.org","@graph":[{"@type":"Article","@id":"https:\/\/www.latribunedufaso.net\/?p=5518#article","isPartOf":{"@id":"https:\/\/www.latribunedufaso.net\/?p=5518"},"author":{"name":"Administrateur","@id":"https:\/\/www.latribunedufaso.net\/#\/schema\/person\/a380782d0605bb8aae27c40ea93b35b1"},"headline":"Campagne agricole 2021-2022 : Un d\u00e9ficit brut de 539 364 tonnes de c\u00e9r\u00e9ales","datePublished":"2022-05-19T13:39:50+00:00","mainEntityOfPage":{"@id":"https:\/\/www.latribunedufaso.net\/?p=5518"},"wordCount":687,"commentCount":0,"publisher":{"@id":"https:\/\/www.latribunedufaso.net\/#organization"},"image":{"@id":"https:\/\/www.latribunedufaso.net\/?p=5518#primaryimage"},"thumbnailUrl":"https:\/\/www.latribunedufaso.net\/wp-content\/uploads\/2022\/05\/Femmes-portant-les-recoltes.jpg","articleSection":["A la une","Actualit\u00e9","Agriculture"],"inLanguage":"fr-FR","potentialAction":[{"@type":"CommentAction","name":"Comment","target":["https:\/\/www.latribunedufaso.net\/?p=5518#respond"]}]},{"@type":"WebPage","@id":"https:\/\/www.latribunedufaso.net\/?p=5518","url":"https:\/\/www.latribunedufaso.net\/?p=5518","name":"Campagne agricole 2021-2022 : Un d\u00e9ficit brut de 539 364 tonnes de c\u00e9r\u00e9ales - La Tribune du Faso","isPartOf":{"@id":"https:\/\/www.latribunedufaso.net\/#website"},"primaryImageOfPage":{"@id":"https:\/\/www.latribunedufaso.net\/?p=5518#primaryimage"},"image":{"@id":"https:\/\/www.latribunedufaso.net\/?p=5518#primaryimage"},"thumbnailUrl":"https:\/\/www.latribunedufaso.net\/wp-content\/uploads\/2022\/05\/Femmes-portant-les-recoltes.jpg","datePublished":"2022-05-19T13:39:50+00:00","breadcrumb":{"@id":"https:\/\/www.latribunedufaso.net\/?p=5518#breadcrumb"},"inLanguage":"fr-FR","potentialAction":[{"@type":"ReadAction","target":["https:\/\/www.latribunedufaso.net\/?p=5518"]}]},{"@type":"ImageObject","inLanguage":"fr-FR","@id":"https:\/\/www.latribunedufaso.net\/?p=5518#primaryimage","url":"https:\/\/www.latribunedufaso.net\/wp-content\/uploads\/2022\/05\/Femmes-portant-les-recoltes.jpg","contentUrl":"https:\/\/www.latribunedufaso.net\/wp-content\/uploads\/2022\/05\/Femmes-portant-les-recoltes.jpg","width":508,"height":390},{"@type":"BreadcrumbList","@id":"https:\/\/www.latribunedufaso.net\/?p=5518#breadcrumb","itemListElement":[{"@type":"ListItem","position":1,"name":"Accueil","item":"https:\/\/www.latribunedufaso.net\/"},{"@type":"ListItem","position":2,"name":"Campagne agricole 2021-2022 : Un d\u00e9ficit brut de 539 364 tonnes de c\u00e9r\u00e9ales"}]},{"@type":"WebSite","@id":"https:\/\/www.latribunedufaso.net\/#website","url":"https:\/\/www.latribunedufaso.net\/","name":"La Tribune du Faso","description":"L&#039;information du monde rural en un clic","publisher":{"@id":"https:\/\/www.latribunedufaso.net\/#organization"},"potentialAction":[{"@type":"SearchAction","target":{"@type":"EntryPoint","urlTemplate":"https:\/\/www.latribunedufaso.net\/?s={search_term_string}"},"query-input":{"@type":"PropertyValueSpecification","valueRequired":true,"valueName":"search_term_string"}}],"inLanguage":"fr-FR"},{"@type":"Organization","@id":"https:\/\/www.latribunedufaso.net\/#organization","name":"La Tribune du Faso","url":"https:\/\/www.latribunedufaso.net\/","logo":{"@type":"ImageObject","inLanguage":"fr-FR","@id":"https:\/\/www.latribunedufaso.net\/#\/schema\/logo\/image\/","url":"https:\/\/www.latribunedufaso.net\/wp-content\/uploads\/2020\/08\/Logo-Tribune-du-Faso-final-scaled.jpg","contentUrl":"https:\/\/www.latribunedufaso.net\/wp-content\/uploads\/2020\/08\/Logo-Tribune-du-Faso-final-scaled.jpg","width":2560,"height":1856,"caption":"La Tribune du Faso"},"image":{"@id":"https:\/\/www.latribunedufaso.net\/#\/schema\/logo\/image\/"},"sameAs":["https:\/\/www.facebook.com\/LatribuneduFaso\/"]},{"@type":"Person","@id":"https:\/\/www.latribunedufaso.net\/#\/schema\/person\/a380782d0605bb8aae27c40ea93b35b1","name":"Administrateur","image":{"@type":"ImageObject","inLanguage":"fr-FR","@id":"https:\/\/secure.gravatar.com\/avatar\/e20266f97d741f0e80ba1f60283074a9b3317fd7bfb727e0d95b51dafbf854a1?s=96&d=mm&r=g","url":"https:\/\/secure.gravatar.com\/avatar\/e20266f97d741f0e80ba1f60283074a9b3317fd7bfb727e0d95b51dafbf854a1?s=96&d=mm&r=g","contentUrl":"https:\/\/secure.gravatar.com\/avatar\/e20266f97d741f0e80ba1f60283074a9b3317fd7bfb727e0d95b51dafbf854a1?s=96&d=mm&r=g","caption":"Administrateur"},"url":"https:\/\/www.latribunedufaso.net\/?author=2"}]}},"_links":{"self":[{"href":"https:\/\/www.latribunedufaso.net\/index.php?rest_route=\/wp\/v2\/posts\/5518","targetHints":{"allow":["GET"]}}],"collection":[{"href":"https:\/\/www.latribunedufaso.net\/index.php?rest_route=\/wp\/v2\/posts"}],"about":[{"href":"https:\/\/www.latribunedufaso.net\/index.php?rest_route=\/wp\/v2\/types\/post"}],"author":[{"embeddable":true,"href":"https:\/\/www.latribunedufaso.net\/index.php?rest_route=\/wp\/v2\/users\/2"}],"replies":[{"embeddable":true,"href":"https:\/\/www.latribunedufaso.net\/index.php?rest_route=%2Fwp%2Fv2%2Fcomments&post=5518"}],"version-history":[{"count":1,"href":"https:\/\/www.latribunedufaso.net\/index.php?rest_route=\/wp\/v2\/posts\/5518\/revisions"}],"predecessor-version":[{"id":5527,"href":"https:\/\/www.latribunedufaso.net\/index.php?rest_route=\/wp\/v2\/posts\/5518\/revisions\/5527"}],"wp:featuredmedia":[{"embeddable":true,"href":"https:\/\/www.latribunedufaso.net\/index.php?rest_route=\/wp\/v2\/media\/5519"}],"wp:attachment":[{"href":"https:\/\/www.latribunedufaso.net\/index.php?rest_route=%2Fwp%2Fv2%2Fmedia&parent=5518"}],"wp:term":[{"taxonomy":"category","embeddable":true,"href":"https:\/\/www.latribunedufaso.net\/index.php?rest_route=%2Fwp%2Fv2%2Fcategories&post=5518"},{"taxonomy":"post_tag","embeddable":true,"href":"https:\/\/www.latribunedufaso.net\/index.php?rest_route=%2Fwp%2Fv2%2Ftags&post=5518"}],"curies":[{"name":"wp","href":"https:\/\/api.w.org\/{rel}","templated":true}]}}