{"id":5511,"date":"2022-05-18T12:26:45","date_gmt":"2022-05-18T12:26:45","guid":{"rendered":"https:\/\/www.latribunedufaso.net\/?p=5511"},"modified":"2022-05-18T12:33:03","modified_gmt":"2022-05-18T12:33:03","slug":"festival-international-culture-et-architecture-rendez-vous-a-po-et-tiebele-du-26-au-29-mai-2022","status":"publish","type":"post","link":"https:\/\/www.latribunedufaso.net\/?p=5511","title":{"rendered":"Festival international culture et architecture : Rendez-vous \u00e0 P\u00f4 et Ti\u00e9b\u00e9l\u00e9 du 26 au 29 mai 2022"},"content":{"rendered":"<p style=\"text-align: justify;\"><strong>Du jeudi 26 au dimanche 29 mai 2022 se tient \u00e0 P\u00f4 et Ti\u00e9bel\u00e9, dans le Nahouri, la 2e \u00e9dition du Festival international culture et architecture (FICA) \u2013 ANOU SONO, sous le th\u00e8me : \u00ab Pr\u00e9servation et conservation du patrimoine culturel \u00bb. Pour nous en parler, le promoteur Awetou, la voix du Nahouri \u00e9tait dans nos locaux. Lisez!<\/strong><br \/><!--more--><\/p>\n<p style=\"text-align: justify;\"><em><strong> <a href=\"https:\/\/latribunedufaso.net\/wp-content\/uploads\/2022\/05\/Screenshot_20220517-110635.png\"><img loading=\"lazy\" decoding=\"async\" class=\"size-medium wp-image-5514 aligncenter\" src=\"https:\/\/latribunedufaso.net\/wp-content\/uploads\/2022\/05\/Screenshot_20220517-110635-300x169.png\" alt=\"\" width=\"300\" height=\"169\" srcset=\"https:\/\/www.latribunedufaso.net\/wp-content\/uploads\/2022\/05\/Screenshot_20220517-110635-300x169.png 300w, https:\/\/www.latribunedufaso.net\/wp-content\/uploads\/2022\/05\/Screenshot_20220517-110635.png 660w\" sizes=\"auto, (max-width: 300px) 100vw, 300px\" \/><\/a><\/strong><\/em><\/p>\n<p style=\"text-align: justify;\"><em><strong>Latribunedufaso.net : C&rsquo;est quoi le Festival international culture et architecture (FICA) \u2013 ANOU SONO ?\u00a0<\/strong><\/em><\/p>\n<p style=\"text-align: justify;\"><strong>Awetou:<\/strong> Le Festival international culture et architecture (FICA) \u2013 ANOU SONO est un festival sur la culture et l\u2019architecture. Nous nous sommes inspir\u00e9s de l\u2019architecture kassena pour initier cet \u00e9v\u00e9nement et valoriser notre architecture et la culture africaine en g\u00e9n\u00e9ral. De plus, qui parle du Nahouri voit aussi l\u2019architecture kassena qui y est mise en valeur, surtout dans la ville de Ti\u00e9bel\u00e9 avec la cour royale. La province est riche en culture et il fallait cr\u00e9er un festival autour de cela. Il faut noter aussi que le festival tourne autour de la femme, puisque ce sont les femmes qui valorisent mieux l\u2019architecture kassena ; d\u2019o\u00f9 le nom \u00ab ANOU SONO \u00bb qui veut dire \u00ab l\u2019amour d\u2019une m\u00e8re \u00bb. Donc c\u2019est aller au berceau de l\u2019architecture kassena.<\/p>\n<p style=\"text-align: justify;\"><em><strong>Qu&rsquo;est ce que ce festival apporte concr\u00e8tement \u00e0 la province du Nahouri ?<\/strong><\/em><\/p>\n<p style=\"text-align: justify;\"><span style=\"font-size: 1.0625rem;\">L\u2019objectif de ce festival est de valoriser notre culture et l\u2019architecture kassena. De nos jours, il est rare de voir des jeunes s\u2019int\u00e9resser \u00e0 ce que nos parents ont appris de leurs parents, notamment les dessins murales. Il s\u2019agit donc d\u2019essayer vraiment de remettre ces valeurs en lumi\u00e8re pour que la jeunesse ne soit pas perdue.<\/span><\/p>\n<p style=\"text-align: justify;\">Nous voulons promouvoir la musique burkinab\u00e9, la musique africaine et celle du monde. C&rsquo;est aussi l&rsquo;occasion de cr\u00e9er un cadre de r\u00e9flexions sur la sauvegarde de l\u2019architecture Kassena et africaine, tout en permettant aux festivaliers de vivre des moments de joie et de communion autour d\u2019un int\u00e9r\u00eat commun. Celui de la valorisation de notre patrimoine culturel.<\/p>\n<p style=\"text-align: justify;\"><em><strong>A qui s&rsquo;adresse le FICA ?<\/strong><\/em><\/p>\n<p style=\"text-align: justify;\"><span style=\"font-size: 1.0625rem;\">Ce festival vise tout le monde en g\u00e9n\u00e9ral, les jeunes, les femmes, les hommes. Ce n\u2019est pas seulement le Nahouri, il s\u2019agit de tout le Burkina Faso, l&rsquo;Afrique. Nous avons l\u2019ambition d\u2019exporter ce festival. On vise vraiment un grand public, pour mieux faire parler des bienfaits de nos mamans.<\/span><\/p>\n<p style=\"text-align: justify;\"><em><strong>Vous \u00eates \u00e0 la seconde \u00e9dition. Quel est le bilan de la premi\u00e8re \u00e9dition ?<\/strong><\/em><\/p>\n<p style=\"text-align: justify;\"><span style=\"font-size: 1.0625rem;\">Pour la 1re \u00e9dition qui s\u2019est tenue en 2020, on peut dire que le bilan \u00e9tait positif. En ce moment, nous avons eu \u00e0 faire deux (2) concerts avec les artistes Amity Meria et moi m\u00eame Awetou. Nous avons \u00e9t\u00e9 \u00e0 P\u00f4 et Ti\u00e9bel\u00e9 et \u00e7a s\u2019est bien pass\u00e9. On a senti l\u2019adh\u00e9sion de la population.<\/span><\/p>\n<p style=\"text-align: justify;\"><em><strong>A quoi peut-on nous attendre comme innovations majeures pour cette 2e \u00e9dition ?<\/strong><\/em><\/p>\n<p style=\"text-align: justify;\"><span style=\"font-size: 1.0625rem;\">Pour cette ann\u00e9e, nous pensons innover en mettant l\u2019accent sur des formations sur l&rsquo;architecture kassena, la formation des jeunes artistes en droit d\u2019auteur, une rue marchande, des conf\u00e9rences sur le th\u00e8me de cette \u00e9dition qui est : \u00ab Pr\u00e9servation et conservation du patrimoine culturel \u00bb, sans oublier les concerts durant les soir\u00e9es et la r\u00e9compense des femmes battantes du Nahouri. Aussi, il faut dire que le c\u00f4t\u00e9 social du festival pr\u00e9voit initier des activit\u00e9s de d\u00e9pistage du cancer du col de l\u2019ut\u00e9rus, de don de sang, etc. C\u2019est ce que nous avons en tout cas comme ambition.<\/span><\/p>\n<p style=\"text-align: justify;\"><em><strong>Avez-vous un appel \u00e0 lancer aux potentiels partenaires et \u00e0 la population ?<\/strong><\/em><\/p>\n<p style=\"text-align: justify;\">Pour la population, nous invitons les uns et les autres \u00e0 venir \u00e0 l\u2019\u00e9v\u00e9nement pour se faire plaisir. Nous les invitons \u00e0 venir \u00e0 la Place Nemaro de P\u00f4 pour les concerts, visiter la rue marchande et \u00e0 prendre part aux conf\u00e9rences.<\/p>\n<p style=\"text-align: justify;\">Quant aux partenaires, nous les invitons vraiment \u00e0 nous accompagner. Pour un tel festival, il faut certains moyens et la porte est ouverte \u00e0 ceux qui souhaiteraient nous venir en aide.<\/p>\n<p style=\"text-align: left;\"><strong>Entretien r\u00e9alis\u00e9 par Aliz\u00e8ta Zour\u00e9<\/strong><\/p>\n<p style=\"text-align: left;\"><strong>Latribunedufaso.net<\/strong><\/p>\n","protected":false},"excerpt":{"rendered":"<p>Du jeudi 26 au dimanche 29 mai 2022 se tient \u00e0 P\u00f4 et Ti\u00e9bel\u00e9, dans le Nahouri, la 2e \u00e9dition du Festival international culture et architecture (FICA) \u2013 ANOU SONO, sous le th\u00e8me : \u00ab Pr\u00e9servation et conservation du patrimoine culturel \u00bb. Pour nous en parler, le promoteur Awetou, la voix du Nahouri \u00e9tait dans nos locaux. Lisez!<\/p>\n","protected":false},"author":2,"featured_media":5513,"comment_status":"open","ping_status":"open","sticky":false,"template":"","format":"standard","meta":{"footnotes":""},"categories":[13,1,8],"tags":[],"class_list":["post-5511","post","type-post","status-publish","format-standard","has-post-thumbnail","hentry","category-une","category-actu","category-societe"],"yoast_head":"<!-- This site is optimized with the Yoast SEO plugin v27.4 - https:\/\/yoast.com\/product\/yoast-seo-wordpress\/ -->\n<title>Festival international culture et architecture : Rendez-vous \u00e0 P\u00f4 et Ti\u00e9b\u00e9l\u00e9 du 26 au 29 mai 2022 - La Tribune du Faso<\/title>\n<meta name=\"robots\" content=\"index, follow, max-snippet:-1, max-image-preview:large, max-video-preview:-1\" \/>\n<link rel=\"canonical\" href=\"https:\/\/www.latribunedufaso.net\/?p=5511\" \/>\n<meta property=\"og:locale\" content=\"fr_FR\" \/>\n<meta property=\"og:type\" content=\"article\" \/>\n<meta property=\"og:title\" content=\"Festival international culture et architecture : Rendez-vous \u00e0 P\u00f4 et Ti\u00e9b\u00e9l\u00e9 du 26 au 29 mai 2022 - La Tribune du Faso\" \/>\n<meta property=\"og:description\" content=\"Du jeudi 26 au dimanche 29 mai 2022 se tient \u00e0 P\u00f4 et Ti\u00e9bel\u00e9, dans le Nahouri, la 2e \u00e9dition du Festival international culture et architecture (FICA) \u2013 ANOU SONO, sous le th\u00e8me : \u00ab Pr\u00e9servation et conservation du patrimoine culturel \u00bb. Pour nous en parler, le promoteur Awetou, la voix du Nahouri \u00e9tait dans nos locaux. Lisez!\" \/>\n<meta property=\"og:url\" content=\"https:\/\/www.latribunedufaso.net\/?p=5511\" \/>\n<meta property=\"og:site_name\" content=\"La Tribune du Faso\" \/>\n<meta property=\"article:publisher\" content=\"https:\/\/www.facebook.com\/LatribuneduFaso\/\" \/>\n<meta property=\"article:published_time\" content=\"2022-05-18T12:26:45+00:00\" \/>\n<meta property=\"article:modified_time\" content=\"2022-05-18T12:33:03+00:00\" \/>\n<meta property=\"og:image\" content=\"https:\/\/latribunedufaso.net\/wp-content\/uploads\/2022\/05\/Screenshot_20220518-122248.png\" \/>\n\t<meta property=\"og:image:width\" content=\"677\" \/>\n\t<meta property=\"og:image:height\" content=\"483\" \/>\n\t<meta property=\"og:image:type\" content=\"image\/png\" \/>\n<meta name=\"author\" content=\"Administrateur\" \/>\n<meta name=\"twitter:label1\" content=\"\u00c9crit par\" \/>\n\t<meta name=\"twitter:data1\" content=\"Administrateur\" \/>\n\t<meta name=\"twitter:label2\" content=\"Dur\u00e9e de lecture estim\u00e9e\" \/>\n\t<meta name=\"twitter:data2\" content=\"4 minutes\" \/>\n<script type=\"application\/ld+json\" class=\"yoast-schema-graph\">{\"@context\":\"https:\\\/\\\/schema.org\",\"@graph\":[{\"@type\":\"Article\",\"@id\":\"https:\\\/\\\/www.latribunedufaso.net\\\/?p=5511#article\",\"isPartOf\":{\"@id\":\"https:\\\/\\\/www.latribunedufaso.net\\\/?p=5511\"},\"author\":{\"name\":\"Administrateur\",\"@id\":\"https:\\\/\\\/www.latribunedufaso.net\\\/#\\\/schema\\\/person\\\/a380782d0605bb8aae27c40ea93b35b1\"},\"headline\":\"Festival international culture et architecture : Rendez-vous \u00e0 P\u00f4 et Ti\u00e9b\u00e9l\u00e9 du 26 au 29 mai 2022\",\"datePublished\":\"2022-05-18T12:26:45+00:00\",\"dateModified\":\"2022-05-18T12:33:03+00:00\",\"mainEntityOfPage\":{\"@id\":\"https:\\\/\\\/www.latribunedufaso.net\\\/?p=5511\"},\"wordCount\":701,\"commentCount\":0,\"publisher\":{\"@id\":\"https:\\\/\\\/www.latribunedufaso.net\\\/#organization\"},\"image\":{\"@id\":\"https:\\\/\\\/www.latribunedufaso.net\\\/?p=5511#primaryimage\"},\"thumbnailUrl\":\"https:\\\/\\\/www.latribunedufaso.net\\\/wp-content\\\/uploads\\\/2022\\\/05\\\/Screenshot_20220518-122248.png\",\"articleSection\":[\"A la une\",\"Actualit\u00e9\",\"Soci\u00e9t\u00e9\"],\"inLanguage\":\"fr-FR\",\"potentialAction\":[{\"@type\":\"CommentAction\",\"name\":\"Comment\",\"target\":[\"https:\\\/\\\/www.latribunedufaso.net\\\/?p=5511#respond\"]}]},{\"@type\":\"WebPage\",\"@id\":\"https:\\\/\\\/www.latribunedufaso.net\\\/?p=5511\",\"url\":\"https:\\\/\\\/www.latribunedufaso.net\\\/?p=5511\",\"name\":\"Festival international culture et architecture : Rendez-vous \u00e0 P\u00f4 et Ti\u00e9b\u00e9l\u00e9 du 26 au 29 mai 2022 - La Tribune du Faso\",\"isPartOf\":{\"@id\":\"https:\\\/\\\/www.latribunedufaso.net\\\/#website\"},\"primaryImageOfPage\":{\"@id\":\"https:\\\/\\\/www.latribunedufaso.net\\\/?p=5511#primaryimage\"},\"image\":{\"@id\":\"https:\\\/\\\/www.latribunedufaso.net\\\/?p=5511#primaryimage\"},\"thumbnailUrl\":\"https:\\\/\\\/www.latribunedufaso.net\\\/wp-content\\\/uploads\\\/2022\\\/05\\\/Screenshot_20220518-122248.png\",\"datePublished\":\"2022-05-18T12:26:45+00:00\",\"dateModified\":\"2022-05-18T12:33:03+00:00\",\"breadcrumb\":{\"@id\":\"https:\\\/\\\/www.latribunedufaso.net\\\/?p=5511#breadcrumb\"},\"inLanguage\":\"fr-FR\",\"potentialAction\":[{\"@type\":\"ReadAction\",\"target\":[\"https:\\\/\\\/www.latribunedufaso.net\\\/?p=5511\"]}]},{\"@type\":\"ImageObject\",\"inLanguage\":\"fr-FR\",\"@id\":\"https:\\\/\\\/www.latribunedufaso.net\\\/?p=5511#primaryimage\",\"url\":\"https:\\\/\\\/www.latribunedufaso.net\\\/wp-content\\\/uploads\\\/2022\\\/05\\\/Screenshot_20220518-122248.png\",\"contentUrl\":\"https:\\\/\\\/www.latribunedufaso.net\\\/wp-content\\\/uploads\\\/2022\\\/05\\\/Screenshot_20220518-122248.png\",\"width\":677,\"height\":483},{\"@type\":\"BreadcrumbList\",\"@id\":\"https:\\\/\\\/www.latribunedufaso.net\\\/?p=5511#breadcrumb\",\"itemListElement\":[{\"@type\":\"ListItem\",\"position\":1,\"name\":\"Accueil\",\"item\":\"https:\\\/\\\/www.latribunedufaso.net\\\/\"},{\"@type\":\"ListItem\",\"position\":2,\"name\":\"Festival international culture et architecture : Rendez-vous \u00e0 P\u00f4 et Ti\u00e9b\u00e9l\u00e9 du 26 au 29 mai 2022\"}]},{\"@type\":\"WebSite\",\"@id\":\"https:\\\/\\\/www.latribunedufaso.net\\\/#website\",\"url\":\"https:\\\/\\\/www.latribunedufaso.net\\\/\",\"name\":\"La Tribune du Faso\",\"description\":\"L&#039;information du monde rural en un clic\",\"publisher\":{\"@id\":\"https:\\\/\\\/www.latribunedufaso.net\\\/#organization\"},\"potentialAction\":[{\"@type\":\"SearchAction\",\"target\":{\"@type\":\"EntryPoint\",\"urlTemplate\":\"https:\\\/\\\/www.latribunedufaso.net\\\/?s={search_term_string}\"},\"query-input\":{\"@type\":\"PropertyValueSpecification\",\"valueRequired\":true,\"valueName\":\"search_term_string\"}}],\"inLanguage\":\"fr-FR\"},{\"@type\":\"Organization\",\"@id\":\"https:\\\/\\\/www.latribunedufaso.net\\\/#organization\",\"name\":\"La Tribune du Faso\",\"url\":\"https:\\\/\\\/www.latribunedufaso.net\\\/\",\"logo\":{\"@type\":\"ImageObject\",\"inLanguage\":\"fr-FR\",\"@id\":\"https:\\\/\\\/www.latribunedufaso.net\\\/#\\\/schema\\\/logo\\\/image\\\/\",\"url\":\"https:\\\/\\\/www.latribunedufaso.net\\\/wp-content\\\/uploads\\\/2020\\\/08\\\/Logo-Tribune-du-Faso-final-scaled.jpg\",\"contentUrl\":\"https:\\\/\\\/www.latribunedufaso.net\\\/wp-content\\\/uploads\\\/2020\\\/08\\\/Logo-Tribune-du-Faso-final-scaled.jpg\",\"width\":2560,\"height\":1856,\"caption\":\"La Tribune du Faso\"},\"image\":{\"@id\":\"https:\\\/\\\/www.latribunedufaso.net\\\/#\\\/schema\\\/logo\\\/image\\\/\"},\"sameAs\":[\"https:\\\/\\\/www.facebook.com\\\/LatribuneduFaso\\\/\"]},{\"@type\":\"Person\",\"@id\":\"https:\\\/\\\/www.latribunedufaso.net\\\/#\\\/schema\\\/person\\\/a380782d0605bb8aae27c40ea93b35b1\",\"name\":\"Administrateur\",\"image\":{\"@type\":\"ImageObject\",\"inLanguage\":\"fr-FR\",\"@id\":\"https:\\\/\\\/secure.gravatar.com\\\/avatar\\\/e20266f97d741f0e80ba1f60283074a9b3317fd7bfb727e0d95b51dafbf854a1?s=96&d=mm&r=g\",\"url\":\"https:\\\/\\\/secure.gravatar.com\\\/avatar\\\/e20266f97d741f0e80ba1f60283074a9b3317fd7bfb727e0d95b51dafbf854a1?s=96&d=mm&r=g\",\"contentUrl\":\"https:\\\/\\\/secure.gravatar.com\\\/avatar\\\/e20266f97d741f0e80ba1f60283074a9b3317fd7bfb727e0d95b51dafbf854a1?s=96&d=mm&r=g\",\"caption\":\"Administrateur\"},\"url\":\"https:\\\/\\\/www.latribunedufaso.net\\\/?author=2\"}]}<\/script>\n<!-- \/ Yoast SEO plugin. -->","yoast_head_json":{"title":"Festival international culture et architecture : Rendez-vous \u00e0 P\u00f4 et Ti\u00e9b\u00e9l\u00e9 du 26 au 29 mai 2022 - La Tribune du Faso","robots":{"index":"index","follow":"follow","max-snippet":"max-snippet:-1","max-image-preview":"max-image-preview:large","max-video-preview":"max-video-preview:-1"},"canonical":"https:\/\/www.latribunedufaso.net\/?p=5511","og_locale":"fr_FR","og_type":"article","og_title":"Festival international culture et architecture : Rendez-vous \u00e0 P\u00f4 et Ti\u00e9b\u00e9l\u00e9 du 26 au 29 mai 2022 - La Tribune du Faso","og_description":"Du jeudi 26 au dimanche 29 mai 2022 se tient \u00e0 P\u00f4 et Ti\u00e9bel\u00e9, dans le Nahouri, la 2e \u00e9dition du Festival international culture et architecture (FICA) \u2013 ANOU SONO, sous le th\u00e8me : \u00ab Pr\u00e9servation et conservation du patrimoine culturel \u00bb. Pour nous en parler, le promoteur Awetou, la voix du Nahouri \u00e9tait dans nos locaux. Lisez!","og_url":"https:\/\/www.latribunedufaso.net\/?p=5511","og_site_name":"La Tribune du Faso","article_publisher":"https:\/\/www.facebook.com\/LatribuneduFaso\/","article_published_time":"2022-05-18T12:26:45+00:00","article_modified_time":"2022-05-18T12:33:03+00:00","og_image":[{"width":677,"height":483,"url":"https:\/\/latribunedufaso.net\/wp-content\/uploads\/2022\/05\/Screenshot_20220518-122248.png","type":"image\/png"}],"author":"Administrateur","twitter_misc":{"\u00c9crit par":"Administrateur","Dur\u00e9e de lecture estim\u00e9e":"4 minutes"},"schema":{"@context":"https:\/\/schema.org","@graph":[{"@type":"Article","@id":"https:\/\/www.latribunedufaso.net\/?p=5511#article","isPartOf":{"@id":"https:\/\/www.latribunedufaso.net\/?p=5511"},"author":{"name":"Administrateur","@id":"https:\/\/www.latribunedufaso.net\/#\/schema\/person\/a380782d0605bb8aae27c40ea93b35b1"},"headline":"Festival international culture et architecture : Rendez-vous \u00e0 P\u00f4 et Ti\u00e9b\u00e9l\u00e9 du 26 au 29 mai 2022","datePublished":"2022-05-18T12:26:45+00:00","dateModified":"2022-05-18T12:33:03+00:00","mainEntityOfPage":{"@id":"https:\/\/www.latribunedufaso.net\/?p=5511"},"wordCount":701,"commentCount":0,"publisher":{"@id":"https:\/\/www.latribunedufaso.net\/#organization"},"image":{"@id":"https:\/\/www.latribunedufaso.net\/?p=5511#primaryimage"},"thumbnailUrl":"https:\/\/www.latribunedufaso.net\/wp-content\/uploads\/2022\/05\/Screenshot_20220518-122248.png","articleSection":["A la une","Actualit\u00e9","Soci\u00e9t\u00e9"],"inLanguage":"fr-FR","potentialAction":[{"@type":"CommentAction","name":"Comment","target":["https:\/\/www.latribunedufaso.net\/?p=5511#respond"]}]},{"@type":"WebPage","@id":"https:\/\/www.latribunedufaso.net\/?p=5511","url":"https:\/\/www.latribunedufaso.net\/?p=5511","name":"Festival international culture et architecture : Rendez-vous \u00e0 P\u00f4 et Ti\u00e9b\u00e9l\u00e9 du 26 au 29 mai 2022 - La Tribune du Faso","isPartOf":{"@id":"https:\/\/www.latribunedufaso.net\/#website"},"primaryImageOfPage":{"@id":"https:\/\/www.latribunedufaso.net\/?p=5511#primaryimage"},"image":{"@id":"https:\/\/www.latribunedufaso.net\/?p=5511#primaryimage"},"thumbnailUrl":"https:\/\/www.latribunedufaso.net\/wp-content\/uploads\/2022\/05\/Screenshot_20220518-122248.png","datePublished":"2022-05-18T12:26:45+00:00","dateModified":"2022-05-18T12:33:03+00:00","breadcrumb":{"@id":"https:\/\/www.latribunedufaso.net\/?p=5511#breadcrumb"},"inLanguage":"fr-FR","potentialAction":[{"@type":"ReadAction","target":["https:\/\/www.latribunedufaso.net\/?p=5511"]}]},{"@type":"ImageObject","inLanguage":"fr-FR","@id":"https:\/\/www.latribunedufaso.net\/?p=5511#primaryimage","url":"https:\/\/www.latribunedufaso.net\/wp-content\/uploads\/2022\/05\/Screenshot_20220518-122248.png","contentUrl":"https:\/\/www.latribunedufaso.net\/wp-content\/uploads\/2022\/05\/Screenshot_20220518-122248.png","width":677,"height":483},{"@type":"BreadcrumbList","@id":"https:\/\/www.latribunedufaso.net\/?p=5511#breadcrumb","itemListElement":[{"@type":"ListItem","position":1,"name":"Accueil","item":"https:\/\/www.latribunedufaso.net\/"},{"@type":"ListItem","position":2,"name":"Festival international culture et architecture : Rendez-vous \u00e0 P\u00f4 et Ti\u00e9b\u00e9l\u00e9 du 26 au 29 mai 2022"}]},{"@type":"WebSite","@id":"https:\/\/www.latribunedufaso.net\/#website","url":"https:\/\/www.latribunedufaso.net\/","name":"La Tribune du Faso","description":"L&#039;information du monde rural en un clic","publisher":{"@id":"https:\/\/www.latribunedufaso.net\/#organization"},"potentialAction":[{"@type":"SearchAction","target":{"@type":"EntryPoint","urlTemplate":"https:\/\/www.latribunedufaso.net\/?s={search_term_string}"},"query-input":{"@type":"PropertyValueSpecification","valueRequired":true,"valueName":"search_term_string"}}],"inLanguage":"fr-FR"},{"@type":"Organization","@id":"https:\/\/www.latribunedufaso.net\/#organization","name":"La Tribune du Faso","url":"https:\/\/www.latribunedufaso.net\/","logo":{"@type":"ImageObject","inLanguage":"fr-FR","@id":"https:\/\/www.latribunedufaso.net\/#\/schema\/logo\/image\/","url":"https:\/\/www.latribunedufaso.net\/wp-content\/uploads\/2020\/08\/Logo-Tribune-du-Faso-final-scaled.jpg","contentUrl":"https:\/\/www.latribunedufaso.net\/wp-content\/uploads\/2020\/08\/Logo-Tribune-du-Faso-final-scaled.jpg","width":2560,"height":1856,"caption":"La Tribune du Faso"},"image":{"@id":"https:\/\/www.latribunedufaso.net\/#\/schema\/logo\/image\/"},"sameAs":["https:\/\/www.facebook.com\/LatribuneduFaso\/"]},{"@type":"Person","@id":"https:\/\/www.latribunedufaso.net\/#\/schema\/person\/a380782d0605bb8aae27c40ea93b35b1","name":"Administrateur","image":{"@type":"ImageObject","inLanguage":"fr-FR","@id":"https:\/\/secure.gravatar.com\/avatar\/e20266f97d741f0e80ba1f60283074a9b3317fd7bfb727e0d95b51dafbf854a1?s=96&d=mm&r=g","url":"https:\/\/secure.gravatar.com\/avatar\/e20266f97d741f0e80ba1f60283074a9b3317fd7bfb727e0d95b51dafbf854a1?s=96&d=mm&r=g","contentUrl":"https:\/\/secure.gravatar.com\/avatar\/e20266f97d741f0e80ba1f60283074a9b3317fd7bfb727e0d95b51dafbf854a1?s=96&d=mm&r=g","caption":"Administrateur"},"url":"https:\/\/www.latribunedufaso.net\/?author=2"}]}},"_links":{"self":[{"href":"https:\/\/www.latribunedufaso.net\/index.php?rest_route=\/wp\/v2\/posts\/5511","targetHints":{"allow":["GET"]}}],"collection":[{"href":"https:\/\/www.latribunedufaso.net\/index.php?rest_route=\/wp\/v2\/posts"}],"about":[{"href":"https:\/\/www.latribunedufaso.net\/index.php?rest_route=\/wp\/v2\/types\/post"}],"author":[{"embeddable":true,"href":"https:\/\/www.latribunedufaso.net\/index.php?rest_route=\/wp\/v2\/users\/2"}],"replies":[{"embeddable":true,"href":"https:\/\/www.latribunedufaso.net\/index.php?rest_route=%2Fwp%2Fv2%2Fcomments&post=5511"}],"version-history":[{"count":3,"href":"https:\/\/www.latribunedufaso.net\/index.php?rest_route=\/wp\/v2\/posts\/5511\/revisions"}],"predecessor-version":[{"id":5517,"href":"https:\/\/www.latribunedufaso.net\/index.php?rest_route=\/wp\/v2\/posts\/5511\/revisions\/5517"}],"wp:featuredmedia":[{"embeddable":true,"href":"https:\/\/www.latribunedufaso.net\/index.php?rest_route=\/wp\/v2\/media\/5513"}],"wp:attachment":[{"href":"https:\/\/www.latribunedufaso.net\/index.php?rest_route=%2Fwp%2Fv2%2Fmedia&parent=5511"}],"wp:term":[{"taxonomy":"category","embeddable":true,"href":"https:\/\/www.latribunedufaso.net\/index.php?rest_route=%2Fwp%2Fv2%2Fcategories&post=5511"},{"taxonomy":"post_tag","embeddable":true,"href":"https:\/\/www.latribunedufaso.net\/index.php?rest_route=%2Fwp%2Fv2%2Ftags&post=5511"}],"curies":[{"name":"wp","href":"https:\/\/api.w.org\/{rel}","templated":true}]}}