{"id":549,"date":"2019-11-18T08:21:18","date_gmt":"2019-11-18T08:21:18","guid":{"rendered":"http:\/\/latribunedufaso.net\/?p=549"},"modified":"2019-11-30T21:24:06","modified_gmt":"2019-11-30T21:24:06","slug":"securite-routiere-le-rejser-bf-reconnait-les-merites-de-10-acteurs","status":"publish","type":"post","link":"https:\/\/www.latribunedufaso.net\/?p=549","title":{"rendered":"S\u00e9curit\u00e9 routi\u00e8re\u00a0: Le REJSER-BF reconnait les m\u00e9rites de 10 acteurs"},"content":{"rendered":"<p><strong>Chaque 15 novembre, le pays des Hommes int\u00e8gres comm\u00e9more la Journ\u00e9e nationale de souvenir des victimes d\u2019accidents de la route. Pour marquer d\u2019une pierre blanche ce triste anniversaire, le R\u00e9seau des journalistes et communicateurs pour la promotion de la s\u00e9curit\u00e9 routi\u00e8re au Burkina Faso (REJSER-BF) a organis\u00e9 une c\u00e9r\u00e9monie de reconnaissance et de remise de prix aux acteurs qui \u0153uvrent pour rendre nos routes plus s\u00fbres ce vendredi 15 novembre 2019 \u00e0 Ouagadougou. <\/strong><!--more--><a href=\"http:\/\/latribunedufaso.net\/wp-content\/uploads\/2019\/11\/IMG_20191115_173735.jpg\"><br \/>\n<\/a><a href=\"http:\/\/latribunedufaso.net\/wp-content\/uploads\/2019\/11\/IMG_20191115_173026_2-1.jpg\"><img loading=\"lazy\" decoding=\"async\" class=\"wp-image-558 aligncenter\" src=\"http:\/\/latribunedufaso.net\/wp-content\/uploads\/2019\/11\/IMG_20191115_173026_2-1-300x225.jpg\" alt=\"\" width=\"467\" height=\"350\" srcset=\"https:\/\/www.latribunedufaso.net\/wp-content\/uploads\/2019\/11\/IMG_20191115_173026_2-1-300x225.jpg 300w, https:\/\/www.latribunedufaso.net\/wp-content\/uploads\/2019\/11\/IMG_20191115_173026_2-1-768x576.jpg 768w, https:\/\/www.latribunedufaso.net\/wp-content\/uploads\/2019\/11\/IMG_20191115_173026_2-1-1024x768.jpg 1024w, https:\/\/www.latribunedufaso.net\/wp-content\/uploads\/2019\/11\/IMG_20191115_173026_2-1-600x450.jpg 600w\" sizes=\"auto, (max-width: 467px) 100vw, 467px\" \/><\/a>\u00ab\u00a0Contre l\u2019ins\u00e9curit\u00e9 routi\u00e8re, mobilisons-nous\u00a0\u00bb. C\u2019est sous ce th\u00e8me que le R\u00e9seau des journalistes et communicateurs pour la promotion de la s\u00e9curit\u00e9 routi\u00e8re au Burkina Faso (REJSER-BF) a plac\u00e9 cette ann\u00e9e, la comm\u00e9moration de la Journ\u00e9e nationale de souvenir des victimes d\u2019accident de la route d\u00e9cr\u00e9t\u00e9 par le gouvernement depuis 2009. Cela suite \u00e0 l\u2019accident de Boromo, le 15 novembre 2008, qui avait fait le plus de victimes sur la route. Pour marquer d\u2019une pierre blanche cette journ\u00e9e de souvenir, une c\u00e9r\u00e9monie de reconnaissance et de remise de prix a \u00e9t\u00e9 organis\u00e9e pour les acteurs qui font de la promotion de la s\u00e9curit\u00e9 routi\u00e8re leur combat de tous les jours.<\/p>\n<p>Selon le pr\u00e9sident du R\u00e9seau des journalistes et communicateurs pour la promotion de la s\u00e9curit\u00e9 routi\u00e8re au Burkina Faso (REJSER-BF), L\u00e9opold Kabor\u00e9, c\u2019est une mani\u00e8re pour le r\u00e9seau de dire \u00e0 un certain nombre d\u2019acteurs qui \u0153uvrent dans l\u2019ombre pour la promotion de la s\u00e9curit\u00e9 routi\u00e8re de continuer cette tache exaltante. \u00ab Pour nous en tant que journalistes et communicateurs, nous observons sur le terrain ces acteurs, nous les voyons tous le temps, donc, c\u2019\u00e9tait une occasion pour nous de leur dire f\u00e9licitations. Que ces acteurs sachent que ce qu\u2019ils font, retient vraiment notre attention et cela contribue \u00e0 la promotion de la s\u00e9curit\u00e9 routi\u00e8re \u00bb, a-t-il indiqu\u00e9. Une mani\u00e8re pour le r\u00e9seau d\u2019inviter ces 10 laur\u00e9ats \u00e0 continuer dans ce sens et \u00e0 redoubler d\u2019effort pour que nous ayons des routes plus s\u00fbres au Burkina Faso.<\/p>\n<p><a href=\"http:\/\/latribunedufaso.net\/wp-content\/uploads\/2019\/11\/IMG_20191115_173735.jpg\"><img loading=\"lazy\" decoding=\"async\" class=\"wp-image-552 aligncenter\" src=\"http:\/\/latribunedufaso.net\/wp-content\/uploads\/2019\/11\/IMG_20191115_173735-300x225.jpg\" alt=\"\" width=\"456\" height=\"342\" srcset=\"https:\/\/www.latribunedufaso.net\/wp-content\/uploads\/2019\/11\/IMG_20191115_173735-300x225.jpg 300w, https:\/\/www.latribunedufaso.net\/wp-content\/uploads\/2019\/11\/IMG_20191115_173735-768x576.jpg 768w, https:\/\/www.latribunedufaso.net\/wp-content\/uploads\/2019\/11\/IMG_20191115_173735-1024x768.jpg 1024w, https:\/\/www.latribunedufaso.net\/wp-content\/uploads\/2019\/11\/IMG_20191115_173735-600x450.jpg 600w, https:\/\/www.latribunedufaso.net\/wp-content\/uploads\/2019\/11\/IMG_20191115_173735.jpg 1600w\" sizes=\"auto, (max-width: 456px) 100vw, 456px\" \/><\/a>En plus des 10 laur\u00e9ats de cette soir\u00e9e, deux troph\u00e9es d\u2019honneurs ont \u00e9t\u00e9 remis aux ministres de la Jeunesse et de la promotion de l\u2019entreprenariat, Salifo Tiemtor\u00e9, parrain de cette 1<sup>\u00e8re<\/sup> \u00e9dition et \u00e0 celui du Transport de la mobilit\u00e9 urbaine et de la s\u00e9curit\u00e9 routi\u00e8re, Vincent Dabilgou, patron de la c\u00e9r\u00e9monie. Pour le parrain Salifo Tiemtor\u00e9, promouvoir la s\u00e9curit\u00e9 routi\u00e8re est tr\u00e8s important, surtout que le grand nombre de victimes d\u2019accidents de la route concerne la frange jeune de la population burkinab\u00e8. Il a invit\u00e9 tout un chacun \u00e0 un changement de comportement sur nos routes afin d\u2019arr\u00eater d\u2019endeuiller des familles pour rien.<\/p>\n<p>Le ministre Dabilgou n\u2019a pas manqu\u00e9 de f\u00e9liciter le r\u00e9seau pour cette c\u00e9r\u00e9monie de distinction. \u00ab\u00a0C\u2019est une bonne d\u00e9marche, c\u2019est pourquoi nous sommes venus f\u00e9liciter les r\u00e9cipiendaires et leur dire (au r\u00e9seau) que c\u2019est une bonne id\u00e9e qu\u2019ils ont essay\u00e9 de d\u00e9velopper. Et au niveau du gouvernement nous sommes fi\u00e8res parce que nous devons reconnaitre que chaque burkinab\u00e8 doit donner sa pierre pour que nous puissions arriver \u00e0 att\u00e9nuer les effets n\u00e9gatifs de la s\u00e9curit\u00e9 routi\u00e8re\u00a0\u00bb, a-t-il soulign\u00e9. Surtout que le coup humain est tr\u00e8s lourd pour la jeunesse et l\u2019ensemble des citoyens.<\/p>\n<p><a href=\"http:\/\/latribunedufaso.net\/wp-content\/uploads\/2019\/11\/IMG_20191115_174556.jpg\"><img loading=\"lazy\" decoding=\"async\" class=\"wp-image-553 aligncenter\" src=\"http:\/\/latribunedufaso.net\/wp-content\/uploads\/2019\/11\/IMG_20191115_174556-300x225.jpg\" alt=\"\" width=\"430\" height=\"322\" srcset=\"https:\/\/www.latribunedufaso.net\/wp-content\/uploads\/2019\/11\/IMG_20191115_174556-300x225.jpg 300w, https:\/\/www.latribunedufaso.net\/wp-content\/uploads\/2019\/11\/IMG_20191115_174556-768x576.jpg 768w, https:\/\/www.latribunedufaso.net\/wp-content\/uploads\/2019\/11\/IMG_20191115_174556-1024x768.jpg 1024w, https:\/\/www.latribunedufaso.net\/wp-content\/uploads\/2019\/11\/IMG_20191115_174556-600x450.jpg 600w, https:\/\/www.latribunedufaso.net\/wp-content\/uploads\/2019\/11\/IMG_20191115_174556.jpg 1600w\" sizes=\"auto, (max-width: 430px) 100vw, 430px\" \/><\/a><\/p>\n<p>Du cot\u00e9 des laur\u00e9ats, cette distinction est \u00e0 la fois la reconnaissance d\u2019un m\u00e9rite et une interpellation \u00e0 continuer \u00e0 \u0153uvrer dans le bon sens. Pour le Directeur g\u00e9n\u00e9ral de la Soci\u00e9t\u00e9 de transport en commun (SOTRACO), Pascal Tenkodogo, c\u2019est un sentiment de joie de recevoir ce prix et de savoir que les actions au quotidien men\u00e9es sont suivies par d\u2019autres personnes. \u00ab\u00a0C\u2019est l\u2019occasion pour nous d\u2019interpeller tout le monde, afin que l\u2019on sache que la s\u00e9curit\u00e9 routi\u00e8re n\u2019est pas l\u2019action d\u2019une personne morale ou de quelques individus, mais celui de tout le monde\u00a0\u00bb, a-t-il laiss\u00e9 entendre. D\u00e9j\u00e0 pr\u00e9sente dans les communes environnantes de Ouagadougou, ainsi qu\u2019\u00e0 Koudougou et Bobo-Dioulasso, la SOTRACO, dans le sens de sa mission, compte continuer l\u2019extension de son r\u00e9seau dans les autres communes du pays des Hommes int\u00e8gres.<\/p>\n<p>Pour le laur\u00e9at Yiy\u00e9 Constant Bazi\u00e9, sa lutte pour que les gros porteurs arr\u00eatent d\u2019\u00e9craser les usagers de la route, ne doit pas \u00eatre interpr\u00e9t\u00e9 comme une haine contre les chauffeurs ou qui que ce soit. \u00ab\u00a0Nous vivons en communaut\u00e9, nous sommes tous des burkinab\u00e8 et quand quelqu\u2019un ne respecte pas la r\u00e8gle commune il faudra \u00e9ventuellement qu\u2019il y ait une personne pour dire non. Et nous sommes dans cette ligne\u00a0\u00bb. Il a profit\u00e9 de l\u2019occasion pour saluer la mobilisation des usagers sur les r\u00e9seaux sociaux et salu\u00e9 la m\u00e9moire de ceux qui sont morts suites aux accidents caus\u00e9s par les gros porteurs car la lutte n\u2019a pas abouti assez vite pour pr\u00e9server ces vies.<\/p>\n<p><strong>Marcus Kouaman<\/strong><\/p>\n<p><a href=\"http:\/\/latribunedufaso.net\/wp-content\/uploads\/2019\/11\/100_0722.jpg\"><img loading=\"lazy\" decoding=\"async\" class=\"wp-image-550 aligncenter\" src=\"http:\/\/latribunedufaso.net\/wp-content\/uploads\/2019\/11\/100_0722-300x225.jpg\" alt=\"\" width=\"227\" height=\"170\" srcset=\"https:\/\/www.latribunedufaso.net\/wp-content\/uploads\/2019\/11\/100_0722-300x225.jpg 300w, https:\/\/www.latribunedufaso.net\/wp-content\/uploads\/2019\/11\/100_0722-768x576.jpg 768w, https:\/\/www.latribunedufaso.net\/wp-content\/uploads\/2019\/11\/100_0722-1024x768.jpg 1024w, https:\/\/www.latribunedufaso.net\/wp-content\/uploads\/2019\/11\/100_0722-600x450.jpg 600w\" sizes=\"auto, (max-width: 227px) 100vw, 227px\" \/><\/a><\/p>\n<p><strong>Liste des laur\u00e9ats\u00a0:<\/strong><\/p>\n<ul>\n<li><strong>BRIGADE NATIONALE DES SAPEURS-POMPIERS <\/strong><\/li>\n<li><strong>ONASER<\/strong><\/li>\n<li><strong>SOTRACO<\/strong><\/li>\n<li><strong>SOGEA-SATOM<\/strong><\/li>\n<li><strong>ELITIS EXPRESS (SISSIMAN TOURS)<\/strong><\/li>\n<li><strong>SODI-SA<\/strong><\/li>\n<li><strong>SQUALL GROUPE SARL<\/strong><\/li>\n<li><strong>COLLEGE PRIVE SAINT JEAN BAPTISTE DE LA SALLE<\/strong><\/li>\n<li><strong>Yiy\u00e9 Constant Bazi\u00e9<\/strong><\/li>\n<li><strong>Ivo Zama<\/strong><\/li>\n<\/ul>\n","protected":false},"excerpt":{"rendered":"<p>Chaque 15 novembre, le pays des Hommes int\u00e8gres comm\u00e9more la Journ\u00e9e nationale de souvenir des victimes d\u2019accidents de la route. Pour marquer d\u2019une pierre blanche ce triste anniversaire, le R\u00e9seau des journalistes et communicateurs pour la promotion de la s\u00e9curit\u00e9 routi\u00e8re au Burkina Faso (REJSER-BF) a organis\u00e9 une c\u00e9r\u00e9monie de reconnaissance et de remise de prix aux acteurs qui \u0153uvrent pour rendre nos routes plus s\u00fbres ce vendredi 15 novembre 2019 \u00e0 Ouagadougou.<\/p>\n","protected":false},"author":2,"featured_media":556,"comment_status":"open","ping_status":"open","sticky":false,"template":"","format":"standard","meta":{"footnotes":""},"categories":[1,22],"tags":[],"class_list":["post-549","post","type-post","status-publish","format-standard","has-post-thumbnail","hentry","category-actu","category-securite-routiere"],"yoast_head":"<!-- This site is optimized with the Yoast SEO plugin v27.4 - https:\/\/yoast.com\/product\/yoast-seo-wordpress\/ -->\n<title>S\u00e9curit\u00e9 routi\u00e8re\u00a0: Le REJSER-BF reconnait les m\u00e9rites de 10 acteurs - La Tribune du Faso<\/title>\n<meta name=\"robots\" content=\"index, follow, max-snippet:-1, max-image-preview:large, max-video-preview:-1\" \/>\n<link rel=\"canonical\" href=\"https:\/\/www.latribunedufaso.net\/?p=549\" \/>\n<meta property=\"og:locale\" content=\"fr_FR\" \/>\n<meta property=\"og:type\" content=\"article\" \/>\n<meta property=\"og:title\" content=\"S\u00e9curit\u00e9 routi\u00e8re\u00a0: Le REJSER-BF reconnait les m\u00e9rites de 10 acteurs - La Tribune du Faso\" \/>\n<meta property=\"og:description\" content=\"Chaque 15 novembre, le pays des Hommes int\u00e8gres comm\u00e9more la Journ\u00e9e nationale de souvenir des victimes d\u2019accidents de la route. Pour marquer d\u2019une pierre blanche ce triste anniversaire, le R\u00e9seau des journalistes et communicateurs pour la promotion de la s\u00e9curit\u00e9 routi\u00e8re au Burkina Faso (REJSER-BF) a organis\u00e9 une c\u00e9r\u00e9monie de reconnaissance et de remise de prix aux acteurs qui \u0153uvrent pour rendre nos routes plus s\u00fbres ce vendredi 15 novembre 2019 \u00e0 Ouagadougou.\" \/>\n<meta property=\"og:url\" content=\"https:\/\/www.latribunedufaso.net\/?p=549\" \/>\n<meta property=\"og:site_name\" content=\"La Tribune du Faso\" \/>\n<meta property=\"article:publisher\" content=\"https:\/\/www.facebook.com\/LatribuneduFaso\/\" \/>\n<meta property=\"article:published_time\" content=\"2019-11-18T08:21:18+00:00\" \/>\n<meta property=\"article:modified_time\" content=\"2019-11-30T21:24:06+00:00\" \/>\n<meta property=\"og:image\" content=\"https:\/\/latribunedufaso.net\/wp-content\/uploads\/2019\/11\/FB_IMG_15740095623571808-e1574065934496.jpg\" \/>\n\t<meta property=\"og:image:width\" content=\"711\" \/>\n\t<meta property=\"og:image:height\" content=\"593\" \/>\n\t<meta property=\"og:image:type\" content=\"image\/jpeg\" \/>\n<meta name=\"author\" content=\"Administrateur\" \/>\n<meta name=\"twitter:label1\" content=\"\u00c9crit par\" \/>\n\t<meta name=\"twitter:data1\" content=\"Administrateur\" \/>\n\t<meta name=\"twitter:label2\" content=\"Dur\u00e9e de lecture estim\u00e9e\" \/>\n\t<meta name=\"twitter:data2\" content=\"5 minutes\" \/>\n<script type=\"application\/ld+json\" class=\"yoast-schema-graph\">{\"@context\":\"https:\\\/\\\/schema.org\",\"@graph\":[{\"@type\":\"Article\",\"@id\":\"https:\\\/\\\/www.latribunedufaso.net\\\/?p=549#article\",\"isPartOf\":{\"@id\":\"https:\\\/\\\/www.latribunedufaso.net\\\/?p=549\"},\"author\":{\"name\":\"Administrateur\",\"@id\":\"https:\\\/\\\/www.latribunedufaso.net\\\/#\\\/schema\\\/person\\\/a380782d0605bb8aae27c40ea93b35b1\"},\"headline\":\"S\u00e9curit\u00e9 routi\u00e8re\u00a0: Le REJSER-BF reconnait les m\u00e9rites de 10 acteurs\",\"datePublished\":\"2019-11-18T08:21:18+00:00\",\"dateModified\":\"2019-11-30T21:24:06+00:00\",\"mainEntityOfPage\":{\"@id\":\"https:\\\/\\\/www.latribunedufaso.net\\\/?p=549\"},\"wordCount\":918,\"commentCount\":0,\"publisher\":{\"@id\":\"https:\\\/\\\/www.latribunedufaso.net\\\/#organization\"},\"image\":{\"@id\":\"https:\\\/\\\/www.latribunedufaso.net\\\/?p=549#primaryimage\"},\"thumbnailUrl\":\"https:\\\/\\\/www.latribunedufaso.net\\\/wp-content\\\/uploads\\\/2019\\\/11\\\/FB_IMG_15740095623571808-e1574065934496.jpg\",\"articleSection\":[\"Actualit\u00e9\",\"S\u00e9curit\u00e9 routi\u00e8re\"],\"inLanguage\":\"fr-FR\",\"potentialAction\":[{\"@type\":\"CommentAction\",\"name\":\"Comment\",\"target\":[\"https:\\\/\\\/www.latribunedufaso.net\\\/?p=549#respond\"]}]},{\"@type\":\"WebPage\",\"@id\":\"https:\\\/\\\/www.latribunedufaso.net\\\/?p=549\",\"url\":\"https:\\\/\\\/www.latribunedufaso.net\\\/?p=549\",\"name\":\"S\u00e9curit\u00e9 routi\u00e8re\u00a0: Le REJSER-BF reconnait les m\u00e9rites de 10 acteurs - La Tribune du Faso\",\"isPartOf\":{\"@id\":\"https:\\\/\\\/www.latribunedufaso.net\\\/#website\"},\"primaryImageOfPage\":{\"@id\":\"https:\\\/\\\/www.latribunedufaso.net\\\/?p=549#primaryimage\"},\"image\":{\"@id\":\"https:\\\/\\\/www.latribunedufaso.net\\\/?p=549#primaryimage\"},\"thumbnailUrl\":\"https:\\\/\\\/www.latribunedufaso.net\\\/wp-content\\\/uploads\\\/2019\\\/11\\\/FB_IMG_15740095623571808-e1574065934496.jpg\",\"datePublished\":\"2019-11-18T08:21:18+00:00\",\"dateModified\":\"2019-11-30T21:24:06+00:00\",\"breadcrumb\":{\"@id\":\"https:\\\/\\\/www.latribunedufaso.net\\\/?p=549#breadcrumb\"},\"inLanguage\":\"fr-FR\",\"potentialAction\":[{\"@type\":\"ReadAction\",\"target\":[\"https:\\\/\\\/www.latribunedufaso.net\\\/?p=549\"]}]},{\"@type\":\"ImageObject\",\"inLanguage\":\"fr-FR\",\"@id\":\"https:\\\/\\\/www.latribunedufaso.net\\\/?p=549#primaryimage\",\"url\":\"https:\\\/\\\/www.latribunedufaso.net\\\/wp-content\\\/uploads\\\/2019\\\/11\\\/FB_IMG_15740095623571808-e1574065934496.jpg\",\"contentUrl\":\"https:\\\/\\\/www.latribunedufaso.net\\\/wp-content\\\/uploads\\\/2019\\\/11\\\/FB_IMG_15740095623571808-e1574065934496.jpg\",\"width\":711,\"height\":593},{\"@type\":\"BreadcrumbList\",\"@id\":\"https:\\\/\\\/www.latribunedufaso.net\\\/?p=549#breadcrumb\",\"itemListElement\":[{\"@type\":\"ListItem\",\"position\":1,\"name\":\"Accueil\",\"item\":\"https:\\\/\\\/www.latribunedufaso.net\\\/\"},{\"@type\":\"ListItem\",\"position\":2,\"name\":\"S\u00e9curit\u00e9 routi\u00e8re\u00a0: Le REJSER-BF reconnait les m\u00e9rites de 10 acteurs\"}]},{\"@type\":\"WebSite\",\"@id\":\"https:\\\/\\\/www.latribunedufaso.net\\\/#website\",\"url\":\"https:\\\/\\\/www.latribunedufaso.net\\\/\",\"name\":\"La Tribune du Faso\",\"description\":\"L&#039;information du monde rural en un clic\",\"publisher\":{\"@id\":\"https:\\\/\\\/www.latribunedufaso.net\\\/#organization\"},\"potentialAction\":[{\"@type\":\"SearchAction\",\"target\":{\"@type\":\"EntryPoint\",\"urlTemplate\":\"https:\\\/\\\/www.latribunedufaso.net\\\/?s={search_term_string}\"},\"query-input\":{\"@type\":\"PropertyValueSpecification\",\"valueRequired\":true,\"valueName\":\"search_term_string\"}}],\"inLanguage\":\"fr-FR\"},{\"@type\":\"Organization\",\"@id\":\"https:\\\/\\\/www.latribunedufaso.net\\\/#organization\",\"name\":\"La Tribune du Faso\",\"url\":\"https:\\\/\\\/www.latribunedufaso.net\\\/\",\"logo\":{\"@type\":\"ImageObject\",\"inLanguage\":\"fr-FR\",\"@id\":\"https:\\\/\\\/www.latribunedufaso.net\\\/#\\\/schema\\\/logo\\\/image\\\/\",\"url\":\"https:\\\/\\\/www.latribunedufaso.net\\\/wp-content\\\/uploads\\\/2020\\\/08\\\/Logo-Tribune-du-Faso-final-scaled.jpg\",\"contentUrl\":\"https:\\\/\\\/www.latribunedufaso.net\\\/wp-content\\\/uploads\\\/2020\\\/08\\\/Logo-Tribune-du-Faso-final-scaled.jpg\",\"width\":2560,\"height\":1856,\"caption\":\"La Tribune du Faso\"},\"image\":{\"@id\":\"https:\\\/\\\/www.latribunedufaso.net\\\/#\\\/schema\\\/logo\\\/image\\\/\"},\"sameAs\":[\"https:\\\/\\\/www.facebook.com\\\/LatribuneduFaso\\\/\"]},{\"@type\":\"Person\",\"@id\":\"https:\\\/\\\/www.latribunedufaso.net\\\/#\\\/schema\\\/person\\\/a380782d0605bb8aae27c40ea93b35b1\",\"name\":\"Administrateur\",\"image\":{\"@type\":\"ImageObject\",\"inLanguage\":\"fr-FR\",\"@id\":\"https:\\\/\\\/secure.gravatar.com\\\/avatar\\\/e20266f97d741f0e80ba1f60283074a9b3317fd7bfb727e0d95b51dafbf854a1?s=96&d=mm&r=g\",\"url\":\"https:\\\/\\\/secure.gravatar.com\\\/avatar\\\/e20266f97d741f0e80ba1f60283074a9b3317fd7bfb727e0d95b51dafbf854a1?s=96&d=mm&r=g\",\"contentUrl\":\"https:\\\/\\\/secure.gravatar.com\\\/avatar\\\/e20266f97d741f0e80ba1f60283074a9b3317fd7bfb727e0d95b51dafbf854a1?s=96&d=mm&r=g\",\"caption\":\"Administrateur\"},\"url\":\"https:\\\/\\\/www.latribunedufaso.net\\\/?author=2\"}]}<\/script>\n<!-- \/ Yoast SEO plugin. -->","yoast_head_json":{"title":"S\u00e9curit\u00e9 routi\u00e8re\u00a0: Le REJSER-BF reconnait les m\u00e9rites de 10 acteurs - La Tribune du Faso","robots":{"index":"index","follow":"follow","max-snippet":"max-snippet:-1","max-image-preview":"max-image-preview:large","max-video-preview":"max-video-preview:-1"},"canonical":"https:\/\/www.latribunedufaso.net\/?p=549","og_locale":"fr_FR","og_type":"article","og_title":"S\u00e9curit\u00e9 routi\u00e8re\u00a0: Le REJSER-BF reconnait les m\u00e9rites de 10 acteurs - La Tribune du Faso","og_description":"Chaque 15 novembre, le pays des Hommes int\u00e8gres comm\u00e9more la Journ\u00e9e nationale de souvenir des victimes d\u2019accidents de la route. Pour marquer d\u2019une pierre blanche ce triste anniversaire, le R\u00e9seau des journalistes et communicateurs pour la promotion de la s\u00e9curit\u00e9 routi\u00e8re au Burkina Faso (REJSER-BF) a organis\u00e9 une c\u00e9r\u00e9monie de reconnaissance et de remise de prix aux acteurs qui \u0153uvrent pour rendre nos routes plus s\u00fbres ce vendredi 15 novembre 2019 \u00e0 Ouagadougou.","og_url":"https:\/\/www.latribunedufaso.net\/?p=549","og_site_name":"La Tribune du Faso","article_publisher":"https:\/\/www.facebook.com\/LatribuneduFaso\/","article_published_time":"2019-11-18T08:21:18+00:00","article_modified_time":"2019-11-30T21:24:06+00:00","og_image":[{"width":711,"height":593,"url":"https:\/\/latribunedufaso.net\/wp-content\/uploads\/2019\/11\/FB_IMG_15740095623571808-e1574065934496.jpg","type":"image\/jpeg"}],"author":"Administrateur","twitter_misc":{"\u00c9crit par":"Administrateur","Dur\u00e9e de lecture estim\u00e9e":"5 minutes"},"schema":{"@context":"https:\/\/schema.org","@graph":[{"@type":"Article","@id":"https:\/\/www.latribunedufaso.net\/?p=549#article","isPartOf":{"@id":"https:\/\/www.latribunedufaso.net\/?p=549"},"author":{"name":"Administrateur","@id":"https:\/\/www.latribunedufaso.net\/#\/schema\/person\/a380782d0605bb8aae27c40ea93b35b1"},"headline":"S\u00e9curit\u00e9 routi\u00e8re\u00a0: Le REJSER-BF reconnait les m\u00e9rites de 10 acteurs","datePublished":"2019-11-18T08:21:18+00:00","dateModified":"2019-11-30T21:24:06+00:00","mainEntityOfPage":{"@id":"https:\/\/www.latribunedufaso.net\/?p=549"},"wordCount":918,"commentCount":0,"publisher":{"@id":"https:\/\/www.latribunedufaso.net\/#organization"},"image":{"@id":"https:\/\/www.latribunedufaso.net\/?p=549#primaryimage"},"thumbnailUrl":"https:\/\/www.latribunedufaso.net\/wp-content\/uploads\/2019\/11\/FB_IMG_15740095623571808-e1574065934496.jpg","articleSection":["Actualit\u00e9","S\u00e9curit\u00e9 routi\u00e8re"],"inLanguage":"fr-FR","potentialAction":[{"@type":"CommentAction","name":"Comment","target":["https:\/\/www.latribunedufaso.net\/?p=549#respond"]}]},{"@type":"WebPage","@id":"https:\/\/www.latribunedufaso.net\/?p=549","url":"https:\/\/www.latribunedufaso.net\/?p=549","name":"S\u00e9curit\u00e9 routi\u00e8re\u00a0: Le REJSER-BF reconnait les m\u00e9rites de 10 acteurs - La Tribune du Faso","isPartOf":{"@id":"https:\/\/www.latribunedufaso.net\/#website"},"primaryImageOfPage":{"@id":"https:\/\/www.latribunedufaso.net\/?p=549#primaryimage"},"image":{"@id":"https:\/\/www.latribunedufaso.net\/?p=549#primaryimage"},"thumbnailUrl":"https:\/\/www.latribunedufaso.net\/wp-content\/uploads\/2019\/11\/FB_IMG_15740095623571808-e1574065934496.jpg","datePublished":"2019-11-18T08:21:18+00:00","dateModified":"2019-11-30T21:24:06+00:00","breadcrumb":{"@id":"https:\/\/www.latribunedufaso.net\/?p=549#breadcrumb"},"inLanguage":"fr-FR","potentialAction":[{"@type":"ReadAction","target":["https:\/\/www.latribunedufaso.net\/?p=549"]}]},{"@type":"ImageObject","inLanguage":"fr-FR","@id":"https:\/\/www.latribunedufaso.net\/?p=549#primaryimage","url":"https:\/\/www.latribunedufaso.net\/wp-content\/uploads\/2019\/11\/FB_IMG_15740095623571808-e1574065934496.jpg","contentUrl":"https:\/\/www.latribunedufaso.net\/wp-content\/uploads\/2019\/11\/FB_IMG_15740095623571808-e1574065934496.jpg","width":711,"height":593},{"@type":"BreadcrumbList","@id":"https:\/\/www.latribunedufaso.net\/?p=549#breadcrumb","itemListElement":[{"@type":"ListItem","position":1,"name":"Accueil","item":"https:\/\/www.latribunedufaso.net\/"},{"@type":"ListItem","position":2,"name":"S\u00e9curit\u00e9 routi\u00e8re\u00a0: Le REJSER-BF reconnait les m\u00e9rites de 10 acteurs"}]},{"@type":"WebSite","@id":"https:\/\/www.latribunedufaso.net\/#website","url":"https:\/\/www.latribunedufaso.net\/","name":"La Tribune du Faso","description":"L&#039;information du monde rural en un clic","publisher":{"@id":"https:\/\/www.latribunedufaso.net\/#organization"},"potentialAction":[{"@type":"SearchAction","target":{"@type":"EntryPoint","urlTemplate":"https:\/\/www.latribunedufaso.net\/?s={search_term_string}"},"query-input":{"@type":"PropertyValueSpecification","valueRequired":true,"valueName":"search_term_string"}}],"inLanguage":"fr-FR"},{"@type":"Organization","@id":"https:\/\/www.latribunedufaso.net\/#organization","name":"La Tribune du Faso","url":"https:\/\/www.latribunedufaso.net\/","logo":{"@type":"ImageObject","inLanguage":"fr-FR","@id":"https:\/\/www.latribunedufaso.net\/#\/schema\/logo\/image\/","url":"https:\/\/www.latribunedufaso.net\/wp-content\/uploads\/2020\/08\/Logo-Tribune-du-Faso-final-scaled.jpg","contentUrl":"https:\/\/www.latribunedufaso.net\/wp-content\/uploads\/2020\/08\/Logo-Tribune-du-Faso-final-scaled.jpg","width":2560,"height":1856,"caption":"La Tribune du Faso"},"image":{"@id":"https:\/\/www.latribunedufaso.net\/#\/schema\/logo\/image\/"},"sameAs":["https:\/\/www.facebook.com\/LatribuneduFaso\/"]},{"@type":"Person","@id":"https:\/\/www.latribunedufaso.net\/#\/schema\/person\/a380782d0605bb8aae27c40ea93b35b1","name":"Administrateur","image":{"@type":"ImageObject","inLanguage":"fr-FR","@id":"https:\/\/secure.gravatar.com\/avatar\/e20266f97d741f0e80ba1f60283074a9b3317fd7bfb727e0d95b51dafbf854a1?s=96&d=mm&r=g","url":"https:\/\/secure.gravatar.com\/avatar\/e20266f97d741f0e80ba1f60283074a9b3317fd7bfb727e0d95b51dafbf854a1?s=96&d=mm&r=g","contentUrl":"https:\/\/secure.gravatar.com\/avatar\/e20266f97d741f0e80ba1f60283074a9b3317fd7bfb727e0d95b51dafbf854a1?s=96&d=mm&r=g","caption":"Administrateur"},"url":"https:\/\/www.latribunedufaso.net\/?author=2"}]}},"_links":{"self":[{"href":"https:\/\/www.latribunedufaso.net\/index.php?rest_route=\/wp\/v2\/posts\/549","targetHints":{"allow":["GET"]}}],"collection":[{"href":"https:\/\/www.latribunedufaso.net\/index.php?rest_route=\/wp\/v2\/posts"}],"about":[{"href":"https:\/\/www.latribunedufaso.net\/index.php?rest_route=\/wp\/v2\/types\/post"}],"author":[{"embeddable":true,"href":"https:\/\/www.latribunedufaso.net\/index.php?rest_route=\/wp\/v2\/users\/2"}],"replies":[{"embeddable":true,"href":"https:\/\/www.latribunedufaso.net\/index.php?rest_route=%2Fwp%2Fv2%2Fcomments&post=549"}],"version-history":[{"count":4,"href":"https:\/\/www.latribunedufaso.net\/index.php?rest_route=\/wp\/v2\/posts\/549\/revisions"}],"predecessor-version":[{"id":559,"href":"https:\/\/www.latribunedufaso.net\/index.php?rest_route=\/wp\/v2\/posts\/549\/revisions\/559"}],"wp:featuredmedia":[{"embeddable":true,"href":"https:\/\/www.latribunedufaso.net\/index.php?rest_route=\/wp\/v2\/media\/556"}],"wp:attachment":[{"href":"https:\/\/www.latribunedufaso.net\/index.php?rest_route=%2Fwp%2Fv2%2Fmedia&parent=549"}],"wp:term":[{"taxonomy":"category","embeddable":true,"href":"https:\/\/www.latribunedufaso.net\/index.php?rest_route=%2Fwp%2Fv2%2Fcategories&post=549"},{"taxonomy":"post_tag","embeddable":true,"href":"https:\/\/www.latribunedufaso.net\/index.php?rest_route=%2Fwp%2Fv2%2Ftags&post=549"}],"curies":[{"name":"wp","href":"https:\/\/api.w.org\/{rel}","templated":true}]}}