{"id":5323,"date":"2022-04-13T15:22:42","date_gmt":"2022-04-13T15:22:42","guid":{"rendered":"https:\/\/www.latribunedufaso.net\/?p=5323"},"modified":"2022-04-15T12:32:38","modified_gmt":"2022-04-15T12:32:38","slug":"contenu-local-iamgold-essakane-sa-renforce-les-capacites-de-ses-fournisseurs","status":"publish","type":"post","link":"https:\/\/www.latribunedufaso.net\/?p=5323","title":{"rendered":"Contenu local : IAMGOLD Essakane SA renforce les capacit\u00e9s de ses fournisseurs"},"content":{"rendered":"<p style=\"text-align: justify;\"><strong><span style=\"font-size: 1.0625rem;\">En vue de contribuer \u00e0 l\u2019am\u00e9lioration de la professionnalisation des fournisseurs nationaux de biens et services miniers, IAMGOLD Essakane SA en collaboration avec l\u2019Alliance des fournisseurs burkinab\u00e8 de biens et services miniers (ABSM), a organis\u00e9 ce mercredi 13 avril 2022 \u00e0 Ouagadougou, un s\u00e9minaire d\u2019information et de renforcement des capacit\u00e9s, au profit des membres de l&rsquo;ABSM.<\/span><\/strong><br \/><!--more--><\/p>\n<p style=\"text-align: justify;\"><a href=\"https:\/\/latribunedufaso.net\/wp-content\/uploads\/2022\/04\/IMG-20220413-WA0081.jpg\"><img loading=\"lazy\" decoding=\"async\" class=\"size-medium wp-image-5328 alignleft\" src=\"https:\/\/latribunedufaso.net\/wp-content\/uploads\/2022\/04\/IMG-20220413-WA0081-300x225.jpg\" alt=\"\" width=\"300\" height=\"225\" srcset=\"https:\/\/www.latribunedufaso.net\/wp-content\/uploads\/2022\/04\/IMG-20220413-WA0081-300x225.jpg 300w, https:\/\/www.latribunedufaso.net\/wp-content\/uploads\/2022\/04\/IMG-20220413-WA0081-1024x767.jpg 1024w, https:\/\/www.latribunedufaso.net\/wp-content\/uploads\/2022\/04\/IMG-20220413-WA0081-768x575.jpg 768w, https:\/\/www.latribunedufaso.net\/wp-content\/uploads\/2022\/04\/IMG-20220413-WA0081.jpg 1080w\" sizes=\"auto, (max-width: 300px) 100vw, 300px\" \/><\/a> Ce sont une cinquantaine de participants, tous membres de l\u2019Alliance des fournisseurs burkinab\u00e8 de biens et services miniers (ABSM), qui prennent part \u00e0 ce s\u00e9minaire d\u2019IAMGOLD Essakane SA. Plac\u00e9 sous le th\u00e8me\u00a0:\u00a0\u00ab\u00a0Normes et exigences en mati\u00e8re de fourniture de biens et services au secteur minier : exemple de IAMGOLD Essakane SA \u00bb, ce s\u00e9minaire a pour objectif g\u00e9n\u00e9ral de sensibiliser et renforcer les capacit\u00e9s des participants sur les standards de la mine Essakane dans le contexte de la nouvelle r\u00e9glementation sur le contenu local. De Fa\u00e7on sp\u00e9cifique, il s\u2019agira entre autres de faire une r\u00e9trospective sur les performances en termes d\u2019approvisionnement local d\u2019IAMGOLD Essakane SA ; d\u2019initier les membres de l\u2019ABSM \u00e0 l\u2019utilisation de la nouvelle plateforme digitale des appels d\u2019offres d\u2019IAMGOLD Essakane SA ; et de pr\u00e9senter les normes et exigences d\u2019IAMGOLD Essakane SA en mati\u00e8re de fourniture de biens et services miniers.<\/p>\n<p style=\"text-align: justify;\"><a href=\"https:\/\/latribunedufaso.net\/wp-content\/uploads\/2022\/04\/IMG-20220413-WA0083.jpg\"><img loading=\"lazy\" decoding=\"async\" class=\"size-medium wp-image-5326 alignleft\" src=\"https:\/\/latribunedufaso.net\/wp-content\/uploads\/2022\/04\/IMG-20220413-WA0083-300x278.jpg\" alt=\"\" width=\"300\" height=\"278\" srcset=\"https:\/\/www.latribunedufaso.net\/wp-content\/uploads\/2022\/04\/IMG-20220413-WA0083-300x278.jpg 300w, https:\/\/www.latribunedufaso.net\/wp-content\/uploads\/2022\/04\/IMG-20220413-WA0083-1024x950.jpg 1024w, https:\/\/www.latribunedufaso.net\/wp-content\/uploads\/2022\/04\/IMG-20220413-WA0083-768x713.jpg 768w, https:\/\/www.latribunedufaso.net\/wp-content\/uploads\/2022\/04\/IMG-20220413-WA0083.jpg 1080w\" sizes=\"auto, (max-width: 300px) 100vw, 300px\" \/><\/a>En effet, pour Yves Zongo, Pr\u00e9sident de l\u2019ABSM, la ma\u00eetrise des normes et exigences de la fourniture des biens et services miniers au niveau local est plus que n\u00e9cessaire. \u00ab Si vous prenez par exemple l&rsquo;usinage des pi\u00e8ces, pour faire des filets, donc des vices pour pouvoir sceller les \u00e9crous, il y a une forme europ\u00e9enne, il y a une forme anglo-saxonne. Si vous ne savez pas ce que la mini\u00e8re utilise, on peut vous faire une commande et vous ferez peut-\u00eatre une forme europ\u00e9enne, alors qu\u2019ils sont beaucoup plus sur les formes anglaises. Nous voulons casser quelque chose que nous attendons depuis longtemps, c\u2019est les normes, les exigences mini\u00e8res, nous voulons les approprier et les rendre aux autres Burkinab\u00e8 pour que \u00e7a ne soit plus cit\u00e9 entre les choses que nous ne ma\u00eetrisons pas, que nous ne savons pas faire \u00bb, a-t-il soutenu.<\/p>\n<p style=\"text-align: justify;\"><a href=\"https:\/\/latribunedufaso.net\/wp-content\/uploads\/2022\/04\/IMG-20220413-WA0057.jpg\"><img loading=\"lazy\" decoding=\"async\" class=\"size-medium wp-image-5331 alignleft\" src=\"https:\/\/latribunedufaso.net\/wp-content\/uploads\/2022\/04\/IMG-20220413-WA0057-278x300.jpg\" alt=\"\" width=\"278\" height=\"300\" srcset=\"https:\/\/www.latribunedufaso.net\/wp-content\/uploads\/2022\/04\/IMG-20220413-WA0057-278x300.jpg 278w, https:\/\/www.latribunedufaso.net\/wp-content\/uploads\/2022\/04\/IMG-20220413-WA0057-949x1024.jpg 949w, https:\/\/www.latribunedufaso.net\/wp-content\/uploads\/2022\/04\/IMG-20220413-WA0057-768x829.jpg 768w, https:\/\/www.latribunedufaso.net\/wp-content\/uploads\/2022\/04\/IMG-20220413-WA0057.jpg 1001w\" sizes=\"auto, (max-width: 278px) 100vw, 278px\" \/><\/a>Ainsi, ce s\u00e9minaire, des dires de Tidiane Barry, Directeur pays de IAMGOLD Essakane SA, va permettre aux participants de renforcer leurs capacit\u00e9s \u00e0 \u00eatre des fournisseurs miniers, avec la pr\u00e9sence professionnelle de la cha\u00eene d\u2019approvisionnement de IAMGOLD Essakane SA. De plus, il a rassur\u00e9 que le contenu local a \u00e9t\u00e9 mis en avant comme un des facteurs qui permet de mieux partager la richesse avec les partis prenantes, d\u2019autant plus que les r\u00e9sultats d\u00e9j\u00e0 engrang\u00e9s sont satisfaisants. \u00ab\u00a0Aujourd&rsquo;hui on parle de plus de 60% des achats qui sont d\u00e9j\u00e0 faits au niveau des prestataires locaux. Il y a eu une belle \u00e9volution au fil des ans. Entre 2010 et 2021, c&rsquo;est plus de mille milliards de francs CFA qui ont \u00e9t\u00e9 inject\u00e9s dans l&rsquo;\u00e9conomie burkinab\u00e8 au travers des commandes de biens et services dans les entreprises locales\u00a0\u00bb, a-t-il confi\u00e9.<\/p>\n<p style=\"text-align: justify;\">A noter que c&rsquo;est depuis 2012, date de la cr\u00e9ation officielle de l\u2019ABSM, que le partenariat ABSM-IAMGOLD Essakane SA \u00e9volue.<\/p>\n<p style=\"text-align: justify;\"><strong>Aliz\u00e8ta Zour\u00e9 et Haramy Son\u00a0<\/strong><\/p>\n<p style=\"text-align: justify;\"><strong>Latribunedufaso.net<\/strong><\/p>\n<p><a href=\"https:\/\/latribunedufaso.net\/wp-content\/uploads\/2022\/04\/IMG-20220413-WA0056.jpg\"><img loading=\"lazy\" decoding=\"async\" class=\"alignnone size-medium wp-image-5332\" src=\"https:\/\/latribunedufaso.net\/wp-content\/uploads\/2022\/04\/IMG-20220413-WA0056-300x225.jpg\" alt=\"\" width=\"300\" height=\"225\" srcset=\"https:\/\/www.latribunedufaso.net\/wp-content\/uploads\/2022\/04\/IMG-20220413-WA0056-300x225.jpg 300w, https:\/\/www.latribunedufaso.net\/wp-content\/uploads\/2022\/04\/IMG-20220413-WA0056-1024x767.jpg 1024w, https:\/\/www.latribunedufaso.net\/wp-content\/uploads\/2022\/04\/IMG-20220413-WA0056-768x575.jpg 768w, https:\/\/www.latribunedufaso.net\/wp-content\/uploads\/2022\/04\/IMG-20220413-WA0056.jpg 1080w\" sizes=\"auto, (max-width: 300px) 100vw, 300px\" \/><\/a><\/p>\n","protected":false},"excerpt":{"rendered":"<p>En vue de contribuer \u00e0 l\u2019am\u00e9lioration de la professionnalisation des fournisseurs nationaux de biens et services miniers, IAMGOLD Essakane SA en collaboration avec l\u2019Alliance des fournisseurs burkinab\u00e8 de biens et services miniers (ABSM), a organis\u00e9 ce mercredi 13 avril 2022 \u00e0 Ouagadougou, un s\u00e9minaire d\u2019information et de renforcement des capacit\u00e9s, au profit des membres de l&rsquo;ABSM.<\/p>\n","protected":false},"author":2,"featured_media":5325,"comment_status":"open","ping_status":"open","sticky":false,"template":"","format":"standard","meta":{"footnotes":""},"categories":[13,1,10,19],"tags":[],"class_list":["post-5323","post","type-post","status-publish","format-standard","has-post-thumbnail","hentry","category-une","category-actu","category-eco","category-mines-et-carrieres"],"yoast_head":"<!-- This site is optimized with the Yoast SEO plugin v27.5 - https:\/\/yoast.com\/product\/yoast-seo-wordpress\/ -->\n<title>Contenu local : IAMGOLD Essakane SA renforce les capacit\u00e9s de ses fournisseurs - La Tribune du Faso<\/title>\n<meta name=\"robots\" content=\"index, follow, max-snippet:-1, max-image-preview:large, max-video-preview:-1\" \/>\n<link rel=\"canonical\" href=\"https:\/\/www.latribunedufaso.net\/?p=5323\" \/>\n<meta property=\"og:locale\" content=\"fr_FR\" \/>\n<meta property=\"og:type\" content=\"article\" \/>\n<meta property=\"og:title\" content=\"Contenu local : IAMGOLD Essakane SA renforce les capacit\u00e9s de ses fournisseurs - La Tribune du Faso\" \/>\n<meta property=\"og:description\" content=\"En vue de contribuer \u00e0 l\u2019am\u00e9lioration de la professionnalisation des fournisseurs nationaux de biens et services miniers, IAMGOLD Essakane SA en collaboration avec l\u2019Alliance des fournisseurs burkinab\u00e8 de biens et services miniers (ABSM), a organis\u00e9 ce mercredi 13 avril 2022 \u00e0 Ouagadougou, un s\u00e9minaire d\u2019information et de renforcement des capacit\u00e9s, au profit des membres de l&rsquo;ABSM.\" \/>\n<meta property=\"og:url\" content=\"https:\/\/www.latribunedufaso.net\/?p=5323\" \/>\n<meta property=\"og:site_name\" content=\"La Tribune du Faso\" \/>\n<meta property=\"article:publisher\" content=\"https:\/\/www.facebook.com\/LatribuneduFaso\/\" \/>\n<meta property=\"article:published_time\" content=\"2022-04-13T15:22:42+00:00\" \/>\n<meta property=\"article:modified_time\" content=\"2022-04-15T12:32:38+00:00\" \/>\n<meta property=\"og:image\" content=\"https:\/\/latribunedufaso.net\/wp-content\/uploads\/2022\/04\/IMG-20220413-WA0089.jpg\" \/>\n\t<meta property=\"og:image:width\" content=\"1008\" \/>\n\t<meta property=\"og:image:height\" content=\"567\" \/>\n\t<meta property=\"og:image:type\" content=\"image\/jpeg\" \/>\n<meta name=\"author\" content=\"Administrateur\" \/>\n<meta name=\"twitter:label1\" content=\"\u00c9crit par\" \/>\n\t<meta name=\"twitter:data1\" content=\"Administrateur\" \/>\n\t<meta name=\"twitter:label2\" content=\"Dur\u00e9e de lecture estim\u00e9e\" \/>\n\t<meta name=\"twitter:data2\" content=\"4 minutes\" \/>\n<script type=\"application\/ld+json\" class=\"yoast-schema-graph\">{\"@context\":\"https:\\\/\\\/schema.org\",\"@graph\":[{\"@type\":\"Article\",\"@id\":\"https:\\\/\\\/www.latribunedufaso.net\\\/?p=5323#article\",\"isPartOf\":{\"@id\":\"https:\\\/\\\/www.latribunedufaso.net\\\/?p=5323\"},\"author\":{\"name\":\"Administrateur\",\"@id\":\"https:\\\/\\\/www.latribunedufaso.net\\\/#\\\/schema\\\/person\\\/a380782d0605bb8aae27c40ea93b35b1\"},\"headline\":\"Contenu local : IAMGOLD Essakane SA renforce les capacit\u00e9s de ses fournisseurs\",\"datePublished\":\"2022-04-13T15:22:42+00:00\",\"dateModified\":\"2022-04-15T12:32:38+00:00\",\"mainEntityOfPage\":{\"@id\":\"https:\\\/\\\/www.latribunedufaso.net\\\/?p=5323\"},\"wordCount\":569,\"commentCount\":0,\"publisher\":{\"@id\":\"https:\\\/\\\/www.latribunedufaso.net\\\/#organization\"},\"image\":{\"@id\":\"https:\\\/\\\/www.latribunedufaso.net\\\/?p=5323#primaryimage\"},\"thumbnailUrl\":\"https:\\\/\\\/www.latribunedufaso.net\\\/wp-content\\\/uploads\\\/2022\\\/04\\\/IMG-20220413-WA0089.jpg\",\"articleSection\":[\"A la une\",\"Actualit\u00e9\",\"Economie\",\"Mines et Carri\u00e8res\"],\"inLanguage\":\"fr-FR\",\"potentialAction\":[{\"@type\":\"CommentAction\",\"name\":\"Comment\",\"target\":[\"https:\\\/\\\/www.latribunedufaso.net\\\/?p=5323#respond\"]}]},{\"@type\":\"WebPage\",\"@id\":\"https:\\\/\\\/www.latribunedufaso.net\\\/?p=5323\",\"url\":\"https:\\\/\\\/www.latribunedufaso.net\\\/?p=5323\",\"name\":\"Contenu local : IAMGOLD Essakane SA renforce les capacit\u00e9s de ses fournisseurs - La Tribune du Faso\",\"isPartOf\":{\"@id\":\"https:\\\/\\\/www.latribunedufaso.net\\\/#website\"},\"primaryImageOfPage\":{\"@id\":\"https:\\\/\\\/www.latribunedufaso.net\\\/?p=5323#primaryimage\"},\"image\":{\"@id\":\"https:\\\/\\\/www.latribunedufaso.net\\\/?p=5323#primaryimage\"},\"thumbnailUrl\":\"https:\\\/\\\/www.latribunedufaso.net\\\/wp-content\\\/uploads\\\/2022\\\/04\\\/IMG-20220413-WA0089.jpg\",\"datePublished\":\"2022-04-13T15:22:42+00:00\",\"dateModified\":\"2022-04-15T12:32:38+00:00\",\"breadcrumb\":{\"@id\":\"https:\\\/\\\/www.latribunedufaso.net\\\/?p=5323#breadcrumb\"},\"inLanguage\":\"fr-FR\",\"potentialAction\":[{\"@type\":\"ReadAction\",\"target\":[\"https:\\\/\\\/www.latribunedufaso.net\\\/?p=5323\"]}]},{\"@type\":\"ImageObject\",\"inLanguage\":\"fr-FR\",\"@id\":\"https:\\\/\\\/www.latribunedufaso.net\\\/?p=5323#primaryimage\",\"url\":\"https:\\\/\\\/www.latribunedufaso.net\\\/wp-content\\\/uploads\\\/2022\\\/04\\\/IMG-20220413-WA0089.jpg\",\"contentUrl\":\"https:\\\/\\\/www.latribunedufaso.net\\\/wp-content\\\/uploads\\\/2022\\\/04\\\/IMG-20220413-WA0089.jpg\",\"width\":1008,\"height\":567},{\"@type\":\"BreadcrumbList\",\"@id\":\"https:\\\/\\\/www.latribunedufaso.net\\\/?p=5323#breadcrumb\",\"itemListElement\":[{\"@type\":\"ListItem\",\"position\":1,\"name\":\"Accueil\",\"item\":\"https:\\\/\\\/www.latribunedufaso.net\\\/\"},{\"@type\":\"ListItem\",\"position\":2,\"name\":\"Contenu local : IAMGOLD Essakane SA renforce les capacit\u00e9s de ses fournisseurs\"}]},{\"@type\":\"WebSite\",\"@id\":\"https:\\\/\\\/www.latribunedufaso.net\\\/#website\",\"url\":\"https:\\\/\\\/www.latribunedufaso.net\\\/\",\"name\":\"La Tribune du Faso\",\"description\":\"L&#039;information du monde rural en un clic\",\"publisher\":{\"@id\":\"https:\\\/\\\/www.latribunedufaso.net\\\/#organization\"},\"potentialAction\":[{\"@type\":\"SearchAction\",\"target\":{\"@type\":\"EntryPoint\",\"urlTemplate\":\"https:\\\/\\\/www.latribunedufaso.net\\\/?s={search_term_string}\"},\"query-input\":{\"@type\":\"PropertyValueSpecification\",\"valueRequired\":true,\"valueName\":\"search_term_string\"}}],\"inLanguage\":\"fr-FR\"},{\"@type\":\"Organization\",\"@id\":\"https:\\\/\\\/www.latribunedufaso.net\\\/#organization\",\"name\":\"La Tribune du Faso\",\"url\":\"https:\\\/\\\/www.latribunedufaso.net\\\/\",\"logo\":{\"@type\":\"ImageObject\",\"inLanguage\":\"fr-FR\",\"@id\":\"https:\\\/\\\/www.latribunedufaso.net\\\/#\\\/schema\\\/logo\\\/image\\\/\",\"url\":\"https:\\\/\\\/www.latribunedufaso.net\\\/wp-content\\\/uploads\\\/2020\\\/08\\\/Logo-Tribune-du-Faso-final-scaled.jpg\",\"contentUrl\":\"https:\\\/\\\/www.latribunedufaso.net\\\/wp-content\\\/uploads\\\/2020\\\/08\\\/Logo-Tribune-du-Faso-final-scaled.jpg\",\"width\":2560,\"height\":1856,\"caption\":\"La Tribune du Faso\"},\"image\":{\"@id\":\"https:\\\/\\\/www.latribunedufaso.net\\\/#\\\/schema\\\/logo\\\/image\\\/\"},\"sameAs\":[\"https:\\\/\\\/www.facebook.com\\\/LatribuneduFaso\\\/\"]},{\"@type\":\"Person\",\"@id\":\"https:\\\/\\\/www.latribunedufaso.net\\\/#\\\/schema\\\/person\\\/a380782d0605bb8aae27c40ea93b35b1\",\"name\":\"Administrateur\",\"image\":{\"@type\":\"ImageObject\",\"inLanguage\":\"fr-FR\",\"@id\":\"https:\\\/\\\/secure.gravatar.com\\\/avatar\\\/e20266f97d741f0e80ba1f60283074a9b3317fd7bfb727e0d95b51dafbf854a1?s=96&d=mm&r=g\",\"url\":\"https:\\\/\\\/secure.gravatar.com\\\/avatar\\\/e20266f97d741f0e80ba1f60283074a9b3317fd7bfb727e0d95b51dafbf854a1?s=96&d=mm&r=g\",\"contentUrl\":\"https:\\\/\\\/secure.gravatar.com\\\/avatar\\\/e20266f97d741f0e80ba1f60283074a9b3317fd7bfb727e0d95b51dafbf854a1?s=96&d=mm&r=g\",\"caption\":\"Administrateur\"},\"url\":\"https:\\\/\\\/www.latribunedufaso.net\\\/?author=2\"}]}<\/script>\n<!-- \/ Yoast SEO plugin. -->","yoast_head_json":{"title":"Contenu local : IAMGOLD Essakane SA renforce les capacit\u00e9s de ses fournisseurs - La Tribune du Faso","robots":{"index":"index","follow":"follow","max-snippet":"max-snippet:-1","max-image-preview":"max-image-preview:large","max-video-preview":"max-video-preview:-1"},"canonical":"https:\/\/www.latribunedufaso.net\/?p=5323","og_locale":"fr_FR","og_type":"article","og_title":"Contenu local : IAMGOLD Essakane SA renforce les capacit\u00e9s de ses fournisseurs - La Tribune du Faso","og_description":"En vue de contribuer \u00e0 l\u2019am\u00e9lioration de la professionnalisation des fournisseurs nationaux de biens et services miniers, IAMGOLD Essakane SA en collaboration avec l\u2019Alliance des fournisseurs burkinab\u00e8 de biens et services miniers (ABSM), a organis\u00e9 ce mercredi 13 avril 2022 \u00e0 Ouagadougou, un s\u00e9minaire d\u2019information et de renforcement des capacit\u00e9s, au profit des membres de l&rsquo;ABSM.","og_url":"https:\/\/www.latribunedufaso.net\/?p=5323","og_site_name":"La Tribune du Faso","article_publisher":"https:\/\/www.facebook.com\/LatribuneduFaso\/","article_published_time":"2022-04-13T15:22:42+00:00","article_modified_time":"2022-04-15T12:32:38+00:00","og_image":[{"width":1008,"height":567,"url":"https:\/\/latribunedufaso.net\/wp-content\/uploads\/2022\/04\/IMG-20220413-WA0089.jpg","type":"image\/jpeg"}],"author":"Administrateur","twitter_misc":{"\u00c9crit par":"Administrateur","Dur\u00e9e de lecture estim\u00e9e":"4 minutes"},"schema":{"@context":"https:\/\/schema.org","@graph":[{"@type":"Article","@id":"https:\/\/www.latribunedufaso.net\/?p=5323#article","isPartOf":{"@id":"https:\/\/www.latribunedufaso.net\/?p=5323"},"author":{"name":"Administrateur","@id":"https:\/\/www.latribunedufaso.net\/#\/schema\/person\/a380782d0605bb8aae27c40ea93b35b1"},"headline":"Contenu local : IAMGOLD Essakane SA renforce les capacit\u00e9s de ses fournisseurs","datePublished":"2022-04-13T15:22:42+00:00","dateModified":"2022-04-15T12:32:38+00:00","mainEntityOfPage":{"@id":"https:\/\/www.latribunedufaso.net\/?p=5323"},"wordCount":569,"commentCount":0,"publisher":{"@id":"https:\/\/www.latribunedufaso.net\/#organization"},"image":{"@id":"https:\/\/www.latribunedufaso.net\/?p=5323#primaryimage"},"thumbnailUrl":"https:\/\/www.latribunedufaso.net\/wp-content\/uploads\/2022\/04\/IMG-20220413-WA0089.jpg","articleSection":["A la une","Actualit\u00e9","Economie","Mines et Carri\u00e8res"],"inLanguage":"fr-FR","potentialAction":[{"@type":"CommentAction","name":"Comment","target":["https:\/\/www.latribunedufaso.net\/?p=5323#respond"]}]},{"@type":"WebPage","@id":"https:\/\/www.latribunedufaso.net\/?p=5323","url":"https:\/\/www.latribunedufaso.net\/?p=5323","name":"Contenu local : IAMGOLD Essakane SA renforce les capacit\u00e9s de ses fournisseurs - La Tribune du Faso","isPartOf":{"@id":"https:\/\/www.latribunedufaso.net\/#website"},"primaryImageOfPage":{"@id":"https:\/\/www.latribunedufaso.net\/?p=5323#primaryimage"},"image":{"@id":"https:\/\/www.latribunedufaso.net\/?p=5323#primaryimage"},"thumbnailUrl":"https:\/\/www.latribunedufaso.net\/wp-content\/uploads\/2022\/04\/IMG-20220413-WA0089.jpg","datePublished":"2022-04-13T15:22:42+00:00","dateModified":"2022-04-15T12:32:38+00:00","breadcrumb":{"@id":"https:\/\/www.latribunedufaso.net\/?p=5323#breadcrumb"},"inLanguage":"fr-FR","potentialAction":[{"@type":"ReadAction","target":["https:\/\/www.latribunedufaso.net\/?p=5323"]}]},{"@type":"ImageObject","inLanguage":"fr-FR","@id":"https:\/\/www.latribunedufaso.net\/?p=5323#primaryimage","url":"https:\/\/www.latribunedufaso.net\/wp-content\/uploads\/2022\/04\/IMG-20220413-WA0089.jpg","contentUrl":"https:\/\/www.latribunedufaso.net\/wp-content\/uploads\/2022\/04\/IMG-20220413-WA0089.jpg","width":1008,"height":567},{"@type":"BreadcrumbList","@id":"https:\/\/www.latribunedufaso.net\/?p=5323#breadcrumb","itemListElement":[{"@type":"ListItem","position":1,"name":"Accueil","item":"https:\/\/www.latribunedufaso.net\/"},{"@type":"ListItem","position":2,"name":"Contenu local : IAMGOLD Essakane SA renforce les capacit\u00e9s de ses fournisseurs"}]},{"@type":"WebSite","@id":"https:\/\/www.latribunedufaso.net\/#website","url":"https:\/\/www.latribunedufaso.net\/","name":"La Tribune du Faso","description":"L&#039;information du monde rural en un clic","publisher":{"@id":"https:\/\/www.latribunedufaso.net\/#organization"},"potentialAction":[{"@type":"SearchAction","target":{"@type":"EntryPoint","urlTemplate":"https:\/\/www.latribunedufaso.net\/?s={search_term_string}"},"query-input":{"@type":"PropertyValueSpecification","valueRequired":true,"valueName":"search_term_string"}}],"inLanguage":"fr-FR"},{"@type":"Organization","@id":"https:\/\/www.latribunedufaso.net\/#organization","name":"La Tribune du Faso","url":"https:\/\/www.latribunedufaso.net\/","logo":{"@type":"ImageObject","inLanguage":"fr-FR","@id":"https:\/\/www.latribunedufaso.net\/#\/schema\/logo\/image\/","url":"https:\/\/www.latribunedufaso.net\/wp-content\/uploads\/2020\/08\/Logo-Tribune-du-Faso-final-scaled.jpg","contentUrl":"https:\/\/www.latribunedufaso.net\/wp-content\/uploads\/2020\/08\/Logo-Tribune-du-Faso-final-scaled.jpg","width":2560,"height":1856,"caption":"La Tribune du Faso"},"image":{"@id":"https:\/\/www.latribunedufaso.net\/#\/schema\/logo\/image\/"},"sameAs":["https:\/\/www.facebook.com\/LatribuneduFaso\/"]},{"@type":"Person","@id":"https:\/\/www.latribunedufaso.net\/#\/schema\/person\/a380782d0605bb8aae27c40ea93b35b1","name":"Administrateur","image":{"@type":"ImageObject","inLanguage":"fr-FR","@id":"https:\/\/secure.gravatar.com\/avatar\/e20266f97d741f0e80ba1f60283074a9b3317fd7bfb727e0d95b51dafbf854a1?s=96&d=mm&r=g","url":"https:\/\/secure.gravatar.com\/avatar\/e20266f97d741f0e80ba1f60283074a9b3317fd7bfb727e0d95b51dafbf854a1?s=96&d=mm&r=g","contentUrl":"https:\/\/secure.gravatar.com\/avatar\/e20266f97d741f0e80ba1f60283074a9b3317fd7bfb727e0d95b51dafbf854a1?s=96&d=mm&r=g","caption":"Administrateur"},"url":"https:\/\/www.latribunedufaso.net\/?author=2"}]}},"_links":{"self":[{"href":"https:\/\/www.latribunedufaso.net\/index.php?rest_route=\/wp\/v2\/posts\/5323","targetHints":{"allow":["GET"]}}],"collection":[{"href":"https:\/\/www.latribunedufaso.net\/index.php?rest_route=\/wp\/v2\/posts"}],"about":[{"href":"https:\/\/www.latribunedufaso.net\/index.php?rest_route=\/wp\/v2\/types\/post"}],"author":[{"embeddable":true,"href":"https:\/\/www.latribunedufaso.net\/index.php?rest_route=\/wp\/v2\/users\/2"}],"replies":[{"embeddable":true,"href":"https:\/\/www.latribunedufaso.net\/index.php?rest_route=%2Fwp%2Fv2%2Fcomments&post=5323"}],"version-history":[{"count":1,"href":"https:\/\/www.latribunedufaso.net\/index.php?rest_route=\/wp\/v2\/posts\/5323\/revisions"}],"predecessor-version":[{"id":5333,"href":"https:\/\/www.latribunedufaso.net\/index.php?rest_route=\/wp\/v2\/posts\/5323\/revisions\/5333"}],"wp:featuredmedia":[{"embeddable":true,"href":"https:\/\/www.latribunedufaso.net\/index.php?rest_route=\/wp\/v2\/media\/5325"}],"wp:attachment":[{"href":"https:\/\/www.latribunedufaso.net\/index.php?rest_route=%2Fwp%2Fv2%2Fmedia&parent=5323"}],"wp:term":[{"taxonomy":"category","embeddable":true,"href":"https:\/\/www.latribunedufaso.net\/index.php?rest_route=%2Fwp%2Fv2%2Fcategories&post=5323"},{"taxonomy":"post_tag","embeddable":true,"href":"https:\/\/www.latribunedufaso.net\/index.php?rest_route=%2Fwp%2Fv2%2Ftags&post=5323"}],"curies":[{"name":"wp","href":"https:\/\/api.w.org\/{rel}","templated":true}]}}