{"id":5299,"date":"2022-03-14T00:19:57","date_gmt":"2022-03-14T00:19:57","guid":{"rendered":"https:\/\/www.latribunedufaso.net\/?p=5299"},"modified":"2022-04-11T15:31:35","modified_gmt":"2022-04-11T15:31:35","slug":"conflits-fonciers-le-cas-de-toussiana-decrypte-par-gerddes-burkina","status":"publish","type":"post","link":"https:\/\/www.latribunedufaso.net\/?p=5299","title":{"rendered":"Conflits fonciers\u00a0: Le Cas de Toussiana d\u00e9crypt\u00e9 par GERDDES-Burkina"},"content":{"rendered":"<p style=\"text-align: justify;\"><strong><span style=\"font-size: 1.0625rem;\">\u00ab Promouvoir l\u2019esprit de paix et de coh\u00e9sion sociale dans cinq (05) communes du Burkina Faso \u00bb. C\u2019est dans le cadre de ce projet que le Groupe d\u2019Etudes et de Recherche sur la D\u00e9mocratie et le D\u00e9veloppement Economique et Social (GERDDES-Burkina), a form\u00e9 des acteurs de la commune de Toussiana du 11 au 12 mars 2022.<\/span><\/strong><br \/><!--more--><\/p>\n<p style=\"text-align: justify;\"><a href=\"https:\/\/latribunedufaso.net\/wp-content\/uploads\/2022\/04\/IMG_20220311_171959_5.jpg\"><img loading=\"lazy\" decoding=\"async\" class=\"size-medium wp-image-5284 alignleft\" src=\"https:\/\/latribunedufaso.net\/wp-content\/uploads\/2022\/04\/IMG_20220311_171959_5-300x169.jpg\" alt=\"\" width=\"300\" height=\"169\" srcset=\"https:\/\/www.latribunedufaso.net\/wp-content\/uploads\/2022\/04\/IMG_20220311_171959_5-300x169.jpg 300w, https:\/\/www.latribunedufaso.net\/wp-content\/uploads\/2022\/04\/IMG_20220311_171959_5-1024x576.jpg 1024w, https:\/\/www.latribunedufaso.net\/wp-content\/uploads\/2022\/04\/IMG_20220311_171959_5-768x432.jpg 768w, https:\/\/www.latribunedufaso.net\/wp-content\/uploads\/2022\/04\/IMG_20220311_171959_5-1536x864.jpg 1536w, https:\/\/www.latribunedufaso.net\/wp-content\/uploads\/2022\/04\/IMG_20220311_171959_5.jpg 1920w\" sizes=\"auto, (max-width: 300px) 100vw, 300px\" \/><\/a>La commune de Toussiana, province du Houet, r\u00e9gion des Hauts-Bassins, est b\u00e9n\u00e9ficiaire du projet \u00ab\u00a0Promouvoir l\u2019esprit de paix et de coh\u00e9sion sociale dans cinq (05) communes du Burkina Faso\u00a0\u00bb, mis en \u0153uvre par le Groupe d\u2019Etudes et de Recherche sur la D\u00e9mocratie et le D\u00e9veloppement Economique et Social (GERDDES-Burkina), sur financement de l\u2019ambassade royale du Danemark. Durant 48 heures, Dr Tanguy Samapana Awebalene, a \u00e9chang\u00e9 avec les acteurs sur le th\u00e8me\u00a0: \u00ab\u00a0La r\u00e8glementation fonci\u00e8re au Burkina Faso, notamment la loi 034 et les m\u00e9canismes de pr\u00e9vention et de gestion traditionnelle et moderne des conflits\u00a0\u00bb.\u00a0<\/p>\n<p style=\"text-align: justify;\">Toussiana, tout comme plusieurs autres communes du pays des Hommes int\u00e8gres, abrite des projets et programmes dans le domaine agricole. Dans le cadre de la mise en \u0153uvre de ces projets, des citoyens acceptent parfois c\u00e9der leur terrain (2 \u00e0 3 hectares) pour l\u2019am\u00e9nagement en question. Devant tout le monde, le propri\u00e9taire terrien peut jurer avoir c\u00e9d\u00e9 de bon c\u0153ur le terrain pour la mise en \u0153uvre du projet qui va b\u00e9n\u00e9ficier \u00e0 toute la communaut\u00e9. Quelques mois apr\u00e8s le d\u00e9but du projet, le m\u00eame donateur, selon les t\u00e9moignages des participants, peut inciter ses ayants droits \u00e0 revendiquer ledit terrain. Ce qui porte un frein \u00e0 la mise en \u0153uvre dudit projet qui devait b\u00e9n\u00e9ficier \u00e0 la toute la communaut\u00e9.\u00a0<\/p>\n<p style=\"text-align: justify;\">Egalement lorsque l\u2019Etat veut faire des am\u00e9nagements (route, retenue d\u2019eau), cela cr\u00e9e des tensions. La population ne comprend pas pourquoi ils doivent c\u00e9der leurs champs \u00e0 l\u2019Etat. Pour le Pr\u00e9fet de Toussiana, Sibiri Tougma, la m\u00e9connaissance des textes est un grand probl\u00e8me en mati\u00e8re de question fonci\u00e8re de mani\u00e8re g\u00e9n\u00e9rale. \u00ab\u00a0Les gens ne maitrisant pas les textes s\u2019adonnent \u00e0 certaines pratiques qui les condamnent par la suite. Du coup la population ne connais m\u00eame pas quelles sont les pr\u00e9rogatives de l\u2019Etat sur la terre par exemple en ce qui concerne les ressources naturelles qui appartiennent \u00e0 toute la communaut\u00e9\u00a0\u00bb, a-t-il soulign\u00e9.\u00a0<\/p>\n<p style=\"text-align: justify;\">Selon lui, si l\u2019Etat fait une retenue d\u2019eau pour la population, il faut obligatoirement des voies d\u2019acc\u00e8s pour les \u00e9leveurs et les riverains. Ces voies d\u2019acc\u00e8s doivent traverser des champs. Cela engendre des tensions entre agriculteurs et \u00e9leveurs qui se terminent parfois par la violence. Un avis partag\u00e9 par les diff\u00e9rents acteurs qui ont profit\u00e9 de l\u2019occasion pour inviter l\u2019Etat \u00e0 poursuivre cet \u00e9lan de sensibilisation et de vulgarisation des textes en la mati\u00e8re \u00e0 l\u2019image de ce projet mis en \u0153uvre par GERDDES-Burkina.\u00a0<\/p>\n<p style=\"text-align: justify;\">Les jeunes, les femmes, les agriculteurs, les coutumiers, les religieux, les Forces de d\u00e9fense et de s\u00e9curit\u00e9 (FDS), les Conseils villageois de d\u00e9veloppement CVD), les services techniques, ont tous pris l\u2019engament de restituer la formation autour d\u2019eux et de prioriser le r\u00e8glement pacifique des conflits fonciers et non fonciers. Toute chose qui ne peut que r\u00e9jouir Karim Gouem, repr\u00e9sentant de la pr\u00e9sidente du bureau ex\u00e9cutif du GERDDES-Burkina, lors de cette formation.\u00a0<\/p>\n<p style=\"text-align: justify;\"><strong>Marcus Kouaman<\/strong><\/p>\n<p style=\"text-align: justify;\"><strong>Latribunedufaso.net\u00a0<\/strong><\/p>\n<p><a href=\"https:\/\/latribunedufaso.net\/wp-content\/uploads\/2022\/04\/IMG_20220311_175116_366-scaled.jpg\"><img loading=\"lazy\" decoding=\"async\" class=\"alignnone size-medium wp-image-5301\" src=\"https:\/\/latribunedufaso.net\/wp-content\/uploads\/2022\/04\/IMG_20220311_175116_366-300x225.jpg\" alt=\"\" width=\"300\" height=\"225\" srcset=\"https:\/\/www.latribunedufaso.net\/wp-content\/uploads\/2022\/04\/IMG_20220311_175116_366-300x225.jpg 300w, https:\/\/www.latribunedufaso.net\/wp-content\/uploads\/2022\/04\/IMG_20220311_175116_366-1024x768.jpg 1024w, https:\/\/www.latribunedufaso.net\/wp-content\/uploads\/2022\/04\/IMG_20220311_175116_366-768x576.jpg 768w, https:\/\/www.latribunedufaso.net\/wp-content\/uploads\/2022\/04\/IMG_20220311_175116_366-1536x1152.jpg 1536w, https:\/\/www.latribunedufaso.net\/wp-content\/uploads\/2022\/04\/IMG_20220311_175116_366-2048x1536.jpg 2048w\" sizes=\"auto, (max-width: 300px) 100vw, 300px\" \/><\/a> <a href=\"https:\/\/latribunedufaso.net\/wp-content\/uploads\/2022\/04\/IMG_20220311_123342_513-scaled.jpg\"><img loading=\"lazy\" decoding=\"async\" class=\"alignnone size-medium wp-image-5302\" src=\"https:\/\/latribunedufaso.net\/wp-content\/uploads\/2022\/04\/IMG_20220311_123342_513-300x225.jpg\" alt=\"\" width=\"300\" height=\"225\" srcset=\"https:\/\/www.latribunedufaso.net\/wp-content\/uploads\/2022\/04\/IMG_20220311_123342_513-300x225.jpg 300w, https:\/\/www.latribunedufaso.net\/wp-content\/uploads\/2022\/04\/IMG_20220311_123342_513-1024x768.jpg 1024w, https:\/\/www.latribunedufaso.net\/wp-content\/uploads\/2022\/04\/IMG_20220311_123342_513-768x576.jpg 768w, https:\/\/www.latribunedufaso.net\/wp-content\/uploads\/2022\/04\/IMG_20220311_123342_513-1536x1152.jpg 1536w, https:\/\/www.latribunedufaso.net\/wp-content\/uploads\/2022\/04\/IMG_20220311_123342_513-2048x1536.jpg 2048w\" sizes=\"auto, (max-width: 300px) 100vw, 300px\" \/><\/a> <a href=\"https:\/\/latribunedufaso.net\/wp-content\/uploads\/2022\/04\/IMG_20220311_123211_500-scaled.jpg\"><img loading=\"lazy\" decoding=\"async\" class=\"alignnone size-medium wp-image-5303\" src=\"https:\/\/latribunedufaso.net\/wp-content\/uploads\/2022\/04\/IMG_20220311_123211_500-300x225.jpg\" alt=\"\" width=\"300\" height=\"225\" srcset=\"https:\/\/www.latribunedufaso.net\/wp-content\/uploads\/2022\/04\/IMG_20220311_123211_500-300x225.jpg 300w, https:\/\/www.latribunedufaso.net\/wp-content\/uploads\/2022\/04\/IMG_20220311_123211_500-1024x768.jpg 1024w, https:\/\/www.latribunedufaso.net\/wp-content\/uploads\/2022\/04\/IMG_20220311_123211_500-768x576.jpg 768w, https:\/\/www.latribunedufaso.net\/wp-content\/uploads\/2022\/04\/IMG_20220311_123211_500-1536x1152.jpg 1536w, https:\/\/www.latribunedufaso.net\/wp-content\/uploads\/2022\/04\/IMG_20220311_123211_500-2048x1536.jpg 2048w\" sizes=\"auto, (max-width: 300px) 100vw, 300px\" \/><\/a><\/p>\n<p style=\"text-align: justify;\">\u00a0<\/p>\n","protected":false},"excerpt":{"rendered":"<p>\u00ab Promouvoir l\u2019esprit de paix et de coh\u00e9sion sociale dans cinq (05) communes du Burkina Faso \u00bb. C\u2019est dans le cadre de ce projet que le Groupe d\u2019Etudes et de Recherche sur la D\u00e9mocratie et le D\u00e9veloppement Economique et Social (GERDDES-Burkina), a form\u00e9 des acteurs de la commune de Toussiana du 11 au 12 mars 2022.<\/p>\n","protected":false},"author":2,"featured_media":5305,"comment_status":"open","ping_status":"open","sticky":false,"template":"","format":"standard","meta":{"footnotes":""},"categories":[13,1,8],"tags":[],"class_list":["post-5299","post","type-post","status-publish","format-standard","has-post-thumbnail","hentry","category-une","category-actu","category-societe"],"yoast_head":"<!-- This site is optimized with the Yoast SEO plugin v27.4 - https:\/\/yoast.com\/product\/yoast-seo-wordpress\/ -->\n<title>Conflits fonciers\u00a0: Le Cas de Toussiana d\u00e9crypt\u00e9 par GERDDES-Burkina - La Tribune du Faso<\/title>\n<meta name=\"robots\" content=\"index, follow, max-snippet:-1, max-image-preview:large, max-video-preview:-1\" \/>\n<link rel=\"canonical\" href=\"https:\/\/www.latribunedufaso.net\/?p=5299\" \/>\n<meta property=\"og:locale\" content=\"fr_FR\" \/>\n<meta property=\"og:type\" content=\"article\" \/>\n<meta property=\"og:title\" content=\"Conflits fonciers\u00a0: Le Cas de Toussiana d\u00e9crypt\u00e9 par GERDDES-Burkina - La Tribune du Faso\" \/>\n<meta property=\"og:description\" content=\"\u00ab Promouvoir l\u2019esprit de paix et de coh\u00e9sion sociale dans cinq (05) communes du Burkina Faso \u00bb. C\u2019est dans le cadre de ce projet que le Groupe d\u2019Etudes et de Recherche sur la D\u00e9mocratie et le D\u00e9veloppement Economique et Social (GERDDES-Burkina), a form\u00e9 des acteurs de la commune de Toussiana du 11 au 12 mars 2022.\" \/>\n<meta property=\"og:url\" content=\"https:\/\/www.latribunedufaso.net\/?p=5299\" \/>\n<meta property=\"og:site_name\" content=\"La Tribune du Faso\" \/>\n<meta property=\"article:publisher\" content=\"https:\/\/www.facebook.com\/LatribuneduFaso\/\" \/>\n<meta property=\"article:published_time\" content=\"2022-03-14T00:19:57+00:00\" \/>\n<meta property=\"article:modified_time\" content=\"2022-04-11T15:31:35+00:00\" \/>\n<meta property=\"og:image\" content=\"https:\/\/latribunedufaso.net\/wp-content\/uploads\/2022\/04\/IMG_20220311_112109_944-scaled.jpg\" \/>\n\t<meta property=\"og:image:width\" content=\"2560\" \/>\n\t<meta property=\"og:image:height\" content=\"1920\" \/>\n\t<meta property=\"og:image:type\" content=\"image\/jpeg\" \/>\n<meta name=\"author\" content=\"Administrateur\" \/>\n<meta name=\"twitter:label1\" content=\"\u00c9crit par\" \/>\n\t<meta name=\"twitter:data1\" content=\"Administrateur\" \/>\n\t<meta name=\"twitter:label2\" content=\"Dur\u00e9e de lecture estim\u00e9e\" \/>\n\t<meta name=\"twitter:data2\" content=\"4 minutes\" \/>\n<script type=\"application\/ld+json\" class=\"yoast-schema-graph\">{\"@context\":\"https:\\\/\\\/schema.org\",\"@graph\":[{\"@type\":\"Article\",\"@id\":\"https:\\\/\\\/www.latribunedufaso.net\\\/?p=5299#article\",\"isPartOf\":{\"@id\":\"https:\\\/\\\/www.latribunedufaso.net\\\/?p=5299\"},\"author\":{\"name\":\"Administrateur\",\"@id\":\"https:\\\/\\\/www.latribunedufaso.net\\\/#\\\/schema\\\/person\\\/a380782d0605bb8aae27c40ea93b35b1\"},\"headline\":\"Conflits fonciers\u00a0: Le Cas de Toussiana d\u00e9crypt\u00e9 par GERDDES-Burkina\",\"datePublished\":\"2022-03-14T00:19:57+00:00\",\"dateModified\":\"2022-04-11T15:31:35+00:00\",\"mainEntityOfPage\":{\"@id\":\"https:\\\/\\\/www.latribunedufaso.net\\\/?p=5299\"},\"wordCount\":593,\"commentCount\":0,\"publisher\":{\"@id\":\"https:\\\/\\\/www.latribunedufaso.net\\\/#organization\"},\"image\":{\"@id\":\"https:\\\/\\\/www.latribunedufaso.net\\\/?p=5299#primaryimage\"},\"thumbnailUrl\":\"https:\\\/\\\/www.latribunedufaso.net\\\/wp-content\\\/uploads\\\/2022\\\/04\\\/IMG_20220311_112109_944-scaled.jpg\",\"articleSection\":[\"A la une\",\"Actualit\u00e9\",\"Soci\u00e9t\u00e9\"],\"inLanguage\":\"fr-FR\",\"potentialAction\":[{\"@type\":\"CommentAction\",\"name\":\"Comment\",\"target\":[\"https:\\\/\\\/www.latribunedufaso.net\\\/?p=5299#respond\"]}]},{\"@type\":\"WebPage\",\"@id\":\"https:\\\/\\\/www.latribunedufaso.net\\\/?p=5299\",\"url\":\"https:\\\/\\\/www.latribunedufaso.net\\\/?p=5299\",\"name\":\"Conflits fonciers\u00a0: Le Cas de Toussiana d\u00e9crypt\u00e9 par GERDDES-Burkina - La Tribune du Faso\",\"isPartOf\":{\"@id\":\"https:\\\/\\\/www.latribunedufaso.net\\\/#website\"},\"primaryImageOfPage\":{\"@id\":\"https:\\\/\\\/www.latribunedufaso.net\\\/?p=5299#primaryimage\"},\"image\":{\"@id\":\"https:\\\/\\\/www.latribunedufaso.net\\\/?p=5299#primaryimage\"},\"thumbnailUrl\":\"https:\\\/\\\/www.latribunedufaso.net\\\/wp-content\\\/uploads\\\/2022\\\/04\\\/IMG_20220311_112109_944-scaled.jpg\",\"datePublished\":\"2022-03-14T00:19:57+00:00\",\"dateModified\":\"2022-04-11T15:31:35+00:00\",\"breadcrumb\":{\"@id\":\"https:\\\/\\\/www.latribunedufaso.net\\\/?p=5299#breadcrumb\"},\"inLanguage\":\"fr-FR\",\"potentialAction\":[{\"@type\":\"ReadAction\",\"target\":[\"https:\\\/\\\/www.latribunedufaso.net\\\/?p=5299\"]}]},{\"@type\":\"ImageObject\",\"inLanguage\":\"fr-FR\",\"@id\":\"https:\\\/\\\/www.latribunedufaso.net\\\/?p=5299#primaryimage\",\"url\":\"https:\\\/\\\/www.latribunedufaso.net\\\/wp-content\\\/uploads\\\/2022\\\/04\\\/IMG_20220311_112109_944-scaled.jpg\",\"contentUrl\":\"https:\\\/\\\/www.latribunedufaso.net\\\/wp-content\\\/uploads\\\/2022\\\/04\\\/IMG_20220311_112109_944-scaled.jpg\",\"width\":2560,\"height\":1920},{\"@type\":\"BreadcrumbList\",\"@id\":\"https:\\\/\\\/www.latribunedufaso.net\\\/?p=5299#breadcrumb\",\"itemListElement\":[{\"@type\":\"ListItem\",\"position\":1,\"name\":\"Accueil\",\"item\":\"https:\\\/\\\/www.latribunedufaso.net\\\/\"},{\"@type\":\"ListItem\",\"position\":2,\"name\":\"Conflits fonciers\u00a0: Le Cas de Toussiana d\u00e9crypt\u00e9 par GERDDES-Burkina\"}]},{\"@type\":\"WebSite\",\"@id\":\"https:\\\/\\\/www.latribunedufaso.net\\\/#website\",\"url\":\"https:\\\/\\\/www.latribunedufaso.net\\\/\",\"name\":\"La Tribune du Faso\",\"description\":\"L&#039;information du monde rural en un clic\",\"publisher\":{\"@id\":\"https:\\\/\\\/www.latribunedufaso.net\\\/#organization\"},\"potentialAction\":[{\"@type\":\"SearchAction\",\"target\":{\"@type\":\"EntryPoint\",\"urlTemplate\":\"https:\\\/\\\/www.latribunedufaso.net\\\/?s={search_term_string}\"},\"query-input\":{\"@type\":\"PropertyValueSpecification\",\"valueRequired\":true,\"valueName\":\"search_term_string\"}}],\"inLanguage\":\"fr-FR\"},{\"@type\":\"Organization\",\"@id\":\"https:\\\/\\\/www.latribunedufaso.net\\\/#organization\",\"name\":\"La Tribune du Faso\",\"url\":\"https:\\\/\\\/www.latribunedufaso.net\\\/\",\"logo\":{\"@type\":\"ImageObject\",\"inLanguage\":\"fr-FR\",\"@id\":\"https:\\\/\\\/www.latribunedufaso.net\\\/#\\\/schema\\\/logo\\\/image\\\/\",\"url\":\"https:\\\/\\\/www.latribunedufaso.net\\\/wp-content\\\/uploads\\\/2020\\\/08\\\/Logo-Tribune-du-Faso-final-scaled.jpg\",\"contentUrl\":\"https:\\\/\\\/www.latribunedufaso.net\\\/wp-content\\\/uploads\\\/2020\\\/08\\\/Logo-Tribune-du-Faso-final-scaled.jpg\",\"width\":2560,\"height\":1856,\"caption\":\"La Tribune du Faso\"},\"image\":{\"@id\":\"https:\\\/\\\/www.latribunedufaso.net\\\/#\\\/schema\\\/logo\\\/image\\\/\"},\"sameAs\":[\"https:\\\/\\\/www.facebook.com\\\/LatribuneduFaso\\\/\"]},{\"@type\":\"Person\",\"@id\":\"https:\\\/\\\/www.latribunedufaso.net\\\/#\\\/schema\\\/person\\\/a380782d0605bb8aae27c40ea93b35b1\",\"name\":\"Administrateur\",\"image\":{\"@type\":\"ImageObject\",\"inLanguage\":\"fr-FR\",\"@id\":\"https:\\\/\\\/secure.gravatar.com\\\/avatar\\\/e20266f97d741f0e80ba1f60283074a9b3317fd7bfb727e0d95b51dafbf854a1?s=96&d=mm&r=g\",\"url\":\"https:\\\/\\\/secure.gravatar.com\\\/avatar\\\/e20266f97d741f0e80ba1f60283074a9b3317fd7bfb727e0d95b51dafbf854a1?s=96&d=mm&r=g\",\"contentUrl\":\"https:\\\/\\\/secure.gravatar.com\\\/avatar\\\/e20266f97d741f0e80ba1f60283074a9b3317fd7bfb727e0d95b51dafbf854a1?s=96&d=mm&r=g\",\"caption\":\"Administrateur\"},\"url\":\"https:\\\/\\\/www.latribunedufaso.net\\\/?author=2\"}]}<\/script>\n<!-- \/ Yoast SEO plugin. -->","yoast_head_json":{"title":"Conflits fonciers\u00a0: Le Cas de Toussiana d\u00e9crypt\u00e9 par GERDDES-Burkina - La Tribune du Faso","robots":{"index":"index","follow":"follow","max-snippet":"max-snippet:-1","max-image-preview":"max-image-preview:large","max-video-preview":"max-video-preview:-1"},"canonical":"https:\/\/www.latribunedufaso.net\/?p=5299","og_locale":"fr_FR","og_type":"article","og_title":"Conflits fonciers\u00a0: Le Cas de Toussiana d\u00e9crypt\u00e9 par GERDDES-Burkina - La Tribune du Faso","og_description":"\u00ab Promouvoir l\u2019esprit de paix et de coh\u00e9sion sociale dans cinq (05) communes du Burkina Faso \u00bb. C\u2019est dans le cadre de ce projet que le Groupe d\u2019Etudes et de Recherche sur la D\u00e9mocratie et le D\u00e9veloppement Economique et Social (GERDDES-Burkina), a form\u00e9 des acteurs de la commune de Toussiana du 11 au 12 mars 2022.","og_url":"https:\/\/www.latribunedufaso.net\/?p=5299","og_site_name":"La Tribune du Faso","article_publisher":"https:\/\/www.facebook.com\/LatribuneduFaso\/","article_published_time":"2022-03-14T00:19:57+00:00","article_modified_time":"2022-04-11T15:31:35+00:00","og_image":[{"width":2560,"height":1920,"url":"https:\/\/latribunedufaso.net\/wp-content\/uploads\/2022\/04\/IMG_20220311_112109_944-scaled.jpg","type":"image\/jpeg"}],"author":"Administrateur","twitter_misc":{"\u00c9crit par":"Administrateur","Dur\u00e9e de lecture estim\u00e9e":"4 minutes"},"schema":{"@context":"https:\/\/schema.org","@graph":[{"@type":"Article","@id":"https:\/\/www.latribunedufaso.net\/?p=5299#article","isPartOf":{"@id":"https:\/\/www.latribunedufaso.net\/?p=5299"},"author":{"name":"Administrateur","@id":"https:\/\/www.latribunedufaso.net\/#\/schema\/person\/a380782d0605bb8aae27c40ea93b35b1"},"headline":"Conflits fonciers\u00a0: Le Cas de Toussiana d\u00e9crypt\u00e9 par GERDDES-Burkina","datePublished":"2022-03-14T00:19:57+00:00","dateModified":"2022-04-11T15:31:35+00:00","mainEntityOfPage":{"@id":"https:\/\/www.latribunedufaso.net\/?p=5299"},"wordCount":593,"commentCount":0,"publisher":{"@id":"https:\/\/www.latribunedufaso.net\/#organization"},"image":{"@id":"https:\/\/www.latribunedufaso.net\/?p=5299#primaryimage"},"thumbnailUrl":"https:\/\/www.latribunedufaso.net\/wp-content\/uploads\/2022\/04\/IMG_20220311_112109_944-scaled.jpg","articleSection":["A la une","Actualit\u00e9","Soci\u00e9t\u00e9"],"inLanguage":"fr-FR","potentialAction":[{"@type":"CommentAction","name":"Comment","target":["https:\/\/www.latribunedufaso.net\/?p=5299#respond"]}]},{"@type":"WebPage","@id":"https:\/\/www.latribunedufaso.net\/?p=5299","url":"https:\/\/www.latribunedufaso.net\/?p=5299","name":"Conflits fonciers\u00a0: Le Cas de Toussiana d\u00e9crypt\u00e9 par GERDDES-Burkina - La Tribune du Faso","isPartOf":{"@id":"https:\/\/www.latribunedufaso.net\/#website"},"primaryImageOfPage":{"@id":"https:\/\/www.latribunedufaso.net\/?p=5299#primaryimage"},"image":{"@id":"https:\/\/www.latribunedufaso.net\/?p=5299#primaryimage"},"thumbnailUrl":"https:\/\/www.latribunedufaso.net\/wp-content\/uploads\/2022\/04\/IMG_20220311_112109_944-scaled.jpg","datePublished":"2022-03-14T00:19:57+00:00","dateModified":"2022-04-11T15:31:35+00:00","breadcrumb":{"@id":"https:\/\/www.latribunedufaso.net\/?p=5299#breadcrumb"},"inLanguage":"fr-FR","potentialAction":[{"@type":"ReadAction","target":["https:\/\/www.latribunedufaso.net\/?p=5299"]}]},{"@type":"ImageObject","inLanguage":"fr-FR","@id":"https:\/\/www.latribunedufaso.net\/?p=5299#primaryimage","url":"https:\/\/www.latribunedufaso.net\/wp-content\/uploads\/2022\/04\/IMG_20220311_112109_944-scaled.jpg","contentUrl":"https:\/\/www.latribunedufaso.net\/wp-content\/uploads\/2022\/04\/IMG_20220311_112109_944-scaled.jpg","width":2560,"height":1920},{"@type":"BreadcrumbList","@id":"https:\/\/www.latribunedufaso.net\/?p=5299#breadcrumb","itemListElement":[{"@type":"ListItem","position":1,"name":"Accueil","item":"https:\/\/www.latribunedufaso.net\/"},{"@type":"ListItem","position":2,"name":"Conflits fonciers\u00a0: Le Cas de Toussiana d\u00e9crypt\u00e9 par GERDDES-Burkina"}]},{"@type":"WebSite","@id":"https:\/\/www.latribunedufaso.net\/#website","url":"https:\/\/www.latribunedufaso.net\/","name":"La Tribune du Faso","description":"L&#039;information du monde rural en un clic","publisher":{"@id":"https:\/\/www.latribunedufaso.net\/#organization"},"potentialAction":[{"@type":"SearchAction","target":{"@type":"EntryPoint","urlTemplate":"https:\/\/www.latribunedufaso.net\/?s={search_term_string}"},"query-input":{"@type":"PropertyValueSpecification","valueRequired":true,"valueName":"search_term_string"}}],"inLanguage":"fr-FR"},{"@type":"Organization","@id":"https:\/\/www.latribunedufaso.net\/#organization","name":"La Tribune du Faso","url":"https:\/\/www.latribunedufaso.net\/","logo":{"@type":"ImageObject","inLanguage":"fr-FR","@id":"https:\/\/www.latribunedufaso.net\/#\/schema\/logo\/image\/","url":"https:\/\/www.latribunedufaso.net\/wp-content\/uploads\/2020\/08\/Logo-Tribune-du-Faso-final-scaled.jpg","contentUrl":"https:\/\/www.latribunedufaso.net\/wp-content\/uploads\/2020\/08\/Logo-Tribune-du-Faso-final-scaled.jpg","width":2560,"height":1856,"caption":"La Tribune du Faso"},"image":{"@id":"https:\/\/www.latribunedufaso.net\/#\/schema\/logo\/image\/"},"sameAs":["https:\/\/www.facebook.com\/LatribuneduFaso\/"]},{"@type":"Person","@id":"https:\/\/www.latribunedufaso.net\/#\/schema\/person\/a380782d0605bb8aae27c40ea93b35b1","name":"Administrateur","image":{"@type":"ImageObject","inLanguage":"fr-FR","@id":"https:\/\/secure.gravatar.com\/avatar\/e20266f97d741f0e80ba1f60283074a9b3317fd7bfb727e0d95b51dafbf854a1?s=96&d=mm&r=g","url":"https:\/\/secure.gravatar.com\/avatar\/e20266f97d741f0e80ba1f60283074a9b3317fd7bfb727e0d95b51dafbf854a1?s=96&d=mm&r=g","contentUrl":"https:\/\/secure.gravatar.com\/avatar\/e20266f97d741f0e80ba1f60283074a9b3317fd7bfb727e0d95b51dafbf854a1?s=96&d=mm&r=g","caption":"Administrateur"},"url":"https:\/\/www.latribunedufaso.net\/?author=2"}]}},"_links":{"self":[{"href":"https:\/\/www.latribunedufaso.net\/index.php?rest_route=\/wp\/v2\/posts\/5299","targetHints":{"allow":["GET"]}}],"collection":[{"href":"https:\/\/www.latribunedufaso.net\/index.php?rest_route=\/wp\/v2\/posts"}],"about":[{"href":"https:\/\/www.latribunedufaso.net\/index.php?rest_route=\/wp\/v2\/types\/post"}],"author":[{"embeddable":true,"href":"https:\/\/www.latribunedufaso.net\/index.php?rest_route=\/wp\/v2\/users\/2"}],"replies":[{"embeddable":true,"href":"https:\/\/www.latribunedufaso.net\/index.php?rest_route=%2Fwp%2Fv2%2Fcomments&post=5299"}],"version-history":[{"count":1,"href":"https:\/\/www.latribunedufaso.net\/index.php?rest_route=\/wp\/v2\/posts\/5299\/revisions"}],"predecessor-version":[{"id":5306,"href":"https:\/\/www.latribunedufaso.net\/index.php?rest_route=\/wp\/v2\/posts\/5299\/revisions\/5306"}],"wp:featuredmedia":[{"embeddable":true,"href":"https:\/\/www.latribunedufaso.net\/index.php?rest_route=\/wp\/v2\/media\/5305"}],"wp:attachment":[{"href":"https:\/\/www.latribunedufaso.net\/index.php?rest_route=%2Fwp%2Fv2%2Fmedia&parent=5299"}],"wp:term":[{"taxonomy":"category","embeddable":true,"href":"https:\/\/www.latribunedufaso.net\/index.php?rest_route=%2Fwp%2Fv2%2Fcategories&post=5299"},{"taxonomy":"post_tag","embeddable":true,"href":"https:\/\/www.latribunedufaso.net\/index.php?rest_route=%2Fwp%2Fv2%2Ftags&post=5299"}],"curies":[{"name":"wp","href":"https:\/\/api.w.org\/{rel}","templated":true}]}}