{"id":5166,"date":"2022-03-24T18:57:15","date_gmt":"2022-03-24T18:57:15","guid":{"rendered":"https:\/\/www.latribunedufaso.net\/?p=5166"},"modified":"2022-03-29T16:54:31","modified_gmt":"2022-03-29T16:54:31","slug":"burkina-faso-le-mpp-exige-lelargissement-immediat-et-sans-conditions-de-roch-kabore","status":"publish","type":"post","link":"https:\/\/www.latribunedufaso.net\/?p=5166","title":{"rendered":"Burkina Faso : Le MPP exige l\u2019\u00e9largissement imm\u00e9diat et sans conditions de Roch Kabor\u00e9"},"content":{"rendered":"<p style=\"text-align: justify;\"><strong><span style=\"font-size: 1.0625rem;\">24 janvier 2022 \u2013 24 mars 2022, cela fait deux (2) mois que suite au coup d\u2019\u00c9tat du Mouvement patriotique pour la sauvegarde et la restauration (MPSR), le r\u00e9gime du Mouvement du peuple pour le progr\u00e8s (MPP) a \u00e9t\u00e9 renvers\u00e9 et l\u2019ancien Pr\u00e9sident Roch Kabor\u00e9, \u00ab plus libre de ses mouvements \u00bb. C\u2019est dans ce cadre que les militants du parti ont anim\u00e9 une conf\u00e9rence de presse ce jeudi 24 mars 2022, afin de donner leur lecture de la situation nationale et de la vie du parti. C\u2019\u00e9tait sous la pr\u00e9sidence de Alassane Bala Sakand\u00e9, Pr\u00e9sident du parti, accompagn\u00e9 des Vice-pr\u00e9sidents Cl\u00e9ment Sawadogo, Salifo Tiemtor\u00e9, H\u00e9l\u00e8ne Marie Laurence Marshall, Stanislas Ouaro et Moussa Boly.<\/span><\/strong><br \/><!--more--><\/p>\n<p style=\"text-align: justify;\"><a href=\"https:\/\/latribunedufaso.net\/wp-content\/uploads\/2022\/03\/IMG-20220324-WA0038.jpg\"><img loading=\"lazy\" decoding=\"async\" class=\"size-medium wp-image-5216 alignright\" src=\"https:\/\/latribunedufaso.net\/wp-content\/uploads\/2022\/03\/IMG-20220324-WA0038-300x211.jpg\" alt=\"\" width=\"300\" height=\"211\" srcset=\"https:\/\/www.latribunedufaso.net\/wp-content\/uploads\/2022\/03\/IMG-20220324-WA0038-300x211.jpg 300w, https:\/\/www.latribunedufaso.net\/wp-content\/uploads\/2022\/03\/IMG-20220324-WA0038-1024x719.jpg 1024w, https:\/\/www.latribunedufaso.net\/wp-content\/uploads\/2022\/03\/IMG-20220324-WA0038-768x539.jpg 768w, https:\/\/www.latribunedufaso.net\/wp-content\/uploads\/2022\/03\/IMG-20220324-WA0038.jpg 1080w\" sizes=\"auto, (max-width: 300px) 100vw, 300px\" \/><\/a>En effet, \u00e0 entendre les animateurs de la pr\u00e9sente conf\u00e9rence de presse, l\u2019ancien Pr\u00e9sident Roch Kabor\u00e9 serait plut\u00f4t en d\u00e9tention et non en r\u00e9sidence surveill\u00e9e. \u00ab\u00a0Pour moi, ce n\u2019est pas une r\u00e9sidence surveill\u00e9e, mais le Pr\u00e9sident Kabor\u00e9 est en d\u00e9tention. Il ne peut passer qu\u2019une heure avec ses enfants, il n\u2019a pas droit au t\u00e9l\u00e9phone, il n\u2019a pas droit a\u0300 des visites qu\u2019il aurait souhait\u00e9es, etc \u00bb, a confi\u00e9 le Pr\u00e9sident du Mouvement du peuple pour le progr\u00e8s (MPP), Alassane Bala Sakand\u00e9, estimant que ce dernier ne m\u00e9rite pas de vivre cela.<\/p>\n<p style=\"text-align: justify;\">C\u2019est pourquoi, les militants de l&rsquo;ex parti au pouvoir disent avoir initi\u00e9 deux (2) correspondances. Une 1re pour demander une audience avec le Pr\u00e9sident Paul Henri Sandaogo Damiba, afin de discuter de la situation de Roch Kabor\u00e9. Et une 2e correspondance, o\u00f9 ils ont demand\u00e9 \u00e0 lui rendre visite pour conna\u00eetre les conditions dans lesquelles il vit. Ce qui fut sans gain de cause, \u00e0 les croire. \u00ab\u00a0Nous n\u2019avons pas re\u00e7u de r\u00e9ponse, ne serait-ce que par simple courtoisie\u00a0\u00bb, a fait savoir Alassane Bala Sakand\u00e9.<\/p>\n<p style=\"text-align: justify;\">Roch Kabor\u00e9 n\u2019\u00e9tant \u00ab\u00a0pas priv\u00e9 de libert\u00e9 du fait de la justice\u00a0\u00bb, les militants du parti exigent ainsi sa lib\u00e9ration imm\u00e9diate et sans conditions\u00a0; invitent pour ce faire,\u00a0\u00ab tous les d\u00e9mocrates et patriotes \u00e9pris de paix et de justice\u00a0\u00bb \u00e0 se joindre \u00e0 eux\u00a0; et adressent leurs remerciements \u00e0 tous les acteurs qui \u0153uvrent dans le m\u00eame sens.<\/p>\n<p style=\"text-align: justify;\">Pour parler des multiples d\u00e9missions r\u00e9centes au sein du parti, les 1ers responsables disent en \u00eatre surpris. \u00ab\u00a0Nous avons appris tout comme vous, par les m\u00eames canaux, la d\u00e9mission d\u2019un certain nombre de nos militants \u00e0 divers niveaux de nos instances et structures. Nous ignorons les raisons qui les ont pouss\u00e9s \u00e0 une telle d\u00e9cision en ce moment pr\u00e9cis. Toutefois, nous en avons pris acte et nous respectons leur libre choix \u00bb, a affirm\u00e9 Alassane Bala Sakand\u00e9.<\/p>\n<p style=\"text-align: justify;\">Malgr\u00e9 la situation \u00e0 laquelle fait face le MPP, sa direction politique s\u2019engage \u00e0 assurer son fonctionnement normal. A cet effet, elle envisage \u00a0tenir tr\u00e8s prochainement la 1re session ordinaire du Bureau politique national (BPN).<\/p>\n<p style=\"text-align: justify;\">Pour finir, le principal animateur de la conf\u00e9rence, Alassane Bala Sakand\u00e9, a saisi l\u2019occasion pour appeler l\u2019ensemble des militants du parti, o\u00f9 qu\u2019ils se trouvent, \u00ab\u00a0\u00e0 la coh\u00e9sion, \u00e0 l\u2019unit\u00e9, \u00e0 la solidarit\u00e9\u00a0; \u00e0 faire en sorte que le parti puisse rester d\u00e9bout et se pr\u00e9parer pour les batailles futures\u00a0\u00bb.<\/p>\n<p style=\"text-align: justify;\"><strong>Aliz\u00e8ta Zour\u00e9\u00a0<\/strong><\/p>\n<p style=\"text-align: justify;\"><strong>Latribunedufaso.net<\/strong><\/p>\n<p style=\"text-align: justify;\">\u00a0<\/p>\n","protected":false},"excerpt":{"rendered":"<p>24 janvier 2022 \u2013 24 mars 2022, cela fait deux (2) mois que suite au coup d\u2019\u00c9tat du Mouvement patriotique pour la sauvegarde et la restauration (MPSR), le r\u00e9gime du Mouvement du peuple pour le progr\u00e8s (MPP) a \u00e9t\u00e9 renvers\u00e9 et l\u2019ancien Pr\u00e9sident Roch Kabor\u00e9, \u00ab plus libre de ses mouvements \u00bb. C\u2019est dans ce cadre que les militants du parti ont anim\u00e9 une conf\u00e9rence de presse ce jeudi 24 mars 2022, afin de donner leur lecture de la situation nationale et de la vie du parti. C\u2019\u00e9tait sous la pr\u00e9sidence de Alassane Bala Sakand\u00e9, Pr\u00e9sident du parti, accompagn\u00e9 des Vice-pr\u00e9sidents Cl\u00e9ment Sawadogo, Salifo Tiemtor\u00e9, H\u00e9l\u00e8ne Marie Laurence Marshall, Stanislas Ouaro et Moussa Boly.<\/p>\n","protected":false},"author":2,"featured_media":5215,"comment_status":"open","ping_status":"open","sticky":false,"template":"","format":"standard","meta":{"footnotes":""},"categories":[13,1,8],"tags":[],"class_list":["post-5166","post","type-post","status-publish","format-standard","has-post-thumbnail","hentry","category-une","category-actu","category-societe"],"yoast_head":"<!-- This site is optimized with the Yoast SEO plugin v27.4 - https:\/\/yoast.com\/product\/yoast-seo-wordpress\/ -->\n<title>Burkina Faso : Le MPP exige l\u2019\u00e9largissement imm\u00e9diat et sans conditions de Roch Kabor\u00e9 - La Tribune du Faso<\/title>\n<meta name=\"robots\" content=\"index, follow, max-snippet:-1, max-image-preview:large, max-video-preview:-1\" \/>\n<link rel=\"canonical\" href=\"https:\/\/www.latribunedufaso.net\/?p=5166\" \/>\n<meta property=\"og:locale\" content=\"fr_FR\" \/>\n<meta property=\"og:type\" content=\"article\" \/>\n<meta property=\"og:title\" content=\"Burkina Faso : Le MPP exige l\u2019\u00e9largissement imm\u00e9diat et sans conditions de Roch Kabor\u00e9 - La Tribune du Faso\" \/>\n<meta property=\"og:description\" content=\"24 janvier 2022 \u2013 24 mars 2022, cela fait deux (2) mois que suite au coup d\u2019\u00c9tat du Mouvement patriotique pour la sauvegarde et la restauration (MPSR), le r\u00e9gime du Mouvement du peuple pour le progr\u00e8s (MPP) a \u00e9t\u00e9 renvers\u00e9 et l\u2019ancien Pr\u00e9sident Roch Kabor\u00e9, \u00ab plus libre de ses mouvements \u00bb. C\u2019est dans ce cadre que les militants du parti ont anim\u00e9 une conf\u00e9rence de presse ce jeudi 24 mars 2022, afin de donner leur lecture de la situation nationale et de la vie du parti. C\u2019\u00e9tait sous la pr\u00e9sidence de Alassane Bala Sakand\u00e9, Pr\u00e9sident du parti, accompagn\u00e9 des Vice-pr\u00e9sidents Cl\u00e9ment Sawadogo, Salifo Tiemtor\u00e9, H\u00e9l\u00e8ne Marie Laurence Marshall, Stanislas Ouaro et Moussa Boly.\" \/>\n<meta property=\"og:url\" content=\"https:\/\/www.latribunedufaso.net\/?p=5166\" \/>\n<meta property=\"og:site_name\" content=\"La Tribune du Faso\" \/>\n<meta property=\"article:publisher\" content=\"https:\/\/www.facebook.com\/LatribuneduFaso\/\" \/>\n<meta property=\"article:published_time\" content=\"2022-03-24T18:57:15+00:00\" \/>\n<meta property=\"article:modified_time\" content=\"2022-03-29T16:54:31+00:00\" \/>\n<meta property=\"og:image\" content=\"https:\/\/latribunedufaso.net\/wp-content\/uploads\/2022\/03\/IMG-20220324-WA0041.jpg\" \/>\n\t<meta property=\"og:image:width\" content=\"1080\" \/>\n\t<meta property=\"og:image:height\" content=\"525\" \/>\n\t<meta property=\"og:image:type\" content=\"image\/jpeg\" \/>\n<meta name=\"author\" content=\"Administrateur\" \/>\n<meta name=\"twitter:label1\" content=\"\u00c9crit par\" \/>\n\t<meta name=\"twitter:data1\" content=\"Administrateur\" \/>\n\t<meta name=\"twitter:label2\" content=\"Dur\u00e9e de lecture estim\u00e9e\" \/>\n\t<meta name=\"twitter:data2\" content=\"3 minutes\" \/>\n<script type=\"application\/ld+json\" class=\"yoast-schema-graph\">{\"@context\":\"https:\\\/\\\/schema.org\",\"@graph\":[{\"@type\":\"Article\",\"@id\":\"https:\\\/\\\/www.latribunedufaso.net\\\/?p=5166#article\",\"isPartOf\":{\"@id\":\"https:\\\/\\\/www.latribunedufaso.net\\\/?p=5166\"},\"author\":{\"name\":\"Administrateur\",\"@id\":\"https:\\\/\\\/www.latribunedufaso.net\\\/#\\\/schema\\\/person\\\/a380782d0605bb8aae27c40ea93b35b1\"},\"headline\":\"Burkina Faso : Le MPP exige l\u2019\u00e9largissement imm\u00e9diat et sans conditions de Roch Kabor\u00e9\",\"datePublished\":\"2022-03-24T18:57:15+00:00\",\"dateModified\":\"2022-03-29T16:54:31+00:00\",\"mainEntityOfPage\":{\"@id\":\"https:\\\/\\\/www.latribunedufaso.net\\\/?p=5166\"},\"wordCount\":571,\"commentCount\":0,\"publisher\":{\"@id\":\"https:\\\/\\\/www.latribunedufaso.net\\\/#organization\"},\"image\":{\"@id\":\"https:\\\/\\\/www.latribunedufaso.net\\\/?p=5166#primaryimage\"},\"thumbnailUrl\":\"https:\\\/\\\/www.latribunedufaso.net\\\/wp-content\\\/uploads\\\/2022\\\/03\\\/IMG-20220324-WA0041.jpg\",\"articleSection\":[\"A la une\",\"Actualit\u00e9\",\"Soci\u00e9t\u00e9\"],\"inLanguage\":\"fr-FR\",\"potentialAction\":[{\"@type\":\"CommentAction\",\"name\":\"Comment\",\"target\":[\"https:\\\/\\\/www.latribunedufaso.net\\\/?p=5166#respond\"]}]},{\"@type\":\"WebPage\",\"@id\":\"https:\\\/\\\/www.latribunedufaso.net\\\/?p=5166\",\"url\":\"https:\\\/\\\/www.latribunedufaso.net\\\/?p=5166\",\"name\":\"Burkina Faso : Le MPP exige l\u2019\u00e9largissement imm\u00e9diat et sans conditions de Roch Kabor\u00e9 - La Tribune du Faso\",\"isPartOf\":{\"@id\":\"https:\\\/\\\/www.latribunedufaso.net\\\/#website\"},\"primaryImageOfPage\":{\"@id\":\"https:\\\/\\\/www.latribunedufaso.net\\\/?p=5166#primaryimage\"},\"image\":{\"@id\":\"https:\\\/\\\/www.latribunedufaso.net\\\/?p=5166#primaryimage\"},\"thumbnailUrl\":\"https:\\\/\\\/www.latribunedufaso.net\\\/wp-content\\\/uploads\\\/2022\\\/03\\\/IMG-20220324-WA0041.jpg\",\"datePublished\":\"2022-03-24T18:57:15+00:00\",\"dateModified\":\"2022-03-29T16:54:31+00:00\",\"breadcrumb\":{\"@id\":\"https:\\\/\\\/www.latribunedufaso.net\\\/?p=5166#breadcrumb\"},\"inLanguage\":\"fr-FR\",\"potentialAction\":[{\"@type\":\"ReadAction\",\"target\":[\"https:\\\/\\\/www.latribunedufaso.net\\\/?p=5166\"]}]},{\"@type\":\"ImageObject\",\"inLanguage\":\"fr-FR\",\"@id\":\"https:\\\/\\\/www.latribunedufaso.net\\\/?p=5166#primaryimage\",\"url\":\"https:\\\/\\\/www.latribunedufaso.net\\\/wp-content\\\/uploads\\\/2022\\\/03\\\/IMG-20220324-WA0041.jpg\",\"contentUrl\":\"https:\\\/\\\/www.latribunedufaso.net\\\/wp-content\\\/uploads\\\/2022\\\/03\\\/IMG-20220324-WA0041.jpg\",\"width\":1080,\"height\":525},{\"@type\":\"BreadcrumbList\",\"@id\":\"https:\\\/\\\/www.latribunedufaso.net\\\/?p=5166#breadcrumb\",\"itemListElement\":[{\"@type\":\"ListItem\",\"position\":1,\"name\":\"Accueil\",\"item\":\"https:\\\/\\\/www.latribunedufaso.net\\\/\"},{\"@type\":\"ListItem\",\"position\":2,\"name\":\"Burkina Faso : Le MPP exige l\u2019\u00e9largissement imm\u00e9diat et sans conditions de Roch Kabor\u00e9\"}]},{\"@type\":\"WebSite\",\"@id\":\"https:\\\/\\\/www.latribunedufaso.net\\\/#website\",\"url\":\"https:\\\/\\\/www.latribunedufaso.net\\\/\",\"name\":\"La Tribune du Faso\",\"description\":\"L&#039;information du monde rural en un clic\",\"publisher\":{\"@id\":\"https:\\\/\\\/www.latribunedufaso.net\\\/#organization\"},\"potentialAction\":[{\"@type\":\"SearchAction\",\"target\":{\"@type\":\"EntryPoint\",\"urlTemplate\":\"https:\\\/\\\/www.latribunedufaso.net\\\/?s={search_term_string}\"},\"query-input\":{\"@type\":\"PropertyValueSpecification\",\"valueRequired\":true,\"valueName\":\"search_term_string\"}}],\"inLanguage\":\"fr-FR\"},{\"@type\":\"Organization\",\"@id\":\"https:\\\/\\\/www.latribunedufaso.net\\\/#organization\",\"name\":\"La Tribune du Faso\",\"url\":\"https:\\\/\\\/www.latribunedufaso.net\\\/\",\"logo\":{\"@type\":\"ImageObject\",\"inLanguage\":\"fr-FR\",\"@id\":\"https:\\\/\\\/www.latribunedufaso.net\\\/#\\\/schema\\\/logo\\\/image\\\/\",\"url\":\"https:\\\/\\\/www.latribunedufaso.net\\\/wp-content\\\/uploads\\\/2020\\\/08\\\/Logo-Tribune-du-Faso-final-scaled.jpg\",\"contentUrl\":\"https:\\\/\\\/www.latribunedufaso.net\\\/wp-content\\\/uploads\\\/2020\\\/08\\\/Logo-Tribune-du-Faso-final-scaled.jpg\",\"width\":2560,\"height\":1856,\"caption\":\"La Tribune du Faso\"},\"image\":{\"@id\":\"https:\\\/\\\/www.latribunedufaso.net\\\/#\\\/schema\\\/logo\\\/image\\\/\"},\"sameAs\":[\"https:\\\/\\\/www.facebook.com\\\/LatribuneduFaso\\\/\"]},{\"@type\":\"Person\",\"@id\":\"https:\\\/\\\/www.latribunedufaso.net\\\/#\\\/schema\\\/person\\\/a380782d0605bb8aae27c40ea93b35b1\",\"name\":\"Administrateur\",\"image\":{\"@type\":\"ImageObject\",\"inLanguage\":\"fr-FR\",\"@id\":\"https:\\\/\\\/secure.gravatar.com\\\/avatar\\\/e20266f97d741f0e80ba1f60283074a9b3317fd7bfb727e0d95b51dafbf854a1?s=96&d=mm&r=g\",\"url\":\"https:\\\/\\\/secure.gravatar.com\\\/avatar\\\/e20266f97d741f0e80ba1f60283074a9b3317fd7bfb727e0d95b51dafbf854a1?s=96&d=mm&r=g\",\"contentUrl\":\"https:\\\/\\\/secure.gravatar.com\\\/avatar\\\/e20266f97d741f0e80ba1f60283074a9b3317fd7bfb727e0d95b51dafbf854a1?s=96&d=mm&r=g\",\"caption\":\"Administrateur\"},\"url\":\"https:\\\/\\\/www.latribunedufaso.net\\\/?author=2\"}]}<\/script>\n<!-- \/ Yoast SEO plugin. -->","yoast_head_json":{"title":"Burkina Faso : Le MPP exige l\u2019\u00e9largissement imm\u00e9diat et sans conditions de Roch Kabor\u00e9 - La Tribune du Faso","robots":{"index":"index","follow":"follow","max-snippet":"max-snippet:-1","max-image-preview":"max-image-preview:large","max-video-preview":"max-video-preview:-1"},"canonical":"https:\/\/www.latribunedufaso.net\/?p=5166","og_locale":"fr_FR","og_type":"article","og_title":"Burkina Faso : Le MPP exige l\u2019\u00e9largissement imm\u00e9diat et sans conditions de Roch Kabor\u00e9 - La Tribune du Faso","og_description":"24 janvier 2022 \u2013 24 mars 2022, cela fait deux (2) mois que suite au coup d\u2019\u00c9tat du Mouvement patriotique pour la sauvegarde et la restauration (MPSR), le r\u00e9gime du Mouvement du peuple pour le progr\u00e8s (MPP) a \u00e9t\u00e9 renvers\u00e9 et l\u2019ancien Pr\u00e9sident Roch Kabor\u00e9, \u00ab plus libre de ses mouvements \u00bb. C\u2019est dans ce cadre que les militants du parti ont anim\u00e9 une conf\u00e9rence de presse ce jeudi 24 mars 2022, afin de donner leur lecture de la situation nationale et de la vie du parti. C\u2019\u00e9tait sous la pr\u00e9sidence de Alassane Bala Sakand\u00e9, Pr\u00e9sident du parti, accompagn\u00e9 des Vice-pr\u00e9sidents Cl\u00e9ment Sawadogo, Salifo Tiemtor\u00e9, H\u00e9l\u00e8ne Marie Laurence Marshall, Stanislas Ouaro et Moussa Boly.","og_url":"https:\/\/www.latribunedufaso.net\/?p=5166","og_site_name":"La Tribune du Faso","article_publisher":"https:\/\/www.facebook.com\/LatribuneduFaso\/","article_published_time":"2022-03-24T18:57:15+00:00","article_modified_time":"2022-03-29T16:54:31+00:00","og_image":[{"width":1080,"height":525,"url":"https:\/\/latribunedufaso.net\/wp-content\/uploads\/2022\/03\/IMG-20220324-WA0041.jpg","type":"image\/jpeg"}],"author":"Administrateur","twitter_misc":{"\u00c9crit par":"Administrateur","Dur\u00e9e de lecture estim\u00e9e":"3 minutes"},"schema":{"@context":"https:\/\/schema.org","@graph":[{"@type":"Article","@id":"https:\/\/www.latribunedufaso.net\/?p=5166#article","isPartOf":{"@id":"https:\/\/www.latribunedufaso.net\/?p=5166"},"author":{"name":"Administrateur","@id":"https:\/\/www.latribunedufaso.net\/#\/schema\/person\/a380782d0605bb8aae27c40ea93b35b1"},"headline":"Burkina Faso : Le MPP exige l\u2019\u00e9largissement imm\u00e9diat et sans conditions de Roch Kabor\u00e9","datePublished":"2022-03-24T18:57:15+00:00","dateModified":"2022-03-29T16:54:31+00:00","mainEntityOfPage":{"@id":"https:\/\/www.latribunedufaso.net\/?p=5166"},"wordCount":571,"commentCount":0,"publisher":{"@id":"https:\/\/www.latribunedufaso.net\/#organization"},"image":{"@id":"https:\/\/www.latribunedufaso.net\/?p=5166#primaryimage"},"thumbnailUrl":"https:\/\/www.latribunedufaso.net\/wp-content\/uploads\/2022\/03\/IMG-20220324-WA0041.jpg","articleSection":["A la une","Actualit\u00e9","Soci\u00e9t\u00e9"],"inLanguage":"fr-FR","potentialAction":[{"@type":"CommentAction","name":"Comment","target":["https:\/\/www.latribunedufaso.net\/?p=5166#respond"]}]},{"@type":"WebPage","@id":"https:\/\/www.latribunedufaso.net\/?p=5166","url":"https:\/\/www.latribunedufaso.net\/?p=5166","name":"Burkina Faso : Le MPP exige l\u2019\u00e9largissement imm\u00e9diat et sans conditions de Roch Kabor\u00e9 - La Tribune du Faso","isPartOf":{"@id":"https:\/\/www.latribunedufaso.net\/#website"},"primaryImageOfPage":{"@id":"https:\/\/www.latribunedufaso.net\/?p=5166#primaryimage"},"image":{"@id":"https:\/\/www.latribunedufaso.net\/?p=5166#primaryimage"},"thumbnailUrl":"https:\/\/www.latribunedufaso.net\/wp-content\/uploads\/2022\/03\/IMG-20220324-WA0041.jpg","datePublished":"2022-03-24T18:57:15+00:00","dateModified":"2022-03-29T16:54:31+00:00","breadcrumb":{"@id":"https:\/\/www.latribunedufaso.net\/?p=5166#breadcrumb"},"inLanguage":"fr-FR","potentialAction":[{"@type":"ReadAction","target":["https:\/\/www.latribunedufaso.net\/?p=5166"]}]},{"@type":"ImageObject","inLanguage":"fr-FR","@id":"https:\/\/www.latribunedufaso.net\/?p=5166#primaryimage","url":"https:\/\/www.latribunedufaso.net\/wp-content\/uploads\/2022\/03\/IMG-20220324-WA0041.jpg","contentUrl":"https:\/\/www.latribunedufaso.net\/wp-content\/uploads\/2022\/03\/IMG-20220324-WA0041.jpg","width":1080,"height":525},{"@type":"BreadcrumbList","@id":"https:\/\/www.latribunedufaso.net\/?p=5166#breadcrumb","itemListElement":[{"@type":"ListItem","position":1,"name":"Accueil","item":"https:\/\/www.latribunedufaso.net\/"},{"@type":"ListItem","position":2,"name":"Burkina Faso : Le MPP exige l\u2019\u00e9largissement imm\u00e9diat et sans conditions de Roch Kabor\u00e9"}]},{"@type":"WebSite","@id":"https:\/\/www.latribunedufaso.net\/#website","url":"https:\/\/www.latribunedufaso.net\/","name":"La Tribune du Faso","description":"L&#039;information du monde rural en un clic","publisher":{"@id":"https:\/\/www.latribunedufaso.net\/#organization"},"potentialAction":[{"@type":"SearchAction","target":{"@type":"EntryPoint","urlTemplate":"https:\/\/www.latribunedufaso.net\/?s={search_term_string}"},"query-input":{"@type":"PropertyValueSpecification","valueRequired":true,"valueName":"search_term_string"}}],"inLanguage":"fr-FR"},{"@type":"Organization","@id":"https:\/\/www.latribunedufaso.net\/#organization","name":"La Tribune du Faso","url":"https:\/\/www.latribunedufaso.net\/","logo":{"@type":"ImageObject","inLanguage":"fr-FR","@id":"https:\/\/www.latribunedufaso.net\/#\/schema\/logo\/image\/","url":"https:\/\/www.latribunedufaso.net\/wp-content\/uploads\/2020\/08\/Logo-Tribune-du-Faso-final-scaled.jpg","contentUrl":"https:\/\/www.latribunedufaso.net\/wp-content\/uploads\/2020\/08\/Logo-Tribune-du-Faso-final-scaled.jpg","width":2560,"height":1856,"caption":"La Tribune du Faso"},"image":{"@id":"https:\/\/www.latribunedufaso.net\/#\/schema\/logo\/image\/"},"sameAs":["https:\/\/www.facebook.com\/LatribuneduFaso\/"]},{"@type":"Person","@id":"https:\/\/www.latribunedufaso.net\/#\/schema\/person\/a380782d0605bb8aae27c40ea93b35b1","name":"Administrateur","image":{"@type":"ImageObject","inLanguage":"fr-FR","@id":"https:\/\/secure.gravatar.com\/avatar\/e20266f97d741f0e80ba1f60283074a9b3317fd7bfb727e0d95b51dafbf854a1?s=96&d=mm&r=g","url":"https:\/\/secure.gravatar.com\/avatar\/e20266f97d741f0e80ba1f60283074a9b3317fd7bfb727e0d95b51dafbf854a1?s=96&d=mm&r=g","contentUrl":"https:\/\/secure.gravatar.com\/avatar\/e20266f97d741f0e80ba1f60283074a9b3317fd7bfb727e0d95b51dafbf854a1?s=96&d=mm&r=g","caption":"Administrateur"},"url":"https:\/\/www.latribunedufaso.net\/?author=2"}]}},"_links":{"self":[{"href":"https:\/\/www.latribunedufaso.net\/index.php?rest_route=\/wp\/v2\/posts\/5166","targetHints":{"allow":["GET"]}}],"collection":[{"href":"https:\/\/www.latribunedufaso.net\/index.php?rest_route=\/wp\/v2\/posts"}],"about":[{"href":"https:\/\/www.latribunedufaso.net\/index.php?rest_route=\/wp\/v2\/types\/post"}],"author":[{"embeddable":true,"href":"https:\/\/www.latribunedufaso.net\/index.php?rest_route=\/wp\/v2\/users\/2"}],"replies":[{"embeddable":true,"href":"https:\/\/www.latribunedufaso.net\/index.php?rest_route=%2Fwp%2Fv2%2Fcomments&post=5166"}],"version-history":[{"count":1,"href":"https:\/\/www.latribunedufaso.net\/index.php?rest_route=\/wp\/v2\/posts\/5166\/revisions"}],"predecessor-version":[{"id":5217,"href":"https:\/\/www.latribunedufaso.net\/index.php?rest_route=\/wp\/v2\/posts\/5166\/revisions\/5217"}],"wp:featuredmedia":[{"embeddable":true,"href":"https:\/\/www.latribunedufaso.net\/index.php?rest_route=\/wp\/v2\/media\/5215"}],"wp:attachment":[{"href":"https:\/\/www.latribunedufaso.net\/index.php?rest_route=%2Fwp%2Fv2%2Fmedia&parent=5166"}],"wp:term":[{"taxonomy":"category","embeddable":true,"href":"https:\/\/www.latribunedufaso.net\/index.php?rest_route=%2Fwp%2Fv2%2Fcategories&post=5166"},{"taxonomy":"post_tag","embeddable":true,"href":"https:\/\/www.latribunedufaso.net\/index.php?rest_route=%2Fwp%2Fv2%2Ftags&post=5166"}],"curies":[{"name":"wp","href":"https:\/\/api.w.org\/{rel}","templated":true}]}}