{"id":4960,"date":"2022-01-26T10:56:57","date_gmt":"2022-01-26T10:56:57","guid":{"rendered":"https:\/\/www.latribunedufaso.net\/?p=4960"},"modified":"2022-01-26T11:01:32","modified_gmt":"2022-01-26T11:01:32","slug":"prise-du-pouvoir-par-le-mpsr-ce-que-la-population-attend-de-larmee","status":"publish","type":"post","link":"https:\/\/www.latribunedufaso.net\/?p=4960","title":{"rendered":"Prise du pouvoir par le MPSR\u00a0: Ce que la population attend de l\u2019arm\u00e9e"},"content":{"rendered":"<p><strong>Ce lundi 24 janvier 2022, le Pr\u00e9sident du Faso, Roch Kabor\u00e9, a \u00e9t\u00e9 renvers\u00e9 par le Mouvement patriotique pour la sauvegarde et la restauration (MPSR), conduit par l\u2019arm\u00e9e, avec \u00e0 sa t\u00eate le Lieutenant-colonel Paul-Henri Sandaogo Damiba. Afin de savoir ce que les populations attendent de ce mouvement, nous avons balad\u00e9 notre micro ce mardi 25 janvier 2022 dans les rues de Ouagadougou, la capitale du pays.<\/strong><br \/>\n<!--more--><\/p>\n<p><img loading=\"lazy\" decoding=\"async\" class=\"size-medium wp-image-4962 aligncenter\" src=\"https:\/\/latribunedufaso.net\/wp-content\/uploads\/2022\/01\/IMG-20220125-WA0018-288x300.jpg\" alt=\"\" width=\"288\" height=\"300\" srcset=\"https:\/\/www.latribunedufaso.net\/wp-content\/uploads\/2022\/01\/IMG-20220125-WA0018-288x300.jpg 288w, https:\/\/www.latribunedufaso.net\/wp-content\/uploads\/2022\/01\/IMG-20220125-WA0018-768x801.jpg 768w, https:\/\/www.latribunedufaso.net\/wp-content\/uploads\/2022\/01\/IMG-20220125-WA0018.jpg 823w\" sizes=\"auto, (max-width: 288px) 100vw, 288px\" \/><\/p>\n<p><strong style=\"font-size: 1.0625rem;\">Abdoul Amidou Sar\u00e9, \u00e9lectricien<\/strong><span style=\"font-size: 1.0625rem;\"> : \u00ab <\/span><em style=\"font-size: 1.0625rem;\">Il ne faut pas que le MPSR fasse comme le r\u00e9gime MPP sortant. Que les autorit\u00e9s actuelles essaient de voir comment r\u00e9soudre les probl\u00e8mes d\u2019ins\u00e9curit\u00e9, afin que les nombreuses personnes qui ont \u00e9t\u00e9 contraintes \u00e0 quitter leurs localit\u00e9s d\u2019origine puissent les rejoindre. Que le pays retrouve sa tranquillit\u00e9. C\u2019est ce que nous souhaitons pour la suite des \u00e9v\u00e8nements<\/em><span style=\"font-size: 1.0625rem;\"> \u00bb.<\/span><\/p>\n<p><strong>Madame Nadine Zoungrana, commer\u00e7ante<\/strong> : \u00ab <em>Ce que les \u00e9l\u00e9ments de l\u2019arm\u00e9e ont fait, je crois que c\u2019est pour notre bien \u00e0 tous. Alors, je prie vraiment que Dieu les aide. Que Dieu soit leur guide, afin qu\u2019ils puissent mieux g\u00e9rer le pays<\/em> \u00bb.<\/p>\n<p><a href=\"https:\/\/latribunedufaso.net\/wp-content\/uploads\/2022\/01\/IMG-20220125-WA0020.jpg\"><img loading=\"lazy\" decoding=\"async\" class=\"alignnone size-medium wp-image-4963\" src=\"https:\/\/latribunedufaso.net\/wp-content\/uploads\/2022\/01\/IMG-20220125-WA0020-300x225.jpg\" alt=\"\" width=\"300\" height=\"225\" srcset=\"https:\/\/www.latribunedufaso.net\/wp-content\/uploads\/2022\/01\/IMG-20220125-WA0020-300x225.jpg 300w, https:\/\/www.latribunedufaso.net\/wp-content\/uploads\/2022\/01\/IMG-20220125-WA0020.jpg 616w\" sizes=\"auto, (max-width: 300px) 100vw, 300px\" \/><\/a><\/p>\n<p><strong style=\"font-size: 1.0625rem;\">Ou\u00e9draogo Youba, g\u00e9rant de Telecom<\/strong><span style=\"font-size: 1.0625rem;\"> : \u00ab <\/span><em style=\"font-size: 1.0625rem;\">En tout cas nous sommes bien contents de ce que l\u2019arm\u00e9e a fait. Sinon la fa\u00e7on dont les \u00e9v\u00e9nements se d\u00e9roulaient dans le pays nous d\u00e9courageait, mais on ne savait vraiment quoi faire. Donc nous sommes fiers de ce qui a \u00e9t\u00e9 fait. Et nous demandons aux autorit\u00e9s actuelles de faire vraiment mieux, pour que les choses ne soient plus comme avant<\/em><span style=\"font-size: 1.0625rem;\"> \u00bb.<\/span><\/p>\n<p><strong>Madi Kouraogo, \u00e9tudiant<\/strong> : \u00ab <em>Pour le moment, je me retiens de manifester ma joie, vue la d\u00e9nomination du mouvement, Mouvement patriotique pour la sauvegarde et la restauration. Sauvegarder et restaurer quoi ou qui ? Autant de questions que je me pose. Je suis pour un coup d\u2019\u00c9tat, oui, mais un coup d\u2019\u00c9tat qui coupe le cordon ombilical avec la France. J\u2019attends donc des autorit\u00e9s actuelles, une coupure totale avec la France et l\u2019ancien r\u00e9gime<\/em> \u00bb.<\/p>\n<p><strong>Mme Kabor\u00e9, riveraine\u00a0:<\/strong> <em>\u00ab\u00a0D\u2019abord, je pense personnellement que ce coup d\u2019Etat est un recul pour notre pays. Si les \u00e9l\u00e9ments de l\u2019arm\u00e9e pouvaient g\u00e9rer les probl\u00e8mes du pays, pourquoi ne l\u2019avoir pas fait au moment o\u00f9 Roch \u00e9tait au pouvoir. Aujourd\u2019hui c\u2019est trop oser de venir nous dire qu\u2019ils vont remettre le Burkina sur le bon chemin, alors que c\u2019est eux qui sont charg\u00e9s de la s\u00e9curit\u00e9 depuis. Bon, mais en tout cas on attend de voir. Tout ce qu\u2019on souhaite, c\u2019est que r\u00e9ellement ils soient en mesure de mettre le pays sur le bon chemin. C\u2019est ce que nous attendons\u00a0\u00bb.<\/em><\/p>\n<p><strong>Propos recueillis par Aliz\u00e8ta Zour\u00e9 et Haramy Son (Stagiaire)<\/strong><br \/>\n<strong>Latribunedufaso.net<\/strong><\/p>\n","protected":false},"excerpt":{"rendered":"<p>Ce lundi 24 janvier 2022, le Pr\u00e9sident du Faso, Roch Kabor\u00e9, a \u00e9t\u00e9 renvers\u00e9 par le Mouvement patriotique pour la sauvegarde et la restauration (MPSR), conduit par l\u2019arm\u00e9e, avec \u00e0 sa t\u00eate le Lieutenant-colonel Paul-Henri Sandaogo Damiba. Afin de savoir ce que les populations attendent de ce mouvement, nous avons balad\u00e9 notre micro ce mardi 25 janvier 2022 dans les rues de Ouagadougou, la capitale du pays.<\/p>\n","protected":false},"author":2,"featured_media":4961,"comment_status":"open","ping_status":"open","sticky":false,"template":"","format":"standard","meta":{"footnotes":""},"categories":[13,1,8],"tags":[],"class_list":["post-4960","post","type-post","status-publish","format-standard","has-post-thumbnail","hentry","category-une","category-actu","category-societe"],"yoast_head":"<!-- This site is optimized with the Yoast SEO plugin v27.5 - https:\/\/yoast.com\/product\/yoast-seo-wordpress\/ -->\n<title>Prise du pouvoir par le MPSR\u00a0: Ce que la population attend de l\u2019arm\u00e9e - La Tribune du Faso<\/title>\n<meta name=\"robots\" content=\"index, follow, max-snippet:-1, max-image-preview:large, max-video-preview:-1\" \/>\n<link rel=\"canonical\" href=\"https:\/\/www.latribunedufaso.net\/?p=4960\" \/>\n<meta property=\"og:locale\" content=\"fr_FR\" \/>\n<meta property=\"og:type\" content=\"article\" \/>\n<meta property=\"og:title\" content=\"Prise du pouvoir par le MPSR\u00a0: Ce que la population attend de l\u2019arm\u00e9e - La Tribune du Faso\" \/>\n<meta property=\"og:description\" content=\"Ce lundi 24 janvier 2022, le Pr\u00e9sident du Faso, Roch Kabor\u00e9, a \u00e9t\u00e9 renvers\u00e9 par le Mouvement patriotique pour la sauvegarde et la restauration (MPSR), conduit par l\u2019arm\u00e9e, avec \u00e0 sa t\u00eate le Lieutenant-colonel Paul-Henri Sandaogo Damiba. Afin de savoir ce que les populations attendent de ce mouvement, nous avons balad\u00e9 notre micro ce mardi 25 janvier 2022 dans les rues de Ouagadougou, la capitale du pays.\" \/>\n<meta property=\"og:url\" content=\"https:\/\/www.latribunedufaso.net\/?p=4960\" \/>\n<meta property=\"og:site_name\" content=\"La Tribune du Faso\" \/>\n<meta property=\"article:publisher\" content=\"https:\/\/www.facebook.com\/LatribuneduFaso\/\" \/>\n<meta property=\"article:published_time\" content=\"2022-01-26T10:56:57+00:00\" \/>\n<meta property=\"article:modified_time\" content=\"2022-01-26T11:01:32+00:00\" \/>\n<meta property=\"og:image\" content=\"https:\/\/latribunedufaso.net\/wp-content\/uploads\/2022\/01\/Burkina-soldat.jpg\" \/>\n\t<meta property=\"og:image:width\" content=\"1439\" \/>\n\t<meta property=\"og:image:height\" content=\"960\" \/>\n\t<meta property=\"og:image:type\" content=\"image\/jpeg\" \/>\n<meta name=\"author\" content=\"Administrateur\" \/>\n<meta name=\"twitter:label1\" content=\"\u00c9crit par\" \/>\n\t<meta name=\"twitter:data1\" content=\"Administrateur\" \/>\n\t<meta name=\"twitter:label2\" content=\"Dur\u00e9e de lecture estim\u00e9e\" \/>\n\t<meta name=\"twitter:data2\" content=\"2 minutes\" \/>\n<script type=\"application\/ld+json\" class=\"yoast-schema-graph\">{\"@context\":\"https:\\\/\\\/schema.org\",\"@graph\":[{\"@type\":\"Article\",\"@id\":\"https:\\\/\\\/www.latribunedufaso.net\\\/?p=4960#article\",\"isPartOf\":{\"@id\":\"https:\\\/\\\/www.latribunedufaso.net\\\/?p=4960\"},\"author\":{\"name\":\"Administrateur\",\"@id\":\"https:\\\/\\\/www.latribunedufaso.net\\\/#\\\/schema\\\/person\\\/a380782d0605bb8aae27c40ea93b35b1\"},\"headline\":\"Prise du pouvoir par le MPSR\u00a0: Ce que la population attend de l\u2019arm\u00e9e\",\"datePublished\":\"2022-01-26T10:56:57+00:00\",\"dateModified\":\"2022-01-26T11:01:32+00:00\",\"mainEntityOfPage\":{\"@id\":\"https:\\\/\\\/www.latribunedufaso.net\\\/?p=4960\"},\"wordCount\":485,\"commentCount\":0,\"publisher\":{\"@id\":\"https:\\\/\\\/www.latribunedufaso.net\\\/#organization\"},\"image\":{\"@id\":\"https:\\\/\\\/www.latribunedufaso.net\\\/?p=4960#primaryimage\"},\"thumbnailUrl\":\"https:\\\/\\\/www.latribunedufaso.net\\\/wp-content\\\/uploads\\\/2022\\\/01\\\/Burkina-soldat.jpg\",\"articleSection\":[\"A la une\",\"Actualit\u00e9\",\"Soci\u00e9t\u00e9\"],\"inLanguage\":\"fr-FR\",\"potentialAction\":[{\"@type\":\"CommentAction\",\"name\":\"Comment\",\"target\":[\"https:\\\/\\\/www.latribunedufaso.net\\\/?p=4960#respond\"]}]},{\"@type\":\"WebPage\",\"@id\":\"https:\\\/\\\/www.latribunedufaso.net\\\/?p=4960\",\"url\":\"https:\\\/\\\/www.latribunedufaso.net\\\/?p=4960\",\"name\":\"Prise du pouvoir par le MPSR\u00a0: Ce que la population attend de l\u2019arm\u00e9e - La Tribune du Faso\",\"isPartOf\":{\"@id\":\"https:\\\/\\\/www.latribunedufaso.net\\\/#website\"},\"primaryImageOfPage\":{\"@id\":\"https:\\\/\\\/www.latribunedufaso.net\\\/?p=4960#primaryimage\"},\"image\":{\"@id\":\"https:\\\/\\\/www.latribunedufaso.net\\\/?p=4960#primaryimage\"},\"thumbnailUrl\":\"https:\\\/\\\/www.latribunedufaso.net\\\/wp-content\\\/uploads\\\/2022\\\/01\\\/Burkina-soldat.jpg\",\"datePublished\":\"2022-01-26T10:56:57+00:00\",\"dateModified\":\"2022-01-26T11:01:32+00:00\",\"breadcrumb\":{\"@id\":\"https:\\\/\\\/www.latribunedufaso.net\\\/?p=4960#breadcrumb\"},\"inLanguage\":\"fr-FR\",\"potentialAction\":[{\"@type\":\"ReadAction\",\"target\":[\"https:\\\/\\\/www.latribunedufaso.net\\\/?p=4960\"]}]},{\"@type\":\"ImageObject\",\"inLanguage\":\"fr-FR\",\"@id\":\"https:\\\/\\\/www.latribunedufaso.net\\\/?p=4960#primaryimage\",\"url\":\"https:\\\/\\\/www.latribunedufaso.net\\\/wp-content\\\/uploads\\\/2022\\\/01\\\/Burkina-soldat.jpg\",\"contentUrl\":\"https:\\\/\\\/www.latribunedufaso.net\\\/wp-content\\\/uploads\\\/2022\\\/01\\\/Burkina-soldat.jpg\",\"width\":1439,\"height\":960},{\"@type\":\"BreadcrumbList\",\"@id\":\"https:\\\/\\\/www.latribunedufaso.net\\\/?p=4960#breadcrumb\",\"itemListElement\":[{\"@type\":\"ListItem\",\"position\":1,\"name\":\"Accueil\",\"item\":\"https:\\\/\\\/www.latribunedufaso.net\\\/\"},{\"@type\":\"ListItem\",\"position\":2,\"name\":\"Prise du pouvoir par le MPSR\u00a0: Ce que la population attend de l\u2019arm\u00e9e\"}]},{\"@type\":\"WebSite\",\"@id\":\"https:\\\/\\\/www.latribunedufaso.net\\\/#website\",\"url\":\"https:\\\/\\\/www.latribunedufaso.net\\\/\",\"name\":\"La Tribune du Faso\",\"description\":\"L&#039;information du monde rural en un clic\",\"publisher\":{\"@id\":\"https:\\\/\\\/www.latribunedufaso.net\\\/#organization\"},\"potentialAction\":[{\"@type\":\"SearchAction\",\"target\":{\"@type\":\"EntryPoint\",\"urlTemplate\":\"https:\\\/\\\/www.latribunedufaso.net\\\/?s={search_term_string}\"},\"query-input\":{\"@type\":\"PropertyValueSpecification\",\"valueRequired\":true,\"valueName\":\"search_term_string\"}}],\"inLanguage\":\"fr-FR\"},{\"@type\":\"Organization\",\"@id\":\"https:\\\/\\\/www.latribunedufaso.net\\\/#organization\",\"name\":\"La Tribune du Faso\",\"url\":\"https:\\\/\\\/www.latribunedufaso.net\\\/\",\"logo\":{\"@type\":\"ImageObject\",\"inLanguage\":\"fr-FR\",\"@id\":\"https:\\\/\\\/www.latribunedufaso.net\\\/#\\\/schema\\\/logo\\\/image\\\/\",\"url\":\"https:\\\/\\\/www.latribunedufaso.net\\\/wp-content\\\/uploads\\\/2020\\\/08\\\/Logo-Tribune-du-Faso-final-scaled.jpg\",\"contentUrl\":\"https:\\\/\\\/www.latribunedufaso.net\\\/wp-content\\\/uploads\\\/2020\\\/08\\\/Logo-Tribune-du-Faso-final-scaled.jpg\",\"width\":2560,\"height\":1856,\"caption\":\"La Tribune du Faso\"},\"image\":{\"@id\":\"https:\\\/\\\/www.latribunedufaso.net\\\/#\\\/schema\\\/logo\\\/image\\\/\"},\"sameAs\":[\"https:\\\/\\\/www.facebook.com\\\/LatribuneduFaso\\\/\"]},{\"@type\":\"Person\",\"@id\":\"https:\\\/\\\/www.latribunedufaso.net\\\/#\\\/schema\\\/person\\\/a380782d0605bb8aae27c40ea93b35b1\",\"name\":\"Administrateur\",\"image\":{\"@type\":\"ImageObject\",\"inLanguage\":\"fr-FR\",\"@id\":\"https:\\\/\\\/secure.gravatar.com\\\/avatar\\\/e20266f97d741f0e80ba1f60283074a9b3317fd7bfb727e0d95b51dafbf854a1?s=96&d=mm&r=g\",\"url\":\"https:\\\/\\\/secure.gravatar.com\\\/avatar\\\/e20266f97d741f0e80ba1f60283074a9b3317fd7bfb727e0d95b51dafbf854a1?s=96&d=mm&r=g\",\"contentUrl\":\"https:\\\/\\\/secure.gravatar.com\\\/avatar\\\/e20266f97d741f0e80ba1f60283074a9b3317fd7bfb727e0d95b51dafbf854a1?s=96&d=mm&r=g\",\"caption\":\"Administrateur\"},\"url\":\"https:\\\/\\\/www.latribunedufaso.net\\\/?author=2\"}]}<\/script>\n<!-- \/ Yoast SEO plugin. -->","yoast_head_json":{"title":"Prise du pouvoir par le MPSR\u00a0: Ce que la population attend de l\u2019arm\u00e9e - La Tribune du Faso","robots":{"index":"index","follow":"follow","max-snippet":"max-snippet:-1","max-image-preview":"max-image-preview:large","max-video-preview":"max-video-preview:-1"},"canonical":"https:\/\/www.latribunedufaso.net\/?p=4960","og_locale":"fr_FR","og_type":"article","og_title":"Prise du pouvoir par le MPSR\u00a0: Ce que la population attend de l\u2019arm\u00e9e - La Tribune du Faso","og_description":"Ce lundi 24 janvier 2022, le Pr\u00e9sident du Faso, Roch Kabor\u00e9, a \u00e9t\u00e9 renvers\u00e9 par le Mouvement patriotique pour la sauvegarde et la restauration (MPSR), conduit par l\u2019arm\u00e9e, avec \u00e0 sa t\u00eate le Lieutenant-colonel Paul-Henri Sandaogo Damiba. Afin de savoir ce que les populations attendent de ce mouvement, nous avons balad\u00e9 notre micro ce mardi 25 janvier 2022 dans les rues de Ouagadougou, la capitale du pays.","og_url":"https:\/\/www.latribunedufaso.net\/?p=4960","og_site_name":"La Tribune du Faso","article_publisher":"https:\/\/www.facebook.com\/LatribuneduFaso\/","article_published_time":"2022-01-26T10:56:57+00:00","article_modified_time":"2022-01-26T11:01:32+00:00","og_image":[{"width":1439,"height":960,"url":"https:\/\/latribunedufaso.net\/wp-content\/uploads\/2022\/01\/Burkina-soldat.jpg","type":"image\/jpeg"}],"author":"Administrateur","twitter_misc":{"\u00c9crit par":"Administrateur","Dur\u00e9e de lecture estim\u00e9e":"2 minutes"},"schema":{"@context":"https:\/\/schema.org","@graph":[{"@type":"Article","@id":"https:\/\/www.latribunedufaso.net\/?p=4960#article","isPartOf":{"@id":"https:\/\/www.latribunedufaso.net\/?p=4960"},"author":{"name":"Administrateur","@id":"https:\/\/www.latribunedufaso.net\/#\/schema\/person\/a380782d0605bb8aae27c40ea93b35b1"},"headline":"Prise du pouvoir par le MPSR\u00a0: Ce que la population attend de l\u2019arm\u00e9e","datePublished":"2022-01-26T10:56:57+00:00","dateModified":"2022-01-26T11:01:32+00:00","mainEntityOfPage":{"@id":"https:\/\/www.latribunedufaso.net\/?p=4960"},"wordCount":485,"commentCount":0,"publisher":{"@id":"https:\/\/www.latribunedufaso.net\/#organization"},"image":{"@id":"https:\/\/www.latribunedufaso.net\/?p=4960#primaryimage"},"thumbnailUrl":"https:\/\/www.latribunedufaso.net\/wp-content\/uploads\/2022\/01\/Burkina-soldat.jpg","articleSection":["A la une","Actualit\u00e9","Soci\u00e9t\u00e9"],"inLanguage":"fr-FR","potentialAction":[{"@type":"CommentAction","name":"Comment","target":["https:\/\/www.latribunedufaso.net\/?p=4960#respond"]}]},{"@type":"WebPage","@id":"https:\/\/www.latribunedufaso.net\/?p=4960","url":"https:\/\/www.latribunedufaso.net\/?p=4960","name":"Prise du pouvoir par le MPSR\u00a0: Ce que la population attend de l\u2019arm\u00e9e - La Tribune du Faso","isPartOf":{"@id":"https:\/\/www.latribunedufaso.net\/#website"},"primaryImageOfPage":{"@id":"https:\/\/www.latribunedufaso.net\/?p=4960#primaryimage"},"image":{"@id":"https:\/\/www.latribunedufaso.net\/?p=4960#primaryimage"},"thumbnailUrl":"https:\/\/www.latribunedufaso.net\/wp-content\/uploads\/2022\/01\/Burkina-soldat.jpg","datePublished":"2022-01-26T10:56:57+00:00","dateModified":"2022-01-26T11:01:32+00:00","breadcrumb":{"@id":"https:\/\/www.latribunedufaso.net\/?p=4960#breadcrumb"},"inLanguage":"fr-FR","potentialAction":[{"@type":"ReadAction","target":["https:\/\/www.latribunedufaso.net\/?p=4960"]}]},{"@type":"ImageObject","inLanguage":"fr-FR","@id":"https:\/\/www.latribunedufaso.net\/?p=4960#primaryimage","url":"https:\/\/www.latribunedufaso.net\/wp-content\/uploads\/2022\/01\/Burkina-soldat.jpg","contentUrl":"https:\/\/www.latribunedufaso.net\/wp-content\/uploads\/2022\/01\/Burkina-soldat.jpg","width":1439,"height":960},{"@type":"BreadcrumbList","@id":"https:\/\/www.latribunedufaso.net\/?p=4960#breadcrumb","itemListElement":[{"@type":"ListItem","position":1,"name":"Accueil","item":"https:\/\/www.latribunedufaso.net\/"},{"@type":"ListItem","position":2,"name":"Prise du pouvoir par le MPSR\u00a0: Ce que la population attend de l\u2019arm\u00e9e"}]},{"@type":"WebSite","@id":"https:\/\/www.latribunedufaso.net\/#website","url":"https:\/\/www.latribunedufaso.net\/","name":"La Tribune du Faso","description":"L&#039;information du monde rural en un clic","publisher":{"@id":"https:\/\/www.latribunedufaso.net\/#organization"},"potentialAction":[{"@type":"SearchAction","target":{"@type":"EntryPoint","urlTemplate":"https:\/\/www.latribunedufaso.net\/?s={search_term_string}"},"query-input":{"@type":"PropertyValueSpecification","valueRequired":true,"valueName":"search_term_string"}}],"inLanguage":"fr-FR"},{"@type":"Organization","@id":"https:\/\/www.latribunedufaso.net\/#organization","name":"La Tribune du Faso","url":"https:\/\/www.latribunedufaso.net\/","logo":{"@type":"ImageObject","inLanguage":"fr-FR","@id":"https:\/\/www.latribunedufaso.net\/#\/schema\/logo\/image\/","url":"https:\/\/www.latribunedufaso.net\/wp-content\/uploads\/2020\/08\/Logo-Tribune-du-Faso-final-scaled.jpg","contentUrl":"https:\/\/www.latribunedufaso.net\/wp-content\/uploads\/2020\/08\/Logo-Tribune-du-Faso-final-scaled.jpg","width":2560,"height":1856,"caption":"La Tribune du Faso"},"image":{"@id":"https:\/\/www.latribunedufaso.net\/#\/schema\/logo\/image\/"},"sameAs":["https:\/\/www.facebook.com\/LatribuneduFaso\/"]},{"@type":"Person","@id":"https:\/\/www.latribunedufaso.net\/#\/schema\/person\/a380782d0605bb8aae27c40ea93b35b1","name":"Administrateur","image":{"@type":"ImageObject","inLanguage":"fr-FR","@id":"https:\/\/secure.gravatar.com\/avatar\/e20266f97d741f0e80ba1f60283074a9b3317fd7bfb727e0d95b51dafbf854a1?s=96&d=mm&r=g","url":"https:\/\/secure.gravatar.com\/avatar\/e20266f97d741f0e80ba1f60283074a9b3317fd7bfb727e0d95b51dafbf854a1?s=96&d=mm&r=g","contentUrl":"https:\/\/secure.gravatar.com\/avatar\/e20266f97d741f0e80ba1f60283074a9b3317fd7bfb727e0d95b51dafbf854a1?s=96&d=mm&r=g","caption":"Administrateur"},"url":"https:\/\/www.latribunedufaso.net\/?author=2"}]}},"_links":{"self":[{"href":"https:\/\/www.latribunedufaso.net\/index.php?rest_route=\/wp\/v2\/posts\/4960","targetHints":{"allow":["GET"]}}],"collection":[{"href":"https:\/\/www.latribunedufaso.net\/index.php?rest_route=\/wp\/v2\/posts"}],"about":[{"href":"https:\/\/www.latribunedufaso.net\/index.php?rest_route=\/wp\/v2\/types\/post"}],"author":[{"embeddable":true,"href":"https:\/\/www.latribunedufaso.net\/index.php?rest_route=\/wp\/v2\/users\/2"}],"replies":[{"embeddable":true,"href":"https:\/\/www.latribunedufaso.net\/index.php?rest_route=%2Fwp%2Fv2%2Fcomments&post=4960"}],"version-history":[{"count":3,"href":"https:\/\/www.latribunedufaso.net\/index.php?rest_route=\/wp\/v2\/posts\/4960\/revisions"}],"predecessor-version":[{"id":4966,"href":"https:\/\/www.latribunedufaso.net\/index.php?rest_route=\/wp\/v2\/posts\/4960\/revisions\/4966"}],"wp:featuredmedia":[{"embeddable":true,"href":"https:\/\/www.latribunedufaso.net\/index.php?rest_route=\/wp\/v2\/media\/4961"}],"wp:attachment":[{"href":"https:\/\/www.latribunedufaso.net\/index.php?rest_route=%2Fwp%2Fv2%2Fmedia&parent=4960"}],"wp:term":[{"taxonomy":"category","embeddable":true,"href":"https:\/\/www.latribunedufaso.net\/index.php?rest_route=%2Fwp%2Fv2%2Fcategories&post=4960"},{"taxonomy":"post_tag","embeddable":true,"href":"https:\/\/www.latribunedufaso.net\/index.php?rest_route=%2Fwp%2Fv2%2Ftags&post=4960"}],"curies":[{"name":"wp","href":"https:\/\/api.w.org\/{rel}","templated":true}]}}