{"id":4775,"date":"2021-12-09T07:43:58","date_gmt":"2021-12-09T07:43:58","guid":{"rendered":"https:\/\/www.latribunedufaso.net\/?p=4775"},"modified":"2021-12-09T07:43:58","modified_gmt":"2021-12-09T07:43:58","slug":"projet-planetgold-le-comite-technique-de-suivi-cts-tient-sa-4e-reunion","status":"publish","type":"post","link":"https:\/\/www.latribunedufaso.net\/?p=4775","title":{"rendered":"Projet \u00ab\u00a0PlanetGOLD\u00a0\u00bb: Le Comit\u00e9 technique de suivi (CTS) tient sa 4e r\u00e9union"},"content":{"rendered":"<p><strong><span style=\"font-size: 1.0625rem;\">Ce mardi 8 d\u00e9cembre 2021 \u00e0 Ouagadougou, se tient la 4e session de travail du Comit\u00e9 technique de suivi (CTS) du projet \u00ab PlanetGOLD \u00bb. Organis\u00e9e par la Direction g\u00e9n\u00e9rale de la pr\u00e9servation de l\u2019environnement (DGPE), cette r\u00e9union se fait en pr\u00e9sence du Directeur g\u00e9n\u00e9ral de la pr\u00e9servation de l\u2019environnement, D\u00e9sir\u00e9 Ou\u00e9draogo et de la Coordinatrice nationale du projet, Aliz\u00e8ta Ou\u00e9draogo.<\/span><\/strong><br \/>\n<!--more--><\/p>\n<p><img loading=\"lazy\" decoding=\"async\" class=\"size-medium wp-image-4742 aligncenter\" src=\"https:\/\/latribunedufaso.net\/wp-content\/uploads\/2021\/12\/IMG-20211208-WA0007-300x176.jpg\" alt=\"\" width=\"300\" height=\"176\" srcset=\"https:\/\/www.latribunedufaso.net\/wp-content\/uploads\/2021\/12\/IMG-20211208-WA0007-300x176.jpg 300w, https:\/\/www.latribunedufaso.net\/wp-content\/uploads\/2021\/12\/IMG-20211208-WA0007-1024x601.jpg 1024w, https:\/\/www.latribunedufaso.net\/wp-content\/uploads\/2021\/12\/IMG-20211208-WA0007-768x451.jpg 768w, https:\/\/www.latribunedufaso.net\/wp-content\/uploads\/2021\/12\/IMG-20211208-WA0007.jpg 1080w\" sizes=\"auto, (max-width: 300px) 100vw, 300px\" \/><\/p>\n<p><span style=\"font-size: 1.0625rem;\">L\u2019utilisation du mercure dans les op\u00e9rations d\u2019extraction du minerai aurif\u00e8re est une pratique susceptible d\u2019avoir un certain nombre d\u2019impacts n\u00e9gatifs sur la sant\u00e9 humaine, animale et m\u00eame environnementale. Cependant, elle demeure dans le monde en g\u00e9n\u00e9ral et au Burkina Faso en particulier.<\/span><\/p>\n<p>Dans le souci donc de prot\u00e9ger la sant\u00e9 humaine, animale et environnementale contre les \u00e9missions et rejets anthropiques du mercure, le gouvernement burkinab\u00e8, avec l\u2019appui de ses diff\u00e9rents partenaires \u00e0 mis en place le projet \u00ab\u00a0PlanetGOLD\u00a0\u00bb en septembre 2019. Ex\u00e9cut\u00e9 par l&rsquo;Artisanal Gold Council (AGC), avec l\u2019accompagnement financier du Fonds pour l\u2019environnement mondial (FEM) et l\u2019accompagnement technique de l\u2019Organisation des nations unies pour le d\u00e9veloppement industriel (ONUDI), ce projet est d\u2019une dur\u00e9e de cinq (5) ans et vise \u00e0 contribuer \u00e0 l&rsquo;\u00e9limination du mercure et \u00e0 l\u2019am\u00e9lioration de la cha\u00eene d\u2019approvisionnement de l&rsquo;or issu de l&rsquo;Exploitation mini\u00e8re artisanale et \u00e0 petite \u00e9chelle (EMAPE) au Burkina Faso.<\/p>\n<p><img loading=\"lazy\" decoding=\"async\" class=\"size-medium wp-image-4746 aligncenter\" src=\"https:\/\/latribunedufaso.net\/wp-content\/uploads\/2021\/12\/IMG-20211208-WA0013-300x151.jpg\" alt=\"\" width=\"300\" height=\"151\" srcset=\"https:\/\/www.latribunedufaso.net\/wp-content\/uploads\/2021\/12\/IMG-20211208-WA0013-300x151.jpg 300w, https:\/\/www.latribunedufaso.net\/wp-content\/uploads\/2021\/12\/IMG-20211208-WA0013-1024x517.jpg 1024w, https:\/\/www.latribunedufaso.net\/wp-content\/uploads\/2021\/12\/IMG-20211208-WA0013-768x388.jpg 768w, https:\/\/www.latribunedufaso.net\/wp-content\/uploads\/2021\/12\/IMG-20211208-WA0013-840x420.jpg 840w, https:\/\/www.latribunedufaso.net\/wp-content\/uploads\/2021\/12\/IMG-20211208-WA0013.jpg 1080w\" sizes=\"auto, (max-width: 300px) 100vw, 300px\" \/><\/p>\n<p><span style=\"font-size: 1.0625rem;\">Plusieurs activit\u00e9s ont \u00e9t\u00e9 men\u00e9es dans ce cadre, d\u2019o\u00f9 la 4e session de travail du Comit\u00e9 technique de suivi (CTS). Des dires de la Coordinatrice du projet, Aliz\u00e8ta Ou\u00e9draogo, l\u2019objectif est de \u00ab valider les diff\u00e9rents rapports et activit\u00e9s du projet \u00bb. Il s\u2019agit entre autres du workplan ajust\u00e9 du projet PlanetGOLD ; des r\u00e9ajustements et recommandations du rapport sur le \u00ab Fonds renouvelable d\u2019appui au secteur de l\u2019extraction mini\u00e8re artisanale et \u00e0 petite \u00e9chelle (FRASE) : Structure du fonds et proc\u00e9dures de base de son fonctionnement \u00bb ; des curricula provisoires de l\u2019EMAPE, ayant \u00e9t\u00e9 \u00e9labor\u00e9s pour les centres de formation professionnelle, notamment les curricula de formation du niveau Certificat de qualification de base (CQB) et les curricula de formation du niveau Brevet de qualification professionnelle (BQP).<\/span><\/p>\n<p><img loading=\"lazy\" decoding=\"async\" class=\"size-medium wp-image-4776 aligncenter\" src=\"https:\/\/latribunedufaso.net\/wp-content\/uploads\/2021\/12\/IMG-20211208-WA0014-300x226.jpg\" alt=\"\" width=\"300\" height=\"226\" srcset=\"https:\/\/www.latribunedufaso.net\/wp-content\/uploads\/2021\/12\/IMG-20211208-WA0014-300x226.jpg 300w, https:\/\/www.latribunedufaso.net\/wp-content\/uploads\/2021\/12\/IMG-20211208-WA0014-1024x770.jpg 1024w, https:\/\/www.latribunedufaso.net\/wp-content\/uploads\/2021\/12\/IMG-20211208-WA0014-768x577.jpg 768w, https:\/\/www.latribunedufaso.net\/wp-content\/uploads\/2021\/12\/IMG-20211208-WA0014.jpg 1080w\" sizes=\"auto, (max-width: 300px) 100vw, 300px\" \/><\/p>\n<p><span style=\"font-size: 1.0625rem;\">Compte tenu de l\u2019importance de ces documents provisoires, le Directeur g\u00e9n\u00e9ral de la pr\u00e9servation de l\u2019environnement, D\u00e9sir\u00e9 Ou\u00e9draogo, qui a proc\u00e9d\u00e9 \u00e0 l\u2019ouverture de la pr\u00e9sente session de travail, a invit\u00e9 les uns et les autres \u00e0 une participation active, pour un bon d\u00e9roulement des travaux. \u00ab Au regard de l\u2019importance des documents propos\u00e9s, je vous exhorte \u00e0 faire preuve d&rsquo;esprit d&rsquo;ouverture, de coop\u00e9ration, de souplesse, de participation active et de partage afin de permettre \u00e0 l\u2019\u00e9quipe du projet d\u2019obtenir les meilleurs r\u00e9sultats possibles \u00bb, a-t-il prof\u00e9r\u00e9 \u00e0 l\u2019\u00e9gard des participants.\u00a0<\/span><\/p>\n<p><img loading=\"lazy\" decoding=\"async\" class=\"size-medium wp-image-4745 aligncenter\" src=\"https:\/\/latribunedufaso.net\/wp-content\/uploads\/2021\/12\/IMG-20211208-WA0022-280x300.jpg\" alt=\"\" width=\"280\" height=\"300\" srcset=\"https:\/\/www.latribunedufaso.net\/wp-content\/uploads\/2021\/12\/IMG-20211208-WA0022-280x300.jpg 280w, https:\/\/www.latribunedufaso.net\/wp-content\/uploads\/2021\/12\/IMG-20211208-WA0022-957x1024.jpg 957w, https:\/\/www.latribunedufaso.net\/wp-content\/uploads\/2021\/12\/IMG-20211208-WA0022-768x822.jpg 768w, https:\/\/www.latribunedufaso.net\/wp-content\/uploads\/2021\/12\/IMG-20211208-WA0022.jpg 1009w\" sizes=\"auto, (max-width: 280px) 100vw, 280px\" \/><\/p>\n<p><span style=\"font-size: 1.0625rem;\">Et \u00e0 la Coordinatrice nationale, Aliz\u00e8ta Ou\u00e9draogo, de remercier les diff\u00e9rents acteurs pour leur accompagnement. \u00ab Je voudrais remercier tous les acteurs qui nous soutiennent dans ces efforts de d\u00e9veloppement et je me r\u00e9jouis d\u00e9j\u00e0 des \u00e9changes et discussions \u00e0 venir \u00bb, a-t-elle affirm\u00e9.\u00a0<\/span><\/p>\n<p><strong>Aliz\u00e8ta Zour\u00e9<\/strong><\/p>\n<p><strong>Latribunedufaso.net\u00a0<\/strong><\/p>\n","protected":false},"excerpt":{"rendered":"<p>Ce mardi 8 d\u00e9cembre 2021 \u00e0 Ouagadougou, se tient la 4e session de travail du Comit\u00e9 technique de suivi (CTS) du projet \u00ab PlanetGOLD \u00bb. Organis\u00e9e par la Direction g\u00e9n\u00e9rale de la pr\u00e9servation de l\u2019environnement (DGPE), cette r\u00e9union se fait en pr\u00e9sence du Directeur g\u00e9n\u00e9ral de la pr\u00e9servation de l\u2019environnement, D\u00e9sir\u00e9 Ou\u00e9draogo et de la Coordinatrice nationale du projet, Aliz\u00e8ta Ou\u00e9draogo.<\/p>\n","protected":false},"author":2,"featured_media":4743,"comment_status":"open","ping_status":"open","sticky":false,"template":"","format":"standard","meta":{"footnotes":""},"categories":[13,1,5,19],"tags":[],"class_list":["post-4775","post","type-post","status-publish","format-standard","has-post-thumbnail","hentry","category-une","category-actu","category-envir","category-mines-et-carrieres"],"yoast_head":"<!-- This site is optimized with the Yoast SEO plugin v27.5 - https:\/\/yoast.com\/product\/yoast-seo-wordpress\/ -->\n<title>Projet \u00ab\u00a0PlanetGOLD\u00a0\u00bb: Le Comit\u00e9 technique de suivi (CTS) tient sa 4e r\u00e9union - La Tribune du Faso<\/title>\n<meta name=\"robots\" content=\"index, follow, max-snippet:-1, max-image-preview:large, max-video-preview:-1\" \/>\n<link rel=\"canonical\" href=\"https:\/\/www.latribunedufaso.net\/?p=4775\" \/>\n<meta property=\"og:locale\" content=\"fr_FR\" \/>\n<meta property=\"og:type\" content=\"article\" \/>\n<meta property=\"og:title\" content=\"Projet \u00ab\u00a0PlanetGOLD\u00a0\u00bb: Le Comit\u00e9 technique de suivi (CTS) tient sa 4e r\u00e9union - La Tribune du Faso\" \/>\n<meta property=\"og:description\" content=\"Ce mardi 8 d\u00e9cembre 2021 \u00e0 Ouagadougou, se tient la 4e session de travail du Comit\u00e9 technique de suivi (CTS) du projet \u00ab PlanetGOLD \u00bb. Organis\u00e9e par la Direction g\u00e9n\u00e9rale de la pr\u00e9servation de l\u2019environnement (DGPE), cette r\u00e9union se fait en pr\u00e9sence du Directeur g\u00e9n\u00e9ral de la pr\u00e9servation de l\u2019environnement, D\u00e9sir\u00e9 Ou\u00e9draogo et de la Coordinatrice nationale du projet, Aliz\u00e8ta Ou\u00e9draogo.\" \/>\n<meta property=\"og:url\" content=\"https:\/\/www.latribunedufaso.net\/?p=4775\" \/>\n<meta property=\"og:site_name\" content=\"La Tribune du Faso\" \/>\n<meta property=\"article:publisher\" content=\"https:\/\/www.facebook.com\/LatribuneduFaso\/\" \/>\n<meta property=\"article:published_time\" content=\"2021-12-09T07:43:58+00:00\" \/>\n<meta property=\"og:image\" content=\"https:\/\/latribunedufaso.net\/wp-content\/uploads\/2021\/12\/IMG-20211208-WA0010.jpg\" \/>\n\t<meta property=\"og:image:width\" content=\"1080\" \/>\n\t<meta property=\"og:image:height\" content=\"525\" \/>\n\t<meta property=\"og:image:type\" content=\"image\/jpeg\" \/>\n<meta name=\"author\" content=\"Administrateur\" \/>\n<meta name=\"twitter:label1\" content=\"\u00c9crit par\" \/>\n\t<meta name=\"twitter:data1\" content=\"Administrateur\" \/>\n\t<meta name=\"twitter:label2\" content=\"Dur\u00e9e de lecture estim\u00e9e\" \/>\n\t<meta name=\"twitter:data2\" content=\"3 minutes\" \/>\n<script type=\"application\/ld+json\" class=\"yoast-schema-graph\">{\"@context\":\"https:\\\/\\\/schema.org\",\"@graph\":[{\"@type\":\"Article\",\"@id\":\"https:\\\/\\\/www.latribunedufaso.net\\\/?p=4775#article\",\"isPartOf\":{\"@id\":\"https:\\\/\\\/www.latribunedufaso.net\\\/?p=4775\"},\"author\":{\"name\":\"Administrateur\",\"@id\":\"https:\\\/\\\/www.latribunedufaso.net\\\/#\\\/schema\\\/person\\\/a380782d0605bb8aae27c40ea93b35b1\"},\"headline\":\"Projet \u00ab\u00a0PlanetGOLD\u00a0\u00bb: Le Comit\u00e9 technique de suivi (CTS) tient sa 4e r\u00e9union\",\"datePublished\":\"2021-12-09T07:43:58+00:00\",\"mainEntityOfPage\":{\"@id\":\"https:\\\/\\\/www.latribunedufaso.net\\\/?p=4775\"},\"wordCount\":548,\"commentCount\":0,\"publisher\":{\"@id\":\"https:\\\/\\\/www.latribunedufaso.net\\\/#organization\"},\"image\":{\"@id\":\"https:\\\/\\\/www.latribunedufaso.net\\\/?p=4775#primaryimage\"},\"thumbnailUrl\":\"https:\\\/\\\/www.latribunedufaso.net\\\/wp-content\\\/uploads\\\/2021\\\/12\\\/IMG-20211208-WA0010.jpg\",\"articleSection\":[\"A la une\",\"Actualit\u00e9\",\"Environnement\",\"Mines et Carri\u00e8res\"],\"inLanguage\":\"fr-FR\",\"potentialAction\":[{\"@type\":\"CommentAction\",\"name\":\"Comment\",\"target\":[\"https:\\\/\\\/www.latribunedufaso.net\\\/?p=4775#respond\"]}]},{\"@type\":\"WebPage\",\"@id\":\"https:\\\/\\\/www.latribunedufaso.net\\\/?p=4775\",\"url\":\"https:\\\/\\\/www.latribunedufaso.net\\\/?p=4775\",\"name\":\"Projet \u00ab\u00a0PlanetGOLD\u00a0\u00bb: Le Comit\u00e9 technique de suivi (CTS) tient sa 4e r\u00e9union - La Tribune du Faso\",\"isPartOf\":{\"@id\":\"https:\\\/\\\/www.latribunedufaso.net\\\/#website\"},\"primaryImageOfPage\":{\"@id\":\"https:\\\/\\\/www.latribunedufaso.net\\\/?p=4775#primaryimage\"},\"image\":{\"@id\":\"https:\\\/\\\/www.latribunedufaso.net\\\/?p=4775#primaryimage\"},\"thumbnailUrl\":\"https:\\\/\\\/www.latribunedufaso.net\\\/wp-content\\\/uploads\\\/2021\\\/12\\\/IMG-20211208-WA0010.jpg\",\"datePublished\":\"2021-12-09T07:43:58+00:00\",\"breadcrumb\":{\"@id\":\"https:\\\/\\\/www.latribunedufaso.net\\\/?p=4775#breadcrumb\"},\"inLanguage\":\"fr-FR\",\"potentialAction\":[{\"@type\":\"ReadAction\",\"target\":[\"https:\\\/\\\/www.latribunedufaso.net\\\/?p=4775\"]}]},{\"@type\":\"ImageObject\",\"inLanguage\":\"fr-FR\",\"@id\":\"https:\\\/\\\/www.latribunedufaso.net\\\/?p=4775#primaryimage\",\"url\":\"https:\\\/\\\/www.latribunedufaso.net\\\/wp-content\\\/uploads\\\/2021\\\/12\\\/IMG-20211208-WA0010.jpg\",\"contentUrl\":\"https:\\\/\\\/www.latribunedufaso.net\\\/wp-content\\\/uploads\\\/2021\\\/12\\\/IMG-20211208-WA0010.jpg\",\"width\":1080,\"height\":525},{\"@type\":\"BreadcrumbList\",\"@id\":\"https:\\\/\\\/www.latribunedufaso.net\\\/?p=4775#breadcrumb\",\"itemListElement\":[{\"@type\":\"ListItem\",\"position\":1,\"name\":\"Accueil\",\"item\":\"https:\\\/\\\/www.latribunedufaso.net\\\/\"},{\"@type\":\"ListItem\",\"position\":2,\"name\":\"Projet \u00ab\u00a0PlanetGOLD\u00a0\u00bb: Le Comit\u00e9 technique de suivi (CTS) tient sa 4e r\u00e9union\"}]},{\"@type\":\"WebSite\",\"@id\":\"https:\\\/\\\/www.latribunedufaso.net\\\/#website\",\"url\":\"https:\\\/\\\/www.latribunedufaso.net\\\/\",\"name\":\"La Tribune du Faso\",\"description\":\"L&#039;information du monde rural en un clic\",\"publisher\":{\"@id\":\"https:\\\/\\\/www.latribunedufaso.net\\\/#organization\"},\"potentialAction\":[{\"@type\":\"SearchAction\",\"target\":{\"@type\":\"EntryPoint\",\"urlTemplate\":\"https:\\\/\\\/www.latribunedufaso.net\\\/?s={search_term_string}\"},\"query-input\":{\"@type\":\"PropertyValueSpecification\",\"valueRequired\":true,\"valueName\":\"search_term_string\"}}],\"inLanguage\":\"fr-FR\"},{\"@type\":\"Organization\",\"@id\":\"https:\\\/\\\/www.latribunedufaso.net\\\/#organization\",\"name\":\"La Tribune du Faso\",\"url\":\"https:\\\/\\\/www.latribunedufaso.net\\\/\",\"logo\":{\"@type\":\"ImageObject\",\"inLanguage\":\"fr-FR\",\"@id\":\"https:\\\/\\\/www.latribunedufaso.net\\\/#\\\/schema\\\/logo\\\/image\\\/\",\"url\":\"https:\\\/\\\/www.latribunedufaso.net\\\/wp-content\\\/uploads\\\/2020\\\/08\\\/Logo-Tribune-du-Faso-final-scaled.jpg\",\"contentUrl\":\"https:\\\/\\\/www.latribunedufaso.net\\\/wp-content\\\/uploads\\\/2020\\\/08\\\/Logo-Tribune-du-Faso-final-scaled.jpg\",\"width\":2560,\"height\":1856,\"caption\":\"La Tribune du Faso\"},\"image\":{\"@id\":\"https:\\\/\\\/www.latribunedufaso.net\\\/#\\\/schema\\\/logo\\\/image\\\/\"},\"sameAs\":[\"https:\\\/\\\/www.facebook.com\\\/LatribuneduFaso\\\/\"]},{\"@type\":\"Person\",\"@id\":\"https:\\\/\\\/www.latribunedufaso.net\\\/#\\\/schema\\\/person\\\/a380782d0605bb8aae27c40ea93b35b1\",\"name\":\"Administrateur\",\"image\":{\"@type\":\"ImageObject\",\"inLanguage\":\"fr-FR\",\"@id\":\"https:\\\/\\\/secure.gravatar.com\\\/avatar\\\/e20266f97d741f0e80ba1f60283074a9b3317fd7bfb727e0d95b51dafbf854a1?s=96&d=mm&r=g\",\"url\":\"https:\\\/\\\/secure.gravatar.com\\\/avatar\\\/e20266f97d741f0e80ba1f60283074a9b3317fd7bfb727e0d95b51dafbf854a1?s=96&d=mm&r=g\",\"contentUrl\":\"https:\\\/\\\/secure.gravatar.com\\\/avatar\\\/e20266f97d741f0e80ba1f60283074a9b3317fd7bfb727e0d95b51dafbf854a1?s=96&d=mm&r=g\",\"caption\":\"Administrateur\"},\"url\":\"https:\\\/\\\/www.latribunedufaso.net\\\/?author=2\"}]}<\/script>\n<!-- \/ Yoast SEO plugin. -->","yoast_head_json":{"title":"Projet \u00ab\u00a0PlanetGOLD\u00a0\u00bb: Le Comit\u00e9 technique de suivi (CTS) tient sa 4e r\u00e9union - La Tribune du Faso","robots":{"index":"index","follow":"follow","max-snippet":"max-snippet:-1","max-image-preview":"max-image-preview:large","max-video-preview":"max-video-preview:-1"},"canonical":"https:\/\/www.latribunedufaso.net\/?p=4775","og_locale":"fr_FR","og_type":"article","og_title":"Projet \u00ab\u00a0PlanetGOLD\u00a0\u00bb: Le Comit\u00e9 technique de suivi (CTS) tient sa 4e r\u00e9union - La Tribune du Faso","og_description":"Ce mardi 8 d\u00e9cembre 2021 \u00e0 Ouagadougou, se tient la 4e session de travail du Comit\u00e9 technique de suivi (CTS) du projet \u00ab PlanetGOLD \u00bb. Organis\u00e9e par la Direction g\u00e9n\u00e9rale de la pr\u00e9servation de l\u2019environnement (DGPE), cette r\u00e9union se fait en pr\u00e9sence du Directeur g\u00e9n\u00e9ral de la pr\u00e9servation de l\u2019environnement, D\u00e9sir\u00e9 Ou\u00e9draogo et de la Coordinatrice nationale du projet, Aliz\u00e8ta Ou\u00e9draogo.","og_url":"https:\/\/www.latribunedufaso.net\/?p=4775","og_site_name":"La Tribune du Faso","article_publisher":"https:\/\/www.facebook.com\/LatribuneduFaso\/","article_published_time":"2021-12-09T07:43:58+00:00","og_image":[{"width":1080,"height":525,"url":"https:\/\/latribunedufaso.net\/wp-content\/uploads\/2021\/12\/IMG-20211208-WA0010.jpg","type":"image\/jpeg"}],"author":"Administrateur","twitter_misc":{"\u00c9crit par":"Administrateur","Dur\u00e9e de lecture estim\u00e9e":"3 minutes"},"schema":{"@context":"https:\/\/schema.org","@graph":[{"@type":"Article","@id":"https:\/\/www.latribunedufaso.net\/?p=4775#article","isPartOf":{"@id":"https:\/\/www.latribunedufaso.net\/?p=4775"},"author":{"name":"Administrateur","@id":"https:\/\/www.latribunedufaso.net\/#\/schema\/person\/a380782d0605bb8aae27c40ea93b35b1"},"headline":"Projet \u00ab\u00a0PlanetGOLD\u00a0\u00bb: Le Comit\u00e9 technique de suivi (CTS) tient sa 4e r\u00e9union","datePublished":"2021-12-09T07:43:58+00:00","mainEntityOfPage":{"@id":"https:\/\/www.latribunedufaso.net\/?p=4775"},"wordCount":548,"commentCount":0,"publisher":{"@id":"https:\/\/www.latribunedufaso.net\/#organization"},"image":{"@id":"https:\/\/www.latribunedufaso.net\/?p=4775#primaryimage"},"thumbnailUrl":"https:\/\/www.latribunedufaso.net\/wp-content\/uploads\/2021\/12\/IMG-20211208-WA0010.jpg","articleSection":["A la une","Actualit\u00e9","Environnement","Mines et Carri\u00e8res"],"inLanguage":"fr-FR","potentialAction":[{"@type":"CommentAction","name":"Comment","target":["https:\/\/www.latribunedufaso.net\/?p=4775#respond"]}]},{"@type":"WebPage","@id":"https:\/\/www.latribunedufaso.net\/?p=4775","url":"https:\/\/www.latribunedufaso.net\/?p=4775","name":"Projet \u00ab\u00a0PlanetGOLD\u00a0\u00bb: Le Comit\u00e9 technique de suivi (CTS) tient sa 4e r\u00e9union - La Tribune du Faso","isPartOf":{"@id":"https:\/\/www.latribunedufaso.net\/#website"},"primaryImageOfPage":{"@id":"https:\/\/www.latribunedufaso.net\/?p=4775#primaryimage"},"image":{"@id":"https:\/\/www.latribunedufaso.net\/?p=4775#primaryimage"},"thumbnailUrl":"https:\/\/www.latribunedufaso.net\/wp-content\/uploads\/2021\/12\/IMG-20211208-WA0010.jpg","datePublished":"2021-12-09T07:43:58+00:00","breadcrumb":{"@id":"https:\/\/www.latribunedufaso.net\/?p=4775#breadcrumb"},"inLanguage":"fr-FR","potentialAction":[{"@type":"ReadAction","target":["https:\/\/www.latribunedufaso.net\/?p=4775"]}]},{"@type":"ImageObject","inLanguage":"fr-FR","@id":"https:\/\/www.latribunedufaso.net\/?p=4775#primaryimage","url":"https:\/\/www.latribunedufaso.net\/wp-content\/uploads\/2021\/12\/IMG-20211208-WA0010.jpg","contentUrl":"https:\/\/www.latribunedufaso.net\/wp-content\/uploads\/2021\/12\/IMG-20211208-WA0010.jpg","width":1080,"height":525},{"@type":"BreadcrumbList","@id":"https:\/\/www.latribunedufaso.net\/?p=4775#breadcrumb","itemListElement":[{"@type":"ListItem","position":1,"name":"Accueil","item":"https:\/\/www.latribunedufaso.net\/"},{"@type":"ListItem","position":2,"name":"Projet \u00ab\u00a0PlanetGOLD\u00a0\u00bb: Le Comit\u00e9 technique de suivi (CTS) tient sa 4e r\u00e9union"}]},{"@type":"WebSite","@id":"https:\/\/www.latribunedufaso.net\/#website","url":"https:\/\/www.latribunedufaso.net\/","name":"La Tribune du Faso","description":"L&#039;information du monde rural en un clic","publisher":{"@id":"https:\/\/www.latribunedufaso.net\/#organization"},"potentialAction":[{"@type":"SearchAction","target":{"@type":"EntryPoint","urlTemplate":"https:\/\/www.latribunedufaso.net\/?s={search_term_string}"},"query-input":{"@type":"PropertyValueSpecification","valueRequired":true,"valueName":"search_term_string"}}],"inLanguage":"fr-FR"},{"@type":"Organization","@id":"https:\/\/www.latribunedufaso.net\/#organization","name":"La Tribune du Faso","url":"https:\/\/www.latribunedufaso.net\/","logo":{"@type":"ImageObject","inLanguage":"fr-FR","@id":"https:\/\/www.latribunedufaso.net\/#\/schema\/logo\/image\/","url":"https:\/\/www.latribunedufaso.net\/wp-content\/uploads\/2020\/08\/Logo-Tribune-du-Faso-final-scaled.jpg","contentUrl":"https:\/\/www.latribunedufaso.net\/wp-content\/uploads\/2020\/08\/Logo-Tribune-du-Faso-final-scaled.jpg","width":2560,"height":1856,"caption":"La Tribune du Faso"},"image":{"@id":"https:\/\/www.latribunedufaso.net\/#\/schema\/logo\/image\/"},"sameAs":["https:\/\/www.facebook.com\/LatribuneduFaso\/"]},{"@type":"Person","@id":"https:\/\/www.latribunedufaso.net\/#\/schema\/person\/a380782d0605bb8aae27c40ea93b35b1","name":"Administrateur","image":{"@type":"ImageObject","inLanguage":"fr-FR","@id":"https:\/\/secure.gravatar.com\/avatar\/e20266f97d741f0e80ba1f60283074a9b3317fd7bfb727e0d95b51dafbf854a1?s=96&d=mm&r=g","url":"https:\/\/secure.gravatar.com\/avatar\/e20266f97d741f0e80ba1f60283074a9b3317fd7bfb727e0d95b51dafbf854a1?s=96&d=mm&r=g","contentUrl":"https:\/\/secure.gravatar.com\/avatar\/e20266f97d741f0e80ba1f60283074a9b3317fd7bfb727e0d95b51dafbf854a1?s=96&d=mm&r=g","caption":"Administrateur"},"url":"https:\/\/www.latribunedufaso.net\/?author=2"}]}},"_links":{"self":[{"href":"https:\/\/www.latribunedufaso.net\/index.php?rest_route=\/wp\/v2\/posts\/4775","targetHints":{"allow":["GET"]}}],"collection":[{"href":"https:\/\/www.latribunedufaso.net\/index.php?rest_route=\/wp\/v2\/posts"}],"about":[{"href":"https:\/\/www.latribunedufaso.net\/index.php?rest_route=\/wp\/v2\/types\/post"}],"author":[{"embeddable":true,"href":"https:\/\/www.latribunedufaso.net\/index.php?rest_route=\/wp\/v2\/users\/2"}],"replies":[{"embeddable":true,"href":"https:\/\/www.latribunedufaso.net\/index.php?rest_route=%2Fwp%2Fv2%2Fcomments&post=4775"}],"version-history":[{"count":1,"href":"https:\/\/www.latribunedufaso.net\/index.php?rest_route=\/wp\/v2\/posts\/4775\/revisions"}],"predecessor-version":[{"id":4777,"href":"https:\/\/www.latribunedufaso.net\/index.php?rest_route=\/wp\/v2\/posts\/4775\/revisions\/4777"}],"wp:featuredmedia":[{"embeddable":true,"href":"https:\/\/www.latribunedufaso.net\/index.php?rest_route=\/wp\/v2\/media\/4743"}],"wp:attachment":[{"href":"https:\/\/www.latribunedufaso.net\/index.php?rest_route=%2Fwp%2Fv2%2Fmedia&parent=4775"}],"wp:term":[{"taxonomy":"category","embeddable":true,"href":"https:\/\/www.latribunedufaso.net\/index.php?rest_route=%2Fwp%2Fv2%2Fcategories&post=4775"},{"taxonomy":"post_tag","embeddable":true,"href":"https:\/\/www.latribunedufaso.net\/index.php?rest_route=%2Fwp%2Fv2%2Ftags&post=4775"}],"curies":[{"name":"wp","href":"https:\/\/api.w.org\/{rel}","templated":true}]}}