{"id":4732,"date":"2021-12-07T09:50:10","date_gmt":"2021-12-07T09:50:10","guid":{"rendered":"https:\/\/www.latribunedufaso.net\/?p=4732"},"modified":"2021-12-07T09:50:10","modified_gmt":"2021-12-07T09:50:10","slug":"report-du-8e-congres-ordinaire-du-cdp-les-responsables-toujours-dans-la-gueguerre","status":"publish","type":"post","link":"https:\/\/www.latribunedufaso.net\/?p=4732","title":{"rendered":"Report du 8e congr\u00e8s ordinaire du CDP\u00a0: Les responsables toujours dans la gu\u00e9guerre"},"content":{"rendered":"<p><strong><span style=\"font-size: 1.0625rem;\">Les raisons qui ont pr\u00e9valu au report du 8e congr\u00e8s ordinaire que devrait tenir le Congr\u00e8s pour la d\u00e9mocratie et le progr\u00e8s (CDP) \u00e9taient \u00e0 l\u2019ordre du jour des \u00e9changes qu\u2019il y a eu entre les Hommes de m\u00e9dias et le pr\u00e9sident du comit\u00e9 national d\u2019organisation du congr\u00e8s, Achille Tapsoba. C\u2019est ce lundi 6 d\u00e9cembre 2021. De ses confidences, il s\u2019agit d\u2019une assignation du parti en justice, introduite par le secr\u00e9taire g\u00e9n\u00e9ral et\u00a0 le secr\u00e9taire en charge des \u00e9lus nationaux, r\u00e9clamant l\u2019annulation du congr\u00e8s conform\u00e9ment \u00e0 la lettre du pr\u00e9sident d\u2019honneur du parti, Blaise Compaor\u00e9.<\/span><\/strong><br \/>\n<!--more--><\/p>\n<p>&nbsp;<\/p>\n<p><span style=\"font-size: 1.0625rem;\">Le congr\u00e8s pour la d\u00e9mocratie et le progr\u00e8s (CDP) fait face de nouveau \u00e0 la justice, \u00e0 la veille de la tenue d\u2019un congr\u00e8s. Il s\u2019agit en effet de l\u2019organisation du 8e congr\u00e8s ordinaire qui est en souffrance. La faute au secr\u00e9taire g\u00e9n\u00e9ral et au secr\u00e9taire en charge des \u00e9lus nationaux, r\u00e9clamant l\u2019annulation du congr\u00e8s conform\u00e9ment \u00e0 la lettre du pr\u00e9sident d\u2019honneur du parti, Blaise Compaor\u00e9. Selon les explications du pr\u00e9sident du comit\u00e9 national d\u2019organisation, Achille Tapsoba, c\u2019\u00e9tait les 4 et 5 d\u00e9cembre derniers, que le parti de l\u2019opposition devrait tenir ledit congr\u00e8s. Il affirme qu\u2019une semaine avant l\u2019\u00e9v\u00e8nement, les responsables du parti ont re\u00e7u une lettre\u00a0 du pr\u00e9sident d\u2019honneur, Blaise Compaor\u00e9, les invitant au report du congr\u00e8s pour motif de la d\u00e9gradation dangereuse de la situation nationale mais aussi pour la n\u00e9cessit\u00e9 de solidariser avec les victimes de la barbarie des terroristes. <\/span><\/p>\n<p><span style=\"font-size: 1.0625rem;\">Il indique qu\u2019apr\u00e8s avoir pris connaissance de la lettre en question, le Bureau ex\u00e9cutif national apr\u00e8s \u00e9change a d\u00e9cid\u00e9 de soumettre la question au bureau politique national qui est l\u2019instance qui a convoqu\u00e9 le congr\u00e8s. <\/span><span style=\"font-size: 1.0625rem;\">Ainsi donc, c\u2019est la veille du congr\u00e8s avant m\u00eame la r\u00e9union du bureau politique national que les responsables ont \u00e9t\u00e9 inform\u00e9s que le parti avait \u00e9t\u00e9 assign\u00e9 en justice par le secr\u00e9taire g\u00e9n\u00e9ral du parti, et le secr\u00e9taire en charge des \u00e9lus nationaux.\u00a0 Cette d\u00e9cision de justice si on s\u2019en tient \u00e0 ses dires, est venue sommer le CDP de suspendre la tenue du congr\u00e8s. Il estime que cette assignation avait pour objectif de faire obtemp\u00e9rer la direction par rapport \u00e0 la demande de report du pr\u00e9sident d\u2019honneur. \u00ab De ce point de vu, il a \u00e9t\u00e9 difficile voir inappropri\u00e9 de tenir le congr\u00e8s \u00bb a soutenu Achille Tapsoba.<\/span><\/p>\n<p><span style=\"font-size: 1.0625rem;\">En attendant la d\u00e9cision de l\u2019appel formul\u00e9 par les avocats du parti, le CDP \u00e9tant un parti r\u00e9publicain\u00a0 a d\u00e9cid\u00e9 de su\u00e7oir \u00e0 toute organisation foi du conf\u00e9rencier. De ses explications, avant une reprogrammation du congr\u00e8s, le pr\u00e9sident d\u2019honneur Blaise Compaor\u00e9 a souhait\u00e9 que le pr\u00e9sident du parti Eddie Kombo\u00efgo accompagn\u00e9 d\u2019une d\u00e9l\u00e9gation, vienne d\u2019abord \u00e9changer avec lui<\/span><\/p>\n<p><strong><span style=\"font-size: 1.0625rem;\">Julien Sawadogo<\/span><\/strong><\/p>\n<p><strong><span style=\"font-size: 1.0625rem;\">Latribunedufaso.net<\/span><\/strong><\/p>\n","protected":false},"excerpt":{"rendered":"<p>Les raisons qui ont pr\u00e9valu au report du 8e congr\u00e8s ordinaire que devrait tenir le Congr\u00e8s pour la d\u00e9mocratie et le progr\u00e8s (CDP) \u00e9taient \u00e0 l\u2019ordre du jour des \u00e9changes qu\u2019il y a eu entre les Hommes de m\u00e9dias et le pr\u00e9sident du comit\u00e9 national d\u2019organisation du congr\u00e8s, Achille Tapsoba. C\u2019est ce lundi 6 d\u00e9cembre 2021. De ses confidences, il s\u2019agit d\u2019une assignation du parti en justice, introduite par le secr\u00e9taire g\u00e9n\u00e9ral et\u00a0 le secr\u00e9taire en charge des \u00e9lus nationaux, r\u00e9clamant l\u2019annulation du congr\u00e8s conform\u00e9ment \u00e0 la lettre du pr\u00e9sident d\u2019honneur du parti, Blaise Compaor\u00e9.<\/p>\n","protected":false},"author":2,"featured_media":4733,"comment_status":"open","ping_status":"open","sticky":false,"template":"","format":"standard","meta":{"footnotes":""},"categories":[13,1,8],"tags":[],"class_list":["post-4732","post","type-post","status-publish","format-standard","has-post-thumbnail","hentry","category-une","category-actu","category-societe"],"yoast_head":"<!-- This site is optimized with the Yoast SEO plugin v27.5 - https:\/\/yoast.com\/product\/yoast-seo-wordpress\/ -->\n<title>Report du 8e congr\u00e8s ordinaire du CDP\u00a0: Les responsables toujours dans la gu\u00e9guerre - La Tribune du Faso<\/title>\n<meta name=\"robots\" content=\"index, follow, max-snippet:-1, max-image-preview:large, max-video-preview:-1\" \/>\n<link rel=\"canonical\" href=\"https:\/\/www.latribunedufaso.net\/?p=4732\" \/>\n<meta property=\"og:locale\" content=\"fr_FR\" \/>\n<meta property=\"og:type\" content=\"article\" \/>\n<meta property=\"og:title\" content=\"Report du 8e congr\u00e8s ordinaire du CDP\u00a0: Les responsables toujours dans la gu\u00e9guerre - La Tribune du Faso\" \/>\n<meta property=\"og:description\" content=\"Les raisons qui ont pr\u00e9valu au report du 8e congr\u00e8s ordinaire que devrait tenir le Congr\u00e8s pour la d\u00e9mocratie et le progr\u00e8s (CDP) \u00e9taient \u00e0 l\u2019ordre du jour des \u00e9changes qu\u2019il y a eu entre les Hommes de m\u00e9dias et le pr\u00e9sident du comit\u00e9 national d\u2019organisation du congr\u00e8s, Achille Tapsoba. C\u2019est ce lundi 6 d\u00e9cembre 2021. De ses confidences, il s\u2019agit d\u2019une assignation du parti en justice, introduite par le secr\u00e9taire g\u00e9n\u00e9ral et\u00a0 le secr\u00e9taire en charge des \u00e9lus nationaux, r\u00e9clamant l\u2019annulation du congr\u00e8s conform\u00e9ment \u00e0 la lettre du pr\u00e9sident d\u2019honneur du parti, Blaise Compaor\u00e9.\" \/>\n<meta property=\"og:url\" content=\"https:\/\/www.latribunedufaso.net\/?p=4732\" \/>\n<meta property=\"og:site_name\" content=\"La Tribune du Faso\" \/>\n<meta property=\"article:publisher\" content=\"https:\/\/www.facebook.com\/LatribuneduFaso\/\" \/>\n<meta property=\"article:published_time\" content=\"2021-12-07T09:50:10+00:00\" \/>\n<meta property=\"og:image\" content=\"https:\/\/latribunedufaso.net\/wp-content\/uploads\/2021\/12\/IMG-20211207-WA0000.jpg\" \/>\n\t<meta property=\"og:image:width\" content=\"720\" \/>\n\t<meta property=\"og:image:height\" content=\"540\" \/>\n\t<meta property=\"og:image:type\" content=\"image\/jpeg\" \/>\n<meta name=\"author\" content=\"Administrateur\" \/>\n<meta name=\"twitter:label1\" content=\"\u00c9crit par\" \/>\n\t<meta name=\"twitter:data1\" content=\"Administrateur\" \/>\n\t<meta name=\"twitter:label2\" content=\"Dur\u00e9e de lecture estim\u00e9e\" \/>\n\t<meta name=\"twitter:data2\" content=\"3 minutes\" \/>\n<script type=\"application\/ld+json\" class=\"yoast-schema-graph\">{\"@context\":\"https:\\\/\\\/schema.org\",\"@graph\":[{\"@type\":\"Article\",\"@id\":\"https:\\\/\\\/www.latribunedufaso.net\\\/?p=4732#article\",\"isPartOf\":{\"@id\":\"https:\\\/\\\/www.latribunedufaso.net\\\/?p=4732\"},\"author\":{\"name\":\"Administrateur\",\"@id\":\"https:\\\/\\\/www.latribunedufaso.net\\\/#\\\/schema\\\/person\\\/a380782d0605bb8aae27c40ea93b35b1\"},\"headline\":\"Report du 8e congr\u00e8s ordinaire du CDP\u00a0: Les responsables toujours dans la gu\u00e9guerre\",\"datePublished\":\"2021-12-07T09:50:10+00:00\",\"mainEntityOfPage\":{\"@id\":\"https:\\\/\\\/www.latribunedufaso.net\\\/?p=4732\"},\"wordCount\":542,\"commentCount\":0,\"publisher\":{\"@id\":\"https:\\\/\\\/www.latribunedufaso.net\\\/#organization\"},\"image\":{\"@id\":\"https:\\\/\\\/www.latribunedufaso.net\\\/?p=4732#primaryimage\"},\"thumbnailUrl\":\"https:\\\/\\\/www.latribunedufaso.net\\\/wp-content\\\/uploads\\\/2021\\\/12\\\/IMG-20211207-WA0000.jpg\",\"articleSection\":[\"A la une\",\"Actualit\u00e9\",\"Soci\u00e9t\u00e9\"],\"inLanguage\":\"fr-FR\",\"potentialAction\":[{\"@type\":\"CommentAction\",\"name\":\"Comment\",\"target\":[\"https:\\\/\\\/www.latribunedufaso.net\\\/?p=4732#respond\"]}]},{\"@type\":\"WebPage\",\"@id\":\"https:\\\/\\\/www.latribunedufaso.net\\\/?p=4732\",\"url\":\"https:\\\/\\\/www.latribunedufaso.net\\\/?p=4732\",\"name\":\"Report du 8e congr\u00e8s ordinaire du CDP\u00a0: Les responsables toujours dans la gu\u00e9guerre - La Tribune du Faso\",\"isPartOf\":{\"@id\":\"https:\\\/\\\/www.latribunedufaso.net\\\/#website\"},\"primaryImageOfPage\":{\"@id\":\"https:\\\/\\\/www.latribunedufaso.net\\\/?p=4732#primaryimage\"},\"image\":{\"@id\":\"https:\\\/\\\/www.latribunedufaso.net\\\/?p=4732#primaryimage\"},\"thumbnailUrl\":\"https:\\\/\\\/www.latribunedufaso.net\\\/wp-content\\\/uploads\\\/2021\\\/12\\\/IMG-20211207-WA0000.jpg\",\"datePublished\":\"2021-12-07T09:50:10+00:00\",\"breadcrumb\":{\"@id\":\"https:\\\/\\\/www.latribunedufaso.net\\\/?p=4732#breadcrumb\"},\"inLanguage\":\"fr-FR\",\"potentialAction\":[{\"@type\":\"ReadAction\",\"target\":[\"https:\\\/\\\/www.latribunedufaso.net\\\/?p=4732\"]}]},{\"@type\":\"ImageObject\",\"inLanguage\":\"fr-FR\",\"@id\":\"https:\\\/\\\/www.latribunedufaso.net\\\/?p=4732#primaryimage\",\"url\":\"https:\\\/\\\/www.latribunedufaso.net\\\/wp-content\\\/uploads\\\/2021\\\/12\\\/IMG-20211207-WA0000.jpg\",\"contentUrl\":\"https:\\\/\\\/www.latribunedufaso.net\\\/wp-content\\\/uploads\\\/2021\\\/12\\\/IMG-20211207-WA0000.jpg\",\"width\":720,\"height\":540},{\"@type\":\"BreadcrumbList\",\"@id\":\"https:\\\/\\\/www.latribunedufaso.net\\\/?p=4732#breadcrumb\",\"itemListElement\":[{\"@type\":\"ListItem\",\"position\":1,\"name\":\"Accueil\",\"item\":\"https:\\\/\\\/www.latribunedufaso.net\\\/\"},{\"@type\":\"ListItem\",\"position\":2,\"name\":\"Report du 8e congr\u00e8s ordinaire du CDP\u00a0: Les responsables toujours dans la gu\u00e9guerre\"}]},{\"@type\":\"WebSite\",\"@id\":\"https:\\\/\\\/www.latribunedufaso.net\\\/#website\",\"url\":\"https:\\\/\\\/www.latribunedufaso.net\\\/\",\"name\":\"La Tribune du Faso\",\"description\":\"L&#039;information du monde rural en un clic\",\"publisher\":{\"@id\":\"https:\\\/\\\/www.latribunedufaso.net\\\/#organization\"},\"potentialAction\":[{\"@type\":\"SearchAction\",\"target\":{\"@type\":\"EntryPoint\",\"urlTemplate\":\"https:\\\/\\\/www.latribunedufaso.net\\\/?s={search_term_string}\"},\"query-input\":{\"@type\":\"PropertyValueSpecification\",\"valueRequired\":true,\"valueName\":\"search_term_string\"}}],\"inLanguage\":\"fr-FR\"},{\"@type\":\"Organization\",\"@id\":\"https:\\\/\\\/www.latribunedufaso.net\\\/#organization\",\"name\":\"La Tribune du Faso\",\"url\":\"https:\\\/\\\/www.latribunedufaso.net\\\/\",\"logo\":{\"@type\":\"ImageObject\",\"inLanguage\":\"fr-FR\",\"@id\":\"https:\\\/\\\/www.latribunedufaso.net\\\/#\\\/schema\\\/logo\\\/image\\\/\",\"url\":\"https:\\\/\\\/www.latribunedufaso.net\\\/wp-content\\\/uploads\\\/2020\\\/08\\\/Logo-Tribune-du-Faso-final-scaled.jpg\",\"contentUrl\":\"https:\\\/\\\/www.latribunedufaso.net\\\/wp-content\\\/uploads\\\/2020\\\/08\\\/Logo-Tribune-du-Faso-final-scaled.jpg\",\"width\":2560,\"height\":1856,\"caption\":\"La Tribune du Faso\"},\"image\":{\"@id\":\"https:\\\/\\\/www.latribunedufaso.net\\\/#\\\/schema\\\/logo\\\/image\\\/\"},\"sameAs\":[\"https:\\\/\\\/www.facebook.com\\\/LatribuneduFaso\\\/\"]},{\"@type\":\"Person\",\"@id\":\"https:\\\/\\\/www.latribunedufaso.net\\\/#\\\/schema\\\/person\\\/a380782d0605bb8aae27c40ea93b35b1\",\"name\":\"Administrateur\",\"image\":{\"@type\":\"ImageObject\",\"inLanguage\":\"fr-FR\",\"@id\":\"https:\\\/\\\/secure.gravatar.com\\\/avatar\\\/e20266f97d741f0e80ba1f60283074a9b3317fd7bfb727e0d95b51dafbf854a1?s=96&d=mm&r=g\",\"url\":\"https:\\\/\\\/secure.gravatar.com\\\/avatar\\\/e20266f97d741f0e80ba1f60283074a9b3317fd7bfb727e0d95b51dafbf854a1?s=96&d=mm&r=g\",\"contentUrl\":\"https:\\\/\\\/secure.gravatar.com\\\/avatar\\\/e20266f97d741f0e80ba1f60283074a9b3317fd7bfb727e0d95b51dafbf854a1?s=96&d=mm&r=g\",\"caption\":\"Administrateur\"},\"url\":\"https:\\\/\\\/www.latribunedufaso.net\\\/?author=2\"}]}<\/script>\n<!-- \/ Yoast SEO plugin. -->","yoast_head_json":{"title":"Report du 8e congr\u00e8s ordinaire du CDP\u00a0: Les responsables toujours dans la gu\u00e9guerre - La Tribune du Faso","robots":{"index":"index","follow":"follow","max-snippet":"max-snippet:-1","max-image-preview":"max-image-preview:large","max-video-preview":"max-video-preview:-1"},"canonical":"https:\/\/www.latribunedufaso.net\/?p=4732","og_locale":"fr_FR","og_type":"article","og_title":"Report du 8e congr\u00e8s ordinaire du CDP\u00a0: Les responsables toujours dans la gu\u00e9guerre - La Tribune du Faso","og_description":"Les raisons qui ont pr\u00e9valu au report du 8e congr\u00e8s ordinaire que devrait tenir le Congr\u00e8s pour la d\u00e9mocratie et le progr\u00e8s (CDP) \u00e9taient \u00e0 l\u2019ordre du jour des \u00e9changes qu\u2019il y a eu entre les Hommes de m\u00e9dias et le pr\u00e9sident du comit\u00e9 national d\u2019organisation du congr\u00e8s, Achille Tapsoba. C\u2019est ce lundi 6 d\u00e9cembre 2021. De ses confidences, il s\u2019agit d\u2019une assignation du parti en justice, introduite par le secr\u00e9taire g\u00e9n\u00e9ral et\u00a0 le secr\u00e9taire en charge des \u00e9lus nationaux, r\u00e9clamant l\u2019annulation du congr\u00e8s conform\u00e9ment \u00e0 la lettre du pr\u00e9sident d\u2019honneur du parti, Blaise Compaor\u00e9.","og_url":"https:\/\/www.latribunedufaso.net\/?p=4732","og_site_name":"La Tribune du Faso","article_publisher":"https:\/\/www.facebook.com\/LatribuneduFaso\/","article_published_time":"2021-12-07T09:50:10+00:00","og_image":[{"width":720,"height":540,"url":"https:\/\/latribunedufaso.net\/wp-content\/uploads\/2021\/12\/IMG-20211207-WA0000.jpg","type":"image\/jpeg"}],"author":"Administrateur","twitter_misc":{"\u00c9crit par":"Administrateur","Dur\u00e9e de lecture estim\u00e9e":"3 minutes"},"schema":{"@context":"https:\/\/schema.org","@graph":[{"@type":"Article","@id":"https:\/\/www.latribunedufaso.net\/?p=4732#article","isPartOf":{"@id":"https:\/\/www.latribunedufaso.net\/?p=4732"},"author":{"name":"Administrateur","@id":"https:\/\/www.latribunedufaso.net\/#\/schema\/person\/a380782d0605bb8aae27c40ea93b35b1"},"headline":"Report du 8e congr\u00e8s ordinaire du CDP\u00a0: Les responsables toujours dans la gu\u00e9guerre","datePublished":"2021-12-07T09:50:10+00:00","mainEntityOfPage":{"@id":"https:\/\/www.latribunedufaso.net\/?p=4732"},"wordCount":542,"commentCount":0,"publisher":{"@id":"https:\/\/www.latribunedufaso.net\/#organization"},"image":{"@id":"https:\/\/www.latribunedufaso.net\/?p=4732#primaryimage"},"thumbnailUrl":"https:\/\/www.latribunedufaso.net\/wp-content\/uploads\/2021\/12\/IMG-20211207-WA0000.jpg","articleSection":["A la une","Actualit\u00e9","Soci\u00e9t\u00e9"],"inLanguage":"fr-FR","potentialAction":[{"@type":"CommentAction","name":"Comment","target":["https:\/\/www.latribunedufaso.net\/?p=4732#respond"]}]},{"@type":"WebPage","@id":"https:\/\/www.latribunedufaso.net\/?p=4732","url":"https:\/\/www.latribunedufaso.net\/?p=4732","name":"Report du 8e congr\u00e8s ordinaire du CDP\u00a0: Les responsables toujours dans la gu\u00e9guerre - La Tribune du Faso","isPartOf":{"@id":"https:\/\/www.latribunedufaso.net\/#website"},"primaryImageOfPage":{"@id":"https:\/\/www.latribunedufaso.net\/?p=4732#primaryimage"},"image":{"@id":"https:\/\/www.latribunedufaso.net\/?p=4732#primaryimage"},"thumbnailUrl":"https:\/\/www.latribunedufaso.net\/wp-content\/uploads\/2021\/12\/IMG-20211207-WA0000.jpg","datePublished":"2021-12-07T09:50:10+00:00","breadcrumb":{"@id":"https:\/\/www.latribunedufaso.net\/?p=4732#breadcrumb"},"inLanguage":"fr-FR","potentialAction":[{"@type":"ReadAction","target":["https:\/\/www.latribunedufaso.net\/?p=4732"]}]},{"@type":"ImageObject","inLanguage":"fr-FR","@id":"https:\/\/www.latribunedufaso.net\/?p=4732#primaryimage","url":"https:\/\/www.latribunedufaso.net\/wp-content\/uploads\/2021\/12\/IMG-20211207-WA0000.jpg","contentUrl":"https:\/\/www.latribunedufaso.net\/wp-content\/uploads\/2021\/12\/IMG-20211207-WA0000.jpg","width":720,"height":540},{"@type":"BreadcrumbList","@id":"https:\/\/www.latribunedufaso.net\/?p=4732#breadcrumb","itemListElement":[{"@type":"ListItem","position":1,"name":"Accueil","item":"https:\/\/www.latribunedufaso.net\/"},{"@type":"ListItem","position":2,"name":"Report du 8e congr\u00e8s ordinaire du CDP\u00a0: Les responsables toujours dans la gu\u00e9guerre"}]},{"@type":"WebSite","@id":"https:\/\/www.latribunedufaso.net\/#website","url":"https:\/\/www.latribunedufaso.net\/","name":"La Tribune du Faso","description":"L&#039;information du monde rural en un clic","publisher":{"@id":"https:\/\/www.latribunedufaso.net\/#organization"},"potentialAction":[{"@type":"SearchAction","target":{"@type":"EntryPoint","urlTemplate":"https:\/\/www.latribunedufaso.net\/?s={search_term_string}"},"query-input":{"@type":"PropertyValueSpecification","valueRequired":true,"valueName":"search_term_string"}}],"inLanguage":"fr-FR"},{"@type":"Organization","@id":"https:\/\/www.latribunedufaso.net\/#organization","name":"La Tribune du Faso","url":"https:\/\/www.latribunedufaso.net\/","logo":{"@type":"ImageObject","inLanguage":"fr-FR","@id":"https:\/\/www.latribunedufaso.net\/#\/schema\/logo\/image\/","url":"https:\/\/www.latribunedufaso.net\/wp-content\/uploads\/2020\/08\/Logo-Tribune-du-Faso-final-scaled.jpg","contentUrl":"https:\/\/www.latribunedufaso.net\/wp-content\/uploads\/2020\/08\/Logo-Tribune-du-Faso-final-scaled.jpg","width":2560,"height":1856,"caption":"La Tribune du Faso"},"image":{"@id":"https:\/\/www.latribunedufaso.net\/#\/schema\/logo\/image\/"},"sameAs":["https:\/\/www.facebook.com\/LatribuneduFaso\/"]},{"@type":"Person","@id":"https:\/\/www.latribunedufaso.net\/#\/schema\/person\/a380782d0605bb8aae27c40ea93b35b1","name":"Administrateur","image":{"@type":"ImageObject","inLanguage":"fr-FR","@id":"https:\/\/secure.gravatar.com\/avatar\/e20266f97d741f0e80ba1f60283074a9b3317fd7bfb727e0d95b51dafbf854a1?s=96&d=mm&r=g","url":"https:\/\/secure.gravatar.com\/avatar\/e20266f97d741f0e80ba1f60283074a9b3317fd7bfb727e0d95b51dafbf854a1?s=96&d=mm&r=g","contentUrl":"https:\/\/secure.gravatar.com\/avatar\/e20266f97d741f0e80ba1f60283074a9b3317fd7bfb727e0d95b51dafbf854a1?s=96&d=mm&r=g","caption":"Administrateur"},"url":"https:\/\/www.latribunedufaso.net\/?author=2"}]}},"_links":{"self":[{"href":"https:\/\/www.latribunedufaso.net\/index.php?rest_route=\/wp\/v2\/posts\/4732","targetHints":{"allow":["GET"]}}],"collection":[{"href":"https:\/\/www.latribunedufaso.net\/index.php?rest_route=\/wp\/v2\/posts"}],"about":[{"href":"https:\/\/www.latribunedufaso.net\/index.php?rest_route=\/wp\/v2\/types\/post"}],"author":[{"embeddable":true,"href":"https:\/\/www.latribunedufaso.net\/index.php?rest_route=\/wp\/v2\/users\/2"}],"replies":[{"embeddable":true,"href":"https:\/\/www.latribunedufaso.net\/index.php?rest_route=%2Fwp%2Fv2%2Fcomments&post=4732"}],"version-history":[{"count":1,"href":"https:\/\/www.latribunedufaso.net\/index.php?rest_route=\/wp\/v2\/posts\/4732\/revisions"}],"predecessor-version":[{"id":4735,"href":"https:\/\/www.latribunedufaso.net\/index.php?rest_route=\/wp\/v2\/posts\/4732\/revisions\/4735"}],"wp:featuredmedia":[{"embeddable":true,"href":"https:\/\/www.latribunedufaso.net\/index.php?rest_route=\/wp\/v2\/media\/4733"}],"wp:attachment":[{"href":"https:\/\/www.latribunedufaso.net\/index.php?rest_route=%2Fwp%2Fv2%2Fmedia&parent=4732"}],"wp:term":[{"taxonomy":"category","embeddable":true,"href":"https:\/\/www.latribunedufaso.net\/index.php?rest_route=%2Fwp%2Fv2%2Fcategories&post=4732"},{"taxonomy":"post_tag","embeddable":true,"href":"https:\/\/www.latribunedufaso.net\/index.php?rest_route=%2Fwp%2Fv2%2Ftags&post=4732"}],"curies":[{"name":"wp","href":"https:\/\/api.w.org\/{rel}","templated":true}]}}