{"id":4720,"date":"2021-12-03T11:48:30","date_gmt":"2021-12-03T11:48:30","guid":{"rendered":"https:\/\/www.latribunedufaso.net\/?p=4720"},"modified":"2021-12-03T11:48:30","modified_gmt":"2021-12-03T11:48:30","slug":"terrorisme-bala-et-ses-militants-se-disent-les-verites","status":"publish","type":"post","link":"https:\/\/www.latribunedufaso.net\/?p=4720","title":{"rendered":"Terrorisme\u00a0: Bala et ses militants se disent les v\u00e9rit\u00e9s"},"content":{"rendered":"<p><strong><span style=\"font-size: 1.0625rem;\">Le pr\u00e9sident du Mouvement du peuple pour le progr\u00e8s (MPP) Alassane Bala Sakand\u00e9 a \u00e9chang\u00e9 avec les militants du Kadiogo, sur la situation s\u00e9curitaire du pays, l\u2019appel \u00e0 d\u00e9mission lanc\u00e9 au pr\u00e9sident du Faso, la marche du 27 novembre suite \u00e0 l\u2019attaque terroriste d\u2019Inata, ce jeudi 2 d\u00e9cembre 2021 \u00e0 Ouagadougou.<\/span><\/strong><br \/>\n<!--more--><\/p>\n<p>&nbsp;<\/p>\n<p><img loading=\"lazy\" decoding=\"async\" class=\"size-medium wp-image-4725 aligncenter\" src=\"https:\/\/latribunedufaso.net\/wp-content\/uploads\/2021\/12\/IMG-20211202-WA0025-300x300.jpg\" alt=\"\" width=\"300\" height=\"300\" srcset=\"https:\/\/www.latribunedufaso.net\/wp-content\/uploads\/2021\/12\/IMG-20211202-WA0025-300x300.jpg 300w, https:\/\/www.latribunedufaso.net\/wp-content\/uploads\/2021\/12\/IMG-20211202-WA0025-1024x1024.jpg 1024w, https:\/\/www.latribunedufaso.net\/wp-content\/uploads\/2021\/12\/IMG-20211202-WA0025-150x150.jpg 150w, https:\/\/www.latribunedufaso.net\/wp-content\/uploads\/2021\/12\/IMG-20211202-WA0025-768x768.jpg 768w, https:\/\/www.latribunedufaso.net\/wp-content\/uploads\/2021\/12\/IMG-20211202-WA0025.jpg 1080w\" sizes=\"auto, (max-width: 300px) 100vw, 300px\" \/><\/p>\n<p><span style=\"font-size: 1.0625rem;\">Le terrorisme, ce n\u2019est pas le MPP, ce n\u2019est pas Roch Marc Christian Kabor\u00e9 qui l\u2019a invent\u00e9. Ce message est du pr\u00e9sident du MPP, Alassane Bala Sakand\u00e9. C\u2019est sa r\u00e9ponse \u00e0 la demande \u00e0 la d\u00e9mission du chef de l\u2019Etat suite \u00e0 l\u2019attaque terroriste d\u2019Inata, faite par certaines organisations de la soci\u00e9t\u00e9 civile, certaines formations politiques. Pour lui donc, s\u2019acharner sur le chef de l\u2019Etat, c\u2019est faire du faux. \u00ab Qu\u2019est-ce le terrorisme \u00e0 avoir avec la d\u00e9mission d\u2019un pr\u00e9sident d\u00e9mocratiquement \u00e9lu ? \u00bb, se demande le politique. De sa conviction, si l\u2019on prend cette voix, l\u2019on va installer le Burkina Faso dans le chaos. Il rappelle que depuis l\u2019arriv\u00e9 au pouvoir de Roch Marc Christian Kabor\u00e9, il a mis de consid\u00e9rables moyens dans la s\u00e9curit\u00e9, afin que le Burkina arrive \u00e0 se d\u00e9fendre. Par rapport \u00e0 l\u2019\u00e9volution du budget accord\u00e9 \u00e0 la d\u00e9fense et \u00e0 la s\u00e9curit\u00e9, il confie qu\u2019en 2016, il \u00e9tait de 150 milliards de francs CFA, et en 2021, il est pass\u00e9 \u00e0 428 milliards de francs CFA. Demand\u00e9 donc la d\u00e9mission de Roch Marc Christian Kabor\u00e9, ce n\u2019est pas ce qui va r\u00e9gler le probl\u00e8me, a soulign\u00e9 le patron du MPP.\u00a0<\/span><\/p>\n<p>L\u2019union est ce qui permettra de vaincre le mal a-t-il indiqu\u00e9. Il invite donc les uns et les autres \u00e0 resserrer les rangs. \u00ab\u00a0Roch seul ne pourra pas, les FDS \u00e0 elles seules ne pourront pas\u00a0\u00bb, a-t-il soutenu. C\u2019est donc conscient de cela, qu\u2019il d\u00e9clare qu\u2019il est imp\u00e9ratif que les FDS, les politiques \u00e0 savoir la majorit\u00e9 comme l\u2019opposition, la soci\u00e9t\u00e9 civile, la population toute enti\u00e8re, conjuguent leurs efforts. Pour le pr\u00e9sident de l\u2019Assembl\u00e9e nationale, il est temps de savoir que l\u2019on a un ennemi en commun, qu\u2019il faut traquer jusqu\u2019\u00e0 son dernier retranchement. Pour cela, il a invit\u00e9 les Burkinab\u00e8 \u00e0 cultiver la r\u00e9silience, \u00e0 chasser en eux, le d\u00e9fectisme, la r\u00e9signation.<\/p>\n<p>L\u2019attaque terroriste d\u2019Inata a conduit \u00e0 la marche du 27 novembre. Des manifestants au cours de ladite marche ont tent\u00e9 d\u2019incendier le si\u00e8ge du MPP. Cette rencontre a \u00e9t\u00e9 l\u2019occasion pour le N\u00b01 du parti au pouvoir, de f\u00e9liciter les militants qui ont tenu t\u00eate auxdits manifestants. Il les a invit\u00e9s \u00e0 ne pas c\u00e9der \u00e0 la provocation, \u00e0 rester conscient, car le MPP est un parti de paix assure-t-il. \u00ab\u00a0Vous ne devez pas \u00eatre anim\u00e9 d\u2019un esprit de vengeance\u00a0\u00bb, leur a-t-il rappel\u00e9.<\/p>\n<p>Pour sa part, il a exhort\u00e9 ceux qu\u2019il qualifie d\u2019amis d\u2019en face, \u00e0 revenir \u00e0 la table des n\u00e9gociations, \u00e0 savoir raison garder\u00a0; parce que le Burkina Faso n\u2019appartient pas au MPP, mais \u00e0 tous les Burkinab\u00e8.<\/p>\n<p><strong>Julien Sawadogo<\/strong><\/p>\n<p><strong>Latribunedufaso.net<\/strong><\/p>\n","protected":false},"excerpt":{"rendered":"<p>Le pr\u00e9sident du Mouvement du peuple pour le progr\u00e8s (MPP) Alassane Bala Sakand\u00e9 a \u00e9chang\u00e9 avec les militants du Kadiogo, sur la situation s\u00e9curitaire du pays, l\u2019appel \u00e0 d\u00e9mission lanc\u00e9 au pr\u00e9sident du Faso, la marche du 27 novembre suite \u00e0 l\u2019attaque terroriste d\u2019Inata, ce jeudi 2 d\u00e9cembre 2021 \u00e0 Ouagadougou.<\/p>\n","protected":false},"author":2,"featured_media":4724,"comment_status":"open","ping_status":"open","sticky":false,"template":"","format":"standard","meta":{"footnotes":""},"categories":[13,1,8],"tags":[],"class_list":["post-4720","post","type-post","status-publish","format-standard","has-post-thumbnail","hentry","category-une","category-actu","category-societe"],"yoast_head":"<!-- This site is optimized with the Yoast SEO plugin v27.5 - https:\/\/yoast.com\/product\/yoast-seo-wordpress\/ -->\n<title>Terrorisme\u00a0: Bala et ses militants se disent les v\u00e9rit\u00e9s - La Tribune du Faso<\/title>\n<meta name=\"robots\" content=\"index, follow, max-snippet:-1, max-image-preview:large, max-video-preview:-1\" \/>\n<link rel=\"canonical\" href=\"https:\/\/www.latribunedufaso.net\/?p=4720\" \/>\n<meta property=\"og:locale\" content=\"fr_FR\" \/>\n<meta property=\"og:type\" content=\"article\" \/>\n<meta property=\"og:title\" content=\"Terrorisme\u00a0: Bala et ses militants se disent les v\u00e9rit\u00e9s - La Tribune du Faso\" \/>\n<meta property=\"og:description\" content=\"Le pr\u00e9sident du Mouvement du peuple pour le progr\u00e8s (MPP) Alassane Bala Sakand\u00e9 a \u00e9chang\u00e9 avec les militants du Kadiogo, sur la situation s\u00e9curitaire du pays, l\u2019appel \u00e0 d\u00e9mission lanc\u00e9 au pr\u00e9sident du Faso, la marche du 27 novembre suite \u00e0 l\u2019attaque terroriste d\u2019Inata, ce jeudi 2 d\u00e9cembre 2021 \u00e0 Ouagadougou.\" \/>\n<meta property=\"og:url\" content=\"https:\/\/www.latribunedufaso.net\/?p=4720\" \/>\n<meta property=\"og:site_name\" content=\"La Tribune du Faso\" \/>\n<meta property=\"article:publisher\" content=\"https:\/\/www.facebook.com\/LatribuneduFaso\/\" \/>\n<meta property=\"article:published_time\" content=\"2021-12-03T11:48:30+00:00\" \/>\n<meta property=\"og:image\" content=\"https:\/\/latribunedufaso.net\/wp-content\/uploads\/2021\/12\/IMG-20211202-WA0024.jpg\" \/>\n\t<meta property=\"og:image:width\" content=\"1080\" \/>\n\t<meta property=\"og:image:height\" content=\"1080\" \/>\n\t<meta property=\"og:image:type\" content=\"image\/jpeg\" \/>\n<meta name=\"author\" content=\"Administrateur\" \/>\n<meta name=\"twitter:label1\" content=\"\u00c9crit par\" \/>\n\t<meta name=\"twitter:data1\" content=\"Administrateur\" \/>\n\t<meta name=\"twitter:label2\" content=\"Dur\u00e9e de lecture estim\u00e9e\" \/>\n\t<meta name=\"twitter:data2\" content=\"3 minutes\" \/>\n<script type=\"application\/ld+json\" class=\"yoast-schema-graph\">{\"@context\":\"https:\\\/\\\/schema.org\",\"@graph\":[{\"@type\":\"Article\",\"@id\":\"https:\\\/\\\/www.latribunedufaso.net\\\/?p=4720#article\",\"isPartOf\":{\"@id\":\"https:\\\/\\\/www.latribunedufaso.net\\\/?p=4720\"},\"author\":{\"name\":\"Administrateur\",\"@id\":\"https:\\\/\\\/www.latribunedufaso.net\\\/#\\\/schema\\\/person\\\/a380782d0605bb8aae27c40ea93b35b1\"},\"headline\":\"Terrorisme\u00a0: Bala et ses militants se disent les v\u00e9rit\u00e9s\",\"datePublished\":\"2021-12-03T11:48:30+00:00\",\"mainEntityOfPage\":{\"@id\":\"https:\\\/\\\/www.latribunedufaso.net\\\/?p=4720\"},\"wordCount\":534,\"commentCount\":0,\"publisher\":{\"@id\":\"https:\\\/\\\/www.latribunedufaso.net\\\/#organization\"},\"image\":{\"@id\":\"https:\\\/\\\/www.latribunedufaso.net\\\/?p=4720#primaryimage\"},\"thumbnailUrl\":\"https:\\\/\\\/www.latribunedufaso.net\\\/wp-content\\\/uploads\\\/2021\\\/12\\\/IMG-20211202-WA0024.jpg\",\"articleSection\":[\"A la une\",\"Actualit\u00e9\",\"Soci\u00e9t\u00e9\"],\"inLanguage\":\"fr-FR\",\"potentialAction\":[{\"@type\":\"CommentAction\",\"name\":\"Comment\",\"target\":[\"https:\\\/\\\/www.latribunedufaso.net\\\/?p=4720#respond\"]}]},{\"@type\":\"WebPage\",\"@id\":\"https:\\\/\\\/www.latribunedufaso.net\\\/?p=4720\",\"url\":\"https:\\\/\\\/www.latribunedufaso.net\\\/?p=4720\",\"name\":\"Terrorisme\u00a0: Bala et ses militants se disent les v\u00e9rit\u00e9s - La Tribune du Faso\",\"isPartOf\":{\"@id\":\"https:\\\/\\\/www.latribunedufaso.net\\\/#website\"},\"primaryImageOfPage\":{\"@id\":\"https:\\\/\\\/www.latribunedufaso.net\\\/?p=4720#primaryimage\"},\"image\":{\"@id\":\"https:\\\/\\\/www.latribunedufaso.net\\\/?p=4720#primaryimage\"},\"thumbnailUrl\":\"https:\\\/\\\/www.latribunedufaso.net\\\/wp-content\\\/uploads\\\/2021\\\/12\\\/IMG-20211202-WA0024.jpg\",\"datePublished\":\"2021-12-03T11:48:30+00:00\",\"breadcrumb\":{\"@id\":\"https:\\\/\\\/www.latribunedufaso.net\\\/?p=4720#breadcrumb\"},\"inLanguage\":\"fr-FR\",\"potentialAction\":[{\"@type\":\"ReadAction\",\"target\":[\"https:\\\/\\\/www.latribunedufaso.net\\\/?p=4720\"]}]},{\"@type\":\"ImageObject\",\"inLanguage\":\"fr-FR\",\"@id\":\"https:\\\/\\\/www.latribunedufaso.net\\\/?p=4720#primaryimage\",\"url\":\"https:\\\/\\\/www.latribunedufaso.net\\\/wp-content\\\/uploads\\\/2021\\\/12\\\/IMG-20211202-WA0024.jpg\",\"contentUrl\":\"https:\\\/\\\/www.latribunedufaso.net\\\/wp-content\\\/uploads\\\/2021\\\/12\\\/IMG-20211202-WA0024.jpg\",\"width\":1080,\"height\":1080},{\"@type\":\"BreadcrumbList\",\"@id\":\"https:\\\/\\\/www.latribunedufaso.net\\\/?p=4720#breadcrumb\",\"itemListElement\":[{\"@type\":\"ListItem\",\"position\":1,\"name\":\"Accueil\",\"item\":\"https:\\\/\\\/www.latribunedufaso.net\\\/\"},{\"@type\":\"ListItem\",\"position\":2,\"name\":\"Terrorisme\u00a0: Bala et ses militants se disent les v\u00e9rit\u00e9s\"}]},{\"@type\":\"WebSite\",\"@id\":\"https:\\\/\\\/www.latribunedufaso.net\\\/#website\",\"url\":\"https:\\\/\\\/www.latribunedufaso.net\\\/\",\"name\":\"La Tribune du Faso\",\"description\":\"L&#039;information du monde rural en un clic\",\"publisher\":{\"@id\":\"https:\\\/\\\/www.latribunedufaso.net\\\/#organization\"},\"potentialAction\":[{\"@type\":\"SearchAction\",\"target\":{\"@type\":\"EntryPoint\",\"urlTemplate\":\"https:\\\/\\\/www.latribunedufaso.net\\\/?s={search_term_string}\"},\"query-input\":{\"@type\":\"PropertyValueSpecification\",\"valueRequired\":true,\"valueName\":\"search_term_string\"}}],\"inLanguage\":\"fr-FR\"},{\"@type\":\"Organization\",\"@id\":\"https:\\\/\\\/www.latribunedufaso.net\\\/#organization\",\"name\":\"La Tribune du Faso\",\"url\":\"https:\\\/\\\/www.latribunedufaso.net\\\/\",\"logo\":{\"@type\":\"ImageObject\",\"inLanguage\":\"fr-FR\",\"@id\":\"https:\\\/\\\/www.latribunedufaso.net\\\/#\\\/schema\\\/logo\\\/image\\\/\",\"url\":\"https:\\\/\\\/www.latribunedufaso.net\\\/wp-content\\\/uploads\\\/2020\\\/08\\\/Logo-Tribune-du-Faso-final-scaled.jpg\",\"contentUrl\":\"https:\\\/\\\/www.latribunedufaso.net\\\/wp-content\\\/uploads\\\/2020\\\/08\\\/Logo-Tribune-du-Faso-final-scaled.jpg\",\"width\":2560,\"height\":1856,\"caption\":\"La Tribune du Faso\"},\"image\":{\"@id\":\"https:\\\/\\\/www.latribunedufaso.net\\\/#\\\/schema\\\/logo\\\/image\\\/\"},\"sameAs\":[\"https:\\\/\\\/www.facebook.com\\\/LatribuneduFaso\\\/\"]},{\"@type\":\"Person\",\"@id\":\"https:\\\/\\\/www.latribunedufaso.net\\\/#\\\/schema\\\/person\\\/a380782d0605bb8aae27c40ea93b35b1\",\"name\":\"Administrateur\",\"image\":{\"@type\":\"ImageObject\",\"inLanguage\":\"fr-FR\",\"@id\":\"https:\\\/\\\/secure.gravatar.com\\\/avatar\\\/e20266f97d741f0e80ba1f60283074a9b3317fd7bfb727e0d95b51dafbf854a1?s=96&d=mm&r=g\",\"url\":\"https:\\\/\\\/secure.gravatar.com\\\/avatar\\\/e20266f97d741f0e80ba1f60283074a9b3317fd7bfb727e0d95b51dafbf854a1?s=96&d=mm&r=g\",\"contentUrl\":\"https:\\\/\\\/secure.gravatar.com\\\/avatar\\\/e20266f97d741f0e80ba1f60283074a9b3317fd7bfb727e0d95b51dafbf854a1?s=96&d=mm&r=g\",\"caption\":\"Administrateur\"},\"url\":\"https:\\\/\\\/www.latribunedufaso.net\\\/?author=2\"}]}<\/script>\n<!-- \/ Yoast SEO plugin. -->","yoast_head_json":{"title":"Terrorisme\u00a0: Bala et ses militants se disent les v\u00e9rit\u00e9s - La Tribune du Faso","robots":{"index":"index","follow":"follow","max-snippet":"max-snippet:-1","max-image-preview":"max-image-preview:large","max-video-preview":"max-video-preview:-1"},"canonical":"https:\/\/www.latribunedufaso.net\/?p=4720","og_locale":"fr_FR","og_type":"article","og_title":"Terrorisme\u00a0: Bala et ses militants se disent les v\u00e9rit\u00e9s - La Tribune du Faso","og_description":"Le pr\u00e9sident du Mouvement du peuple pour le progr\u00e8s (MPP) Alassane Bala Sakand\u00e9 a \u00e9chang\u00e9 avec les militants du Kadiogo, sur la situation s\u00e9curitaire du pays, l\u2019appel \u00e0 d\u00e9mission lanc\u00e9 au pr\u00e9sident du Faso, la marche du 27 novembre suite \u00e0 l\u2019attaque terroriste d\u2019Inata, ce jeudi 2 d\u00e9cembre 2021 \u00e0 Ouagadougou.","og_url":"https:\/\/www.latribunedufaso.net\/?p=4720","og_site_name":"La Tribune du Faso","article_publisher":"https:\/\/www.facebook.com\/LatribuneduFaso\/","article_published_time":"2021-12-03T11:48:30+00:00","og_image":[{"width":1080,"height":1080,"url":"https:\/\/latribunedufaso.net\/wp-content\/uploads\/2021\/12\/IMG-20211202-WA0024.jpg","type":"image\/jpeg"}],"author":"Administrateur","twitter_misc":{"\u00c9crit par":"Administrateur","Dur\u00e9e de lecture estim\u00e9e":"3 minutes"},"schema":{"@context":"https:\/\/schema.org","@graph":[{"@type":"Article","@id":"https:\/\/www.latribunedufaso.net\/?p=4720#article","isPartOf":{"@id":"https:\/\/www.latribunedufaso.net\/?p=4720"},"author":{"name":"Administrateur","@id":"https:\/\/www.latribunedufaso.net\/#\/schema\/person\/a380782d0605bb8aae27c40ea93b35b1"},"headline":"Terrorisme\u00a0: Bala et ses militants se disent les v\u00e9rit\u00e9s","datePublished":"2021-12-03T11:48:30+00:00","mainEntityOfPage":{"@id":"https:\/\/www.latribunedufaso.net\/?p=4720"},"wordCount":534,"commentCount":0,"publisher":{"@id":"https:\/\/www.latribunedufaso.net\/#organization"},"image":{"@id":"https:\/\/www.latribunedufaso.net\/?p=4720#primaryimage"},"thumbnailUrl":"https:\/\/www.latribunedufaso.net\/wp-content\/uploads\/2021\/12\/IMG-20211202-WA0024.jpg","articleSection":["A la une","Actualit\u00e9","Soci\u00e9t\u00e9"],"inLanguage":"fr-FR","potentialAction":[{"@type":"CommentAction","name":"Comment","target":["https:\/\/www.latribunedufaso.net\/?p=4720#respond"]}]},{"@type":"WebPage","@id":"https:\/\/www.latribunedufaso.net\/?p=4720","url":"https:\/\/www.latribunedufaso.net\/?p=4720","name":"Terrorisme\u00a0: Bala et ses militants se disent les v\u00e9rit\u00e9s - La Tribune du Faso","isPartOf":{"@id":"https:\/\/www.latribunedufaso.net\/#website"},"primaryImageOfPage":{"@id":"https:\/\/www.latribunedufaso.net\/?p=4720#primaryimage"},"image":{"@id":"https:\/\/www.latribunedufaso.net\/?p=4720#primaryimage"},"thumbnailUrl":"https:\/\/www.latribunedufaso.net\/wp-content\/uploads\/2021\/12\/IMG-20211202-WA0024.jpg","datePublished":"2021-12-03T11:48:30+00:00","breadcrumb":{"@id":"https:\/\/www.latribunedufaso.net\/?p=4720#breadcrumb"},"inLanguage":"fr-FR","potentialAction":[{"@type":"ReadAction","target":["https:\/\/www.latribunedufaso.net\/?p=4720"]}]},{"@type":"ImageObject","inLanguage":"fr-FR","@id":"https:\/\/www.latribunedufaso.net\/?p=4720#primaryimage","url":"https:\/\/www.latribunedufaso.net\/wp-content\/uploads\/2021\/12\/IMG-20211202-WA0024.jpg","contentUrl":"https:\/\/www.latribunedufaso.net\/wp-content\/uploads\/2021\/12\/IMG-20211202-WA0024.jpg","width":1080,"height":1080},{"@type":"BreadcrumbList","@id":"https:\/\/www.latribunedufaso.net\/?p=4720#breadcrumb","itemListElement":[{"@type":"ListItem","position":1,"name":"Accueil","item":"https:\/\/www.latribunedufaso.net\/"},{"@type":"ListItem","position":2,"name":"Terrorisme\u00a0: Bala et ses militants se disent les v\u00e9rit\u00e9s"}]},{"@type":"WebSite","@id":"https:\/\/www.latribunedufaso.net\/#website","url":"https:\/\/www.latribunedufaso.net\/","name":"La Tribune du Faso","description":"L&#039;information du monde rural en un clic","publisher":{"@id":"https:\/\/www.latribunedufaso.net\/#organization"},"potentialAction":[{"@type":"SearchAction","target":{"@type":"EntryPoint","urlTemplate":"https:\/\/www.latribunedufaso.net\/?s={search_term_string}"},"query-input":{"@type":"PropertyValueSpecification","valueRequired":true,"valueName":"search_term_string"}}],"inLanguage":"fr-FR"},{"@type":"Organization","@id":"https:\/\/www.latribunedufaso.net\/#organization","name":"La Tribune du Faso","url":"https:\/\/www.latribunedufaso.net\/","logo":{"@type":"ImageObject","inLanguage":"fr-FR","@id":"https:\/\/www.latribunedufaso.net\/#\/schema\/logo\/image\/","url":"https:\/\/www.latribunedufaso.net\/wp-content\/uploads\/2020\/08\/Logo-Tribune-du-Faso-final-scaled.jpg","contentUrl":"https:\/\/www.latribunedufaso.net\/wp-content\/uploads\/2020\/08\/Logo-Tribune-du-Faso-final-scaled.jpg","width":2560,"height":1856,"caption":"La Tribune du Faso"},"image":{"@id":"https:\/\/www.latribunedufaso.net\/#\/schema\/logo\/image\/"},"sameAs":["https:\/\/www.facebook.com\/LatribuneduFaso\/"]},{"@type":"Person","@id":"https:\/\/www.latribunedufaso.net\/#\/schema\/person\/a380782d0605bb8aae27c40ea93b35b1","name":"Administrateur","image":{"@type":"ImageObject","inLanguage":"fr-FR","@id":"https:\/\/secure.gravatar.com\/avatar\/e20266f97d741f0e80ba1f60283074a9b3317fd7bfb727e0d95b51dafbf854a1?s=96&d=mm&r=g","url":"https:\/\/secure.gravatar.com\/avatar\/e20266f97d741f0e80ba1f60283074a9b3317fd7bfb727e0d95b51dafbf854a1?s=96&d=mm&r=g","contentUrl":"https:\/\/secure.gravatar.com\/avatar\/e20266f97d741f0e80ba1f60283074a9b3317fd7bfb727e0d95b51dafbf854a1?s=96&d=mm&r=g","caption":"Administrateur"},"url":"https:\/\/www.latribunedufaso.net\/?author=2"}]}},"_links":{"self":[{"href":"https:\/\/www.latribunedufaso.net\/index.php?rest_route=\/wp\/v2\/posts\/4720","targetHints":{"allow":["GET"]}}],"collection":[{"href":"https:\/\/www.latribunedufaso.net\/index.php?rest_route=\/wp\/v2\/posts"}],"about":[{"href":"https:\/\/www.latribunedufaso.net\/index.php?rest_route=\/wp\/v2\/types\/post"}],"author":[{"embeddable":true,"href":"https:\/\/www.latribunedufaso.net\/index.php?rest_route=\/wp\/v2\/users\/2"}],"replies":[{"embeddable":true,"href":"https:\/\/www.latribunedufaso.net\/index.php?rest_route=%2Fwp%2Fv2%2Fcomments&post=4720"}],"version-history":[{"count":1,"href":"https:\/\/www.latribunedufaso.net\/index.php?rest_route=\/wp\/v2\/posts\/4720\/revisions"}],"predecessor-version":[{"id":4726,"href":"https:\/\/www.latribunedufaso.net\/index.php?rest_route=\/wp\/v2\/posts\/4720\/revisions\/4726"}],"wp:featuredmedia":[{"embeddable":true,"href":"https:\/\/www.latribunedufaso.net\/index.php?rest_route=\/wp\/v2\/media\/4724"}],"wp:attachment":[{"href":"https:\/\/www.latribunedufaso.net\/index.php?rest_route=%2Fwp%2Fv2%2Fmedia&parent=4720"}],"wp:term":[{"taxonomy":"category","embeddable":true,"href":"https:\/\/www.latribunedufaso.net\/index.php?rest_route=%2Fwp%2Fv2%2Fcategories&post=4720"},{"taxonomy":"post_tag","embeddable":true,"href":"https:\/\/www.latribunedufaso.net\/index.php?rest_route=%2Fwp%2Fv2%2Ftags&post=4720"}],"curies":[{"name":"wp","href":"https:\/\/api.w.org\/{rel}","templated":true}]}}