{"id":4703,"date":"2021-12-01T14:33:09","date_gmt":"2021-12-01T14:33:09","guid":{"rendered":"https:\/\/www.latribunedufaso.net\/?p=4703"},"modified":"2021-12-01T14:33:09","modified_gmt":"2021-12-01T14:33:09","slug":"report-de-la-conference-des-partenaires-pour-le-financement-du-pndes-ii-le-gouvernement-fait-le-point","status":"publish","type":"post","link":"https:\/\/www.latribunedufaso.net\/?p=4703","title":{"rendered":"Report de la conf\u00e9rence des partenaires pour le financement du PNDES II : Le gouvernement fait le point"},"content":{"rendered":"<p style=\"text-align: left;\"><strong><span style=\"font-size: 1.0625rem;\">Ce mardi 30 Novembre 2021 \u00e0 Ouagadougou, le ministre de l\u2019Economie, des finances et du d\u00e9veloppement, Lassan\u00e9 Kabor\u00e9 et son coll\u00e8gue de la Communication, porte parole du Gouvernement, Ouss\u00e9ni Tamboura, ont anim\u00e9 une conf\u00e9rence de presse sur le report de la conf\u00e9rence internationale des partenaires du Burkina Faso pour le financement du 2e Plan national de d\u00e9veloppement \u00e9conomique et social (PNDES II).<\/span><\/strong><br \/>\n<!--more--><\/p>\n<p><a href=\"https:\/\/latribunedufaso.net\/wp-content\/uploads\/2021\/12\/IMG-20211130-WA0033.jpg\"><img loading=\"lazy\" decoding=\"async\" class=\"size-medium wp-image-4696 aligncenter\" src=\"https:\/\/latribunedufaso.net\/wp-content\/uploads\/2021\/12\/IMG-20211130-WA0033-300x187.jpg\" alt=\"\" width=\"300\" height=\"187\" srcset=\"https:\/\/www.latribunedufaso.net\/wp-content\/uploads\/2021\/12\/IMG-20211130-WA0033-300x187.jpg 300w, https:\/\/www.latribunedufaso.net\/wp-content\/uploads\/2021\/12\/IMG-20211130-WA0033-768x479.jpg 768w, https:\/\/www.latribunedufaso.net\/wp-content\/uploads\/2021\/12\/IMG-20211130-WA0033.jpg 888w\" sizes=\"auto, (max-width: 300px) 100vw, 300px\" \/><\/a><\/p>\n<p>Pr\u00e9alablement pr\u00e9vue pour les jeudi 2 et vendredi 3 D\u00e9cembre 2021 \u00e0 Bruxelles, en Belgique, la conf\u00e9rence internationale des partenaires du Burkina Faso pour le financement du 2e Plan national de d\u00e9veloppement \u00e9conomique et social (PNDES II) a \u00e9t\u00e9 report\u00e9e ce lundi 29 Novembre 2021, en raison de l\u2019apparition d\u2019un nouveau variant de la maladie \u00e0 coronavirus et la rapidit\u00e9 de sa propagation en Europe. Lors de la pr\u00e9sente conf\u00e9rence de presse, le ministre Lassan\u00e9 Kabor\u00e9 a indiqu\u00e9 que cette d\u00e9cision a \u00e9t\u00e9 prise en concertation avec les diff\u00e9rents partenaires.<\/p>\n<p>Toutefois, le gouvernement burkinab\u00e8 se veut rassurant sur le fait qu\u2019il s\u2019agit d\u2019un report et non d\u2019une annulation de cette conf\u00e9rence internationale organis\u00e9e en partenariat avec la Banque mondiale. \u00ab\u00a0Tr\u00e8s bient\u00f4t, nous reviendrons certainement avec des informations sur la nouvelle date et sur le lieu. Si le choix de Bruxelles est maintenu, ce sera lorsque les conditions sanitaires sur le continent europ\u00e9en le permettront. Et si c\u2019est ailleurs, je pense que de fa\u00e7on souveraine nous pouvons consid\u00e9rer un autre lieu pour la tenue effective de cette conf\u00e9rence\u00a0\u00bb, a indiqu\u00e9 le ministre de la Communication, porte parole du Gouvernement, Ouss\u00e9ni Tamboura.<\/p>\n<p>Et au ministre Lassan\u00e9 Kabor\u00e9 d\u2019insister sur l&rsquo;importance de cette conf\u00e9rence internationale pour la mobilisation des ressources n\u00e9cessaires \u00e0 la bonne mise en \u0153uvre du PNDES II. En effet, selon lui, le co\u00fbt global du PNDES II est estim\u00e9 \u00e0 plus de 19 000 milliards FCFA, reposant sur une mobilisation optimale des ressources propres au pays \u00e0 hauteur de 63%, et sur la recherche de financements ext\u00e9rieurs et\/ou innovants pour les 37% (dont 9% sont d\u00e9j\u00e0 acquis sur la base de conventions conclues avec des partenaires au d\u00e9veloppement).<\/p>\n<p>Ainsi, la vision globale de cette conf\u00e9rence internationale \u00e0 Bruxelles, \u00e9tait de pr\u00e9senter le PNDES II et obtenir l\u2019engagement des Partenaires techniques et financiers (PTF). \u00ab L\u2019organisation d\u2019une conf\u00e9rence internationale pour le PNDES II vise essentiellement \u00e0 obtenir l\u2019adh\u00e9sion et l\u2019accompagnement des partenaires au d\u00e9veloppement pour sa mise en \u0153uvre et surtout mobiliser les ressources suppl\u00e9mentaires n\u00e9cessaires pour combler les besoins de financements \u00bb, a soutenu le MINEFID, Lassan\u00e9 Kabor\u00e9.<\/p>\n<p>C\u2019est pourquoi en termes de cible pour cette table ronde internationale, l\u2019accent a \u00e9t\u00e9 mis sur plusieurs acteurs dont les partenaires bilat\u00e9raux et multilat\u00e9raux du pays, les investisseurs burkinab\u00e8, les internationaux, les organisations non gouvernementales nationales et internationales, les associations de d\u00e9veloppement et les fondations.<\/p>\n<p>A cet effet, 343 participants ont \u00e9t\u00e9 enregistr\u00e9s, dont 126 en pr\u00e9sentiel et 217 en virtuel sur le site www.pndes2025.bf, \u00e0 la date du lundi 29 novembre 2021.<\/p>\n<p>Pour m\u00e9moire, le PNDES II est le nouveau r\u00e9f\u00e9rentiel national de d\u00e9veloppement du Burkina Faso pour la p\u00e9riode 2021-2025. Il a \u00e9t\u00e9 adopt\u00e9 en conseil des ministres du vendredi 30 juillet 2021 et son objectif global est de r\u00e9tablir la s\u00e9curit\u00e9 et la paix, de renforcer la r\u00e9silience de la nation et de transformer structurellement l\u2019\u00e9conomie burkinab\u00e8 pour une croissance forte, durable et inclusive.<\/p>\n<p><strong>Aliz\u00e8ta Zour\u00e9<\/strong><\/p>\n<p><strong>Latribunedufaso.net<\/strong><\/p>\n<p>&nbsp;<\/p>\n","protected":false},"excerpt":{"rendered":"<p>Ce mardi 30 Novembre 2021 \u00e0 Ouagadougou, le ministre de l\u2019Economie, des finances et du d\u00e9veloppement, Lassan\u00e9 Kabor\u00e9 et son coll\u00e8gue de la Communication, porte parole du Gouvernement, Ouss\u00e9ni Tamboura, ont anim\u00e9 une conf\u00e9rence de presse sur le report de la conf\u00e9rence internationale des partenaires du Burkina Faso pour le financement du 2e Plan national de d\u00e9veloppement \u00e9conomique et social (PNDES II).<\/p>\n","protected":false},"author":2,"featured_media":4704,"comment_status":"open","ping_status":"open","sticky":false,"template":"","format":"standard","meta":{"footnotes":""},"categories":[13,1,10],"tags":[],"class_list":["post-4703","post","type-post","status-publish","format-standard","has-post-thumbnail","hentry","category-une","category-actu","category-eco"],"yoast_head":"<!-- This site is optimized with the Yoast SEO plugin v27.5 - https:\/\/yoast.com\/product\/yoast-seo-wordpress\/ -->\n<title>Report de la conf\u00e9rence des partenaires pour le financement du PNDES II : Le gouvernement fait le point - La Tribune du Faso<\/title>\n<meta name=\"robots\" content=\"index, follow, max-snippet:-1, max-image-preview:large, max-video-preview:-1\" \/>\n<link rel=\"canonical\" href=\"https:\/\/www.latribunedufaso.net\/?p=4703\" \/>\n<meta property=\"og:locale\" content=\"fr_FR\" \/>\n<meta property=\"og:type\" content=\"article\" \/>\n<meta property=\"og:title\" content=\"Report de la conf\u00e9rence des partenaires pour le financement du PNDES II : Le gouvernement fait le point - La Tribune du Faso\" \/>\n<meta property=\"og:description\" content=\"Ce mardi 30 Novembre 2021 \u00e0 Ouagadougou, le ministre de l\u2019Economie, des finances et du d\u00e9veloppement, Lassan\u00e9 Kabor\u00e9 et son coll\u00e8gue de la Communication, porte parole du Gouvernement, Ouss\u00e9ni Tamboura, ont anim\u00e9 une conf\u00e9rence de presse sur le report de la conf\u00e9rence internationale des partenaires du Burkina Faso pour le financement du 2e Plan national de d\u00e9veloppement \u00e9conomique et social (PNDES II).\" \/>\n<meta property=\"og:url\" content=\"https:\/\/www.latribunedufaso.net\/?p=4703\" \/>\n<meta property=\"og:site_name\" content=\"La Tribune du Faso\" \/>\n<meta property=\"article:publisher\" content=\"https:\/\/www.facebook.com\/LatribuneduFaso\/\" \/>\n<meta property=\"article:published_time\" content=\"2021-12-01T14:33:09+00:00\" \/>\n<meta property=\"og:image\" content=\"https:\/\/latribunedufaso.net\/wp-content\/uploads\/2021\/12\/IMG-20211130-WA0032.jpg\" \/>\n\t<meta property=\"og:image:width\" content=\"901\" \/>\n\t<meta property=\"og:image:height\" content=\"504\" \/>\n\t<meta property=\"og:image:type\" content=\"image\/jpeg\" \/>\n<meta name=\"author\" content=\"Administrateur\" \/>\n<meta name=\"twitter:label1\" content=\"\u00c9crit par\" \/>\n\t<meta name=\"twitter:data1\" content=\"Administrateur\" \/>\n\t<meta name=\"twitter:label2\" content=\"Dur\u00e9e de lecture estim\u00e9e\" \/>\n\t<meta name=\"twitter:data2\" content=\"3 minutes\" \/>\n<script type=\"application\/ld+json\" class=\"yoast-schema-graph\">{\"@context\":\"https:\\\/\\\/schema.org\",\"@graph\":[{\"@type\":\"Article\",\"@id\":\"https:\\\/\\\/www.latribunedufaso.net\\\/?p=4703#article\",\"isPartOf\":{\"@id\":\"https:\\\/\\\/www.latribunedufaso.net\\\/?p=4703\"},\"author\":{\"name\":\"Administrateur\",\"@id\":\"https:\\\/\\\/www.latribunedufaso.net\\\/#\\\/schema\\\/person\\\/a380782d0605bb8aae27c40ea93b35b1\"},\"headline\":\"Report de la conf\u00e9rence des partenaires pour le financement du PNDES II : Le gouvernement fait le point\",\"datePublished\":\"2021-12-01T14:33:09+00:00\",\"mainEntityOfPage\":{\"@id\":\"https:\\\/\\\/www.latribunedufaso.net\\\/?p=4703\"},\"wordCount\":613,\"commentCount\":0,\"publisher\":{\"@id\":\"https:\\\/\\\/www.latribunedufaso.net\\\/#organization\"},\"image\":{\"@id\":\"https:\\\/\\\/www.latribunedufaso.net\\\/?p=4703#primaryimage\"},\"thumbnailUrl\":\"https:\\\/\\\/www.latribunedufaso.net\\\/wp-content\\\/uploads\\\/2021\\\/12\\\/IMG-20211130-WA0032.jpg\",\"articleSection\":[\"A la une\",\"Actualit\u00e9\",\"Economie\"],\"inLanguage\":\"fr-FR\",\"potentialAction\":[{\"@type\":\"CommentAction\",\"name\":\"Comment\",\"target\":[\"https:\\\/\\\/www.latribunedufaso.net\\\/?p=4703#respond\"]}]},{\"@type\":\"WebPage\",\"@id\":\"https:\\\/\\\/www.latribunedufaso.net\\\/?p=4703\",\"url\":\"https:\\\/\\\/www.latribunedufaso.net\\\/?p=4703\",\"name\":\"Report de la conf\u00e9rence des partenaires pour le financement du PNDES II : Le gouvernement fait le point - La Tribune du Faso\",\"isPartOf\":{\"@id\":\"https:\\\/\\\/www.latribunedufaso.net\\\/#website\"},\"primaryImageOfPage\":{\"@id\":\"https:\\\/\\\/www.latribunedufaso.net\\\/?p=4703#primaryimage\"},\"image\":{\"@id\":\"https:\\\/\\\/www.latribunedufaso.net\\\/?p=4703#primaryimage\"},\"thumbnailUrl\":\"https:\\\/\\\/www.latribunedufaso.net\\\/wp-content\\\/uploads\\\/2021\\\/12\\\/IMG-20211130-WA0032.jpg\",\"datePublished\":\"2021-12-01T14:33:09+00:00\",\"breadcrumb\":{\"@id\":\"https:\\\/\\\/www.latribunedufaso.net\\\/?p=4703#breadcrumb\"},\"inLanguage\":\"fr-FR\",\"potentialAction\":[{\"@type\":\"ReadAction\",\"target\":[\"https:\\\/\\\/www.latribunedufaso.net\\\/?p=4703\"]}]},{\"@type\":\"ImageObject\",\"inLanguage\":\"fr-FR\",\"@id\":\"https:\\\/\\\/www.latribunedufaso.net\\\/?p=4703#primaryimage\",\"url\":\"https:\\\/\\\/www.latribunedufaso.net\\\/wp-content\\\/uploads\\\/2021\\\/12\\\/IMG-20211130-WA0032.jpg\",\"contentUrl\":\"https:\\\/\\\/www.latribunedufaso.net\\\/wp-content\\\/uploads\\\/2021\\\/12\\\/IMG-20211130-WA0032.jpg\",\"width\":901,\"height\":504},{\"@type\":\"BreadcrumbList\",\"@id\":\"https:\\\/\\\/www.latribunedufaso.net\\\/?p=4703#breadcrumb\",\"itemListElement\":[{\"@type\":\"ListItem\",\"position\":1,\"name\":\"Accueil\",\"item\":\"https:\\\/\\\/www.latribunedufaso.net\\\/\"},{\"@type\":\"ListItem\",\"position\":2,\"name\":\"Report de la conf\u00e9rence des partenaires pour le financement du PNDES II : Le gouvernement fait le point\"}]},{\"@type\":\"WebSite\",\"@id\":\"https:\\\/\\\/www.latribunedufaso.net\\\/#website\",\"url\":\"https:\\\/\\\/www.latribunedufaso.net\\\/\",\"name\":\"La Tribune du Faso\",\"description\":\"L&#039;information du monde rural en un clic\",\"publisher\":{\"@id\":\"https:\\\/\\\/www.latribunedufaso.net\\\/#organization\"},\"potentialAction\":[{\"@type\":\"SearchAction\",\"target\":{\"@type\":\"EntryPoint\",\"urlTemplate\":\"https:\\\/\\\/www.latribunedufaso.net\\\/?s={search_term_string}\"},\"query-input\":{\"@type\":\"PropertyValueSpecification\",\"valueRequired\":true,\"valueName\":\"search_term_string\"}}],\"inLanguage\":\"fr-FR\"},{\"@type\":\"Organization\",\"@id\":\"https:\\\/\\\/www.latribunedufaso.net\\\/#organization\",\"name\":\"La Tribune du Faso\",\"url\":\"https:\\\/\\\/www.latribunedufaso.net\\\/\",\"logo\":{\"@type\":\"ImageObject\",\"inLanguage\":\"fr-FR\",\"@id\":\"https:\\\/\\\/www.latribunedufaso.net\\\/#\\\/schema\\\/logo\\\/image\\\/\",\"url\":\"https:\\\/\\\/www.latribunedufaso.net\\\/wp-content\\\/uploads\\\/2020\\\/08\\\/Logo-Tribune-du-Faso-final-scaled.jpg\",\"contentUrl\":\"https:\\\/\\\/www.latribunedufaso.net\\\/wp-content\\\/uploads\\\/2020\\\/08\\\/Logo-Tribune-du-Faso-final-scaled.jpg\",\"width\":2560,\"height\":1856,\"caption\":\"La Tribune du Faso\"},\"image\":{\"@id\":\"https:\\\/\\\/www.latribunedufaso.net\\\/#\\\/schema\\\/logo\\\/image\\\/\"},\"sameAs\":[\"https:\\\/\\\/www.facebook.com\\\/LatribuneduFaso\\\/\"]},{\"@type\":\"Person\",\"@id\":\"https:\\\/\\\/www.latribunedufaso.net\\\/#\\\/schema\\\/person\\\/a380782d0605bb8aae27c40ea93b35b1\",\"name\":\"Administrateur\",\"image\":{\"@type\":\"ImageObject\",\"inLanguage\":\"fr-FR\",\"@id\":\"https:\\\/\\\/secure.gravatar.com\\\/avatar\\\/e20266f97d741f0e80ba1f60283074a9b3317fd7bfb727e0d95b51dafbf854a1?s=96&d=mm&r=g\",\"url\":\"https:\\\/\\\/secure.gravatar.com\\\/avatar\\\/e20266f97d741f0e80ba1f60283074a9b3317fd7bfb727e0d95b51dafbf854a1?s=96&d=mm&r=g\",\"contentUrl\":\"https:\\\/\\\/secure.gravatar.com\\\/avatar\\\/e20266f97d741f0e80ba1f60283074a9b3317fd7bfb727e0d95b51dafbf854a1?s=96&d=mm&r=g\",\"caption\":\"Administrateur\"},\"url\":\"https:\\\/\\\/www.latribunedufaso.net\\\/?author=2\"}]}<\/script>\n<!-- \/ Yoast SEO plugin. -->","yoast_head_json":{"title":"Report de la conf\u00e9rence des partenaires pour le financement du PNDES II : Le gouvernement fait le point - La Tribune du Faso","robots":{"index":"index","follow":"follow","max-snippet":"max-snippet:-1","max-image-preview":"max-image-preview:large","max-video-preview":"max-video-preview:-1"},"canonical":"https:\/\/www.latribunedufaso.net\/?p=4703","og_locale":"fr_FR","og_type":"article","og_title":"Report de la conf\u00e9rence des partenaires pour le financement du PNDES II : Le gouvernement fait le point - La Tribune du Faso","og_description":"Ce mardi 30 Novembre 2021 \u00e0 Ouagadougou, le ministre de l\u2019Economie, des finances et du d\u00e9veloppement, Lassan\u00e9 Kabor\u00e9 et son coll\u00e8gue de la Communication, porte parole du Gouvernement, Ouss\u00e9ni Tamboura, ont anim\u00e9 une conf\u00e9rence de presse sur le report de la conf\u00e9rence internationale des partenaires du Burkina Faso pour le financement du 2e Plan national de d\u00e9veloppement \u00e9conomique et social (PNDES II).","og_url":"https:\/\/www.latribunedufaso.net\/?p=4703","og_site_name":"La Tribune du Faso","article_publisher":"https:\/\/www.facebook.com\/LatribuneduFaso\/","article_published_time":"2021-12-01T14:33:09+00:00","og_image":[{"width":901,"height":504,"url":"https:\/\/latribunedufaso.net\/wp-content\/uploads\/2021\/12\/IMG-20211130-WA0032.jpg","type":"image\/jpeg"}],"author":"Administrateur","twitter_misc":{"\u00c9crit par":"Administrateur","Dur\u00e9e de lecture estim\u00e9e":"3 minutes"},"schema":{"@context":"https:\/\/schema.org","@graph":[{"@type":"Article","@id":"https:\/\/www.latribunedufaso.net\/?p=4703#article","isPartOf":{"@id":"https:\/\/www.latribunedufaso.net\/?p=4703"},"author":{"name":"Administrateur","@id":"https:\/\/www.latribunedufaso.net\/#\/schema\/person\/a380782d0605bb8aae27c40ea93b35b1"},"headline":"Report de la conf\u00e9rence des partenaires pour le financement du PNDES II : Le gouvernement fait le point","datePublished":"2021-12-01T14:33:09+00:00","mainEntityOfPage":{"@id":"https:\/\/www.latribunedufaso.net\/?p=4703"},"wordCount":613,"commentCount":0,"publisher":{"@id":"https:\/\/www.latribunedufaso.net\/#organization"},"image":{"@id":"https:\/\/www.latribunedufaso.net\/?p=4703#primaryimage"},"thumbnailUrl":"https:\/\/www.latribunedufaso.net\/wp-content\/uploads\/2021\/12\/IMG-20211130-WA0032.jpg","articleSection":["A la une","Actualit\u00e9","Economie"],"inLanguage":"fr-FR","potentialAction":[{"@type":"CommentAction","name":"Comment","target":["https:\/\/www.latribunedufaso.net\/?p=4703#respond"]}]},{"@type":"WebPage","@id":"https:\/\/www.latribunedufaso.net\/?p=4703","url":"https:\/\/www.latribunedufaso.net\/?p=4703","name":"Report de la conf\u00e9rence des partenaires pour le financement du PNDES II : Le gouvernement fait le point - La Tribune du Faso","isPartOf":{"@id":"https:\/\/www.latribunedufaso.net\/#website"},"primaryImageOfPage":{"@id":"https:\/\/www.latribunedufaso.net\/?p=4703#primaryimage"},"image":{"@id":"https:\/\/www.latribunedufaso.net\/?p=4703#primaryimage"},"thumbnailUrl":"https:\/\/www.latribunedufaso.net\/wp-content\/uploads\/2021\/12\/IMG-20211130-WA0032.jpg","datePublished":"2021-12-01T14:33:09+00:00","breadcrumb":{"@id":"https:\/\/www.latribunedufaso.net\/?p=4703#breadcrumb"},"inLanguage":"fr-FR","potentialAction":[{"@type":"ReadAction","target":["https:\/\/www.latribunedufaso.net\/?p=4703"]}]},{"@type":"ImageObject","inLanguage":"fr-FR","@id":"https:\/\/www.latribunedufaso.net\/?p=4703#primaryimage","url":"https:\/\/www.latribunedufaso.net\/wp-content\/uploads\/2021\/12\/IMG-20211130-WA0032.jpg","contentUrl":"https:\/\/www.latribunedufaso.net\/wp-content\/uploads\/2021\/12\/IMG-20211130-WA0032.jpg","width":901,"height":504},{"@type":"BreadcrumbList","@id":"https:\/\/www.latribunedufaso.net\/?p=4703#breadcrumb","itemListElement":[{"@type":"ListItem","position":1,"name":"Accueil","item":"https:\/\/www.latribunedufaso.net\/"},{"@type":"ListItem","position":2,"name":"Report de la conf\u00e9rence des partenaires pour le financement du PNDES II : Le gouvernement fait le point"}]},{"@type":"WebSite","@id":"https:\/\/www.latribunedufaso.net\/#website","url":"https:\/\/www.latribunedufaso.net\/","name":"La Tribune du Faso","description":"L&#039;information du monde rural en un clic","publisher":{"@id":"https:\/\/www.latribunedufaso.net\/#organization"},"potentialAction":[{"@type":"SearchAction","target":{"@type":"EntryPoint","urlTemplate":"https:\/\/www.latribunedufaso.net\/?s={search_term_string}"},"query-input":{"@type":"PropertyValueSpecification","valueRequired":true,"valueName":"search_term_string"}}],"inLanguage":"fr-FR"},{"@type":"Organization","@id":"https:\/\/www.latribunedufaso.net\/#organization","name":"La Tribune du Faso","url":"https:\/\/www.latribunedufaso.net\/","logo":{"@type":"ImageObject","inLanguage":"fr-FR","@id":"https:\/\/www.latribunedufaso.net\/#\/schema\/logo\/image\/","url":"https:\/\/www.latribunedufaso.net\/wp-content\/uploads\/2020\/08\/Logo-Tribune-du-Faso-final-scaled.jpg","contentUrl":"https:\/\/www.latribunedufaso.net\/wp-content\/uploads\/2020\/08\/Logo-Tribune-du-Faso-final-scaled.jpg","width":2560,"height":1856,"caption":"La Tribune du Faso"},"image":{"@id":"https:\/\/www.latribunedufaso.net\/#\/schema\/logo\/image\/"},"sameAs":["https:\/\/www.facebook.com\/LatribuneduFaso\/"]},{"@type":"Person","@id":"https:\/\/www.latribunedufaso.net\/#\/schema\/person\/a380782d0605bb8aae27c40ea93b35b1","name":"Administrateur","image":{"@type":"ImageObject","inLanguage":"fr-FR","@id":"https:\/\/secure.gravatar.com\/avatar\/e20266f97d741f0e80ba1f60283074a9b3317fd7bfb727e0d95b51dafbf854a1?s=96&d=mm&r=g","url":"https:\/\/secure.gravatar.com\/avatar\/e20266f97d741f0e80ba1f60283074a9b3317fd7bfb727e0d95b51dafbf854a1?s=96&d=mm&r=g","contentUrl":"https:\/\/secure.gravatar.com\/avatar\/e20266f97d741f0e80ba1f60283074a9b3317fd7bfb727e0d95b51dafbf854a1?s=96&d=mm&r=g","caption":"Administrateur"},"url":"https:\/\/www.latribunedufaso.net\/?author=2"}]}},"_links":{"self":[{"href":"https:\/\/www.latribunedufaso.net\/index.php?rest_route=\/wp\/v2\/posts\/4703","targetHints":{"allow":["GET"]}}],"collection":[{"href":"https:\/\/www.latribunedufaso.net\/index.php?rest_route=\/wp\/v2\/posts"}],"about":[{"href":"https:\/\/www.latribunedufaso.net\/index.php?rest_route=\/wp\/v2\/types\/post"}],"author":[{"embeddable":true,"href":"https:\/\/www.latribunedufaso.net\/index.php?rest_route=\/wp\/v2\/users\/2"}],"replies":[{"embeddable":true,"href":"https:\/\/www.latribunedufaso.net\/index.php?rest_route=%2Fwp%2Fv2%2Fcomments&post=4703"}],"version-history":[{"count":1,"href":"https:\/\/www.latribunedufaso.net\/index.php?rest_route=\/wp\/v2\/posts\/4703\/revisions"}],"predecessor-version":[{"id":4705,"href":"https:\/\/www.latribunedufaso.net\/index.php?rest_route=\/wp\/v2\/posts\/4703\/revisions\/4705"}],"wp:featuredmedia":[{"embeddable":true,"href":"https:\/\/www.latribunedufaso.net\/index.php?rest_route=\/wp\/v2\/media\/4704"}],"wp:attachment":[{"href":"https:\/\/www.latribunedufaso.net\/index.php?rest_route=%2Fwp%2Fv2%2Fmedia&parent=4703"}],"wp:term":[{"taxonomy":"category","embeddable":true,"href":"https:\/\/www.latribunedufaso.net\/index.php?rest_route=%2Fwp%2Fv2%2Fcategories&post=4703"},{"taxonomy":"post_tag","embeddable":true,"href":"https:\/\/www.latribunedufaso.net\/index.php?rest_route=%2Fwp%2Fv2%2Ftags&post=4703"}],"curies":[{"name":"wp","href":"https:\/\/api.w.org\/{rel}","templated":true}]}}