{"id":4428,"date":"2021-10-16T22:41:16","date_gmt":"2021-10-16T22:41:16","guid":{"rendered":"https:\/\/www.latribunedufaso.net\/?p=4428"},"modified":"2021-10-16T22:41:16","modified_gmt":"2021-10-16T22:41:16","slug":"fespaco-2021-les-festivites-ont-debute","status":"publish","type":"post","link":"https:\/\/www.latribunedufaso.net\/?p=4428","title":{"rendered":"FESPACO 2021\u00a0: Les festivit\u00e9s ont d\u00e9but\u00e9"},"content":{"rendered":"<p><strong><span style=\"font-size: 1.0625rem;\">Le clap d\u2019ouverture de la 27e \u00e9dition du Festival panafricain du cin\u00e9ma et de la t\u00e9l\u00e9vision de la t\u00e9l\u00e9vision de Ouagadougou (FESPACO) a \u00e9t\u00e9 donn\u00e9 ce samedi 16 octobre 2021 par le pr\u00e9sident du Faso, Roch Kabor\u00e9 \u00e0 la suite d\u2019une c\u00e9r\u00e9monie riche en couleur qui a r\u00e9uni un monde fou \u00e0 la cuvette du Palais des sports de Ouaga 2000.<\/span><\/strong><br \/>\n<!--more--><\/p>\n<p><a href=\"https:\/\/latribunedufaso.net\/wp-content\/uploads\/2021\/10\/IMG-20211016-WA0017.jpg\"><img loading=\"lazy\" decoding=\"async\" class=\"size-medium wp-image-4431 aligncenter\" src=\"https:\/\/latribunedufaso.net\/wp-content\/uploads\/2021\/10\/IMG-20211016-WA0017-300x142.jpg\" alt=\"\" width=\"300\" height=\"142\" srcset=\"https:\/\/www.latribunedufaso.net\/wp-content\/uploads\/2021\/10\/IMG-20211016-WA0017-300x142.jpg 300w, https:\/\/www.latribunedufaso.net\/wp-content\/uploads\/2021\/10\/IMG-20211016-WA0017.jpg 720w\" sizes=\"auto, (max-width: 300px) 100vw, 300px\" \/><\/a><\/p>\n<p>C\u2019est parti pour la 27e \u00e9dition du Festival panafricain du cin\u00e9ma et de la t\u00e9l\u00e9vision de Ouagadougou (FESPACO). Le pr\u00e9sident du Faso, Roch Kabor\u00e9 a donn\u00e9 le clap d\u2019ouverture des festivit\u00e9s ce samedi 16 octobre 2021 au Palais de sport de Ouaga 2000. Entre allocutions, prestations musicales, chor\u00e9graphie, jeux de lumi\u00e8re, les festivaliers ont v\u00e9cu un moment magique.<\/p>\n<p>L\u2019occasion \u00e9tait belle pour la ministre de la Culture, des arts et du tourisme, Elise Ilboudou\/Thiombiano de rendre un hommage m\u00e9rit\u00e9 \u00e0 ses devanciers, qui ont port\u00e9 haut le flambeau du FESPACO et de son rayonnement \u00e0 travers le monde. Elle affirme s\u2019inscrire dans leur dynamique pour un FESPACO toujours plus beau, toujours plus fort. Dans ses hommages, elle n\u2019oublie pas tous les cin\u00e9astes, les acteurs, les actrices du monde du cin\u00e9ma, et tous les techniciens qui se sont endormis au moment o\u00f9 le cin\u00e9ma africain avait besoin d\u2019eux.<\/p>\n<p>C\u2019est sous le th\u00e8me\u00a0: \u00ab\u00a0Cin\u00e9ma africain et de la diaspora, nouveau regard, nouveaux d\u00e9fis\u00a0\u00bb, qu\u2019a \u00e9t\u00e9 plac\u00e9 cette 27e \u00e9dition du festival. Selon la ministre des Arts, il se veut un faisceau de convergence et de comp\u00e9tence en la mati\u00e8re pour c\u00e9l\u00e9brer et magnifier dans la diversit\u00e9 des expressions, l\u2019image du continent africain. La fili\u00e8re du cin\u00e9ma est en pleine mutation. Pour la ministre, la tenue de cette \u00e9dition, donne l\u2019occasion de r\u00e9fl\u00e9chir sur le devenir du cin\u00e9ma et de l\u2019audiovisuel, afin d\u2019\u00eatre tr\u00e8s comp\u00e9titif sur le march\u00e9 des films.<\/p>\n<p>Pour rivaliser avec le cin\u00e9ma des autres continents, des d\u00e9fis sont \u00e0 relever. Ils sont entre autres, l\u2019insuffisance de financement, la faiblesse de la production, les difficult\u00e9s li\u00e9es \u00e0 la production, la diffusion et l\u2019exploitation, la promotion des films africains sur les plateformes num\u00e9riques, etc., a indiqu\u00e9 Elise Ilboudou\/Thiombiano. De sa conviction, c\u2019est ensemble avec les acteurs, la diaspora, que les solutions p\u00e9rennes seront trouv\u00e9es, pour affronter et r\u00e9soudre les difficult\u00e9s qui freinent l\u2019\u00e9volution du cin\u00e9ma africain.<\/p>\n<p>La pr\u00e9sente \u00e9dition a enregistr\u00e9 une participation et un nombre record de films. Au total, 1\u00a0132 films ont \u00e9t\u00e9 inscrits et 239 ont \u00e9t\u00e9 s\u00e9lectionn\u00e9s. Dans la cat\u00e9gorie des longs m\u00e9trages, 17 films issus de 15 pays ont \u00e9t\u00e9 retenus. La patronne de la culture au pays des Hommes int\u00e8gres, voit cela comme le signe d\u2019une vitalit\u00e9 cin\u00e9matographique sur le continent, et estime que cela donne de grands espoirs. \u00ab\u00a0Espoir pour la production, espoir dans la rel\u00e8ve, espoir dans la qualit\u00e9\u00a0\u00bb, souligne-t-elle.<\/p>\n<p>Pour cette \u00e9dition, le S\u00e9n\u00e9gal est le pays invit\u00e9 d\u2019honneur. Dans son adresse, la ministre a rendu hommage \u00e0 ce pays de cin\u00e9ma. Pour le ministre de la Culture et de la communication du s\u00e9n\u00e9gal, Abdoulaye Diop, le FESPACO est un patrimoine du continent africain et de la diaspora, un miroir, et un projecteur puissant de la culture africaine. Il rassure la ministre de la pleine participation de son pays aux festivit\u00e9s de cette 27e \u00e9dition du FESPACO avec les 19 films s\u00e9n\u00e9galais s\u00e9lectionn\u00e9s dont 14 sont en comp\u00e9tition officielle. A son tour, il a rendu hommage aux cin\u00e9astes et promet que son pays s\u2019investira pour la r\u00e9ussite de la pr\u00e9sente \u00e9dition.<\/p>\n<p><strong>Julien Sawadogo<\/strong><br \/>\n<strong>Latribunedufaso.net<\/strong><\/p>\n","protected":false},"excerpt":{"rendered":"<p>Le clap d\u2019ouverture de la 27e \u00e9dition du Festival panafricain du cin\u00e9ma et de la t\u00e9l\u00e9vision de la t\u00e9l\u00e9vision de Ouagadougou (FESPACO) a \u00e9t\u00e9 donn\u00e9 ce samedi 16 octobre 2021 par le pr\u00e9sident du Faso, Roch Kabor\u00e9 \u00e0 la suite d\u2019une c\u00e9r\u00e9monie riche en couleur qui a r\u00e9uni un monde fou \u00e0 la cuvette du Palais des sports de Ouaga 2000.<\/p>\n","protected":false},"author":2,"featured_media":4429,"comment_status":"open","ping_status":"open","sticky":false,"template":"","format":"standard","meta":{"footnotes":""},"categories":[13,1,8],"tags":[],"class_list":["post-4428","post","type-post","status-publish","format-standard","has-post-thumbnail","hentry","category-une","category-actu","category-societe"],"yoast_head":"<!-- This site is optimized with the Yoast SEO plugin v27.5 - https:\/\/yoast.com\/product\/yoast-seo-wordpress\/ -->\n<title>FESPACO 2021\u00a0: Les festivit\u00e9s ont d\u00e9but\u00e9 - La Tribune du Faso<\/title>\n<meta name=\"robots\" content=\"index, follow, max-snippet:-1, max-image-preview:large, max-video-preview:-1\" \/>\n<link rel=\"canonical\" href=\"https:\/\/www.latribunedufaso.net\/?p=4428\" \/>\n<meta property=\"og:locale\" content=\"fr_FR\" \/>\n<meta property=\"og:type\" content=\"article\" \/>\n<meta property=\"og:title\" content=\"FESPACO 2021\u00a0: Les festivit\u00e9s ont d\u00e9but\u00e9 - La Tribune du Faso\" \/>\n<meta property=\"og:description\" content=\"Le clap d\u2019ouverture de la 27e \u00e9dition du Festival panafricain du cin\u00e9ma et de la t\u00e9l\u00e9vision de la t\u00e9l\u00e9vision de Ouagadougou (FESPACO) a \u00e9t\u00e9 donn\u00e9 ce samedi 16 octobre 2021 par le pr\u00e9sident du Faso, Roch Kabor\u00e9 \u00e0 la suite d\u2019une c\u00e9r\u00e9monie riche en couleur qui a r\u00e9uni un monde fou \u00e0 la cuvette du Palais des sports de Ouaga 2000.\" \/>\n<meta property=\"og:url\" content=\"https:\/\/www.latribunedufaso.net\/?p=4428\" \/>\n<meta property=\"og:site_name\" content=\"La Tribune du Faso\" \/>\n<meta property=\"article:publisher\" content=\"https:\/\/www.facebook.com\/LatribuneduFaso\/\" \/>\n<meta property=\"article:published_time\" content=\"2021-10-16T22:41:16+00:00\" \/>\n<meta property=\"og:image\" content=\"https:\/\/latribunedufaso.net\/wp-content\/uploads\/2021\/10\/IMG-20211016-WA0034.jpg\" \/>\n\t<meta property=\"og:image:width\" content=\"720\" \/>\n\t<meta property=\"og:image:height\" content=\"480\" \/>\n\t<meta property=\"og:image:type\" content=\"image\/jpeg\" \/>\n<meta name=\"author\" content=\"Administrateur\" \/>\n<meta name=\"twitter:label1\" content=\"\u00c9crit par\" \/>\n\t<meta name=\"twitter:data1\" content=\"Administrateur\" \/>\n\t<meta name=\"twitter:label2\" content=\"Dur\u00e9e de lecture estim\u00e9e\" \/>\n\t<meta name=\"twitter:data2\" content=\"3 minutes\" \/>\n<script type=\"application\/ld+json\" class=\"yoast-schema-graph\">{\"@context\":\"https:\\\/\\\/schema.org\",\"@graph\":[{\"@type\":\"Article\",\"@id\":\"https:\\\/\\\/www.latribunedufaso.net\\\/?p=4428#article\",\"isPartOf\":{\"@id\":\"https:\\\/\\\/www.latribunedufaso.net\\\/?p=4428\"},\"author\":{\"name\":\"Administrateur\",\"@id\":\"https:\\\/\\\/www.latribunedufaso.net\\\/#\\\/schema\\\/person\\\/a380782d0605bb8aae27c40ea93b35b1\"},\"headline\":\"FESPACO 2021\u00a0: Les festivit\u00e9s ont d\u00e9but\u00e9\",\"datePublished\":\"2021-10-16T22:41:16+00:00\",\"mainEntityOfPage\":{\"@id\":\"https:\\\/\\\/www.latribunedufaso.net\\\/?p=4428\"},\"wordCount\":651,\"commentCount\":0,\"publisher\":{\"@id\":\"https:\\\/\\\/www.latribunedufaso.net\\\/#organization\"},\"image\":{\"@id\":\"https:\\\/\\\/www.latribunedufaso.net\\\/?p=4428#primaryimage\"},\"thumbnailUrl\":\"https:\\\/\\\/www.latribunedufaso.net\\\/wp-content\\\/uploads\\\/2021\\\/10\\\/IMG-20211016-WA0034.jpg\",\"articleSection\":[\"A la une\",\"Actualit\u00e9\",\"Soci\u00e9t\u00e9\"],\"inLanguage\":\"fr-FR\",\"potentialAction\":[{\"@type\":\"CommentAction\",\"name\":\"Comment\",\"target\":[\"https:\\\/\\\/www.latribunedufaso.net\\\/?p=4428#respond\"]}]},{\"@type\":\"WebPage\",\"@id\":\"https:\\\/\\\/www.latribunedufaso.net\\\/?p=4428\",\"url\":\"https:\\\/\\\/www.latribunedufaso.net\\\/?p=4428\",\"name\":\"FESPACO 2021\u00a0: Les festivit\u00e9s ont d\u00e9but\u00e9 - La Tribune du Faso\",\"isPartOf\":{\"@id\":\"https:\\\/\\\/www.latribunedufaso.net\\\/#website\"},\"primaryImageOfPage\":{\"@id\":\"https:\\\/\\\/www.latribunedufaso.net\\\/?p=4428#primaryimage\"},\"image\":{\"@id\":\"https:\\\/\\\/www.latribunedufaso.net\\\/?p=4428#primaryimage\"},\"thumbnailUrl\":\"https:\\\/\\\/www.latribunedufaso.net\\\/wp-content\\\/uploads\\\/2021\\\/10\\\/IMG-20211016-WA0034.jpg\",\"datePublished\":\"2021-10-16T22:41:16+00:00\",\"breadcrumb\":{\"@id\":\"https:\\\/\\\/www.latribunedufaso.net\\\/?p=4428#breadcrumb\"},\"inLanguage\":\"fr-FR\",\"potentialAction\":[{\"@type\":\"ReadAction\",\"target\":[\"https:\\\/\\\/www.latribunedufaso.net\\\/?p=4428\"]}]},{\"@type\":\"ImageObject\",\"inLanguage\":\"fr-FR\",\"@id\":\"https:\\\/\\\/www.latribunedufaso.net\\\/?p=4428#primaryimage\",\"url\":\"https:\\\/\\\/www.latribunedufaso.net\\\/wp-content\\\/uploads\\\/2021\\\/10\\\/IMG-20211016-WA0034.jpg\",\"contentUrl\":\"https:\\\/\\\/www.latribunedufaso.net\\\/wp-content\\\/uploads\\\/2021\\\/10\\\/IMG-20211016-WA0034.jpg\",\"width\":720,\"height\":480},{\"@type\":\"BreadcrumbList\",\"@id\":\"https:\\\/\\\/www.latribunedufaso.net\\\/?p=4428#breadcrumb\",\"itemListElement\":[{\"@type\":\"ListItem\",\"position\":1,\"name\":\"Accueil\",\"item\":\"https:\\\/\\\/www.latribunedufaso.net\\\/\"},{\"@type\":\"ListItem\",\"position\":2,\"name\":\"FESPACO 2021\u00a0: Les festivit\u00e9s ont d\u00e9but\u00e9\"}]},{\"@type\":\"WebSite\",\"@id\":\"https:\\\/\\\/www.latribunedufaso.net\\\/#website\",\"url\":\"https:\\\/\\\/www.latribunedufaso.net\\\/\",\"name\":\"La Tribune du Faso\",\"description\":\"L&#039;information du monde rural en un clic\",\"publisher\":{\"@id\":\"https:\\\/\\\/www.latribunedufaso.net\\\/#organization\"},\"potentialAction\":[{\"@type\":\"SearchAction\",\"target\":{\"@type\":\"EntryPoint\",\"urlTemplate\":\"https:\\\/\\\/www.latribunedufaso.net\\\/?s={search_term_string}\"},\"query-input\":{\"@type\":\"PropertyValueSpecification\",\"valueRequired\":true,\"valueName\":\"search_term_string\"}}],\"inLanguage\":\"fr-FR\"},{\"@type\":\"Organization\",\"@id\":\"https:\\\/\\\/www.latribunedufaso.net\\\/#organization\",\"name\":\"La Tribune du Faso\",\"url\":\"https:\\\/\\\/www.latribunedufaso.net\\\/\",\"logo\":{\"@type\":\"ImageObject\",\"inLanguage\":\"fr-FR\",\"@id\":\"https:\\\/\\\/www.latribunedufaso.net\\\/#\\\/schema\\\/logo\\\/image\\\/\",\"url\":\"https:\\\/\\\/www.latribunedufaso.net\\\/wp-content\\\/uploads\\\/2020\\\/08\\\/Logo-Tribune-du-Faso-final-scaled.jpg\",\"contentUrl\":\"https:\\\/\\\/www.latribunedufaso.net\\\/wp-content\\\/uploads\\\/2020\\\/08\\\/Logo-Tribune-du-Faso-final-scaled.jpg\",\"width\":2560,\"height\":1856,\"caption\":\"La Tribune du Faso\"},\"image\":{\"@id\":\"https:\\\/\\\/www.latribunedufaso.net\\\/#\\\/schema\\\/logo\\\/image\\\/\"},\"sameAs\":[\"https:\\\/\\\/www.facebook.com\\\/LatribuneduFaso\\\/\"]},{\"@type\":\"Person\",\"@id\":\"https:\\\/\\\/www.latribunedufaso.net\\\/#\\\/schema\\\/person\\\/a380782d0605bb8aae27c40ea93b35b1\",\"name\":\"Administrateur\",\"image\":{\"@type\":\"ImageObject\",\"inLanguage\":\"fr-FR\",\"@id\":\"https:\\\/\\\/secure.gravatar.com\\\/avatar\\\/e20266f97d741f0e80ba1f60283074a9b3317fd7bfb727e0d95b51dafbf854a1?s=96&d=mm&r=g\",\"url\":\"https:\\\/\\\/secure.gravatar.com\\\/avatar\\\/e20266f97d741f0e80ba1f60283074a9b3317fd7bfb727e0d95b51dafbf854a1?s=96&d=mm&r=g\",\"contentUrl\":\"https:\\\/\\\/secure.gravatar.com\\\/avatar\\\/e20266f97d741f0e80ba1f60283074a9b3317fd7bfb727e0d95b51dafbf854a1?s=96&d=mm&r=g\",\"caption\":\"Administrateur\"},\"url\":\"https:\\\/\\\/www.latribunedufaso.net\\\/?author=2\"}]}<\/script>\n<!-- \/ Yoast SEO plugin. -->","yoast_head_json":{"title":"FESPACO 2021\u00a0: Les festivit\u00e9s ont d\u00e9but\u00e9 - La Tribune du Faso","robots":{"index":"index","follow":"follow","max-snippet":"max-snippet:-1","max-image-preview":"max-image-preview:large","max-video-preview":"max-video-preview:-1"},"canonical":"https:\/\/www.latribunedufaso.net\/?p=4428","og_locale":"fr_FR","og_type":"article","og_title":"FESPACO 2021\u00a0: Les festivit\u00e9s ont d\u00e9but\u00e9 - La Tribune du Faso","og_description":"Le clap d\u2019ouverture de la 27e \u00e9dition du Festival panafricain du cin\u00e9ma et de la t\u00e9l\u00e9vision de la t\u00e9l\u00e9vision de Ouagadougou (FESPACO) a \u00e9t\u00e9 donn\u00e9 ce samedi 16 octobre 2021 par le pr\u00e9sident du Faso, Roch Kabor\u00e9 \u00e0 la suite d\u2019une c\u00e9r\u00e9monie riche en couleur qui a r\u00e9uni un monde fou \u00e0 la cuvette du Palais des sports de Ouaga 2000.","og_url":"https:\/\/www.latribunedufaso.net\/?p=4428","og_site_name":"La Tribune du Faso","article_publisher":"https:\/\/www.facebook.com\/LatribuneduFaso\/","article_published_time":"2021-10-16T22:41:16+00:00","og_image":[{"width":720,"height":480,"url":"https:\/\/latribunedufaso.net\/wp-content\/uploads\/2021\/10\/IMG-20211016-WA0034.jpg","type":"image\/jpeg"}],"author":"Administrateur","twitter_misc":{"\u00c9crit par":"Administrateur","Dur\u00e9e de lecture estim\u00e9e":"3 minutes"},"schema":{"@context":"https:\/\/schema.org","@graph":[{"@type":"Article","@id":"https:\/\/www.latribunedufaso.net\/?p=4428#article","isPartOf":{"@id":"https:\/\/www.latribunedufaso.net\/?p=4428"},"author":{"name":"Administrateur","@id":"https:\/\/www.latribunedufaso.net\/#\/schema\/person\/a380782d0605bb8aae27c40ea93b35b1"},"headline":"FESPACO 2021\u00a0: Les festivit\u00e9s ont d\u00e9but\u00e9","datePublished":"2021-10-16T22:41:16+00:00","mainEntityOfPage":{"@id":"https:\/\/www.latribunedufaso.net\/?p=4428"},"wordCount":651,"commentCount":0,"publisher":{"@id":"https:\/\/www.latribunedufaso.net\/#organization"},"image":{"@id":"https:\/\/www.latribunedufaso.net\/?p=4428#primaryimage"},"thumbnailUrl":"https:\/\/www.latribunedufaso.net\/wp-content\/uploads\/2021\/10\/IMG-20211016-WA0034.jpg","articleSection":["A la une","Actualit\u00e9","Soci\u00e9t\u00e9"],"inLanguage":"fr-FR","potentialAction":[{"@type":"CommentAction","name":"Comment","target":["https:\/\/www.latribunedufaso.net\/?p=4428#respond"]}]},{"@type":"WebPage","@id":"https:\/\/www.latribunedufaso.net\/?p=4428","url":"https:\/\/www.latribunedufaso.net\/?p=4428","name":"FESPACO 2021\u00a0: Les festivit\u00e9s ont d\u00e9but\u00e9 - La Tribune du Faso","isPartOf":{"@id":"https:\/\/www.latribunedufaso.net\/#website"},"primaryImageOfPage":{"@id":"https:\/\/www.latribunedufaso.net\/?p=4428#primaryimage"},"image":{"@id":"https:\/\/www.latribunedufaso.net\/?p=4428#primaryimage"},"thumbnailUrl":"https:\/\/www.latribunedufaso.net\/wp-content\/uploads\/2021\/10\/IMG-20211016-WA0034.jpg","datePublished":"2021-10-16T22:41:16+00:00","breadcrumb":{"@id":"https:\/\/www.latribunedufaso.net\/?p=4428#breadcrumb"},"inLanguage":"fr-FR","potentialAction":[{"@type":"ReadAction","target":["https:\/\/www.latribunedufaso.net\/?p=4428"]}]},{"@type":"ImageObject","inLanguage":"fr-FR","@id":"https:\/\/www.latribunedufaso.net\/?p=4428#primaryimage","url":"https:\/\/www.latribunedufaso.net\/wp-content\/uploads\/2021\/10\/IMG-20211016-WA0034.jpg","contentUrl":"https:\/\/www.latribunedufaso.net\/wp-content\/uploads\/2021\/10\/IMG-20211016-WA0034.jpg","width":720,"height":480},{"@type":"BreadcrumbList","@id":"https:\/\/www.latribunedufaso.net\/?p=4428#breadcrumb","itemListElement":[{"@type":"ListItem","position":1,"name":"Accueil","item":"https:\/\/www.latribunedufaso.net\/"},{"@type":"ListItem","position":2,"name":"FESPACO 2021\u00a0: Les festivit\u00e9s ont d\u00e9but\u00e9"}]},{"@type":"WebSite","@id":"https:\/\/www.latribunedufaso.net\/#website","url":"https:\/\/www.latribunedufaso.net\/","name":"La Tribune du Faso","description":"L&#039;information du monde rural en un clic","publisher":{"@id":"https:\/\/www.latribunedufaso.net\/#organization"},"potentialAction":[{"@type":"SearchAction","target":{"@type":"EntryPoint","urlTemplate":"https:\/\/www.latribunedufaso.net\/?s={search_term_string}"},"query-input":{"@type":"PropertyValueSpecification","valueRequired":true,"valueName":"search_term_string"}}],"inLanguage":"fr-FR"},{"@type":"Organization","@id":"https:\/\/www.latribunedufaso.net\/#organization","name":"La Tribune du Faso","url":"https:\/\/www.latribunedufaso.net\/","logo":{"@type":"ImageObject","inLanguage":"fr-FR","@id":"https:\/\/www.latribunedufaso.net\/#\/schema\/logo\/image\/","url":"https:\/\/www.latribunedufaso.net\/wp-content\/uploads\/2020\/08\/Logo-Tribune-du-Faso-final-scaled.jpg","contentUrl":"https:\/\/www.latribunedufaso.net\/wp-content\/uploads\/2020\/08\/Logo-Tribune-du-Faso-final-scaled.jpg","width":2560,"height":1856,"caption":"La Tribune du Faso"},"image":{"@id":"https:\/\/www.latribunedufaso.net\/#\/schema\/logo\/image\/"},"sameAs":["https:\/\/www.facebook.com\/LatribuneduFaso\/"]},{"@type":"Person","@id":"https:\/\/www.latribunedufaso.net\/#\/schema\/person\/a380782d0605bb8aae27c40ea93b35b1","name":"Administrateur","image":{"@type":"ImageObject","inLanguage":"fr-FR","@id":"https:\/\/secure.gravatar.com\/avatar\/e20266f97d741f0e80ba1f60283074a9b3317fd7bfb727e0d95b51dafbf854a1?s=96&d=mm&r=g","url":"https:\/\/secure.gravatar.com\/avatar\/e20266f97d741f0e80ba1f60283074a9b3317fd7bfb727e0d95b51dafbf854a1?s=96&d=mm&r=g","contentUrl":"https:\/\/secure.gravatar.com\/avatar\/e20266f97d741f0e80ba1f60283074a9b3317fd7bfb727e0d95b51dafbf854a1?s=96&d=mm&r=g","caption":"Administrateur"},"url":"https:\/\/www.latribunedufaso.net\/?author=2"}]}},"_links":{"self":[{"href":"https:\/\/www.latribunedufaso.net\/index.php?rest_route=\/wp\/v2\/posts\/4428","targetHints":{"allow":["GET"]}}],"collection":[{"href":"https:\/\/www.latribunedufaso.net\/index.php?rest_route=\/wp\/v2\/posts"}],"about":[{"href":"https:\/\/www.latribunedufaso.net\/index.php?rest_route=\/wp\/v2\/types\/post"}],"author":[{"embeddable":true,"href":"https:\/\/www.latribunedufaso.net\/index.php?rest_route=\/wp\/v2\/users\/2"}],"replies":[{"embeddable":true,"href":"https:\/\/www.latribunedufaso.net\/index.php?rest_route=%2Fwp%2Fv2%2Fcomments&post=4428"}],"version-history":[{"count":1,"href":"https:\/\/www.latribunedufaso.net\/index.php?rest_route=\/wp\/v2\/posts\/4428\/revisions"}],"predecessor-version":[{"id":4433,"href":"https:\/\/www.latribunedufaso.net\/index.php?rest_route=\/wp\/v2\/posts\/4428\/revisions\/4433"}],"wp:featuredmedia":[{"embeddable":true,"href":"https:\/\/www.latribunedufaso.net\/index.php?rest_route=\/wp\/v2\/media\/4429"}],"wp:attachment":[{"href":"https:\/\/www.latribunedufaso.net\/index.php?rest_route=%2Fwp%2Fv2%2Fmedia&parent=4428"}],"wp:term":[{"taxonomy":"category","embeddable":true,"href":"https:\/\/www.latribunedufaso.net\/index.php?rest_route=%2Fwp%2Fv2%2Fcategories&post=4428"},{"taxonomy":"post_tag","embeddable":true,"href":"https:\/\/www.latribunedufaso.net\/index.php?rest_route=%2Fwp%2Fv2%2Ftags&post=4428"}],"curies":[{"name":"wp","href":"https:\/\/api.w.org\/{rel}","templated":true}]}}