{"id":432,"date":"2019-10-19T17:07:07","date_gmt":"2019-10-19T17:07:07","guid":{"rendered":"http:\/\/latribunedufaso.net\/?p=432"},"modified":"2019-10-28T11:46:34","modified_gmt":"2019-10-28T11:46:34","slug":"trading-au-burkina-les-investisseurs-reclament-leurs-sous-sans-delai","status":"publish","type":"post","link":"https:\/\/www.latribunedufaso.net\/?p=432","title":{"rendered":"Trading au Burkina\u00a0: Les investisseurs r\u00e9clament leurs sous, sans d\u00e9lai"},"content":{"rendered":"<p><strong>La coordination des jeunes de l\u2019Association internationale en Trading (AIT) est mont\u00e9e au cr\u00e9neau ce samedi 19 octobre 2019, \u00e0 la bourse du travail de Ouagadougou afin de r\u00e9clamer le paiement sans d\u00e9lai de leurs sous s\u00e9questr\u00e9s par l\u2019autorit\u00e9 judiciaire.<\/strong><!--more--><\/p>\n<p><a href=\"http:\/\/latribunedufaso.net\/wp-content\/uploads\/2019\/10\/IMG-20191019-WA0003.jpg\"><img loading=\"lazy\" decoding=\"async\" class=\"wp-image-433 alignleft\" src=\"http:\/\/latribunedufaso.net\/wp-content\/uploads\/2019\/10\/IMG-20191019-WA0003-300x225.jpg\" alt=\"\" width=\"340\" height=\"255\" srcset=\"https:\/\/www.latribunedufaso.net\/wp-content\/uploads\/2019\/10\/IMG-20191019-WA0003-300x225.jpg 300w, https:\/\/www.latribunedufaso.net\/wp-content\/uploads\/2019\/10\/IMG-20191019-WA0003-768x576.jpg 768w, https:\/\/www.latribunedufaso.net\/wp-content\/uploads\/2019\/10\/IMG-20191019-WA0003-1024x768.jpg 1024w, https:\/\/www.latribunedufaso.net\/wp-content\/uploads\/2019\/10\/IMG-20191019-WA0003.jpg 1080w\" sizes=\"auto, (max-width: 340px) 100vw, 340px\" \/><\/a>Dans une longue d\u00e9claration liminaire, le porte-parole de la coordination, Souleymane Gorou, a d\u2019embl\u00e9e d\u00e9nonc\u00e9, <em>\u00ab\u00a0le complot honteusement orchestr\u00e9 par le monde de la finance, notamment les banques, les politiciens et la justice\u00a0\u00bb.<\/em> <em>\u00ab\u00a0Courant le mois de mai de cette ann\u00e9e, une note sc\u00e9l\u00e9rate du Conseil r\u00e9gional de l\u2019\u00e9pargne publique et des march\u00e9s financiers de l\u2019UEMOA (CREMPF) devenu subitement l\u2019Autorit\u00e9 des march\u00e9s financiers (AMF) a \u00e9t\u00e9 aper\u00e7ue sur les r\u00e9seaux sociaux invitant les populations \u00e0 se m\u00e9fier des maisons de trading qui seraient des \u00ab\u00a0arnaqueuses\u00a0\u00bb et mettant en garde lesdites maisons sur la n\u00e9cessit\u00e9 d\u2019arr\u00eater leurs activit\u00e9s pour se conformer \u00e0 la loi\u00a0\u00bb,<\/em> a-t-il cit\u00e9. Poursuivant son r\u00e9cit, il avance qu\u2019\u00e0 la suite de cette note les maisons de trading ont vu leurs comptes gel\u00e9s.<\/p>\n<p><em>\u00ab\u00a0Croyant \u00e0 la fin de nos surprises, les maisons de trading apprenaient l\u2019embrigadement, la s\u00e9questration de leurs comptes bancaires par une mesure judiciaire inique de gel de leurs avoirs au niveau des diff\u00e9rentes institutions bancaires\u00a0\u00bb,<\/em> a-t-il ajout\u00e9. Ce complot aura finalement abouti aux effets escompt\u00e9s de ses instigateurs, car le 14 juin 2019, fait remarquer Souleymane Gorou, le premier responsable du minist\u00e8re de l\u2019\u00e9conomie, des finances et du d\u00e9veloppement (MINEFID) appelait \u00ab\u00a0les soci\u00e9t\u00e9s \u00e0 mettre imm\u00e9diatement fin \u00e0 leurs activit\u00e9s\u00a0\u00bb\u00a0; ce qui mettait \u00e9galement fin aux paiements des retours sur investissement.<\/p>\n<p>Gorou et les siens, qui ne comptent pas <em>\u00ab\u00a0se laisser marcher dessus\u00a0\u00bb<\/em> ont ensuite, appel\u00e9 la justice \u00e0 ne pas se discr\u00e9diter davantage, appel\u00e9 le gouvernement \u00e0 trouver sans d\u00e9lai une solution urgente \u00e0 la crise qui n\u2019a que trop dur\u00e9, condamn\u00e9 puis mis en garde respectivement le banquier geleur et le gouvernement.<\/p>\n<p><a href=\"http:\/\/latribunedufaso.net\/wp-content\/uploads\/2019\/10\/IMG-20191019-WA0005.jpg\"><img loading=\"lazy\" decoding=\"async\" class=\" wp-image-434 alignleft\" src=\"http:\/\/latribunedufaso.net\/wp-content\/uploads\/2019\/10\/IMG-20191019-WA0005-300x225.jpg\" alt=\"\" width=\"341\" height=\"255\" srcset=\"https:\/\/www.latribunedufaso.net\/wp-content\/uploads\/2019\/10\/IMG-20191019-WA0005-300x225.jpg 300w, https:\/\/www.latribunedufaso.net\/wp-content\/uploads\/2019\/10\/IMG-20191019-WA0005-768x576.jpg 768w, https:\/\/www.latribunedufaso.net\/wp-content\/uploads\/2019\/10\/IMG-20191019-WA0005-1024x768.jpg 1024w, https:\/\/www.latribunedufaso.net\/wp-content\/uploads\/2019\/10\/IMG-20191019-WA0005.jpg 1040w\" sizes=\"auto, (max-width: 341px) 100vw, 341px\" \/><\/a>La coordination a toutefois rejet\u00e9 les accusations d\u2019escroquerie et de blanchiment de capitaux, faits qui sont principalement reconnus aux maisons de trading. Elle a cependant, avant de montrer son soutien \u00e0 ces derni\u00e8res et de les exhorter \u00e0 la s\u00e9r\u00e9nit\u00e9, invit\u00e9 \u00e0 la r\u00e9flexion\u00a0: <em>\u00ab\u00a0Quel investisseur a d\u00e9j\u00e0 port\u00e9 plainte contre une soci\u00e9t\u00e9 (de trading) depuis 2016 (date officielle d\u2019entr\u00e9e du syst\u00e8me de trading au Burkina Faso)\u00a0? De qui se moque-t-on quand on sait qu\u2019aupr\u00e8s de chaque banque, est repr\u00e9sent\u00e9e la CENTIF (Cellule nationale de traitement des informations financi\u00e8res)\u00a0? Comment une activit\u00e9 qui fonctionne l\u00e9galement et qui paye des imp\u00f4ts \u00e0 l\u2019Etat depuis 2016 peut \u00eatre qualifi\u00e9e d\u2019arnaque\u2026\u00a0?\u00a0\u00bb<\/em>, se sont questionn\u00e9s les conf\u00e9renciers.<\/p>\n<p>Les investisseurs en trading dont le nombre d\u00e9passerait 50\u00a0000 personnes sont issus de toutes les couches socio-professionnelles du pays. Ce sont, des \u00e9tudiants, des \u00e9l\u00e8ves, des hommes politiques, des magistrats, des militaires, des policiers, des commer\u00e7ants, des retrait\u00e9s , des veuves, des ch\u00f4meurs, etc.<\/p>\n<p><strong>Tambi Serge Pac\u00f4me Zongo<\/strong><\/p>\n<p><strong>La Tribune du Faso<\/strong><\/p>\n<p><a href=\"http:\/\/latribunedufaso.net\/wp-content\/uploads\/2019\/10\/IMG-20191019-WA0000.jpg\"><img loading=\"lazy\" decoding=\"async\" class=\"alignnone  wp-image-435\" src=\"http:\/\/latribunedufaso.net\/wp-content\/uploads\/2019\/10\/IMG-20191019-WA0000-300x225.jpg\" alt=\"\" width=\"199\" height=\"149\" srcset=\"https:\/\/www.latribunedufaso.net\/wp-content\/uploads\/2019\/10\/IMG-20191019-WA0000-300x225.jpg 300w, https:\/\/www.latribunedufaso.net\/wp-content\/uploads\/2019\/10\/IMG-20191019-WA0000-768x576.jpg 768w, https:\/\/www.latribunedufaso.net\/wp-content\/uploads\/2019\/10\/IMG-20191019-WA0000-1024x768.jpg 1024w, https:\/\/www.latribunedufaso.net\/wp-content\/uploads\/2019\/10\/IMG-20191019-WA0000.jpg 1080w\" sizes=\"auto, (max-width: 199px) 100vw, 199px\" \/><\/a> <a href=\"http:\/\/latribunedufaso.net\/wp-content\/uploads\/2019\/10\/IMG-20191019-WA0001.jpg\"><img loading=\"lazy\" decoding=\"async\" class=\"alignnone  wp-image-436\" src=\"http:\/\/latribunedufaso.net\/wp-content\/uploads\/2019\/10\/IMG-20191019-WA0001-300x225.jpg\" alt=\"\" width=\"199\" height=\"149\" srcset=\"https:\/\/www.latribunedufaso.net\/wp-content\/uploads\/2019\/10\/IMG-20191019-WA0001-300x225.jpg 300w, https:\/\/www.latribunedufaso.net\/wp-content\/uploads\/2019\/10\/IMG-20191019-WA0001-768x576.jpg 768w, https:\/\/www.latribunedufaso.net\/wp-content\/uploads\/2019\/10\/IMG-20191019-WA0001-1024x768.jpg 1024w, https:\/\/www.latribunedufaso.net\/wp-content\/uploads\/2019\/10\/IMG-20191019-WA0001.jpg 1080w\" sizes=\"auto, (max-width: 199px) 100vw, 199px\" \/><\/a> <a href=\"http:\/\/latribunedufaso.net\/wp-content\/uploads\/2019\/10\/IMG-20191019-WA0002.jpg\"><img loading=\"lazy\" decoding=\"async\" class=\"alignnone  wp-image-437\" src=\"http:\/\/latribunedufaso.net\/wp-content\/uploads\/2019\/10\/IMG-20191019-WA0002-300x225.jpg\" alt=\"\" width=\"198\" height=\"148\" srcset=\"https:\/\/www.latribunedufaso.net\/wp-content\/uploads\/2019\/10\/IMG-20191019-WA0002-300x225.jpg 300w, https:\/\/www.latribunedufaso.net\/wp-content\/uploads\/2019\/10\/IMG-20191019-WA0002-768x576.jpg 768w, https:\/\/www.latribunedufaso.net\/wp-content\/uploads\/2019\/10\/IMG-20191019-WA0002-1024x768.jpg 1024w, https:\/\/www.latribunedufaso.net\/wp-content\/uploads\/2019\/10\/IMG-20191019-WA0002.jpg 1080w\" sizes=\"auto, (max-width: 198px) 100vw, 198px\" \/><\/a><\/p>\n","protected":false},"excerpt":{"rendered":"<p>La coordination des jeunes de l\u2019Association internationale en Trading (AIT) est mont\u00e9e au cr\u00e9neau ce samedi 19 octobre 2019, \u00e0 la bourse du travail de Ouagadougou afin de r\u00e9clamer le paiement sans d\u00e9lai de leurs sous s\u00e9questr\u00e9s par l\u2019autorit\u00e9 judiciaire.<\/p>\n","protected":false},"author":2,"featured_media":433,"comment_status":"open","ping_status":"open","sticky":false,"template":"","format":"standard","meta":{"footnotes":""},"categories":[1,10],"tags":[],"class_list":["post-432","post","type-post","status-publish","format-standard","has-post-thumbnail","hentry","category-actu","category-eco"],"yoast_head":"<!-- This site is optimized with the Yoast SEO plugin v27.4 - https:\/\/yoast.com\/product\/yoast-seo-wordpress\/ -->\n<title>Trading au Burkina\u00a0: Les investisseurs r\u00e9clament leurs sous, sans d\u00e9lai - La Tribune du Faso<\/title>\n<meta name=\"robots\" content=\"index, follow, max-snippet:-1, max-image-preview:large, max-video-preview:-1\" \/>\n<link rel=\"canonical\" href=\"https:\/\/www.latribunedufaso.net\/?p=432\" \/>\n<meta property=\"og:locale\" content=\"fr_FR\" \/>\n<meta property=\"og:type\" content=\"article\" \/>\n<meta property=\"og:title\" content=\"Trading au Burkina\u00a0: Les investisseurs r\u00e9clament leurs sous, sans d\u00e9lai - La Tribune du Faso\" \/>\n<meta property=\"og:description\" content=\"La coordination des jeunes de l\u2019Association internationale en Trading (AIT) est mont\u00e9e au cr\u00e9neau ce samedi 19 octobre 2019, \u00e0 la bourse du travail de Ouagadougou afin de r\u00e9clamer le paiement sans d\u00e9lai de leurs sous s\u00e9questr\u00e9s par l\u2019autorit\u00e9 judiciaire.\" \/>\n<meta property=\"og:url\" content=\"https:\/\/www.latribunedufaso.net\/?p=432\" \/>\n<meta property=\"og:site_name\" content=\"La Tribune du Faso\" \/>\n<meta property=\"article:publisher\" content=\"https:\/\/www.facebook.com\/LatribuneduFaso\/\" \/>\n<meta property=\"article:published_time\" content=\"2019-10-19T17:07:07+00:00\" \/>\n<meta property=\"article:modified_time\" content=\"2019-10-28T11:46:34+00:00\" \/>\n<meta property=\"og:image\" content=\"https:\/\/latribunedufaso.net\/wp-content\/uploads\/2019\/10\/IMG-20191019-WA0003.jpg\" \/>\n\t<meta property=\"og:image:width\" content=\"1080\" \/>\n\t<meta property=\"og:image:height\" content=\"810\" \/>\n\t<meta property=\"og:image:type\" content=\"image\/jpeg\" \/>\n<meta name=\"author\" content=\"Administrateur\" \/>\n<meta name=\"twitter:label1\" content=\"\u00c9crit par\" \/>\n\t<meta name=\"twitter:data1\" content=\"Administrateur\" \/>\n\t<meta name=\"twitter:label2\" content=\"Dur\u00e9e de lecture estim\u00e9e\" \/>\n\t<meta name=\"twitter:data2\" content=\"3 minutes\" \/>\n<script type=\"application\/ld+json\" class=\"yoast-schema-graph\">{\"@context\":\"https:\\\/\\\/schema.org\",\"@graph\":[{\"@type\":\"Article\",\"@id\":\"https:\\\/\\\/www.latribunedufaso.net\\\/?p=432#article\",\"isPartOf\":{\"@id\":\"https:\\\/\\\/www.latribunedufaso.net\\\/?p=432\"},\"author\":{\"name\":\"Administrateur\",\"@id\":\"https:\\\/\\\/www.latribunedufaso.net\\\/#\\\/schema\\\/person\\\/a380782d0605bb8aae27c40ea93b35b1\"},\"headline\":\"Trading au Burkina\u00a0: Les investisseurs r\u00e9clament leurs sous, sans d\u00e9lai\",\"datePublished\":\"2019-10-19T17:07:07+00:00\",\"dateModified\":\"2019-10-28T11:46:34+00:00\",\"mainEntityOfPage\":{\"@id\":\"https:\\\/\\\/www.latribunedufaso.net\\\/?p=432\"},\"wordCount\":537,\"commentCount\":0,\"publisher\":{\"@id\":\"https:\\\/\\\/www.latribunedufaso.net\\\/#organization\"},\"image\":{\"@id\":\"https:\\\/\\\/www.latribunedufaso.net\\\/?p=432#primaryimage\"},\"thumbnailUrl\":\"https:\\\/\\\/www.latribunedufaso.net\\\/wp-content\\\/uploads\\\/2019\\\/10\\\/IMG-20191019-WA0003.jpg\",\"articleSection\":[\"Actualit\u00e9\",\"Economie\"],\"inLanguage\":\"fr-FR\",\"potentialAction\":[{\"@type\":\"CommentAction\",\"name\":\"Comment\",\"target\":[\"https:\\\/\\\/www.latribunedufaso.net\\\/?p=432#respond\"]}]},{\"@type\":\"WebPage\",\"@id\":\"https:\\\/\\\/www.latribunedufaso.net\\\/?p=432\",\"url\":\"https:\\\/\\\/www.latribunedufaso.net\\\/?p=432\",\"name\":\"Trading au Burkina\u00a0: Les investisseurs r\u00e9clament leurs sous, sans d\u00e9lai - La Tribune du Faso\",\"isPartOf\":{\"@id\":\"https:\\\/\\\/www.latribunedufaso.net\\\/#website\"},\"primaryImageOfPage\":{\"@id\":\"https:\\\/\\\/www.latribunedufaso.net\\\/?p=432#primaryimage\"},\"image\":{\"@id\":\"https:\\\/\\\/www.latribunedufaso.net\\\/?p=432#primaryimage\"},\"thumbnailUrl\":\"https:\\\/\\\/www.latribunedufaso.net\\\/wp-content\\\/uploads\\\/2019\\\/10\\\/IMG-20191019-WA0003.jpg\",\"datePublished\":\"2019-10-19T17:07:07+00:00\",\"dateModified\":\"2019-10-28T11:46:34+00:00\",\"breadcrumb\":{\"@id\":\"https:\\\/\\\/www.latribunedufaso.net\\\/?p=432#breadcrumb\"},\"inLanguage\":\"fr-FR\",\"potentialAction\":[{\"@type\":\"ReadAction\",\"target\":[\"https:\\\/\\\/www.latribunedufaso.net\\\/?p=432\"]}]},{\"@type\":\"ImageObject\",\"inLanguage\":\"fr-FR\",\"@id\":\"https:\\\/\\\/www.latribunedufaso.net\\\/?p=432#primaryimage\",\"url\":\"https:\\\/\\\/www.latribunedufaso.net\\\/wp-content\\\/uploads\\\/2019\\\/10\\\/IMG-20191019-WA0003.jpg\",\"contentUrl\":\"https:\\\/\\\/www.latribunedufaso.net\\\/wp-content\\\/uploads\\\/2019\\\/10\\\/IMG-20191019-WA0003.jpg\",\"width\":1080,\"height\":810},{\"@type\":\"BreadcrumbList\",\"@id\":\"https:\\\/\\\/www.latribunedufaso.net\\\/?p=432#breadcrumb\",\"itemListElement\":[{\"@type\":\"ListItem\",\"position\":1,\"name\":\"Accueil\",\"item\":\"https:\\\/\\\/www.latribunedufaso.net\\\/\"},{\"@type\":\"ListItem\",\"position\":2,\"name\":\"Trading au Burkina\u00a0: Les investisseurs r\u00e9clament leurs sous, sans d\u00e9lai\"}]},{\"@type\":\"WebSite\",\"@id\":\"https:\\\/\\\/www.latribunedufaso.net\\\/#website\",\"url\":\"https:\\\/\\\/www.latribunedufaso.net\\\/\",\"name\":\"La Tribune du Faso\",\"description\":\"L&#039;information du monde rural en un clic\",\"publisher\":{\"@id\":\"https:\\\/\\\/www.latribunedufaso.net\\\/#organization\"},\"potentialAction\":[{\"@type\":\"SearchAction\",\"target\":{\"@type\":\"EntryPoint\",\"urlTemplate\":\"https:\\\/\\\/www.latribunedufaso.net\\\/?s={search_term_string}\"},\"query-input\":{\"@type\":\"PropertyValueSpecification\",\"valueRequired\":true,\"valueName\":\"search_term_string\"}}],\"inLanguage\":\"fr-FR\"},{\"@type\":\"Organization\",\"@id\":\"https:\\\/\\\/www.latribunedufaso.net\\\/#organization\",\"name\":\"La Tribune du Faso\",\"url\":\"https:\\\/\\\/www.latribunedufaso.net\\\/\",\"logo\":{\"@type\":\"ImageObject\",\"inLanguage\":\"fr-FR\",\"@id\":\"https:\\\/\\\/www.latribunedufaso.net\\\/#\\\/schema\\\/logo\\\/image\\\/\",\"url\":\"https:\\\/\\\/www.latribunedufaso.net\\\/wp-content\\\/uploads\\\/2020\\\/08\\\/Logo-Tribune-du-Faso-final-scaled.jpg\",\"contentUrl\":\"https:\\\/\\\/www.latribunedufaso.net\\\/wp-content\\\/uploads\\\/2020\\\/08\\\/Logo-Tribune-du-Faso-final-scaled.jpg\",\"width\":2560,\"height\":1856,\"caption\":\"La Tribune du Faso\"},\"image\":{\"@id\":\"https:\\\/\\\/www.latribunedufaso.net\\\/#\\\/schema\\\/logo\\\/image\\\/\"},\"sameAs\":[\"https:\\\/\\\/www.facebook.com\\\/LatribuneduFaso\\\/\"]},{\"@type\":\"Person\",\"@id\":\"https:\\\/\\\/www.latribunedufaso.net\\\/#\\\/schema\\\/person\\\/a380782d0605bb8aae27c40ea93b35b1\",\"name\":\"Administrateur\",\"image\":{\"@type\":\"ImageObject\",\"inLanguage\":\"fr-FR\",\"@id\":\"https:\\\/\\\/secure.gravatar.com\\\/avatar\\\/e20266f97d741f0e80ba1f60283074a9b3317fd7bfb727e0d95b51dafbf854a1?s=96&d=mm&r=g\",\"url\":\"https:\\\/\\\/secure.gravatar.com\\\/avatar\\\/e20266f97d741f0e80ba1f60283074a9b3317fd7bfb727e0d95b51dafbf854a1?s=96&d=mm&r=g\",\"contentUrl\":\"https:\\\/\\\/secure.gravatar.com\\\/avatar\\\/e20266f97d741f0e80ba1f60283074a9b3317fd7bfb727e0d95b51dafbf854a1?s=96&d=mm&r=g\",\"caption\":\"Administrateur\"},\"url\":\"https:\\\/\\\/www.latribunedufaso.net\\\/?author=2\"}]}<\/script>\n<!-- \/ Yoast SEO plugin. -->","yoast_head_json":{"title":"Trading au Burkina\u00a0: Les investisseurs r\u00e9clament leurs sous, sans d\u00e9lai - La Tribune du Faso","robots":{"index":"index","follow":"follow","max-snippet":"max-snippet:-1","max-image-preview":"max-image-preview:large","max-video-preview":"max-video-preview:-1"},"canonical":"https:\/\/www.latribunedufaso.net\/?p=432","og_locale":"fr_FR","og_type":"article","og_title":"Trading au Burkina\u00a0: Les investisseurs r\u00e9clament leurs sous, sans d\u00e9lai - La Tribune du Faso","og_description":"La coordination des jeunes de l\u2019Association internationale en Trading (AIT) est mont\u00e9e au cr\u00e9neau ce samedi 19 octobre 2019, \u00e0 la bourse du travail de Ouagadougou afin de r\u00e9clamer le paiement sans d\u00e9lai de leurs sous s\u00e9questr\u00e9s par l\u2019autorit\u00e9 judiciaire.","og_url":"https:\/\/www.latribunedufaso.net\/?p=432","og_site_name":"La Tribune du Faso","article_publisher":"https:\/\/www.facebook.com\/LatribuneduFaso\/","article_published_time":"2019-10-19T17:07:07+00:00","article_modified_time":"2019-10-28T11:46:34+00:00","og_image":[{"width":1080,"height":810,"url":"https:\/\/latribunedufaso.net\/wp-content\/uploads\/2019\/10\/IMG-20191019-WA0003.jpg","type":"image\/jpeg"}],"author":"Administrateur","twitter_misc":{"\u00c9crit par":"Administrateur","Dur\u00e9e de lecture estim\u00e9e":"3 minutes"},"schema":{"@context":"https:\/\/schema.org","@graph":[{"@type":"Article","@id":"https:\/\/www.latribunedufaso.net\/?p=432#article","isPartOf":{"@id":"https:\/\/www.latribunedufaso.net\/?p=432"},"author":{"name":"Administrateur","@id":"https:\/\/www.latribunedufaso.net\/#\/schema\/person\/a380782d0605bb8aae27c40ea93b35b1"},"headline":"Trading au Burkina\u00a0: Les investisseurs r\u00e9clament leurs sous, sans d\u00e9lai","datePublished":"2019-10-19T17:07:07+00:00","dateModified":"2019-10-28T11:46:34+00:00","mainEntityOfPage":{"@id":"https:\/\/www.latribunedufaso.net\/?p=432"},"wordCount":537,"commentCount":0,"publisher":{"@id":"https:\/\/www.latribunedufaso.net\/#organization"},"image":{"@id":"https:\/\/www.latribunedufaso.net\/?p=432#primaryimage"},"thumbnailUrl":"https:\/\/www.latribunedufaso.net\/wp-content\/uploads\/2019\/10\/IMG-20191019-WA0003.jpg","articleSection":["Actualit\u00e9","Economie"],"inLanguage":"fr-FR","potentialAction":[{"@type":"CommentAction","name":"Comment","target":["https:\/\/www.latribunedufaso.net\/?p=432#respond"]}]},{"@type":"WebPage","@id":"https:\/\/www.latribunedufaso.net\/?p=432","url":"https:\/\/www.latribunedufaso.net\/?p=432","name":"Trading au Burkina\u00a0: Les investisseurs r\u00e9clament leurs sous, sans d\u00e9lai - La Tribune du Faso","isPartOf":{"@id":"https:\/\/www.latribunedufaso.net\/#website"},"primaryImageOfPage":{"@id":"https:\/\/www.latribunedufaso.net\/?p=432#primaryimage"},"image":{"@id":"https:\/\/www.latribunedufaso.net\/?p=432#primaryimage"},"thumbnailUrl":"https:\/\/www.latribunedufaso.net\/wp-content\/uploads\/2019\/10\/IMG-20191019-WA0003.jpg","datePublished":"2019-10-19T17:07:07+00:00","dateModified":"2019-10-28T11:46:34+00:00","breadcrumb":{"@id":"https:\/\/www.latribunedufaso.net\/?p=432#breadcrumb"},"inLanguage":"fr-FR","potentialAction":[{"@type":"ReadAction","target":["https:\/\/www.latribunedufaso.net\/?p=432"]}]},{"@type":"ImageObject","inLanguage":"fr-FR","@id":"https:\/\/www.latribunedufaso.net\/?p=432#primaryimage","url":"https:\/\/www.latribunedufaso.net\/wp-content\/uploads\/2019\/10\/IMG-20191019-WA0003.jpg","contentUrl":"https:\/\/www.latribunedufaso.net\/wp-content\/uploads\/2019\/10\/IMG-20191019-WA0003.jpg","width":1080,"height":810},{"@type":"BreadcrumbList","@id":"https:\/\/www.latribunedufaso.net\/?p=432#breadcrumb","itemListElement":[{"@type":"ListItem","position":1,"name":"Accueil","item":"https:\/\/www.latribunedufaso.net\/"},{"@type":"ListItem","position":2,"name":"Trading au Burkina\u00a0: Les investisseurs r\u00e9clament leurs sous, sans d\u00e9lai"}]},{"@type":"WebSite","@id":"https:\/\/www.latribunedufaso.net\/#website","url":"https:\/\/www.latribunedufaso.net\/","name":"La Tribune du Faso","description":"L&#039;information du monde rural en un clic","publisher":{"@id":"https:\/\/www.latribunedufaso.net\/#organization"},"potentialAction":[{"@type":"SearchAction","target":{"@type":"EntryPoint","urlTemplate":"https:\/\/www.latribunedufaso.net\/?s={search_term_string}"},"query-input":{"@type":"PropertyValueSpecification","valueRequired":true,"valueName":"search_term_string"}}],"inLanguage":"fr-FR"},{"@type":"Organization","@id":"https:\/\/www.latribunedufaso.net\/#organization","name":"La Tribune du Faso","url":"https:\/\/www.latribunedufaso.net\/","logo":{"@type":"ImageObject","inLanguage":"fr-FR","@id":"https:\/\/www.latribunedufaso.net\/#\/schema\/logo\/image\/","url":"https:\/\/www.latribunedufaso.net\/wp-content\/uploads\/2020\/08\/Logo-Tribune-du-Faso-final-scaled.jpg","contentUrl":"https:\/\/www.latribunedufaso.net\/wp-content\/uploads\/2020\/08\/Logo-Tribune-du-Faso-final-scaled.jpg","width":2560,"height":1856,"caption":"La Tribune du Faso"},"image":{"@id":"https:\/\/www.latribunedufaso.net\/#\/schema\/logo\/image\/"},"sameAs":["https:\/\/www.facebook.com\/LatribuneduFaso\/"]},{"@type":"Person","@id":"https:\/\/www.latribunedufaso.net\/#\/schema\/person\/a380782d0605bb8aae27c40ea93b35b1","name":"Administrateur","image":{"@type":"ImageObject","inLanguage":"fr-FR","@id":"https:\/\/secure.gravatar.com\/avatar\/e20266f97d741f0e80ba1f60283074a9b3317fd7bfb727e0d95b51dafbf854a1?s=96&d=mm&r=g","url":"https:\/\/secure.gravatar.com\/avatar\/e20266f97d741f0e80ba1f60283074a9b3317fd7bfb727e0d95b51dafbf854a1?s=96&d=mm&r=g","contentUrl":"https:\/\/secure.gravatar.com\/avatar\/e20266f97d741f0e80ba1f60283074a9b3317fd7bfb727e0d95b51dafbf854a1?s=96&d=mm&r=g","caption":"Administrateur"},"url":"https:\/\/www.latribunedufaso.net\/?author=2"}]}},"_links":{"self":[{"href":"https:\/\/www.latribunedufaso.net\/index.php?rest_route=\/wp\/v2\/posts\/432","targetHints":{"allow":["GET"]}}],"collection":[{"href":"https:\/\/www.latribunedufaso.net\/index.php?rest_route=\/wp\/v2\/posts"}],"about":[{"href":"https:\/\/www.latribunedufaso.net\/index.php?rest_route=\/wp\/v2\/types\/post"}],"author":[{"embeddable":true,"href":"https:\/\/www.latribunedufaso.net\/index.php?rest_route=\/wp\/v2\/users\/2"}],"replies":[{"embeddable":true,"href":"https:\/\/www.latribunedufaso.net\/index.php?rest_route=%2Fwp%2Fv2%2Fcomments&post=432"}],"version-history":[{"count":1,"href":"https:\/\/www.latribunedufaso.net\/index.php?rest_route=\/wp\/v2\/posts\/432\/revisions"}],"predecessor-version":[{"id":438,"href":"https:\/\/www.latribunedufaso.net\/index.php?rest_route=\/wp\/v2\/posts\/432\/revisions\/438"}],"wp:featuredmedia":[{"embeddable":true,"href":"https:\/\/www.latribunedufaso.net\/index.php?rest_route=\/wp\/v2\/media\/433"}],"wp:attachment":[{"href":"https:\/\/www.latribunedufaso.net\/index.php?rest_route=%2Fwp%2Fv2%2Fmedia&parent=432"}],"wp:term":[{"taxonomy":"category","embeddable":true,"href":"https:\/\/www.latribunedufaso.net\/index.php?rest_route=%2Fwp%2Fv2%2Fcategories&post=432"},{"taxonomy":"post_tag","embeddable":true,"href":"https:\/\/www.latribunedufaso.net\/index.php?rest_route=%2Fwp%2Fv2%2Ftags&post=432"}],"curies":[{"name":"wp","href":"https:\/\/api.w.org\/{rel}","templated":true}]}}