{"id":4275,"date":"2021-09-24T19:34:26","date_gmt":"2021-09-24T19:34:26","guid":{"rendered":"https:\/\/www.latribunedufaso.net\/?p=4275"},"modified":"2021-09-27T10:37:50","modified_gmt":"2021-09-27T10:37:50","slug":"iie-congres-extraordinaire-du-mpp-pour-ressortir-plus-determines-et-unis","status":"publish","type":"post","link":"https:\/\/www.latribunedufaso.net\/?p=4275","title":{"rendered":"IIe congr\u00e8s extraordinaire du MPP\u00a0: Pour ressortir \u00ab\u00a0plus d\u00e9termin\u00e9s et unis\u00a0\u00bb"},"content":{"rendered":"<p><strong><span style=\"font-size: 1.0625rem;\">Simon Compaor\u00e9, pr\u00e9sident du Mouvement du peuple pour le progr\u00e8s (MPP) et pr\u00e9sident du Bureau politique national (BPN), a ouvert ce vendredi 24 septembre 2021, au palais des sports de Ouaga 2000, le 2e congr\u00e8s extraordinaire de son parti.<\/span><\/strong><br \/>\n<!--more--><\/p>\n<p><a href=\"https:\/\/latribunedufaso.net\/wp-content\/uploads\/2021\/09\/IMG-20210927-WA0007.jpg\"><img loading=\"lazy\" decoding=\"async\" class=\"size-medium wp-image-4278 aligncenter\" src=\"https:\/\/latribunedufaso.net\/wp-content\/uploads\/2021\/09\/IMG-20210927-WA0007-300x225.jpg\" alt=\"\" width=\"300\" height=\"225\" srcset=\"https:\/\/www.latribunedufaso.net\/wp-content\/uploads\/2021\/09\/IMG-20210927-WA0007-300x225.jpg 300w, https:\/\/www.latribunedufaso.net\/wp-content\/uploads\/2021\/09\/IMG-20210927-WA0007-1024x767.jpg 1024w, https:\/\/www.latribunedufaso.net\/wp-content\/uploads\/2021\/09\/IMG-20210927-WA0007-768x575.jpg 768w, https:\/\/www.latribunedufaso.net\/wp-content\/uploads\/2021\/09\/IMG-20210927-WA0007.jpg 1080w\" sizes=\"auto, (max-width: 300px) 100vw, 300px\" \/><\/a><\/p>\n<p>Pour l\u2019ouverture officielle des travaux de ce 2e congr\u00e8s extraordinaire du Mouvement du peuple pour le progr\u00e8s (MPP), si l\u2019on s\u2019en tient au propos du pr\u00e9sident du MPP et pr\u00e9sident du Bureau politique national (BPN), Simon Compaor\u00e9, ils sont plus de 3 000 d\u00e9l\u00e9gu\u00e9s, venus des quatre coins du Burkina Faso et m\u00eame de la diaspora. \u00ab Notre pr\u00e9sent congr\u00e8s s\u2019ouvre en pr\u00e9sence de 3 500 d\u00e9l\u00e9gu\u00e9s venus des 45 provinces, de nos sections \u00e0 l\u2019\u00e9tranger \u00bb, a-t-il pr\u00e9cis\u00e9. Et d\u2019indiquer que le pr\u00e9sent congr\u00e8s s\u2019ouvre dans un contexte mondial marqu\u00e9 essentiellement par les crises multidimensionnelles \u00e9conomique, financi\u00e8re, \u00e9nerg\u00e9tique, sociale, politique sanitaire et s\u00e9curitaire sans pr\u00e9c\u00e9dent ; et dans un contexte national, marqu\u00e9 par la crise s\u00e9curitaire et la pand\u00e9mie de Covid-19.<\/p>\n<p>Face aux multiples d\u00e9fis du parti, le pr\u00e9sident du Bureau politique national fait savoir qu\u2019il leur appartient d\u2019avoir une lecture froide, claire et dynamique de l\u2019\u00e9volution de la soci\u00e9t\u00e9 pour mieux cerner et maitriser l\u2019\u00e9volution du pays vers le d\u00e9veloppement. Une telle dynamique, estime-t-il, ne peut se concevoir en dehors de la trajectoire trac\u00e9e par la vision id\u00e9ologique du parti et sans faire r\u00e9f\u00e9rence \u00e0 son programme qui fixe leurs objectifs principaux sur les plans \u00e9conomique, social et politique.<\/p>\n<p>Pour lui, les travaux des quatre commissions pr\u00e9paratoires du pr\u00e9sent congr\u00e8s, riches, dense, permettront aux congressistes d\u2019\u00e9tudier avec perspicacit\u00e9 les voies et moyens d\u2019organisation, de restructuration du MPP \u00e0 m\u00eame de renforcer son leadership sur l\u2019\u00e9chiquier politique national. \u00ab\u00a0Le MPP doit \u00eatre le parti o\u00f9 r\u00e8gnent l\u2019unit\u00e9, la discipline, la coh\u00e9sion, la clairvoyance et la sagesse politique\u00a0\u00bb, a-t-il dit en sus. Aussi fait-il savoir que son parti se doit de tirer les le\u00e7ons des six ans de son existence afin de continuer \u00e0 donner des raisons au peuple burkinab\u00e8 d\u2019esp\u00e9rer. \u00ab\u00a0Parce que les plus grandes r\u00e9ussites renferment leur part d\u2019imperfection et d\u2019insuffisance, le MPP doit tirer tous les enseignements de notre pratique politique durant les six ann\u00e9es d\u2019existence et d\u00e9velopper son analyse prospective, am\u00e9liorer sa force de proposition et ses capacit\u00e9s d\u2019anticipation, faire bouger les lignes pour continuer \u00e0 garantir au peuple burkinab\u00e8 des conditions de vie meilleure et des raisons d\u2019esp\u00e9rer\u00a0\u00bb, a dit Simon Compaor\u00e9.<\/p>\n<p>Aux membres du bureau politique national, \u00e9galement participant du congr\u00e8s, M. Compaor\u00e9 a demand\u00e9 de s\u2019atteler \u00e0 relever les d\u00e9fis des \u00e9lections municipales de 2022. \u00ab\u00a0Nous devons sortir de ce congr\u00e8s, de la maturit\u00e9\u00a0; nous engager r\u00e9solument dans la poursuite du renforcement du MPP en se d\u00e9partissant de toutes les pratiques qui nuisent \u00e0 l\u2019homog\u00e9n\u00e9it\u00e9 du parti, \u00e0 sa coh\u00e9sion interne et \u00e0 ses capacit\u00e9s \u00e0 f\u00e9d\u00e9rer autour de lui d\u2019autres forces dispos\u00e9es \u00e0 l\u2019accompagner dans la conqu\u00eate et la gestion du pouvoir d\u2019Etat\u00a0\u00bb, a de m\u00eame lanc\u00e9 le pr\u00e9sident du BPN du MPP \u00e0 l\u2019ensemble des congressistes.<\/p>\n<p>Le congr\u00e8s se tiendra sur trois jours, soit du 24 au 26 septembre 2021, dans la cuvette du palais des sports de Ouaga 2000, sous le th\u00e8me:\u00a0\u00ab\u00a0Poursuivre le renforcement du MPP dans un Burkina Faso r\u00e9concili\u00e9, r\u00e9silient et prosp\u00e8re\u00a0\u00bb.<\/p>\n<p><strong>Tambi Serge Pac\u00f4me Zongo<\/strong><br \/>\n<strong>Latribunedufaso.net<\/strong><\/p>\n","protected":false},"excerpt":{"rendered":"<p>Simon Compaor\u00e9, pr\u00e9sident du Mouvement du peuple pour le progr\u00e8s (MPP) et pr\u00e9sident du Bureau politique national (BPN), a ouvert ce vendredi 24 septembre 2021, au palais des sports de Ouaga 2000, le 2e congr\u00e8s extraordinaire de son parti.<\/p>\n","protected":false},"author":2,"featured_media":4276,"comment_status":"open","ping_status":"open","sticky":false,"template":"","format":"standard","meta":{"footnotes":""},"categories":[13,1,8],"tags":[],"class_list":["post-4275","post","type-post","status-publish","format-standard","has-post-thumbnail","hentry","category-une","category-actu","category-societe"],"yoast_head":"<!-- This site is optimized with the Yoast SEO plugin v27.4 - https:\/\/yoast.com\/product\/yoast-seo-wordpress\/ -->\n<title>IIe congr\u00e8s extraordinaire du MPP\u00a0: Pour ressortir \u00ab\u00a0plus d\u00e9termin\u00e9s et unis\u00a0\u00bb - La Tribune du Faso<\/title>\n<meta name=\"robots\" content=\"index, follow, max-snippet:-1, max-image-preview:large, max-video-preview:-1\" \/>\n<link rel=\"canonical\" href=\"https:\/\/www.latribunedufaso.net\/?p=4275\" \/>\n<meta property=\"og:locale\" content=\"fr_FR\" \/>\n<meta property=\"og:type\" content=\"article\" \/>\n<meta property=\"og:title\" content=\"IIe congr\u00e8s extraordinaire du MPP\u00a0: Pour ressortir \u00ab\u00a0plus d\u00e9termin\u00e9s et unis\u00a0\u00bb - La Tribune du Faso\" \/>\n<meta property=\"og:description\" content=\"Simon Compaor\u00e9, pr\u00e9sident du Mouvement du peuple pour le progr\u00e8s (MPP) et pr\u00e9sident du Bureau politique national (BPN), a ouvert ce vendredi 24 septembre 2021, au palais des sports de Ouaga 2000, le 2e congr\u00e8s extraordinaire de son parti.\" \/>\n<meta property=\"og:url\" content=\"https:\/\/www.latribunedufaso.net\/?p=4275\" \/>\n<meta property=\"og:site_name\" content=\"La Tribune du Faso\" \/>\n<meta property=\"article:publisher\" content=\"https:\/\/www.facebook.com\/LatribuneduFaso\/\" \/>\n<meta property=\"article:published_time\" content=\"2021-09-24T19:34:26+00:00\" \/>\n<meta property=\"article:modified_time\" content=\"2021-09-27T10:37:50+00:00\" \/>\n<meta property=\"og:image\" content=\"https:\/\/latribunedufaso.net\/wp-content\/uploads\/2021\/09\/IMG-20210927-WA0002.jpg\" \/>\n\t<meta property=\"og:image:width\" content=\"1080\" \/>\n\t<meta property=\"og:image:height\" content=\"809\" \/>\n\t<meta property=\"og:image:type\" content=\"image\/jpeg\" \/>\n<meta name=\"author\" content=\"Administrateur\" \/>\n<meta name=\"twitter:label1\" content=\"\u00c9crit par\" \/>\n\t<meta name=\"twitter:data1\" content=\"Administrateur\" \/>\n\t<meta name=\"twitter:label2\" content=\"Dur\u00e9e de lecture estim\u00e9e\" \/>\n\t<meta name=\"twitter:data2\" content=\"3 minutes\" \/>\n<script type=\"application\/ld+json\" class=\"yoast-schema-graph\">{\"@context\":\"https:\\\/\\\/schema.org\",\"@graph\":[{\"@type\":\"Article\",\"@id\":\"https:\\\/\\\/www.latribunedufaso.net\\\/?p=4275#article\",\"isPartOf\":{\"@id\":\"https:\\\/\\\/www.latribunedufaso.net\\\/?p=4275\"},\"author\":{\"name\":\"Administrateur\",\"@id\":\"https:\\\/\\\/www.latribunedufaso.net\\\/#\\\/schema\\\/person\\\/a380782d0605bb8aae27c40ea93b35b1\"},\"headline\":\"IIe congr\u00e8s extraordinaire du MPP\u00a0: Pour ressortir \u00ab\u00a0plus d\u00e9termin\u00e9s et unis\u00a0\u00bb\",\"datePublished\":\"2021-09-24T19:34:26+00:00\",\"dateModified\":\"2021-09-27T10:37:50+00:00\",\"mainEntityOfPage\":{\"@id\":\"https:\\\/\\\/www.latribunedufaso.net\\\/?p=4275\"},\"wordCount\":624,\"commentCount\":0,\"publisher\":{\"@id\":\"https:\\\/\\\/www.latribunedufaso.net\\\/#organization\"},\"image\":{\"@id\":\"https:\\\/\\\/www.latribunedufaso.net\\\/?p=4275#primaryimage\"},\"thumbnailUrl\":\"https:\\\/\\\/www.latribunedufaso.net\\\/wp-content\\\/uploads\\\/2021\\\/09\\\/IMG-20210927-WA0002.jpg\",\"articleSection\":[\"A la une\",\"Actualit\u00e9\",\"Soci\u00e9t\u00e9\"],\"inLanguage\":\"fr-FR\",\"potentialAction\":[{\"@type\":\"CommentAction\",\"name\":\"Comment\",\"target\":[\"https:\\\/\\\/www.latribunedufaso.net\\\/?p=4275#respond\"]}]},{\"@type\":\"WebPage\",\"@id\":\"https:\\\/\\\/www.latribunedufaso.net\\\/?p=4275\",\"url\":\"https:\\\/\\\/www.latribunedufaso.net\\\/?p=4275\",\"name\":\"IIe congr\u00e8s extraordinaire du MPP\u00a0: Pour ressortir \u00ab\u00a0plus d\u00e9termin\u00e9s et unis\u00a0\u00bb - La Tribune du Faso\",\"isPartOf\":{\"@id\":\"https:\\\/\\\/www.latribunedufaso.net\\\/#website\"},\"primaryImageOfPage\":{\"@id\":\"https:\\\/\\\/www.latribunedufaso.net\\\/?p=4275#primaryimage\"},\"image\":{\"@id\":\"https:\\\/\\\/www.latribunedufaso.net\\\/?p=4275#primaryimage\"},\"thumbnailUrl\":\"https:\\\/\\\/www.latribunedufaso.net\\\/wp-content\\\/uploads\\\/2021\\\/09\\\/IMG-20210927-WA0002.jpg\",\"datePublished\":\"2021-09-24T19:34:26+00:00\",\"dateModified\":\"2021-09-27T10:37:50+00:00\",\"breadcrumb\":{\"@id\":\"https:\\\/\\\/www.latribunedufaso.net\\\/?p=4275#breadcrumb\"},\"inLanguage\":\"fr-FR\",\"potentialAction\":[{\"@type\":\"ReadAction\",\"target\":[\"https:\\\/\\\/www.latribunedufaso.net\\\/?p=4275\"]}]},{\"@type\":\"ImageObject\",\"inLanguage\":\"fr-FR\",\"@id\":\"https:\\\/\\\/www.latribunedufaso.net\\\/?p=4275#primaryimage\",\"url\":\"https:\\\/\\\/www.latribunedufaso.net\\\/wp-content\\\/uploads\\\/2021\\\/09\\\/IMG-20210927-WA0002.jpg\",\"contentUrl\":\"https:\\\/\\\/www.latribunedufaso.net\\\/wp-content\\\/uploads\\\/2021\\\/09\\\/IMG-20210927-WA0002.jpg\",\"width\":1080,\"height\":809},{\"@type\":\"BreadcrumbList\",\"@id\":\"https:\\\/\\\/www.latribunedufaso.net\\\/?p=4275#breadcrumb\",\"itemListElement\":[{\"@type\":\"ListItem\",\"position\":1,\"name\":\"Accueil\",\"item\":\"https:\\\/\\\/www.latribunedufaso.net\\\/\"},{\"@type\":\"ListItem\",\"position\":2,\"name\":\"IIe congr\u00e8s extraordinaire du MPP\u00a0: Pour ressortir \u00ab\u00a0plus d\u00e9termin\u00e9s et unis\u00a0\u00bb\"}]},{\"@type\":\"WebSite\",\"@id\":\"https:\\\/\\\/www.latribunedufaso.net\\\/#website\",\"url\":\"https:\\\/\\\/www.latribunedufaso.net\\\/\",\"name\":\"La Tribune du Faso\",\"description\":\"L&#039;information du monde rural en un clic\",\"publisher\":{\"@id\":\"https:\\\/\\\/www.latribunedufaso.net\\\/#organization\"},\"potentialAction\":[{\"@type\":\"SearchAction\",\"target\":{\"@type\":\"EntryPoint\",\"urlTemplate\":\"https:\\\/\\\/www.latribunedufaso.net\\\/?s={search_term_string}\"},\"query-input\":{\"@type\":\"PropertyValueSpecification\",\"valueRequired\":true,\"valueName\":\"search_term_string\"}}],\"inLanguage\":\"fr-FR\"},{\"@type\":\"Organization\",\"@id\":\"https:\\\/\\\/www.latribunedufaso.net\\\/#organization\",\"name\":\"La Tribune du Faso\",\"url\":\"https:\\\/\\\/www.latribunedufaso.net\\\/\",\"logo\":{\"@type\":\"ImageObject\",\"inLanguage\":\"fr-FR\",\"@id\":\"https:\\\/\\\/www.latribunedufaso.net\\\/#\\\/schema\\\/logo\\\/image\\\/\",\"url\":\"https:\\\/\\\/www.latribunedufaso.net\\\/wp-content\\\/uploads\\\/2020\\\/08\\\/Logo-Tribune-du-Faso-final-scaled.jpg\",\"contentUrl\":\"https:\\\/\\\/www.latribunedufaso.net\\\/wp-content\\\/uploads\\\/2020\\\/08\\\/Logo-Tribune-du-Faso-final-scaled.jpg\",\"width\":2560,\"height\":1856,\"caption\":\"La Tribune du Faso\"},\"image\":{\"@id\":\"https:\\\/\\\/www.latribunedufaso.net\\\/#\\\/schema\\\/logo\\\/image\\\/\"},\"sameAs\":[\"https:\\\/\\\/www.facebook.com\\\/LatribuneduFaso\\\/\"]},{\"@type\":\"Person\",\"@id\":\"https:\\\/\\\/www.latribunedufaso.net\\\/#\\\/schema\\\/person\\\/a380782d0605bb8aae27c40ea93b35b1\",\"name\":\"Administrateur\",\"image\":{\"@type\":\"ImageObject\",\"inLanguage\":\"fr-FR\",\"@id\":\"https:\\\/\\\/secure.gravatar.com\\\/avatar\\\/e20266f97d741f0e80ba1f60283074a9b3317fd7bfb727e0d95b51dafbf854a1?s=96&d=mm&r=g\",\"url\":\"https:\\\/\\\/secure.gravatar.com\\\/avatar\\\/e20266f97d741f0e80ba1f60283074a9b3317fd7bfb727e0d95b51dafbf854a1?s=96&d=mm&r=g\",\"contentUrl\":\"https:\\\/\\\/secure.gravatar.com\\\/avatar\\\/e20266f97d741f0e80ba1f60283074a9b3317fd7bfb727e0d95b51dafbf854a1?s=96&d=mm&r=g\",\"caption\":\"Administrateur\"},\"url\":\"https:\\\/\\\/www.latribunedufaso.net\\\/?author=2\"}]}<\/script>\n<!-- \/ Yoast SEO plugin. -->","yoast_head_json":{"title":"IIe congr\u00e8s extraordinaire du MPP\u00a0: Pour ressortir \u00ab\u00a0plus d\u00e9termin\u00e9s et unis\u00a0\u00bb - La Tribune du Faso","robots":{"index":"index","follow":"follow","max-snippet":"max-snippet:-1","max-image-preview":"max-image-preview:large","max-video-preview":"max-video-preview:-1"},"canonical":"https:\/\/www.latribunedufaso.net\/?p=4275","og_locale":"fr_FR","og_type":"article","og_title":"IIe congr\u00e8s extraordinaire du MPP\u00a0: Pour ressortir \u00ab\u00a0plus d\u00e9termin\u00e9s et unis\u00a0\u00bb - La Tribune du Faso","og_description":"Simon Compaor\u00e9, pr\u00e9sident du Mouvement du peuple pour le progr\u00e8s (MPP) et pr\u00e9sident du Bureau politique national (BPN), a ouvert ce vendredi 24 septembre 2021, au palais des sports de Ouaga 2000, le 2e congr\u00e8s extraordinaire de son parti.","og_url":"https:\/\/www.latribunedufaso.net\/?p=4275","og_site_name":"La Tribune du Faso","article_publisher":"https:\/\/www.facebook.com\/LatribuneduFaso\/","article_published_time":"2021-09-24T19:34:26+00:00","article_modified_time":"2021-09-27T10:37:50+00:00","og_image":[{"width":1080,"height":809,"url":"https:\/\/latribunedufaso.net\/wp-content\/uploads\/2021\/09\/IMG-20210927-WA0002.jpg","type":"image\/jpeg"}],"author":"Administrateur","twitter_misc":{"\u00c9crit par":"Administrateur","Dur\u00e9e de lecture estim\u00e9e":"3 minutes"},"schema":{"@context":"https:\/\/schema.org","@graph":[{"@type":"Article","@id":"https:\/\/www.latribunedufaso.net\/?p=4275#article","isPartOf":{"@id":"https:\/\/www.latribunedufaso.net\/?p=4275"},"author":{"name":"Administrateur","@id":"https:\/\/www.latribunedufaso.net\/#\/schema\/person\/a380782d0605bb8aae27c40ea93b35b1"},"headline":"IIe congr\u00e8s extraordinaire du MPP\u00a0: Pour ressortir \u00ab\u00a0plus d\u00e9termin\u00e9s et unis\u00a0\u00bb","datePublished":"2021-09-24T19:34:26+00:00","dateModified":"2021-09-27T10:37:50+00:00","mainEntityOfPage":{"@id":"https:\/\/www.latribunedufaso.net\/?p=4275"},"wordCount":624,"commentCount":0,"publisher":{"@id":"https:\/\/www.latribunedufaso.net\/#organization"},"image":{"@id":"https:\/\/www.latribunedufaso.net\/?p=4275#primaryimage"},"thumbnailUrl":"https:\/\/www.latribunedufaso.net\/wp-content\/uploads\/2021\/09\/IMG-20210927-WA0002.jpg","articleSection":["A la une","Actualit\u00e9","Soci\u00e9t\u00e9"],"inLanguage":"fr-FR","potentialAction":[{"@type":"CommentAction","name":"Comment","target":["https:\/\/www.latribunedufaso.net\/?p=4275#respond"]}]},{"@type":"WebPage","@id":"https:\/\/www.latribunedufaso.net\/?p=4275","url":"https:\/\/www.latribunedufaso.net\/?p=4275","name":"IIe congr\u00e8s extraordinaire du MPP\u00a0: Pour ressortir \u00ab\u00a0plus d\u00e9termin\u00e9s et unis\u00a0\u00bb - La Tribune du Faso","isPartOf":{"@id":"https:\/\/www.latribunedufaso.net\/#website"},"primaryImageOfPage":{"@id":"https:\/\/www.latribunedufaso.net\/?p=4275#primaryimage"},"image":{"@id":"https:\/\/www.latribunedufaso.net\/?p=4275#primaryimage"},"thumbnailUrl":"https:\/\/www.latribunedufaso.net\/wp-content\/uploads\/2021\/09\/IMG-20210927-WA0002.jpg","datePublished":"2021-09-24T19:34:26+00:00","dateModified":"2021-09-27T10:37:50+00:00","breadcrumb":{"@id":"https:\/\/www.latribunedufaso.net\/?p=4275#breadcrumb"},"inLanguage":"fr-FR","potentialAction":[{"@type":"ReadAction","target":["https:\/\/www.latribunedufaso.net\/?p=4275"]}]},{"@type":"ImageObject","inLanguage":"fr-FR","@id":"https:\/\/www.latribunedufaso.net\/?p=4275#primaryimage","url":"https:\/\/www.latribunedufaso.net\/wp-content\/uploads\/2021\/09\/IMG-20210927-WA0002.jpg","contentUrl":"https:\/\/www.latribunedufaso.net\/wp-content\/uploads\/2021\/09\/IMG-20210927-WA0002.jpg","width":1080,"height":809},{"@type":"BreadcrumbList","@id":"https:\/\/www.latribunedufaso.net\/?p=4275#breadcrumb","itemListElement":[{"@type":"ListItem","position":1,"name":"Accueil","item":"https:\/\/www.latribunedufaso.net\/"},{"@type":"ListItem","position":2,"name":"IIe congr\u00e8s extraordinaire du MPP\u00a0: Pour ressortir \u00ab\u00a0plus d\u00e9termin\u00e9s et unis\u00a0\u00bb"}]},{"@type":"WebSite","@id":"https:\/\/www.latribunedufaso.net\/#website","url":"https:\/\/www.latribunedufaso.net\/","name":"La Tribune du Faso","description":"L&#039;information du monde rural en un clic","publisher":{"@id":"https:\/\/www.latribunedufaso.net\/#organization"},"potentialAction":[{"@type":"SearchAction","target":{"@type":"EntryPoint","urlTemplate":"https:\/\/www.latribunedufaso.net\/?s={search_term_string}"},"query-input":{"@type":"PropertyValueSpecification","valueRequired":true,"valueName":"search_term_string"}}],"inLanguage":"fr-FR"},{"@type":"Organization","@id":"https:\/\/www.latribunedufaso.net\/#organization","name":"La Tribune du Faso","url":"https:\/\/www.latribunedufaso.net\/","logo":{"@type":"ImageObject","inLanguage":"fr-FR","@id":"https:\/\/www.latribunedufaso.net\/#\/schema\/logo\/image\/","url":"https:\/\/www.latribunedufaso.net\/wp-content\/uploads\/2020\/08\/Logo-Tribune-du-Faso-final-scaled.jpg","contentUrl":"https:\/\/www.latribunedufaso.net\/wp-content\/uploads\/2020\/08\/Logo-Tribune-du-Faso-final-scaled.jpg","width":2560,"height":1856,"caption":"La Tribune du Faso"},"image":{"@id":"https:\/\/www.latribunedufaso.net\/#\/schema\/logo\/image\/"},"sameAs":["https:\/\/www.facebook.com\/LatribuneduFaso\/"]},{"@type":"Person","@id":"https:\/\/www.latribunedufaso.net\/#\/schema\/person\/a380782d0605bb8aae27c40ea93b35b1","name":"Administrateur","image":{"@type":"ImageObject","inLanguage":"fr-FR","@id":"https:\/\/secure.gravatar.com\/avatar\/e20266f97d741f0e80ba1f60283074a9b3317fd7bfb727e0d95b51dafbf854a1?s=96&d=mm&r=g","url":"https:\/\/secure.gravatar.com\/avatar\/e20266f97d741f0e80ba1f60283074a9b3317fd7bfb727e0d95b51dafbf854a1?s=96&d=mm&r=g","contentUrl":"https:\/\/secure.gravatar.com\/avatar\/e20266f97d741f0e80ba1f60283074a9b3317fd7bfb727e0d95b51dafbf854a1?s=96&d=mm&r=g","caption":"Administrateur"},"url":"https:\/\/www.latribunedufaso.net\/?author=2"}]}},"_links":{"self":[{"href":"https:\/\/www.latribunedufaso.net\/index.php?rest_route=\/wp\/v2\/posts\/4275","targetHints":{"allow":["GET"]}}],"collection":[{"href":"https:\/\/www.latribunedufaso.net\/index.php?rest_route=\/wp\/v2\/posts"}],"about":[{"href":"https:\/\/www.latribunedufaso.net\/index.php?rest_route=\/wp\/v2\/types\/post"}],"author":[{"embeddable":true,"href":"https:\/\/www.latribunedufaso.net\/index.php?rest_route=\/wp\/v2\/users\/2"}],"replies":[{"embeddable":true,"href":"https:\/\/www.latribunedufaso.net\/index.php?rest_route=%2Fwp%2Fv2%2Fcomments&post=4275"}],"version-history":[{"count":1,"href":"https:\/\/www.latribunedufaso.net\/index.php?rest_route=\/wp\/v2\/posts\/4275\/revisions"}],"predecessor-version":[{"id":4281,"href":"https:\/\/www.latribunedufaso.net\/index.php?rest_route=\/wp\/v2\/posts\/4275\/revisions\/4281"}],"wp:featuredmedia":[{"embeddable":true,"href":"https:\/\/www.latribunedufaso.net\/index.php?rest_route=\/wp\/v2\/media\/4276"}],"wp:attachment":[{"href":"https:\/\/www.latribunedufaso.net\/index.php?rest_route=%2Fwp%2Fv2%2Fmedia&parent=4275"}],"wp:term":[{"taxonomy":"category","embeddable":true,"href":"https:\/\/www.latribunedufaso.net\/index.php?rest_route=%2Fwp%2Fv2%2Fcategories&post=4275"},{"taxonomy":"post_tag","embeddable":true,"href":"https:\/\/www.latribunedufaso.net\/index.php?rest_route=%2Fwp%2Fv2%2Ftags&post=4275"}],"curies":[{"name":"wp","href":"https:\/\/api.w.org\/{rel}","templated":true}]}}