{"id":4163,"date":"2021-09-16T08:47:41","date_gmt":"2021-09-16T08:47:41","guid":{"rendered":"https:\/\/www.latribunedufaso.net\/?p=4163"},"modified":"2021-09-16T08:47:41","modified_gmt":"2021-09-16T08:47:41","slug":"3e-session-du-fonds-vert-pour-le-climat-la-coordination-des-efforts-nationaux-pour-plus-de-ressources","status":"publish","type":"post","link":"https:\/\/www.latribunedufaso.net\/?p=4163","title":{"rendered":"3e session du fonds vert pour le climat\u00a0: La coordination des efforts nationaux pour plus de ressources"},"content":{"rendered":"<p><strong><span style=\"font-size: 1.0625rem;\">\u00ab Financement du fonds vert pour le climat : quelle synergie d\u2019actions pour une mobilisation plus accrue dans les ressources au profit du Burkina Faso \u00bb. C\u2019est sous ce th\u00e8me que ce tient du mardi 14 au jeudi 16 septembre 2021, la 3e session du dialogue structur\u00e9 national sur le fonds vert pour le climat. Le ministre de l\u2019Environnement, de l\u2019\u00e9conomie verte et du changement climatique, Sim\u00e9on Sawadogo, repr\u00e9sentant le premier ministre Christophe Dabir\u00e9, a alors pr\u00e9sid\u00e9 la c\u00e9r\u00e9monie d\u2019ouverture ce mardi 14 septembre 2021 \u00e0 Ouagadougou.<\/span><\/strong><br \/>\n<!--more--><\/p>\n<p><a href=\"https:\/\/latribunedufaso.net\/wp-content\/uploads\/2021\/09\/IMG-20210915-WA0061.jpg\"><img loading=\"lazy\" decoding=\"async\" class=\"size-medium wp-image-4167 aligncenter\" src=\"https:\/\/latribunedufaso.net\/wp-content\/uploads\/2021\/09\/IMG-20210915-WA0061-300x102.jpg\" alt=\"\" width=\"300\" height=\"102\" srcset=\"https:\/\/www.latribunedufaso.net\/wp-content\/uploads\/2021\/09\/IMG-20210915-WA0061-300x102.jpg 300w, https:\/\/www.latribunedufaso.net\/wp-content\/uploads\/2021\/09\/IMG-20210915-WA0061-768x262.jpg 768w, https:\/\/www.latribunedufaso.net\/wp-content\/uploads\/2021\/09\/IMG-20210915-WA0061.jpg 969w\" sizes=\"auto, (max-width: 300px) 100vw, 300px\" \/><\/a><\/p>\n<p>Le changement climatique est un ph\u00e9nom\u00e8ne qui, depuis des d\u00e9cennies affecte le monde avec de nombreux fl\u00e9aux tels la r\u00e9currence des inondations, la perturbation de l\u2019\u00e9quilibre des \u00e9cosyst\u00e8mes, la raret\u00e9 des ressources, l\u2019augmentation des crises alimentaires, sans oublier le r\u00e9chauffement de la plan\u00e8te. D\u2019apr\u00e8s un rapport r\u00e9cent du groupe d\u2019experts intergouvernemental sur l\u2019\u00e9volution du climat, cette situation risquerait de s\u2019aggraver dans toutes les r\u00e9gions du monde au cours des prochaines d\u00e9cennies.<\/p>\n<p>Au regard de tout cela, de nombreux efforts sont fournis par les diff\u00e9rents pays, notamment le Burkina Faso pour r\u00e9duire les \u00e9missions de gaz \u00e0 effet de serre et renforcer la r\u00e9silience des communaut\u00e9s. <span style=\"font-size: 1.0625rem;\">Durant donc trois jours, le gouvernement burkinab\u00e8, les acteurs du priv\u00e9, ainsi que les partenaires techniques et financiers \u00e9changeront au cours de cette 3e session du cadre de dialogue structur\u00e9 national sur le fonds vert pour le climat, afin de trouver des voies et moyens de financement des diff\u00e9rents projets et programmes sur le climat.<\/span><\/p>\n<p>Pour le ministre de l\u2019environnement, de l\u2019\u00e9conomie verte et du changement climatique, Sim\u00e9on Sawadogo, le fonds vert pour le climat constituerait une opportunit\u00e9 pour le Burkina Faso. D&rsquo;o\u00f9 la n\u00e9cessit\u00e9 d\u2019harmoniser les points de vue des diff\u00e9rents acteurs concern\u00e9s. \u00ab\u00a0En effet, faire face aux changements climatiques requiert des financements \u00e9normes et cela ne saurait \u00eatre possible sans une r\u00e9elle synergie entre les acteurs gouvernementaux, les collectivit\u00e9s territoriales, le secteur priv\u00e9, la soci\u00e9t\u00e9 civile et les partenaires techniques et financiers. Ce cadre de dialogue structur\u00e9 national constitue donc cette plateforme nationale pour renforcer cette synergie d\u2019actions entre les parties prenantes dans la perspective d\u2019une mobilisation plus importante des financements climatiques en g\u00e9n\u00e9ral et du fonds vert pour le climat en particulier \u00bb, a-t-il soutenu au nom du Chef du gouvernement, Christophe Dabir\u00e9.<\/p>\n<p>Et \u00e0 l\u2019autorit\u00e9 nationale d\u00e9sign\u00e9e du fonds vert pour le climat, Issaka Ou\u00e9draogo, d\u2019ajouter que ce cadre de concertation vise \u00e0 discuter des engagements du Burkina Faso en mati\u00e8re de lutte contre les changements climatiques, mais aussi \u00e0 mobiliser des ressources pour le pays afin de r\u00e9ussir sa mission, tout en renfor\u00e7ant le partenariat avec les structures accr\u00e9dit\u00e9es.<\/p>\n<p>Il faut dire que cette 3e session du fonds vert pour le climat se veut \u00eatre une cons\u00e9quence du respect des recommandations fortes issues des deux derni\u00e8res sessions, notamment la coordination des efforts nationaux afin de disponibiliser les ressources sur le fonds vert pour le climat et la r\u00e9duction des cons\u00e9quences n\u00e9fastes du changement climatique. A cet effet le ministre Sim\u00e9on Sawadogo, se dit convaincu, que \u00ab\u00a0le partage des comp\u00e9tences et des le\u00e7ons, permettra d\u2019inverser les tendances de la d\u00e9gradation des ressources naturelles en allant v\u00e9ritablement vers un d\u00e9veloppement socio-\u00e9conomique inclusif, r\u00e9silient et sobre en carbone\u00a0\u00bb.<\/p>\n<p>Pour terminer, il a t\u00e9moign\u00e9 la gratitude du gouvernement aux diff\u00e9rents partenaires, a souhait\u00e9 un plein succ\u00e8s aux \u00e9changes, et rassur\u00e9 que le gouvernement accordera toute l\u2019attention qui sied aux recommandations \u00e0 l\u2019issu de ces travaux.<\/p>\n<p><strong>Aliz\u00e8ta Zour\u00e9 (Stagiaire)<\/strong><br \/>\n<strong>Latribunedufaso.net<\/strong><\/p>\n","protected":false},"excerpt":{"rendered":"<p>\u00ab Financement du fonds vert pour le climat : quelle synergie d\u2019actions pour une mobilisation plus accrue dans les ressources au profit du Burkina Faso \u00bb. C\u2019est sous ce th\u00e8me que ce tient du mardi 14 au jeudi 16 septembre 2021, la 3e session du dialogue structur\u00e9 national sur le fonds vert pour le climat. Le ministre de l\u2019Environnement, de l\u2019\u00e9conomie verte et du changement climatique, Sim\u00e9on Sawadogo, repr\u00e9sentant le premier ministre Christophe Dabir\u00e9, a alors pr\u00e9sid\u00e9 la c\u00e9r\u00e9monie d\u2019ouverture ce mardi 14 septembre 2021 \u00e0 Ouagadougou.<\/p>\n","protected":false},"author":2,"featured_media":4168,"comment_status":"open","ping_status":"open","sticky":false,"template":"","format":"standard","meta":{"footnotes":""},"categories":[13,1,5],"tags":[],"class_list":["post-4163","post","type-post","status-publish","format-standard","has-post-thumbnail","hentry","category-une","category-actu","category-envir"],"yoast_head":"<!-- This site is optimized with the Yoast SEO plugin v27.5 - https:\/\/yoast.com\/product\/yoast-seo-wordpress\/ -->\n<title>3e session du fonds vert pour le climat\u00a0: La coordination des efforts nationaux pour plus de ressources - La Tribune du Faso<\/title>\n<meta name=\"robots\" content=\"index, follow, max-snippet:-1, max-image-preview:large, max-video-preview:-1\" \/>\n<link rel=\"canonical\" href=\"https:\/\/www.latribunedufaso.net\/?p=4163\" \/>\n<meta property=\"og:locale\" content=\"fr_FR\" \/>\n<meta property=\"og:type\" content=\"article\" \/>\n<meta property=\"og:title\" content=\"3e session du fonds vert pour le climat\u00a0: La coordination des efforts nationaux pour plus de ressources - La Tribune du Faso\" \/>\n<meta property=\"og:description\" content=\"\u00ab Financement du fonds vert pour le climat : quelle synergie d\u2019actions pour une mobilisation plus accrue dans les ressources au profit du Burkina Faso \u00bb. C\u2019est sous ce th\u00e8me que ce tient du mardi 14 au jeudi 16 septembre 2021, la 3e session du dialogue structur\u00e9 national sur le fonds vert pour le climat. Le ministre de l\u2019Environnement, de l\u2019\u00e9conomie verte et du changement climatique, Sim\u00e9on Sawadogo, repr\u00e9sentant le premier ministre Christophe Dabir\u00e9, a alors pr\u00e9sid\u00e9 la c\u00e9r\u00e9monie d\u2019ouverture ce mardi 14 septembre 2021 \u00e0 Ouagadougou.\" \/>\n<meta property=\"og:url\" content=\"https:\/\/www.latribunedufaso.net\/?p=4163\" \/>\n<meta property=\"og:site_name\" content=\"La Tribune du Faso\" \/>\n<meta property=\"article:publisher\" content=\"https:\/\/www.facebook.com\/LatribuneduFaso\/\" \/>\n<meta property=\"article:published_time\" content=\"2021-09-16T08:47:41+00:00\" \/>\n<meta property=\"og:image\" content=\"https:\/\/latribunedufaso.net\/wp-content\/uploads\/2021\/09\/IMG-20210915-WA0064.jpg\" \/>\n\t<meta property=\"og:image:width\" content=\"960\" \/>\n\t<meta property=\"og:image:height\" content=\"429\" \/>\n\t<meta property=\"og:image:type\" content=\"image\/jpeg\" \/>\n<meta name=\"author\" content=\"Administrateur\" \/>\n<meta name=\"twitter:label1\" content=\"\u00c9crit par\" \/>\n\t<meta name=\"twitter:data1\" content=\"Administrateur\" \/>\n\t<meta name=\"twitter:label2\" content=\"Dur\u00e9e de lecture estim\u00e9e\" \/>\n\t<meta name=\"twitter:data2\" content=\"3 minutes\" \/>\n<script type=\"application\/ld+json\" class=\"yoast-schema-graph\">{\"@context\":\"https:\\\/\\\/schema.org\",\"@graph\":[{\"@type\":\"Article\",\"@id\":\"https:\\\/\\\/www.latribunedufaso.net\\\/?p=4163#article\",\"isPartOf\":{\"@id\":\"https:\\\/\\\/www.latribunedufaso.net\\\/?p=4163\"},\"author\":{\"name\":\"Administrateur\",\"@id\":\"https:\\\/\\\/www.latribunedufaso.net\\\/#\\\/schema\\\/person\\\/a380782d0605bb8aae27c40ea93b35b1\"},\"headline\":\"3e session du fonds vert pour le climat\u00a0: La coordination des efforts nationaux pour plus de ressources\",\"datePublished\":\"2021-09-16T08:47:41+00:00\",\"mainEntityOfPage\":{\"@id\":\"https:\\\/\\\/www.latribunedufaso.net\\\/?p=4163\"},\"wordCount\":654,\"commentCount\":0,\"publisher\":{\"@id\":\"https:\\\/\\\/www.latribunedufaso.net\\\/#organization\"},\"image\":{\"@id\":\"https:\\\/\\\/www.latribunedufaso.net\\\/?p=4163#primaryimage\"},\"thumbnailUrl\":\"https:\\\/\\\/www.latribunedufaso.net\\\/wp-content\\\/uploads\\\/2021\\\/09\\\/IMG-20210915-WA0064.jpg\",\"articleSection\":[\"A la une\",\"Actualit\u00e9\",\"Environnement\"],\"inLanguage\":\"fr-FR\",\"potentialAction\":[{\"@type\":\"CommentAction\",\"name\":\"Comment\",\"target\":[\"https:\\\/\\\/www.latribunedufaso.net\\\/?p=4163#respond\"]}]},{\"@type\":\"WebPage\",\"@id\":\"https:\\\/\\\/www.latribunedufaso.net\\\/?p=4163\",\"url\":\"https:\\\/\\\/www.latribunedufaso.net\\\/?p=4163\",\"name\":\"3e session du fonds vert pour le climat\u00a0: La coordination des efforts nationaux pour plus de ressources - La Tribune du Faso\",\"isPartOf\":{\"@id\":\"https:\\\/\\\/www.latribunedufaso.net\\\/#website\"},\"primaryImageOfPage\":{\"@id\":\"https:\\\/\\\/www.latribunedufaso.net\\\/?p=4163#primaryimage\"},\"image\":{\"@id\":\"https:\\\/\\\/www.latribunedufaso.net\\\/?p=4163#primaryimage\"},\"thumbnailUrl\":\"https:\\\/\\\/www.latribunedufaso.net\\\/wp-content\\\/uploads\\\/2021\\\/09\\\/IMG-20210915-WA0064.jpg\",\"datePublished\":\"2021-09-16T08:47:41+00:00\",\"breadcrumb\":{\"@id\":\"https:\\\/\\\/www.latribunedufaso.net\\\/?p=4163#breadcrumb\"},\"inLanguage\":\"fr-FR\",\"potentialAction\":[{\"@type\":\"ReadAction\",\"target\":[\"https:\\\/\\\/www.latribunedufaso.net\\\/?p=4163\"]}]},{\"@type\":\"ImageObject\",\"inLanguage\":\"fr-FR\",\"@id\":\"https:\\\/\\\/www.latribunedufaso.net\\\/?p=4163#primaryimage\",\"url\":\"https:\\\/\\\/www.latribunedufaso.net\\\/wp-content\\\/uploads\\\/2021\\\/09\\\/IMG-20210915-WA0064.jpg\",\"contentUrl\":\"https:\\\/\\\/www.latribunedufaso.net\\\/wp-content\\\/uploads\\\/2021\\\/09\\\/IMG-20210915-WA0064.jpg\",\"width\":960,\"height\":429},{\"@type\":\"BreadcrumbList\",\"@id\":\"https:\\\/\\\/www.latribunedufaso.net\\\/?p=4163#breadcrumb\",\"itemListElement\":[{\"@type\":\"ListItem\",\"position\":1,\"name\":\"Accueil\",\"item\":\"https:\\\/\\\/www.latribunedufaso.net\\\/\"},{\"@type\":\"ListItem\",\"position\":2,\"name\":\"3e session du fonds vert pour le climat\u00a0: La coordination des efforts nationaux pour plus de ressources\"}]},{\"@type\":\"WebSite\",\"@id\":\"https:\\\/\\\/www.latribunedufaso.net\\\/#website\",\"url\":\"https:\\\/\\\/www.latribunedufaso.net\\\/\",\"name\":\"La Tribune du Faso\",\"description\":\"L&#039;information du monde rural en un clic\",\"publisher\":{\"@id\":\"https:\\\/\\\/www.latribunedufaso.net\\\/#organization\"},\"potentialAction\":[{\"@type\":\"SearchAction\",\"target\":{\"@type\":\"EntryPoint\",\"urlTemplate\":\"https:\\\/\\\/www.latribunedufaso.net\\\/?s={search_term_string}\"},\"query-input\":{\"@type\":\"PropertyValueSpecification\",\"valueRequired\":true,\"valueName\":\"search_term_string\"}}],\"inLanguage\":\"fr-FR\"},{\"@type\":\"Organization\",\"@id\":\"https:\\\/\\\/www.latribunedufaso.net\\\/#organization\",\"name\":\"La Tribune du Faso\",\"url\":\"https:\\\/\\\/www.latribunedufaso.net\\\/\",\"logo\":{\"@type\":\"ImageObject\",\"inLanguage\":\"fr-FR\",\"@id\":\"https:\\\/\\\/www.latribunedufaso.net\\\/#\\\/schema\\\/logo\\\/image\\\/\",\"url\":\"https:\\\/\\\/www.latribunedufaso.net\\\/wp-content\\\/uploads\\\/2020\\\/08\\\/Logo-Tribune-du-Faso-final-scaled.jpg\",\"contentUrl\":\"https:\\\/\\\/www.latribunedufaso.net\\\/wp-content\\\/uploads\\\/2020\\\/08\\\/Logo-Tribune-du-Faso-final-scaled.jpg\",\"width\":2560,\"height\":1856,\"caption\":\"La Tribune du Faso\"},\"image\":{\"@id\":\"https:\\\/\\\/www.latribunedufaso.net\\\/#\\\/schema\\\/logo\\\/image\\\/\"},\"sameAs\":[\"https:\\\/\\\/www.facebook.com\\\/LatribuneduFaso\\\/\"]},{\"@type\":\"Person\",\"@id\":\"https:\\\/\\\/www.latribunedufaso.net\\\/#\\\/schema\\\/person\\\/a380782d0605bb8aae27c40ea93b35b1\",\"name\":\"Administrateur\",\"image\":{\"@type\":\"ImageObject\",\"inLanguage\":\"fr-FR\",\"@id\":\"https:\\\/\\\/secure.gravatar.com\\\/avatar\\\/e20266f97d741f0e80ba1f60283074a9b3317fd7bfb727e0d95b51dafbf854a1?s=96&d=mm&r=g\",\"url\":\"https:\\\/\\\/secure.gravatar.com\\\/avatar\\\/e20266f97d741f0e80ba1f60283074a9b3317fd7bfb727e0d95b51dafbf854a1?s=96&d=mm&r=g\",\"contentUrl\":\"https:\\\/\\\/secure.gravatar.com\\\/avatar\\\/e20266f97d741f0e80ba1f60283074a9b3317fd7bfb727e0d95b51dafbf854a1?s=96&d=mm&r=g\",\"caption\":\"Administrateur\"},\"url\":\"https:\\\/\\\/www.latribunedufaso.net\\\/?author=2\"}]}<\/script>\n<!-- \/ Yoast SEO plugin. -->","yoast_head_json":{"title":"3e session du fonds vert pour le climat\u00a0: La coordination des efforts nationaux pour plus de ressources - La Tribune du Faso","robots":{"index":"index","follow":"follow","max-snippet":"max-snippet:-1","max-image-preview":"max-image-preview:large","max-video-preview":"max-video-preview:-1"},"canonical":"https:\/\/www.latribunedufaso.net\/?p=4163","og_locale":"fr_FR","og_type":"article","og_title":"3e session du fonds vert pour le climat\u00a0: La coordination des efforts nationaux pour plus de ressources - La Tribune du Faso","og_description":"\u00ab Financement du fonds vert pour le climat : quelle synergie d\u2019actions pour une mobilisation plus accrue dans les ressources au profit du Burkina Faso \u00bb. C\u2019est sous ce th\u00e8me que ce tient du mardi 14 au jeudi 16 septembre 2021, la 3e session du dialogue structur\u00e9 national sur le fonds vert pour le climat. Le ministre de l\u2019Environnement, de l\u2019\u00e9conomie verte et du changement climatique, Sim\u00e9on Sawadogo, repr\u00e9sentant le premier ministre Christophe Dabir\u00e9, a alors pr\u00e9sid\u00e9 la c\u00e9r\u00e9monie d\u2019ouverture ce mardi 14 septembre 2021 \u00e0 Ouagadougou.","og_url":"https:\/\/www.latribunedufaso.net\/?p=4163","og_site_name":"La Tribune du Faso","article_publisher":"https:\/\/www.facebook.com\/LatribuneduFaso\/","article_published_time":"2021-09-16T08:47:41+00:00","og_image":[{"width":960,"height":429,"url":"https:\/\/latribunedufaso.net\/wp-content\/uploads\/2021\/09\/IMG-20210915-WA0064.jpg","type":"image\/jpeg"}],"author":"Administrateur","twitter_misc":{"\u00c9crit par":"Administrateur","Dur\u00e9e de lecture estim\u00e9e":"3 minutes"},"schema":{"@context":"https:\/\/schema.org","@graph":[{"@type":"Article","@id":"https:\/\/www.latribunedufaso.net\/?p=4163#article","isPartOf":{"@id":"https:\/\/www.latribunedufaso.net\/?p=4163"},"author":{"name":"Administrateur","@id":"https:\/\/www.latribunedufaso.net\/#\/schema\/person\/a380782d0605bb8aae27c40ea93b35b1"},"headline":"3e session du fonds vert pour le climat\u00a0: La coordination des efforts nationaux pour plus de ressources","datePublished":"2021-09-16T08:47:41+00:00","mainEntityOfPage":{"@id":"https:\/\/www.latribunedufaso.net\/?p=4163"},"wordCount":654,"commentCount":0,"publisher":{"@id":"https:\/\/www.latribunedufaso.net\/#organization"},"image":{"@id":"https:\/\/www.latribunedufaso.net\/?p=4163#primaryimage"},"thumbnailUrl":"https:\/\/www.latribunedufaso.net\/wp-content\/uploads\/2021\/09\/IMG-20210915-WA0064.jpg","articleSection":["A la une","Actualit\u00e9","Environnement"],"inLanguage":"fr-FR","potentialAction":[{"@type":"CommentAction","name":"Comment","target":["https:\/\/www.latribunedufaso.net\/?p=4163#respond"]}]},{"@type":"WebPage","@id":"https:\/\/www.latribunedufaso.net\/?p=4163","url":"https:\/\/www.latribunedufaso.net\/?p=4163","name":"3e session du fonds vert pour le climat\u00a0: La coordination des efforts nationaux pour plus de ressources - La Tribune du Faso","isPartOf":{"@id":"https:\/\/www.latribunedufaso.net\/#website"},"primaryImageOfPage":{"@id":"https:\/\/www.latribunedufaso.net\/?p=4163#primaryimage"},"image":{"@id":"https:\/\/www.latribunedufaso.net\/?p=4163#primaryimage"},"thumbnailUrl":"https:\/\/www.latribunedufaso.net\/wp-content\/uploads\/2021\/09\/IMG-20210915-WA0064.jpg","datePublished":"2021-09-16T08:47:41+00:00","breadcrumb":{"@id":"https:\/\/www.latribunedufaso.net\/?p=4163#breadcrumb"},"inLanguage":"fr-FR","potentialAction":[{"@type":"ReadAction","target":["https:\/\/www.latribunedufaso.net\/?p=4163"]}]},{"@type":"ImageObject","inLanguage":"fr-FR","@id":"https:\/\/www.latribunedufaso.net\/?p=4163#primaryimage","url":"https:\/\/www.latribunedufaso.net\/wp-content\/uploads\/2021\/09\/IMG-20210915-WA0064.jpg","contentUrl":"https:\/\/www.latribunedufaso.net\/wp-content\/uploads\/2021\/09\/IMG-20210915-WA0064.jpg","width":960,"height":429},{"@type":"BreadcrumbList","@id":"https:\/\/www.latribunedufaso.net\/?p=4163#breadcrumb","itemListElement":[{"@type":"ListItem","position":1,"name":"Accueil","item":"https:\/\/www.latribunedufaso.net\/"},{"@type":"ListItem","position":2,"name":"3e session du fonds vert pour le climat\u00a0: La coordination des efforts nationaux pour plus de ressources"}]},{"@type":"WebSite","@id":"https:\/\/www.latribunedufaso.net\/#website","url":"https:\/\/www.latribunedufaso.net\/","name":"La Tribune du Faso","description":"L&#039;information du monde rural en un clic","publisher":{"@id":"https:\/\/www.latribunedufaso.net\/#organization"},"potentialAction":[{"@type":"SearchAction","target":{"@type":"EntryPoint","urlTemplate":"https:\/\/www.latribunedufaso.net\/?s={search_term_string}"},"query-input":{"@type":"PropertyValueSpecification","valueRequired":true,"valueName":"search_term_string"}}],"inLanguage":"fr-FR"},{"@type":"Organization","@id":"https:\/\/www.latribunedufaso.net\/#organization","name":"La Tribune du Faso","url":"https:\/\/www.latribunedufaso.net\/","logo":{"@type":"ImageObject","inLanguage":"fr-FR","@id":"https:\/\/www.latribunedufaso.net\/#\/schema\/logo\/image\/","url":"https:\/\/www.latribunedufaso.net\/wp-content\/uploads\/2020\/08\/Logo-Tribune-du-Faso-final-scaled.jpg","contentUrl":"https:\/\/www.latribunedufaso.net\/wp-content\/uploads\/2020\/08\/Logo-Tribune-du-Faso-final-scaled.jpg","width":2560,"height":1856,"caption":"La Tribune du Faso"},"image":{"@id":"https:\/\/www.latribunedufaso.net\/#\/schema\/logo\/image\/"},"sameAs":["https:\/\/www.facebook.com\/LatribuneduFaso\/"]},{"@type":"Person","@id":"https:\/\/www.latribunedufaso.net\/#\/schema\/person\/a380782d0605bb8aae27c40ea93b35b1","name":"Administrateur","image":{"@type":"ImageObject","inLanguage":"fr-FR","@id":"https:\/\/secure.gravatar.com\/avatar\/e20266f97d741f0e80ba1f60283074a9b3317fd7bfb727e0d95b51dafbf854a1?s=96&d=mm&r=g","url":"https:\/\/secure.gravatar.com\/avatar\/e20266f97d741f0e80ba1f60283074a9b3317fd7bfb727e0d95b51dafbf854a1?s=96&d=mm&r=g","contentUrl":"https:\/\/secure.gravatar.com\/avatar\/e20266f97d741f0e80ba1f60283074a9b3317fd7bfb727e0d95b51dafbf854a1?s=96&d=mm&r=g","caption":"Administrateur"},"url":"https:\/\/www.latribunedufaso.net\/?author=2"}]}},"_links":{"self":[{"href":"https:\/\/www.latribunedufaso.net\/index.php?rest_route=\/wp\/v2\/posts\/4163","targetHints":{"allow":["GET"]}}],"collection":[{"href":"https:\/\/www.latribunedufaso.net\/index.php?rest_route=\/wp\/v2\/posts"}],"about":[{"href":"https:\/\/www.latribunedufaso.net\/index.php?rest_route=\/wp\/v2\/types\/post"}],"author":[{"embeddable":true,"href":"https:\/\/www.latribunedufaso.net\/index.php?rest_route=\/wp\/v2\/users\/2"}],"replies":[{"embeddable":true,"href":"https:\/\/www.latribunedufaso.net\/index.php?rest_route=%2Fwp%2Fv2%2Fcomments&post=4163"}],"version-history":[{"count":1,"href":"https:\/\/www.latribunedufaso.net\/index.php?rest_route=\/wp\/v2\/posts\/4163\/revisions"}],"predecessor-version":[{"id":4169,"href":"https:\/\/www.latribunedufaso.net\/index.php?rest_route=\/wp\/v2\/posts\/4163\/revisions\/4169"}],"wp:featuredmedia":[{"embeddable":true,"href":"https:\/\/www.latribunedufaso.net\/index.php?rest_route=\/wp\/v2\/media\/4168"}],"wp:attachment":[{"href":"https:\/\/www.latribunedufaso.net\/index.php?rest_route=%2Fwp%2Fv2%2Fmedia&parent=4163"}],"wp:term":[{"taxonomy":"category","embeddable":true,"href":"https:\/\/www.latribunedufaso.net\/index.php?rest_route=%2Fwp%2Fv2%2Fcategories&post=4163"},{"taxonomy":"post_tag","embeddable":true,"href":"https:\/\/www.latribunedufaso.net\/index.php?rest_route=%2Fwp%2Fv2%2Ftags&post=4163"}],"curies":[{"name":"wp","href":"https:\/\/api.w.org\/{rel}","templated":true}]}}