{"id":415,"date":"2019-10-17T12:32:44","date_gmt":"2019-10-17T12:32:44","guid":{"rendered":"http:\/\/latribunedufaso.net\/?p=415"},"modified":"2019-10-28T11:46:53","modified_gmt":"2019-10-28T11:46:53","slug":"reformes-dans-luemoa-le-burkina-a-un-taux-global-de-mise-en-oeuvre-de-84-en-2018","status":"publish","type":"post","link":"https:\/\/www.latribunedufaso.net\/?p=415","title":{"rendered":"Reformes dans l\u2019UEMOA\u00a0: Un taux global de mise en \u0153uvre de 84%  pour le Burkina en 2018"},"content":{"rendered":"<p><strong>Du 16 au 18 octobre 2019, l\u2019Union \u00e9conomique et mon\u00e9taire ouest africain (UEMOA) tient \u00e0 Ouagadougou la phase technique de la revue annuelle \u00e9dition 2019, des r\u00e9formes, politiques, programmes et projets communautaires. La c\u00e9r\u00e9monie d\u2019ouverture est intervenue le mercredi 16 octobre 2019. \u00a0<\/strong><!--more--><\/p>\n<p><a href=\"http:\/\/latribunedufaso.net\/wp-content\/uploads\/2019\/10\/IMG-20191016-WA0002.jpg\"><img loading=\"lazy\" decoding=\"async\" class=\"size-medium wp-image-416 alignleft\" src=\"http:\/\/latribunedufaso.net\/wp-content\/uploads\/2019\/10\/IMG-20191016-WA0002-300x225.jpg\" alt=\"\" width=\"300\" height=\"225\" srcset=\"https:\/\/www.latribunedufaso.net\/wp-content\/uploads\/2019\/10\/IMG-20191016-WA0002-300x225.jpg 300w, https:\/\/www.latribunedufaso.net\/wp-content\/uploads\/2019\/10\/IMG-20191016-WA0002-768x576.jpg 768w, https:\/\/www.latribunedufaso.net\/wp-content\/uploads\/2019\/10\/IMG-20191016-WA0002-1024x768.jpg 1024w, https:\/\/www.latribunedufaso.net\/wp-content\/uploads\/2019\/10\/IMG-20191016-WA0002.jpg 1040w\" sizes=\"auto, (max-width: 300px) 100vw, 300px\" \/><\/a>Moment d\u00e9terminant pour les huit pays de l\u2019UEMOA (Union \u00e9conomique et mon\u00e9taire ouest africain) dont le pays des Hommes int\u00e8gres, la revue annuelle \u00e9value les pays membres sur leur capacit\u00e9 de prise en compte des reformes, des politiques, des programmes et des projets de l\u2019Union. Ainsi que sur la c\u00e9l\u00e9rit\u00e9 de leur mise en \u0153uvre. Durant 72 heures, l\u2019\u00e9quipe technique de la commission de l\u2019UEMOA et les experts et points focaux des diff\u00e9rents minist\u00e8res du Burkina Faso, vont se pencher sur plusieurs points. Il s\u2019agit principalement de faire l\u2019\u00e9tat d\u2019ex\u00e9cution des recommandations et engagements pris lors de la revue 2018\u00a0; \u00e9valuer la mise en \u0153uvre des reformes communautaires en 2019\u00a0; \u00e9valuer la mise en \u0153uvre des programmes et projets communautaires en 2019\u00a0; adopter le m\u00e9morandum de la revue.<\/p>\n<p>Pour la Directrice g\u00e9n\u00e9rale adjointe du Tr\u00e9sor et de la comptabilit\u00e9 publique, Aminata Semd\u00e9, repr\u00e9sentant le ministre de l\u2019Economie des finances et du d\u00e9veloppement, la revue r\u00e9alis\u00e9e en 2018 au Burkina Faso, a permis d\u2019enregistrer des avanc\u00e9es significatives en mati\u00e8re de transposition et d\u2019application des reformes communautaires. Le taux moyen global de mise en \u0153uvre des reformes du pays des Hommes int\u00e8gres est pass\u00e9 de 78% en 2017 \u00e0 84% en 2018, soit un accroissement de 6 points de pourcentage. Pour la revue de cette ann\u00e9e, les crit\u00e8res de convergence d\u00e9finis dans le Pacte de convergence, de stabilit\u00e9, de croissance et de solidarit\u00e9, seront pris en compte dans le calcul de la note globale des Etats. \u00ab\u00a0Cette situation permettra d\u2019accroitre l\u2019impulsion du suivi du processus de convergence dans la perspective de l\u2019horizon de convergence d\u00e9fini en fin 2019 et de la cr\u00e9ation de la monnaie unique de la CEDEAO (Communaut\u00e9 \u00e9conomique des Etats de l\u2019Afrique de l\u2019ouest)\u00a0\u00bb, a indiqu\u00e9 Aminata Semd\u00e9.<\/p>\n<p><a href=\"http:\/\/latribunedufaso.net\/wp-content\/uploads\/2019\/10\/IMG-20191016-WA0007.jpg\"><img loading=\"lazy\" decoding=\"async\" class=\"alignleft wp-image-417 size-medium\" src=\"http:\/\/latribunedufaso.net\/wp-content\/uploads\/2019\/10\/IMG-20191016-WA0007-e1571315409881-300x155.jpg\" alt=\"\" width=\"300\" height=\"155\" srcset=\"https:\/\/www.latribunedufaso.net\/wp-content\/uploads\/2019\/10\/IMG-20191016-WA0007-e1571315409881-300x155.jpg 300w, https:\/\/www.latribunedufaso.net\/wp-content\/uploads\/2019\/10\/IMG-20191016-WA0007-e1571315409881-768x397.jpg 768w, https:\/\/www.latribunedufaso.net\/wp-content\/uploads\/2019\/10\/IMG-20191016-WA0007-e1571315409881.jpg 909w\" sizes=\"auto, (max-width: 300px) 100vw, 300px\" \/><\/a>\u00ab\u00a0Nous avons des enjeux qui nous attendent en 2020. D\u00e9j\u00e0, la commission de l\u2019UEMOA avait adopt\u00e9 un pacte de convergence qui devait permettre aux pays de rassembler certains crit\u00e8res pour aller vers la convergence \u00e9conomique r\u00e9gionale\u00a0\u00bb, a laiss\u00e9 entendre le Charg\u00e9 de mission \u00e0 la pr\u00e9sidence de la commission de l\u2019UEMOA, Ayih Atayi Agbobly. Il est revenu sur le fait que les pays de l\u2019Union, pour soutenir la cr\u00e9ation de la monnaie unique de la CEDEAO doivent remplir un certain nombre de crit\u00e8res. Et ce sont ces crit\u00e8res qui sont \u00e9dict\u00e9s par le Pacte de convergence de l\u2019UEMOA.<\/p>\n<p>Cette rencontre a \u00e9t\u00e9 pr\u00e9c\u00e9d\u00e9e par un atelier r\u00e9gional les 6 et 7 septembre 2019 \u00e0 Ouagadougou. Plusieurs engagements avait \u00e9t\u00e9 pris lors de cet atelier r\u00e9gional, \u00e0 savoir l\u2019adoption d\u2019une p\u00e9riode unique et consensuelle de la tenue de la phase technique de la revue annuelle qui est d\u00e9sormais du 15 au 31 octobre de chaque ann\u00e9e dans tous les Etats membres\u00a0; la validation du calendrier des phases techniques et politique de la revue annuelle, \u00e9dition 2019 qui est du 16 au 23 octobre 2019. Aussi, l\u2019\u00e9valuation du pacte de convergence sera d\u00e9sormais prise en compte dans le calcul de performance des Etats membres. L\u2019objectif \u00e9tant d\u2019accroitre l\u2019engagement politique de ces Etats dans le processus de convergence dans la perspective de la cr\u00e9ation de la monnaie unique de la CEDEAO.<\/p>\n<p>Marcus Kouaman<\/p>\n<p><a href=\"mailto:marcus@latribunedufaso.net\">marcus@latribunedufaso.net<\/a><\/p>\n<p>La Tribune du Faso<\/p>\n<p><a href=\"http:\/\/latribunedufaso.net\/wp-content\/uploads\/2019\/10\/IMG-20191016-WA0006.jpg\"><img loading=\"lazy\" decoding=\"async\" class=\"alignnone wp-image-421\" src=\"http:\/\/latribunedufaso.net\/wp-content\/uploads\/2019\/10\/IMG-20191016-WA0006-300x225.jpg\" alt=\"\" width=\"168\" height=\"126\" srcset=\"https:\/\/www.latribunedufaso.net\/wp-content\/uploads\/2019\/10\/IMG-20191016-WA0006-300x225.jpg 300w, https:\/\/www.latribunedufaso.net\/wp-content\/uploads\/2019\/10\/IMG-20191016-WA0006-768x576.jpg 768w, https:\/\/www.latribunedufaso.net\/wp-content\/uploads\/2019\/10\/IMG-20191016-WA0006-1024x768.jpg 1024w, https:\/\/www.latribunedufaso.net\/wp-content\/uploads\/2019\/10\/IMG-20191016-WA0006.jpg 1040w\" sizes=\"auto, (max-width: 168px) 100vw, 168px\" \/><\/a><a href=\"http:\/\/latribunedufaso.net\/wp-content\/uploads\/2019\/10\/IMG-20191016-WA0001.jpg\"><img loading=\"lazy\" decoding=\"async\" class=\"alignnone wp-image-418\" src=\"http:\/\/latribunedufaso.net\/wp-content\/uploads\/2019\/10\/IMG-20191016-WA0001-300x225.jpg\" alt=\"\" width=\"171\" height=\"128\" srcset=\"https:\/\/www.latribunedufaso.net\/wp-content\/uploads\/2019\/10\/IMG-20191016-WA0001-300x225.jpg 300w, https:\/\/www.latribunedufaso.net\/wp-content\/uploads\/2019\/10\/IMG-20191016-WA0001-768x576.jpg 768w, https:\/\/www.latribunedufaso.net\/wp-content\/uploads\/2019\/10\/IMG-20191016-WA0001-1024x768.jpg 1024w, https:\/\/www.latribunedufaso.net\/wp-content\/uploads\/2019\/10\/IMG-20191016-WA0001.jpg 1040w\" sizes=\"auto, (max-width: 171px) 100vw, 171px\" \/><\/a> <a href=\"http:\/\/latribunedufaso.net\/wp-content\/uploads\/2019\/10\/IMG-20191016-WA0003.jpg\"><img loading=\"lazy\" decoding=\"async\" class=\"alignnone wp-image-419\" src=\"http:\/\/latribunedufaso.net\/wp-content\/uploads\/2019\/10\/IMG-20191016-WA0003-300x225.jpg\" alt=\"\" width=\"171\" height=\"128\" srcset=\"https:\/\/www.latribunedufaso.net\/wp-content\/uploads\/2019\/10\/IMG-20191016-WA0003-300x225.jpg 300w, https:\/\/www.latribunedufaso.net\/wp-content\/uploads\/2019\/10\/IMG-20191016-WA0003-768x576.jpg 768w, https:\/\/www.latribunedufaso.net\/wp-content\/uploads\/2019\/10\/IMG-20191016-WA0003-1024x768.jpg 1024w, https:\/\/www.latribunedufaso.net\/wp-content\/uploads\/2019\/10\/IMG-20191016-WA0003.jpg 1040w\" sizes=\"auto, (max-width: 171px) 100vw, 171px\" \/><\/a> <a href=\"http:\/\/latribunedufaso.net\/wp-content\/uploads\/2019\/10\/IMG-20191016-WA0004.jpg\"><img loading=\"lazy\" decoding=\"async\" class=\"alignnone wp-image-420\" src=\"http:\/\/latribunedufaso.net\/wp-content\/uploads\/2019\/10\/IMG-20191016-WA0004-300x225.jpg\" alt=\"\" width=\"168\" height=\"126\" srcset=\"https:\/\/www.latribunedufaso.net\/wp-content\/uploads\/2019\/10\/IMG-20191016-WA0004-300x225.jpg 300w, https:\/\/www.latribunedufaso.net\/wp-content\/uploads\/2019\/10\/IMG-20191016-WA0004-768x576.jpg 768w, https:\/\/www.latribunedufaso.net\/wp-content\/uploads\/2019\/10\/IMG-20191016-WA0004-1024x768.jpg 1024w, https:\/\/www.latribunedufaso.net\/wp-content\/uploads\/2019\/10\/IMG-20191016-WA0004.jpg 1040w\" sizes=\"auto, (max-width: 168px) 100vw, 168px\" \/><\/a><\/p>\n","protected":false},"excerpt":{"rendered":"<p>Du 16 au 18 octobre 2019, l\u2019Union \u00e9conomique et mon\u00e9taire ouest africain (UEMOA) tient \u00e0 Ouagadougou la phase technique de la revue annuelle \u00e9dition 2019, des r\u00e9formes, politiques, programmes et projets communautaires. La c\u00e9r\u00e9monie d\u2019ouverture est intervenue le mercredi 16 octobre 2019. \u00a0<\/p>\n","protected":false},"author":2,"featured_media":416,"comment_status":"open","ping_status":"open","sticky":false,"template":"","format":"standard","meta":{"footnotes":""},"categories":[1,10],"tags":[],"class_list":["post-415","post","type-post","status-publish","format-standard","has-post-thumbnail","hentry","category-actu","category-eco"],"yoast_head":"<!-- This site is optimized with the Yoast SEO plugin v27.4 - https:\/\/yoast.com\/product\/yoast-seo-wordpress\/ -->\n<title>Reformes dans l\u2019UEMOA\u00a0: Un taux global de mise en \u0153uvre de 84% pour le Burkina en 2018 - La Tribune du Faso<\/title>\n<meta name=\"robots\" content=\"index, follow, max-snippet:-1, max-image-preview:large, max-video-preview:-1\" \/>\n<link rel=\"canonical\" href=\"https:\/\/www.latribunedufaso.net\/?p=415\" \/>\n<meta property=\"og:locale\" content=\"fr_FR\" \/>\n<meta property=\"og:type\" content=\"article\" \/>\n<meta property=\"og:title\" content=\"Reformes dans l\u2019UEMOA\u00a0: Un taux global de mise en \u0153uvre de 84% pour le Burkina en 2018 - La Tribune du Faso\" \/>\n<meta property=\"og:description\" content=\"Du 16 au 18 octobre 2019, l\u2019Union \u00e9conomique et mon\u00e9taire ouest africain (UEMOA) tient \u00e0 Ouagadougou la phase technique de la revue annuelle \u00e9dition 2019, des r\u00e9formes, politiques, programmes et projets communautaires. La c\u00e9r\u00e9monie d\u2019ouverture est intervenue le mercredi 16 octobre 2019. \u00a0\" \/>\n<meta property=\"og:url\" content=\"https:\/\/www.latribunedufaso.net\/?p=415\" \/>\n<meta property=\"og:site_name\" content=\"La Tribune du Faso\" \/>\n<meta property=\"article:publisher\" content=\"https:\/\/www.facebook.com\/LatribuneduFaso\/\" \/>\n<meta property=\"article:published_time\" content=\"2019-10-17T12:32:44+00:00\" \/>\n<meta property=\"article:modified_time\" content=\"2019-10-28T11:46:53+00:00\" \/>\n<meta property=\"og:image\" content=\"https:\/\/latribunedufaso.net\/wp-content\/uploads\/2019\/10\/IMG-20191016-WA0002.jpg\" \/>\n\t<meta property=\"og:image:width\" content=\"1040\" \/>\n\t<meta property=\"og:image:height\" content=\"780\" \/>\n\t<meta property=\"og:image:type\" content=\"image\/jpeg\" \/>\n<meta name=\"author\" content=\"Administrateur\" \/>\n<meta name=\"twitter:label1\" content=\"\u00c9crit par\" \/>\n\t<meta name=\"twitter:data1\" content=\"Administrateur\" \/>\n\t<meta name=\"twitter:label2\" content=\"Dur\u00e9e de lecture estim\u00e9e\" \/>\n\t<meta name=\"twitter:data2\" content=\"3 minutes\" \/>\n<script type=\"application\/ld+json\" class=\"yoast-schema-graph\">{\"@context\":\"https:\\\/\\\/schema.org\",\"@graph\":[{\"@type\":\"Article\",\"@id\":\"https:\\\/\\\/www.latribunedufaso.net\\\/?p=415#article\",\"isPartOf\":{\"@id\":\"https:\\\/\\\/www.latribunedufaso.net\\\/?p=415\"},\"author\":{\"name\":\"Administrateur\",\"@id\":\"https:\\\/\\\/www.latribunedufaso.net\\\/#\\\/schema\\\/person\\\/a380782d0605bb8aae27c40ea93b35b1\"},\"headline\":\"Reformes dans l\u2019UEMOA\u00a0: Un taux global de mise en \u0153uvre de 84% pour le Burkina en 2018\",\"datePublished\":\"2019-10-17T12:32:44+00:00\",\"dateModified\":\"2019-10-28T11:46:53+00:00\",\"mainEntityOfPage\":{\"@id\":\"https:\\\/\\\/www.latribunedufaso.net\\\/?p=415\"},\"wordCount\":625,\"commentCount\":0,\"publisher\":{\"@id\":\"https:\\\/\\\/www.latribunedufaso.net\\\/#organization\"},\"image\":{\"@id\":\"https:\\\/\\\/www.latribunedufaso.net\\\/?p=415#primaryimage\"},\"thumbnailUrl\":\"https:\\\/\\\/www.latribunedufaso.net\\\/wp-content\\\/uploads\\\/2019\\\/10\\\/IMG-20191016-WA0002.jpg\",\"articleSection\":[\"Actualit\u00e9\",\"Economie\"],\"inLanguage\":\"fr-FR\",\"potentialAction\":[{\"@type\":\"CommentAction\",\"name\":\"Comment\",\"target\":[\"https:\\\/\\\/www.latribunedufaso.net\\\/?p=415#respond\"]}]},{\"@type\":\"WebPage\",\"@id\":\"https:\\\/\\\/www.latribunedufaso.net\\\/?p=415\",\"url\":\"https:\\\/\\\/www.latribunedufaso.net\\\/?p=415\",\"name\":\"Reformes dans l\u2019UEMOA\u00a0: Un taux global de mise en \u0153uvre de 84% pour le Burkina en 2018 - La Tribune du Faso\",\"isPartOf\":{\"@id\":\"https:\\\/\\\/www.latribunedufaso.net\\\/#website\"},\"primaryImageOfPage\":{\"@id\":\"https:\\\/\\\/www.latribunedufaso.net\\\/?p=415#primaryimage\"},\"image\":{\"@id\":\"https:\\\/\\\/www.latribunedufaso.net\\\/?p=415#primaryimage\"},\"thumbnailUrl\":\"https:\\\/\\\/www.latribunedufaso.net\\\/wp-content\\\/uploads\\\/2019\\\/10\\\/IMG-20191016-WA0002.jpg\",\"datePublished\":\"2019-10-17T12:32:44+00:00\",\"dateModified\":\"2019-10-28T11:46:53+00:00\",\"breadcrumb\":{\"@id\":\"https:\\\/\\\/www.latribunedufaso.net\\\/?p=415#breadcrumb\"},\"inLanguage\":\"fr-FR\",\"potentialAction\":[{\"@type\":\"ReadAction\",\"target\":[\"https:\\\/\\\/www.latribunedufaso.net\\\/?p=415\"]}]},{\"@type\":\"ImageObject\",\"inLanguage\":\"fr-FR\",\"@id\":\"https:\\\/\\\/www.latribunedufaso.net\\\/?p=415#primaryimage\",\"url\":\"https:\\\/\\\/www.latribunedufaso.net\\\/wp-content\\\/uploads\\\/2019\\\/10\\\/IMG-20191016-WA0002.jpg\",\"contentUrl\":\"https:\\\/\\\/www.latribunedufaso.net\\\/wp-content\\\/uploads\\\/2019\\\/10\\\/IMG-20191016-WA0002.jpg\",\"width\":1040,\"height\":780},{\"@type\":\"BreadcrumbList\",\"@id\":\"https:\\\/\\\/www.latribunedufaso.net\\\/?p=415#breadcrumb\",\"itemListElement\":[{\"@type\":\"ListItem\",\"position\":1,\"name\":\"Accueil\",\"item\":\"https:\\\/\\\/www.latribunedufaso.net\\\/\"},{\"@type\":\"ListItem\",\"position\":2,\"name\":\"Reformes dans l\u2019UEMOA\u00a0: Un taux global de mise en \u0153uvre de 84% pour le Burkina en 2018\"}]},{\"@type\":\"WebSite\",\"@id\":\"https:\\\/\\\/www.latribunedufaso.net\\\/#website\",\"url\":\"https:\\\/\\\/www.latribunedufaso.net\\\/\",\"name\":\"La Tribune du Faso\",\"description\":\"L&#039;information du monde rural en un clic\",\"publisher\":{\"@id\":\"https:\\\/\\\/www.latribunedufaso.net\\\/#organization\"},\"potentialAction\":[{\"@type\":\"SearchAction\",\"target\":{\"@type\":\"EntryPoint\",\"urlTemplate\":\"https:\\\/\\\/www.latribunedufaso.net\\\/?s={search_term_string}\"},\"query-input\":{\"@type\":\"PropertyValueSpecification\",\"valueRequired\":true,\"valueName\":\"search_term_string\"}}],\"inLanguage\":\"fr-FR\"},{\"@type\":\"Organization\",\"@id\":\"https:\\\/\\\/www.latribunedufaso.net\\\/#organization\",\"name\":\"La Tribune du Faso\",\"url\":\"https:\\\/\\\/www.latribunedufaso.net\\\/\",\"logo\":{\"@type\":\"ImageObject\",\"inLanguage\":\"fr-FR\",\"@id\":\"https:\\\/\\\/www.latribunedufaso.net\\\/#\\\/schema\\\/logo\\\/image\\\/\",\"url\":\"https:\\\/\\\/www.latribunedufaso.net\\\/wp-content\\\/uploads\\\/2020\\\/08\\\/Logo-Tribune-du-Faso-final-scaled.jpg\",\"contentUrl\":\"https:\\\/\\\/www.latribunedufaso.net\\\/wp-content\\\/uploads\\\/2020\\\/08\\\/Logo-Tribune-du-Faso-final-scaled.jpg\",\"width\":2560,\"height\":1856,\"caption\":\"La Tribune du Faso\"},\"image\":{\"@id\":\"https:\\\/\\\/www.latribunedufaso.net\\\/#\\\/schema\\\/logo\\\/image\\\/\"},\"sameAs\":[\"https:\\\/\\\/www.facebook.com\\\/LatribuneduFaso\\\/\"]},{\"@type\":\"Person\",\"@id\":\"https:\\\/\\\/www.latribunedufaso.net\\\/#\\\/schema\\\/person\\\/a380782d0605bb8aae27c40ea93b35b1\",\"name\":\"Administrateur\",\"image\":{\"@type\":\"ImageObject\",\"inLanguage\":\"fr-FR\",\"@id\":\"https:\\\/\\\/secure.gravatar.com\\\/avatar\\\/e20266f97d741f0e80ba1f60283074a9b3317fd7bfb727e0d95b51dafbf854a1?s=96&d=mm&r=g\",\"url\":\"https:\\\/\\\/secure.gravatar.com\\\/avatar\\\/e20266f97d741f0e80ba1f60283074a9b3317fd7bfb727e0d95b51dafbf854a1?s=96&d=mm&r=g\",\"contentUrl\":\"https:\\\/\\\/secure.gravatar.com\\\/avatar\\\/e20266f97d741f0e80ba1f60283074a9b3317fd7bfb727e0d95b51dafbf854a1?s=96&d=mm&r=g\",\"caption\":\"Administrateur\"},\"url\":\"https:\\\/\\\/www.latribunedufaso.net\\\/?author=2\"}]}<\/script>\n<!-- \/ Yoast SEO plugin. -->","yoast_head_json":{"title":"Reformes dans l\u2019UEMOA\u00a0: Un taux global de mise en \u0153uvre de 84% pour le Burkina en 2018 - La Tribune du Faso","robots":{"index":"index","follow":"follow","max-snippet":"max-snippet:-1","max-image-preview":"max-image-preview:large","max-video-preview":"max-video-preview:-1"},"canonical":"https:\/\/www.latribunedufaso.net\/?p=415","og_locale":"fr_FR","og_type":"article","og_title":"Reformes dans l\u2019UEMOA\u00a0: Un taux global de mise en \u0153uvre de 84% pour le Burkina en 2018 - La Tribune du Faso","og_description":"Du 16 au 18 octobre 2019, l\u2019Union \u00e9conomique et mon\u00e9taire ouest africain (UEMOA) tient \u00e0 Ouagadougou la phase technique de la revue annuelle \u00e9dition 2019, des r\u00e9formes, politiques, programmes et projets communautaires. La c\u00e9r\u00e9monie d\u2019ouverture est intervenue le mercredi 16 octobre 2019. \u00a0","og_url":"https:\/\/www.latribunedufaso.net\/?p=415","og_site_name":"La Tribune du Faso","article_publisher":"https:\/\/www.facebook.com\/LatribuneduFaso\/","article_published_time":"2019-10-17T12:32:44+00:00","article_modified_time":"2019-10-28T11:46:53+00:00","og_image":[{"width":1040,"height":780,"url":"https:\/\/latribunedufaso.net\/wp-content\/uploads\/2019\/10\/IMG-20191016-WA0002.jpg","type":"image\/jpeg"}],"author":"Administrateur","twitter_misc":{"\u00c9crit par":"Administrateur","Dur\u00e9e de lecture estim\u00e9e":"3 minutes"},"schema":{"@context":"https:\/\/schema.org","@graph":[{"@type":"Article","@id":"https:\/\/www.latribunedufaso.net\/?p=415#article","isPartOf":{"@id":"https:\/\/www.latribunedufaso.net\/?p=415"},"author":{"name":"Administrateur","@id":"https:\/\/www.latribunedufaso.net\/#\/schema\/person\/a380782d0605bb8aae27c40ea93b35b1"},"headline":"Reformes dans l\u2019UEMOA\u00a0: Un taux global de mise en \u0153uvre de 84% pour le Burkina en 2018","datePublished":"2019-10-17T12:32:44+00:00","dateModified":"2019-10-28T11:46:53+00:00","mainEntityOfPage":{"@id":"https:\/\/www.latribunedufaso.net\/?p=415"},"wordCount":625,"commentCount":0,"publisher":{"@id":"https:\/\/www.latribunedufaso.net\/#organization"},"image":{"@id":"https:\/\/www.latribunedufaso.net\/?p=415#primaryimage"},"thumbnailUrl":"https:\/\/www.latribunedufaso.net\/wp-content\/uploads\/2019\/10\/IMG-20191016-WA0002.jpg","articleSection":["Actualit\u00e9","Economie"],"inLanguage":"fr-FR","potentialAction":[{"@type":"CommentAction","name":"Comment","target":["https:\/\/www.latribunedufaso.net\/?p=415#respond"]}]},{"@type":"WebPage","@id":"https:\/\/www.latribunedufaso.net\/?p=415","url":"https:\/\/www.latribunedufaso.net\/?p=415","name":"Reformes dans l\u2019UEMOA\u00a0: Un taux global de mise en \u0153uvre de 84% pour le Burkina en 2018 - La Tribune du Faso","isPartOf":{"@id":"https:\/\/www.latribunedufaso.net\/#website"},"primaryImageOfPage":{"@id":"https:\/\/www.latribunedufaso.net\/?p=415#primaryimage"},"image":{"@id":"https:\/\/www.latribunedufaso.net\/?p=415#primaryimage"},"thumbnailUrl":"https:\/\/www.latribunedufaso.net\/wp-content\/uploads\/2019\/10\/IMG-20191016-WA0002.jpg","datePublished":"2019-10-17T12:32:44+00:00","dateModified":"2019-10-28T11:46:53+00:00","breadcrumb":{"@id":"https:\/\/www.latribunedufaso.net\/?p=415#breadcrumb"},"inLanguage":"fr-FR","potentialAction":[{"@type":"ReadAction","target":["https:\/\/www.latribunedufaso.net\/?p=415"]}]},{"@type":"ImageObject","inLanguage":"fr-FR","@id":"https:\/\/www.latribunedufaso.net\/?p=415#primaryimage","url":"https:\/\/www.latribunedufaso.net\/wp-content\/uploads\/2019\/10\/IMG-20191016-WA0002.jpg","contentUrl":"https:\/\/www.latribunedufaso.net\/wp-content\/uploads\/2019\/10\/IMG-20191016-WA0002.jpg","width":1040,"height":780},{"@type":"BreadcrumbList","@id":"https:\/\/www.latribunedufaso.net\/?p=415#breadcrumb","itemListElement":[{"@type":"ListItem","position":1,"name":"Accueil","item":"https:\/\/www.latribunedufaso.net\/"},{"@type":"ListItem","position":2,"name":"Reformes dans l\u2019UEMOA\u00a0: Un taux global de mise en \u0153uvre de 84% pour le Burkina en 2018"}]},{"@type":"WebSite","@id":"https:\/\/www.latribunedufaso.net\/#website","url":"https:\/\/www.latribunedufaso.net\/","name":"La Tribune du Faso","description":"L&#039;information du monde rural en un clic","publisher":{"@id":"https:\/\/www.latribunedufaso.net\/#organization"},"potentialAction":[{"@type":"SearchAction","target":{"@type":"EntryPoint","urlTemplate":"https:\/\/www.latribunedufaso.net\/?s={search_term_string}"},"query-input":{"@type":"PropertyValueSpecification","valueRequired":true,"valueName":"search_term_string"}}],"inLanguage":"fr-FR"},{"@type":"Organization","@id":"https:\/\/www.latribunedufaso.net\/#organization","name":"La Tribune du Faso","url":"https:\/\/www.latribunedufaso.net\/","logo":{"@type":"ImageObject","inLanguage":"fr-FR","@id":"https:\/\/www.latribunedufaso.net\/#\/schema\/logo\/image\/","url":"https:\/\/www.latribunedufaso.net\/wp-content\/uploads\/2020\/08\/Logo-Tribune-du-Faso-final-scaled.jpg","contentUrl":"https:\/\/www.latribunedufaso.net\/wp-content\/uploads\/2020\/08\/Logo-Tribune-du-Faso-final-scaled.jpg","width":2560,"height":1856,"caption":"La Tribune du Faso"},"image":{"@id":"https:\/\/www.latribunedufaso.net\/#\/schema\/logo\/image\/"},"sameAs":["https:\/\/www.facebook.com\/LatribuneduFaso\/"]},{"@type":"Person","@id":"https:\/\/www.latribunedufaso.net\/#\/schema\/person\/a380782d0605bb8aae27c40ea93b35b1","name":"Administrateur","image":{"@type":"ImageObject","inLanguage":"fr-FR","@id":"https:\/\/secure.gravatar.com\/avatar\/e20266f97d741f0e80ba1f60283074a9b3317fd7bfb727e0d95b51dafbf854a1?s=96&d=mm&r=g","url":"https:\/\/secure.gravatar.com\/avatar\/e20266f97d741f0e80ba1f60283074a9b3317fd7bfb727e0d95b51dafbf854a1?s=96&d=mm&r=g","contentUrl":"https:\/\/secure.gravatar.com\/avatar\/e20266f97d741f0e80ba1f60283074a9b3317fd7bfb727e0d95b51dafbf854a1?s=96&d=mm&r=g","caption":"Administrateur"},"url":"https:\/\/www.latribunedufaso.net\/?author=2"}]}},"_links":{"self":[{"href":"https:\/\/www.latribunedufaso.net\/index.php?rest_route=\/wp\/v2\/posts\/415","targetHints":{"allow":["GET"]}}],"collection":[{"href":"https:\/\/www.latribunedufaso.net\/index.php?rest_route=\/wp\/v2\/posts"}],"about":[{"href":"https:\/\/www.latribunedufaso.net\/index.php?rest_route=\/wp\/v2\/types\/post"}],"author":[{"embeddable":true,"href":"https:\/\/www.latribunedufaso.net\/index.php?rest_route=\/wp\/v2\/users\/2"}],"replies":[{"embeddable":true,"href":"https:\/\/www.latribunedufaso.net\/index.php?rest_route=%2Fwp%2Fv2%2Fcomments&post=415"}],"version-history":[{"count":3,"href":"https:\/\/www.latribunedufaso.net\/index.php?rest_route=\/wp\/v2\/posts\/415\/revisions"}],"predecessor-version":[{"id":424,"href":"https:\/\/www.latribunedufaso.net\/index.php?rest_route=\/wp\/v2\/posts\/415\/revisions\/424"}],"wp:featuredmedia":[{"embeddable":true,"href":"https:\/\/www.latribunedufaso.net\/index.php?rest_route=\/wp\/v2\/media\/416"}],"wp:attachment":[{"href":"https:\/\/www.latribunedufaso.net\/index.php?rest_route=%2Fwp%2Fv2%2Fmedia&parent=415"}],"wp:term":[{"taxonomy":"category","embeddable":true,"href":"https:\/\/www.latribunedufaso.net\/index.php?rest_route=%2Fwp%2Fv2%2Fcategories&post=415"},{"taxonomy":"post_tag","embeddable":true,"href":"https:\/\/www.latribunedufaso.net\/index.php?rest_route=%2Fwp%2Fv2%2Ftags&post=415"}],"curies":[{"name":"wp","href":"https:\/\/api.w.org\/{rel}","templated":true}]}}