{"id":4136,"date":"2021-09-14T08:40:02","date_gmt":"2021-09-14T08:40:02","guid":{"rendered":"https:\/\/www.latribunedufaso.net\/?p=4136"},"modified":"2021-09-14T08:40:02","modified_gmt":"2021-09-14T08:40:02","slug":"jfec-2021-le-ministre-simeon-sawadogo-invite-les-populations-a-un-changement-de-comportements","status":"publish","type":"post","link":"https:\/\/www.latribunedufaso.net\/?p=4136","title":{"rendered":"JFEC 2021 : Le ministre Sim\u00e9on Sawadogo invite les populations \u00e0 un changement de comportements"},"content":{"rendered":"<p><strong><span style=\"font-size: 1.0625rem;\">Du 13 au 18 septembre 2021, se tiendra la 9e \u00e9dition des Journ\u00e9es \u00e0 faibles \u00e9missions de carbone(JFEC) sous le th\u00e8me : \u00ab Transports durables : facteurs de r\u00e9duction des polluants atmosph\u00e9riques \u00bb. Ce lundi 13 septembre 2021 \u00e0 Ouagadougou, le ministre de l\u2019environnement, de l\u2019\u00e9conomie verte et du changement climatique, Sim\u00e9on Sawadogo, a alors proc\u00e9d\u00e9 au lancement officiel de l&rsquo;\u00e9dition en compagnie des parrains, le ministre des transports, de la mobilit\u00e9 urbaine et de la s\u00e9curit\u00e9 routi\u00e8re, Vincent Dabilgou et le Directeur g\u00e9n\u00e9ral de la soci\u00e9t\u00e9 Wend Panga, Moumouni Zoungrana.<\/span><\/strong><br \/>\n<!--more--><\/p>\n<p><img loading=\"lazy\" decoding=\"async\" class=\"size-medium wp-image-4145 aligncenter\" src=\"https:\/\/latribunedufaso.net\/wp-content\/uploads\/2021\/09\/IMG-20210913-WA0038-300x146.jpg\" alt=\"\" width=\"300\" height=\"146\" srcset=\"https:\/\/www.latribunedufaso.net\/wp-content\/uploads\/2021\/09\/IMG-20210913-WA0038-300x146.jpg 300w, https:\/\/www.latribunedufaso.net\/wp-content\/uploads\/2021\/09\/IMG-20210913-WA0038-1024x498.jpg 1024w, https:\/\/www.latribunedufaso.net\/wp-content\/uploads\/2021\/09\/IMG-20210913-WA0038-768x373.jpg 768w, https:\/\/www.latribunedufaso.net\/wp-content\/uploads\/2021\/09\/IMG-20210913-WA0038.jpg 1080w\" sizes=\"auto, (max-width: 300px) 100vw, 300px\" \/><\/p>\n<p><span style=\"font-size: 1.0625rem;\">Selon le ministre de l\u2019environnement, de l\u2019\u00e9conomie verte et du changement climatique, Sim\u00e9on Sawadogo, ce lancement permettra d\u2019\u00e9tablir pendant un long temps, un programme suffisamment r\u00e9parti et de travailler \u00e0 une sensibilisation des populations sur les \u00e9missions des polluants atmosph\u00e9riques. \u00ab L\u2019objectif de cette 9e \u00e9dition est de contribuer \u00e0 r\u00e9duire les \u00e9missions des polluants atmosph\u00e9riques des engins \u00e0 moteur, \u00e0 travers la promotion de l\u2019utilisation des transports en commun urbains \u00bb, a-t-il affirm\u00e9.<\/span><\/p>\n<p>En effet, au Burkina Faso, les populations utilisent majoritairement les engins \u00e0 moteur, qui le plus souvent seraient mis en circulation sans aucun contr\u00f4le sur les risques de pollution de l\u2019air. Et le ministre Sim\u00e9on Sawadogo, estime que cela est un probl\u00e8me en raison surtout des risques pour l\u2019environnement et la sant\u00e9 que font courir les \u00e9missions de gaz \u00e0 effet de serre. C\u2019est pourquoi, il pense que le Burkina Faso gagnerait par exemple en promouvant l\u2019utilisation des transports en commun urbains et en proc\u00e9dant au contr\u00f4le des diff\u00e9rents engins utilis\u00e9s. \u00ab\u00a0Le probl\u00e8me concerne d\u2019abord les \u00e9l\u00e9ments pollueurs que nous utilisons. Il s\u2019agit des motos, des v\u00e9hicules, des avions, et m\u00eame des r\u00e9frig\u00e9rateurs qui laissent souvent \u00e9chapper des substances tr\u00e8s toxiques. Et nous le disons encore pour v\u00e9rifier si votre appareil est en bon \u00e9tat, ce n\u2019est pas payant. Il suffit de vous rendre au Bureau d\u2019ozone, \u00e0 la Zone du bois.\u00a0\u00bb, a-t-il laiss\u00e9 entendre.<\/p>\n<p>Et au ministre des transports, de la mobilit\u00e9 urbaine et de la s\u00e9curit\u00e9 routi\u00e8re, Vincent Dabilgou, d\u2019ajouter que d\u2019autres mesures doivent \u00eatre prises, telles \u00ab\u00a0la r\u00e9duction de l\u2019\u00e2ge des v\u00e9hicules qui rentrent dans le pays, la r\u00e9duction du taux de modulation des deux (2) roues\u00a0\u00bb. Ce qui permettrait au Burkina Faso d\u2019aller vers cette dynamique de transport de masse.<\/p>\n<p>Cette c\u00e9r\u00e9monie officielle \u00e9tait \u00e9galement le lieu pour les officiels de proc\u00e9der \u00e0 la mesure des gaz d\u2019\u00e9chappement de certains v\u00e9hicules \u00e0 moteur au rond-point de la P\u00e2te d\u2019Oie. Outre cela, le Directeur g\u00e9n\u00e9ral de la pr\u00e9servation de l\u2019environnement, D\u00e9sir\u00e9 Ou\u00e9draogo, a indiqu\u00e9 que pour cette \u00e9dition, les activit\u00e9s au programme sont entre autres la d\u00e9limitation d\u2019une rue pi\u00e9tonne au centre-ville de Ouagadougou en collaboration avec la Mairie\u00a0; l\u2019organisation d\u2019un panel sur le th\u00e8me\u00a0: \u00ab Transports durables : facteurs de r\u00e9duction des polluants atmosph\u00e9riques \u00bb, avec pour pan\u00e9listes le Centre de contr\u00f4le des v\u00e9hicules automobiles (CCVA), le Projet d\u2019appui \u00e0 la modernisation du secteur des transports et \u00e0 la facilitation du commerce (PAMOSET-FC), la Soci\u00e9t\u00e9 de transport en commun de Ouagadougou (SOTRACO), la Mairie de Ouagadougou et la Direction g\u00e9n\u00e9rale de la pr\u00e9servation de l\u2019environnement (DGPE). Il sera aussi question de l\u2019organisation de jeux concours radiophoniques\u00a0; l\u2019animation d\u2019\u00e9missions t\u00e9l\u00e9\u00a0; l\u2019organisation d\u2019un cross \u00e0 v\u00e9lo, \u00e0 pied et sur patins suivi de s\u00e9ance a\u00e9robic\u00a0; le contr\u00f4le des gaz r\u00e9frig\u00e9rants et du syst\u00e8me de climatisation des v\u00e9hicules, sans oublier la comm\u00e9moration de la 36e journ\u00e9e internationale de protection de la couche d\u2019ozone.<\/p>\n<p>Ainsi les deux (2) ministres, Sim\u00e9on Sawadogo et Vincent Dabilgou, ont invit\u00e9 les populations, ainsi que les acteurs priv\u00e9s du monde du transport \u00e0 participer activement aux diff\u00e9rentes activit\u00e9s et \u00e0 rester engag\u00e9s pour une pr\u00e9servation de l\u2019environnement et de la sant\u00e9. \u00ab\u00a0Il faut qu\u2019on change de comportements. On peut \u00eatre Directeur g\u00e9n\u00e9ral, mettre sa cravate et marcher pour aller prendre le bus et se rendre au boulot\u00a0\u00bb, a encourag\u00e9 le ministre Sim\u00e9on Sawadogo.<\/p>\n<p>Pour m\u00e9moire, les JFEC ont \u00e9t\u00e9 institu\u00e9es en 2008 dans le cadre de la lutte contre la pollution et les gaz \u00e0 effet de serre.<\/p>\n<p><strong>Aliz\u00e8ta Zour\u00e9 (Stagiaire)<\/strong><br \/>\n<strong>Latribunedufaso.net<\/strong><\/p>\n","protected":false},"excerpt":{"rendered":"<p>Du 13 au 18 septembre 2021, se tiendra la 9e \u00e9dition des Journ\u00e9es \u00e0 faibles \u00e9missions de carbone(JFEC) sous le th\u00e8me : \u00ab Transports durables : facteurs de r\u00e9duction des polluants atmosph\u00e9riques \u00bb. Ce lundi 13 septembre 2021 \u00e0 Ouagadougou, le ministre de l\u2019environnement, de l\u2019\u00e9conomie verte et du changement climatique, Sim\u00e9on Sawadogo, a alors proc\u00e9d\u00e9 au lancement officiel de l&rsquo;\u00e9dition en compagnie des parrains, le ministre des transports, de la mobilit\u00e9 urbaine et de la s\u00e9curit\u00e9 routi\u00e8re, Vincent Dabilgou et le Directeur g\u00e9n\u00e9ral de la soci\u00e9t\u00e9 Wend Panga, Moumouni Zoungrana.<\/p>\n","protected":false},"author":2,"featured_media":4146,"comment_status":"open","ping_status":"open","sticky":false,"template":"","format":"standard","meta":{"footnotes":""},"categories":[13,1,5],"tags":[],"class_list":["post-4136","post","type-post","status-publish","format-standard","has-post-thumbnail","hentry","category-une","category-actu","category-envir"],"yoast_head":"<!-- This site is optimized with the Yoast SEO plugin v27.5 - https:\/\/yoast.com\/product\/yoast-seo-wordpress\/ -->\n<title>JFEC 2021 : Le ministre Sim\u00e9on Sawadogo invite les populations \u00e0 un changement de comportements - La Tribune du Faso<\/title>\n<meta name=\"robots\" content=\"index, follow, max-snippet:-1, max-image-preview:large, max-video-preview:-1\" \/>\n<link rel=\"canonical\" href=\"https:\/\/www.latribunedufaso.net\/?p=4136\" \/>\n<meta property=\"og:locale\" content=\"fr_FR\" \/>\n<meta property=\"og:type\" content=\"article\" \/>\n<meta property=\"og:title\" content=\"JFEC 2021 : Le ministre Sim\u00e9on Sawadogo invite les populations \u00e0 un changement de comportements - La Tribune du Faso\" \/>\n<meta property=\"og:description\" content=\"Du 13 au 18 septembre 2021, se tiendra la 9e \u00e9dition des Journ\u00e9es \u00e0 faibles \u00e9missions de carbone(JFEC) sous le th\u00e8me : \u00ab Transports durables : facteurs de r\u00e9duction des polluants atmosph\u00e9riques \u00bb. Ce lundi 13 septembre 2021 \u00e0 Ouagadougou, le ministre de l\u2019environnement, de l\u2019\u00e9conomie verte et du changement climatique, Sim\u00e9on Sawadogo, a alors proc\u00e9d\u00e9 au lancement officiel de l&rsquo;\u00e9dition en compagnie des parrains, le ministre des transports, de la mobilit\u00e9 urbaine et de la s\u00e9curit\u00e9 routi\u00e8re, Vincent Dabilgou et le Directeur g\u00e9n\u00e9ral de la soci\u00e9t\u00e9 Wend Panga, Moumouni Zoungrana.\" \/>\n<meta property=\"og:url\" content=\"https:\/\/www.latribunedufaso.net\/?p=4136\" \/>\n<meta property=\"og:site_name\" content=\"La Tribune du Faso\" \/>\n<meta property=\"article:publisher\" content=\"https:\/\/www.facebook.com\/LatribuneduFaso\/\" \/>\n<meta property=\"article:published_time\" content=\"2021-09-14T08:40:02+00:00\" \/>\n<meta property=\"og:image\" content=\"https:\/\/latribunedufaso.net\/wp-content\/uploads\/2021\/09\/IMG-20210913-WA0049.jpg\" \/>\n\t<meta property=\"og:image:width\" content=\"1080\" \/>\n\t<meta property=\"og:image:height\" content=\"525\" \/>\n\t<meta property=\"og:image:type\" content=\"image\/jpeg\" \/>\n<meta name=\"author\" content=\"Administrateur\" \/>\n<meta name=\"twitter:label1\" content=\"\u00c9crit par\" \/>\n\t<meta name=\"twitter:data1\" content=\"Administrateur\" \/>\n\t<meta name=\"twitter:label2\" content=\"Dur\u00e9e de lecture estim\u00e9e\" \/>\n\t<meta name=\"twitter:data2\" content=\"4 minutes\" \/>\n<script type=\"application\/ld+json\" class=\"yoast-schema-graph\">{\"@context\":\"https:\\\/\\\/schema.org\",\"@graph\":[{\"@type\":\"Article\",\"@id\":\"https:\\\/\\\/www.latribunedufaso.net\\\/?p=4136#article\",\"isPartOf\":{\"@id\":\"https:\\\/\\\/www.latribunedufaso.net\\\/?p=4136\"},\"author\":{\"name\":\"Administrateur\",\"@id\":\"https:\\\/\\\/www.latribunedufaso.net\\\/#\\\/schema\\\/person\\\/a380782d0605bb8aae27c40ea93b35b1\"},\"headline\":\"JFEC 2021 : Le ministre Sim\u00e9on Sawadogo invite les populations \u00e0 un changement de comportements\",\"datePublished\":\"2021-09-14T08:40:02+00:00\",\"mainEntityOfPage\":{\"@id\":\"https:\\\/\\\/www.latribunedufaso.net\\\/?p=4136\"},\"wordCount\":770,\"commentCount\":0,\"publisher\":{\"@id\":\"https:\\\/\\\/www.latribunedufaso.net\\\/#organization\"},\"image\":{\"@id\":\"https:\\\/\\\/www.latribunedufaso.net\\\/?p=4136#primaryimage\"},\"thumbnailUrl\":\"https:\\\/\\\/www.latribunedufaso.net\\\/wp-content\\\/uploads\\\/2021\\\/09\\\/IMG-20210913-WA0049.jpg\",\"articleSection\":[\"A la une\",\"Actualit\u00e9\",\"Environnement\"],\"inLanguage\":\"fr-FR\",\"potentialAction\":[{\"@type\":\"CommentAction\",\"name\":\"Comment\",\"target\":[\"https:\\\/\\\/www.latribunedufaso.net\\\/?p=4136#respond\"]}]},{\"@type\":\"WebPage\",\"@id\":\"https:\\\/\\\/www.latribunedufaso.net\\\/?p=4136\",\"url\":\"https:\\\/\\\/www.latribunedufaso.net\\\/?p=4136\",\"name\":\"JFEC 2021 : Le ministre Sim\u00e9on Sawadogo invite les populations \u00e0 un changement de comportements - La Tribune du Faso\",\"isPartOf\":{\"@id\":\"https:\\\/\\\/www.latribunedufaso.net\\\/#website\"},\"primaryImageOfPage\":{\"@id\":\"https:\\\/\\\/www.latribunedufaso.net\\\/?p=4136#primaryimage\"},\"image\":{\"@id\":\"https:\\\/\\\/www.latribunedufaso.net\\\/?p=4136#primaryimage\"},\"thumbnailUrl\":\"https:\\\/\\\/www.latribunedufaso.net\\\/wp-content\\\/uploads\\\/2021\\\/09\\\/IMG-20210913-WA0049.jpg\",\"datePublished\":\"2021-09-14T08:40:02+00:00\",\"breadcrumb\":{\"@id\":\"https:\\\/\\\/www.latribunedufaso.net\\\/?p=4136#breadcrumb\"},\"inLanguage\":\"fr-FR\",\"potentialAction\":[{\"@type\":\"ReadAction\",\"target\":[\"https:\\\/\\\/www.latribunedufaso.net\\\/?p=4136\"]}]},{\"@type\":\"ImageObject\",\"inLanguage\":\"fr-FR\",\"@id\":\"https:\\\/\\\/www.latribunedufaso.net\\\/?p=4136#primaryimage\",\"url\":\"https:\\\/\\\/www.latribunedufaso.net\\\/wp-content\\\/uploads\\\/2021\\\/09\\\/IMG-20210913-WA0049.jpg\",\"contentUrl\":\"https:\\\/\\\/www.latribunedufaso.net\\\/wp-content\\\/uploads\\\/2021\\\/09\\\/IMG-20210913-WA0049.jpg\",\"width\":1080,\"height\":525},{\"@type\":\"BreadcrumbList\",\"@id\":\"https:\\\/\\\/www.latribunedufaso.net\\\/?p=4136#breadcrumb\",\"itemListElement\":[{\"@type\":\"ListItem\",\"position\":1,\"name\":\"Accueil\",\"item\":\"https:\\\/\\\/www.latribunedufaso.net\\\/\"},{\"@type\":\"ListItem\",\"position\":2,\"name\":\"JFEC 2021 : Le ministre Sim\u00e9on Sawadogo invite les populations \u00e0 un changement de comportements\"}]},{\"@type\":\"WebSite\",\"@id\":\"https:\\\/\\\/www.latribunedufaso.net\\\/#website\",\"url\":\"https:\\\/\\\/www.latribunedufaso.net\\\/\",\"name\":\"La Tribune du Faso\",\"description\":\"L&#039;information du monde rural en un clic\",\"publisher\":{\"@id\":\"https:\\\/\\\/www.latribunedufaso.net\\\/#organization\"},\"potentialAction\":[{\"@type\":\"SearchAction\",\"target\":{\"@type\":\"EntryPoint\",\"urlTemplate\":\"https:\\\/\\\/www.latribunedufaso.net\\\/?s={search_term_string}\"},\"query-input\":{\"@type\":\"PropertyValueSpecification\",\"valueRequired\":true,\"valueName\":\"search_term_string\"}}],\"inLanguage\":\"fr-FR\"},{\"@type\":\"Organization\",\"@id\":\"https:\\\/\\\/www.latribunedufaso.net\\\/#organization\",\"name\":\"La Tribune du Faso\",\"url\":\"https:\\\/\\\/www.latribunedufaso.net\\\/\",\"logo\":{\"@type\":\"ImageObject\",\"inLanguage\":\"fr-FR\",\"@id\":\"https:\\\/\\\/www.latribunedufaso.net\\\/#\\\/schema\\\/logo\\\/image\\\/\",\"url\":\"https:\\\/\\\/www.latribunedufaso.net\\\/wp-content\\\/uploads\\\/2020\\\/08\\\/Logo-Tribune-du-Faso-final-scaled.jpg\",\"contentUrl\":\"https:\\\/\\\/www.latribunedufaso.net\\\/wp-content\\\/uploads\\\/2020\\\/08\\\/Logo-Tribune-du-Faso-final-scaled.jpg\",\"width\":2560,\"height\":1856,\"caption\":\"La Tribune du Faso\"},\"image\":{\"@id\":\"https:\\\/\\\/www.latribunedufaso.net\\\/#\\\/schema\\\/logo\\\/image\\\/\"},\"sameAs\":[\"https:\\\/\\\/www.facebook.com\\\/LatribuneduFaso\\\/\"]},{\"@type\":\"Person\",\"@id\":\"https:\\\/\\\/www.latribunedufaso.net\\\/#\\\/schema\\\/person\\\/a380782d0605bb8aae27c40ea93b35b1\",\"name\":\"Administrateur\",\"image\":{\"@type\":\"ImageObject\",\"inLanguage\":\"fr-FR\",\"@id\":\"https:\\\/\\\/secure.gravatar.com\\\/avatar\\\/e20266f97d741f0e80ba1f60283074a9b3317fd7bfb727e0d95b51dafbf854a1?s=96&d=mm&r=g\",\"url\":\"https:\\\/\\\/secure.gravatar.com\\\/avatar\\\/e20266f97d741f0e80ba1f60283074a9b3317fd7bfb727e0d95b51dafbf854a1?s=96&d=mm&r=g\",\"contentUrl\":\"https:\\\/\\\/secure.gravatar.com\\\/avatar\\\/e20266f97d741f0e80ba1f60283074a9b3317fd7bfb727e0d95b51dafbf854a1?s=96&d=mm&r=g\",\"caption\":\"Administrateur\"},\"url\":\"https:\\\/\\\/www.latribunedufaso.net\\\/?author=2\"}]}<\/script>\n<!-- \/ Yoast SEO plugin. -->","yoast_head_json":{"title":"JFEC 2021 : Le ministre Sim\u00e9on Sawadogo invite les populations \u00e0 un changement de comportements - La Tribune du Faso","robots":{"index":"index","follow":"follow","max-snippet":"max-snippet:-1","max-image-preview":"max-image-preview:large","max-video-preview":"max-video-preview:-1"},"canonical":"https:\/\/www.latribunedufaso.net\/?p=4136","og_locale":"fr_FR","og_type":"article","og_title":"JFEC 2021 : Le ministre Sim\u00e9on Sawadogo invite les populations \u00e0 un changement de comportements - La Tribune du Faso","og_description":"Du 13 au 18 septembre 2021, se tiendra la 9e \u00e9dition des Journ\u00e9es \u00e0 faibles \u00e9missions de carbone(JFEC) sous le th\u00e8me : \u00ab Transports durables : facteurs de r\u00e9duction des polluants atmosph\u00e9riques \u00bb. Ce lundi 13 septembre 2021 \u00e0 Ouagadougou, le ministre de l\u2019environnement, de l\u2019\u00e9conomie verte et du changement climatique, Sim\u00e9on Sawadogo, a alors proc\u00e9d\u00e9 au lancement officiel de l&rsquo;\u00e9dition en compagnie des parrains, le ministre des transports, de la mobilit\u00e9 urbaine et de la s\u00e9curit\u00e9 routi\u00e8re, Vincent Dabilgou et le Directeur g\u00e9n\u00e9ral de la soci\u00e9t\u00e9 Wend Panga, Moumouni Zoungrana.","og_url":"https:\/\/www.latribunedufaso.net\/?p=4136","og_site_name":"La Tribune du Faso","article_publisher":"https:\/\/www.facebook.com\/LatribuneduFaso\/","article_published_time":"2021-09-14T08:40:02+00:00","og_image":[{"width":1080,"height":525,"url":"https:\/\/latribunedufaso.net\/wp-content\/uploads\/2021\/09\/IMG-20210913-WA0049.jpg","type":"image\/jpeg"}],"author":"Administrateur","twitter_misc":{"\u00c9crit par":"Administrateur","Dur\u00e9e de lecture estim\u00e9e":"4 minutes"},"schema":{"@context":"https:\/\/schema.org","@graph":[{"@type":"Article","@id":"https:\/\/www.latribunedufaso.net\/?p=4136#article","isPartOf":{"@id":"https:\/\/www.latribunedufaso.net\/?p=4136"},"author":{"name":"Administrateur","@id":"https:\/\/www.latribunedufaso.net\/#\/schema\/person\/a380782d0605bb8aae27c40ea93b35b1"},"headline":"JFEC 2021 : Le ministre Sim\u00e9on Sawadogo invite les populations \u00e0 un changement de comportements","datePublished":"2021-09-14T08:40:02+00:00","mainEntityOfPage":{"@id":"https:\/\/www.latribunedufaso.net\/?p=4136"},"wordCount":770,"commentCount":0,"publisher":{"@id":"https:\/\/www.latribunedufaso.net\/#organization"},"image":{"@id":"https:\/\/www.latribunedufaso.net\/?p=4136#primaryimage"},"thumbnailUrl":"https:\/\/www.latribunedufaso.net\/wp-content\/uploads\/2021\/09\/IMG-20210913-WA0049.jpg","articleSection":["A la une","Actualit\u00e9","Environnement"],"inLanguage":"fr-FR","potentialAction":[{"@type":"CommentAction","name":"Comment","target":["https:\/\/www.latribunedufaso.net\/?p=4136#respond"]}]},{"@type":"WebPage","@id":"https:\/\/www.latribunedufaso.net\/?p=4136","url":"https:\/\/www.latribunedufaso.net\/?p=4136","name":"JFEC 2021 : Le ministre Sim\u00e9on Sawadogo invite les populations \u00e0 un changement de comportements - La Tribune du Faso","isPartOf":{"@id":"https:\/\/www.latribunedufaso.net\/#website"},"primaryImageOfPage":{"@id":"https:\/\/www.latribunedufaso.net\/?p=4136#primaryimage"},"image":{"@id":"https:\/\/www.latribunedufaso.net\/?p=4136#primaryimage"},"thumbnailUrl":"https:\/\/www.latribunedufaso.net\/wp-content\/uploads\/2021\/09\/IMG-20210913-WA0049.jpg","datePublished":"2021-09-14T08:40:02+00:00","breadcrumb":{"@id":"https:\/\/www.latribunedufaso.net\/?p=4136#breadcrumb"},"inLanguage":"fr-FR","potentialAction":[{"@type":"ReadAction","target":["https:\/\/www.latribunedufaso.net\/?p=4136"]}]},{"@type":"ImageObject","inLanguage":"fr-FR","@id":"https:\/\/www.latribunedufaso.net\/?p=4136#primaryimage","url":"https:\/\/www.latribunedufaso.net\/wp-content\/uploads\/2021\/09\/IMG-20210913-WA0049.jpg","contentUrl":"https:\/\/www.latribunedufaso.net\/wp-content\/uploads\/2021\/09\/IMG-20210913-WA0049.jpg","width":1080,"height":525},{"@type":"BreadcrumbList","@id":"https:\/\/www.latribunedufaso.net\/?p=4136#breadcrumb","itemListElement":[{"@type":"ListItem","position":1,"name":"Accueil","item":"https:\/\/www.latribunedufaso.net\/"},{"@type":"ListItem","position":2,"name":"JFEC 2021 : Le ministre Sim\u00e9on Sawadogo invite les populations \u00e0 un changement de comportements"}]},{"@type":"WebSite","@id":"https:\/\/www.latribunedufaso.net\/#website","url":"https:\/\/www.latribunedufaso.net\/","name":"La Tribune du Faso","description":"L&#039;information du monde rural en un clic","publisher":{"@id":"https:\/\/www.latribunedufaso.net\/#organization"},"potentialAction":[{"@type":"SearchAction","target":{"@type":"EntryPoint","urlTemplate":"https:\/\/www.latribunedufaso.net\/?s={search_term_string}"},"query-input":{"@type":"PropertyValueSpecification","valueRequired":true,"valueName":"search_term_string"}}],"inLanguage":"fr-FR"},{"@type":"Organization","@id":"https:\/\/www.latribunedufaso.net\/#organization","name":"La Tribune du Faso","url":"https:\/\/www.latribunedufaso.net\/","logo":{"@type":"ImageObject","inLanguage":"fr-FR","@id":"https:\/\/www.latribunedufaso.net\/#\/schema\/logo\/image\/","url":"https:\/\/www.latribunedufaso.net\/wp-content\/uploads\/2020\/08\/Logo-Tribune-du-Faso-final-scaled.jpg","contentUrl":"https:\/\/www.latribunedufaso.net\/wp-content\/uploads\/2020\/08\/Logo-Tribune-du-Faso-final-scaled.jpg","width":2560,"height":1856,"caption":"La Tribune du Faso"},"image":{"@id":"https:\/\/www.latribunedufaso.net\/#\/schema\/logo\/image\/"},"sameAs":["https:\/\/www.facebook.com\/LatribuneduFaso\/"]},{"@type":"Person","@id":"https:\/\/www.latribunedufaso.net\/#\/schema\/person\/a380782d0605bb8aae27c40ea93b35b1","name":"Administrateur","image":{"@type":"ImageObject","inLanguage":"fr-FR","@id":"https:\/\/secure.gravatar.com\/avatar\/e20266f97d741f0e80ba1f60283074a9b3317fd7bfb727e0d95b51dafbf854a1?s=96&d=mm&r=g","url":"https:\/\/secure.gravatar.com\/avatar\/e20266f97d741f0e80ba1f60283074a9b3317fd7bfb727e0d95b51dafbf854a1?s=96&d=mm&r=g","contentUrl":"https:\/\/secure.gravatar.com\/avatar\/e20266f97d741f0e80ba1f60283074a9b3317fd7bfb727e0d95b51dafbf854a1?s=96&d=mm&r=g","caption":"Administrateur"},"url":"https:\/\/www.latribunedufaso.net\/?author=2"}]}},"_links":{"self":[{"href":"https:\/\/www.latribunedufaso.net\/index.php?rest_route=\/wp\/v2\/posts\/4136","targetHints":{"allow":["GET"]}}],"collection":[{"href":"https:\/\/www.latribunedufaso.net\/index.php?rest_route=\/wp\/v2\/posts"}],"about":[{"href":"https:\/\/www.latribunedufaso.net\/index.php?rest_route=\/wp\/v2\/types\/post"}],"author":[{"embeddable":true,"href":"https:\/\/www.latribunedufaso.net\/index.php?rest_route=\/wp\/v2\/users\/2"}],"replies":[{"embeddable":true,"href":"https:\/\/www.latribunedufaso.net\/index.php?rest_route=%2Fwp%2Fv2%2Fcomments&post=4136"}],"version-history":[{"count":1,"href":"https:\/\/www.latribunedufaso.net\/index.php?rest_route=\/wp\/v2\/posts\/4136\/revisions"}],"predecessor-version":[{"id":4147,"href":"https:\/\/www.latribunedufaso.net\/index.php?rest_route=\/wp\/v2\/posts\/4136\/revisions\/4147"}],"wp:featuredmedia":[{"embeddable":true,"href":"https:\/\/www.latribunedufaso.net\/index.php?rest_route=\/wp\/v2\/media\/4146"}],"wp:attachment":[{"href":"https:\/\/www.latribunedufaso.net\/index.php?rest_route=%2Fwp%2Fv2%2Fmedia&parent=4136"}],"wp:term":[{"taxonomy":"category","embeddable":true,"href":"https:\/\/www.latribunedufaso.net\/index.php?rest_route=%2Fwp%2Fv2%2Fcategories&post=4136"},{"taxonomy":"post_tag","embeddable":true,"href":"https:\/\/www.latribunedufaso.net\/index.php?rest_route=%2Fwp%2Fv2%2Ftags&post=4136"}],"curies":[{"name":"wp","href":"https:\/\/api.w.org\/{rel}","templated":true}]}}