{"id":3990,"date":"2021-08-18T09:14:05","date_gmt":"2021-08-18T09:14:05","guid":{"rendered":"https:\/\/www.latribunedufaso.net\/?p=3990"},"modified":"2021-08-18T09:14:05","modified_gmt":"2021-08-18T09:14:05","slug":"ceni-la-nouvelle-equipe-rend-visite-au-president-du-faso","status":"publish","type":"post","link":"https:\/\/www.latribunedufaso.net\/?p=3990","title":{"rendered":"CENI : la nouvelle \u00e9quipe rend visite au pr\u00e9sident du Faso"},"content":{"rendered":"<p><strong><span style=\"font-size: 1.0625rem;\">Le pr\u00e9sident du Faso, Roch Kabor\u00e9, a re\u00e7u en audience, ce mardi 17 ao\u00fbt 2021, au palais de Kosyam, la nouvelle \u00e9quipe de la Commission \u00e9lectorale nationale ind\u00e9pendante (CENI). Il s\u2019est agi, des dires du pr\u00e9sident de l\u2019institution, Elys\u00e9 Ou\u00e9draogo, d\u2019une rencontre de prise de contact avec le chef de l&rsquo;Etat.<\/span><\/strong><br \/>\n<!--more--><\/p>\n<p><a href=\"https:\/\/latribunedufaso.net\/wp-content\/uploads\/2021\/08\/IMG-20210817-WA0007.jpg\"><img loading=\"lazy\" decoding=\"async\" class=\"alignleft wp-image-3992 size-medium\" src=\"https:\/\/latribunedufaso.net\/wp-content\/uploads\/2021\/08\/IMG-20210817-WA0007-225x300.jpg\" alt=\"\" width=\"225\" height=\"300\" srcset=\"https:\/\/www.latribunedufaso.net\/wp-content\/uploads\/2021\/08\/IMG-20210817-WA0007-225x300.jpg 225w, https:\/\/www.latribunedufaso.net\/wp-content\/uploads\/2021\/08\/IMG-20210817-WA0007.jpg 719w\" sizes=\"auto, (max-width: 225px) 100vw, 225px\" \/><\/a>La nouvelle \u00e9quipe de la Commission \u00e9lectorale nationale ind\u00e9pendante (CENI) a officiellement fait connaissance avec le pr\u00e9sident du Faso, Roch Kabor\u00e9. Selon son premier responsable, Elys\u00e9 Ou\u00e9draogo, l\u2019audience \u00e0 leur accord\u00e9e est une rencontre de prise de contact apr\u00e8s la mise en place de la nouvelle \u00e9quipe de la CENI, l\u2019\u00e9lection de son bureau permanent et la prestation de serment. C\u2019est \u00ab d\u2019abord pour nous, de nous pr\u00e9senter et pr\u00e9senter l\u2019ensemble de l\u2019\u00e9quipe\u00bb, a-t-il dit. Il dit avoir \u00e9galement fait part de son souhait, celui d\u2019avoir l\u2019attention du chef de l\u2019\u00c9tat vis-\u00e0-vis de leurs pr\u00e9occupations durant toute la p\u00e9riode de leur mandat. \u00ab A cette m\u00eame occasion, nous avons sollicit\u00e9 qu\u2019il soit attentif pendant tout notre mandat \u00e0 nos pr\u00e9occupations en tant qu\u2019institution \u00bb, a-t-il dit en sus.<\/p>\n<p>Le pr\u00e9sident de la CENI a en outre fait part des besoins de son institution. \u00ab Il s\u2019agit des questions li\u00e9es aux r\u00e9formes du cadre l\u00e9gale, de tout ce qui peut avoir un rapport avec le processus \u00e9lectoral de mani\u00e8re direct, \u00e0 savoir la convocation du corps \u00e9lectoral et l\u2019enr\u00f4lement. Tout ce qui est en rapport avec le budget, c\u2019est l\u2019Etat central qui nous fournit ces moyens pour que nous puissions travailler et remplir les missions qui sont les n\u00f4tres \u00bb, a-t-il indiqu\u00e9.<\/p>\n<p>L&rsquo;organisation des \u00e9lections municipales de 2022 est le d\u00e9fi actuel de l\u2019institution \u00e9lectorale, confie M. Ou\u00e9draogo. Il laisse toutefois percevoir l\u2019int\u00e9r\u00eat que la CENI porte \u00e0 l\u2019enjeu de l\u2019\u00e9ch\u00e9ance \u00e9lectorale et le travail qui est fait \u00ab pour \u00eatre le plus efficace et le plus pr\u00eat possible pour prendre en charge cette \u00e9ch\u00e9ance \u00bb.<\/p>\n<p><strong>Tambi Serge Pac\u00f4me Zongo<\/strong><br \/>\n<strong>Latribunedufaso.net<\/strong><\/p>\n","protected":false},"excerpt":{"rendered":"<p>Le pr\u00e9sident du Faso, Roch Kabor\u00e9, a re\u00e7u en audience, ce mardi 17 ao\u00fbt 2021, au palais de Kosyam, la nouvelle \u00e9quipe de la Commission \u00e9lectorale nationale ind\u00e9pendante (CENI). Il s\u2019est agi, des dires du pr\u00e9sident de l\u2019institution, Elys\u00e9 Ou\u00e9draogo, d\u2019une rencontre de prise de contact avec le chef de l&rsquo;Etat.<\/p>\n","protected":false},"author":2,"featured_media":3991,"comment_status":"open","ping_status":"open","sticky":false,"template":"","format":"standard","meta":{"footnotes":""},"categories":[13,1,26,8],"tags":[],"class_list":["post-3990","post","type-post","status-publish","format-standard","has-post-thumbnail","hentry","category-une","category-actu","category-elections-couplees-novembre-2020","category-societe"],"yoast_head":"<!-- This site is optimized with the Yoast SEO plugin v27.5 - https:\/\/yoast.com\/product\/yoast-seo-wordpress\/ -->\n<title>CENI : la nouvelle \u00e9quipe rend visite au pr\u00e9sident du Faso - La Tribune du Faso<\/title>\n<meta name=\"robots\" content=\"index, follow, max-snippet:-1, max-image-preview:large, max-video-preview:-1\" \/>\n<link rel=\"canonical\" href=\"https:\/\/www.latribunedufaso.net\/?p=3990\" \/>\n<meta property=\"og:locale\" content=\"fr_FR\" \/>\n<meta property=\"og:type\" content=\"article\" \/>\n<meta property=\"og:title\" content=\"CENI : la nouvelle \u00e9quipe rend visite au pr\u00e9sident du Faso - La Tribune du Faso\" \/>\n<meta property=\"og:description\" content=\"Le pr\u00e9sident du Faso, Roch Kabor\u00e9, a re\u00e7u en audience, ce mardi 17 ao\u00fbt 2021, au palais de Kosyam, la nouvelle \u00e9quipe de la Commission \u00e9lectorale nationale ind\u00e9pendante (CENI). Il s\u2019est agi, des dires du pr\u00e9sident de l\u2019institution, Elys\u00e9 Ou\u00e9draogo, d\u2019une rencontre de prise de contact avec le chef de l&rsquo;Etat.\" \/>\n<meta property=\"og:url\" content=\"https:\/\/www.latribunedufaso.net\/?p=3990\" \/>\n<meta property=\"og:site_name\" content=\"La Tribune du Faso\" \/>\n<meta property=\"article:publisher\" content=\"https:\/\/www.facebook.com\/LatribuneduFaso\/\" \/>\n<meta property=\"article:published_time\" content=\"2021-08-18T09:14:05+00:00\" \/>\n<meta property=\"og:image\" content=\"https:\/\/latribunedufaso.net\/wp-content\/uploads\/2021\/08\/IMG-20210817-WA0008.jpg\" \/>\n\t<meta property=\"og:image:width\" content=\"720\" \/>\n\t<meta property=\"og:image:height\" content=\"480\" \/>\n\t<meta property=\"og:image:type\" content=\"image\/jpeg\" \/>\n<meta name=\"author\" content=\"Administrateur\" \/>\n<meta name=\"twitter:label1\" content=\"\u00c9crit par\" \/>\n\t<meta name=\"twitter:data1\" content=\"Administrateur\" \/>\n\t<meta name=\"twitter:label2\" content=\"Dur\u00e9e de lecture estim\u00e9e\" \/>\n\t<meta name=\"twitter:data2\" content=\"2 minutes\" \/>\n<script type=\"application\/ld+json\" class=\"yoast-schema-graph\">{\"@context\":\"https:\\\/\\\/schema.org\",\"@graph\":[{\"@type\":\"Article\",\"@id\":\"https:\\\/\\\/www.latribunedufaso.net\\\/?p=3990#article\",\"isPartOf\":{\"@id\":\"https:\\\/\\\/www.latribunedufaso.net\\\/?p=3990\"},\"author\":{\"name\":\"Administrateur\",\"@id\":\"https:\\\/\\\/www.latribunedufaso.net\\\/#\\\/schema\\\/person\\\/a380782d0605bb8aae27c40ea93b35b1\"},\"headline\":\"CENI : la nouvelle \u00e9quipe rend visite au pr\u00e9sident du Faso\",\"datePublished\":\"2021-08-18T09:14:05+00:00\",\"mainEntityOfPage\":{\"@id\":\"https:\\\/\\\/www.latribunedufaso.net\\\/?p=3990\"},\"wordCount\":376,\"commentCount\":0,\"publisher\":{\"@id\":\"https:\\\/\\\/www.latribunedufaso.net\\\/#organization\"},\"image\":{\"@id\":\"https:\\\/\\\/www.latribunedufaso.net\\\/?p=3990#primaryimage\"},\"thumbnailUrl\":\"https:\\\/\\\/www.latribunedufaso.net\\\/wp-content\\\/uploads\\\/2021\\\/08\\\/IMG-20210817-WA0008.jpg\",\"articleSection\":[\"A la une\",\"Actualit\u00e9\",\"Elections coupl\u00e9es novembre 2020\",\"Soci\u00e9t\u00e9\"],\"inLanguage\":\"fr-FR\",\"potentialAction\":[{\"@type\":\"CommentAction\",\"name\":\"Comment\",\"target\":[\"https:\\\/\\\/www.latribunedufaso.net\\\/?p=3990#respond\"]}]},{\"@type\":\"WebPage\",\"@id\":\"https:\\\/\\\/www.latribunedufaso.net\\\/?p=3990\",\"url\":\"https:\\\/\\\/www.latribunedufaso.net\\\/?p=3990\",\"name\":\"CENI : la nouvelle \u00e9quipe rend visite au pr\u00e9sident du Faso - La Tribune du Faso\",\"isPartOf\":{\"@id\":\"https:\\\/\\\/www.latribunedufaso.net\\\/#website\"},\"primaryImageOfPage\":{\"@id\":\"https:\\\/\\\/www.latribunedufaso.net\\\/?p=3990#primaryimage\"},\"image\":{\"@id\":\"https:\\\/\\\/www.latribunedufaso.net\\\/?p=3990#primaryimage\"},\"thumbnailUrl\":\"https:\\\/\\\/www.latribunedufaso.net\\\/wp-content\\\/uploads\\\/2021\\\/08\\\/IMG-20210817-WA0008.jpg\",\"datePublished\":\"2021-08-18T09:14:05+00:00\",\"breadcrumb\":{\"@id\":\"https:\\\/\\\/www.latribunedufaso.net\\\/?p=3990#breadcrumb\"},\"inLanguage\":\"fr-FR\",\"potentialAction\":[{\"@type\":\"ReadAction\",\"target\":[\"https:\\\/\\\/www.latribunedufaso.net\\\/?p=3990\"]}]},{\"@type\":\"ImageObject\",\"inLanguage\":\"fr-FR\",\"@id\":\"https:\\\/\\\/www.latribunedufaso.net\\\/?p=3990#primaryimage\",\"url\":\"https:\\\/\\\/www.latribunedufaso.net\\\/wp-content\\\/uploads\\\/2021\\\/08\\\/IMG-20210817-WA0008.jpg\",\"contentUrl\":\"https:\\\/\\\/www.latribunedufaso.net\\\/wp-content\\\/uploads\\\/2021\\\/08\\\/IMG-20210817-WA0008.jpg\",\"width\":720,\"height\":480},{\"@type\":\"BreadcrumbList\",\"@id\":\"https:\\\/\\\/www.latribunedufaso.net\\\/?p=3990#breadcrumb\",\"itemListElement\":[{\"@type\":\"ListItem\",\"position\":1,\"name\":\"Accueil\",\"item\":\"https:\\\/\\\/www.latribunedufaso.net\\\/\"},{\"@type\":\"ListItem\",\"position\":2,\"name\":\"CENI : la nouvelle \u00e9quipe rend visite au pr\u00e9sident du Faso\"}]},{\"@type\":\"WebSite\",\"@id\":\"https:\\\/\\\/www.latribunedufaso.net\\\/#website\",\"url\":\"https:\\\/\\\/www.latribunedufaso.net\\\/\",\"name\":\"La Tribune du Faso\",\"description\":\"L&#039;information du monde rural en un clic\",\"publisher\":{\"@id\":\"https:\\\/\\\/www.latribunedufaso.net\\\/#organization\"},\"potentialAction\":[{\"@type\":\"SearchAction\",\"target\":{\"@type\":\"EntryPoint\",\"urlTemplate\":\"https:\\\/\\\/www.latribunedufaso.net\\\/?s={search_term_string}\"},\"query-input\":{\"@type\":\"PropertyValueSpecification\",\"valueRequired\":true,\"valueName\":\"search_term_string\"}}],\"inLanguage\":\"fr-FR\"},{\"@type\":\"Organization\",\"@id\":\"https:\\\/\\\/www.latribunedufaso.net\\\/#organization\",\"name\":\"La Tribune du Faso\",\"url\":\"https:\\\/\\\/www.latribunedufaso.net\\\/\",\"logo\":{\"@type\":\"ImageObject\",\"inLanguage\":\"fr-FR\",\"@id\":\"https:\\\/\\\/www.latribunedufaso.net\\\/#\\\/schema\\\/logo\\\/image\\\/\",\"url\":\"https:\\\/\\\/www.latribunedufaso.net\\\/wp-content\\\/uploads\\\/2020\\\/08\\\/Logo-Tribune-du-Faso-final-scaled.jpg\",\"contentUrl\":\"https:\\\/\\\/www.latribunedufaso.net\\\/wp-content\\\/uploads\\\/2020\\\/08\\\/Logo-Tribune-du-Faso-final-scaled.jpg\",\"width\":2560,\"height\":1856,\"caption\":\"La Tribune du Faso\"},\"image\":{\"@id\":\"https:\\\/\\\/www.latribunedufaso.net\\\/#\\\/schema\\\/logo\\\/image\\\/\"},\"sameAs\":[\"https:\\\/\\\/www.facebook.com\\\/LatribuneduFaso\\\/\"]},{\"@type\":\"Person\",\"@id\":\"https:\\\/\\\/www.latribunedufaso.net\\\/#\\\/schema\\\/person\\\/a380782d0605bb8aae27c40ea93b35b1\",\"name\":\"Administrateur\",\"image\":{\"@type\":\"ImageObject\",\"inLanguage\":\"fr-FR\",\"@id\":\"https:\\\/\\\/secure.gravatar.com\\\/avatar\\\/e20266f97d741f0e80ba1f60283074a9b3317fd7bfb727e0d95b51dafbf854a1?s=96&d=mm&r=g\",\"url\":\"https:\\\/\\\/secure.gravatar.com\\\/avatar\\\/e20266f97d741f0e80ba1f60283074a9b3317fd7bfb727e0d95b51dafbf854a1?s=96&d=mm&r=g\",\"contentUrl\":\"https:\\\/\\\/secure.gravatar.com\\\/avatar\\\/e20266f97d741f0e80ba1f60283074a9b3317fd7bfb727e0d95b51dafbf854a1?s=96&d=mm&r=g\",\"caption\":\"Administrateur\"},\"url\":\"https:\\\/\\\/www.latribunedufaso.net\\\/?author=2\"}]}<\/script>\n<!-- \/ Yoast SEO plugin. -->","yoast_head_json":{"title":"CENI : la nouvelle \u00e9quipe rend visite au pr\u00e9sident du Faso - La Tribune du Faso","robots":{"index":"index","follow":"follow","max-snippet":"max-snippet:-1","max-image-preview":"max-image-preview:large","max-video-preview":"max-video-preview:-1"},"canonical":"https:\/\/www.latribunedufaso.net\/?p=3990","og_locale":"fr_FR","og_type":"article","og_title":"CENI : la nouvelle \u00e9quipe rend visite au pr\u00e9sident du Faso - La Tribune du Faso","og_description":"Le pr\u00e9sident du Faso, Roch Kabor\u00e9, a re\u00e7u en audience, ce mardi 17 ao\u00fbt 2021, au palais de Kosyam, la nouvelle \u00e9quipe de la Commission \u00e9lectorale nationale ind\u00e9pendante (CENI). Il s\u2019est agi, des dires du pr\u00e9sident de l\u2019institution, Elys\u00e9 Ou\u00e9draogo, d\u2019une rencontre de prise de contact avec le chef de l&rsquo;Etat.","og_url":"https:\/\/www.latribunedufaso.net\/?p=3990","og_site_name":"La Tribune du Faso","article_publisher":"https:\/\/www.facebook.com\/LatribuneduFaso\/","article_published_time":"2021-08-18T09:14:05+00:00","og_image":[{"width":720,"height":480,"url":"https:\/\/latribunedufaso.net\/wp-content\/uploads\/2021\/08\/IMG-20210817-WA0008.jpg","type":"image\/jpeg"}],"author":"Administrateur","twitter_misc":{"\u00c9crit par":"Administrateur","Dur\u00e9e de lecture estim\u00e9e":"2 minutes"},"schema":{"@context":"https:\/\/schema.org","@graph":[{"@type":"Article","@id":"https:\/\/www.latribunedufaso.net\/?p=3990#article","isPartOf":{"@id":"https:\/\/www.latribunedufaso.net\/?p=3990"},"author":{"name":"Administrateur","@id":"https:\/\/www.latribunedufaso.net\/#\/schema\/person\/a380782d0605bb8aae27c40ea93b35b1"},"headline":"CENI : la nouvelle \u00e9quipe rend visite au pr\u00e9sident du Faso","datePublished":"2021-08-18T09:14:05+00:00","mainEntityOfPage":{"@id":"https:\/\/www.latribunedufaso.net\/?p=3990"},"wordCount":376,"commentCount":0,"publisher":{"@id":"https:\/\/www.latribunedufaso.net\/#organization"},"image":{"@id":"https:\/\/www.latribunedufaso.net\/?p=3990#primaryimage"},"thumbnailUrl":"https:\/\/www.latribunedufaso.net\/wp-content\/uploads\/2021\/08\/IMG-20210817-WA0008.jpg","articleSection":["A la une","Actualit\u00e9","Elections coupl\u00e9es novembre 2020","Soci\u00e9t\u00e9"],"inLanguage":"fr-FR","potentialAction":[{"@type":"CommentAction","name":"Comment","target":["https:\/\/www.latribunedufaso.net\/?p=3990#respond"]}]},{"@type":"WebPage","@id":"https:\/\/www.latribunedufaso.net\/?p=3990","url":"https:\/\/www.latribunedufaso.net\/?p=3990","name":"CENI : la nouvelle \u00e9quipe rend visite au pr\u00e9sident du Faso - La Tribune du Faso","isPartOf":{"@id":"https:\/\/www.latribunedufaso.net\/#website"},"primaryImageOfPage":{"@id":"https:\/\/www.latribunedufaso.net\/?p=3990#primaryimage"},"image":{"@id":"https:\/\/www.latribunedufaso.net\/?p=3990#primaryimage"},"thumbnailUrl":"https:\/\/www.latribunedufaso.net\/wp-content\/uploads\/2021\/08\/IMG-20210817-WA0008.jpg","datePublished":"2021-08-18T09:14:05+00:00","breadcrumb":{"@id":"https:\/\/www.latribunedufaso.net\/?p=3990#breadcrumb"},"inLanguage":"fr-FR","potentialAction":[{"@type":"ReadAction","target":["https:\/\/www.latribunedufaso.net\/?p=3990"]}]},{"@type":"ImageObject","inLanguage":"fr-FR","@id":"https:\/\/www.latribunedufaso.net\/?p=3990#primaryimage","url":"https:\/\/www.latribunedufaso.net\/wp-content\/uploads\/2021\/08\/IMG-20210817-WA0008.jpg","contentUrl":"https:\/\/www.latribunedufaso.net\/wp-content\/uploads\/2021\/08\/IMG-20210817-WA0008.jpg","width":720,"height":480},{"@type":"BreadcrumbList","@id":"https:\/\/www.latribunedufaso.net\/?p=3990#breadcrumb","itemListElement":[{"@type":"ListItem","position":1,"name":"Accueil","item":"https:\/\/www.latribunedufaso.net\/"},{"@type":"ListItem","position":2,"name":"CENI : la nouvelle \u00e9quipe rend visite au pr\u00e9sident du Faso"}]},{"@type":"WebSite","@id":"https:\/\/www.latribunedufaso.net\/#website","url":"https:\/\/www.latribunedufaso.net\/","name":"La Tribune du Faso","description":"L&#039;information du monde rural en un clic","publisher":{"@id":"https:\/\/www.latribunedufaso.net\/#organization"},"potentialAction":[{"@type":"SearchAction","target":{"@type":"EntryPoint","urlTemplate":"https:\/\/www.latribunedufaso.net\/?s={search_term_string}"},"query-input":{"@type":"PropertyValueSpecification","valueRequired":true,"valueName":"search_term_string"}}],"inLanguage":"fr-FR"},{"@type":"Organization","@id":"https:\/\/www.latribunedufaso.net\/#organization","name":"La Tribune du Faso","url":"https:\/\/www.latribunedufaso.net\/","logo":{"@type":"ImageObject","inLanguage":"fr-FR","@id":"https:\/\/www.latribunedufaso.net\/#\/schema\/logo\/image\/","url":"https:\/\/www.latribunedufaso.net\/wp-content\/uploads\/2020\/08\/Logo-Tribune-du-Faso-final-scaled.jpg","contentUrl":"https:\/\/www.latribunedufaso.net\/wp-content\/uploads\/2020\/08\/Logo-Tribune-du-Faso-final-scaled.jpg","width":2560,"height":1856,"caption":"La Tribune du Faso"},"image":{"@id":"https:\/\/www.latribunedufaso.net\/#\/schema\/logo\/image\/"},"sameAs":["https:\/\/www.facebook.com\/LatribuneduFaso\/"]},{"@type":"Person","@id":"https:\/\/www.latribunedufaso.net\/#\/schema\/person\/a380782d0605bb8aae27c40ea93b35b1","name":"Administrateur","image":{"@type":"ImageObject","inLanguage":"fr-FR","@id":"https:\/\/secure.gravatar.com\/avatar\/e20266f97d741f0e80ba1f60283074a9b3317fd7bfb727e0d95b51dafbf854a1?s=96&d=mm&r=g","url":"https:\/\/secure.gravatar.com\/avatar\/e20266f97d741f0e80ba1f60283074a9b3317fd7bfb727e0d95b51dafbf854a1?s=96&d=mm&r=g","contentUrl":"https:\/\/secure.gravatar.com\/avatar\/e20266f97d741f0e80ba1f60283074a9b3317fd7bfb727e0d95b51dafbf854a1?s=96&d=mm&r=g","caption":"Administrateur"},"url":"https:\/\/www.latribunedufaso.net\/?author=2"}]}},"_links":{"self":[{"href":"https:\/\/www.latribunedufaso.net\/index.php?rest_route=\/wp\/v2\/posts\/3990","targetHints":{"allow":["GET"]}}],"collection":[{"href":"https:\/\/www.latribunedufaso.net\/index.php?rest_route=\/wp\/v2\/posts"}],"about":[{"href":"https:\/\/www.latribunedufaso.net\/index.php?rest_route=\/wp\/v2\/types\/post"}],"author":[{"embeddable":true,"href":"https:\/\/www.latribunedufaso.net\/index.php?rest_route=\/wp\/v2\/users\/2"}],"replies":[{"embeddable":true,"href":"https:\/\/www.latribunedufaso.net\/index.php?rest_route=%2Fwp%2Fv2%2Fcomments&post=3990"}],"version-history":[{"count":1,"href":"https:\/\/www.latribunedufaso.net\/index.php?rest_route=\/wp\/v2\/posts\/3990\/revisions"}],"predecessor-version":[{"id":3993,"href":"https:\/\/www.latribunedufaso.net\/index.php?rest_route=\/wp\/v2\/posts\/3990\/revisions\/3993"}],"wp:featuredmedia":[{"embeddable":true,"href":"https:\/\/www.latribunedufaso.net\/index.php?rest_route=\/wp\/v2\/media\/3991"}],"wp:attachment":[{"href":"https:\/\/www.latribunedufaso.net\/index.php?rest_route=%2Fwp%2Fv2%2Fmedia&parent=3990"}],"wp:term":[{"taxonomy":"category","embeddable":true,"href":"https:\/\/www.latribunedufaso.net\/index.php?rest_route=%2Fwp%2Fv2%2Fcategories&post=3990"},{"taxonomy":"post_tag","embeddable":true,"href":"https:\/\/www.latribunedufaso.net\/index.php?rest_route=%2Fwp%2Fv2%2Ftags&post=3990"}],"curies":[{"name":"wp","href":"https:\/\/api.w.org\/{rel}","templated":true}]}}