{"id":3980,"date":"2021-08-13T08:11:34","date_gmt":"2021-08-13T08:11:34","guid":{"rendered":"https:\/\/www.latribunedufaso.net\/?p=3980"},"modified":"2021-08-13T08:11:34","modified_gmt":"2021-08-13T08:11:34","slug":"sport-hugues-fabrice-zango-veut-faire-retentir-le-ditanye-a-paris","status":"publish","type":"post","link":"https:\/\/www.latribunedufaso.net\/?p=3980","title":{"rendered":"Sport\u00a0: Hugues Fabrice Zango veut faire retentir le Ditany\u00e9 \u00e0 Paris"},"content":{"rendered":"<p><strong><span style=\"font-size: 1.0625rem;\">Hugues Fabrice Zango, m\u00e9daill\u00e9 de bronze aux Jeux olympiques (JO) de Tokyo 2020, a \u00e9t\u00e9 re\u00e7u en audience ce jeudi 12 ao\u00fbt 2021, au palais de Kosyam, par le pr\u00e9sident du Faso, Roch Kabor\u00e9. Il a \u00e9t\u00e9 pr\u00e9sent\u00e9 au chef de l\u2019Etat la m\u00e9daille olympique et un projet de soutien en vue des prochains jeux olympiques de Paris, en 2024.<\/span><\/strong><br \/>\n<!--more--><\/p>\n<p><a href=\"https:\/\/latribunedufaso.net\/wp-content\/uploads\/2021\/08\/IMG-20210812-WA0015.jpg\"><img loading=\"lazy\" decoding=\"async\" class=\"size-medium wp-image-3981 aligncenter\" src=\"https:\/\/latribunedufaso.net\/wp-content\/uploads\/2021\/08\/IMG-20210812-WA0015-300x200.jpg\" alt=\"\" width=\"300\" height=\"200\" srcset=\"https:\/\/www.latribunedufaso.net\/wp-content\/uploads\/2021\/08\/IMG-20210812-WA0015-300x200.jpg 300w, https:\/\/www.latribunedufaso.net\/wp-content\/uploads\/2021\/08\/IMG-20210812-WA0015-120x80.jpg 120w, https:\/\/www.latribunedufaso.net\/wp-content\/uploads\/2021\/08\/IMG-20210812-WA0015-360x240.jpg 360w, https:\/\/www.latribunedufaso.net\/wp-content\/uploads\/2021\/08\/IMG-20210812-WA0015-600x400.jpg 600w, https:\/\/www.latribunedufaso.net\/wp-content\/uploads\/2021\/08\/IMG-20210812-WA0015.jpg 720w\" sizes=\"auto, (max-width: 300px) 100vw, 300px\" \/><\/a><\/p>\n<p>C\u2019est accompagn\u00e9 du ministre des sports et des loisirs, Dominique Nana, et du pr\u00e9sident de la f\u00e9d\u00e9ration burkinab\u00e8 d\u2019athl\u00e9tisme, Francis Sidib\u00e9, que le premier m\u00e9daill\u00e9 olympique dans l\u2019histoire du Burkina Faso a rencontr\u00e9 le pr\u00e9sident du Faso, Roch Kabor\u00e9 ce jeudi matin au palais de Kosyam. A sa sortir d\u2019audience, il a fait savoir qu\u2019il est venu partager cette premi\u00e8re m\u00e9daille olympique avec le premier des Burkinab\u00e8, le remercier pour son accompagnement et aussi lui soumettre un autre projet en vue des Jeux olympiques (JO) de Paris, en 2024. \u00ab\u00a0Je suis venu partager cette premi\u00e8re m\u00e9daille olympique avec le premier des Burkinab\u00e8. Je l\u2019ai remerci\u00e9, parce que d\u00e9j\u00e0 en 2019, lorsque j\u2019\u00e9tais revenu avec la m\u00e9daille de bronze des championnats du monde, je lui avais soumis un projet, avec l\u2019appui de la f\u00e9d\u00e9ration et les autres structures, de pouvoir ramener une m\u00e9daille olympique. Le pr\u00e9sident a accept\u00e9 de nous soutenir dans ce projet et aujourd\u2019hui le projet se concr\u00e9tise\u00a0; nous avons la premi\u00e8re m\u00e9daille olympique du Burkina Faso. Je suis donc venu le remercier et demander son soutien pour l\u2019avenir, en 2024, pour que nous puissions faire chanter l\u2019hymne national \u00e0 Paris\u00a0\u00bb, a-t-il d\u00e9clar\u00e9.<\/p>\n<p>Le pr\u00e9sident de la f\u00e9d\u00e9ration burkinab\u00e8 d\u2019athl\u00e9tisme, Francis Sidib\u00e9, a d\u00e9taill\u00e9 le nouveau projet soumis au pr\u00e9sident du Faso. Mais avant, il est revenu sur le pr\u00e9c\u00e9dent projet qui a conduit \u00e0 la pr\u00e9sente m\u00e9daille olympique. \u00ab\u00a0La f\u00e9d\u00e9ration burkinab\u00e8 d\u2019athl\u00e9tisme avait projet\u00e9 en 2012 de r\u00e9aliser au moins des minima de qualification pour les athl\u00e8tes burkinab\u00e8 et lors de ces jeux olympiques, avec une possibilit\u00e9 de m\u00e9daille\u00a0; c\u2019est mission accomplie\u00a0\u00bb, a-t-il expliqu\u00e9. Pour le nouveau projet, dont l\u2019objectif premier est les JO de Paris, il laisse entendre qu\u2019il contient \u00e9galement une perspective de p\u00e9rennisation des r\u00e9sultats obtenus \u00e0 travers la construction d\u2019un centre d\u2019entrainement de haut niveau. \u00ab\u00a0Maintenant, vous savez que nous avons un potentiel important en termes d\u2019athl\u00e8tes, et que nous les pr\u00e9parons pour les jeux olympiques de 2024. C\u2019est ce projet que nous avons pr\u00e9sent\u00e9, avec en plus la perspective d\u2019ouvrir un centre d\u2019entrainement de haut niveau au Burkina Faso afin d\u2019accompagner les athl\u00e8tes et de p\u00e9renniser les r\u00e9sultats qui ont \u00e9t\u00e9 engrang\u00e9s \u00e0 ce moment-ci\u00a0\u00bb, a-t-il r\u00e9v\u00e9l\u00e9, ajoutant que le pr\u00e9sident a \u00e9t\u00e9 r\u00e9ceptif \u00e0 la pr\u00e9sentation du projet. \u00ab\u00a0Le pr\u00e9sident a eu une oreille attentive \u00e0 nos propositions, et je crois que dans les mois et ann\u00e9es \u00e0 venir nous allons avoir les r\u00e9sultats\u00a0\u00bb, a-t-il confi\u00e9.<\/p>\n<p>Le ministre des sports et des loisirs, Dominique Nana, qui n\u2019a pas voulu \u00ab\u00a0jeter en p\u00e2tures\u00a0\u00bb le champion olympique en rendant public les cadeaux de son sacre, s\u2019est content\u00e9 de r\u00e9f\u00e9rer les \u2018\u2019curieux\u2019\u2019 aux primes statutaires que les athl\u00e8tes devraient percevoir en fonction de l\u2019arr\u00eat\u00e9 pris avant les JO. \u00ab\u00a0Pour cette fois-ci, nous n\u2019allons pas communiquer sur les montants. Ce qui est connu, c\u2019est ce qui est statutaire. Nous avons des primes statutaires que les athl\u00e8tes vont percevoir en fonction de l\u2019arr\u00eat\u00e9 pris avant qu\u2019ils n\u2019aillent aux jeux olympiques. Nous laissons les autres gestes dans la discr\u00e9tion des autorit\u00e9s qui feront les cadeaux pour ne pas jeter en p\u00e2tures notre athl\u00e8te. Ce qui est certain, c\u2019est qu\u2019il a \u00e9t\u00e9 r\u00e9compens\u00e9 \u00e0 la hauteur du m\u00e9rite et \u00e0 la hauteur de la joie que nous avons tous ressenti le 05 ao\u00fbt au matin\u00a0\u00bb, a-t-il r\u00e9pondu.<\/p>\n<p><strong>Tambi Serge Pac\u00f4me Zongo<\/strong><br \/>\n<strong>Latribunedufaso.net<\/strong><\/p>\n","protected":false},"excerpt":{"rendered":"<p>Hugues Fabrice Zango, m\u00e9daill\u00e9 de bronze aux Jeux olympiques (JO) de Tokyo 2020, a \u00e9t\u00e9 re\u00e7u en audience ce jeudi 12 ao\u00fbt 2021, au palais de Kosyam, par le pr\u00e9sident du Faso, Roch Kabor\u00e9. Il a \u00e9t\u00e9 pr\u00e9sent\u00e9 au chef de l\u2019Etat la m\u00e9daille olympique et un projet de soutien en vue des prochains jeux olympiques de Paris, en 2024.<\/p>\n","protected":false},"author":2,"featured_media":3982,"comment_status":"open","ping_status":"open","sticky":false,"template":"","format":"standard","meta":{"footnotes":""},"categories":[13,1,8,17],"tags":[],"class_list":["post-3980","post","type-post","status-publish","format-standard","has-post-thumbnail","hentry","category-une","category-actu","category-societe","category-sport"],"yoast_head":"<!-- This site is optimized with the Yoast SEO plugin v27.4 - https:\/\/yoast.com\/product\/yoast-seo-wordpress\/ -->\n<title>Sport\u00a0: Hugues Fabrice Zango veut faire retentir le Ditany\u00e9 \u00e0 Paris - La Tribune du Faso<\/title>\n<meta name=\"robots\" content=\"index, follow, max-snippet:-1, max-image-preview:large, max-video-preview:-1\" \/>\n<link rel=\"canonical\" href=\"https:\/\/www.latribunedufaso.net\/?p=3980\" \/>\n<meta property=\"og:locale\" content=\"fr_FR\" \/>\n<meta property=\"og:type\" content=\"article\" \/>\n<meta property=\"og:title\" content=\"Sport\u00a0: Hugues Fabrice Zango veut faire retentir le Ditany\u00e9 \u00e0 Paris - La Tribune du Faso\" \/>\n<meta property=\"og:description\" content=\"Hugues Fabrice Zango, m\u00e9daill\u00e9 de bronze aux Jeux olympiques (JO) de Tokyo 2020, a \u00e9t\u00e9 re\u00e7u en audience ce jeudi 12 ao\u00fbt 2021, au palais de Kosyam, par le pr\u00e9sident du Faso, Roch Kabor\u00e9. Il a \u00e9t\u00e9 pr\u00e9sent\u00e9 au chef de l\u2019Etat la m\u00e9daille olympique et un projet de soutien en vue des prochains jeux olympiques de Paris, en 2024.\" \/>\n<meta property=\"og:url\" content=\"https:\/\/www.latribunedufaso.net\/?p=3980\" \/>\n<meta property=\"og:site_name\" content=\"La Tribune du Faso\" \/>\n<meta property=\"article:publisher\" content=\"https:\/\/www.facebook.com\/LatribuneduFaso\/\" \/>\n<meta property=\"article:published_time\" content=\"2021-08-13T08:11:34+00:00\" \/>\n<meta property=\"og:image\" content=\"https:\/\/latribunedufaso.net\/wp-content\/uploads\/2021\/08\/IMG-20210812-WA0012.jpg\" \/>\n\t<meta property=\"og:image:width\" content=\"720\" \/>\n\t<meta property=\"og:image:height\" content=\"479\" \/>\n\t<meta property=\"og:image:type\" content=\"image\/jpeg\" \/>\n<meta name=\"author\" content=\"Administrateur\" \/>\n<meta name=\"twitter:label1\" content=\"\u00c9crit par\" \/>\n\t<meta name=\"twitter:data1\" content=\"Administrateur\" \/>\n\t<meta name=\"twitter:label2\" content=\"Dur\u00e9e de lecture estim\u00e9e\" \/>\n\t<meta name=\"twitter:data2\" content=\"4 minutes\" \/>\n<script type=\"application\/ld+json\" class=\"yoast-schema-graph\">{\"@context\":\"https:\\\/\\\/schema.org\",\"@graph\":[{\"@type\":\"Article\",\"@id\":\"https:\\\/\\\/www.latribunedufaso.net\\\/?p=3980#article\",\"isPartOf\":{\"@id\":\"https:\\\/\\\/www.latribunedufaso.net\\\/?p=3980\"},\"author\":{\"name\":\"Administrateur\",\"@id\":\"https:\\\/\\\/www.latribunedufaso.net\\\/#\\\/schema\\\/person\\\/a380782d0605bb8aae27c40ea93b35b1\"},\"headline\":\"Sport\u00a0: Hugues Fabrice Zango veut faire retentir le Ditany\u00e9 \u00e0 Paris\",\"datePublished\":\"2021-08-13T08:11:34+00:00\",\"mainEntityOfPage\":{\"@id\":\"https:\\\/\\\/www.latribunedufaso.net\\\/?p=3980\"},\"wordCount\":714,\"commentCount\":0,\"publisher\":{\"@id\":\"https:\\\/\\\/www.latribunedufaso.net\\\/#organization\"},\"image\":{\"@id\":\"https:\\\/\\\/www.latribunedufaso.net\\\/?p=3980#primaryimage\"},\"thumbnailUrl\":\"https:\\\/\\\/www.latribunedufaso.net\\\/wp-content\\\/uploads\\\/2021\\\/08\\\/IMG-20210812-WA0012.jpg\",\"articleSection\":[\"A la une\",\"Actualit\u00e9\",\"Soci\u00e9t\u00e9\",\"Sport\"],\"inLanguage\":\"fr-FR\",\"potentialAction\":[{\"@type\":\"CommentAction\",\"name\":\"Comment\",\"target\":[\"https:\\\/\\\/www.latribunedufaso.net\\\/?p=3980#respond\"]}]},{\"@type\":\"WebPage\",\"@id\":\"https:\\\/\\\/www.latribunedufaso.net\\\/?p=3980\",\"url\":\"https:\\\/\\\/www.latribunedufaso.net\\\/?p=3980\",\"name\":\"Sport\u00a0: Hugues Fabrice Zango veut faire retentir le Ditany\u00e9 \u00e0 Paris - La Tribune du Faso\",\"isPartOf\":{\"@id\":\"https:\\\/\\\/www.latribunedufaso.net\\\/#website\"},\"primaryImageOfPage\":{\"@id\":\"https:\\\/\\\/www.latribunedufaso.net\\\/?p=3980#primaryimage\"},\"image\":{\"@id\":\"https:\\\/\\\/www.latribunedufaso.net\\\/?p=3980#primaryimage\"},\"thumbnailUrl\":\"https:\\\/\\\/www.latribunedufaso.net\\\/wp-content\\\/uploads\\\/2021\\\/08\\\/IMG-20210812-WA0012.jpg\",\"datePublished\":\"2021-08-13T08:11:34+00:00\",\"breadcrumb\":{\"@id\":\"https:\\\/\\\/www.latribunedufaso.net\\\/?p=3980#breadcrumb\"},\"inLanguage\":\"fr-FR\",\"potentialAction\":[{\"@type\":\"ReadAction\",\"target\":[\"https:\\\/\\\/www.latribunedufaso.net\\\/?p=3980\"]}]},{\"@type\":\"ImageObject\",\"inLanguage\":\"fr-FR\",\"@id\":\"https:\\\/\\\/www.latribunedufaso.net\\\/?p=3980#primaryimage\",\"url\":\"https:\\\/\\\/www.latribunedufaso.net\\\/wp-content\\\/uploads\\\/2021\\\/08\\\/IMG-20210812-WA0012.jpg\",\"contentUrl\":\"https:\\\/\\\/www.latribunedufaso.net\\\/wp-content\\\/uploads\\\/2021\\\/08\\\/IMG-20210812-WA0012.jpg\",\"width\":720,\"height\":479},{\"@type\":\"BreadcrumbList\",\"@id\":\"https:\\\/\\\/www.latribunedufaso.net\\\/?p=3980#breadcrumb\",\"itemListElement\":[{\"@type\":\"ListItem\",\"position\":1,\"name\":\"Accueil\",\"item\":\"https:\\\/\\\/www.latribunedufaso.net\\\/\"},{\"@type\":\"ListItem\",\"position\":2,\"name\":\"Sport\u00a0: Hugues Fabrice Zango veut faire retentir le Ditany\u00e9 \u00e0 Paris\"}]},{\"@type\":\"WebSite\",\"@id\":\"https:\\\/\\\/www.latribunedufaso.net\\\/#website\",\"url\":\"https:\\\/\\\/www.latribunedufaso.net\\\/\",\"name\":\"La Tribune du Faso\",\"description\":\"L&#039;information du monde rural en un clic\",\"publisher\":{\"@id\":\"https:\\\/\\\/www.latribunedufaso.net\\\/#organization\"},\"potentialAction\":[{\"@type\":\"SearchAction\",\"target\":{\"@type\":\"EntryPoint\",\"urlTemplate\":\"https:\\\/\\\/www.latribunedufaso.net\\\/?s={search_term_string}\"},\"query-input\":{\"@type\":\"PropertyValueSpecification\",\"valueRequired\":true,\"valueName\":\"search_term_string\"}}],\"inLanguage\":\"fr-FR\"},{\"@type\":\"Organization\",\"@id\":\"https:\\\/\\\/www.latribunedufaso.net\\\/#organization\",\"name\":\"La Tribune du Faso\",\"url\":\"https:\\\/\\\/www.latribunedufaso.net\\\/\",\"logo\":{\"@type\":\"ImageObject\",\"inLanguage\":\"fr-FR\",\"@id\":\"https:\\\/\\\/www.latribunedufaso.net\\\/#\\\/schema\\\/logo\\\/image\\\/\",\"url\":\"https:\\\/\\\/www.latribunedufaso.net\\\/wp-content\\\/uploads\\\/2020\\\/08\\\/Logo-Tribune-du-Faso-final-scaled.jpg\",\"contentUrl\":\"https:\\\/\\\/www.latribunedufaso.net\\\/wp-content\\\/uploads\\\/2020\\\/08\\\/Logo-Tribune-du-Faso-final-scaled.jpg\",\"width\":2560,\"height\":1856,\"caption\":\"La Tribune du Faso\"},\"image\":{\"@id\":\"https:\\\/\\\/www.latribunedufaso.net\\\/#\\\/schema\\\/logo\\\/image\\\/\"},\"sameAs\":[\"https:\\\/\\\/www.facebook.com\\\/LatribuneduFaso\\\/\"]},{\"@type\":\"Person\",\"@id\":\"https:\\\/\\\/www.latribunedufaso.net\\\/#\\\/schema\\\/person\\\/a380782d0605bb8aae27c40ea93b35b1\",\"name\":\"Administrateur\",\"image\":{\"@type\":\"ImageObject\",\"inLanguage\":\"fr-FR\",\"@id\":\"https:\\\/\\\/secure.gravatar.com\\\/avatar\\\/e20266f97d741f0e80ba1f60283074a9b3317fd7bfb727e0d95b51dafbf854a1?s=96&d=mm&r=g\",\"url\":\"https:\\\/\\\/secure.gravatar.com\\\/avatar\\\/e20266f97d741f0e80ba1f60283074a9b3317fd7bfb727e0d95b51dafbf854a1?s=96&d=mm&r=g\",\"contentUrl\":\"https:\\\/\\\/secure.gravatar.com\\\/avatar\\\/e20266f97d741f0e80ba1f60283074a9b3317fd7bfb727e0d95b51dafbf854a1?s=96&d=mm&r=g\",\"caption\":\"Administrateur\"},\"url\":\"https:\\\/\\\/www.latribunedufaso.net\\\/?author=2\"}]}<\/script>\n<!-- \/ Yoast SEO plugin. -->","yoast_head_json":{"title":"Sport\u00a0: Hugues Fabrice Zango veut faire retentir le Ditany\u00e9 \u00e0 Paris - La Tribune du Faso","robots":{"index":"index","follow":"follow","max-snippet":"max-snippet:-1","max-image-preview":"max-image-preview:large","max-video-preview":"max-video-preview:-1"},"canonical":"https:\/\/www.latribunedufaso.net\/?p=3980","og_locale":"fr_FR","og_type":"article","og_title":"Sport\u00a0: Hugues Fabrice Zango veut faire retentir le Ditany\u00e9 \u00e0 Paris - La Tribune du Faso","og_description":"Hugues Fabrice Zango, m\u00e9daill\u00e9 de bronze aux Jeux olympiques (JO) de Tokyo 2020, a \u00e9t\u00e9 re\u00e7u en audience ce jeudi 12 ao\u00fbt 2021, au palais de Kosyam, par le pr\u00e9sident du Faso, Roch Kabor\u00e9. Il a \u00e9t\u00e9 pr\u00e9sent\u00e9 au chef de l\u2019Etat la m\u00e9daille olympique et un projet de soutien en vue des prochains jeux olympiques de Paris, en 2024.","og_url":"https:\/\/www.latribunedufaso.net\/?p=3980","og_site_name":"La Tribune du Faso","article_publisher":"https:\/\/www.facebook.com\/LatribuneduFaso\/","article_published_time":"2021-08-13T08:11:34+00:00","og_image":[{"width":720,"height":479,"url":"https:\/\/latribunedufaso.net\/wp-content\/uploads\/2021\/08\/IMG-20210812-WA0012.jpg","type":"image\/jpeg"}],"author":"Administrateur","twitter_misc":{"\u00c9crit par":"Administrateur","Dur\u00e9e de lecture estim\u00e9e":"4 minutes"},"schema":{"@context":"https:\/\/schema.org","@graph":[{"@type":"Article","@id":"https:\/\/www.latribunedufaso.net\/?p=3980#article","isPartOf":{"@id":"https:\/\/www.latribunedufaso.net\/?p=3980"},"author":{"name":"Administrateur","@id":"https:\/\/www.latribunedufaso.net\/#\/schema\/person\/a380782d0605bb8aae27c40ea93b35b1"},"headline":"Sport\u00a0: Hugues Fabrice Zango veut faire retentir le Ditany\u00e9 \u00e0 Paris","datePublished":"2021-08-13T08:11:34+00:00","mainEntityOfPage":{"@id":"https:\/\/www.latribunedufaso.net\/?p=3980"},"wordCount":714,"commentCount":0,"publisher":{"@id":"https:\/\/www.latribunedufaso.net\/#organization"},"image":{"@id":"https:\/\/www.latribunedufaso.net\/?p=3980#primaryimage"},"thumbnailUrl":"https:\/\/www.latribunedufaso.net\/wp-content\/uploads\/2021\/08\/IMG-20210812-WA0012.jpg","articleSection":["A la une","Actualit\u00e9","Soci\u00e9t\u00e9","Sport"],"inLanguage":"fr-FR","potentialAction":[{"@type":"CommentAction","name":"Comment","target":["https:\/\/www.latribunedufaso.net\/?p=3980#respond"]}]},{"@type":"WebPage","@id":"https:\/\/www.latribunedufaso.net\/?p=3980","url":"https:\/\/www.latribunedufaso.net\/?p=3980","name":"Sport\u00a0: Hugues Fabrice Zango veut faire retentir le Ditany\u00e9 \u00e0 Paris - La Tribune du Faso","isPartOf":{"@id":"https:\/\/www.latribunedufaso.net\/#website"},"primaryImageOfPage":{"@id":"https:\/\/www.latribunedufaso.net\/?p=3980#primaryimage"},"image":{"@id":"https:\/\/www.latribunedufaso.net\/?p=3980#primaryimage"},"thumbnailUrl":"https:\/\/www.latribunedufaso.net\/wp-content\/uploads\/2021\/08\/IMG-20210812-WA0012.jpg","datePublished":"2021-08-13T08:11:34+00:00","breadcrumb":{"@id":"https:\/\/www.latribunedufaso.net\/?p=3980#breadcrumb"},"inLanguage":"fr-FR","potentialAction":[{"@type":"ReadAction","target":["https:\/\/www.latribunedufaso.net\/?p=3980"]}]},{"@type":"ImageObject","inLanguage":"fr-FR","@id":"https:\/\/www.latribunedufaso.net\/?p=3980#primaryimage","url":"https:\/\/www.latribunedufaso.net\/wp-content\/uploads\/2021\/08\/IMG-20210812-WA0012.jpg","contentUrl":"https:\/\/www.latribunedufaso.net\/wp-content\/uploads\/2021\/08\/IMG-20210812-WA0012.jpg","width":720,"height":479},{"@type":"BreadcrumbList","@id":"https:\/\/www.latribunedufaso.net\/?p=3980#breadcrumb","itemListElement":[{"@type":"ListItem","position":1,"name":"Accueil","item":"https:\/\/www.latribunedufaso.net\/"},{"@type":"ListItem","position":2,"name":"Sport\u00a0: Hugues Fabrice Zango veut faire retentir le Ditany\u00e9 \u00e0 Paris"}]},{"@type":"WebSite","@id":"https:\/\/www.latribunedufaso.net\/#website","url":"https:\/\/www.latribunedufaso.net\/","name":"La Tribune du Faso","description":"L&#039;information du monde rural en un clic","publisher":{"@id":"https:\/\/www.latribunedufaso.net\/#organization"},"potentialAction":[{"@type":"SearchAction","target":{"@type":"EntryPoint","urlTemplate":"https:\/\/www.latribunedufaso.net\/?s={search_term_string}"},"query-input":{"@type":"PropertyValueSpecification","valueRequired":true,"valueName":"search_term_string"}}],"inLanguage":"fr-FR"},{"@type":"Organization","@id":"https:\/\/www.latribunedufaso.net\/#organization","name":"La Tribune du Faso","url":"https:\/\/www.latribunedufaso.net\/","logo":{"@type":"ImageObject","inLanguage":"fr-FR","@id":"https:\/\/www.latribunedufaso.net\/#\/schema\/logo\/image\/","url":"https:\/\/www.latribunedufaso.net\/wp-content\/uploads\/2020\/08\/Logo-Tribune-du-Faso-final-scaled.jpg","contentUrl":"https:\/\/www.latribunedufaso.net\/wp-content\/uploads\/2020\/08\/Logo-Tribune-du-Faso-final-scaled.jpg","width":2560,"height":1856,"caption":"La Tribune du Faso"},"image":{"@id":"https:\/\/www.latribunedufaso.net\/#\/schema\/logo\/image\/"},"sameAs":["https:\/\/www.facebook.com\/LatribuneduFaso\/"]},{"@type":"Person","@id":"https:\/\/www.latribunedufaso.net\/#\/schema\/person\/a380782d0605bb8aae27c40ea93b35b1","name":"Administrateur","image":{"@type":"ImageObject","inLanguage":"fr-FR","@id":"https:\/\/secure.gravatar.com\/avatar\/e20266f97d741f0e80ba1f60283074a9b3317fd7bfb727e0d95b51dafbf854a1?s=96&d=mm&r=g","url":"https:\/\/secure.gravatar.com\/avatar\/e20266f97d741f0e80ba1f60283074a9b3317fd7bfb727e0d95b51dafbf854a1?s=96&d=mm&r=g","contentUrl":"https:\/\/secure.gravatar.com\/avatar\/e20266f97d741f0e80ba1f60283074a9b3317fd7bfb727e0d95b51dafbf854a1?s=96&d=mm&r=g","caption":"Administrateur"},"url":"https:\/\/www.latribunedufaso.net\/?author=2"}]}},"_links":{"self":[{"href":"https:\/\/www.latribunedufaso.net\/index.php?rest_route=\/wp\/v2\/posts\/3980","targetHints":{"allow":["GET"]}}],"collection":[{"href":"https:\/\/www.latribunedufaso.net\/index.php?rest_route=\/wp\/v2\/posts"}],"about":[{"href":"https:\/\/www.latribunedufaso.net\/index.php?rest_route=\/wp\/v2\/types\/post"}],"author":[{"embeddable":true,"href":"https:\/\/www.latribunedufaso.net\/index.php?rest_route=\/wp\/v2\/users\/2"}],"replies":[{"embeddable":true,"href":"https:\/\/www.latribunedufaso.net\/index.php?rest_route=%2Fwp%2Fv2%2Fcomments&post=3980"}],"version-history":[{"count":1,"href":"https:\/\/www.latribunedufaso.net\/index.php?rest_route=\/wp\/v2\/posts\/3980\/revisions"}],"predecessor-version":[{"id":3984,"href":"https:\/\/www.latribunedufaso.net\/index.php?rest_route=\/wp\/v2\/posts\/3980\/revisions\/3984"}],"wp:featuredmedia":[{"embeddable":true,"href":"https:\/\/www.latribunedufaso.net\/index.php?rest_route=\/wp\/v2\/media\/3982"}],"wp:attachment":[{"href":"https:\/\/www.latribunedufaso.net\/index.php?rest_route=%2Fwp%2Fv2%2Fmedia&parent=3980"}],"wp:term":[{"taxonomy":"category","embeddable":true,"href":"https:\/\/www.latribunedufaso.net\/index.php?rest_route=%2Fwp%2Fv2%2Fcategories&post=3980"},{"taxonomy":"post_tag","embeddable":true,"href":"https:\/\/www.latribunedufaso.net\/index.php?rest_route=%2Fwp%2Fv2%2Ftags&post=3980"}],"curies":[{"name":"wp","href":"https:\/\/api.w.org\/{rel}","templated":true}]}}