{"id":3875,"date":"2021-07-13T18:21:58","date_gmt":"2021-07-13T18:21:58","guid":{"rendered":"https:\/\/www.latribunedufaso.net\/?p=3875"},"modified":"2021-07-13T18:21:58","modified_gmt":"2021-07-13T18:21:58","slug":"initiative-presidentielle-produire-un-million-de-tonnes-de-riz-144-mille-tonnes-de-riz-paddy-attendues-du-grenier-du-faso","status":"publish","type":"post","link":"https:\/\/www.latribunedufaso.net\/?p=3875","title":{"rendered":"Initiative pr\u00e9sidentielle \u00ab produire un million de tonnes de riz \u00bb: 144 mille tonnes de riz paddy attendues du \u00ab grenier du Faso\u00a0\u00bb"},"content":{"rendered":"<p><strong><span style=\"font-size: 1.0625rem;\">Il est intervenu, ce mardi 13 juillet 2021, \u00e0 D\u00e9dougou, dans la Boucle du Mouhoun, le lancement r\u00e9gional de la campagne rizicole pour la mise en \u0153uvre de l\u2019initiative pr\u00e9sidentielle \u00ab Produire un million de tonnes de riz \u00bb. La c\u00e9r\u00e9monie a \u00e9t\u00e9 pr\u00e9sid\u00e9e par le ministre de l\u2019Agriculture, des am\u00e9nagements agricoles et de la m\u00e9canisation, Salifou Ou\u00e9draogo. Elle s\u2019est \u00e9galement d\u00e9roul\u00e9e en pr\u00e9sence du gouverneur de la r\u00e9gion, Si\u00e9 Edgard Sou.\u00a0<\/span><\/strong><br \/>\n<!--more--><\/p>\n<p><a href=\"https:\/\/latribunedufaso.net\/wp-content\/uploads\/2021\/07\/IMG-20210713-WA0024.jpg\"><img loading=\"lazy\" decoding=\"async\" class=\"size-medium wp-image-3877 aligncenter\" src=\"https:\/\/latribunedufaso.net\/wp-content\/uploads\/2021\/07\/IMG-20210713-WA0024-300x200.jpg\" alt=\"\" width=\"300\" height=\"200\" srcset=\"https:\/\/www.latribunedufaso.net\/wp-content\/uploads\/2021\/07\/IMG-20210713-WA0024-300x200.jpg 300w, https:\/\/www.latribunedufaso.net\/wp-content\/uploads\/2021\/07\/IMG-20210713-WA0024-120x80.jpg 120w, https:\/\/www.latribunedufaso.net\/wp-content\/uploads\/2021\/07\/IMG-20210713-WA0024-360x240.jpg 360w, https:\/\/www.latribunedufaso.net\/wp-content\/uploads\/2021\/07\/IMG-20210713-WA0024-600x400.jpg 600w, https:\/\/www.latribunedufaso.net\/wp-content\/uploads\/2021\/07\/IMG-20210713-WA0024.jpg 720w\" sizes=\"auto, (max-width: 300px) 100vw, 300px\" \/><\/a>Selon le ministre de l\u2019Agriculture, des am\u00e9nagements agricoles et de la m\u00e9canisation, Salifou Ou\u00e9draogo, la production nationale du riz s\u2019est accrue de 20% en 2020 gr\u00e2ce \u00e0 la mise en \u0153uvre de l\u2019initiative pr\u00e9sidentielle \u00ab produire un million de tonnes de riz \u00bb. Tout en saluant l\u2019engagement des acteurs pour ces acquis engrang\u00e9s, Salifou Ou\u00e9draogo a renouvel\u00e9 l\u2019engagement de son d\u00e9partement \u00e0 accompagner les producteurs en intrants, en labour, en appui-conseil et pour la contractualisation des achats. Selon lui, ces appuis ont \u00e9t\u00e9 renforc\u00e9s par la subvention \u00e0 plus de 80% des semences de riz au profit des producteurs et l\u2019affectation de 30% des acquisitions nationales en engrais min\u00e9raux \u00e0 la production du riz. Outre ces soutiens, le gouvernement, \u00e0 travers le minist\u00e8re de l\u2019agriculture, apporte un appui \u00e0 la m\u00e9canisation des op\u00e9rations de labour et de r\u00e9colte par la mise \u00e0 disposition de dizaines de tracteurs, de motoculteurs, de moissonneuses et batteuses au profit des Coop\u00e9ratives d\u2019utilisateurs du mat\u00e9riel agricole (CUMA).<\/p>\n<p>Pour Gaoussou Sanou, du Secr\u00e9tariat technique national charg\u00e9 du d\u00e9veloppement de la riziculture (ST-DRiz), sa structure, qui a sous sa coordination la strat\u00e9gie nationale pour le D\u00e9veloppement de la riziculture (SNDR), a pour mission d\u2019orienter et de coordonner les actions pour un v\u00e9ritable essor de la chaine de valeur riz au Burkina Faso. Il a indiqu\u00e9 que le ST-DRiz a form\u00e9 326 agents d\u2019encadrement aux techniques de production du riz. Les producteurs de la r\u00e9gion, quant \u00e0 eux, se sont r\u00e9jouis des actions du gouvernement en faveur de la production rizicole dans la Boucle du Mouhoun. Ils ont par la m\u00eame occasion rassur\u00e9 les autorit\u00e9s de leur d\u00e9termination \u00e0 \u0153uvrer pour l\u2019atteinte des objectifs fix\u00e9s.<\/p>\n<p>Le Projet d\u2019appui \u00e0 la promotion des fili\u00e8res agricoles (PAPFA) a am\u00e9nag\u00e9 710 hectares de bas-fonds au profit de la r\u00e9gion, dont 100 hectares ont \u00e9t\u00e9 remis aux producteurs du village de Fakouna, au cours de la c\u00e9r\u00e9monie, pour l\u2019atteinte de l\u2019objectif de la r\u00e9gion en termes de rendement agricole (144 mille tonnes de riz paddy). Le PAPFA a \u00e9galement am\u00e9nag\u00e9 57 ha de p\u00e9rim\u00e8tres mara\u00eechers avec puits, 21 ha de p\u00e9rim\u00e8tres \u00e9conomes en eau pour la mise \u00e0 l\u2019\u00e9chelle du mod\u00e8le d\u2019exploitation agricole performante et r\u00e9siliente. A ces am\u00e9nagements s\u2019ajoutent 300 ha de nouveaux bas-fonds de type riz pluvial et la subvention de labour de 1 600 ha de bas-fonds au profit des petits producteurs de riz de la Boucle du Mouhoun. La r\u00e9gion b\u00e9n\u00e9ficiera aussi de 345 hectares en cours d\u2019am\u00e9nagement.<\/p>\n<p><strong>Synth\u00e8se de Tiba Kassamse Ou\u00e9draogo<\/strong><br \/>\n<strong>Latribunedufaso.net<\/strong><\/p>\n","protected":false},"excerpt":{"rendered":"<p>Il est intervenu, ce mardi 13 juillet 2021, \u00e0 D\u00e9dougou, dans la Boucle du Mouhoun, le lancement r\u00e9gional de la campagne rizicole pour la mise en \u0153uvre de l\u2019initiative pr\u00e9sidentielle \u00ab Produire un million de tonnes de riz \u00bb. La c\u00e9r\u00e9monie a \u00e9t\u00e9 pr\u00e9sid\u00e9e par le ministre de l\u2019Agriculture, des am\u00e9nagements agricoles et de la m\u00e9canisation, Salifou Ou\u00e9draogo. Elle s\u2019est \u00e9galement d\u00e9roul\u00e9e en pr\u00e9sence du gouverneur de la r\u00e9gion, Si\u00e9 Edgard Sou.\u00a0<\/p>\n","protected":false},"author":2,"featured_media":3878,"comment_status":"open","ping_status":"open","sticky":false,"template":"","format":"standard","meta":{"footnotes":""},"categories":[13,1,3],"tags":[],"class_list":["post-3875","post","type-post","status-publish","format-standard","has-post-thumbnail","hentry","category-une","category-actu","category-agri"],"yoast_head":"<!-- This site is optimized with the Yoast SEO plugin v27.5 - https:\/\/yoast.com\/product\/yoast-seo-wordpress\/ -->\n<title>Initiative pr\u00e9sidentielle \u00ab produire un million de tonnes de riz \u00bb: 144 mille tonnes de riz paddy attendues du \u00ab grenier du Faso\u00a0\u00bb - La Tribune du Faso<\/title>\n<meta name=\"robots\" content=\"index, follow, max-snippet:-1, max-image-preview:large, max-video-preview:-1\" \/>\n<link rel=\"canonical\" href=\"https:\/\/www.latribunedufaso.net\/?p=3875\" \/>\n<meta property=\"og:locale\" content=\"fr_FR\" \/>\n<meta property=\"og:type\" content=\"article\" \/>\n<meta property=\"og:title\" content=\"Initiative pr\u00e9sidentielle \u00ab produire un million de tonnes de riz \u00bb: 144 mille tonnes de riz paddy attendues du \u00ab grenier du Faso\u00a0\u00bb - La Tribune du Faso\" \/>\n<meta property=\"og:description\" content=\"Il est intervenu, ce mardi 13 juillet 2021, \u00e0 D\u00e9dougou, dans la Boucle du Mouhoun, le lancement r\u00e9gional de la campagne rizicole pour la mise en \u0153uvre de l\u2019initiative pr\u00e9sidentielle \u00ab Produire un million de tonnes de riz \u00bb. La c\u00e9r\u00e9monie a \u00e9t\u00e9 pr\u00e9sid\u00e9e par le ministre de l\u2019Agriculture, des am\u00e9nagements agricoles et de la m\u00e9canisation, Salifou Ou\u00e9draogo. Elle s\u2019est \u00e9galement d\u00e9roul\u00e9e en pr\u00e9sence du gouverneur de la r\u00e9gion, Si\u00e9 Edgard Sou.\u00a0\" \/>\n<meta property=\"og:url\" content=\"https:\/\/www.latribunedufaso.net\/?p=3875\" \/>\n<meta property=\"og:site_name\" content=\"La Tribune du Faso\" \/>\n<meta property=\"article:publisher\" content=\"https:\/\/www.facebook.com\/LatribuneduFaso\/\" \/>\n<meta property=\"article:published_time\" content=\"2021-07-13T18:21:58+00:00\" \/>\n<meta property=\"og:image\" content=\"https:\/\/latribunedufaso.net\/wp-content\/uploads\/2021\/07\/IMG-20210713-WA0023.jpg\" \/>\n\t<meta property=\"og:image:width\" content=\"720\" \/>\n\t<meta property=\"og:image:height\" content=\"480\" \/>\n\t<meta property=\"og:image:type\" content=\"image\/jpeg\" \/>\n<meta name=\"author\" content=\"Administrateur\" \/>\n<meta name=\"twitter:label1\" content=\"\u00c9crit par\" \/>\n\t<meta name=\"twitter:data1\" content=\"Administrateur\" \/>\n\t<meta name=\"twitter:label2\" content=\"Dur\u00e9e de lecture estim\u00e9e\" \/>\n\t<meta name=\"twitter:data2\" content=\"3 minutes\" \/>\n<script type=\"application\/ld+json\" class=\"yoast-schema-graph\">{\"@context\":\"https:\\\/\\\/schema.org\",\"@graph\":[{\"@type\":\"Article\",\"@id\":\"https:\\\/\\\/www.latribunedufaso.net\\\/?p=3875#article\",\"isPartOf\":{\"@id\":\"https:\\\/\\\/www.latribunedufaso.net\\\/?p=3875\"},\"author\":{\"name\":\"Administrateur\",\"@id\":\"https:\\\/\\\/www.latribunedufaso.net\\\/#\\\/schema\\\/person\\\/a380782d0605bb8aae27c40ea93b35b1\"},\"headline\":\"Initiative pr\u00e9sidentielle \u00ab produire un million de tonnes de riz \u00bb: 144 mille tonnes de riz paddy attendues du \u00ab grenier du Faso\u00a0\u00bb\",\"datePublished\":\"2021-07-13T18:21:58+00:00\",\"mainEntityOfPage\":{\"@id\":\"https:\\\/\\\/www.latribunedufaso.net\\\/?p=3875\"},\"wordCount\":560,\"commentCount\":0,\"publisher\":{\"@id\":\"https:\\\/\\\/www.latribunedufaso.net\\\/#organization\"},\"image\":{\"@id\":\"https:\\\/\\\/www.latribunedufaso.net\\\/?p=3875#primaryimage\"},\"thumbnailUrl\":\"https:\\\/\\\/www.latribunedufaso.net\\\/wp-content\\\/uploads\\\/2021\\\/07\\\/IMG-20210713-WA0023.jpg\",\"articleSection\":[\"A la une\",\"Actualit\u00e9\",\"Agriculture\"],\"inLanguage\":\"fr-FR\",\"potentialAction\":[{\"@type\":\"CommentAction\",\"name\":\"Comment\",\"target\":[\"https:\\\/\\\/www.latribunedufaso.net\\\/?p=3875#respond\"]}]},{\"@type\":\"WebPage\",\"@id\":\"https:\\\/\\\/www.latribunedufaso.net\\\/?p=3875\",\"url\":\"https:\\\/\\\/www.latribunedufaso.net\\\/?p=3875\",\"name\":\"Initiative pr\u00e9sidentielle \u00ab produire un million de tonnes de riz \u00bb: 144 mille tonnes de riz paddy attendues du \u00ab grenier du Faso\u00a0\u00bb - La Tribune du Faso\",\"isPartOf\":{\"@id\":\"https:\\\/\\\/www.latribunedufaso.net\\\/#website\"},\"primaryImageOfPage\":{\"@id\":\"https:\\\/\\\/www.latribunedufaso.net\\\/?p=3875#primaryimage\"},\"image\":{\"@id\":\"https:\\\/\\\/www.latribunedufaso.net\\\/?p=3875#primaryimage\"},\"thumbnailUrl\":\"https:\\\/\\\/www.latribunedufaso.net\\\/wp-content\\\/uploads\\\/2021\\\/07\\\/IMG-20210713-WA0023.jpg\",\"datePublished\":\"2021-07-13T18:21:58+00:00\",\"breadcrumb\":{\"@id\":\"https:\\\/\\\/www.latribunedufaso.net\\\/?p=3875#breadcrumb\"},\"inLanguage\":\"fr-FR\",\"potentialAction\":[{\"@type\":\"ReadAction\",\"target\":[\"https:\\\/\\\/www.latribunedufaso.net\\\/?p=3875\"]}]},{\"@type\":\"ImageObject\",\"inLanguage\":\"fr-FR\",\"@id\":\"https:\\\/\\\/www.latribunedufaso.net\\\/?p=3875#primaryimage\",\"url\":\"https:\\\/\\\/www.latribunedufaso.net\\\/wp-content\\\/uploads\\\/2021\\\/07\\\/IMG-20210713-WA0023.jpg\",\"contentUrl\":\"https:\\\/\\\/www.latribunedufaso.net\\\/wp-content\\\/uploads\\\/2021\\\/07\\\/IMG-20210713-WA0023.jpg\",\"width\":720,\"height\":480},{\"@type\":\"BreadcrumbList\",\"@id\":\"https:\\\/\\\/www.latribunedufaso.net\\\/?p=3875#breadcrumb\",\"itemListElement\":[{\"@type\":\"ListItem\",\"position\":1,\"name\":\"Accueil\",\"item\":\"https:\\\/\\\/www.latribunedufaso.net\\\/\"},{\"@type\":\"ListItem\",\"position\":2,\"name\":\"Initiative pr\u00e9sidentielle \u00ab produire un million de tonnes de riz \u00bb: 144 mille tonnes de riz paddy attendues du \u00ab grenier du Faso\u00a0\u00bb\"}]},{\"@type\":\"WebSite\",\"@id\":\"https:\\\/\\\/www.latribunedufaso.net\\\/#website\",\"url\":\"https:\\\/\\\/www.latribunedufaso.net\\\/\",\"name\":\"La Tribune du Faso\",\"description\":\"L&#039;information du monde rural en un clic\",\"publisher\":{\"@id\":\"https:\\\/\\\/www.latribunedufaso.net\\\/#organization\"},\"potentialAction\":[{\"@type\":\"SearchAction\",\"target\":{\"@type\":\"EntryPoint\",\"urlTemplate\":\"https:\\\/\\\/www.latribunedufaso.net\\\/?s={search_term_string}\"},\"query-input\":{\"@type\":\"PropertyValueSpecification\",\"valueRequired\":true,\"valueName\":\"search_term_string\"}}],\"inLanguage\":\"fr-FR\"},{\"@type\":\"Organization\",\"@id\":\"https:\\\/\\\/www.latribunedufaso.net\\\/#organization\",\"name\":\"La Tribune du Faso\",\"url\":\"https:\\\/\\\/www.latribunedufaso.net\\\/\",\"logo\":{\"@type\":\"ImageObject\",\"inLanguage\":\"fr-FR\",\"@id\":\"https:\\\/\\\/www.latribunedufaso.net\\\/#\\\/schema\\\/logo\\\/image\\\/\",\"url\":\"https:\\\/\\\/www.latribunedufaso.net\\\/wp-content\\\/uploads\\\/2020\\\/08\\\/Logo-Tribune-du-Faso-final-scaled.jpg\",\"contentUrl\":\"https:\\\/\\\/www.latribunedufaso.net\\\/wp-content\\\/uploads\\\/2020\\\/08\\\/Logo-Tribune-du-Faso-final-scaled.jpg\",\"width\":2560,\"height\":1856,\"caption\":\"La Tribune du Faso\"},\"image\":{\"@id\":\"https:\\\/\\\/www.latribunedufaso.net\\\/#\\\/schema\\\/logo\\\/image\\\/\"},\"sameAs\":[\"https:\\\/\\\/www.facebook.com\\\/LatribuneduFaso\\\/\"]},{\"@type\":\"Person\",\"@id\":\"https:\\\/\\\/www.latribunedufaso.net\\\/#\\\/schema\\\/person\\\/a380782d0605bb8aae27c40ea93b35b1\",\"name\":\"Administrateur\",\"image\":{\"@type\":\"ImageObject\",\"inLanguage\":\"fr-FR\",\"@id\":\"https:\\\/\\\/secure.gravatar.com\\\/avatar\\\/e20266f97d741f0e80ba1f60283074a9b3317fd7bfb727e0d95b51dafbf854a1?s=96&d=mm&r=g\",\"url\":\"https:\\\/\\\/secure.gravatar.com\\\/avatar\\\/e20266f97d741f0e80ba1f60283074a9b3317fd7bfb727e0d95b51dafbf854a1?s=96&d=mm&r=g\",\"contentUrl\":\"https:\\\/\\\/secure.gravatar.com\\\/avatar\\\/e20266f97d741f0e80ba1f60283074a9b3317fd7bfb727e0d95b51dafbf854a1?s=96&d=mm&r=g\",\"caption\":\"Administrateur\"},\"url\":\"https:\\\/\\\/www.latribunedufaso.net\\\/?author=2\"}]}<\/script>\n<!-- \/ Yoast SEO plugin. -->","yoast_head_json":{"title":"Initiative pr\u00e9sidentielle \u00ab produire un million de tonnes de riz \u00bb: 144 mille tonnes de riz paddy attendues du \u00ab grenier du Faso\u00a0\u00bb - La Tribune du Faso","robots":{"index":"index","follow":"follow","max-snippet":"max-snippet:-1","max-image-preview":"max-image-preview:large","max-video-preview":"max-video-preview:-1"},"canonical":"https:\/\/www.latribunedufaso.net\/?p=3875","og_locale":"fr_FR","og_type":"article","og_title":"Initiative pr\u00e9sidentielle \u00ab produire un million de tonnes de riz \u00bb: 144 mille tonnes de riz paddy attendues du \u00ab grenier du Faso\u00a0\u00bb - La Tribune du Faso","og_description":"Il est intervenu, ce mardi 13 juillet 2021, \u00e0 D\u00e9dougou, dans la Boucle du Mouhoun, le lancement r\u00e9gional de la campagne rizicole pour la mise en \u0153uvre de l\u2019initiative pr\u00e9sidentielle \u00ab Produire un million de tonnes de riz \u00bb. La c\u00e9r\u00e9monie a \u00e9t\u00e9 pr\u00e9sid\u00e9e par le ministre de l\u2019Agriculture, des am\u00e9nagements agricoles et de la m\u00e9canisation, Salifou Ou\u00e9draogo. Elle s\u2019est \u00e9galement d\u00e9roul\u00e9e en pr\u00e9sence du gouverneur de la r\u00e9gion, Si\u00e9 Edgard Sou.\u00a0","og_url":"https:\/\/www.latribunedufaso.net\/?p=3875","og_site_name":"La Tribune du Faso","article_publisher":"https:\/\/www.facebook.com\/LatribuneduFaso\/","article_published_time":"2021-07-13T18:21:58+00:00","og_image":[{"width":720,"height":480,"url":"https:\/\/latribunedufaso.net\/wp-content\/uploads\/2021\/07\/IMG-20210713-WA0023.jpg","type":"image\/jpeg"}],"author":"Administrateur","twitter_misc":{"\u00c9crit par":"Administrateur","Dur\u00e9e de lecture estim\u00e9e":"3 minutes"},"schema":{"@context":"https:\/\/schema.org","@graph":[{"@type":"Article","@id":"https:\/\/www.latribunedufaso.net\/?p=3875#article","isPartOf":{"@id":"https:\/\/www.latribunedufaso.net\/?p=3875"},"author":{"name":"Administrateur","@id":"https:\/\/www.latribunedufaso.net\/#\/schema\/person\/a380782d0605bb8aae27c40ea93b35b1"},"headline":"Initiative pr\u00e9sidentielle \u00ab produire un million de tonnes de riz \u00bb: 144 mille tonnes de riz paddy attendues du \u00ab grenier du Faso\u00a0\u00bb","datePublished":"2021-07-13T18:21:58+00:00","mainEntityOfPage":{"@id":"https:\/\/www.latribunedufaso.net\/?p=3875"},"wordCount":560,"commentCount":0,"publisher":{"@id":"https:\/\/www.latribunedufaso.net\/#organization"},"image":{"@id":"https:\/\/www.latribunedufaso.net\/?p=3875#primaryimage"},"thumbnailUrl":"https:\/\/www.latribunedufaso.net\/wp-content\/uploads\/2021\/07\/IMG-20210713-WA0023.jpg","articleSection":["A la une","Actualit\u00e9","Agriculture"],"inLanguage":"fr-FR","potentialAction":[{"@type":"CommentAction","name":"Comment","target":["https:\/\/www.latribunedufaso.net\/?p=3875#respond"]}]},{"@type":"WebPage","@id":"https:\/\/www.latribunedufaso.net\/?p=3875","url":"https:\/\/www.latribunedufaso.net\/?p=3875","name":"Initiative pr\u00e9sidentielle \u00ab produire un million de tonnes de riz \u00bb: 144 mille tonnes de riz paddy attendues du \u00ab grenier du Faso\u00a0\u00bb - La Tribune du Faso","isPartOf":{"@id":"https:\/\/www.latribunedufaso.net\/#website"},"primaryImageOfPage":{"@id":"https:\/\/www.latribunedufaso.net\/?p=3875#primaryimage"},"image":{"@id":"https:\/\/www.latribunedufaso.net\/?p=3875#primaryimage"},"thumbnailUrl":"https:\/\/www.latribunedufaso.net\/wp-content\/uploads\/2021\/07\/IMG-20210713-WA0023.jpg","datePublished":"2021-07-13T18:21:58+00:00","breadcrumb":{"@id":"https:\/\/www.latribunedufaso.net\/?p=3875#breadcrumb"},"inLanguage":"fr-FR","potentialAction":[{"@type":"ReadAction","target":["https:\/\/www.latribunedufaso.net\/?p=3875"]}]},{"@type":"ImageObject","inLanguage":"fr-FR","@id":"https:\/\/www.latribunedufaso.net\/?p=3875#primaryimage","url":"https:\/\/www.latribunedufaso.net\/wp-content\/uploads\/2021\/07\/IMG-20210713-WA0023.jpg","contentUrl":"https:\/\/www.latribunedufaso.net\/wp-content\/uploads\/2021\/07\/IMG-20210713-WA0023.jpg","width":720,"height":480},{"@type":"BreadcrumbList","@id":"https:\/\/www.latribunedufaso.net\/?p=3875#breadcrumb","itemListElement":[{"@type":"ListItem","position":1,"name":"Accueil","item":"https:\/\/www.latribunedufaso.net\/"},{"@type":"ListItem","position":2,"name":"Initiative pr\u00e9sidentielle \u00ab produire un million de tonnes de riz \u00bb: 144 mille tonnes de riz paddy attendues du \u00ab grenier du Faso\u00a0\u00bb"}]},{"@type":"WebSite","@id":"https:\/\/www.latribunedufaso.net\/#website","url":"https:\/\/www.latribunedufaso.net\/","name":"La Tribune du Faso","description":"L&#039;information du monde rural en un clic","publisher":{"@id":"https:\/\/www.latribunedufaso.net\/#organization"},"potentialAction":[{"@type":"SearchAction","target":{"@type":"EntryPoint","urlTemplate":"https:\/\/www.latribunedufaso.net\/?s={search_term_string}"},"query-input":{"@type":"PropertyValueSpecification","valueRequired":true,"valueName":"search_term_string"}}],"inLanguage":"fr-FR"},{"@type":"Organization","@id":"https:\/\/www.latribunedufaso.net\/#organization","name":"La Tribune du Faso","url":"https:\/\/www.latribunedufaso.net\/","logo":{"@type":"ImageObject","inLanguage":"fr-FR","@id":"https:\/\/www.latribunedufaso.net\/#\/schema\/logo\/image\/","url":"https:\/\/www.latribunedufaso.net\/wp-content\/uploads\/2020\/08\/Logo-Tribune-du-Faso-final-scaled.jpg","contentUrl":"https:\/\/www.latribunedufaso.net\/wp-content\/uploads\/2020\/08\/Logo-Tribune-du-Faso-final-scaled.jpg","width":2560,"height":1856,"caption":"La Tribune du Faso"},"image":{"@id":"https:\/\/www.latribunedufaso.net\/#\/schema\/logo\/image\/"},"sameAs":["https:\/\/www.facebook.com\/LatribuneduFaso\/"]},{"@type":"Person","@id":"https:\/\/www.latribunedufaso.net\/#\/schema\/person\/a380782d0605bb8aae27c40ea93b35b1","name":"Administrateur","image":{"@type":"ImageObject","inLanguage":"fr-FR","@id":"https:\/\/secure.gravatar.com\/avatar\/e20266f97d741f0e80ba1f60283074a9b3317fd7bfb727e0d95b51dafbf854a1?s=96&d=mm&r=g","url":"https:\/\/secure.gravatar.com\/avatar\/e20266f97d741f0e80ba1f60283074a9b3317fd7bfb727e0d95b51dafbf854a1?s=96&d=mm&r=g","contentUrl":"https:\/\/secure.gravatar.com\/avatar\/e20266f97d741f0e80ba1f60283074a9b3317fd7bfb727e0d95b51dafbf854a1?s=96&d=mm&r=g","caption":"Administrateur"},"url":"https:\/\/www.latribunedufaso.net\/?author=2"}]}},"_links":{"self":[{"href":"https:\/\/www.latribunedufaso.net\/index.php?rest_route=\/wp\/v2\/posts\/3875","targetHints":{"allow":["GET"]}}],"collection":[{"href":"https:\/\/www.latribunedufaso.net\/index.php?rest_route=\/wp\/v2\/posts"}],"about":[{"href":"https:\/\/www.latribunedufaso.net\/index.php?rest_route=\/wp\/v2\/types\/post"}],"author":[{"embeddable":true,"href":"https:\/\/www.latribunedufaso.net\/index.php?rest_route=\/wp\/v2\/users\/2"}],"replies":[{"embeddable":true,"href":"https:\/\/www.latribunedufaso.net\/index.php?rest_route=%2Fwp%2Fv2%2Fcomments&post=3875"}],"version-history":[{"count":1,"href":"https:\/\/www.latribunedufaso.net\/index.php?rest_route=\/wp\/v2\/posts\/3875\/revisions"}],"predecessor-version":[{"id":3879,"href":"https:\/\/www.latribunedufaso.net\/index.php?rest_route=\/wp\/v2\/posts\/3875\/revisions\/3879"}],"wp:featuredmedia":[{"embeddable":true,"href":"https:\/\/www.latribunedufaso.net\/index.php?rest_route=\/wp\/v2\/media\/3878"}],"wp:attachment":[{"href":"https:\/\/www.latribunedufaso.net\/index.php?rest_route=%2Fwp%2Fv2%2Fmedia&parent=3875"}],"wp:term":[{"taxonomy":"category","embeddable":true,"href":"https:\/\/www.latribunedufaso.net\/index.php?rest_route=%2Fwp%2Fv2%2Fcategories&post=3875"},{"taxonomy":"post_tag","embeddable":true,"href":"https:\/\/www.latribunedufaso.net\/index.php?rest_route=%2Fwp%2Fv2%2Ftags&post=3875"}],"curies":[{"name":"wp","href":"https:\/\/api.w.org\/{rel}","templated":true}]}}