{"id":3679,"date":"2021-06-24T18:53:22","date_gmt":"2021-06-24T18:53:22","guid":{"rendered":"https:\/\/www.latribunedufaso.net\/?p=3679"},"modified":"2021-06-24T19:08:58","modified_gmt":"2021-06-24T19:08:58","slug":"29e-session-de-lag-des-societes-detat-trois-societes-detat-sur-21-declarees-deficitaires-en-2020","status":"publish","type":"post","link":"https:\/\/www.latribunedufaso.net\/?p=3679","title":{"rendered":"AG des Soci\u00e9t\u00e9s d\u2019Etat\u00a0: Trois soci\u00e9t\u00e9s d\u2019Etat sur 21, d\u00e9clar\u00e9es d\u00e9ficitaires en 2020"},"content":{"rendered":"<p><strong>Pr\u00e9vue pour durer deux jours, soit du 24 au 25 juin 2021, l\u2019Assembl\u00e9e g\u00e9n\u00e9rale des Soci\u00e9t\u00e9s d\u2019Etat (AG-SE) a \u00e9t\u00e9 officiellement ouverte ce jeudi 24 juin 2021, \u00e0 Ouagadougou, par le Premier ministre, pr\u00e9sident par d\u00e9l\u00e9gation de l\u2019AG, Christophe Dabir\u00e9. 29e du genre, il s\u2019agira, au cours de la pr\u00e9sente session, de d\u00e9lib\u00e9rer sur les comptes de 22 entreprises dont 19 soci\u00e9t\u00e9s d\u2019Etat et 03 Etablissements publics de pr\u00e9voyance sociale (EPPS). Les soci\u00e9t\u00e9s concern\u00e9es, pr\u00e9senteront, \u00e0 tour de r\u00f4le, leurs \u00e9tats financiers au titre de l\u2019exercice clos au 31 d\u00e9cembre 2020.<\/strong><!--more--><\/p>\n<p><a href=\"https:\/\/latribunedufaso.net\/wp-content\/uploads\/2021\/06\/IMG-20210624-WA0041.jpg\"><img loading=\"lazy\" decoding=\"async\" class=\" wp-image-3670 aligncenter\" src=\"https:\/\/latribunedufaso.net\/wp-content\/uploads\/2021\/06\/IMG-20210624-WA0041-300x171.jpg\" alt=\"\" width=\"481\" height=\"274\" srcset=\"https:\/\/www.latribunedufaso.net\/wp-content\/uploads\/2021\/06\/IMG-20210624-WA0041-300x171.jpg 300w, https:\/\/www.latribunedufaso.net\/wp-content\/uploads\/2021\/06\/IMG-20210624-WA0041-768x437.jpg 768w, https:\/\/www.latribunedufaso.net\/wp-content\/uploads\/2021\/06\/IMG-20210624-WA0041.jpg 1024w\" sizes=\"auto, (max-width: 481px) 100vw, 481px\" \/><\/a><\/p>\n<p>De l\u2019intervention du Secr\u00e9taire g\u00e9n\u00e9ral (SG)\u00a0du minist\u00e8re de l\u2019industrie, du commerce et de l\u2019artisanat, Sibiri Sanou, qui a essentiellement port\u00e9 sur la pr\u00e9sentation synth\u00e9tique de la performance \u00e9conomique et financi\u00e8re de 18 soci\u00e9t\u00e9s d\u2019Etat et des 03 Etablissements publics de pr\u00e9voyance sociale (EPPS), des difficult\u00e9s rencontr\u00e9es et l\u2019\u00e9tat de mise en \u0153uvre des r\u00e9solutions communes et sp\u00e9cifiques au titre desdites soci\u00e9t\u00e9s et des d\u00e9partements minist\u00e9riels concern\u00e9s, \u00e0 l\u2019entame de la c\u00e9r\u00e9monie officielle d\u2019ouverture de la 29e session de l\u2019Assembl\u00e9e g\u00e9n\u00e9rale des Soci\u00e9t\u00e9s d\u2019Etat (AG-SE), il ressort que l\u2019activit\u00e9 \u00e9conomique en 2020 s\u2019est d\u00e9roul\u00e9e dans un contexte mondial marqu\u00e9 par la maladie \u00e0 coronavirus. C\u2019est dans ce contexte, dira-t-il, que 22 entreprises ont travaill\u00e9 et ont vu leurs Chiffres d\u2019affaires (CA) baiss\u00e9s de 0,34%, passant de 1\u00a0379,279 milliards en 2019 \u00e0 1\u00a0374,623 milliards F CFA en 2020.<\/p>\n<p>En termes de baisse de volume d\u2019activit\u00e9s, il fait savoir que les plus importantes ont \u00e9t\u00e9 enregistr\u00e9es par la Soci\u00e9t\u00e9 nationale burkinab\u00e9 d\u2019hydrocarbures (SONHABY), la Loterie nationale burkinab\u00e9 (LONAB) et la Soci\u00e9t\u00e9 nationale d\u2019am\u00e9nagement des terrains urbains (SONATUR) dont les chiffres d\u2019affaires ont respectivement diminu\u00e9 de 42,07 milliards, de 8,406 milliards et de 998 millions F CFA entre 2019 et 2020. Pour ce qui est de la contribution directe des soci\u00e9t\u00e9s d\u2019Etat et des EPPS au budget de l\u2019Etat, le Secr\u00e9taire g\u00e9n\u00e9ral fait remarquer une baisse de 17,450 milliards F CFA, c\u2019est-\u00e0-dire de 334,687 milliards en 2019 \u00e0 317,237 milliards F CFA en 2020. Pour la valeur ajout\u00e9e globale, qui mesure la contribution des soci\u00e9t\u00e9s d\u2019Etat \u00e0 la formation du Produit int\u00e9rieur brut (PIB) du pays, il indiquera \u00e9galement une baisse de 16,702 milliards F CFA avec la SONABHY, pour un montant de 14,592 milliards\u00a0; la LONAB, pour un montant de 2,458 milliards et l\u2019ONEA, pour un montant de 2,246 milliards F CFA.<\/p>\n<p><iframe loading=\"lazy\" title=\"29e session de l&#039;AG des soci\u00e9t\u00e9s d&#039;Etat\" width=\"840\" height=\"473\" src=\"https:\/\/www.youtube.com\/embed\/y7mMk-BcT6E?feature=oembed\" frameborder=\"0\" allow=\"accelerometer; autoplay; clipboard-write; encrypted-media; gyroscope; picture-in-picture\" allowfullscreen><\/iframe><\/p>\n<p>De m\u00eame, l\u2019exc\u00e9dent brut d\u2019exploitation des soci\u00e9t\u00e9s d\u2019Etat, mesurant leur performance, s\u2019est d\u00e9t\u00e9rior\u00e9 en passant de 142,101 milliards F CFA en 2019 \u00e0 124,095 milliards F CFA en 2020, soit une baisse de 18,006 milliards F CFA. \u00ab\u00a0Cette baisse traduit une contreperformance \u00e9conomique des soci\u00e9t\u00e9s d\u2019Etat en 2020\u00a0\u00bb, signifiera-t-il par la suite, ce avant de d\u00e9clarer, sur les 21 entreprises (dont les comptes de 2020 ont \u00e9t\u00e9 analys\u00e9s), trois (03) soci\u00e9t\u00e9s d\u2019Etat d\u00e9ficitaires (la Soci\u00e9t\u00e9 de gestion de l\u2019\u00e9quipement et de la maintenance biom\u00e9dicale (SOGEMAB), l\u2019Agence d\u2019ex\u00e9cution des travaux eau et \u00e9quipement rural (AGETEER) et la Caisse nationale d\u2019assurance maladie universelle (CNAMU) ), avec un d\u00e9ficit cumul\u00e9 de 1,119 milliard F CFA en 2020 contre 704 millions F CFA cumul\u00e9s en 2019 pour les soci\u00e9t\u00e9s\u00a0; et 18 entreprises, ayant r\u00e9alis\u00e9 un b\u00e9n\u00e9fice net cumul\u00e9 de 195,350 milliards F CFA en 2020 contre 192,345 milliards F CFA en 2019.<\/p>\n<p><a href=\"https:\/\/latribunedufaso.net\/wp-content\/uploads\/2021\/06\/IMG-20210624-WA0045.jpg\"><img loading=\"lazy\" decoding=\"async\" class=\" wp-image-3673 aligncenter\" src=\"https:\/\/latribunedufaso.net\/wp-content\/uploads\/2021\/06\/IMG-20210624-WA0045-300x170.jpg\" alt=\"\" width=\"480\" height=\"272\" srcset=\"https:\/\/www.latribunedufaso.net\/wp-content\/uploads\/2021\/06\/IMG-20210624-WA0045-300x170.jpg 300w, https:\/\/www.latribunedufaso.net\/wp-content\/uploads\/2021\/06\/IMG-20210624-WA0045-768x434.jpg 768w, https:\/\/www.latribunedufaso.net\/wp-content\/uploads\/2021\/06\/IMG-20210624-WA0045.jpg 1024w\" sizes=\"auto, (max-width: 480px) 100vw, 480px\" \/><\/a><\/p>\n<p>S\u2019agissant des difficult\u00e9s rencontr\u00e9es par les entreprises au titre de l\u2019exercice 2020, il rel\u00e8ve, sans \u00eatre exhaustif, l\u2019insuffisance de portefeuille de projets au profit de la SOGEMAB\u00a0; la non-signature des contrats plans avec l\u2019Etat\u00a0; les difficult\u00e9s de recouvrement d\u2019honoraires sur des projets enti\u00e8rement r\u00e9alis\u00e9s\u00a0; les difficult\u00e9s de recouvrement des cr\u00e9ances de cotisations sociales dues par l\u2019Etat, ses d\u00e9membrement, les soci\u00e9t\u00e9s d\u2019Etat, les collectivit\u00e9s locales, les ambassades et consulats du Burkina Faso \u00e0 l\u2019\u00e9tranger\u00a0; la prise de paris en ligne non domicili\u00e9 au Burkina Faso, mais dont les activit\u00e9s constituent une menace aux jeux de la LONAB\u00a0; l\u2019existence de machines \u00e0 sou ill\u00e9gales dans les villes du Burkina Faso\u00a0; les lourdeurs dans les proc\u00e9dures de passation des march\u00e9s\u00a0; l\u2019importance des impay\u00e9s des pr\u00eats accord\u00e9s par la Caisse nationale de solidarit\u00e9 sociale (CNSS) \u00e0 l\u2019Etat et \u00e0 ses d\u00e9membrements\u00a0; la forte d\u00e9gradation des capitaux propres de la SOGEMAB, qui sont n\u00e9gatifs et en de\u00e7\u00e0 du minimum requis.<\/p>\n<p><a href=\"https:\/\/latribunedufaso.net\/wp-content\/uploads\/2021\/06\/IMG-20210624-WA0040.jpg\"><img loading=\"lazy\" decoding=\"async\" class=\" wp-image-3683 aligncenter\" src=\"https:\/\/latribunedufaso.net\/wp-content\/uploads\/2021\/06\/IMG-20210624-WA0040-300x206.jpg\" alt=\"\" width=\"479\" height=\"329\" srcset=\"https:\/\/www.latribunedufaso.net\/wp-content\/uploads\/2021\/06\/IMG-20210624-WA0040-300x206.jpg 300w, https:\/\/www.latribunedufaso.net\/wp-content\/uploads\/2021\/06\/IMG-20210624-WA0040-768x527.jpg 768w, https:\/\/www.latribunedufaso.net\/wp-content\/uploads\/2021\/06\/IMG-20210624-WA0040.jpg 1024w\" sizes=\"auto, (max-width: 479px) 100vw, 479px\" \/><\/a><\/p>\n<p>Le pr\u00e9sident par d\u00e9l\u00e9gation de ce cadre de rencontre et de partage, le chef du gouvernement, Christophe Dabir\u00e9, nonobstant la contreperformance financi\u00e8re des entreprises publiques, estime qu\u2019il y a des motifs de satisfactions qui peuvent \u00eatre not\u00e9s en termes d\u2019accompagnement de la politique du gouvernement en mati\u00e8re de cr\u00e9ation d\u2019emploi \u00e0 travers le recrutement de 1\u00a0072 nouveaux agents en 2020. C\u2019est donc convaincu de l\u2019importance que rev\u00eat les entreprises publiques pour l\u2019\u00e9conomie nationale, qu\u2019il a interpell\u00e9 en ces termes\u00a0:\u00a0\u00ab\u00a0nous nous devons de r\u00e9agir vigoureusement pour augmenter la r\u00e9silience de nos soci\u00e9t\u00e9s face aux chocs exog\u00e8nes, si nous ne voulons pas laisser \u00e0 la post\u00e9rit\u00e9 l\u2019image de responsables qui ont contribu\u00e9 \u00e0 la d\u00e9gradation de notre patrimoine collectif\u00a0\u00bb. Aussi a-t-il exhort\u00e9 les responsables des entreprises, \u00e0 faire preuve de dynamisme et de rigueur dans leur gestion, \u00e0 cultiver l\u2019esprit d\u2019innovation et surtout \u00e0 d\u00e9velopper davantage d\u2019initiatives pour s\u2019adapter aux exigences de la conjoncture \u00e9conomique peu favorable aux activit\u00e9s de bon nombre d\u2019entre elles.<\/p>\n<p><a href=\"https:\/\/latribunedufaso.net\/wp-content\/uploads\/2021\/06\/IMG-20210624-WA0010.jpg\"><img loading=\"lazy\" decoding=\"async\" class=\" wp-image-3674 aligncenter\" src=\"https:\/\/latribunedufaso.net\/wp-content\/uploads\/2021\/06\/IMG-20210624-WA0010-300x169.jpg\" alt=\"\" width=\"481\" height=\"271\" srcset=\"https:\/\/www.latribunedufaso.net\/wp-content\/uploads\/2021\/06\/IMG-20210624-WA0010-300x169.jpg 300w, https:\/\/www.latribunedufaso.net\/wp-content\/uploads\/2021\/06\/IMG-20210624-WA0010-1024x576.jpg 1024w, https:\/\/www.latribunedufaso.net\/wp-content\/uploads\/2021\/06\/IMG-20210624-WA0010-768x432.jpg 768w, https:\/\/www.latribunedufaso.net\/wp-content\/uploads\/2021\/06\/IMG-20210624-WA0010.jpg 1080w\" sizes=\"auto, (max-width: 481px) 100vw, 481px\" \/><\/a><\/p>\n<p>Harouna Kabor\u00e9, ministre de l\u2019industrie, du commerce et de l\u2019artisanat, s\u2019exprimant sur le niveau de prise en compte des recommandations formul\u00e9es \u00e0 l\u2019endroit des soci\u00e9t\u00e9s, a laiss\u00e9 entendre que les soci\u00e9t\u00e9s, dans leur ensemble, se sont donn\u00e9 les moyens pour mettre en \u0153uvre les recommandations. \u00ab Il reste quelques recommandations qui n\u2019ont pas \u00e9t\u00e9 mises en place par un certain nombre de soci\u00e9t\u00e9s, et c\u2019est pour cela qu\u2019il y aura de nouvelles r\u00e9solutions qui vont certainement permettre d\u2019utiliser les moyens et les outils de sanctions disponibles pour que les responsables charg\u00e9s de les mettre en \u0153uvre puissent s\u2019appliquer pour ne pas que nous puissions reconnaitre \u00e7\u00e0 et l\u00e0 quelques recommandations qui n\u2019ont pas \u00e9t\u00e9 totalement mises en \u0153uvre ou qui ont \u00e9t\u00e9 mises en \u0153uvre, mais que les rapports n\u2019ont pas \u00e9t\u00e9 transmis \u00e0 temps au minist\u00e8re de tutelle de gestion \u00bb, a-t-il dit.<\/p>\n<p>Demain, vendredi 25 juin 2021, dans l\u2019apr\u00e8s-midi, interviendra la c\u00e9r\u00e9monie officielle de cl\u00f4ture de cette 29e session.<\/p>\n<p><strong>Tambi Serge Pacome Zongo<\/strong><br \/>\n<strong>Latribunedufaso.net<\/strong><\/p>\n<p style=\"text-align: left;\"><strong>Encadr\u00e9<\/strong><br \/>\nLe rapport de performance des Soci\u00e9t\u00e9s d\u2019Etat, exercice 2020, de 25 pages, \u00e9labor\u00e9 par le Secr\u00e9tariat technique de l\u2019AG-SE, fait le point sur la gestion des ressources humaines, les audits r\u00e9alis\u00e9s, le fonctionnement des comit\u00e9s d\u2019audit, la gouvernance d\u2019entreprise, et la mise en \u0153uvre des outils du Code de bonnes pratiques de gouvernance des soci\u00e9t\u00e9s d\u2019Etat ainsi que l\u2019analyse des donn\u00e9es \u00e9conomiques et financi\u00e8res par type de comptabilit\u00e9 (SYSCOHADA r\u00e9vis\u00e9 et CIPRES) et par entreprise, except\u00e9 le Laboratoire national du b\u00e2timent et des travaux publics (LNBTP). Il fait \u00e9galement l\u2019\u00e9tat d\u2019ex\u00e9cution des r\u00e9solutions et recommandations issues de la 28e session de l\u2019AG-SE ainsi que celles ant\u00e9rieures\u00a0; donne la situation des mandats des administrateurs, des commissaires aux comptes et des directeurs g\u00e9n\u00e9raux pour l\u2019ensemble des entreprises publiques au 31 d\u00e9cembre 2020 et soumet des projets de r\u00e9solution pour adoption.<br \/>\n<strong>TSPZ<\/strong><br \/>\n<strong>Latribunedufaso.net<\/strong><\/p>\n","protected":false},"excerpt":{"rendered":"<p>Pr\u00e9vue pour durer deux jours, soit du 24 au 25 juin 2021, l\u2019Assembl\u00e9e g\u00e9n\u00e9rale des Soci\u00e9t\u00e9s d\u2019Etat (AG-SE) a \u00e9t\u00e9 officiellement ouverte ce jeudi 24 juin 2021, \u00e0 Ouagadougou, par le Premier ministre, pr\u00e9sident par d\u00e9l\u00e9gation de l\u2019AG, Christophe Dabir\u00e9. 29e du genre, il s\u2019agira, au cours de la pr\u00e9sente session, de d\u00e9lib\u00e9rer sur les comptes de 22 entreprises dont 19 soci\u00e9t\u00e9s d\u2019Etat et 03 Etablissements publics de pr\u00e9voyance sociale (EPPS). Les soci\u00e9t\u00e9s concern\u00e9es, pr\u00e9senteront, \u00e0 tour de r\u00f4le, leurs \u00e9tats financiers au titre de l\u2019exercice clos au 31 d\u00e9cembre 2020.<\/p>\n","protected":false},"author":2,"featured_media":3669,"comment_status":"open","ping_status":"open","sticky":false,"template":"","format":"standard","meta":{"footnotes":""},"categories":[13,1,10],"tags":[],"class_list":["post-3679","post","type-post","status-publish","format-standard","has-post-thumbnail","hentry","category-une","category-actu","category-eco"],"yoast_head":"<!-- This site is optimized with the Yoast SEO plugin v27.4 - https:\/\/yoast.com\/product\/yoast-seo-wordpress\/ -->\n<title>AG des Soci\u00e9t\u00e9s d\u2019Etat\u00a0: Trois soci\u00e9t\u00e9s d\u2019Etat sur 21, d\u00e9clar\u00e9es d\u00e9ficitaires en 2020 - La Tribune du Faso<\/title>\n<meta name=\"robots\" content=\"index, follow, max-snippet:-1, max-image-preview:large, max-video-preview:-1\" \/>\n<link rel=\"canonical\" href=\"https:\/\/www.latribunedufaso.net\/?p=3679\" \/>\n<meta property=\"og:locale\" content=\"fr_FR\" \/>\n<meta property=\"og:type\" content=\"article\" \/>\n<meta property=\"og:title\" content=\"AG des Soci\u00e9t\u00e9s d\u2019Etat\u00a0: Trois soci\u00e9t\u00e9s d\u2019Etat sur 21, d\u00e9clar\u00e9es d\u00e9ficitaires en 2020 - La Tribune du Faso\" \/>\n<meta property=\"og:description\" content=\"Pr\u00e9vue pour durer deux jours, soit du 24 au 25 juin 2021, l\u2019Assembl\u00e9e g\u00e9n\u00e9rale des Soci\u00e9t\u00e9s d\u2019Etat (AG-SE) a \u00e9t\u00e9 officiellement ouverte ce jeudi 24 juin 2021, \u00e0 Ouagadougou, par le Premier ministre, pr\u00e9sident par d\u00e9l\u00e9gation de l\u2019AG, Christophe Dabir\u00e9. 29e du genre, il s\u2019agira, au cours de la pr\u00e9sente session, de d\u00e9lib\u00e9rer sur les comptes de 22 entreprises dont 19 soci\u00e9t\u00e9s d\u2019Etat et 03 Etablissements publics de pr\u00e9voyance sociale (EPPS). Les soci\u00e9t\u00e9s concern\u00e9es, pr\u00e9senteront, \u00e0 tour de r\u00f4le, leurs \u00e9tats financiers au titre de l\u2019exercice clos au 31 d\u00e9cembre 2020.\" \/>\n<meta property=\"og:url\" content=\"https:\/\/www.latribunedufaso.net\/?p=3679\" \/>\n<meta property=\"og:site_name\" content=\"La Tribune du Faso\" \/>\n<meta property=\"article:publisher\" content=\"https:\/\/www.facebook.com\/LatribuneduFaso\/\" \/>\n<meta property=\"article:published_time\" content=\"2021-06-24T18:53:22+00:00\" \/>\n<meta property=\"article:modified_time\" content=\"2021-06-24T19:08:58+00:00\" \/>\n<meta property=\"og:image\" content=\"https:\/\/latribunedufaso.net\/wp-content\/uploads\/2021\/06\/IMG-20210624-WA0049.jpg\" \/>\n\t<meta property=\"og:image:width\" content=\"1024\" \/>\n\t<meta property=\"og:image:height\" content=\"582\" \/>\n\t<meta property=\"og:image:type\" content=\"image\/jpeg\" \/>\n<meta name=\"author\" content=\"Administrateur\" \/>\n<meta name=\"twitter:label1\" content=\"\u00c9crit par\" \/>\n\t<meta name=\"twitter:data1\" content=\"Administrateur\" \/>\n\t<meta name=\"twitter:label2\" content=\"Dur\u00e9e de lecture estim\u00e9e\" \/>\n\t<meta name=\"twitter:data2\" content=\"7 minutes\" \/>\n<script type=\"application\/ld+json\" class=\"yoast-schema-graph\">{\"@context\":\"https:\\\/\\\/schema.org\",\"@graph\":[{\"@type\":\"Article\",\"@id\":\"https:\\\/\\\/www.latribunedufaso.net\\\/?p=3679#article\",\"isPartOf\":{\"@id\":\"https:\\\/\\\/www.latribunedufaso.net\\\/?p=3679\"},\"author\":{\"name\":\"Administrateur\",\"@id\":\"https:\\\/\\\/www.latribunedufaso.net\\\/#\\\/schema\\\/person\\\/a380782d0605bb8aae27c40ea93b35b1\"},\"headline\":\"AG des Soci\u00e9t\u00e9s d\u2019Etat\u00a0: Trois soci\u00e9t\u00e9s d\u2019Etat sur 21, d\u00e9clar\u00e9es d\u00e9ficitaires en 2020\",\"datePublished\":\"2021-06-24T18:53:22+00:00\",\"dateModified\":\"2021-06-24T19:08:58+00:00\",\"mainEntityOfPage\":{\"@id\":\"https:\\\/\\\/www.latribunedufaso.net\\\/?p=3679\"},\"wordCount\":1353,\"commentCount\":0,\"publisher\":{\"@id\":\"https:\\\/\\\/www.latribunedufaso.net\\\/#organization\"},\"image\":{\"@id\":\"https:\\\/\\\/www.latribunedufaso.net\\\/?p=3679#primaryimage\"},\"thumbnailUrl\":\"https:\\\/\\\/www.latribunedufaso.net\\\/wp-content\\\/uploads\\\/2021\\\/06\\\/IMG-20210624-WA0049.jpg\",\"articleSection\":[\"A la une\",\"Actualit\u00e9\",\"Economie\"],\"inLanguage\":\"fr-FR\",\"potentialAction\":[{\"@type\":\"CommentAction\",\"name\":\"Comment\",\"target\":[\"https:\\\/\\\/www.latribunedufaso.net\\\/?p=3679#respond\"]}]},{\"@type\":\"WebPage\",\"@id\":\"https:\\\/\\\/www.latribunedufaso.net\\\/?p=3679\",\"url\":\"https:\\\/\\\/www.latribunedufaso.net\\\/?p=3679\",\"name\":\"AG des Soci\u00e9t\u00e9s d\u2019Etat\u00a0: Trois soci\u00e9t\u00e9s d\u2019Etat sur 21, d\u00e9clar\u00e9es d\u00e9ficitaires en 2020 - La Tribune du Faso\",\"isPartOf\":{\"@id\":\"https:\\\/\\\/www.latribunedufaso.net\\\/#website\"},\"primaryImageOfPage\":{\"@id\":\"https:\\\/\\\/www.latribunedufaso.net\\\/?p=3679#primaryimage\"},\"image\":{\"@id\":\"https:\\\/\\\/www.latribunedufaso.net\\\/?p=3679#primaryimage\"},\"thumbnailUrl\":\"https:\\\/\\\/www.latribunedufaso.net\\\/wp-content\\\/uploads\\\/2021\\\/06\\\/IMG-20210624-WA0049.jpg\",\"datePublished\":\"2021-06-24T18:53:22+00:00\",\"dateModified\":\"2021-06-24T19:08:58+00:00\",\"breadcrumb\":{\"@id\":\"https:\\\/\\\/www.latribunedufaso.net\\\/?p=3679#breadcrumb\"},\"inLanguage\":\"fr-FR\",\"potentialAction\":[{\"@type\":\"ReadAction\",\"target\":[\"https:\\\/\\\/www.latribunedufaso.net\\\/?p=3679\"]}]},{\"@type\":\"ImageObject\",\"inLanguage\":\"fr-FR\",\"@id\":\"https:\\\/\\\/www.latribunedufaso.net\\\/?p=3679#primaryimage\",\"url\":\"https:\\\/\\\/www.latribunedufaso.net\\\/wp-content\\\/uploads\\\/2021\\\/06\\\/IMG-20210624-WA0049.jpg\",\"contentUrl\":\"https:\\\/\\\/www.latribunedufaso.net\\\/wp-content\\\/uploads\\\/2021\\\/06\\\/IMG-20210624-WA0049.jpg\",\"width\":1024,\"height\":582},{\"@type\":\"BreadcrumbList\",\"@id\":\"https:\\\/\\\/www.latribunedufaso.net\\\/?p=3679#breadcrumb\",\"itemListElement\":[{\"@type\":\"ListItem\",\"position\":1,\"name\":\"Accueil\",\"item\":\"https:\\\/\\\/www.latribunedufaso.net\\\/\"},{\"@type\":\"ListItem\",\"position\":2,\"name\":\"AG des Soci\u00e9t\u00e9s d\u2019Etat\u00a0: Trois soci\u00e9t\u00e9s d\u2019Etat sur 21, d\u00e9clar\u00e9es d\u00e9ficitaires en 2020\"}]},{\"@type\":\"WebSite\",\"@id\":\"https:\\\/\\\/www.latribunedufaso.net\\\/#website\",\"url\":\"https:\\\/\\\/www.latribunedufaso.net\\\/\",\"name\":\"La Tribune du Faso\",\"description\":\"L&#039;information du monde rural en un clic\",\"publisher\":{\"@id\":\"https:\\\/\\\/www.latribunedufaso.net\\\/#organization\"},\"potentialAction\":[{\"@type\":\"SearchAction\",\"target\":{\"@type\":\"EntryPoint\",\"urlTemplate\":\"https:\\\/\\\/www.latribunedufaso.net\\\/?s={search_term_string}\"},\"query-input\":{\"@type\":\"PropertyValueSpecification\",\"valueRequired\":true,\"valueName\":\"search_term_string\"}}],\"inLanguage\":\"fr-FR\"},{\"@type\":\"Organization\",\"@id\":\"https:\\\/\\\/www.latribunedufaso.net\\\/#organization\",\"name\":\"La Tribune du Faso\",\"url\":\"https:\\\/\\\/www.latribunedufaso.net\\\/\",\"logo\":{\"@type\":\"ImageObject\",\"inLanguage\":\"fr-FR\",\"@id\":\"https:\\\/\\\/www.latribunedufaso.net\\\/#\\\/schema\\\/logo\\\/image\\\/\",\"url\":\"https:\\\/\\\/www.latribunedufaso.net\\\/wp-content\\\/uploads\\\/2020\\\/08\\\/Logo-Tribune-du-Faso-final-scaled.jpg\",\"contentUrl\":\"https:\\\/\\\/www.latribunedufaso.net\\\/wp-content\\\/uploads\\\/2020\\\/08\\\/Logo-Tribune-du-Faso-final-scaled.jpg\",\"width\":2560,\"height\":1856,\"caption\":\"La Tribune du Faso\"},\"image\":{\"@id\":\"https:\\\/\\\/www.latribunedufaso.net\\\/#\\\/schema\\\/logo\\\/image\\\/\"},\"sameAs\":[\"https:\\\/\\\/www.facebook.com\\\/LatribuneduFaso\\\/\"]},{\"@type\":\"Person\",\"@id\":\"https:\\\/\\\/www.latribunedufaso.net\\\/#\\\/schema\\\/person\\\/a380782d0605bb8aae27c40ea93b35b1\",\"name\":\"Administrateur\",\"image\":{\"@type\":\"ImageObject\",\"inLanguage\":\"fr-FR\",\"@id\":\"https:\\\/\\\/secure.gravatar.com\\\/avatar\\\/e20266f97d741f0e80ba1f60283074a9b3317fd7bfb727e0d95b51dafbf854a1?s=96&d=mm&r=g\",\"url\":\"https:\\\/\\\/secure.gravatar.com\\\/avatar\\\/e20266f97d741f0e80ba1f60283074a9b3317fd7bfb727e0d95b51dafbf854a1?s=96&d=mm&r=g\",\"contentUrl\":\"https:\\\/\\\/secure.gravatar.com\\\/avatar\\\/e20266f97d741f0e80ba1f60283074a9b3317fd7bfb727e0d95b51dafbf854a1?s=96&d=mm&r=g\",\"caption\":\"Administrateur\"},\"url\":\"https:\\\/\\\/www.latribunedufaso.net\\\/?author=2\"}]}<\/script>\n<!-- \/ Yoast SEO plugin. -->","yoast_head_json":{"title":"AG des Soci\u00e9t\u00e9s d\u2019Etat\u00a0: Trois soci\u00e9t\u00e9s d\u2019Etat sur 21, d\u00e9clar\u00e9es d\u00e9ficitaires en 2020 - La Tribune du Faso","robots":{"index":"index","follow":"follow","max-snippet":"max-snippet:-1","max-image-preview":"max-image-preview:large","max-video-preview":"max-video-preview:-1"},"canonical":"https:\/\/www.latribunedufaso.net\/?p=3679","og_locale":"fr_FR","og_type":"article","og_title":"AG des Soci\u00e9t\u00e9s d\u2019Etat\u00a0: Trois soci\u00e9t\u00e9s d\u2019Etat sur 21, d\u00e9clar\u00e9es d\u00e9ficitaires en 2020 - La Tribune du Faso","og_description":"Pr\u00e9vue pour durer deux jours, soit du 24 au 25 juin 2021, l\u2019Assembl\u00e9e g\u00e9n\u00e9rale des Soci\u00e9t\u00e9s d\u2019Etat (AG-SE) a \u00e9t\u00e9 officiellement ouverte ce jeudi 24 juin 2021, \u00e0 Ouagadougou, par le Premier ministre, pr\u00e9sident par d\u00e9l\u00e9gation de l\u2019AG, Christophe Dabir\u00e9. 29e du genre, il s\u2019agira, au cours de la pr\u00e9sente session, de d\u00e9lib\u00e9rer sur les comptes de 22 entreprises dont 19 soci\u00e9t\u00e9s d\u2019Etat et 03 Etablissements publics de pr\u00e9voyance sociale (EPPS). Les soci\u00e9t\u00e9s concern\u00e9es, pr\u00e9senteront, \u00e0 tour de r\u00f4le, leurs \u00e9tats financiers au titre de l\u2019exercice clos au 31 d\u00e9cembre 2020.","og_url":"https:\/\/www.latribunedufaso.net\/?p=3679","og_site_name":"La Tribune du Faso","article_publisher":"https:\/\/www.facebook.com\/LatribuneduFaso\/","article_published_time":"2021-06-24T18:53:22+00:00","article_modified_time":"2021-06-24T19:08:58+00:00","og_image":[{"width":1024,"height":582,"url":"https:\/\/latribunedufaso.net\/wp-content\/uploads\/2021\/06\/IMG-20210624-WA0049.jpg","type":"image\/jpeg"}],"author":"Administrateur","twitter_misc":{"\u00c9crit par":"Administrateur","Dur\u00e9e de lecture estim\u00e9e":"7 minutes"},"schema":{"@context":"https:\/\/schema.org","@graph":[{"@type":"Article","@id":"https:\/\/www.latribunedufaso.net\/?p=3679#article","isPartOf":{"@id":"https:\/\/www.latribunedufaso.net\/?p=3679"},"author":{"name":"Administrateur","@id":"https:\/\/www.latribunedufaso.net\/#\/schema\/person\/a380782d0605bb8aae27c40ea93b35b1"},"headline":"AG des Soci\u00e9t\u00e9s d\u2019Etat\u00a0: Trois soci\u00e9t\u00e9s d\u2019Etat sur 21, d\u00e9clar\u00e9es d\u00e9ficitaires en 2020","datePublished":"2021-06-24T18:53:22+00:00","dateModified":"2021-06-24T19:08:58+00:00","mainEntityOfPage":{"@id":"https:\/\/www.latribunedufaso.net\/?p=3679"},"wordCount":1353,"commentCount":0,"publisher":{"@id":"https:\/\/www.latribunedufaso.net\/#organization"},"image":{"@id":"https:\/\/www.latribunedufaso.net\/?p=3679#primaryimage"},"thumbnailUrl":"https:\/\/www.latribunedufaso.net\/wp-content\/uploads\/2021\/06\/IMG-20210624-WA0049.jpg","articleSection":["A la une","Actualit\u00e9","Economie"],"inLanguage":"fr-FR","potentialAction":[{"@type":"CommentAction","name":"Comment","target":["https:\/\/www.latribunedufaso.net\/?p=3679#respond"]}]},{"@type":"WebPage","@id":"https:\/\/www.latribunedufaso.net\/?p=3679","url":"https:\/\/www.latribunedufaso.net\/?p=3679","name":"AG des Soci\u00e9t\u00e9s d\u2019Etat\u00a0: Trois soci\u00e9t\u00e9s d\u2019Etat sur 21, d\u00e9clar\u00e9es d\u00e9ficitaires en 2020 - La Tribune du Faso","isPartOf":{"@id":"https:\/\/www.latribunedufaso.net\/#website"},"primaryImageOfPage":{"@id":"https:\/\/www.latribunedufaso.net\/?p=3679#primaryimage"},"image":{"@id":"https:\/\/www.latribunedufaso.net\/?p=3679#primaryimage"},"thumbnailUrl":"https:\/\/www.latribunedufaso.net\/wp-content\/uploads\/2021\/06\/IMG-20210624-WA0049.jpg","datePublished":"2021-06-24T18:53:22+00:00","dateModified":"2021-06-24T19:08:58+00:00","breadcrumb":{"@id":"https:\/\/www.latribunedufaso.net\/?p=3679#breadcrumb"},"inLanguage":"fr-FR","potentialAction":[{"@type":"ReadAction","target":["https:\/\/www.latribunedufaso.net\/?p=3679"]}]},{"@type":"ImageObject","inLanguage":"fr-FR","@id":"https:\/\/www.latribunedufaso.net\/?p=3679#primaryimage","url":"https:\/\/www.latribunedufaso.net\/wp-content\/uploads\/2021\/06\/IMG-20210624-WA0049.jpg","contentUrl":"https:\/\/www.latribunedufaso.net\/wp-content\/uploads\/2021\/06\/IMG-20210624-WA0049.jpg","width":1024,"height":582},{"@type":"BreadcrumbList","@id":"https:\/\/www.latribunedufaso.net\/?p=3679#breadcrumb","itemListElement":[{"@type":"ListItem","position":1,"name":"Accueil","item":"https:\/\/www.latribunedufaso.net\/"},{"@type":"ListItem","position":2,"name":"AG des Soci\u00e9t\u00e9s d\u2019Etat\u00a0: Trois soci\u00e9t\u00e9s d\u2019Etat sur 21, d\u00e9clar\u00e9es d\u00e9ficitaires en 2020"}]},{"@type":"WebSite","@id":"https:\/\/www.latribunedufaso.net\/#website","url":"https:\/\/www.latribunedufaso.net\/","name":"La Tribune du Faso","description":"L&#039;information du monde rural en un clic","publisher":{"@id":"https:\/\/www.latribunedufaso.net\/#organization"},"potentialAction":[{"@type":"SearchAction","target":{"@type":"EntryPoint","urlTemplate":"https:\/\/www.latribunedufaso.net\/?s={search_term_string}"},"query-input":{"@type":"PropertyValueSpecification","valueRequired":true,"valueName":"search_term_string"}}],"inLanguage":"fr-FR"},{"@type":"Organization","@id":"https:\/\/www.latribunedufaso.net\/#organization","name":"La Tribune du Faso","url":"https:\/\/www.latribunedufaso.net\/","logo":{"@type":"ImageObject","inLanguage":"fr-FR","@id":"https:\/\/www.latribunedufaso.net\/#\/schema\/logo\/image\/","url":"https:\/\/www.latribunedufaso.net\/wp-content\/uploads\/2020\/08\/Logo-Tribune-du-Faso-final-scaled.jpg","contentUrl":"https:\/\/www.latribunedufaso.net\/wp-content\/uploads\/2020\/08\/Logo-Tribune-du-Faso-final-scaled.jpg","width":2560,"height":1856,"caption":"La Tribune du Faso"},"image":{"@id":"https:\/\/www.latribunedufaso.net\/#\/schema\/logo\/image\/"},"sameAs":["https:\/\/www.facebook.com\/LatribuneduFaso\/"]},{"@type":"Person","@id":"https:\/\/www.latribunedufaso.net\/#\/schema\/person\/a380782d0605bb8aae27c40ea93b35b1","name":"Administrateur","image":{"@type":"ImageObject","inLanguage":"fr-FR","@id":"https:\/\/secure.gravatar.com\/avatar\/e20266f97d741f0e80ba1f60283074a9b3317fd7bfb727e0d95b51dafbf854a1?s=96&d=mm&r=g","url":"https:\/\/secure.gravatar.com\/avatar\/e20266f97d741f0e80ba1f60283074a9b3317fd7bfb727e0d95b51dafbf854a1?s=96&d=mm&r=g","contentUrl":"https:\/\/secure.gravatar.com\/avatar\/e20266f97d741f0e80ba1f60283074a9b3317fd7bfb727e0d95b51dafbf854a1?s=96&d=mm&r=g","caption":"Administrateur"},"url":"https:\/\/www.latribunedufaso.net\/?author=2"}]}},"_links":{"self":[{"href":"https:\/\/www.latribunedufaso.net\/index.php?rest_route=\/wp\/v2\/posts\/3679","targetHints":{"allow":["GET"]}}],"collection":[{"href":"https:\/\/www.latribunedufaso.net\/index.php?rest_route=\/wp\/v2\/posts"}],"about":[{"href":"https:\/\/www.latribunedufaso.net\/index.php?rest_route=\/wp\/v2\/types\/post"}],"author":[{"embeddable":true,"href":"https:\/\/www.latribunedufaso.net\/index.php?rest_route=\/wp\/v2\/users\/2"}],"replies":[{"embeddable":true,"href":"https:\/\/www.latribunedufaso.net\/index.php?rest_route=%2Fwp%2Fv2%2Fcomments&post=3679"}],"version-history":[{"count":5,"href":"https:\/\/www.latribunedufaso.net\/index.php?rest_route=\/wp\/v2\/posts\/3679\/revisions"}],"predecessor-version":[{"id":3686,"href":"https:\/\/www.latribunedufaso.net\/index.php?rest_route=\/wp\/v2\/posts\/3679\/revisions\/3686"}],"wp:featuredmedia":[{"embeddable":true,"href":"https:\/\/www.latribunedufaso.net\/index.php?rest_route=\/wp\/v2\/media\/3669"}],"wp:attachment":[{"href":"https:\/\/www.latribunedufaso.net\/index.php?rest_route=%2Fwp%2Fv2%2Fmedia&parent=3679"}],"wp:term":[{"taxonomy":"category","embeddable":true,"href":"https:\/\/www.latribunedufaso.net\/index.php?rest_route=%2Fwp%2Fv2%2Fcategories&post=3679"},{"taxonomy":"post_tag","embeddable":true,"href":"https:\/\/www.latribunedufaso.net\/index.php?rest_route=%2Fwp%2Fv2%2Ftags&post=3679"}],"curies":[{"name":"wp","href":"https:\/\/api.w.org\/{rel}","templated":true}]}}