{"id":3574,"date":"2021-06-21T09:55:06","date_gmt":"2021-06-21T09:55:06","guid":{"rendered":"https:\/\/www.latribunedufaso.net\/?p=3574"},"modified":"2021-06-21T09:55:06","modified_gmt":"2021-06-21T09:55:06","slug":"agriculture-lutilisation-des-semences-ameliorees-certifiees-pour-une-securite-alimentaire","status":"publish","type":"post","link":"https:\/\/www.latribunedufaso.net\/?p=3574","title":{"rendered":"Agriculture : L&rsquo;utilisation des semences am\u00e9lior\u00e9es certifi\u00e9es pour une s\u00e9curit\u00e9 alimentaire"},"content":{"rendered":"<p><strong><span style=\"font-size: 1.0625rem;\">La 2e \u00e9dition des Journ\u00e9es promotionnelles des semences agricoles am\u00e9lior\u00e9es certifi\u00e9es (J-PROSAC) a ouvert ses portes sous le th\u00e8me : \u00ab Dans un contexte de crises s\u00e9curitaire et sanitaire, quelle strat\u00e9gie pour accro\u00eetre l&rsquo;utilisation des semences am\u00e9lior\u00e9es certifi\u00e9es en vue d&rsquo;une s\u00e9curit\u00e9 alimentaire au Burkina Faso ? \u00bb. La c\u00e9r\u00e9monie marquant l\u2019ouverture officielle desdites journ\u00e9es est intervenue ce vendredi 18 juin 2021, \u00e0 la maison du peuple, \u00e0 Ouagadougou.\u00a0<\/span><\/strong><br \/>\n<!--more--><\/p>\n<p><a href=\"https:\/\/latribunedufaso.net\/wp-content\/uploads\/2021\/06\/IMG-20210618-WA0022.jpg\"><img loading=\"lazy\" decoding=\"async\" class=\"size-medium wp-image-3564 aligncenter\" src=\"https:\/\/latribunedufaso.net\/wp-content\/uploads\/2021\/06\/IMG-20210618-WA0022-300x135.jpg\" alt=\"\" width=\"300\" height=\"135\" srcset=\"https:\/\/www.latribunedufaso.net\/wp-content\/uploads\/2021\/06\/IMG-20210618-WA0022-300x135.jpg 300w, https:\/\/www.latribunedufaso.net\/wp-content\/uploads\/2021\/06\/IMG-20210618-WA0022-1024x461.jpg 1024w, https:\/\/www.latribunedufaso.net\/wp-content\/uploads\/2021\/06\/IMG-20210618-WA0022-768x346.jpg 768w, https:\/\/www.latribunedufaso.net\/wp-content\/uploads\/2021\/06\/IMG-20210618-WA0022.jpg 1040w\" sizes=\"auto, (max-width: 300px) 100vw, 300px\" \/><\/a>Durant 96 heures, soit du jeudi 17 au dimanche 20 juin 2021, l\u2019enceinte de la maison du peuple de Ouagadougou va vibrer au rythme de la 2e \u00e9dition des Journ\u00e9es promotionnelles des semences agricoles am\u00e9lior\u00e9es certifi\u00e9es (J-PROSAC). Le patron de la pr\u00e9sente \u00e9dition, le premier ministre, Christophe Dabir\u00e9, dans son allocution lue par le ministre de l\u2019agriculture, des am\u00e9nagements hydro-agricoles et de la m\u00e9canisation, par ailleurs parrain de l\u2019\u00e9dition, Salifou Ou\u00e9draogo, a fait savoir sa conviction de voir des recommandations \u00e0 l\u2019issue des r\u00e9flexions th\u00e9matiques qui seront men\u00e9es au cours desdites Journ\u00e9es. \u00ab Je suis convaincu que les r\u00e9flexions th\u00e9matiques qui seront men\u00e9es lors de ces Journ\u00e9es aboutiront \u00e0 des recommandations pertinentes susceptibles de consolider les actions d\u00e9j\u00e0 entreprises pour l\u2019essor du secteur semencier national \u00bb, a-t-il laiss\u00e9 entendre. Aussi fait-il savoir que le \u2018\u2019salut\u2019\u2019 de l\u2019agriculture au Burkina Faso demeure dans l\u2019usage des semences am\u00e9lior\u00e9es certifi\u00e9es. \u00ab L\u2019une des meilleures solutions plausibles du d\u00e9veloppement de notre agriculture r\u00e9side dans l\u2019utilisation efficiente des semences am\u00e9lior\u00e9es certifi\u00e9es qui se r\u00e9v\u00e8lent comme un moyen d\u2019intensification de la production agricole, de renforcement de la r\u00e9silience et de la s\u00e9curit\u00e9 alimentaire et d\u2019am\u00e9lioration des revenus des m\u00e9nages ruraux. \u00bb, a-t-il fait comprendre.<\/p>\n<p><a href=\"https:\/\/latribunedufaso.net\/wp-content\/uploads\/2021\/06\/IMG-20210618-WA0023.jpg\"><img loading=\"lazy\" decoding=\"async\" class=\"size-medium wp-image-3563 aligncenter\" src=\"https:\/\/latribunedufaso.net\/wp-content\/uploads\/2021\/06\/IMG-20210618-WA0023-300x135.jpg\" alt=\"\" width=\"300\" height=\"135\" srcset=\"https:\/\/www.latribunedufaso.net\/wp-content\/uploads\/2021\/06\/IMG-20210618-WA0023-300x135.jpg 300w, https:\/\/www.latribunedufaso.net\/wp-content\/uploads\/2021\/06\/IMG-20210618-WA0023-1024x461.jpg 1024w, https:\/\/www.latribunedufaso.net\/wp-content\/uploads\/2021\/06\/IMG-20210618-WA0023-768x346.jpg 768w, https:\/\/www.latribunedufaso.net\/wp-content\/uploads\/2021\/06\/IMG-20210618-WA0023.jpg 1040w\" sizes=\"auto, (max-width: 300px) 100vw, 300px\" \/><\/a><\/p>\n<p>Pour sa part, apr\u00e8s la visite des stands d\u00e9di\u00e9s aux J-PROSAC, le parrain de l\u2019\u00e9dition a f\u00e9licit\u00e9 l\u2019Union nationale des soci\u00e9t\u00e9s coop\u00e9ratives des producteurs semenciers du Burkina (UNPSB) pour la tenue de cette seconde \u00e9dition, qui va permettre aux agriculteurs de se procurer des semences am\u00e9lior\u00e9es certifi\u00e9es. \u00ab\u00a0Je f\u00e9licite l\u2019UNPSB pour avoir tenu cette 2e \u00e9dition des J-PROSAC malgr\u00e9 le contexte s\u00e9curitaire et sanitaire. C\u2019est une belle initiative qui va permettre \u00e0 tout un chacun de pouvoir avoir acc\u00e8s aux semences de qualit\u00e9s et surtout prendre en compte ses besoins dans le cadre de l\u2019augmentation de la production.\u00a0\u00bb, s\u2019est-il exprim\u00e9. \u00c0 l\u2019entendre, ces journ\u00e9es sont assez importantes, car au-del\u00e0 du fait que les semenciers vendent leurs semences, elles constituent un tremplin pour les semenciers de nouer des relations d\u2019amiti\u00e9s et professionnelles.<\/p>\n<p><a href=\"https:\/\/latribunedufaso.net\/wp-content\/uploads\/2021\/06\/IMG-20210618-WA0026.jpg\"><img loading=\"lazy\" decoding=\"async\" class=\"size-medium wp-image-3570 aligncenter\" src=\"https:\/\/latribunedufaso.net\/wp-content\/uploads\/2021\/06\/IMG-20210618-WA0026-300x169.jpg\" alt=\"\" width=\"300\" height=\"169\" srcset=\"https:\/\/www.latribunedufaso.net\/wp-content\/uploads\/2021\/06\/IMG-20210618-WA0026-300x169.jpg 300w, https:\/\/www.latribunedufaso.net\/wp-content\/uploads\/2021\/06\/IMG-20210618-WA0026-768x432.jpg 768w, https:\/\/www.latribunedufaso.net\/wp-content\/uploads\/2021\/06\/IMG-20210618-WA0026.jpg 960w\" sizes=\"auto, (max-width: 300px) 100vw, 300px\" \/><\/a><\/p>\n<p>Le pr\u00e9sident de l\u2019UNPSB, Inoussa Ou\u00e9draogo a, quant \u00e0 lui, remerci\u00e9 le gouvernement pour son accompagnement. Pour lui, les J-PROSAC d\u00e9coulent de la volont\u00e9 de l\u2019UNPSB de vulgariser les semences am\u00e9lior\u00e9es certifi\u00e9es dans le sens de l\u2019augmentation des rendements agricoles, car dit-il, \u00ab\u00a0pour une bonne production agricole, la semence joue pour 40 %\u00a0\u00bb.<\/p>\n<p>En rappel, cette \u00e9dition des J-PROSAC a pour pr\u00e9sident d\u2019honneur le repr\u00e9sentant pays de l&rsquo;Organisation des Nations unies pour l&rsquo;alimentation et l&rsquo;agriculture (FAO), Dauda Sau.<\/p>\n<p><strong>Tiba Kassamse Ou\u00e9draogo <\/strong><br \/>\n<strong>Latribunedufaso.net<\/strong><\/p>\n","protected":false},"excerpt":{"rendered":"<p>La 2e \u00e9dition des Journ\u00e9es promotionnelles des semences agricoles am\u00e9lior\u00e9es certifi\u00e9es (J-PROSAC) a ouvert ses portes sous le th\u00e8me : \u00ab Dans un contexte de crises s\u00e9curitaire et sanitaire, quelle strat\u00e9gie pour accro\u00eetre l&rsquo;utilisation des semences am\u00e9lior\u00e9es certifi\u00e9es en vue d&rsquo;une s\u00e9curit\u00e9 alimentaire au Burkina Faso ? \u00bb. La c\u00e9r\u00e9monie marquant l\u2019ouverture officielle desdites journ\u00e9es est intervenue ce vendredi 18 juin 2021, \u00e0 la maison du peuple, \u00e0 Ouagadougou.\u00a0<\/p>\n","protected":false},"author":2,"featured_media":3565,"comment_status":"open","ping_status":"open","sticky":false,"template":"","format":"standard","meta":{"footnotes":""},"categories":[13,1,3],"tags":[],"class_list":["post-3574","post","type-post","status-publish","format-standard","has-post-thumbnail","hentry","category-une","category-actu","category-agri"],"yoast_head":"<!-- This site is optimized with the Yoast SEO plugin v27.4 - https:\/\/yoast.com\/product\/yoast-seo-wordpress\/ -->\n<title>Agriculture : L&#039;utilisation des semences am\u00e9lior\u00e9es certifi\u00e9es pour une s\u00e9curit\u00e9 alimentaire - La Tribune du Faso<\/title>\n<meta name=\"robots\" content=\"index, follow, max-snippet:-1, max-image-preview:large, max-video-preview:-1\" \/>\n<link rel=\"canonical\" href=\"https:\/\/www.latribunedufaso.net\/?p=3574\" \/>\n<meta property=\"og:locale\" content=\"fr_FR\" \/>\n<meta property=\"og:type\" content=\"article\" \/>\n<meta property=\"og:title\" content=\"Agriculture : L&#039;utilisation des semences am\u00e9lior\u00e9es certifi\u00e9es pour une s\u00e9curit\u00e9 alimentaire - La Tribune du Faso\" \/>\n<meta property=\"og:description\" content=\"La 2e \u00e9dition des Journ\u00e9es promotionnelles des semences agricoles am\u00e9lior\u00e9es certifi\u00e9es (J-PROSAC) a ouvert ses portes sous le th\u00e8me : \u00ab Dans un contexte de crises s\u00e9curitaire et sanitaire, quelle strat\u00e9gie pour accro\u00eetre l&rsquo;utilisation des semences am\u00e9lior\u00e9es certifi\u00e9es en vue d&rsquo;une s\u00e9curit\u00e9 alimentaire au Burkina Faso ? \u00bb. La c\u00e9r\u00e9monie marquant l\u2019ouverture officielle desdites journ\u00e9es est intervenue ce vendredi 18 juin 2021, \u00e0 la maison du peuple, \u00e0 Ouagadougou.\u00a0\" \/>\n<meta property=\"og:url\" content=\"https:\/\/www.latribunedufaso.net\/?p=3574\" \/>\n<meta property=\"og:site_name\" content=\"La Tribune du Faso\" \/>\n<meta property=\"article:publisher\" content=\"https:\/\/www.facebook.com\/LatribuneduFaso\/\" \/>\n<meta property=\"article:published_time\" content=\"2021-06-21T09:55:06+00:00\" \/>\n<meta property=\"og:image\" content=\"https:\/\/latribunedufaso.net\/wp-content\/uploads\/2021\/06\/IMG-20210618-WA0025.jpg\" \/>\n\t<meta property=\"og:image:width\" content=\"1040\" \/>\n\t<meta property=\"og:image:height\" content=\"468\" \/>\n\t<meta property=\"og:image:type\" content=\"image\/jpeg\" \/>\n<meta name=\"author\" content=\"Administrateur\" \/>\n<meta name=\"twitter:label1\" content=\"\u00c9crit par\" \/>\n\t<meta name=\"twitter:data1\" content=\"Administrateur\" \/>\n\t<meta name=\"twitter:label2\" content=\"Dur\u00e9e de lecture estim\u00e9e\" \/>\n\t<meta name=\"twitter:data2\" content=\"3 minutes\" \/>\n<script type=\"application\/ld+json\" class=\"yoast-schema-graph\">{\"@context\":\"https:\\\/\\\/schema.org\",\"@graph\":[{\"@type\":\"Article\",\"@id\":\"https:\\\/\\\/www.latribunedufaso.net\\\/?p=3574#article\",\"isPartOf\":{\"@id\":\"https:\\\/\\\/www.latribunedufaso.net\\\/?p=3574\"},\"author\":{\"name\":\"Administrateur\",\"@id\":\"https:\\\/\\\/www.latribunedufaso.net\\\/#\\\/schema\\\/person\\\/a380782d0605bb8aae27c40ea93b35b1\"},\"headline\":\"Agriculture : L&rsquo;utilisation des semences am\u00e9lior\u00e9es certifi\u00e9es pour une s\u00e9curit\u00e9 alimentaire\",\"datePublished\":\"2021-06-21T09:55:06+00:00\",\"mainEntityOfPage\":{\"@id\":\"https:\\\/\\\/www.latribunedufaso.net\\\/?p=3574\"},\"wordCount\":573,\"commentCount\":0,\"publisher\":{\"@id\":\"https:\\\/\\\/www.latribunedufaso.net\\\/#organization\"},\"image\":{\"@id\":\"https:\\\/\\\/www.latribunedufaso.net\\\/?p=3574#primaryimage\"},\"thumbnailUrl\":\"https:\\\/\\\/www.latribunedufaso.net\\\/wp-content\\\/uploads\\\/2021\\\/06\\\/IMG-20210618-WA0025.jpg\",\"articleSection\":[\"A la une\",\"Actualit\u00e9\",\"Agriculture\"],\"inLanguage\":\"fr-FR\",\"potentialAction\":[{\"@type\":\"CommentAction\",\"name\":\"Comment\",\"target\":[\"https:\\\/\\\/www.latribunedufaso.net\\\/?p=3574#respond\"]}]},{\"@type\":\"WebPage\",\"@id\":\"https:\\\/\\\/www.latribunedufaso.net\\\/?p=3574\",\"url\":\"https:\\\/\\\/www.latribunedufaso.net\\\/?p=3574\",\"name\":\"Agriculture : L'utilisation des semences am\u00e9lior\u00e9es certifi\u00e9es pour une s\u00e9curit\u00e9 alimentaire - La Tribune du Faso\",\"isPartOf\":{\"@id\":\"https:\\\/\\\/www.latribunedufaso.net\\\/#website\"},\"primaryImageOfPage\":{\"@id\":\"https:\\\/\\\/www.latribunedufaso.net\\\/?p=3574#primaryimage\"},\"image\":{\"@id\":\"https:\\\/\\\/www.latribunedufaso.net\\\/?p=3574#primaryimage\"},\"thumbnailUrl\":\"https:\\\/\\\/www.latribunedufaso.net\\\/wp-content\\\/uploads\\\/2021\\\/06\\\/IMG-20210618-WA0025.jpg\",\"datePublished\":\"2021-06-21T09:55:06+00:00\",\"breadcrumb\":{\"@id\":\"https:\\\/\\\/www.latribunedufaso.net\\\/?p=3574#breadcrumb\"},\"inLanguage\":\"fr-FR\",\"potentialAction\":[{\"@type\":\"ReadAction\",\"target\":[\"https:\\\/\\\/www.latribunedufaso.net\\\/?p=3574\"]}]},{\"@type\":\"ImageObject\",\"inLanguage\":\"fr-FR\",\"@id\":\"https:\\\/\\\/www.latribunedufaso.net\\\/?p=3574#primaryimage\",\"url\":\"https:\\\/\\\/www.latribunedufaso.net\\\/wp-content\\\/uploads\\\/2021\\\/06\\\/IMG-20210618-WA0025.jpg\",\"contentUrl\":\"https:\\\/\\\/www.latribunedufaso.net\\\/wp-content\\\/uploads\\\/2021\\\/06\\\/IMG-20210618-WA0025.jpg\",\"width\":1040,\"height\":468},{\"@type\":\"BreadcrumbList\",\"@id\":\"https:\\\/\\\/www.latribunedufaso.net\\\/?p=3574#breadcrumb\",\"itemListElement\":[{\"@type\":\"ListItem\",\"position\":1,\"name\":\"Accueil\",\"item\":\"https:\\\/\\\/www.latribunedufaso.net\\\/\"},{\"@type\":\"ListItem\",\"position\":2,\"name\":\"Agriculture : L&#8217;utilisation des semences am\u00e9lior\u00e9es certifi\u00e9es pour une s\u00e9curit\u00e9 alimentaire\"}]},{\"@type\":\"WebSite\",\"@id\":\"https:\\\/\\\/www.latribunedufaso.net\\\/#website\",\"url\":\"https:\\\/\\\/www.latribunedufaso.net\\\/\",\"name\":\"La Tribune du Faso\",\"description\":\"L&#039;information du monde rural en un clic\",\"publisher\":{\"@id\":\"https:\\\/\\\/www.latribunedufaso.net\\\/#organization\"},\"potentialAction\":[{\"@type\":\"SearchAction\",\"target\":{\"@type\":\"EntryPoint\",\"urlTemplate\":\"https:\\\/\\\/www.latribunedufaso.net\\\/?s={search_term_string}\"},\"query-input\":{\"@type\":\"PropertyValueSpecification\",\"valueRequired\":true,\"valueName\":\"search_term_string\"}}],\"inLanguage\":\"fr-FR\"},{\"@type\":\"Organization\",\"@id\":\"https:\\\/\\\/www.latribunedufaso.net\\\/#organization\",\"name\":\"La Tribune du Faso\",\"url\":\"https:\\\/\\\/www.latribunedufaso.net\\\/\",\"logo\":{\"@type\":\"ImageObject\",\"inLanguage\":\"fr-FR\",\"@id\":\"https:\\\/\\\/www.latribunedufaso.net\\\/#\\\/schema\\\/logo\\\/image\\\/\",\"url\":\"https:\\\/\\\/www.latribunedufaso.net\\\/wp-content\\\/uploads\\\/2020\\\/08\\\/Logo-Tribune-du-Faso-final-scaled.jpg\",\"contentUrl\":\"https:\\\/\\\/www.latribunedufaso.net\\\/wp-content\\\/uploads\\\/2020\\\/08\\\/Logo-Tribune-du-Faso-final-scaled.jpg\",\"width\":2560,\"height\":1856,\"caption\":\"La Tribune du Faso\"},\"image\":{\"@id\":\"https:\\\/\\\/www.latribunedufaso.net\\\/#\\\/schema\\\/logo\\\/image\\\/\"},\"sameAs\":[\"https:\\\/\\\/www.facebook.com\\\/LatribuneduFaso\\\/\"]},{\"@type\":\"Person\",\"@id\":\"https:\\\/\\\/www.latribunedufaso.net\\\/#\\\/schema\\\/person\\\/a380782d0605bb8aae27c40ea93b35b1\",\"name\":\"Administrateur\",\"image\":{\"@type\":\"ImageObject\",\"inLanguage\":\"fr-FR\",\"@id\":\"https:\\\/\\\/secure.gravatar.com\\\/avatar\\\/e20266f97d741f0e80ba1f60283074a9b3317fd7bfb727e0d95b51dafbf854a1?s=96&d=mm&r=g\",\"url\":\"https:\\\/\\\/secure.gravatar.com\\\/avatar\\\/e20266f97d741f0e80ba1f60283074a9b3317fd7bfb727e0d95b51dafbf854a1?s=96&d=mm&r=g\",\"contentUrl\":\"https:\\\/\\\/secure.gravatar.com\\\/avatar\\\/e20266f97d741f0e80ba1f60283074a9b3317fd7bfb727e0d95b51dafbf854a1?s=96&d=mm&r=g\",\"caption\":\"Administrateur\"},\"url\":\"https:\\\/\\\/www.latribunedufaso.net\\\/?author=2\"}]}<\/script>\n<!-- \/ Yoast SEO plugin. -->","yoast_head_json":{"title":"Agriculture : L'utilisation des semences am\u00e9lior\u00e9es certifi\u00e9es pour une s\u00e9curit\u00e9 alimentaire - La Tribune du Faso","robots":{"index":"index","follow":"follow","max-snippet":"max-snippet:-1","max-image-preview":"max-image-preview:large","max-video-preview":"max-video-preview:-1"},"canonical":"https:\/\/www.latribunedufaso.net\/?p=3574","og_locale":"fr_FR","og_type":"article","og_title":"Agriculture : L'utilisation des semences am\u00e9lior\u00e9es certifi\u00e9es pour une s\u00e9curit\u00e9 alimentaire - La Tribune du Faso","og_description":"La 2e \u00e9dition des Journ\u00e9es promotionnelles des semences agricoles am\u00e9lior\u00e9es certifi\u00e9es (J-PROSAC) a ouvert ses portes sous le th\u00e8me : \u00ab Dans un contexte de crises s\u00e9curitaire et sanitaire, quelle strat\u00e9gie pour accro\u00eetre l&rsquo;utilisation des semences am\u00e9lior\u00e9es certifi\u00e9es en vue d&rsquo;une s\u00e9curit\u00e9 alimentaire au Burkina Faso ? \u00bb. La c\u00e9r\u00e9monie marquant l\u2019ouverture officielle desdites journ\u00e9es est intervenue ce vendredi 18 juin 2021, \u00e0 la maison du peuple, \u00e0 Ouagadougou.\u00a0","og_url":"https:\/\/www.latribunedufaso.net\/?p=3574","og_site_name":"La Tribune du Faso","article_publisher":"https:\/\/www.facebook.com\/LatribuneduFaso\/","article_published_time":"2021-06-21T09:55:06+00:00","og_image":[{"width":1040,"height":468,"url":"https:\/\/latribunedufaso.net\/wp-content\/uploads\/2021\/06\/IMG-20210618-WA0025.jpg","type":"image\/jpeg"}],"author":"Administrateur","twitter_misc":{"\u00c9crit par":"Administrateur","Dur\u00e9e de lecture estim\u00e9e":"3 minutes"},"schema":{"@context":"https:\/\/schema.org","@graph":[{"@type":"Article","@id":"https:\/\/www.latribunedufaso.net\/?p=3574#article","isPartOf":{"@id":"https:\/\/www.latribunedufaso.net\/?p=3574"},"author":{"name":"Administrateur","@id":"https:\/\/www.latribunedufaso.net\/#\/schema\/person\/a380782d0605bb8aae27c40ea93b35b1"},"headline":"Agriculture : L&rsquo;utilisation des semences am\u00e9lior\u00e9es certifi\u00e9es pour une s\u00e9curit\u00e9 alimentaire","datePublished":"2021-06-21T09:55:06+00:00","mainEntityOfPage":{"@id":"https:\/\/www.latribunedufaso.net\/?p=3574"},"wordCount":573,"commentCount":0,"publisher":{"@id":"https:\/\/www.latribunedufaso.net\/#organization"},"image":{"@id":"https:\/\/www.latribunedufaso.net\/?p=3574#primaryimage"},"thumbnailUrl":"https:\/\/www.latribunedufaso.net\/wp-content\/uploads\/2021\/06\/IMG-20210618-WA0025.jpg","articleSection":["A la une","Actualit\u00e9","Agriculture"],"inLanguage":"fr-FR","potentialAction":[{"@type":"CommentAction","name":"Comment","target":["https:\/\/www.latribunedufaso.net\/?p=3574#respond"]}]},{"@type":"WebPage","@id":"https:\/\/www.latribunedufaso.net\/?p=3574","url":"https:\/\/www.latribunedufaso.net\/?p=3574","name":"Agriculture : L'utilisation des semences am\u00e9lior\u00e9es certifi\u00e9es pour une s\u00e9curit\u00e9 alimentaire - La Tribune du Faso","isPartOf":{"@id":"https:\/\/www.latribunedufaso.net\/#website"},"primaryImageOfPage":{"@id":"https:\/\/www.latribunedufaso.net\/?p=3574#primaryimage"},"image":{"@id":"https:\/\/www.latribunedufaso.net\/?p=3574#primaryimage"},"thumbnailUrl":"https:\/\/www.latribunedufaso.net\/wp-content\/uploads\/2021\/06\/IMG-20210618-WA0025.jpg","datePublished":"2021-06-21T09:55:06+00:00","breadcrumb":{"@id":"https:\/\/www.latribunedufaso.net\/?p=3574#breadcrumb"},"inLanguage":"fr-FR","potentialAction":[{"@type":"ReadAction","target":["https:\/\/www.latribunedufaso.net\/?p=3574"]}]},{"@type":"ImageObject","inLanguage":"fr-FR","@id":"https:\/\/www.latribunedufaso.net\/?p=3574#primaryimage","url":"https:\/\/www.latribunedufaso.net\/wp-content\/uploads\/2021\/06\/IMG-20210618-WA0025.jpg","contentUrl":"https:\/\/www.latribunedufaso.net\/wp-content\/uploads\/2021\/06\/IMG-20210618-WA0025.jpg","width":1040,"height":468},{"@type":"BreadcrumbList","@id":"https:\/\/www.latribunedufaso.net\/?p=3574#breadcrumb","itemListElement":[{"@type":"ListItem","position":1,"name":"Accueil","item":"https:\/\/www.latribunedufaso.net\/"},{"@type":"ListItem","position":2,"name":"Agriculture : L&#8217;utilisation des semences am\u00e9lior\u00e9es certifi\u00e9es pour une s\u00e9curit\u00e9 alimentaire"}]},{"@type":"WebSite","@id":"https:\/\/www.latribunedufaso.net\/#website","url":"https:\/\/www.latribunedufaso.net\/","name":"La Tribune du Faso","description":"L&#039;information du monde rural en un clic","publisher":{"@id":"https:\/\/www.latribunedufaso.net\/#organization"},"potentialAction":[{"@type":"SearchAction","target":{"@type":"EntryPoint","urlTemplate":"https:\/\/www.latribunedufaso.net\/?s={search_term_string}"},"query-input":{"@type":"PropertyValueSpecification","valueRequired":true,"valueName":"search_term_string"}}],"inLanguage":"fr-FR"},{"@type":"Organization","@id":"https:\/\/www.latribunedufaso.net\/#organization","name":"La Tribune du Faso","url":"https:\/\/www.latribunedufaso.net\/","logo":{"@type":"ImageObject","inLanguage":"fr-FR","@id":"https:\/\/www.latribunedufaso.net\/#\/schema\/logo\/image\/","url":"https:\/\/www.latribunedufaso.net\/wp-content\/uploads\/2020\/08\/Logo-Tribune-du-Faso-final-scaled.jpg","contentUrl":"https:\/\/www.latribunedufaso.net\/wp-content\/uploads\/2020\/08\/Logo-Tribune-du-Faso-final-scaled.jpg","width":2560,"height":1856,"caption":"La Tribune du Faso"},"image":{"@id":"https:\/\/www.latribunedufaso.net\/#\/schema\/logo\/image\/"},"sameAs":["https:\/\/www.facebook.com\/LatribuneduFaso\/"]},{"@type":"Person","@id":"https:\/\/www.latribunedufaso.net\/#\/schema\/person\/a380782d0605bb8aae27c40ea93b35b1","name":"Administrateur","image":{"@type":"ImageObject","inLanguage":"fr-FR","@id":"https:\/\/secure.gravatar.com\/avatar\/e20266f97d741f0e80ba1f60283074a9b3317fd7bfb727e0d95b51dafbf854a1?s=96&d=mm&r=g","url":"https:\/\/secure.gravatar.com\/avatar\/e20266f97d741f0e80ba1f60283074a9b3317fd7bfb727e0d95b51dafbf854a1?s=96&d=mm&r=g","contentUrl":"https:\/\/secure.gravatar.com\/avatar\/e20266f97d741f0e80ba1f60283074a9b3317fd7bfb727e0d95b51dafbf854a1?s=96&d=mm&r=g","caption":"Administrateur"},"url":"https:\/\/www.latribunedufaso.net\/?author=2"}]}},"_links":{"self":[{"href":"https:\/\/www.latribunedufaso.net\/index.php?rest_route=\/wp\/v2\/posts\/3574","targetHints":{"allow":["GET"]}}],"collection":[{"href":"https:\/\/www.latribunedufaso.net\/index.php?rest_route=\/wp\/v2\/posts"}],"about":[{"href":"https:\/\/www.latribunedufaso.net\/index.php?rest_route=\/wp\/v2\/types\/post"}],"author":[{"embeddable":true,"href":"https:\/\/www.latribunedufaso.net\/index.php?rest_route=\/wp\/v2\/users\/2"}],"replies":[{"embeddable":true,"href":"https:\/\/www.latribunedufaso.net\/index.php?rest_route=%2Fwp%2Fv2%2Fcomments&post=3574"}],"version-history":[{"count":1,"href":"https:\/\/www.latribunedufaso.net\/index.php?rest_route=\/wp\/v2\/posts\/3574\/revisions"}],"predecessor-version":[{"id":3575,"href":"https:\/\/www.latribunedufaso.net\/index.php?rest_route=\/wp\/v2\/posts\/3574\/revisions\/3575"}],"wp:featuredmedia":[{"embeddable":true,"href":"https:\/\/www.latribunedufaso.net\/index.php?rest_route=\/wp\/v2\/media\/3565"}],"wp:attachment":[{"href":"https:\/\/www.latribunedufaso.net\/index.php?rest_route=%2Fwp%2Fv2%2Fmedia&parent=3574"}],"wp:term":[{"taxonomy":"category","embeddable":true,"href":"https:\/\/www.latribunedufaso.net\/index.php?rest_route=%2Fwp%2Fv2%2Fcategories&post=3574"},{"taxonomy":"post_tag","embeddable":true,"href":"https:\/\/www.latribunedufaso.net\/index.php?rest_route=%2Fwp%2Fv2%2Ftags&post=3574"}],"curies":[{"name":"wp","href":"https:\/\/api.w.org\/{rel}","templated":true}]}}