{"id":3562,"date":"2021-06-21T08:04:43","date_gmt":"2021-06-21T08:04:43","guid":{"rendered":"https:\/\/www.latribunedufaso.net\/?p=3562"},"modified":"2021-06-21T08:04:43","modified_gmt":"2021-06-21T08:04:43","slug":"orezone-bombore-sa-la-construction-de-la-mine-avance-bien","status":"publish","type":"post","link":"https:\/\/www.latribunedufaso.net\/?p=3562","title":{"rendered":"Orezone Bombor\u00e9 SA : La construction de la mine avance bien"},"content":{"rendered":"<p><strong><span style=\"font-size: 1.0625rem;\">Le ministre de l\u2019\u00e9nergie, des mines et des carri\u00e8res, Dr Bachir Isma\u00ebl Ou\u00e9draogo, a effectu\u00e9 une visite sur le site en construction de la mine d\u2019or de Orezone Bombor\u00e9 SA, dans la localit\u00e9 de Nobsin, dans la commune de Mogt\u00e9do, province du Ganzourgou, r\u00e9gion du Plateau-central, le jeudi 17 juin 2021.<\/span><\/strong><br \/>\n<!--more--><\/p>\n<p><a href=\"https:\/\/latribunedufaso.net\/wp-content\/uploads\/2021\/06\/IMG-20210618-WA0037.jpg\"><img loading=\"lazy\" decoding=\"async\" class=\"size-medium wp-image-3568 aligncenter\" src=\"https:\/\/latribunedufaso.net\/wp-content\/uploads\/2021\/06\/IMG-20210618-WA0037-300x200.jpg\" alt=\"\" width=\"300\" height=\"200\" srcset=\"https:\/\/www.latribunedufaso.net\/wp-content\/uploads\/2021\/06\/IMG-20210618-WA0037-300x200.jpg 300w, https:\/\/www.latribunedufaso.net\/wp-content\/uploads\/2021\/06\/IMG-20210618-WA0037-120x80.jpg 120w, https:\/\/www.latribunedufaso.net\/wp-content\/uploads\/2021\/06\/IMG-20210618-WA0037-360x240.jpg 360w, https:\/\/www.latribunedufaso.net\/wp-content\/uploads\/2021\/06\/IMG-20210618-WA0037-600x400.jpg 600w, https:\/\/www.latribunedufaso.net\/wp-content\/uploads\/2021\/06\/IMG-20210618-WA0037.jpg 720w\" sizes=\"auto, (max-width: 300px) 100vw, 300px\" \/><\/a> Cette visite du ministre de l\u2019\u00e9nergie, des mines et des carri\u00e8res, Dr Bachir Isma\u00ebl Ou\u00e9draogo, aura permis de constater de visu l\u2019\u00e9tat d\u2019avancement des travaux de construction de la mine, lanc\u00e9s le 24 mai 2019, par le Premier ministre, Christophe Dabir\u00e9.<\/p>\n<p>Ont ainsi pu \u00eatre visit\u00e9s, le site de l\u2019usine de traitement du minerai, dont les travaux de terrassement sont d\u00e9j\u00e0 r\u00e9alis\u00e9s\u00a0; le lieu de r\u00e9alisation des fosses de pr\u00e9l\u00e8vement du minerai et de la retenue d\u2019eau. A en croire l\u2019\u00e9quipe en charge des travaux, tout est mis en \u0153uvre pour les finaliser au plus tard en avril 2022.<\/p>\n<p>L\u2019h\u00f4te du jour, au terme de la visite, a fait savoir toute sa satisfaction au regard de l\u2019avancement des travaux. L\u2019\u00e9quipe gr\u00e2ce \u00e0 qui les travaux connaissent une telle avanc\u00e9e n\u2019a pas \u00e9t\u00e9 oubli\u00e9e\u00a0; elle a m\u00eame re\u00e7u toutes les f\u00e9licitations du ministre pour la t\u00e2che effectu\u00e9e afin que la soci\u00e9t\u00e9 mini\u00e8re puisse assez rapidement entamer sa phase de production.<\/p>\n<p>Aussi, pour ce qu&rsquo;Orezone Bombor\u00e9 est la premi\u00e8re mine financ\u00e9e par une banque locale, avec des capitaux burkinab\u00e8, et dont la construction sera enti\u00e8rement r\u00e9alis\u00e9e par une entreprise burkinab\u00e8, Dr Bachir a qualifi\u00e9 de tournant d\u00e9cisif l\u2019action de Orezone Bombor\u00e9 SA dans le secteur minier burkinab\u00e9, saluant au passage sa vision qui entre en droite ligne de la politique du gouvernement, celle de permettre une plus grande participation du secteur priv\u00e9 et un d\u00e9veloppement du \u00abcontent local\u00bb burkinab\u00e9 dans l\u2019industrie extractive. Orezone Bombor\u00e9 SA, c\u2019est aussi la premi\u00e8re mine \u00e0 produire de l\u2019\u00e9lectricit\u00e9 bas\u00e9e sur le gaz.<\/p>\n<p><strong>Tambi Serge Pacome Zongo<\/strong><br \/>\n<strong>Latribunedufaso.net<\/strong><br \/>\n<strong>Source\u00a0: DCPM\/MEMC<\/strong><\/p>\n","protected":false},"excerpt":{"rendered":"<p>Le ministre de l\u2019\u00e9nergie, des mines et des carri\u00e8res, Dr Bachir Isma\u00ebl Ou\u00e9draogo, a effectu\u00e9 une visite sur le site en construction de la mine d\u2019or de Orezone Bombor\u00e9 SA, dans la localit\u00e9 de Nobsin, dans la commune de Mogt\u00e9do, province du Ganzourgou, r\u00e9gion du Plateau-central, le jeudi 17 juin 2021.<\/p>\n","protected":false},"author":2,"featured_media":3569,"comment_status":"open","ping_status":"open","sticky":false,"template":"","format":"standard","meta":{"footnotes":""},"categories":[1,19],"tags":[],"class_list":["post-3562","post","type-post","status-publish","format-standard","has-post-thumbnail","hentry","category-actu","category-mines-et-carrieres"],"yoast_head":"<!-- This site is optimized with the Yoast SEO plugin v27.4 - https:\/\/yoast.com\/product\/yoast-seo-wordpress\/ -->\n<title>Orezone Bombor\u00e9 SA : La construction de la mine avance bien - La Tribune du Faso<\/title>\n<meta name=\"robots\" content=\"index, follow, max-snippet:-1, max-image-preview:large, max-video-preview:-1\" \/>\n<link rel=\"canonical\" href=\"https:\/\/www.latribunedufaso.net\/?p=3562\" \/>\n<meta property=\"og:locale\" content=\"fr_FR\" \/>\n<meta property=\"og:type\" content=\"article\" \/>\n<meta property=\"og:title\" content=\"Orezone Bombor\u00e9 SA : La construction de la mine avance bien - La Tribune du Faso\" \/>\n<meta property=\"og:description\" content=\"Le ministre de l\u2019\u00e9nergie, des mines et des carri\u00e8res, Dr Bachir Isma\u00ebl Ou\u00e9draogo, a effectu\u00e9 une visite sur le site en construction de la mine d\u2019or de Orezone Bombor\u00e9 SA, dans la localit\u00e9 de Nobsin, dans la commune de Mogt\u00e9do, province du Ganzourgou, r\u00e9gion du Plateau-central, le jeudi 17 juin 2021.\" \/>\n<meta property=\"og:url\" content=\"https:\/\/www.latribunedufaso.net\/?p=3562\" \/>\n<meta property=\"og:site_name\" content=\"La Tribune du Faso\" \/>\n<meta property=\"article:publisher\" content=\"https:\/\/www.facebook.com\/LatribuneduFaso\/\" \/>\n<meta property=\"article:published_time\" content=\"2021-06-21T08:04:43+00:00\" \/>\n<meta property=\"og:image\" content=\"https:\/\/latribunedufaso.net\/wp-content\/uploads\/2021\/06\/IMG-20210618-WA0036.jpg\" \/>\n\t<meta property=\"og:image:width\" content=\"721\" \/>\n\t<meta property=\"og:image:height\" content=\"414\" \/>\n\t<meta property=\"og:image:type\" content=\"image\/jpeg\" \/>\n<meta name=\"author\" content=\"Administrateur\" \/>\n<meta name=\"twitter:label1\" content=\"\u00c9crit par\" \/>\n\t<meta name=\"twitter:data1\" content=\"Administrateur\" \/>\n\t<meta name=\"twitter:label2\" content=\"Dur\u00e9e de lecture estim\u00e9e\" \/>\n\t<meta name=\"twitter:data2\" content=\"2 minutes\" \/>\n<script type=\"application\/ld+json\" class=\"yoast-schema-graph\">{\"@context\":\"https:\\\/\\\/schema.org\",\"@graph\":[{\"@type\":\"Article\",\"@id\":\"https:\\\/\\\/www.latribunedufaso.net\\\/?p=3562#article\",\"isPartOf\":{\"@id\":\"https:\\\/\\\/www.latribunedufaso.net\\\/?p=3562\"},\"author\":{\"name\":\"Administrateur\",\"@id\":\"https:\\\/\\\/www.latribunedufaso.net\\\/#\\\/schema\\\/person\\\/a380782d0605bb8aae27c40ea93b35b1\"},\"headline\":\"Orezone Bombor\u00e9 SA : La construction de la mine avance bien\",\"datePublished\":\"2021-06-21T08:04:43+00:00\",\"mainEntityOfPage\":{\"@id\":\"https:\\\/\\\/www.latribunedufaso.net\\\/?p=3562\"},\"wordCount\":372,\"commentCount\":0,\"publisher\":{\"@id\":\"https:\\\/\\\/www.latribunedufaso.net\\\/#organization\"},\"image\":{\"@id\":\"https:\\\/\\\/www.latribunedufaso.net\\\/?p=3562#primaryimage\"},\"thumbnailUrl\":\"https:\\\/\\\/www.latribunedufaso.net\\\/wp-content\\\/uploads\\\/2021\\\/06\\\/IMG-20210618-WA0036.jpg\",\"articleSection\":[\"Actualit\u00e9\",\"Mines et Carri\u00e8res\"],\"inLanguage\":\"fr-FR\",\"potentialAction\":[{\"@type\":\"CommentAction\",\"name\":\"Comment\",\"target\":[\"https:\\\/\\\/www.latribunedufaso.net\\\/?p=3562#respond\"]}]},{\"@type\":\"WebPage\",\"@id\":\"https:\\\/\\\/www.latribunedufaso.net\\\/?p=3562\",\"url\":\"https:\\\/\\\/www.latribunedufaso.net\\\/?p=3562\",\"name\":\"Orezone Bombor\u00e9 SA : La construction de la mine avance bien - La Tribune du Faso\",\"isPartOf\":{\"@id\":\"https:\\\/\\\/www.latribunedufaso.net\\\/#website\"},\"primaryImageOfPage\":{\"@id\":\"https:\\\/\\\/www.latribunedufaso.net\\\/?p=3562#primaryimage\"},\"image\":{\"@id\":\"https:\\\/\\\/www.latribunedufaso.net\\\/?p=3562#primaryimage\"},\"thumbnailUrl\":\"https:\\\/\\\/www.latribunedufaso.net\\\/wp-content\\\/uploads\\\/2021\\\/06\\\/IMG-20210618-WA0036.jpg\",\"datePublished\":\"2021-06-21T08:04:43+00:00\",\"breadcrumb\":{\"@id\":\"https:\\\/\\\/www.latribunedufaso.net\\\/?p=3562#breadcrumb\"},\"inLanguage\":\"fr-FR\",\"potentialAction\":[{\"@type\":\"ReadAction\",\"target\":[\"https:\\\/\\\/www.latribunedufaso.net\\\/?p=3562\"]}]},{\"@type\":\"ImageObject\",\"inLanguage\":\"fr-FR\",\"@id\":\"https:\\\/\\\/www.latribunedufaso.net\\\/?p=3562#primaryimage\",\"url\":\"https:\\\/\\\/www.latribunedufaso.net\\\/wp-content\\\/uploads\\\/2021\\\/06\\\/IMG-20210618-WA0036.jpg\",\"contentUrl\":\"https:\\\/\\\/www.latribunedufaso.net\\\/wp-content\\\/uploads\\\/2021\\\/06\\\/IMG-20210618-WA0036.jpg\",\"width\":721,\"height\":414},{\"@type\":\"BreadcrumbList\",\"@id\":\"https:\\\/\\\/www.latribunedufaso.net\\\/?p=3562#breadcrumb\",\"itemListElement\":[{\"@type\":\"ListItem\",\"position\":1,\"name\":\"Accueil\",\"item\":\"https:\\\/\\\/www.latribunedufaso.net\\\/\"},{\"@type\":\"ListItem\",\"position\":2,\"name\":\"Orezone Bombor\u00e9 SA : La construction de la mine avance bien\"}]},{\"@type\":\"WebSite\",\"@id\":\"https:\\\/\\\/www.latribunedufaso.net\\\/#website\",\"url\":\"https:\\\/\\\/www.latribunedufaso.net\\\/\",\"name\":\"La Tribune du Faso\",\"description\":\"L&#039;information du monde rural en un clic\",\"publisher\":{\"@id\":\"https:\\\/\\\/www.latribunedufaso.net\\\/#organization\"},\"potentialAction\":[{\"@type\":\"SearchAction\",\"target\":{\"@type\":\"EntryPoint\",\"urlTemplate\":\"https:\\\/\\\/www.latribunedufaso.net\\\/?s={search_term_string}\"},\"query-input\":{\"@type\":\"PropertyValueSpecification\",\"valueRequired\":true,\"valueName\":\"search_term_string\"}}],\"inLanguage\":\"fr-FR\"},{\"@type\":\"Organization\",\"@id\":\"https:\\\/\\\/www.latribunedufaso.net\\\/#organization\",\"name\":\"La Tribune du Faso\",\"url\":\"https:\\\/\\\/www.latribunedufaso.net\\\/\",\"logo\":{\"@type\":\"ImageObject\",\"inLanguage\":\"fr-FR\",\"@id\":\"https:\\\/\\\/www.latribunedufaso.net\\\/#\\\/schema\\\/logo\\\/image\\\/\",\"url\":\"https:\\\/\\\/www.latribunedufaso.net\\\/wp-content\\\/uploads\\\/2020\\\/08\\\/Logo-Tribune-du-Faso-final-scaled.jpg\",\"contentUrl\":\"https:\\\/\\\/www.latribunedufaso.net\\\/wp-content\\\/uploads\\\/2020\\\/08\\\/Logo-Tribune-du-Faso-final-scaled.jpg\",\"width\":2560,\"height\":1856,\"caption\":\"La Tribune du Faso\"},\"image\":{\"@id\":\"https:\\\/\\\/www.latribunedufaso.net\\\/#\\\/schema\\\/logo\\\/image\\\/\"},\"sameAs\":[\"https:\\\/\\\/www.facebook.com\\\/LatribuneduFaso\\\/\"]},{\"@type\":\"Person\",\"@id\":\"https:\\\/\\\/www.latribunedufaso.net\\\/#\\\/schema\\\/person\\\/a380782d0605bb8aae27c40ea93b35b1\",\"name\":\"Administrateur\",\"image\":{\"@type\":\"ImageObject\",\"inLanguage\":\"fr-FR\",\"@id\":\"https:\\\/\\\/secure.gravatar.com\\\/avatar\\\/e20266f97d741f0e80ba1f60283074a9b3317fd7bfb727e0d95b51dafbf854a1?s=96&d=mm&r=g\",\"url\":\"https:\\\/\\\/secure.gravatar.com\\\/avatar\\\/e20266f97d741f0e80ba1f60283074a9b3317fd7bfb727e0d95b51dafbf854a1?s=96&d=mm&r=g\",\"contentUrl\":\"https:\\\/\\\/secure.gravatar.com\\\/avatar\\\/e20266f97d741f0e80ba1f60283074a9b3317fd7bfb727e0d95b51dafbf854a1?s=96&d=mm&r=g\",\"caption\":\"Administrateur\"},\"url\":\"https:\\\/\\\/www.latribunedufaso.net\\\/?author=2\"}]}<\/script>\n<!-- \/ Yoast SEO plugin. -->","yoast_head_json":{"title":"Orezone Bombor\u00e9 SA : La construction de la mine avance bien - La Tribune du Faso","robots":{"index":"index","follow":"follow","max-snippet":"max-snippet:-1","max-image-preview":"max-image-preview:large","max-video-preview":"max-video-preview:-1"},"canonical":"https:\/\/www.latribunedufaso.net\/?p=3562","og_locale":"fr_FR","og_type":"article","og_title":"Orezone Bombor\u00e9 SA : La construction de la mine avance bien - La Tribune du Faso","og_description":"Le ministre de l\u2019\u00e9nergie, des mines et des carri\u00e8res, Dr Bachir Isma\u00ebl Ou\u00e9draogo, a effectu\u00e9 une visite sur le site en construction de la mine d\u2019or de Orezone Bombor\u00e9 SA, dans la localit\u00e9 de Nobsin, dans la commune de Mogt\u00e9do, province du Ganzourgou, r\u00e9gion du Plateau-central, le jeudi 17 juin 2021.","og_url":"https:\/\/www.latribunedufaso.net\/?p=3562","og_site_name":"La Tribune du Faso","article_publisher":"https:\/\/www.facebook.com\/LatribuneduFaso\/","article_published_time":"2021-06-21T08:04:43+00:00","og_image":[{"width":721,"height":414,"url":"https:\/\/latribunedufaso.net\/wp-content\/uploads\/2021\/06\/IMG-20210618-WA0036.jpg","type":"image\/jpeg"}],"author":"Administrateur","twitter_misc":{"\u00c9crit par":"Administrateur","Dur\u00e9e de lecture estim\u00e9e":"2 minutes"},"schema":{"@context":"https:\/\/schema.org","@graph":[{"@type":"Article","@id":"https:\/\/www.latribunedufaso.net\/?p=3562#article","isPartOf":{"@id":"https:\/\/www.latribunedufaso.net\/?p=3562"},"author":{"name":"Administrateur","@id":"https:\/\/www.latribunedufaso.net\/#\/schema\/person\/a380782d0605bb8aae27c40ea93b35b1"},"headline":"Orezone Bombor\u00e9 SA : La construction de la mine avance bien","datePublished":"2021-06-21T08:04:43+00:00","mainEntityOfPage":{"@id":"https:\/\/www.latribunedufaso.net\/?p=3562"},"wordCount":372,"commentCount":0,"publisher":{"@id":"https:\/\/www.latribunedufaso.net\/#organization"},"image":{"@id":"https:\/\/www.latribunedufaso.net\/?p=3562#primaryimage"},"thumbnailUrl":"https:\/\/www.latribunedufaso.net\/wp-content\/uploads\/2021\/06\/IMG-20210618-WA0036.jpg","articleSection":["Actualit\u00e9","Mines et Carri\u00e8res"],"inLanguage":"fr-FR","potentialAction":[{"@type":"CommentAction","name":"Comment","target":["https:\/\/www.latribunedufaso.net\/?p=3562#respond"]}]},{"@type":"WebPage","@id":"https:\/\/www.latribunedufaso.net\/?p=3562","url":"https:\/\/www.latribunedufaso.net\/?p=3562","name":"Orezone Bombor\u00e9 SA : La construction de la mine avance bien - La Tribune du Faso","isPartOf":{"@id":"https:\/\/www.latribunedufaso.net\/#website"},"primaryImageOfPage":{"@id":"https:\/\/www.latribunedufaso.net\/?p=3562#primaryimage"},"image":{"@id":"https:\/\/www.latribunedufaso.net\/?p=3562#primaryimage"},"thumbnailUrl":"https:\/\/www.latribunedufaso.net\/wp-content\/uploads\/2021\/06\/IMG-20210618-WA0036.jpg","datePublished":"2021-06-21T08:04:43+00:00","breadcrumb":{"@id":"https:\/\/www.latribunedufaso.net\/?p=3562#breadcrumb"},"inLanguage":"fr-FR","potentialAction":[{"@type":"ReadAction","target":["https:\/\/www.latribunedufaso.net\/?p=3562"]}]},{"@type":"ImageObject","inLanguage":"fr-FR","@id":"https:\/\/www.latribunedufaso.net\/?p=3562#primaryimage","url":"https:\/\/www.latribunedufaso.net\/wp-content\/uploads\/2021\/06\/IMG-20210618-WA0036.jpg","contentUrl":"https:\/\/www.latribunedufaso.net\/wp-content\/uploads\/2021\/06\/IMG-20210618-WA0036.jpg","width":721,"height":414},{"@type":"BreadcrumbList","@id":"https:\/\/www.latribunedufaso.net\/?p=3562#breadcrumb","itemListElement":[{"@type":"ListItem","position":1,"name":"Accueil","item":"https:\/\/www.latribunedufaso.net\/"},{"@type":"ListItem","position":2,"name":"Orezone Bombor\u00e9 SA : La construction de la mine avance bien"}]},{"@type":"WebSite","@id":"https:\/\/www.latribunedufaso.net\/#website","url":"https:\/\/www.latribunedufaso.net\/","name":"La Tribune du Faso","description":"L&#039;information du monde rural en un clic","publisher":{"@id":"https:\/\/www.latribunedufaso.net\/#organization"},"potentialAction":[{"@type":"SearchAction","target":{"@type":"EntryPoint","urlTemplate":"https:\/\/www.latribunedufaso.net\/?s={search_term_string}"},"query-input":{"@type":"PropertyValueSpecification","valueRequired":true,"valueName":"search_term_string"}}],"inLanguage":"fr-FR"},{"@type":"Organization","@id":"https:\/\/www.latribunedufaso.net\/#organization","name":"La Tribune du Faso","url":"https:\/\/www.latribunedufaso.net\/","logo":{"@type":"ImageObject","inLanguage":"fr-FR","@id":"https:\/\/www.latribunedufaso.net\/#\/schema\/logo\/image\/","url":"https:\/\/www.latribunedufaso.net\/wp-content\/uploads\/2020\/08\/Logo-Tribune-du-Faso-final-scaled.jpg","contentUrl":"https:\/\/www.latribunedufaso.net\/wp-content\/uploads\/2020\/08\/Logo-Tribune-du-Faso-final-scaled.jpg","width":2560,"height":1856,"caption":"La Tribune du Faso"},"image":{"@id":"https:\/\/www.latribunedufaso.net\/#\/schema\/logo\/image\/"},"sameAs":["https:\/\/www.facebook.com\/LatribuneduFaso\/"]},{"@type":"Person","@id":"https:\/\/www.latribunedufaso.net\/#\/schema\/person\/a380782d0605bb8aae27c40ea93b35b1","name":"Administrateur","image":{"@type":"ImageObject","inLanguage":"fr-FR","@id":"https:\/\/secure.gravatar.com\/avatar\/e20266f97d741f0e80ba1f60283074a9b3317fd7bfb727e0d95b51dafbf854a1?s=96&d=mm&r=g","url":"https:\/\/secure.gravatar.com\/avatar\/e20266f97d741f0e80ba1f60283074a9b3317fd7bfb727e0d95b51dafbf854a1?s=96&d=mm&r=g","contentUrl":"https:\/\/secure.gravatar.com\/avatar\/e20266f97d741f0e80ba1f60283074a9b3317fd7bfb727e0d95b51dafbf854a1?s=96&d=mm&r=g","caption":"Administrateur"},"url":"https:\/\/www.latribunedufaso.net\/?author=2"}]}},"_links":{"self":[{"href":"https:\/\/www.latribunedufaso.net\/index.php?rest_route=\/wp\/v2\/posts\/3562","targetHints":{"allow":["GET"]}}],"collection":[{"href":"https:\/\/www.latribunedufaso.net\/index.php?rest_route=\/wp\/v2\/posts"}],"about":[{"href":"https:\/\/www.latribunedufaso.net\/index.php?rest_route=\/wp\/v2\/types\/post"}],"author":[{"embeddable":true,"href":"https:\/\/www.latribunedufaso.net\/index.php?rest_route=\/wp\/v2\/users\/2"}],"replies":[{"embeddable":true,"href":"https:\/\/www.latribunedufaso.net\/index.php?rest_route=%2Fwp%2Fv2%2Fcomments&post=3562"}],"version-history":[{"count":1,"href":"https:\/\/www.latribunedufaso.net\/index.php?rest_route=\/wp\/v2\/posts\/3562\/revisions"}],"predecessor-version":[{"id":3572,"href":"https:\/\/www.latribunedufaso.net\/index.php?rest_route=\/wp\/v2\/posts\/3562\/revisions\/3572"}],"wp:featuredmedia":[{"embeddable":true,"href":"https:\/\/www.latribunedufaso.net\/index.php?rest_route=\/wp\/v2\/media\/3569"}],"wp:attachment":[{"href":"https:\/\/www.latribunedufaso.net\/index.php?rest_route=%2Fwp%2Fv2%2Fmedia&parent=3562"}],"wp:term":[{"taxonomy":"category","embeddable":true,"href":"https:\/\/www.latribunedufaso.net\/index.php?rest_route=%2Fwp%2Fv2%2Fcategories&post=3562"},{"taxonomy":"post_tag","embeddable":true,"href":"https:\/\/www.latribunedufaso.net\/index.php?rest_route=%2Fwp%2Fv2%2Ftags&post=3562"}],"curies":[{"name":"wp","href":"https:\/\/api.w.org\/{rel}","templated":true}]}}