{"id":3503,"date":"2021-06-16T13:34:38","date_gmt":"2021-06-16T13:34:38","guid":{"rendered":"https:\/\/www.latribunedufaso.net\/?p=3503"},"modified":"2021-06-16T13:34:38","modified_gmt":"2021-06-16T13:34:38","slug":"assemblee-sectorielle-2021-du-secteur-environnement-eau-et-assainissement-25-projets-sous-le-coup-de-levaluation","status":"publish","type":"post","link":"https:\/\/www.latribunedufaso.net\/?p=3503","title":{"rendered":"Assembl\u00e9e sectorielle 2021 du secteur \u00ab\u00a0Environnement, eau et assainissement\u00a0\u00bb : 25 projets sous le coup de l&rsquo;\u00e9valuation"},"content":{"rendered":"<p><strong><span style=\"font-size: 1.0625rem;\">Ce mardi 15 juin 2021, s&rsquo;est ouverte \u00e0 Ouagadougou, l&rsquo;assembl\u00e9e sectorielle 2021 du secteur Environnement, eau et assainissement. Cela dans le cadre des projets et programmes de d\u00e9veloppement du secteur de planification environnement, eau et assainissement. Cette assembl\u00e9e regroupe trois minist\u00e8res dont le minist\u00e8re de l&rsquo;habitat, de l&rsquo;urbanisme et de la ville ; celui de l&rsquo;environnement, de l&rsquo;\u00e9conomie verte et du changement climatique et le minist\u00e8re en charge de l&rsquo;eau et de l&rsquo;assainissement.<\/span><\/strong><br \/>\n<!--more--><\/p>\n<p><a href=\"https:\/\/latribunedufaso.net\/wp-content\/uploads\/2021\/06\/IMG-20210615-WA0009.jpg\"><img loading=\"lazy\" decoding=\"async\" class=\"size-medium wp-image-3506 aligncenter\" src=\"https:\/\/latribunedufaso.net\/wp-content\/uploads\/2021\/06\/IMG-20210615-WA0009-300x169.jpg\" alt=\"\" width=\"300\" height=\"169\" srcset=\"https:\/\/www.latribunedufaso.net\/wp-content\/uploads\/2021\/06\/IMG-20210615-WA0009-300x169.jpg 300w, https:\/\/www.latribunedufaso.net\/wp-content\/uploads\/2021\/06\/IMG-20210615-WA0009-768x432.jpg 768w, https:\/\/www.latribunedufaso.net\/wp-content\/uploads\/2021\/06\/IMG-20210615-WA0009.jpg 960w\" sizes=\"auto, (max-width: 300px) 100vw, 300px\" \/><\/a> Au cours de la pr\u00e9sente assembl\u00e9e sectorielle, les participants devraient examiner et adopter le projet de rapport consolid\u00e9 de l&rsquo;\u00e9valuation des projets et programmes de d\u00e9veloppement du secteur au titre des ann\u00e9es 2019-2020 et devraient aussi, formuler des recommandations susceptibles de dynamiser davantage la mise en \u0153uvre des projets et programmes et d&rsquo;accroitre l&rsquo;efficience dans leur gestion, a indiqu\u00e9 le ministre de l&rsquo;eau et de l&rsquo;assainissement, Chef de file du secteur \u00ab\u00a0environnement eau et assainissement\u00a0\u00bb, Ousmane Nacro. Cette assembl\u00e9e sectorielle est une biennale qui se tient en pr\u00e9lude \u00e0 la session de l&rsquo;Assembl\u00e9e g\u00e9n\u00e9rale. \u00ab\u00a0Aux termes du d\u00e9cret n\u00b02018-092\/PRES\/PM\/MINEFIED du 15 f\u00e9vrier 2018, ces assembl\u00e9es se tiennent tous les deux ans, en pr\u00e9lude \u00e0 la session de l&rsquo;Assembl\u00e9e g\u00e9n\u00e9rale.\u00a0\u00bb, a-t-il laiss\u00e9 entendre et de rappeler que la derni\u00e8re assembl\u00e9e sectorielle s&rsquo;est tenue en 2019.<\/p>\n<p>Ce sont au total 25 projets et programmes de d\u00e9veloppement des ann\u00e9es 20219 &#8211; 2020 dont 23 au titre du minist\u00e8re de l&rsquo;eau, 1 au compte du minist\u00e8re en charge de l&rsquo;habitat et 1 au profit du minist\u00e8re de l&rsquo;environnement qui seront \u00e9valu\u00e9s au cours de la pr\u00e9sente assembl\u00e9e sectorielle. Ces projets, \u00e0 entendre le ministre Ousmane Nacro, sont classifi\u00e9s en trois grandes cat\u00e9gories dont 11 au premier rang, 10 au second rang et 4 au troisi\u00e8me rang.\u00a0\u00ab On peut retenir que sur les 25 projets et programmes, 11 sont class\u00e9s au premier rang\u00a0; ils sont encore appel\u00e9s projets ou programmes de d\u00e9veloppement \u00ab\u00a0Vert\u00a0\u00bb. Dix (10 ) projets ou programmes sont class\u00e9s au deuxi\u00e8me rang et sont appel\u00e9s projets ou programmes de d\u00e9veloppement \u00ab\u00a0orange\u00a0\u00bb; et 4 projets sont class\u00e9s au troisi\u00e8me rang et sont appel\u00e9s projets ou programmes de d\u00e9veloppement \u00ab\u00a0rouge\u00a0\u00bb.\u00a0\u00bb, a-t-il fait savoir. Il a par la suite signifi\u00e9 que les projets ou programmes de d\u00e9veloppement \u00ab\u00a0vert\u00a0\u00bb sont ceux ayant des r\u00e9sultats visibles et un impact r\u00e9el sur le d\u00e9veloppement ; les projets ou programmes de d\u00e9veloppement \u00ab\u00a0orange\u00a0\u00bb, eux, ont des r\u00e9sultats assez visibles et un impact moyen sur le d\u00e9veloppement ; et ceux \u00ab\u00a0rouge\u00a0\u00bb, sont ceux qui pr\u00e9sentent tous les risques de non atteinte des objectifs poursuivis, des r\u00e9sultats moins visibles et un impact faible sur le d\u00e9veloppement.<\/p>\n<p>En termes de r\u00e9sultats, le Chef de file du secteur renseigne que l&rsquo;analyse de l&rsquo;\u00e9valuation r\u00e9v\u00e8le une situation moyennement satisfaisante avec une note moyenne de 35,21 points sur un maximum de 50 points. Il a en outre fait savoir que la contreperformance de certains programmes est entre autres due au contexte s\u00e9curitaire d\u00e9favorable \u00e0 la r\u00e9alisation des travaux dans leurs zones d&rsquo;intervention; aux difficult\u00e9s dans la chaine de passation des march\u00e9s; aux d\u00e9faillances de certaines entreprises en charge des travaux et aussi, \u00e0 la pand\u00e9mie \u00e0 Covid 19.<\/p>\n<p><strong>Tiba Kassamse Ou\u00e9draogo <\/strong><br \/>\n<strong>Latribunedufaso.net<\/strong><\/p>\n","protected":false},"excerpt":{"rendered":"<p>Ce mardi 15 juin 2021, s&rsquo;est ouverte \u00e0 Ouagadougou, l&rsquo;assembl\u00e9e sectorielle 2021 du secteur Environnement, eau et assainissement. Cela dans le cadre des projets et programmes de d\u00e9veloppement du secteur de planification environnement, eau et assainissement. Cette assembl\u00e9e regroupe trois minist\u00e8res dont le minist\u00e8re de l&rsquo;habitat, de l&rsquo;urbanisme et de la ville ; celui de l&rsquo;environnement, de l&rsquo;\u00e9conomie verte et du changement climatique et le minist\u00e8re en charge de l&rsquo;eau et de l&rsquo;assainissement.<\/p>\n","protected":false},"author":2,"featured_media":3504,"comment_status":"open","ping_status":"open","sticky":false,"template":"","format":"standard","meta":{"footnotes":""},"categories":[13,23,5],"tags":[],"class_list":["post-3503","post","type-post","status-publish","format-standard","has-post-thumbnail","hentry","category-une","category-eau-et-assainissement","category-envir"],"yoast_head":"<!-- This site is optimized with the Yoast SEO plugin v27.5 - https:\/\/yoast.com\/product\/yoast-seo-wordpress\/ -->\n<title>Assembl\u00e9e sectorielle 2021 du secteur \u00ab\u00a0Environnement, eau et assainissement\u00a0\u00bb : 25 projets sous le coup de l&#039;\u00e9valuation - La Tribune du Faso<\/title>\n<meta name=\"robots\" content=\"index, follow, max-snippet:-1, max-image-preview:large, max-video-preview:-1\" \/>\n<link rel=\"canonical\" href=\"https:\/\/www.latribunedufaso.net\/?p=3503\" \/>\n<meta property=\"og:locale\" content=\"fr_FR\" \/>\n<meta property=\"og:type\" content=\"article\" \/>\n<meta property=\"og:title\" content=\"Assembl\u00e9e sectorielle 2021 du secteur \u00ab\u00a0Environnement, eau et assainissement\u00a0\u00bb : 25 projets sous le coup de l&#039;\u00e9valuation - La Tribune du Faso\" \/>\n<meta property=\"og:description\" content=\"Ce mardi 15 juin 2021, s&rsquo;est ouverte \u00e0 Ouagadougou, l&rsquo;assembl\u00e9e sectorielle 2021 du secteur Environnement, eau et assainissement. Cela dans le cadre des projets et programmes de d\u00e9veloppement du secteur de planification environnement, eau et assainissement. Cette assembl\u00e9e regroupe trois minist\u00e8res dont le minist\u00e8re de l&rsquo;habitat, de l&rsquo;urbanisme et de la ville ; celui de l&rsquo;environnement, de l&rsquo;\u00e9conomie verte et du changement climatique et le minist\u00e8re en charge de l&rsquo;eau et de l&rsquo;assainissement.\" \/>\n<meta property=\"og:url\" content=\"https:\/\/www.latribunedufaso.net\/?p=3503\" \/>\n<meta property=\"og:site_name\" content=\"La Tribune du Faso\" \/>\n<meta property=\"article:publisher\" content=\"https:\/\/www.facebook.com\/LatribuneduFaso\/\" \/>\n<meta property=\"article:published_time\" content=\"2021-06-16T13:34:38+00:00\" \/>\n<meta property=\"og:image\" content=\"https:\/\/latribunedufaso.net\/wp-content\/uploads\/2021\/06\/IMG-20210615-WA0007.jpg\" \/>\n\t<meta property=\"og:image:width\" content=\"1040\" \/>\n\t<meta property=\"og:image:height\" content=\"468\" \/>\n\t<meta property=\"og:image:type\" content=\"image\/jpeg\" \/>\n<meta name=\"author\" content=\"Administrateur\" \/>\n<meta name=\"twitter:label1\" content=\"\u00c9crit par\" \/>\n\t<meta name=\"twitter:data1\" content=\"Administrateur\" \/>\n\t<meta name=\"twitter:label2\" content=\"Dur\u00e9e de lecture estim\u00e9e\" \/>\n\t<meta name=\"twitter:data2\" content=\"3 minutes\" \/>\n<script type=\"application\/ld+json\" class=\"yoast-schema-graph\">{\"@context\":\"https:\\\/\\\/schema.org\",\"@graph\":[{\"@type\":\"Article\",\"@id\":\"https:\\\/\\\/www.latribunedufaso.net\\\/?p=3503#article\",\"isPartOf\":{\"@id\":\"https:\\\/\\\/www.latribunedufaso.net\\\/?p=3503\"},\"author\":{\"name\":\"Administrateur\",\"@id\":\"https:\\\/\\\/www.latribunedufaso.net\\\/#\\\/schema\\\/person\\\/a380782d0605bb8aae27c40ea93b35b1\"},\"headline\":\"Assembl\u00e9e sectorielle 2021 du secteur \u00ab\u00a0Environnement, eau et assainissement\u00a0\u00bb : 25 projets sous le coup de l&rsquo;\u00e9valuation\",\"datePublished\":\"2021-06-16T13:34:38+00:00\",\"mainEntityOfPage\":{\"@id\":\"https:\\\/\\\/www.latribunedufaso.net\\\/?p=3503\"},\"wordCount\":596,\"commentCount\":0,\"publisher\":{\"@id\":\"https:\\\/\\\/www.latribunedufaso.net\\\/#organization\"},\"image\":{\"@id\":\"https:\\\/\\\/www.latribunedufaso.net\\\/?p=3503#primaryimage\"},\"thumbnailUrl\":\"https:\\\/\\\/www.latribunedufaso.net\\\/wp-content\\\/uploads\\\/2021\\\/06\\\/IMG-20210615-WA0007.jpg\",\"articleSection\":[\"A la une\",\"Eau et assainissement\",\"Environnement\"],\"inLanguage\":\"fr-FR\",\"potentialAction\":[{\"@type\":\"CommentAction\",\"name\":\"Comment\",\"target\":[\"https:\\\/\\\/www.latribunedufaso.net\\\/?p=3503#respond\"]}]},{\"@type\":\"WebPage\",\"@id\":\"https:\\\/\\\/www.latribunedufaso.net\\\/?p=3503\",\"url\":\"https:\\\/\\\/www.latribunedufaso.net\\\/?p=3503\",\"name\":\"Assembl\u00e9e sectorielle 2021 du secteur \u00ab\u00a0Environnement, eau et assainissement\u00a0\u00bb : 25 projets sous le coup de l'\u00e9valuation - La Tribune du Faso\",\"isPartOf\":{\"@id\":\"https:\\\/\\\/www.latribunedufaso.net\\\/#website\"},\"primaryImageOfPage\":{\"@id\":\"https:\\\/\\\/www.latribunedufaso.net\\\/?p=3503#primaryimage\"},\"image\":{\"@id\":\"https:\\\/\\\/www.latribunedufaso.net\\\/?p=3503#primaryimage\"},\"thumbnailUrl\":\"https:\\\/\\\/www.latribunedufaso.net\\\/wp-content\\\/uploads\\\/2021\\\/06\\\/IMG-20210615-WA0007.jpg\",\"datePublished\":\"2021-06-16T13:34:38+00:00\",\"breadcrumb\":{\"@id\":\"https:\\\/\\\/www.latribunedufaso.net\\\/?p=3503#breadcrumb\"},\"inLanguage\":\"fr-FR\",\"potentialAction\":[{\"@type\":\"ReadAction\",\"target\":[\"https:\\\/\\\/www.latribunedufaso.net\\\/?p=3503\"]}]},{\"@type\":\"ImageObject\",\"inLanguage\":\"fr-FR\",\"@id\":\"https:\\\/\\\/www.latribunedufaso.net\\\/?p=3503#primaryimage\",\"url\":\"https:\\\/\\\/www.latribunedufaso.net\\\/wp-content\\\/uploads\\\/2021\\\/06\\\/IMG-20210615-WA0007.jpg\",\"contentUrl\":\"https:\\\/\\\/www.latribunedufaso.net\\\/wp-content\\\/uploads\\\/2021\\\/06\\\/IMG-20210615-WA0007.jpg\",\"width\":1040,\"height\":468},{\"@type\":\"BreadcrumbList\",\"@id\":\"https:\\\/\\\/www.latribunedufaso.net\\\/?p=3503#breadcrumb\",\"itemListElement\":[{\"@type\":\"ListItem\",\"position\":1,\"name\":\"Accueil\",\"item\":\"https:\\\/\\\/www.latribunedufaso.net\\\/\"},{\"@type\":\"ListItem\",\"position\":2,\"name\":\"Assembl\u00e9e sectorielle 2021 du secteur \u00ab\u00a0Environnement, eau et assainissement\u00a0\u00bb : 25 projets sous le coup de l&#8217;\u00e9valuation\"}]},{\"@type\":\"WebSite\",\"@id\":\"https:\\\/\\\/www.latribunedufaso.net\\\/#website\",\"url\":\"https:\\\/\\\/www.latribunedufaso.net\\\/\",\"name\":\"La Tribune du Faso\",\"description\":\"L&#039;information du monde rural en un clic\",\"publisher\":{\"@id\":\"https:\\\/\\\/www.latribunedufaso.net\\\/#organization\"},\"potentialAction\":[{\"@type\":\"SearchAction\",\"target\":{\"@type\":\"EntryPoint\",\"urlTemplate\":\"https:\\\/\\\/www.latribunedufaso.net\\\/?s={search_term_string}\"},\"query-input\":{\"@type\":\"PropertyValueSpecification\",\"valueRequired\":true,\"valueName\":\"search_term_string\"}}],\"inLanguage\":\"fr-FR\"},{\"@type\":\"Organization\",\"@id\":\"https:\\\/\\\/www.latribunedufaso.net\\\/#organization\",\"name\":\"La Tribune du Faso\",\"url\":\"https:\\\/\\\/www.latribunedufaso.net\\\/\",\"logo\":{\"@type\":\"ImageObject\",\"inLanguage\":\"fr-FR\",\"@id\":\"https:\\\/\\\/www.latribunedufaso.net\\\/#\\\/schema\\\/logo\\\/image\\\/\",\"url\":\"https:\\\/\\\/www.latribunedufaso.net\\\/wp-content\\\/uploads\\\/2020\\\/08\\\/Logo-Tribune-du-Faso-final-scaled.jpg\",\"contentUrl\":\"https:\\\/\\\/www.latribunedufaso.net\\\/wp-content\\\/uploads\\\/2020\\\/08\\\/Logo-Tribune-du-Faso-final-scaled.jpg\",\"width\":2560,\"height\":1856,\"caption\":\"La Tribune du Faso\"},\"image\":{\"@id\":\"https:\\\/\\\/www.latribunedufaso.net\\\/#\\\/schema\\\/logo\\\/image\\\/\"},\"sameAs\":[\"https:\\\/\\\/www.facebook.com\\\/LatribuneduFaso\\\/\"]},{\"@type\":\"Person\",\"@id\":\"https:\\\/\\\/www.latribunedufaso.net\\\/#\\\/schema\\\/person\\\/a380782d0605bb8aae27c40ea93b35b1\",\"name\":\"Administrateur\",\"image\":{\"@type\":\"ImageObject\",\"inLanguage\":\"fr-FR\",\"@id\":\"https:\\\/\\\/secure.gravatar.com\\\/avatar\\\/e20266f97d741f0e80ba1f60283074a9b3317fd7bfb727e0d95b51dafbf854a1?s=96&d=mm&r=g\",\"url\":\"https:\\\/\\\/secure.gravatar.com\\\/avatar\\\/e20266f97d741f0e80ba1f60283074a9b3317fd7bfb727e0d95b51dafbf854a1?s=96&d=mm&r=g\",\"contentUrl\":\"https:\\\/\\\/secure.gravatar.com\\\/avatar\\\/e20266f97d741f0e80ba1f60283074a9b3317fd7bfb727e0d95b51dafbf854a1?s=96&d=mm&r=g\",\"caption\":\"Administrateur\"},\"url\":\"https:\\\/\\\/www.latribunedufaso.net\\\/?author=2\"}]}<\/script>\n<!-- \/ Yoast SEO plugin. -->","yoast_head_json":{"title":"Assembl\u00e9e sectorielle 2021 du secteur \u00ab\u00a0Environnement, eau et assainissement\u00a0\u00bb : 25 projets sous le coup de l'\u00e9valuation - La Tribune du Faso","robots":{"index":"index","follow":"follow","max-snippet":"max-snippet:-1","max-image-preview":"max-image-preview:large","max-video-preview":"max-video-preview:-1"},"canonical":"https:\/\/www.latribunedufaso.net\/?p=3503","og_locale":"fr_FR","og_type":"article","og_title":"Assembl\u00e9e sectorielle 2021 du secteur \u00ab\u00a0Environnement, eau et assainissement\u00a0\u00bb : 25 projets sous le coup de l'\u00e9valuation - La Tribune du Faso","og_description":"Ce mardi 15 juin 2021, s&rsquo;est ouverte \u00e0 Ouagadougou, l&rsquo;assembl\u00e9e sectorielle 2021 du secteur Environnement, eau et assainissement. Cela dans le cadre des projets et programmes de d\u00e9veloppement du secteur de planification environnement, eau et assainissement. Cette assembl\u00e9e regroupe trois minist\u00e8res dont le minist\u00e8re de l&rsquo;habitat, de l&rsquo;urbanisme et de la ville ; celui de l&rsquo;environnement, de l&rsquo;\u00e9conomie verte et du changement climatique et le minist\u00e8re en charge de l&rsquo;eau et de l&rsquo;assainissement.","og_url":"https:\/\/www.latribunedufaso.net\/?p=3503","og_site_name":"La Tribune du Faso","article_publisher":"https:\/\/www.facebook.com\/LatribuneduFaso\/","article_published_time":"2021-06-16T13:34:38+00:00","og_image":[{"width":1040,"height":468,"url":"https:\/\/latribunedufaso.net\/wp-content\/uploads\/2021\/06\/IMG-20210615-WA0007.jpg","type":"image\/jpeg"}],"author":"Administrateur","twitter_misc":{"\u00c9crit par":"Administrateur","Dur\u00e9e de lecture estim\u00e9e":"3 minutes"},"schema":{"@context":"https:\/\/schema.org","@graph":[{"@type":"Article","@id":"https:\/\/www.latribunedufaso.net\/?p=3503#article","isPartOf":{"@id":"https:\/\/www.latribunedufaso.net\/?p=3503"},"author":{"name":"Administrateur","@id":"https:\/\/www.latribunedufaso.net\/#\/schema\/person\/a380782d0605bb8aae27c40ea93b35b1"},"headline":"Assembl\u00e9e sectorielle 2021 du secteur \u00ab\u00a0Environnement, eau et assainissement\u00a0\u00bb : 25 projets sous le coup de l&rsquo;\u00e9valuation","datePublished":"2021-06-16T13:34:38+00:00","mainEntityOfPage":{"@id":"https:\/\/www.latribunedufaso.net\/?p=3503"},"wordCount":596,"commentCount":0,"publisher":{"@id":"https:\/\/www.latribunedufaso.net\/#organization"},"image":{"@id":"https:\/\/www.latribunedufaso.net\/?p=3503#primaryimage"},"thumbnailUrl":"https:\/\/www.latribunedufaso.net\/wp-content\/uploads\/2021\/06\/IMG-20210615-WA0007.jpg","articleSection":["A la une","Eau et assainissement","Environnement"],"inLanguage":"fr-FR","potentialAction":[{"@type":"CommentAction","name":"Comment","target":["https:\/\/www.latribunedufaso.net\/?p=3503#respond"]}]},{"@type":"WebPage","@id":"https:\/\/www.latribunedufaso.net\/?p=3503","url":"https:\/\/www.latribunedufaso.net\/?p=3503","name":"Assembl\u00e9e sectorielle 2021 du secteur \u00ab\u00a0Environnement, eau et assainissement\u00a0\u00bb : 25 projets sous le coup de l'\u00e9valuation - La Tribune du Faso","isPartOf":{"@id":"https:\/\/www.latribunedufaso.net\/#website"},"primaryImageOfPage":{"@id":"https:\/\/www.latribunedufaso.net\/?p=3503#primaryimage"},"image":{"@id":"https:\/\/www.latribunedufaso.net\/?p=3503#primaryimage"},"thumbnailUrl":"https:\/\/www.latribunedufaso.net\/wp-content\/uploads\/2021\/06\/IMG-20210615-WA0007.jpg","datePublished":"2021-06-16T13:34:38+00:00","breadcrumb":{"@id":"https:\/\/www.latribunedufaso.net\/?p=3503#breadcrumb"},"inLanguage":"fr-FR","potentialAction":[{"@type":"ReadAction","target":["https:\/\/www.latribunedufaso.net\/?p=3503"]}]},{"@type":"ImageObject","inLanguage":"fr-FR","@id":"https:\/\/www.latribunedufaso.net\/?p=3503#primaryimage","url":"https:\/\/www.latribunedufaso.net\/wp-content\/uploads\/2021\/06\/IMG-20210615-WA0007.jpg","contentUrl":"https:\/\/www.latribunedufaso.net\/wp-content\/uploads\/2021\/06\/IMG-20210615-WA0007.jpg","width":1040,"height":468},{"@type":"BreadcrumbList","@id":"https:\/\/www.latribunedufaso.net\/?p=3503#breadcrumb","itemListElement":[{"@type":"ListItem","position":1,"name":"Accueil","item":"https:\/\/www.latribunedufaso.net\/"},{"@type":"ListItem","position":2,"name":"Assembl\u00e9e sectorielle 2021 du secteur \u00ab\u00a0Environnement, eau et assainissement\u00a0\u00bb : 25 projets sous le coup de l&#8217;\u00e9valuation"}]},{"@type":"WebSite","@id":"https:\/\/www.latribunedufaso.net\/#website","url":"https:\/\/www.latribunedufaso.net\/","name":"La Tribune du Faso","description":"L&#039;information du monde rural en un clic","publisher":{"@id":"https:\/\/www.latribunedufaso.net\/#organization"},"potentialAction":[{"@type":"SearchAction","target":{"@type":"EntryPoint","urlTemplate":"https:\/\/www.latribunedufaso.net\/?s={search_term_string}"},"query-input":{"@type":"PropertyValueSpecification","valueRequired":true,"valueName":"search_term_string"}}],"inLanguage":"fr-FR"},{"@type":"Organization","@id":"https:\/\/www.latribunedufaso.net\/#organization","name":"La Tribune du Faso","url":"https:\/\/www.latribunedufaso.net\/","logo":{"@type":"ImageObject","inLanguage":"fr-FR","@id":"https:\/\/www.latribunedufaso.net\/#\/schema\/logo\/image\/","url":"https:\/\/www.latribunedufaso.net\/wp-content\/uploads\/2020\/08\/Logo-Tribune-du-Faso-final-scaled.jpg","contentUrl":"https:\/\/www.latribunedufaso.net\/wp-content\/uploads\/2020\/08\/Logo-Tribune-du-Faso-final-scaled.jpg","width":2560,"height":1856,"caption":"La Tribune du Faso"},"image":{"@id":"https:\/\/www.latribunedufaso.net\/#\/schema\/logo\/image\/"},"sameAs":["https:\/\/www.facebook.com\/LatribuneduFaso\/"]},{"@type":"Person","@id":"https:\/\/www.latribunedufaso.net\/#\/schema\/person\/a380782d0605bb8aae27c40ea93b35b1","name":"Administrateur","image":{"@type":"ImageObject","inLanguage":"fr-FR","@id":"https:\/\/secure.gravatar.com\/avatar\/e20266f97d741f0e80ba1f60283074a9b3317fd7bfb727e0d95b51dafbf854a1?s=96&d=mm&r=g","url":"https:\/\/secure.gravatar.com\/avatar\/e20266f97d741f0e80ba1f60283074a9b3317fd7bfb727e0d95b51dafbf854a1?s=96&d=mm&r=g","contentUrl":"https:\/\/secure.gravatar.com\/avatar\/e20266f97d741f0e80ba1f60283074a9b3317fd7bfb727e0d95b51dafbf854a1?s=96&d=mm&r=g","caption":"Administrateur"},"url":"https:\/\/www.latribunedufaso.net\/?author=2"}]}},"_links":{"self":[{"href":"https:\/\/www.latribunedufaso.net\/index.php?rest_route=\/wp\/v2\/posts\/3503","targetHints":{"allow":["GET"]}}],"collection":[{"href":"https:\/\/www.latribunedufaso.net\/index.php?rest_route=\/wp\/v2\/posts"}],"about":[{"href":"https:\/\/www.latribunedufaso.net\/index.php?rest_route=\/wp\/v2\/types\/post"}],"author":[{"embeddable":true,"href":"https:\/\/www.latribunedufaso.net\/index.php?rest_route=\/wp\/v2\/users\/2"}],"replies":[{"embeddable":true,"href":"https:\/\/www.latribunedufaso.net\/index.php?rest_route=%2Fwp%2Fv2%2Fcomments&post=3503"}],"version-history":[{"count":1,"href":"https:\/\/www.latribunedufaso.net\/index.php?rest_route=\/wp\/v2\/posts\/3503\/revisions"}],"predecessor-version":[{"id":3509,"href":"https:\/\/www.latribunedufaso.net\/index.php?rest_route=\/wp\/v2\/posts\/3503\/revisions\/3509"}],"wp:featuredmedia":[{"embeddable":true,"href":"https:\/\/www.latribunedufaso.net\/index.php?rest_route=\/wp\/v2\/media\/3504"}],"wp:attachment":[{"href":"https:\/\/www.latribunedufaso.net\/index.php?rest_route=%2Fwp%2Fv2%2Fmedia&parent=3503"}],"wp:term":[{"taxonomy":"category","embeddable":true,"href":"https:\/\/www.latribunedufaso.net\/index.php?rest_route=%2Fwp%2Fv2%2Fcategories&post=3503"},{"taxonomy":"post_tag","embeddable":true,"href":"https:\/\/www.latribunedufaso.net\/index.php?rest_route=%2Fwp%2Fv2%2Ftags&post=3503"}],"curies":[{"name":"wp","href":"https:\/\/api.w.org\/{rel}","templated":true}]}}