{"id":3389,"date":"2021-06-02T10:26:45","date_gmt":"2021-06-02T10:26:45","guid":{"rendered":"https:\/\/www.latribunedufaso.net\/?p=3389"},"modified":"2021-06-02T10:26:45","modified_gmt":"2021-06-02T10:26:45","slug":"elections-consulaires-2021-de-la-cma-bf-un-taux-global-de-participation-satisfaisant","status":"publish","type":"post","link":"https:\/\/www.latribunedufaso.net\/?p=3389","title":{"rendered":"Elections consulaires 2021 de la CMA-BF: Un taux global de participation \u00absatisfaisant\u00bb"},"content":{"rendered":"<p><strong><span style=\"font-size: 1.0625rem;\">Quarante-huit (48) heures apr\u00e8s la tenue des \u00e9lections consulaires 2021 de la Chambre des m\u00e9tiers de l&rsquo;artisanat du Burkina Faso (CMA-BF), les r\u00e9sultats provisoires ont \u00e9t\u00e9 d\u00e9voil\u00e9s dans la soir\u00e9e de ce mardi 1er juin 2021, \u00e0 Ouagadougou. Cela en pr\u00e9sence de la ministre d\u00e9l\u00e9gu\u00e9e aupr\u00e8s du ministre de l\u2019industrie, du commerce et de l\u2019artisanat, charg\u00e9 de l\u2019artisanat, Louise Anne Go.<\/span><\/strong><br \/>\n<!--more--><\/p>\n<p><a href=\"https:\/\/latribunedufaso.net\/wp-content\/uploads\/2021\/06\/IMG-20210602-WA0000.jpg\"><img loading=\"lazy\" decoding=\"async\" class=\"size-medium wp-image-3384 aligncenter\" src=\"https:\/\/latribunedufaso.net\/wp-content\/uploads\/2021\/06\/IMG-20210602-WA0000-300x135.jpg\" alt=\"\" width=\"300\" height=\"135\" srcset=\"https:\/\/www.latribunedufaso.net\/wp-content\/uploads\/2021\/06\/IMG-20210602-WA0000-300x135.jpg 300w, https:\/\/www.latribunedufaso.net\/wp-content\/uploads\/2021\/06\/IMG-20210602-WA0000-1024x461.jpg 1024w, https:\/\/www.latribunedufaso.net\/wp-content\/uploads\/2021\/06\/IMG-20210602-WA0000-768x346.jpg 768w, https:\/\/www.latribunedufaso.net\/wp-content\/uploads\/2021\/06\/IMG-20210602-WA0000.jpg 1080w\" sizes=\"auto, (max-width: 300px) 100vw, 300px\" \/><\/a>Les r\u00e9sultats ont \u00e9t\u00e9 donn\u00e9s, pour la premi\u00e8re cat\u00e9gorie, coll\u00e8ge des activit\u00e9s, par branche et par r\u00e9gion. L&rsquo;on retient pour cette cat\u00e9gorie 66 \u00e9lus avec 5 015 inscrits, 3\u00a0065 votants, 3\u00a0006 suffrages exprim\u00e9s, 59 bulletins nuls et un taux de participation de 66,51%. Pour la seconde cat\u00e9gorie, coll\u00e8ge des Organisations professionnelles d&rsquo;artisans (OPA) de base, la proclamation a uniquement concern\u00e9 les r\u00e9gions. Quatorze (14) \u00e9lus y sont totalis\u00e9s. En termes de statistiques de vote, 5 202 inscrits, 2\u00a0699 votants, 2\u00a0665 suffrages exprim\u00e9s, 34 bulletins nuls et un taux de participation de 42,69%.<\/p>\n<p>La ministre d\u00e9l\u00e9gu\u00e9e aupr\u00e8s du ministre de l\u2019industrie, du commerce et de l\u2019artisanat, charg\u00e9 de l\u2019artisanat, Louise Anne Go, a remerci\u00e9 le comit\u00e9 d\u2019organisation de ces \u00e9lections consulaires de la Chambre des m\u00e9tiers de l\u2019artisanat (CMA-BF) et toutes les commissions qui ont compos\u00e9 ce comit\u00e9 d\u2019organisation pour le travail abattu. Aussi a-t-elle souhait\u00e9, que tous, accepte les r\u00e9sultats provisoirement proclam\u00e9s. \u00ab\u00a0Je souhaite que tous les artisans qui ont \u00e9t\u00e9 candidats, qui sont proclam\u00e9s \u00e9lus et ceux qui ne le sont pas, que chacun prenne les r\u00e9sultats comme tels\u00a0\u00bb, a-t-elle indiqu\u00e9, esp\u00e9rant que la nouvelle \u00e9quipe, qui est en train d\u2019\u00eatre mise en place pour la 3e mandature de la CMA-BF, pourra mener \u00e0 bien la mission qui lui est d\u00e9volue et qu\u2019ensemble pourront-ils faire la promotion de l\u2019artisanat au Burkina Faso.<\/p>\n<p>La prochaine \u00e9tape apr\u00e8s la proclamation de ces r\u00e9sultats provisoires sera celle des r\u00e9clamations, fait savoir la ministre d\u00e9l\u00e9gu\u00e9e. \u00ab\u00a0Apr\u00e8s cette proclamation, nous allons laisser trois (03) jours le temps aux artisans \u00e9lus et non \u00e9lus de pouvoir faire des r\u00e9clamations et s\u2019il y a des r\u00e9clamations, le tribunal pourra d\u00e9cider si oui ou non ces r\u00e9clamations sont fond\u00e9es\u00a0\u00bb, a-t-elle d\u00e9clar\u00e9. Au bout des trois jours apr\u00e8s les r\u00e9clamations, poursuit la ministre d\u00e9l\u00e9gu\u00e9e, c\u2019est le ministre de l\u2019industrie, du commerce et de l\u2019artisanat qui va prendre un arr\u00eat\u00e9 pour proclamer de mani\u00e8re d\u00e9finitive ces r\u00e9sultats.<\/p>\n<p>La pr\u00e9sidente de la Commission d&rsquo;organisation desdites \u00e9lections, Gis\u00e8le Sagnon\/Sawadogo, fait remarquer qu\u2019en d\u00e9pit des difficult\u00e9s ayant \u00e9maill\u00e9 le scrutin, toute son \u00e9quipe a pu parvenir \u00e0 rendre disponibles les r\u00e9sultats pour leur proclamation. \u00ab\u00a0Dans toutes organisations, il y a des difficult\u00e9s. Il y a eu des difficult\u00e9s mat\u00e9riels, des difficult\u00e9s li\u00e9s au facteur temps, mais gr\u00e2ce \u00e0 Dieu nous avons pu parvenir \u00e0 ces r\u00e9sultats que nous avons proclam\u00e9s\u00a0\u00bb, a-t-elle dit.<\/p>\n<p>Pour rappel, c&rsquo;est le dimanche 30 mai 2021 que se sont d\u00e9roul\u00e9es les \u00e9lections. Les \u00e9lecteurs, r\u00e9partis dans 41 bureaux de vote, \u00e9taient appel\u00e9s \u00e0 \u00e9lire 95 \u00e9lus consulaires pour la mandature 2021-2026.<\/p>\n<p><strong>Tambi Serge Pac\u00f4me Zongo<\/strong><br \/>\n<strong>Latribunedufaso.net<\/strong><\/p>\n","protected":false},"excerpt":{"rendered":"<p>Quarante-huit (48) heures apr\u00e8s la tenue des \u00e9lections consulaires 2021 de la Chambre des m\u00e9tiers de l&rsquo;artisanat du Burkina Faso (CMA-BF), les r\u00e9sultats provisoires ont \u00e9t\u00e9 d\u00e9voil\u00e9s dans la soir\u00e9e de ce mardi 1er juin 2021, \u00e0 Ouagadougou. Cela en pr\u00e9sence de la ministre d\u00e9l\u00e9gu\u00e9e aupr\u00e8s du ministre de l\u2019industrie, du commerce et de l\u2019artisanat, charg\u00e9 de l\u2019artisanat, Louise Anne Go.<\/p>\n","protected":false},"author":2,"featured_media":3383,"comment_status":"open","ping_status":"open","sticky":false,"template":"","format":"standard","meta":{"footnotes":""},"categories":[13,1,10],"tags":[],"class_list":["post-3389","post","type-post","status-publish","format-standard","has-post-thumbnail","hentry","category-une","category-actu","category-eco"],"yoast_head":"<!-- This site is optimized with the Yoast SEO plugin v27.5 - https:\/\/yoast.com\/product\/yoast-seo-wordpress\/ -->\n<title>Elections consulaires 2021 de la CMA-BF: Un taux global de participation \u00absatisfaisant\u00bb - La Tribune du Faso<\/title>\n<meta name=\"robots\" content=\"index, follow, max-snippet:-1, max-image-preview:large, max-video-preview:-1\" \/>\n<link rel=\"canonical\" href=\"https:\/\/www.latribunedufaso.net\/?p=3389\" \/>\n<meta property=\"og:locale\" content=\"fr_FR\" \/>\n<meta property=\"og:type\" content=\"article\" \/>\n<meta property=\"og:title\" content=\"Elections consulaires 2021 de la CMA-BF: Un taux global de participation \u00absatisfaisant\u00bb - La Tribune du Faso\" \/>\n<meta property=\"og:description\" content=\"Quarante-huit (48) heures apr\u00e8s la tenue des \u00e9lections consulaires 2021 de la Chambre des m\u00e9tiers de l&rsquo;artisanat du Burkina Faso (CMA-BF), les r\u00e9sultats provisoires ont \u00e9t\u00e9 d\u00e9voil\u00e9s dans la soir\u00e9e de ce mardi 1er juin 2021, \u00e0 Ouagadougou. Cela en pr\u00e9sence de la ministre d\u00e9l\u00e9gu\u00e9e aupr\u00e8s du ministre de l\u2019industrie, du commerce et de l\u2019artisanat, charg\u00e9 de l\u2019artisanat, Louise Anne Go.\" \/>\n<meta property=\"og:url\" content=\"https:\/\/www.latribunedufaso.net\/?p=3389\" \/>\n<meta property=\"og:site_name\" content=\"La Tribune du Faso\" \/>\n<meta property=\"article:publisher\" content=\"https:\/\/www.facebook.com\/LatribuneduFaso\/\" \/>\n<meta property=\"article:published_time\" content=\"2021-06-02T10:26:45+00:00\" \/>\n<meta property=\"og:image\" content=\"https:\/\/latribunedufaso.net\/wp-content\/uploads\/2021\/06\/IMG-20210602-WA0001.jpg\" \/>\n\t<meta property=\"og:image:width\" content=\"1040\" \/>\n\t<meta property=\"og:image:height\" content=\"780\" \/>\n\t<meta property=\"og:image:type\" content=\"image\/jpeg\" \/>\n<meta name=\"author\" content=\"Administrateur\" \/>\n<meta name=\"twitter:label1\" content=\"\u00c9crit par\" \/>\n\t<meta name=\"twitter:data1\" content=\"Administrateur\" \/>\n\t<meta name=\"twitter:label2\" content=\"Dur\u00e9e de lecture estim\u00e9e\" \/>\n\t<meta name=\"twitter:data2\" content=\"3 minutes\" \/>\n<script type=\"application\/ld+json\" class=\"yoast-schema-graph\">{\"@context\":\"https:\\\/\\\/schema.org\",\"@graph\":[{\"@type\":\"Article\",\"@id\":\"https:\\\/\\\/www.latribunedufaso.net\\\/?p=3389#article\",\"isPartOf\":{\"@id\":\"https:\\\/\\\/www.latribunedufaso.net\\\/?p=3389\"},\"author\":{\"name\":\"Administrateur\",\"@id\":\"https:\\\/\\\/www.latribunedufaso.net\\\/#\\\/schema\\\/person\\\/a380782d0605bb8aae27c40ea93b35b1\"},\"headline\":\"Elections consulaires 2021 de la CMA-BF: Un taux global de participation \u00absatisfaisant\u00bb\",\"datePublished\":\"2021-06-02T10:26:45+00:00\",\"mainEntityOfPage\":{\"@id\":\"https:\\\/\\\/www.latribunedufaso.net\\\/?p=3389\"},\"wordCount\":572,\"commentCount\":0,\"publisher\":{\"@id\":\"https:\\\/\\\/www.latribunedufaso.net\\\/#organization\"},\"image\":{\"@id\":\"https:\\\/\\\/www.latribunedufaso.net\\\/?p=3389#primaryimage\"},\"thumbnailUrl\":\"https:\\\/\\\/www.latribunedufaso.net\\\/wp-content\\\/uploads\\\/2021\\\/06\\\/IMG-20210602-WA0001.jpg\",\"articleSection\":[\"A la une\",\"Actualit\u00e9\",\"Economie\"],\"inLanguage\":\"fr-FR\",\"potentialAction\":[{\"@type\":\"CommentAction\",\"name\":\"Comment\",\"target\":[\"https:\\\/\\\/www.latribunedufaso.net\\\/?p=3389#respond\"]}]},{\"@type\":\"WebPage\",\"@id\":\"https:\\\/\\\/www.latribunedufaso.net\\\/?p=3389\",\"url\":\"https:\\\/\\\/www.latribunedufaso.net\\\/?p=3389\",\"name\":\"Elections consulaires 2021 de la CMA-BF: Un taux global de participation \u00absatisfaisant\u00bb - La Tribune du Faso\",\"isPartOf\":{\"@id\":\"https:\\\/\\\/www.latribunedufaso.net\\\/#website\"},\"primaryImageOfPage\":{\"@id\":\"https:\\\/\\\/www.latribunedufaso.net\\\/?p=3389#primaryimage\"},\"image\":{\"@id\":\"https:\\\/\\\/www.latribunedufaso.net\\\/?p=3389#primaryimage\"},\"thumbnailUrl\":\"https:\\\/\\\/www.latribunedufaso.net\\\/wp-content\\\/uploads\\\/2021\\\/06\\\/IMG-20210602-WA0001.jpg\",\"datePublished\":\"2021-06-02T10:26:45+00:00\",\"breadcrumb\":{\"@id\":\"https:\\\/\\\/www.latribunedufaso.net\\\/?p=3389#breadcrumb\"},\"inLanguage\":\"fr-FR\",\"potentialAction\":[{\"@type\":\"ReadAction\",\"target\":[\"https:\\\/\\\/www.latribunedufaso.net\\\/?p=3389\"]}]},{\"@type\":\"ImageObject\",\"inLanguage\":\"fr-FR\",\"@id\":\"https:\\\/\\\/www.latribunedufaso.net\\\/?p=3389#primaryimage\",\"url\":\"https:\\\/\\\/www.latribunedufaso.net\\\/wp-content\\\/uploads\\\/2021\\\/06\\\/IMG-20210602-WA0001.jpg\",\"contentUrl\":\"https:\\\/\\\/www.latribunedufaso.net\\\/wp-content\\\/uploads\\\/2021\\\/06\\\/IMG-20210602-WA0001.jpg\",\"width\":1040,\"height\":780},{\"@type\":\"BreadcrumbList\",\"@id\":\"https:\\\/\\\/www.latribunedufaso.net\\\/?p=3389#breadcrumb\",\"itemListElement\":[{\"@type\":\"ListItem\",\"position\":1,\"name\":\"Accueil\",\"item\":\"https:\\\/\\\/www.latribunedufaso.net\\\/\"},{\"@type\":\"ListItem\",\"position\":2,\"name\":\"Elections consulaires 2021 de la CMA-BF: Un taux global de participation \u00absatisfaisant\u00bb\"}]},{\"@type\":\"WebSite\",\"@id\":\"https:\\\/\\\/www.latribunedufaso.net\\\/#website\",\"url\":\"https:\\\/\\\/www.latribunedufaso.net\\\/\",\"name\":\"La Tribune du Faso\",\"description\":\"L&#039;information du monde rural en un clic\",\"publisher\":{\"@id\":\"https:\\\/\\\/www.latribunedufaso.net\\\/#organization\"},\"potentialAction\":[{\"@type\":\"SearchAction\",\"target\":{\"@type\":\"EntryPoint\",\"urlTemplate\":\"https:\\\/\\\/www.latribunedufaso.net\\\/?s={search_term_string}\"},\"query-input\":{\"@type\":\"PropertyValueSpecification\",\"valueRequired\":true,\"valueName\":\"search_term_string\"}}],\"inLanguage\":\"fr-FR\"},{\"@type\":\"Organization\",\"@id\":\"https:\\\/\\\/www.latribunedufaso.net\\\/#organization\",\"name\":\"La Tribune du Faso\",\"url\":\"https:\\\/\\\/www.latribunedufaso.net\\\/\",\"logo\":{\"@type\":\"ImageObject\",\"inLanguage\":\"fr-FR\",\"@id\":\"https:\\\/\\\/www.latribunedufaso.net\\\/#\\\/schema\\\/logo\\\/image\\\/\",\"url\":\"https:\\\/\\\/www.latribunedufaso.net\\\/wp-content\\\/uploads\\\/2020\\\/08\\\/Logo-Tribune-du-Faso-final-scaled.jpg\",\"contentUrl\":\"https:\\\/\\\/www.latribunedufaso.net\\\/wp-content\\\/uploads\\\/2020\\\/08\\\/Logo-Tribune-du-Faso-final-scaled.jpg\",\"width\":2560,\"height\":1856,\"caption\":\"La Tribune du Faso\"},\"image\":{\"@id\":\"https:\\\/\\\/www.latribunedufaso.net\\\/#\\\/schema\\\/logo\\\/image\\\/\"},\"sameAs\":[\"https:\\\/\\\/www.facebook.com\\\/LatribuneduFaso\\\/\"]},{\"@type\":\"Person\",\"@id\":\"https:\\\/\\\/www.latribunedufaso.net\\\/#\\\/schema\\\/person\\\/a380782d0605bb8aae27c40ea93b35b1\",\"name\":\"Administrateur\",\"image\":{\"@type\":\"ImageObject\",\"inLanguage\":\"fr-FR\",\"@id\":\"https:\\\/\\\/secure.gravatar.com\\\/avatar\\\/e20266f97d741f0e80ba1f60283074a9b3317fd7bfb727e0d95b51dafbf854a1?s=96&d=mm&r=g\",\"url\":\"https:\\\/\\\/secure.gravatar.com\\\/avatar\\\/e20266f97d741f0e80ba1f60283074a9b3317fd7bfb727e0d95b51dafbf854a1?s=96&d=mm&r=g\",\"contentUrl\":\"https:\\\/\\\/secure.gravatar.com\\\/avatar\\\/e20266f97d741f0e80ba1f60283074a9b3317fd7bfb727e0d95b51dafbf854a1?s=96&d=mm&r=g\",\"caption\":\"Administrateur\"},\"url\":\"https:\\\/\\\/www.latribunedufaso.net\\\/?author=2\"}]}<\/script>\n<!-- \/ Yoast SEO plugin. -->","yoast_head_json":{"title":"Elections consulaires 2021 de la CMA-BF: Un taux global de participation \u00absatisfaisant\u00bb - La Tribune du Faso","robots":{"index":"index","follow":"follow","max-snippet":"max-snippet:-1","max-image-preview":"max-image-preview:large","max-video-preview":"max-video-preview:-1"},"canonical":"https:\/\/www.latribunedufaso.net\/?p=3389","og_locale":"fr_FR","og_type":"article","og_title":"Elections consulaires 2021 de la CMA-BF: Un taux global de participation \u00absatisfaisant\u00bb - La Tribune du Faso","og_description":"Quarante-huit (48) heures apr\u00e8s la tenue des \u00e9lections consulaires 2021 de la Chambre des m\u00e9tiers de l&rsquo;artisanat du Burkina Faso (CMA-BF), les r\u00e9sultats provisoires ont \u00e9t\u00e9 d\u00e9voil\u00e9s dans la soir\u00e9e de ce mardi 1er juin 2021, \u00e0 Ouagadougou. Cela en pr\u00e9sence de la ministre d\u00e9l\u00e9gu\u00e9e aupr\u00e8s du ministre de l\u2019industrie, du commerce et de l\u2019artisanat, charg\u00e9 de l\u2019artisanat, Louise Anne Go.","og_url":"https:\/\/www.latribunedufaso.net\/?p=3389","og_site_name":"La Tribune du Faso","article_publisher":"https:\/\/www.facebook.com\/LatribuneduFaso\/","article_published_time":"2021-06-02T10:26:45+00:00","og_image":[{"width":1040,"height":780,"url":"https:\/\/latribunedufaso.net\/wp-content\/uploads\/2021\/06\/IMG-20210602-WA0001.jpg","type":"image\/jpeg"}],"author":"Administrateur","twitter_misc":{"\u00c9crit par":"Administrateur","Dur\u00e9e de lecture estim\u00e9e":"3 minutes"},"schema":{"@context":"https:\/\/schema.org","@graph":[{"@type":"Article","@id":"https:\/\/www.latribunedufaso.net\/?p=3389#article","isPartOf":{"@id":"https:\/\/www.latribunedufaso.net\/?p=3389"},"author":{"name":"Administrateur","@id":"https:\/\/www.latribunedufaso.net\/#\/schema\/person\/a380782d0605bb8aae27c40ea93b35b1"},"headline":"Elections consulaires 2021 de la CMA-BF: Un taux global de participation \u00absatisfaisant\u00bb","datePublished":"2021-06-02T10:26:45+00:00","mainEntityOfPage":{"@id":"https:\/\/www.latribunedufaso.net\/?p=3389"},"wordCount":572,"commentCount":0,"publisher":{"@id":"https:\/\/www.latribunedufaso.net\/#organization"},"image":{"@id":"https:\/\/www.latribunedufaso.net\/?p=3389#primaryimage"},"thumbnailUrl":"https:\/\/www.latribunedufaso.net\/wp-content\/uploads\/2021\/06\/IMG-20210602-WA0001.jpg","articleSection":["A la une","Actualit\u00e9","Economie"],"inLanguage":"fr-FR","potentialAction":[{"@type":"CommentAction","name":"Comment","target":["https:\/\/www.latribunedufaso.net\/?p=3389#respond"]}]},{"@type":"WebPage","@id":"https:\/\/www.latribunedufaso.net\/?p=3389","url":"https:\/\/www.latribunedufaso.net\/?p=3389","name":"Elections consulaires 2021 de la CMA-BF: Un taux global de participation \u00absatisfaisant\u00bb - La Tribune du Faso","isPartOf":{"@id":"https:\/\/www.latribunedufaso.net\/#website"},"primaryImageOfPage":{"@id":"https:\/\/www.latribunedufaso.net\/?p=3389#primaryimage"},"image":{"@id":"https:\/\/www.latribunedufaso.net\/?p=3389#primaryimage"},"thumbnailUrl":"https:\/\/www.latribunedufaso.net\/wp-content\/uploads\/2021\/06\/IMG-20210602-WA0001.jpg","datePublished":"2021-06-02T10:26:45+00:00","breadcrumb":{"@id":"https:\/\/www.latribunedufaso.net\/?p=3389#breadcrumb"},"inLanguage":"fr-FR","potentialAction":[{"@type":"ReadAction","target":["https:\/\/www.latribunedufaso.net\/?p=3389"]}]},{"@type":"ImageObject","inLanguage":"fr-FR","@id":"https:\/\/www.latribunedufaso.net\/?p=3389#primaryimage","url":"https:\/\/www.latribunedufaso.net\/wp-content\/uploads\/2021\/06\/IMG-20210602-WA0001.jpg","contentUrl":"https:\/\/www.latribunedufaso.net\/wp-content\/uploads\/2021\/06\/IMG-20210602-WA0001.jpg","width":1040,"height":780},{"@type":"BreadcrumbList","@id":"https:\/\/www.latribunedufaso.net\/?p=3389#breadcrumb","itemListElement":[{"@type":"ListItem","position":1,"name":"Accueil","item":"https:\/\/www.latribunedufaso.net\/"},{"@type":"ListItem","position":2,"name":"Elections consulaires 2021 de la CMA-BF: Un taux global de participation \u00absatisfaisant\u00bb"}]},{"@type":"WebSite","@id":"https:\/\/www.latribunedufaso.net\/#website","url":"https:\/\/www.latribunedufaso.net\/","name":"La Tribune du Faso","description":"L&#039;information du monde rural en un clic","publisher":{"@id":"https:\/\/www.latribunedufaso.net\/#organization"},"potentialAction":[{"@type":"SearchAction","target":{"@type":"EntryPoint","urlTemplate":"https:\/\/www.latribunedufaso.net\/?s={search_term_string}"},"query-input":{"@type":"PropertyValueSpecification","valueRequired":true,"valueName":"search_term_string"}}],"inLanguage":"fr-FR"},{"@type":"Organization","@id":"https:\/\/www.latribunedufaso.net\/#organization","name":"La Tribune du Faso","url":"https:\/\/www.latribunedufaso.net\/","logo":{"@type":"ImageObject","inLanguage":"fr-FR","@id":"https:\/\/www.latribunedufaso.net\/#\/schema\/logo\/image\/","url":"https:\/\/www.latribunedufaso.net\/wp-content\/uploads\/2020\/08\/Logo-Tribune-du-Faso-final-scaled.jpg","contentUrl":"https:\/\/www.latribunedufaso.net\/wp-content\/uploads\/2020\/08\/Logo-Tribune-du-Faso-final-scaled.jpg","width":2560,"height":1856,"caption":"La Tribune du Faso"},"image":{"@id":"https:\/\/www.latribunedufaso.net\/#\/schema\/logo\/image\/"},"sameAs":["https:\/\/www.facebook.com\/LatribuneduFaso\/"]},{"@type":"Person","@id":"https:\/\/www.latribunedufaso.net\/#\/schema\/person\/a380782d0605bb8aae27c40ea93b35b1","name":"Administrateur","image":{"@type":"ImageObject","inLanguage":"fr-FR","@id":"https:\/\/secure.gravatar.com\/avatar\/e20266f97d741f0e80ba1f60283074a9b3317fd7bfb727e0d95b51dafbf854a1?s=96&d=mm&r=g","url":"https:\/\/secure.gravatar.com\/avatar\/e20266f97d741f0e80ba1f60283074a9b3317fd7bfb727e0d95b51dafbf854a1?s=96&d=mm&r=g","contentUrl":"https:\/\/secure.gravatar.com\/avatar\/e20266f97d741f0e80ba1f60283074a9b3317fd7bfb727e0d95b51dafbf854a1?s=96&d=mm&r=g","caption":"Administrateur"},"url":"https:\/\/www.latribunedufaso.net\/?author=2"}]}},"_links":{"self":[{"href":"https:\/\/www.latribunedufaso.net\/index.php?rest_route=\/wp\/v2\/posts\/3389","targetHints":{"allow":["GET"]}}],"collection":[{"href":"https:\/\/www.latribunedufaso.net\/index.php?rest_route=\/wp\/v2\/posts"}],"about":[{"href":"https:\/\/www.latribunedufaso.net\/index.php?rest_route=\/wp\/v2\/types\/post"}],"author":[{"embeddable":true,"href":"https:\/\/www.latribunedufaso.net\/index.php?rest_route=\/wp\/v2\/users\/2"}],"replies":[{"embeddable":true,"href":"https:\/\/www.latribunedufaso.net\/index.php?rest_route=%2Fwp%2Fv2%2Fcomments&post=3389"}],"version-history":[{"count":1,"href":"https:\/\/www.latribunedufaso.net\/index.php?rest_route=\/wp\/v2\/posts\/3389\/revisions"}],"predecessor-version":[{"id":3390,"href":"https:\/\/www.latribunedufaso.net\/index.php?rest_route=\/wp\/v2\/posts\/3389\/revisions\/3390"}],"wp:featuredmedia":[{"embeddable":true,"href":"https:\/\/www.latribunedufaso.net\/index.php?rest_route=\/wp\/v2\/media\/3383"}],"wp:attachment":[{"href":"https:\/\/www.latribunedufaso.net\/index.php?rest_route=%2Fwp%2Fv2%2Fmedia&parent=3389"}],"wp:term":[{"taxonomy":"category","embeddable":true,"href":"https:\/\/www.latribunedufaso.net\/index.php?rest_route=%2Fwp%2Fv2%2Fcategories&post=3389"},{"taxonomy":"post_tag","embeddable":true,"href":"https:\/\/www.latribunedufaso.net\/index.php?rest_route=%2Fwp%2Fv2%2Ftags&post=3389"}],"curies":[{"name":"wp","href":"https:\/\/api.w.org\/{rel}","templated":true}]}}